{"id":14739,"date":"2018-11-02T08:31:49","date_gmt":"2018-11-02T07:31:49","guid":{"rendered":"https:\/\/www.immobilienbusiness.ch\/?p=14739"},"modified":"2018-11-02T08:31:49","modified_gmt":"2018-11-02T07:31:49","slug":"lausanne-grundsteinlegung-fuer-moxy-hotel","status":"publish","type":"post","link":"https:\/\/www.immobilienbusiness.ch\/fr\/regionen\/2018-11-02\/lausanne-grundsteinlegung-fuer-moxy-hotel\/","title":{"rendered":"Lausanne : Pose de la premi\u00e8re pierre de l'h\u00f4tel Moxy"},"content":{"rendered":"<figure id=\"attachment_14743\" aria-describedby=\"caption-attachment-14743\" style=\"width: 680px\" class=\"wp-caption alignnone\"><img loading=\"lazy\" decoding=\"async\" class=\"size-medium wp-image-14743\" src=\"https:\/\/www.immobilienbusiness.ch\/wp-content\/uploads\/2018\/11\/Image_Moxy_Localarchitecture.jpg\" alt=\"\" width=\"680\" height=\"518\" srcset=\"https:\/\/www.immobilienbusiness.ch\/wp-content\/uploads\/2018\/11\/Image_Moxy_Localarchitecture.jpg 2560w, https:\/\/www.immobilienbusiness.ch\/wp-content\/uploads\/2018\/11\/Image_Moxy_Localarchitecture-300x229.jpg 300w, https:\/\/www.immobilienbusiness.ch\/wp-content\/uploads\/2018\/11\/Image_Moxy_Localarchitecture-1024x781.jpg 1024w, https:\/\/www.immobilienbusiness.ch\/wp-content\/uploads\/2018\/11\/Image_Moxy_Localarchitecture-768x585.jpg 768w, https:\/\/www.immobilienbusiness.ch\/wp-content\/uploads\/2018\/11\/Image_Moxy_Localarchitecture-1536x1171.jpg 1536w, https:\/\/www.immobilienbusiness.ch\/wp-content\/uploads\/2018\/11\/Image_Moxy_Localarchitecture-2048x1561.jpg 2048w, https:\/\/www.immobilienbusiness.ch\/wp-content\/uploads\/2018\/11\/Image_Moxy_Localarchitecture-16x12.jpg 16w, https:\/\/www.immobilienbusiness.ch\/wp-content\/uploads\/2018\/11\/Image_Moxy_Localarchitecture-230x175.jpg 230w, https:\/\/www.immobilienbusiness.ch\/wp-content\/uploads\/2018\/11\/Image_Moxy_Localarchitecture-459x350.jpg 459w, https:\/\/www.immobilienbusiness.ch\/wp-content\/uploads\/2018\/11\/Image_Moxy_Localarchitecture-1049x800.jpg 1049w, https:\/\/www.immobilienbusiness.ch\/wp-content\/uploads\/2018\/11\/Image_Moxy_Localarchitecture-920x701.jpg 920w, https:\/\/www.immobilienbusiness.ch\/wp-content\/uploads\/2018\/11\/Image_Moxy_Localarchitecture-1400x1067.jpg 1400w, https:\/\/www.immobilienbusiness.ch\/wp-content\/uploads\/2018\/11\/Image_Moxy_Localarchitecture-1837x1400.jpg 1837w\" sizes=\"auto, (max-width: 680px) 100vw, 680px\" \/><figcaption id=\"caption-attachment-14743\" class=\"wp-caption-text\">Le Moxy dans le quartier du Flon \u00e0 Lausanne (Visualisation : Localarchitecture)<\/figcaption><\/figure>\n<p>L'h\u00f4tel Moxy ouvrira ses portes \u00e0 la rue de la Vigie, dans le quartier du Flon \u00e0 Lausanne. Il comptera 113 chambres sur une surface totale de 3500 m\u00b2. L'exploitant de l'\u00e9tablissement est la soci\u00e9t\u00e9 SV Hotels, qui a \u00e9galement sous sa direction le Moxy de Berne, dont l'ouverture est pr\u00e9vue d\u00e9but 2020. Halter est l'entrepreneur g\u00e9n\u00e9ral du projet ; le propri\u00e9taire foncier est Mobimo, qui poss\u00e8de \u00e9galement l'ensemble du quartier du Flon.<\/p>\n<p>Le quartier est en grande partie interdit aux voitures, s'\u00e9tend sur 55.000 m\u00b2 et offre de nombreux magasins ainsi qu'une grande vari\u00e9t\u00e9 d'activit\u00e9s de loisirs, culturelles et gastronomiques.<\/p>\n<p>SV Hotel et Mobimo collaborent d\u00e9j\u00e0 dans d'autres domaines : \u00c0 Zurich, le groupe h\u00f4telier est locataire d'un immeuble de Mobimo, le Renaissance Z\u00fcrich Tower Hotel. <em>(ah)<\/em><\/p>","protected":false},"excerpt":{"rendered":"<p>Le premier h\u00f4tel de la marque Moxy en Suisse est en train de voir le jour dans le quartier du Flon \u00e0 Lausanne. SV Hotel et Mobimo en ont pos\u00e9 la premi\u00e8re pierre.<\/p>","protected":false},"author":3,"featured_media":14743,"comment_status":"open","ping_status":"open","sticky":false,"template":"","format":"standard","meta":{"_acf_changed":false,"_yoast_wpseo_focuskw":"Lausanne","_yoast_wpseo_title":"","_yoast_wpseo_metadesc":"Im Quartier du Flon in Lausanne entsteht das erste Hotel der Marke Moxy in der Schweiz. SV Hotel und Mobimo haben den Grundstein daf\u00fcr gelegt.","_yoast_wpseo_linkdex":69,"pgc_sgb_lightbox_settings":"","footnotes":""},"categories":[985],"tags":[1228,1286,1313,1438],"class_list":["post-14739","post","type-post","status-publish","format-standard","has-post-thumbnail","hentry","category-regionen","tag-flon","tag-grundsteinlegung","tag-hotel","tag-lausanne"],"acf":[],"yoast_head":"<!-- This site is optimized with the Yoast SEO plugin v27.4 - https:\/\/yoast.com\/product\/yoast-seo-wordpress\/ -->\n<title>Lausanne: Grundsteinlegung f\u00fcr Moxy-Hotel - IMMOBILIEN Business<\/title>\n<meta name=\"description\" content=\"Im Quartier du Flon in Lausanne entsteht das erste Hotel der Marke Moxy in der Schweiz. SV Hotel und Mobimo haben den Grundstein daf\u00fcr gelegt.\" \/>\n<meta name=\"robots\" content=\"index, follow, max-snippet:-1, max-image-preview:large, max-video-preview:-1\" \/>\n<link rel=\"canonical\" href=\"https:\/\/www.immobilienbusiness.ch\/fr\/regionen\/2018-11-02\/lausanne-grundsteinlegung-fuer-moxy-hotel\/\" \/>\n<meta property=\"og:locale\" content=\"fr_FR\" \/>\n<meta property=\"og:type\" content=\"article\" \/>\n<meta property=\"og:title\" content=\"Lausanne: Grundsteinlegung f\u00fcr Moxy-Hotel - IMMOBILIEN Business\" \/>\n<meta property=\"og:description\" content=\"Im Quartier du Flon in Lausanne entsteht das erste Hotel der Marke Moxy in der Schweiz. SV Hotel und Mobimo haben den Grundstein daf\u00fcr gelegt.\" \/>\n<meta property=\"og:url\" content=\"https:\/\/www.immobilienbusiness.ch\/fr\/regionen\/2018-11-02\/lausanne-grundsteinlegung-fuer-moxy-hotel\/\" \/>\n<meta property=\"og:site_name\" content=\"IMMOBILIEN Business\" \/>\n<meta property=\"article:publisher\" content=\"https:\/\/www.facebook.com\/immobilienbusiness\/\" \/>\n<meta property=\"article:published_time\" content=\"2018-11-02T07:31:49+00:00\" \/>\n<meta property=\"og:image\" content=\"https:\/\/www.immobilienbusiness.ch\/wp-content\/uploads\/2018\/11\/Image_Moxy_Localarchitecture-1024x781.jpg\" \/>\n\t<meta property=\"og:image:width\" content=\"1024\" \/>\n\t<meta property=\"og:image:height\" content=\"781\" \/>\n\t<meta property=\"og:image:type\" content=\"image\/jpeg\" \/>\n<meta name=\"author\" content=\"anja.hall\" \/>\n<meta name=\"twitter:card\" content=\"summary_large_image\" \/>\n<meta name=\"twitter:image\" content=\"https:\/\/www.immobilienbusiness.ch\/wp-content\/uploads\/2018\/11\/Image_Moxy_Localarchitecture.jpg\" \/>\n<script type=\"application\/ld+json\" class=\"yoast-schema-graph\">{\"@context\":\"https:\\\/\\\/schema.org\",\"@graph\":[{\"@type\":\"Article\",\"@id\":\"https:\\\/\\\/www.immobilienbusiness.ch\\\/regionen\\\/2018-11-02\\\/lausanne-grundsteinlegung-fuer-moxy-hotel\\\/#article\",\"isPartOf\":{\"@id\":\"https:\\\/\\\/www.immobilienbusiness.ch\\\/regionen\\\/2018-11-02\\\/lausanne-grundsteinlegung-fuer-moxy-hotel\\\/\"},\"author\":{\"name\":\"anja.hall\",\"@id\":\"https:\\\/\\\/www.immobilienbusiness.ch\\\/#\\\/schema\\\/person\\\/3fc036297b10b9f42d6db5ee932af8c8\"},\"headline\":\"Lausanne: Grundsteinlegung f\u00fcr Moxy-Hotel\",\"datePublished\":\"2018-11-02T07:31:49+00:00\",\"mainEntityOfPage\":{\"@id\":\"https:\\\/\\\/www.immobilienbusiness.ch\\\/regionen\\\/2018-11-02\\\/lausanne-grundsteinlegung-fuer-moxy-hotel\\\/\"},\"wordCount\":134,\"commentCount\":0,\"publisher\":{\"@id\":\"https:\\\/\\\/www.immobilienbusiness.ch\\\/#organization\"},\"image\":{\"@id\":\"https:\\\/\\\/www.immobilienbusiness.ch\\\/regionen\\\/2018-11-02\\\/lausanne-grundsteinlegung-fuer-moxy-hotel\\\/#primaryimage\"},\"thumbnailUrl\":\"https:\\\/\\\/www.immobilienbusiness.ch\\\/wp-content\\\/uploads\\\/2018\\\/11\\\/Image_Moxy_Localarchitecture.jpg\",\"keywords\":[\"Flon\",\"Grundsteinlegung\",\"Hotel\",\"Lausanne\"],\"articleSection\":[\"REGIONEN\"],\"inLanguage\":\"fr-FR\"},{\"@type\":\"WebPage\",\"@id\":\"https:\\\/\\\/www.immobilienbusiness.ch\\\/regionen\\\/2018-11-02\\\/lausanne-grundsteinlegung-fuer-moxy-hotel\\\/\",\"url\":\"https:\\\/\\\/www.immobilienbusiness.ch\\\/regionen\\\/2018-11-02\\\/lausanne-grundsteinlegung-fuer-moxy-hotel\\\/\",\"name\":\"Lausanne: Grundsteinlegung f\u00fcr Moxy-Hotel - IMMOBILIEN Business\",\"isPartOf\":{\"@id\":\"https:\\\/\\\/www.immobilienbusiness.ch\\\/#website\"},\"primaryImageOfPage\":{\"@id\":\"https:\\\/\\\/www.immobilienbusiness.ch\\\/regionen\\\/2018-11-02\\\/lausanne-grundsteinlegung-fuer-moxy-hotel\\\/#primaryimage\"},\"image\":{\"@id\":\"https:\\\/\\\/www.immobilienbusiness.ch\\\/regionen\\\/2018-11-02\\\/lausanne-grundsteinlegung-fuer-moxy-hotel\\\/#primaryimage\"},\"thumbnailUrl\":\"https:\\\/\\\/www.immobilienbusiness.ch\\\/wp-content\\\/uploads\\\/2018\\\/11\\\/Image_Moxy_Localarchitecture.jpg\",\"datePublished\":\"2018-11-02T07:31:49+00:00\",\"description\":\"Im Quartier du Flon in Lausanne entsteht das erste Hotel der Marke Moxy in der Schweiz. SV Hotel und Mobimo haben den Grundstein daf\u00fcr gelegt.\",\"breadcrumb\":{\"@id\":\"https:\\\/\\\/www.immobilienbusiness.ch\\\/regionen\\\/2018-11-02\\\/lausanne-grundsteinlegung-fuer-moxy-hotel\\\/#breadcrumb\"},\"inLanguage\":\"fr-FR\",\"potentialAction\":[{\"@type\":\"ReadAction\",\"target\":[\"https:\\\/\\\/www.immobilienbusiness.ch\\\/regionen\\\/2018-11-02\\\/lausanne-grundsteinlegung-fuer-moxy-hotel\\\/\"]}]},{\"@type\":\"ImageObject\",\"inLanguage\":\"fr-FR\",\"@id\":\"https:\\\/\\\/www.immobilienbusiness.ch\\\/regionen\\\/2018-11-02\\\/lausanne-grundsteinlegung-fuer-moxy-hotel\\\/#primaryimage\",\"url\":\"https:\\\/\\\/www.immobilienbusiness.ch\\\/wp-content\\\/uploads\\\/2018\\\/11\\\/Image_Moxy_Localarchitecture.jpg\",\"contentUrl\":\"https:\\\/\\\/www.immobilienbusiness.ch\\\/wp-content\\\/uploads\\\/2018\\\/11\\\/Image_Moxy_Localarchitecture.jpg\",\"width\":2560,\"height\":1951,\"caption\":\"Image_Moxy_Localarchitecture\"},{\"@type\":\"BreadcrumbList\",\"@id\":\"https:\\\/\\\/www.immobilienbusiness.ch\\\/regionen\\\/2018-11-02\\\/lausanne-grundsteinlegung-fuer-moxy-hotel\\\/#breadcrumb\",\"itemListElement\":[{\"@type\":\"ListItem\",\"position\":1,\"name\":\"Home\",\"item\":\"https:\\\/\\\/www.immobilienbusiness.ch\\\/\"},{\"@type\":\"ListItem\",\"position\":2,\"name\":\"Lausanne: Grundsteinlegung f\u00fcr Moxy-Hotel\"}]},{\"@type\":\"WebSite\",\"@id\":\"https:\\\/\\\/www.immobilienbusiness.ch\\\/#website\",\"url\":\"https:\\\/\\\/www.immobilienbusiness.ch\\\/\",\"name\":\"IMMOBILIEN Business\",\"description\":\"Unabh\u00e4ngiges Schweizer Wirtschaftsmagazin mit Fokus auf Immobilien, Architektur- und Bau sowie Investment- und Finanzierung.\",\"publisher\":{\"@id\":\"https:\\\/\\\/www.immobilienbusiness.ch\\\/#organization\"},\"potentialAction\":[{\"@type\":\"SearchAction\",\"target\":{\"@type\":\"EntryPoint\",\"urlTemplate\":\"https:\\\/\\\/www.immobilienbusiness.ch\\\/?s={search_term_string}\"},\"query-input\":{\"@type\":\"PropertyValueSpecification\",\"valueRequired\":true,\"valueName\":\"search_term_string\"}}],\"inLanguage\":\"fr-FR\"},{\"@type\":\"Organization\",\"@id\":\"https:\\\/\\\/www.immobilienbusiness.ch\\\/#organization\",\"name\":\"IMMOBILIEN Business\",\"url\":\"https:\\\/\\\/www.immobilienbusiness.ch\\\/\",\"logo\":{\"@type\":\"ImageObject\",\"inLanguage\":\"fr-FR\",\"@id\":\"https:\\\/\\\/www.immobilienbusiness.ch\\\/#\\\/schema\\\/logo\\\/image\\\/\",\"url\":\"https:\\\/\\\/www.immobilienbusiness.ch\\\/wp-content\\\/uploads\\\/2021\\\/07\\\/logo_ib.png\",\"contentUrl\":\"https:\\\/\\\/www.immobilienbusiness.ch\\\/wp-content\\\/uploads\\\/2021\\\/07\\\/logo_ib.png\",\"width\":800,\"height\":181,\"caption\":\"IMMOBILIEN Business\"},\"image\":{\"@id\":\"https:\\\/\\\/www.immobilienbusiness.ch\\\/#\\\/schema\\\/logo\\\/image\\\/\"},\"sameAs\":[\"https:\\\/\\\/www.facebook.com\\\/immobilienbusiness\\\/\"]},{\"@type\":\"Person\",\"@id\":\"https:\\\/\\\/www.immobilienbusiness.ch\\\/#\\\/schema\\\/person\\\/3fc036297b10b9f42d6db5ee932af8c8\",\"name\":\"anja.hall\",\"image\":{\"@type\":\"ImageObject\",\"inLanguage\":\"fr-FR\",\"@id\":\"https:\\\/\\\/secure.gravatar.com\\\/avatar\\\/066b5a0d447013502c71a5782f4f3469f03cfe595cc2329fb94652fe47511bfb?s=96&d=mm&r=g\",\"url\":\"https:\\\/\\\/secure.gravatar.com\\\/avatar\\\/066b5a0d447013502c71a5782f4f3469f03cfe595cc2329fb94652fe47511bfb?s=96&d=mm&r=g\",\"contentUrl\":\"https:\\\/\\\/secure.gravatar.com\\\/avatar\\\/066b5a0d447013502c71a5782f4f3469f03cfe595cc2329fb94652fe47511bfb?s=96&d=mm&r=g\",\"caption\":\"anja.hall\"},\"url\":\"https:\\\/\\\/www.immobilienbusiness.ch\\\/fr\\\/author\\\/anja-hall\\\/\"}]}<\/script>\n<!-- \/ Yoast SEO plugin. -->","yoast_head_json":{"title":"Lausanne: Grundsteinlegung f\u00fcr Moxy-Hotel - IMMOBILIEN Business","description":"Le premier h\u00f4tel de la marque Moxy en Suisse est en train de voir le jour dans le quartier du Flon \u00e0 Lausanne. SV Hotel et Mobimo en ont pos\u00e9 la premi\u00e8re pierre.","robots":{"index":"index","follow":"follow","max-snippet":"max-snippet:-1","max-image-preview":"max-image-preview:large","max-video-preview":"max-video-preview:-1"},"canonical":"https:\/\/www.immobilienbusiness.ch\/fr\/regionen\/2018-11-02\/lausanne-grundsteinlegung-fuer-moxy-hotel\/","og_locale":"fr_FR","og_type":"article","og_title":"Lausanne: Grundsteinlegung f\u00fcr Moxy-Hotel - IMMOBILIEN Business","og_description":"Im Quartier du Flon in Lausanne entsteht das erste Hotel der Marke Moxy in der Schweiz. SV Hotel und Mobimo haben den Grundstein daf\u00fcr gelegt.","og_url":"https:\/\/www.immobilienbusiness.ch\/fr\/regionen\/2018-11-02\/lausanne-grundsteinlegung-fuer-moxy-hotel\/","og_site_name":"IMMOBILIEN Business","article_publisher":"https:\/\/www.facebook.com\/immobilienbusiness\/","article_published_time":"2018-11-02T07:31:49+00:00","og_image":[{"width":1024,"height":781,"url":"https:\/\/www.immobilienbusiness.ch\/wp-content\/uploads\/2018\/11\/Image_Moxy_Localarchitecture-1024x781.jpg","type":"image\/jpeg"}],"author":"anja.hall","twitter_card":"summary_large_image","twitter_image":"https:\/\/www.immobilienbusiness.ch\/wp-content\/uploads\/2018\/11\/Image_Moxy_Localarchitecture.jpg","schema":{"@context":"https:\/\/schema.org","@graph":[{"@type":"Article","@id":"https:\/\/www.immobilienbusiness.ch\/regionen\/2018-11-02\/lausanne-grundsteinlegung-fuer-moxy-hotel\/#article","isPartOf":{"@id":"https:\/\/www.immobilienbusiness.ch\/regionen\/2018-11-02\/lausanne-grundsteinlegung-fuer-moxy-hotel\/"},"author":{"name":"anja.hall","@id":"https:\/\/www.immobilienbusiness.ch\/#\/schema\/person\/3fc036297b10b9f42d6db5ee932af8c8"},"headline":"Lausanne: Grundsteinlegung f\u00fcr Moxy-Hotel","datePublished":"2018-11-02T07:31:49+00:00","mainEntityOfPage":{"@id":"https:\/\/www.immobilienbusiness.ch\/regionen\/2018-11-02\/lausanne-grundsteinlegung-fuer-moxy-hotel\/"},"wordCount":134,"commentCount":0,"publisher":{"@id":"https:\/\/www.immobilienbusiness.ch\/#organization"},"image":{"@id":"https:\/\/www.immobilienbusiness.ch\/regionen\/2018-11-02\/lausanne-grundsteinlegung-fuer-moxy-hotel\/#primaryimage"},"thumbnailUrl":"https:\/\/www.immobilienbusiness.ch\/wp-content\/uploads\/2018\/11\/Image_Moxy_Localarchitecture.jpg","keywords":["Flon","Grundsteinlegung","Hotel","Lausanne"],"articleSection":["REGIONEN"],"inLanguage":"fr-FR"},{"@type":"WebPage","@id":"https:\/\/www.immobilienbusiness.ch\/regionen\/2018-11-02\/lausanne-grundsteinlegung-fuer-moxy-hotel\/","url":"https:\/\/www.immobilienbusiness.ch\/regionen\/2018-11-02\/lausanne-grundsteinlegung-fuer-moxy-hotel\/","name":"Lausanne: Grundsteinlegung f\u00fcr Moxy-Hotel - IMMOBILIEN Business","isPartOf":{"@id":"https:\/\/www.immobilienbusiness.ch\/#website"},"primaryImageOfPage":{"@id":"https:\/\/www.immobilienbusiness.ch\/regionen\/2018-11-02\/lausanne-grundsteinlegung-fuer-moxy-hotel\/#primaryimage"},"image":{"@id":"https:\/\/www.immobilienbusiness.ch\/regionen\/2018-11-02\/lausanne-grundsteinlegung-fuer-moxy-hotel\/#primaryimage"},"thumbnailUrl":"https:\/\/www.immobilienbusiness.ch\/wp-content\/uploads\/2018\/11\/Image_Moxy_Localarchitecture.jpg","datePublished":"2018-11-02T07:31:49+00:00","description":"Le premier h\u00f4tel de la marque Moxy en Suisse est en train de voir le jour dans le quartier du Flon \u00e0 Lausanne. SV Hotel et Mobimo en ont pos\u00e9 la premi\u00e8re pierre.","breadcrumb":{"@id":"https:\/\/www.immobilienbusiness.ch\/regionen\/2018-11-02\/lausanne-grundsteinlegung-fuer-moxy-hotel\/#breadcrumb"},"inLanguage":"fr-FR","potentialAction":[{"@type":"ReadAction","target":["https:\/\/www.immobilienbusiness.ch\/regionen\/2018-11-02\/lausanne-grundsteinlegung-fuer-moxy-hotel\/"]}]},{"@type":"ImageObject","inLanguage":"fr-FR","@id":"https:\/\/www.immobilienbusiness.ch\/regionen\/2018-11-02\/lausanne-grundsteinlegung-fuer-moxy-hotel\/#primaryimage","url":"https:\/\/www.immobilienbusiness.ch\/wp-content\/uploads\/2018\/11\/Image_Moxy_Localarchitecture.jpg","contentUrl":"https:\/\/www.immobilienbusiness.ch\/wp-content\/uploads\/2018\/11\/Image_Moxy_Localarchitecture.jpg","width":2560,"height":1951,"caption":"Image_Moxy_Localarchitecture"},{"@type":"BreadcrumbList","@id":"https:\/\/www.immobilienbusiness.ch\/regionen\/2018-11-02\/lausanne-grundsteinlegung-fuer-moxy-hotel\/#breadcrumb","itemListElement":[{"@type":"ListItem","position":1,"name":"Home","item":"https:\/\/www.immobilienbusiness.ch\/"},{"@type":"ListItem","position":2,"name":"Lausanne: Grundsteinlegung f\u00fcr Moxy-Hotel"}]},{"@type":"WebSite","@id":"https:\/\/www.immobilienbusiness.ch\/#website","url":"https:\/\/www.immobilienbusiness.ch\/","name":"IMMOBILIER Business","description":"Magazine \u00e9conomique suisse ind\u00e9pendant ax\u00e9 sur l'immobilier, l'architecture et la construction ainsi que sur les investissements et le financement.","publisher":{"@id":"https:\/\/www.immobilienbusiness.ch\/#organization"},"potentialAction":[{"@type":"SearchAction","target":{"@type":"EntryPoint","urlTemplate":"https:\/\/www.immobilienbusiness.ch\/?s={search_term_string}"},"query-input":{"@type":"PropertyValueSpecification","valueRequired":true,"valueName":"search_term_string"}}],"inLanguage":"fr-FR"},{"@type":"Organization","@id":"https:\/\/www.immobilienbusiness.ch\/#organization","name":"IMMOBILIER Business","url":"https:\/\/www.immobilienbusiness.ch\/","logo":{"@type":"ImageObject","inLanguage":"fr-FR","@id":"https:\/\/www.immobilienbusiness.ch\/#\/schema\/logo\/image\/","url":"https:\/\/www.immobilienbusiness.ch\/wp-content\/uploads\/2021\/07\/logo_ib.png","contentUrl":"https:\/\/www.immobilienbusiness.ch\/wp-content\/uploads\/2021\/07\/logo_ib.png","width":800,"height":181,"caption":"IMMOBILIEN Business"},"image":{"@id":"https:\/\/www.immobilienbusiness.ch\/#\/schema\/logo\/image\/"},"sameAs":["https:\/\/www.facebook.com\/immobilienbusiness\/"]},{"@type":"Person","@id":"https:\/\/www.immobilienbusiness.ch\/#\/schema\/person\/3fc036297b10b9f42d6db5ee932af8c8","name":"anja.hall","image":{"@type":"ImageObject","inLanguage":"fr-FR","@id":"https:\/\/secure.gravatar.com\/avatar\/066b5a0d447013502c71a5782f4f3469f03cfe595cc2329fb94652fe47511bfb?s=96&d=mm&r=g","url":"https:\/\/secure.gravatar.com\/avatar\/066b5a0d447013502c71a5782f4f3469f03cfe595cc2329fb94652fe47511bfb?s=96&d=mm&r=g","contentUrl":"https:\/\/secure.gravatar.com\/avatar\/066b5a0d447013502c71a5782f4f3469f03cfe595cc2329fb94652fe47511bfb?s=96&d=mm&r=g","caption":"anja.hall"},"url":"https:\/\/www.immobilienbusiness.ch\/fr\/author\/anja-hall\/"}]}},"_links":{"self":[{"href":"https:\/\/www.immobilienbusiness.ch\/fr\/wp-json\/wp\/v2\/posts\/14739","targetHints":{"allow":["GET"]}}],"collection":[{"href":"https:\/\/www.immobilienbusiness.ch\/fr\/wp-json\/wp\/v2\/posts"}],"about":[{"href":"https:\/\/www.immobilienbusiness.ch\/fr\/wp-json\/wp\/v2\/types\/post"}],"author":[{"embeddable":true,"href":"https:\/\/www.immobilienbusiness.ch\/fr\/wp-json\/wp\/v2\/users\/3"}],"replies":[{"embeddable":true,"href":"https:\/\/www.immobilienbusiness.ch\/fr\/wp-json\/wp\/v2\/comments?post=14739"}],"version-history":[{"count":0,"href":"https:\/\/www.immobilienbusiness.ch\/fr\/wp-json\/wp\/v2\/posts\/14739\/revisions"}],"wp:featuredmedia":[{"embeddable":true,"href":"https:\/\/www.immobilienbusiness.ch\/fr\/wp-json\/wp\/v2\/media\/14743"}],"wp:attachment":[{"href":"https:\/\/www.immobilienbusiness.ch\/fr\/wp-json\/wp\/v2\/media?parent=14739"}],"wp:term":[{"taxonomy":"category","embeddable":true,"href":"https:\/\/www.immobilienbusiness.ch\/fr\/wp-json\/wp\/v2\/categories?post=14739"},{"taxonomy":"post_tag","embeddable":true,"href":"https:\/\/www.immobilienbusiness.ch\/fr\/wp-json\/wp\/v2\/tags?post=14739"}],"curies":[{"name":"wp","href":"https:\/\/api.w.org\/{rel}","templated":true}]}}