{"id":14573,"date":"2018-10-23T08:44:03","date_gmt":"2018-10-23T06:44:03","guid":{"rendered":"https:\/\/www.immobilienbusiness.ch\/?p=14573"},"modified":"2018-10-23T08:44:03","modified_gmt":"2018-10-23T06:44:03","slug":"zuerich-grundstein-fuer-west-log-ist-gelegt","status":"publish","type":"post","link":"https:\/\/www.immobilienbusiness.ch\/fr\/regionen\/2018-10-23\/zuerich-grundstein-fuer-west-log-ist-gelegt\/","title":{"rendered":"Zurich : pose de la premi\u00e8re pierre de West-Log"},"content":{"rendered":"<figure id=\"attachment_14575\" aria-describedby=\"caption-attachment-14575\" style=\"width: 680px\" class=\"wp-caption alignnone\"><img loading=\"lazy\" decoding=\"async\" class=\"wp-image-14575 size-medium\" src=\"https:\/\/www.immobilienbusiness.ch\/wp-content\/uploads\/2018\/10\/1601_West-Log_Felix_Partner_AP01c.jpg\" alt=\"\" width=\"680\" height=\"510\" srcset=\"https:\/\/www.immobilienbusiness.ch\/wp-content\/uploads\/2018\/10\/1601_West-Log_Felix_Partner_AP01c.jpg 1020w, https:\/\/www.immobilienbusiness.ch\/wp-content\/uploads\/2018\/10\/1601_West-Log_Felix_Partner_AP01c-300x225.jpg 300w, https:\/\/www.immobilienbusiness.ch\/wp-content\/uploads\/2018\/10\/1601_West-Log_Felix_Partner_AP01c-768x576.jpg 768w, https:\/\/www.immobilienbusiness.ch\/wp-content\/uploads\/2018\/10\/1601_West-Log_Felix_Partner_AP01c-16x12.jpg 16w, https:\/\/www.immobilienbusiness.ch\/wp-content\/uploads\/2018\/10\/1601_West-Log_Felix_Partner_AP01c-233x175.jpg 233w, https:\/\/www.immobilienbusiness.ch\/wp-content\/uploads\/2018\/10\/1601_West-Log_Felix_Partner_AP01c-467x350.jpg 467w, https:\/\/www.immobilienbusiness.ch\/wp-content\/uploads\/2018\/10\/1601_West-Log_Felix_Partner_AP01c-920x690.jpg 920w\" sizes=\"auto, (max-width: 680px) 100vw, 680px\" \/><figcaption id=\"caption-attachment-14575\" class=\"wp-caption-text\">Le West-Log \u00e0 Zurich-Altstetten (Visualisation : Felix Partner)<\/figcaption><\/figure>\n<p>Le West-Log est construit \u00e0 proximit\u00e9 imm\u00e9diate de la gare de Zurich-Altstetten et de la ligne de tramway 4. Il est s\u00e9par\u00e9 des voies ferr\u00e9es au sud par la Vulkanstrasse, tandis que le site industriel est d\u00e9limit\u00e9 au nord par la Juchstrasse.<\/p>\n<p>West-Log comprendra environ 21.000 m\u00b2 de surface nette de plancher et sera utilis\u00e9 comme b\u00e2timent logistique et si\u00e8ge d'entreprise apr\u00e8s son ach\u00e8vement en 2020.<\/p>\n<p><a href=\"https:\/\/www.immobilienbusiness.ch\/fr\/swiss-prime-site-kauft-zwei-objekte-in-zuerich\/\">Swiss Prime Site Immobilien a acquis le projet en juillet aupr\u00e8s de l'entreprise de construction Implenia, qui r\u00e9alise le nouveau b\u00e2timent.<\/a> Le bureau zurichois Felix Partner est responsable de la conception et de la planification de l'ex\u00e9cution. Le locataire principal est Elektro-Material AG. Le grossiste installera son nouveau si\u00e8ge social dans le b\u00e2timent. <em>(ah)<\/em><\/p>","protected":false},"excerpt":{"rendered":"<p>La premi\u00e8re pierre du b\u00e2timent logistique West-Log a \u00e9t\u00e9 pos\u00e9e \u00e0 Zurich-Altstetten. L'investisseur est Swiss Prime Site, le locataire principal sera Elektro-Material AG.<\/p>","protected":false},"author":3,"featured_media":14575,"comment_status":"open","ping_status":"open","sticky":false,"template":"","format":"standard","meta":{"_acf_changed":false,"_yoast_wpseo_focuskw":"West-Log","_yoast_wpseo_title":"","_yoast_wpseo_metadesc":"In Z\u00fcrich-Altstetten wurde der Grundstein f\u00fcr das West-Log gelegt. Investorin ist die Swiss Prime Site, Hauptmieterin ist Elektro-Material AG.","_yoast_wpseo_linkdex":56,"pgc_sgb_lightbox_settings":"","footnotes":""},"categories":[985],"tags":[1359,1452,1599,1760,1888],"class_list":["post-14573","post","type-post","status-publish","format-standard","has-post-thumbnail","hentry","category-regionen","tag-implenia","tag-logistikimmobilien","tag-projekt-in-bau","tag-swiss-prime-site","tag-zuerich"],"acf":[],"yoast_head":"<!-- This site is optimized with the Yoast SEO plugin v27.4 - https:\/\/yoast.com\/product\/yoast-seo-wordpress\/ -->\n<title>Z\u00fcrich: Grundstein f\u00fcr West-Log ist gelegt - IMMOBILIEN Business<\/title>\n<meta name=\"description\" content=\"In Z\u00fcrich-Altstetten wurde der Grundstein f\u00fcr das West-Log gelegt. Investorin ist die Swiss Prime Site, Hauptmieterin ist Elektro-Material AG.\" \/>\n<meta name=\"robots\" content=\"index, follow, max-snippet:-1, max-image-preview:large, max-video-preview:-1\" \/>\n<link rel=\"canonical\" href=\"https:\/\/www.immobilienbusiness.ch\/fr\/regionen\/2018-10-23\/zuerich-grundstein-fuer-west-log-ist-gelegt\/\" \/>\n<meta property=\"og:locale\" content=\"fr_FR\" \/>\n<meta property=\"og:type\" content=\"article\" \/>\n<meta property=\"og:title\" content=\"Z\u00fcrich: Grundstein f\u00fcr West-Log ist gelegt - IMMOBILIEN Business\" \/>\n<meta property=\"og:description\" content=\"In Z\u00fcrich-Altstetten wurde der Grundstein f\u00fcr das West-Log gelegt. Investorin ist die Swiss Prime Site, Hauptmieterin ist Elektro-Material AG.\" \/>\n<meta property=\"og:url\" content=\"https:\/\/www.immobilienbusiness.ch\/fr\/regionen\/2018-10-23\/zuerich-grundstein-fuer-west-log-ist-gelegt\/\" \/>\n<meta property=\"og:site_name\" content=\"IMMOBILIEN Business\" \/>\n<meta property=\"article:publisher\" content=\"https:\/\/www.facebook.com\/immobilienbusiness\/\" \/>\n<meta property=\"article:published_time\" content=\"2018-10-23T06:44:03+00:00\" \/>\n<meta property=\"og:image\" content=\"https:\/\/www.immobilienbusiness.ch\/wp-content\/uploads\/2018\/10\/1601_West-Log_Felix_Partner_AP01c.jpg\" \/>\n\t<meta property=\"og:image:width\" content=\"1020\" \/>\n\t<meta property=\"og:image:height\" content=\"765\" \/>\n\t<meta property=\"og:image:type\" content=\"image\/jpeg\" \/>\n<meta name=\"author\" content=\"anja.hall\" \/>\n<meta name=\"twitter:card\" content=\"summary_large_image\" \/>\n<meta name=\"twitter:image\" content=\"https:\/\/www.immobilienbusiness.ch\/wp-content\/uploads\/2018\/10\/1601_West-Log_Felix_Partner_AP01c.jpg\" \/>\n<script type=\"application\/ld+json\" class=\"yoast-schema-graph\">{\"@context\":\"https:\\\/\\\/schema.org\",\"@graph\":[{\"@type\":\"Article\",\"@id\":\"https:\\\/\\\/www.immobilienbusiness.ch\\\/regionen\\\/2018-10-23\\\/zuerich-grundstein-fuer-west-log-ist-gelegt\\\/#article\",\"isPartOf\":{\"@id\":\"https:\\\/\\\/www.immobilienbusiness.ch\\\/regionen\\\/2018-10-23\\\/zuerich-grundstein-fuer-west-log-ist-gelegt\\\/\"},\"author\":{\"name\":\"anja.hall\",\"@id\":\"https:\\\/\\\/www.immobilienbusiness.ch\\\/#\\\/schema\\\/person\\\/3fc036297b10b9f42d6db5ee932af8c8\"},\"headline\":\"Z\u00fcrich: Grundstein f\u00fcr West-Log ist gelegt\",\"datePublished\":\"2018-10-23T06:44:03+00:00\",\"mainEntityOfPage\":{\"@id\":\"https:\\\/\\\/www.immobilienbusiness.ch\\\/regionen\\\/2018-10-23\\\/zuerich-grundstein-fuer-west-log-ist-gelegt\\\/\"},\"wordCount\":127,\"commentCount\":0,\"publisher\":{\"@id\":\"https:\\\/\\\/www.immobilienbusiness.ch\\\/#organization\"},\"image\":{\"@id\":\"https:\\\/\\\/www.immobilienbusiness.ch\\\/regionen\\\/2018-10-23\\\/zuerich-grundstein-fuer-west-log-ist-gelegt\\\/#primaryimage\"},\"thumbnailUrl\":\"https:\\\/\\\/www.immobilienbusiness.ch\\\/wp-content\\\/uploads\\\/2018\\\/10\\\/1601_West-Log_Felix_Partner_AP01c.jpg\",\"keywords\":[\"Implenia\",\"Logistikimmobilien\",\"Projekt in Bau\",\"Swiss Prime Site\",\"Z\u00fcrich\"],\"articleSection\":[\"REGIONEN\"],\"inLanguage\":\"fr-FR\"},{\"@type\":\"WebPage\",\"@id\":\"https:\\\/\\\/www.immobilienbusiness.ch\\\/regionen\\\/2018-10-23\\\/zuerich-grundstein-fuer-west-log-ist-gelegt\\\/\",\"url\":\"https:\\\/\\\/www.immobilienbusiness.ch\\\/regionen\\\/2018-10-23\\\/zuerich-grundstein-fuer-west-log-ist-gelegt\\\/\",\"name\":\"Z\u00fcrich: Grundstein f\u00fcr West-Log ist gelegt - IMMOBILIEN Business\",\"isPartOf\":{\"@id\":\"https:\\\/\\\/www.immobilienbusiness.ch\\\/#website\"},\"primaryImageOfPage\":{\"@id\":\"https:\\\/\\\/www.immobilienbusiness.ch\\\/regionen\\\/2018-10-23\\\/zuerich-grundstein-fuer-west-log-ist-gelegt\\\/#primaryimage\"},\"image\":{\"@id\":\"https:\\\/\\\/www.immobilienbusiness.ch\\\/regionen\\\/2018-10-23\\\/zuerich-grundstein-fuer-west-log-ist-gelegt\\\/#primaryimage\"},\"thumbnailUrl\":\"https:\\\/\\\/www.immobilienbusiness.ch\\\/wp-content\\\/uploads\\\/2018\\\/10\\\/1601_West-Log_Felix_Partner_AP01c.jpg\",\"datePublished\":\"2018-10-23T06:44:03+00:00\",\"description\":\"In Z\u00fcrich-Altstetten wurde der Grundstein f\u00fcr das West-Log gelegt. Investorin ist die Swiss Prime Site, Hauptmieterin ist Elektro-Material AG.\",\"breadcrumb\":{\"@id\":\"https:\\\/\\\/www.immobilienbusiness.ch\\\/regionen\\\/2018-10-23\\\/zuerich-grundstein-fuer-west-log-ist-gelegt\\\/#breadcrumb\"},\"inLanguage\":\"fr-FR\",\"potentialAction\":[{\"@type\":\"ReadAction\",\"target\":[\"https:\\\/\\\/www.immobilienbusiness.ch\\\/regionen\\\/2018-10-23\\\/zuerich-grundstein-fuer-west-log-ist-gelegt\\\/\"]}]},{\"@type\":\"ImageObject\",\"inLanguage\":\"fr-FR\",\"@id\":\"https:\\\/\\\/www.immobilienbusiness.ch\\\/regionen\\\/2018-10-23\\\/zuerich-grundstein-fuer-west-log-ist-gelegt\\\/#primaryimage\",\"url\":\"https:\\\/\\\/www.immobilienbusiness.ch\\\/wp-content\\\/uploads\\\/2018\\\/10\\\/1601_West-Log_Felix_Partner_AP01c.jpg\",\"contentUrl\":\"https:\\\/\\\/www.immobilienbusiness.ch\\\/wp-content\\\/uploads\\\/2018\\\/10\\\/1601_West-Log_Felix_Partner_AP01c.jpg\",\"width\":1020,\"height\":765},{\"@type\":\"BreadcrumbList\",\"@id\":\"https:\\\/\\\/www.immobilienbusiness.ch\\\/regionen\\\/2018-10-23\\\/zuerich-grundstein-fuer-west-log-ist-gelegt\\\/#breadcrumb\",\"itemListElement\":[{\"@type\":\"ListItem\",\"position\":1,\"name\":\"Home\",\"item\":\"https:\\\/\\\/www.immobilienbusiness.ch\\\/\"},{\"@type\":\"ListItem\",\"position\":2,\"name\":\"Z\u00fcrich: Grundstein f\u00fcr West-Log ist gelegt\"}]},{\"@type\":\"WebSite\",\"@id\":\"https:\\\/\\\/www.immobilienbusiness.ch\\\/#website\",\"url\":\"https:\\\/\\\/www.immobilienbusiness.ch\\\/\",\"name\":\"IMMOBILIEN Business\",\"description\":\"Unabh\u00e4ngiges Schweizer Wirtschaftsmagazin mit Fokus auf Immobilien, Architektur- und Bau sowie Investment- und Finanzierung.\",\"publisher\":{\"@id\":\"https:\\\/\\\/www.immobilienbusiness.ch\\\/#organization\"},\"potentialAction\":[{\"@type\":\"SearchAction\",\"target\":{\"@type\":\"EntryPoint\",\"urlTemplate\":\"https:\\\/\\\/www.immobilienbusiness.ch\\\/?s={search_term_string}\"},\"query-input\":{\"@type\":\"PropertyValueSpecification\",\"valueRequired\":true,\"valueName\":\"search_term_string\"}}],\"inLanguage\":\"fr-FR\"},{\"@type\":\"Organization\",\"@id\":\"https:\\\/\\\/www.immobilienbusiness.ch\\\/#organization\",\"name\":\"IMMOBILIEN Business\",\"url\":\"https:\\\/\\\/www.immobilienbusiness.ch\\\/\",\"logo\":{\"@type\":\"ImageObject\",\"inLanguage\":\"fr-FR\",\"@id\":\"https:\\\/\\\/www.immobilienbusiness.ch\\\/#\\\/schema\\\/logo\\\/image\\\/\",\"url\":\"https:\\\/\\\/www.immobilienbusiness.ch\\\/wp-content\\\/uploads\\\/2021\\\/07\\\/logo_ib.png\",\"contentUrl\":\"https:\\\/\\\/www.immobilienbusiness.ch\\\/wp-content\\\/uploads\\\/2021\\\/07\\\/logo_ib.png\",\"width\":800,\"height\":181,\"caption\":\"IMMOBILIEN Business\"},\"image\":{\"@id\":\"https:\\\/\\\/www.immobilienbusiness.ch\\\/#\\\/schema\\\/logo\\\/image\\\/\"},\"sameAs\":[\"https:\\\/\\\/www.facebook.com\\\/immobilienbusiness\\\/\"]},{\"@type\":\"Person\",\"@id\":\"https:\\\/\\\/www.immobilienbusiness.ch\\\/#\\\/schema\\\/person\\\/3fc036297b10b9f42d6db5ee932af8c8\",\"name\":\"anja.hall\",\"image\":{\"@type\":\"ImageObject\",\"inLanguage\":\"fr-FR\",\"@id\":\"https:\\\/\\\/secure.gravatar.com\\\/avatar\\\/066b5a0d447013502c71a5782f4f3469f03cfe595cc2329fb94652fe47511bfb?s=96&d=mm&r=g\",\"url\":\"https:\\\/\\\/secure.gravatar.com\\\/avatar\\\/066b5a0d447013502c71a5782f4f3469f03cfe595cc2329fb94652fe47511bfb?s=96&d=mm&r=g\",\"contentUrl\":\"https:\\\/\\\/secure.gravatar.com\\\/avatar\\\/066b5a0d447013502c71a5782f4f3469f03cfe595cc2329fb94652fe47511bfb?s=96&d=mm&r=g\",\"caption\":\"anja.hall\"},\"url\":\"https:\\\/\\\/www.immobilienbusiness.ch\\\/fr\\\/author\\\/anja-hall\\\/\"}]}<\/script>\n<!-- \/ Yoast SEO plugin. -->","yoast_head_json":{"title":"Z\u00fcrich: Grundstein f\u00fcr West-Log ist gelegt - IMMOBILIEN Business","description":"In Z\u00fcrich-Altstetten wurde der Grundstein f\u00fcr das West-Log gelegt. Investorin ist die Swiss Prime Site, Hauptmieterin ist Elektro-Material AG.","robots":{"index":"index","follow":"follow","max-snippet":"max-snippet:-1","max-image-preview":"max-image-preview:large","max-video-preview":"max-video-preview:-1"},"canonical":"https:\/\/www.immobilienbusiness.ch\/fr\/regionen\/2018-10-23\/zuerich-grundstein-fuer-west-log-ist-gelegt\/","og_locale":"fr_FR","og_type":"article","og_title":"Z\u00fcrich: Grundstein f\u00fcr West-Log ist gelegt - IMMOBILIEN Business","og_description":"In Z\u00fcrich-Altstetten wurde der Grundstein f\u00fcr das West-Log gelegt. Investorin ist die Swiss Prime Site, Hauptmieterin ist Elektro-Material AG.","og_url":"https:\/\/www.immobilienbusiness.ch\/fr\/regionen\/2018-10-23\/zuerich-grundstein-fuer-west-log-ist-gelegt\/","og_site_name":"IMMOBILIEN Business","article_publisher":"https:\/\/www.facebook.com\/immobilienbusiness\/","article_published_time":"2018-10-23T06:44:03+00:00","og_image":[{"width":1020,"height":765,"url":"https:\/\/www.immobilienbusiness.ch\/wp-content\/uploads\/2018\/10\/1601_West-Log_Felix_Partner_AP01c.jpg","type":"image\/jpeg"}],"author":"anja.hall","twitter_card":"summary_large_image","twitter_image":"https:\/\/www.immobilienbusiness.ch\/wp-content\/uploads\/2018\/10\/1601_West-Log_Felix_Partner_AP01c.jpg","schema":{"@context":"https:\/\/schema.org","@graph":[{"@type":"Article","@id":"https:\/\/www.immobilienbusiness.ch\/regionen\/2018-10-23\/zuerich-grundstein-fuer-west-log-ist-gelegt\/#article","isPartOf":{"@id":"https:\/\/www.immobilienbusiness.ch\/regionen\/2018-10-23\/zuerich-grundstein-fuer-west-log-ist-gelegt\/"},"author":{"name":"anja.hall","@id":"https:\/\/www.immobilienbusiness.ch\/#\/schema\/person\/3fc036297b10b9f42d6db5ee932af8c8"},"headline":"Z\u00fcrich: Grundstein f\u00fcr West-Log ist gelegt","datePublished":"2018-10-23T06:44:03+00:00","mainEntityOfPage":{"@id":"https:\/\/www.immobilienbusiness.ch\/regionen\/2018-10-23\/zuerich-grundstein-fuer-west-log-ist-gelegt\/"},"wordCount":127,"commentCount":0,"publisher":{"@id":"https:\/\/www.immobilienbusiness.ch\/#organization"},"image":{"@id":"https:\/\/www.immobilienbusiness.ch\/regionen\/2018-10-23\/zuerich-grundstein-fuer-west-log-ist-gelegt\/#primaryimage"},"thumbnailUrl":"https:\/\/www.immobilienbusiness.ch\/wp-content\/uploads\/2018\/10\/1601_West-Log_Felix_Partner_AP01c.jpg","keywords":["Implenia","Logistikimmobilien","Projekt in Bau","Swiss Prime Site","Z\u00fcrich"],"articleSection":["REGIONEN"],"inLanguage":"fr-FR"},{"@type":"WebPage","@id":"https:\/\/www.immobilienbusiness.ch\/regionen\/2018-10-23\/zuerich-grundstein-fuer-west-log-ist-gelegt\/","url":"https:\/\/www.immobilienbusiness.ch\/regionen\/2018-10-23\/zuerich-grundstein-fuer-west-log-ist-gelegt\/","name":"Z\u00fcrich: Grundstein f\u00fcr West-Log ist gelegt - IMMOBILIEN Business","isPartOf":{"@id":"https:\/\/www.immobilienbusiness.ch\/#website"},"primaryImageOfPage":{"@id":"https:\/\/www.immobilienbusiness.ch\/regionen\/2018-10-23\/zuerich-grundstein-fuer-west-log-ist-gelegt\/#primaryimage"},"image":{"@id":"https:\/\/www.immobilienbusiness.ch\/regionen\/2018-10-23\/zuerich-grundstein-fuer-west-log-ist-gelegt\/#primaryimage"},"thumbnailUrl":"https:\/\/www.immobilienbusiness.ch\/wp-content\/uploads\/2018\/10\/1601_West-Log_Felix_Partner_AP01c.jpg","datePublished":"2018-10-23T06:44:03+00:00","description":"In Z\u00fcrich-Altstetten wurde der Grundstein f\u00fcr das West-Log gelegt. Investorin ist die Swiss Prime Site, Hauptmieterin ist Elektro-Material AG.","breadcrumb":{"@id":"https:\/\/www.immobilienbusiness.ch\/regionen\/2018-10-23\/zuerich-grundstein-fuer-west-log-ist-gelegt\/#breadcrumb"},"inLanguage":"fr-FR","potentialAction":[{"@type":"ReadAction","target":["https:\/\/www.immobilienbusiness.ch\/regionen\/2018-10-23\/zuerich-grundstein-fuer-west-log-ist-gelegt\/"]}]},{"@type":"ImageObject","inLanguage":"fr-FR","@id":"https:\/\/www.immobilienbusiness.ch\/regionen\/2018-10-23\/zuerich-grundstein-fuer-west-log-ist-gelegt\/#primaryimage","url":"https:\/\/www.immobilienbusiness.ch\/wp-content\/uploads\/2018\/10\/1601_West-Log_Felix_Partner_AP01c.jpg","contentUrl":"https:\/\/www.immobilienbusiness.ch\/wp-content\/uploads\/2018\/10\/1601_West-Log_Felix_Partner_AP01c.jpg","width":1020,"height":765},{"@type":"BreadcrumbList","@id":"https:\/\/www.immobilienbusiness.ch\/regionen\/2018-10-23\/zuerich-grundstein-fuer-west-log-ist-gelegt\/#breadcrumb","itemListElement":[{"@type":"ListItem","position":1,"name":"Home","item":"https:\/\/www.immobilienbusiness.ch\/"},{"@type":"ListItem","position":2,"name":"Z\u00fcrich: Grundstein f\u00fcr West-Log ist gelegt"}]},{"@type":"WebSite","@id":"https:\/\/www.immobilienbusiness.ch\/#website","url":"https:\/\/www.immobilienbusiness.ch\/","name":"IMMOBILIER Business","description":"Magazine \u00e9conomique suisse ind\u00e9pendant ax\u00e9 sur l'immobilier, l'architecture et la construction ainsi que sur les investissements et le financement.","publisher":{"@id":"https:\/\/www.immobilienbusiness.ch\/#organization"},"potentialAction":[{"@type":"SearchAction","target":{"@type":"EntryPoint","urlTemplate":"https:\/\/www.immobilienbusiness.ch\/?s={search_term_string}"},"query-input":{"@type":"PropertyValueSpecification","valueRequired":true,"valueName":"search_term_string"}}],"inLanguage":"fr-FR"},{"@type":"Organization","@id":"https:\/\/www.immobilienbusiness.ch\/#organization","name":"IMMOBILIER Business","url":"https:\/\/www.immobilienbusiness.ch\/","logo":{"@type":"ImageObject","inLanguage":"fr-FR","@id":"https:\/\/www.immobilienbusiness.ch\/#\/schema\/logo\/image\/","url":"https:\/\/www.immobilienbusiness.ch\/wp-content\/uploads\/2021\/07\/logo_ib.png","contentUrl":"https:\/\/www.immobilienbusiness.ch\/wp-content\/uploads\/2021\/07\/logo_ib.png","width":800,"height":181,"caption":"IMMOBILIEN Business"},"image":{"@id":"https:\/\/www.immobilienbusiness.ch\/#\/schema\/logo\/image\/"},"sameAs":["https:\/\/www.facebook.com\/immobilienbusiness\/"]},{"@type":"Person","@id":"https:\/\/www.immobilienbusiness.ch\/#\/schema\/person\/3fc036297b10b9f42d6db5ee932af8c8","name":"anja.hall","image":{"@type":"ImageObject","inLanguage":"fr-FR","@id":"https:\/\/secure.gravatar.com\/avatar\/066b5a0d447013502c71a5782f4f3469f03cfe595cc2329fb94652fe47511bfb?s=96&d=mm&r=g","url":"https:\/\/secure.gravatar.com\/avatar\/066b5a0d447013502c71a5782f4f3469f03cfe595cc2329fb94652fe47511bfb?s=96&d=mm&r=g","contentUrl":"https:\/\/secure.gravatar.com\/avatar\/066b5a0d447013502c71a5782f4f3469f03cfe595cc2329fb94652fe47511bfb?s=96&d=mm&r=g","caption":"anja.hall"},"url":"https:\/\/www.immobilienbusiness.ch\/fr\/author\/anja-hall\/"}]}},"_links":{"self":[{"href":"https:\/\/www.immobilienbusiness.ch\/fr\/wp-json\/wp\/v2\/posts\/14573","targetHints":{"allow":["GET"]}}],"collection":[{"href":"https:\/\/www.immobilienbusiness.ch\/fr\/wp-json\/wp\/v2\/posts"}],"about":[{"href":"https:\/\/www.immobilienbusiness.ch\/fr\/wp-json\/wp\/v2\/types\/post"}],"author":[{"embeddable":true,"href":"https:\/\/www.immobilienbusiness.ch\/fr\/wp-json\/wp\/v2\/users\/3"}],"replies":[{"embeddable":true,"href":"https:\/\/www.immobilienbusiness.ch\/fr\/wp-json\/wp\/v2\/comments?post=14573"}],"version-history":[{"count":0,"href":"https:\/\/www.immobilienbusiness.ch\/fr\/wp-json\/wp\/v2\/posts\/14573\/revisions"}],"wp:featuredmedia":[{"embeddable":true,"href":"https:\/\/www.immobilienbusiness.ch\/fr\/wp-json\/wp\/v2\/media\/14575"}],"wp:attachment":[{"href":"https:\/\/www.immobilienbusiness.ch\/fr\/wp-json\/wp\/v2\/media?parent=14573"}],"wp:term":[{"taxonomy":"category","embeddable":true,"href":"https:\/\/www.immobilienbusiness.ch\/fr\/wp-json\/wp\/v2\/categories?post=14573"},{"taxonomy":"post_tag","embeddable":true,"href":"https:\/\/www.immobilienbusiness.ch\/fr\/wp-json\/wp\/v2\/tags?post=14573"}],"curies":[{"name":"wp","href":"https:\/\/api.w.org\/{rel}","templated":true}]}}