{"id":14567,"date":"2018-10-29T08:37:14","date_gmt":"2018-10-29T07:37:14","guid":{"rendered":"https:\/\/www.immobilienbusiness.ch\/?p=14567"},"modified":"2018-10-29T08:37:14","modified_gmt":"2018-10-29T07:37:14","slug":"zuerich-beim-bahnhof-altstetten-entsteht-eine-modulbau-siedlung","status":"publish","type":"post","link":"https:\/\/www.immobilienbusiness.ch\/fr\/regionen\/2018-10-29\/zuerich-beim-bahnhof-altstetten-entsteht-eine-modulbau-siedlung\/","title":{"rendered":"Zurich : un lotissement modulaire est en cours de construction pr\u00e8s de la gare d'Altstetten"},"content":{"rendered":"<figure id=\"attachment_14569\" aria-describedby=\"caption-attachment-14569\" style=\"width: 680px\" class=\"wp-caption alignnone\"><img loading=\"lazy\" decoding=\"async\" class=\"size-medium wp-image-14569\" src=\"https:\/\/www.immobilienbusiness.ch\/wp-content\/uploads\/2018\/10\/181022_mm_fogo_bild_03_innovativer_wohn_und_arbeitsort.jpg\" alt=\"\" width=\"680\" height=\"454\" srcset=\"https:\/\/www.immobilienbusiness.ch\/wp-content\/uploads\/2018\/10\/181022_mm_fogo_bild_03_innovativer_wohn_und_arbeitsort.jpg 1800w, https:\/\/www.immobilienbusiness.ch\/wp-content\/uploads\/2018\/10\/181022_mm_fogo_bild_03_innovativer_wohn_und_arbeitsort-300x200.jpg 300w, https:\/\/www.immobilienbusiness.ch\/wp-content\/uploads\/2018\/10\/181022_mm_fogo_bild_03_innovativer_wohn_und_arbeitsort-1024x683.jpg 1024w, https:\/\/www.immobilienbusiness.ch\/wp-content\/uploads\/2018\/10\/181022_mm_fogo_bild_03_innovativer_wohn_und_arbeitsort-768x512.jpg 768w, https:\/\/www.immobilienbusiness.ch\/wp-content\/uploads\/2018\/10\/181022_mm_fogo_bild_03_innovativer_wohn_und_arbeitsort-1536x1025.jpg 1536w, https:\/\/www.immobilienbusiness.ch\/wp-content\/uploads\/2018\/10\/181022_mm_fogo_bild_03_innovativer_wohn_und_arbeitsort-16x12.jpg 16w, https:\/\/www.immobilienbusiness.ch\/wp-content\/uploads\/2018\/10\/181022_mm_fogo_bild_03_innovativer_wohn_und_arbeitsort-262x175.jpg 262w, https:\/\/www.immobilienbusiness.ch\/wp-content\/uploads\/2018\/10\/181022_mm_fogo_bild_03_innovativer_wohn_und_arbeitsort-525x350.jpg 525w, https:\/\/www.immobilienbusiness.ch\/wp-content\/uploads\/2018\/10\/181022_mm_fogo_bild_03_innovativer_wohn_und_arbeitsort-1199x800.jpg 1199w, https:\/\/www.immobilienbusiness.ch\/wp-content\/uploads\/2018\/10\/181022_mm_fogo_bild_03_innovativer_wohn_und_arbeitsort-920x614.jpg 920w, https:\/\/www.immobilienbusiness.ch\/wp-content\/uploads\/2018\/10\/181022_mm_fogo_bild_03_innovativer_wohn_und_arbeitsort-1400x934.jpg 1400w\" sizes=\"auto, (max-width: 680px) 100vw, 680px\" \/><figcaption id=\"caption-attachment-14569\" class=\"wp-caption-text\">Le lotissement Fogo est en cours de construction \u00e0 Altstetten (Source : Ville de Zurich)<\/figcaption><\/figure>\n<p>Le lotissement Fogo restera sur le site de Geerenweg \u00e0 Altstetten pendant 20 ans. Derri\u00e8re ce lotissement de constructions modulaires se trouvent la fondation Einfach Wohnen (SEW), l'organisation sp\u00e9cialis\u00e9e AOZ et l'association Jugendwohnnetz Juwo.<\/p>\n<p>Sur le c\u00f4t\u00e9 ouest du terrain, la fondation Einfach Wohnen (SEW) construira 33 appartements de trois ou cinq chambres \u00e0 coucher d'ici d\u00e9cembre. Le r\u00e9seau de logements pour jeunes Juwo, qui participe au projet, loue 22 appartements pour des jeunes en formation, tandis que l'AOZ loue onze appartements pour l'h\u00e9bergement de personnes en fuite. Le projet, baptis\u00e9 \"Wohnen am Vulkanplatz\", comprend en outre des espaces pour des utilisations communes, notamment une salle de spectacle.<\/p>\n<p>Un lotissement temporaire d'habitations et de commerces sera cr\u00e9\u00e9 \u00e0 c\u00f4t\u00e9, dans lequel des r\u00e9fugi\u00e9s ainsi que des entreprises cr\u00e9atives s'installeront par \u00e9tapes \u00e0 partir de d\u00e9but 2019. Les locaux destin\u00e9s \u00e0 l'artisanat seront construits dans le manteau antibruit entourant le lotissement. Des offres de restauration accessibles au public ainsi que des possibilit\u00e9s de jeux et de sport sont \u00e9galement pr\u00e9vues. Le concept global comprend \u00e9galement une aire de stationnement pour les gens du voyage.<\/p>\n<p>La fondation Einfach Wohnen pr\u00e9voit des co\u00fbts de construction d'environ 12 millions de CHF pour son premier projet de construction, tandis que l'AOZ estime le co\u00fbt total de son projet \u00e0 environ 8 millions. <em>(ah)<\/em><\/p>","protected":false},"excerpt":{"rendered":"<p>Sur le site de Geerenweg, pr\u00e8s de la gare de Zurich-Altstetten, le lotissement Fogo est en train de voir le jour, avec des logements bon march\u00e9 pour les personnes en formation et les r\u00e9fugi\u00e9s, ainsi que des surfaces pour les entreprises cr\u00e9atives.<\/p>","protected":false},"author":3,"featured_media":14569,"comment_status":"open","ping_status":"open","sticky":false,"template":"","format":"standard","meta":{"_acf_changed":false,"_yoast_wpseo_focuskw":"Altstetten","_yoast_wpseo_title":"","_yoast_wpseo_metadesc":"Auf dem Geerenweg-Areal beim Bahnhof Z\u00fcrich-Altstetten entsteht die \u00dcberbauung Fogo mit g\u00fcnstigem Wohnraum und Fl\u00e4chen f\u00fcr kreative Unternehmen.","_yoast_wpseo_linkdex":60,"pgc_sgb_lightbox_settings":"","footnotes":""},"categories":[985],"tags":[1599,1863,1888],"class_list":["post-14567","post","type-post","status-publish","format-standard","has-post-thumbnail","hentry","category-regionen","tag-projekt-in-bau","tag-wohnimmobilien","tag-zuerich"],"acf":[],"yoast_head":"<!-- This site is optimized with the Yoast SEO plugin v27.5 - https:\/\/yoast.com\/product\/yoast-seo-wordpress\/ -->\n<title>Z\u00fcrich: Beim Bahnhof Altstetten entsteht eine Modulbau-Siedlung - IMMOBILIEN Business<\/title>\n<meta name=\"description\" content=\"Auf dem Geerenweg-Areal beim Bahnhof Z\u00fcrich-Altstetten entsteht die \u00dcberbauung Fogo mit g\u00fcnstigem Wohnraum und Fl\u00e4chen f\u00fcr kreative Unternehmen.\" \/>\n<meta name=\"robots\" content=\"index, follow, max-snippet:-1, max-image-preview:large, max-video-preview:-1\" \/>\n<link rel=\"canonical\" href=\"https:\/\/www.immobilienbusiness.ch\/fr\/regionen\/2018-10-29\/zuerich-beim-bahnhof-altstetten-entsteht-eine-modulbau-siedlung\/\" \/>\n<meta property=\"og:locale\" content=\"fr_FR\" \/>\n<meta property=\"og:type\" content=\"article\" \/>\n<meta property=\"og:title\" content=\"Z\u00fcrich: Beim Bahnhof Altstetten entsteht eine Modulbau-Siedlung - IMMOBILIEN Business\" \/>\n<meta property=\"og:description\" content=\"Auf dem Geerenweg-Areal beim Bahnhof Z\u00fcrich-Altstetten entsteht die \u00dcberbauung Fogo mit g\u00fcnstigem Wohnraum und Fl\u00e4chen f\u00fcr kreative Unternehmen.\" \/>\n<meta property=\"og:url\" content=\"https:\/\/www.immobilienbusiness.ch\/fr\/regionen\/2018-10-29\/zuerich-beim-bahnhof-altstetten-entsteht-eine-modulbau-siedlung\/\" \/>\n<meta property=\"og:site_name\" content=\"IMMOBILIEN Business\" \/>\n<meta property=\"article:publisher\" content=\"https:\/\/www.facebook.com\/immobilienbusiness\/\" \/>\n<meta property=\"article:published_time\" content=\"2018-10-29T07:37:14+00:00\" \/>\n<meta property=\"og:image\" content=\"https:\/\/www.immobilienbusiness.ch\/wp-content\/uploads\/2018\/10\/181022_mm_fogo_bild_03_innovativer_wohn_und_arbeitsort.jpg\" \/>\n\t<meta property=\"og:image:width\" content=\"1800\" \/>\n\t<meta property=\"og:image:height\" content=\"1201\" \/>\n\t<meta property=\"og:image:type\" content=\"image\/jpeg\" \/>\n<meta name=\"author\" content=\"anja.hall\" \/>\n<meta name=\"twitter:card\" content=\"summary_large_image\" \/>\n<meta name=\"twitter:image\" content=\"https:\/\/www.immobilienbusiness.ch\/wp-content\/uploads\/2018\/10\/181022_mm_fogo_bild_03_innovativer_wohn_und_arbeitsort.jpg\" \/>\n<script type=\"application\/ld+json\" class=\"yoast-schema-graph\">{\"@context\":\"https:\\\/\\\/schema.org\",\"@graph\":[{\"@type\":\"Article\",\"@id\":\"https:\\\/\\\/www.immobilienbusiness.ch\\\/en\\\/regionen\\\/2018-10-29\\\/zuerich-beim-bahnhof-altstetten-entsteht-eine-modulbau-siedlung\\\/#article\",\"isPartOf\":{\"@id\":\"https:\\\/\\\/www.immobilienbusiness.ch\\\/en\\\/regionen\\\/2018-10-29\\\/zuerich-beim-bahnhof-altstetten-entsteht-eine-modulbau-siedlung\\\/\"},\"author\":{\"name\":\"anja.hall\",\"@id\":\"https:\\\/\\\/www.immobilienbusiness.ch\\\/#\\\/schema\\\/person\\\/3fc036297b10b9f42d6db5ee932af8c8\"},\"headline\":\"Z\u00fcrich: Beim Bahnhof Altstetten entsteht eine Modulbau-Siedlung\",\"datePublished\":\"2018-10-29T07:37:14+00:00\",\"mainEntityOfPage\":{\"@id\":\"https:\\\/\\\/www.immobilienbusiness.ch\\\/en\\\/regionen\\\/2018-10-29\\\/zuerich-beim-bahnhof-altstetten-entsteht-eine-modulbau-siedlung\\\/\"},\"wordCount\":210,\"commentCount\":0,\"publisher\":{\"@id\":\"https:\\\/\\\/www.immobilienbusiness.ch\\\/#organization\"},\"image\":{\"@id\":\"https:\\\/\\\/www.immobilienbusiness.ch\\\/en\\\/regionen\\\/2018-10-29\\\/zuerich-beim-bahnhof-altstetten-entsteht-eine-modulbau-siedlung\\\/#primaryimage\"},\"thumbnailUrl\":\"https:\\\/\\\/www.immobilienbusiness.ch\\\/wp-content\\\/uploads\\\/2018\\\/10\\\/181022_mm_fogo_bild_03_innovativer_wohn_und_arbeitsort.jpg\",\"keywords\":[\"Projekt in Bau\",\"Wohnimmobilien\",\"Z\u00fcrich\"],\"articleSection\":[\"REGIONEN\"],\"inLanguage\":\"fr-FR\"},{\"@type\":\"WebPage\",\"@id\":\"https:\\\/\\\/www.immobilienbusiness.ch\\\/en\\\/regionen\\\/2018-10-29\\\/zuerich-beim-bahnhof-altstetten-entsteht-eine-modulbau-siedlung\\\/\",\"url\":\"https:\\\/\\\/www.immobilienbusiness.ch\\\/en\\\/regionen\\\/2018-10-29\\\/zuerich-beim-bahnhof-altstetten-entsteht-eine-modulbau-siedlung\\\/\",\"name\":\"Z\u00fcrich: Beim Bahnhof Altstetten entsteht eine Modulbau-Siedlung - IMMOBILIEN Business\",\"isPartOf\":{\"@id\":\"https:\\\/\\\/www.immobilienbusiness.ch\\\/#website\"},\"primaryImageOfPage\":{\"@id\":\"https:\\\/\\\/www.immobilienbusiness.ch\\\/en\\\/regionen\\\/2018-10-29\\\/zuerich-beim-bahnhof-altstetten-entsteht-eine-modulbau-siedlung\\\/#primaryimage\"},\"image\":{\"@id\":\"https:\\\/\\\/www.immobilienbusiness.ch\\\/en\\\/regionen\\\/2018-10-29\\\/zuerich-beim-bahnhof-altstetten-entsteht-eine-modulbau-siedlung\\\/#primaryimage\"},\"thumbnailUrl\":\"https:\\\/\\\/www.immobilienbusiness.ch\\\/wp-content\\\/uploads\\\/2018\\\/10\\\/181022_mm_fogo_bild_03_innovativer_wohn_und_arbeitsort.jpg\",\"datePublished\":\"2018-10-29T07:37:14+00:00\",\"description\":\"Auf dem Geerenweg-Areal beim Bahnhof Z\u00fcrich-Altstetten entsteht die \u00dcberbauung Fogo mit g\u00fcnstigem Wohnraum und Fl\u00e4chen f\u00fcr kreative Unternehmen.\",\"breadcrumb\":{\"@id\":\"https:\\\/\\\/www.immobilienbusiness.ch\\\/en\\\/regionen\\\/2018-10-29\\\/zuerich-beim-bahnhof-altstetten-entsteht-eine-modulbau-siedlung\\\/#breadcrumb\"},\"inLanguage\":\"fr-FR\",\"potentialAction\":[{\"@type\":\"ReadAction\",\"target\":[\"https:\\\/\\\/www.immobilienbusiness.ch\\\/en\\\/regionen\\\/2018-10-29\\\/zuerich-beim-bahnhof-altstetten-entsteht-eine-modulbau-siedlung\\\/\"]}]},{\"@type\":\"ImageObject\",\"inLanguage\":\"fr-FR\",\"@id\":\"https:\\\/\\\/www.immobilienbusiness.ch\\\/en\\\/regionen\\\/2018-10-29\\\/zuerich-beim-bahnhof-altstetten-entsteht-eine-modulbau-siedlung\\\/#primaryimage\",\"url\":\"https:\\\/\\\/www.immobilienbusiness.ch\\\/wp-content\\\/uploads\\\/2018\\\/10\\\/181022_mm_fogo_bild_03_innovativer_wohn_und_arbeitsort.jpg\",\"contentUrl\":\"https:\\\/\\\/www.immobilienbusiness.ch\\\/wp-content\\\/uploads\\\/2018\\\/10\\\/181022_mm_fogo_bild_03_innovativer_wohn_und_arbeitsort.jpg\",\"width\":1800,\"height\":1201,\"caption\":\"(Quelle: Stadt Z\u00fcrich)\"},{\"@type\":\"BreadcrumbList\",\"@id\":\"https:\\\/\\\/www.immobilienbusiness.ch\\\/en\\\/regionen\\\/2018-10-29\\\/zuerich-beim-bahnhof-altstetten-entsteht-eine-modulbau-siedlung\\\/#breadcrumb\",\"itemListElement\":[{\"@type\":\"ListItem\",\"position\":1,\"name\":\"Home\",\"item\":\"https:\\\/\\\/www.immobilienbusiness.ch\\\/\"},{\"@type\":\"ListItem\",\"position\":2,\"name\":\"Z\u00fcrich: Beim Bahnhof Altstetten entsteht eine Modulbau-Siedlung\"}]},{\"@type\":\"WebSite\",\"@id\":\"https:\\\/\\\/www.immobilienbusiness.ch\\\/#website\",\"url\":\"https:\\\/\\\/www.immobilienbusiness.ch\\\/\",\"name\":\"IMMOBILIEN Business\",\"description\":\"Unabh\u00e4ngiges Schweizer Wirtschaftsmagazin mit Fokus auf Immobilien, Architektur- und Bau sowie Investment- und Finanzierung.\",\"publisher\":{\"@id\":\"https:\\\/\\\/www.immobilienbusiness.ch\\\/#organization\"},\"potentialAction\":[{\"@type\":\"SearchAction\",\"target\":{\"@type\":\"EntryPoint\",\"urlTemplate\":\"https:\\\/\\\/www.immobilienbusiness.ch\\\/?s={search_term_string}\"},\"query-input\":{\"@type\":\"PropertyValueSpecification\",\"valueRequired\":true,\"valueName\":\"search_term_string\"}}],\"inLanguage\":\"fr-FR\"},{\"@type\":\"Organization\",\"@id\":\"https:\\\/\\\/www.immobilienbusiness.ch\\\/#organization\",\"name\":\"IMMOBILIEN Business\",\"url\":\"https:\\\/\\\/www.immobilienbusiness.ch\\\/\",\"logo\":{\"@type\":\"ImageObject\",\"inLanguage\":\"fr-FR\",\"@id\":\"https:\\\/\\\/www.immobilienbusiness.ch\\\/#\\\/schema\\\/logo\\\/image\\\/\",\"url\":\"https:\\\/\\\/www.immobilienbusiness.ch\\\/wp-content\\\/uploads\\\/2021\\\/07\\\/logo_ib.png\",\"contentUrl\":\"https:\\\/\\\/www.immobilienbusiness.ch\\\/wp-content\\\/uploads\\\/2021\\\/07\\\/logo_ib.png\",\"width\":800,\"height\":181,\"caption\":\"IMMOBILIEN Business\"},\"image\":{\"@id\":\"https:\\\/\\\/www.immobilienbusiness.ch\\\/#\\\/schema\\\/logo\\\/image\\\/\"},\"sameAs\":[\"https:\\\/\\\/www.facebook.com\\\/immobilienbusiness\\\/\"]},{\"@type\":\"Person\",\"@id\":\"https:\\\/\\\/www.immobilienbusiness.ch\\\/#\\\/schema\\\/person\\\/3fc036297b10b9f42d6db5ee932af8c8\",\"name\":\"anja.hall\",\"image\":{\"@type\":\"ImageObject\",\"inLanguage\":\"fr-FR\",\"@id\":\"https:\\\/\\\/secure.gravatar.com\\\/avatar\\\/066b5a0d447013502c71a5782f4f3469f03cfe595cc2329fb94652fe47511bfb?s=96&d=mm&r=g\",\"url\":\"https:\\\/\\\/secure.gravatar.com\\\/avatar\\\/066b5a0d447013502c71a5782f4f3469f03cfe595cc2329fb94652fe47511bfb?s=96&d=mm&r=g\",\"contentUrl\":\"https:\\\/\\\/secure.gravatar.com\\\/avatar\\\/066b5a0d447013502c71a5782f4f3469f03cfe595cc2329fb94652fe47511bfb?s=96&d=mm&r=g\",\"caption\":\"anja.hall\"},\"url\":\"https:\\\/\\\/www.immobilienbusiness.ch\\\/fr\\\/author\\\/anja-hall\\\/\"}]}<\/script>\n<!-- \/ Yoast SEO plugin. -->","yoast_head_json":{"title":"Zurich : un lotissement modulaire voit le jour pr\u00e8s de la gare d'Altstetten - IMMOBILIER Business","description":"Sur le site de Geerenweg, pr\u00e8s de la gare de Zurich-Altstetten, le lotissement Fogo est en train de voir le jour, avec des logements bon march\u00e9 et des surfaces pour les entreprises cr\u00e9atives.","robots":{"index":"index","follow":"follow","max-snippet":"max-snippet:-1","max-image-preview":"max-image-preview:large","max-video-preview":"max-video-preview:-1"},"canonical":"https:\/\/www.immobilienbusiness.ch\/fr\/regionen\/2018-10-29\/zuerich-beim-bahnhof-altstetten-entsteht-eine-modulbau-siedlung\/","og_locale":"fr_FR","og_type":"article","og_title":"Z\u00fcrich: Beim Bahnhof Altstetten entsteht eine Modulbau-Siedlung - IMMOBILIEN Business","og_description":"Auf dem Geerenweg-Areal beim Bahnhof Z\u00fcrich-Altstetten entsteht die \u00dcberbauung Fogo mit g\u00fcnstigem Wohnraum und Fl\u00e4chen f\u00fcr kreative Unternehmen.","og_url":"https:\/\/www.immobilienbusiness.ch\/fr\/regionen\/2018-10-29\/zuerich-beim-bahnhof-altstetten-entsteht-eine-modulbau-siedlung\/","og_site_name":"IMMOBILIEN Business","article_publisher":"https:\/\/www.facebook.com\/immobilienbusiness\/","article_published_time":"2018-10-29T07:37:14+00:00","og_image":[{"width":1800,"height":1201,"url":"https:\/\/www.immobilienbusiness.ch\/wp-content\/uploads\/2018\/10\/181022_mm_fogo_bild_03_innovativer_wohn_und_arbeitsort.jpg","type":"image\/jpeg"}],"author":"anja.hall","twitter_card":"summary_large_image","twitter_image":"https:\/\/www.immobilienbusiness.ch\/wp-content\/uploads\/2018\/10\/181022_mm_fogo_bild_03_innovativer_wohn_und_arbeitsort.jpg","schema":{"@context":"https:\/\/schema.org","@graph":[{"@type":"Article","@id":"https:\/\/www.immobilienbusiness.ch\/en\/regionen\/2018-10-29\/zuerich-beim-bahnhof-altstetten-entsteht-eine-modulbau-siedlung\/#article","isPartOf":{"@id":"https:\/\/www.immobilienbusiness.ch\/en\/regionen\/2018-10-29\/zuerich-beim-bahnhof-altstetten-entsteht-eine-modulbau-siedlung\/"},"author":{"name":"anja.hall","@id":"https:\/\/www.immobilienbusiness.ch\/#\/schema\/person\/3fc036297b10b9f42d6db5ee932af8c8"},"headline":"Z\u00fcrich: Beim Bahnhof Altstetten entsteht eine Modulbau-Siedlung","datePublished":"2018-10-29T07:37:14+00:00","mainEntityOfPage":{"@id":"https:\/\/www.immobilienbusiness.ch\/en\/regionen\/2018-10-29\/zuerich-beim-bahnhof-altstetten-entsteht-eine-modulbau-siedlung\/"},"wordCount":210,"commentCount":0,"publisher":{"@id":"https:\/\/www.immobilienbusiness.ch\/#organization"},"image":{"@id":"https:\/\/www.immobilienbusiness.ch\/en\/regionen\/2018-10-29\/zuerich-beim-bahnhof-altstetten-entsteht-eine-modulbau-siedlung\/#primaryimage"},"thumbnailUrl":"https:\/\/www.immobilienbusiness.ch\/wp-content\/uploads\/2018\/10\/181022_mm_fogo_bild_03_innovativer_wohn_und_arbeitsort.jpg","keywords":["Projekt in Bau","Wohnimmobilien","Z\u00fcrich"],"articleSection":["REGIONEN"],"inLanguage":"fr-FR"},{"@type":"WebPage","@id":"https:\/\/www.immobilienbusiness.ch\/en\/regionen\/2018-10-29\/zuerich-beim-bahnhof-altstetten-entsteht-eine-modulbau-siedlung\/","url":"https:\/\/www.immobilienbusiness.ch\/en\/regionen\/2018-10-29\/zuerich-beim-bahnhof-altstetten-entsteht-eine-modulbau-siedlung\/","name":"Zurich : un lotissement modulaire voit le jour pr\u00e8s de la gare d'Altstetten - IMMOBILIER Business","isPartOf":{"@id":"https:\/\/www.immobilienbusiness.ch\/#website"},"primaryImageOfPage":{"@id":"https:\/\/www.immobilienbusiness.ch\/en\/regionen\/2018-10-29\/zuerich-beim-bahnhof-altstetten-entsteht-eine-modulbau-siedlung\/#primaryimage"},"image":{"@id":"https:\/\/www.immobilienbusiness.ch\/en\/regionen\/2018-10-29\/zuerich-beim-bahnhof-altstetten-entsteht-eine-modulbau-siedlung\/#primaryimage"},"thumbnailUrl":"https:\/\/www.immobilienbusiness.ch\/wp-content\/uploads\/2018\/10\/181022_mm_fogo_bild_03_innovativer_wohn_und_arbeitsort.jpg","datePublished":"2018-10-29T07:37:14+00:00","description":"Sur le site de Geerenweg, pr\u00e8s de la gare de Zurich-Altstetten, le lotissement Fogo est en train de voir le jour, avec des logements bon march\u00e9 et des surfaces pour les entreprises cr\u00e9atives.","breadcrumb":{"@id":"https:\/\/www.immobilienbusiness.ch\/en\/regionen\/2018-10-29\/zuerich-beim-bahnhof-altstetten-entsteht-eine-modulbau-siedlung\/#breadcrumb"},"inLanguage":"fr-FR","potentialAction":[{"@type":"ReadAction","target":["https:\/\/www.immobilienbusiness.ch\/en\/regionen\/2018-10-29\/zuerich-beim-bahnhof-altstetten-entsteht-eine-modulbau-siedlung\/"]}]},{"@type":"ImageObject","inLanguage":"fr-FR","@id":"https:\/\/www.immobilienbusiness.ch\/en\/regionen\/2018-10-29\/zuerich-beim-bahnhof-altstetten-entsteht-eine-modulbau-siedlung\/#primaryimage","url":"https:\/\/www.immobilienbusiness.ch\/wp-content\/uploads\/2018\/10\/181022_mm_fogo_bild_03_innovativer_wohn_und_arbeitsort.jpg","contentUrl":"https:\/\/www.immobilienbusiness.ch\/wp-content\/uploads\/2018\/10\/181022_mm_fogo_bild_03_innovativer_wohn_und_arbeitsort.jpg","width":1800,"height":1201,"caption":"(Quelle: Stadt Z\u00fcrich)"},{"@type":"BreadcrumbList","@id":"https:\/\/www.immobilienbusiness.ch\/en\/regionen\/2018-10-29\/zuerich-beim-bahnhof-altstetten-entsteht-eine-modulbau-siedlung\/#breadcrumb","itemListElement":[{"@type":"ListItem","position":1,"name":"Home","item":"https:\/\/www.immobilienbusiness.ch\/"},{"@type":"ListItem","position":2,"name":"Z\u00fcrich: Beim Bahnhof Altstetten entsteht eine Modulbau-Siedlung"}]},{"@type":"WebSite","@id":"https:\/\/www.immobilienbusiness.ch\/#website","url":"https:\/\/www.immobilienbusiness.ch\/","name":"IMMOBILIER Business","description":"Magazine \u00e9conomique suisse ind\u00e9pendant ax\u00e9 sur l'immobilier, l'architecture et la construction ainsi que sur les investissements et le financement.","publisher":{"@id":"https:\/\/www.immobilienbusiness.ch\/#organization"},"potentialAction":[{"@type":"SearchAction","target":{"@type":"EntryPoint","urlTemplate":"https:\/\/www.immobilienbusiness.ch\/?s={search_term_string}"},"query-input":{"@type":"PropertyValueSpecification","valueRequired":true,"valueName":"search_term_string"}}],"inLanguage":"fr-FR"},{"@type":"Organization","@id":"https:\/\/www.immobilienbusiness.ch\/#organization","name":"IMMOBILIER Business","url":"https:\/\/www.immobilienbusiness.ch\/","logo":{"@type":"ImageObject","inLanguage":"fr-FR","@id":"https:\/\/www.immobilienbusiness.ch\/#\/schema\/logo\/image\/","url":"https:\/\/www.immobilienbusiness.ch\/wp-content\/uploads\/2021\/07\/logo_ib.png","contentUrl":"https:\/\/www.immobilienbusiness.ch\/wp-content\/uploads\/2021\/07\/logo_ib.png","width":800,"height":181,"caption":"IMMOBILIEN Business"},"image":{"@id":"https:\/\/www.immobilienbusiness.ch\/#\/schema\/logo\/image\/"},"sameAs":["https:\/\/www.facebook.com\/immobilienbusiness\/"]},{"@type":"Person","@id":"https:\/\/www.immobilienbusiness.ch\/#\/schema\/person\/3fc036297b10b9f42d6db5ee932af8c8","name":"anja.hall","image":{"@type":"ImageObject","inLanguage":"fr-FR","@id":"https:\/\/secure.gravatar.com\/avatar\/066b5a0d447013502c71a5782f4f3469f03cfe595cc2329fb94652fe47511bfb?s=96&d=mm&r=g","url":"https:\/\/secure.gravatar.com\/avatar\/066b5a0d447013502c71a5782f4f3469f03cfe595cc2329fb94652fe47511bfb?s=96&d=mm&r=g","contentUrl":"https:\/\/secure.gravatar.com\/avatar\/066b5a0d447013502c71a5782f4f3469f03cfe595cc2329fb94652fe47511bfb?s=96&d=mm&r=g","caption":"anja.hall"},"url":"https:\/\/www.immobilienbusiness.ch\/fr\/author\/anja-hall\/"}]}},"_links":{"self":[{"href":"https:\/\/www.immobilienbusiness.ch\/fr\/wp-json\/wp\/v2\/posts\/14567","targetHints":{"allow":["GET"]}}],"collection":[{"href":"https:\/\/www.immobilienbusiness.ch\/fr\/wp-json\/wp\/v2\/posts"}],"about":[{"href":"https:\/\/www.immobilienbusiness.ch\/fr\/wp-json\/wp\/v2\/types\/post"}],"author":[{"embeddable":true,"href":"https:\/\/www.immobilienbusiness.ch\/fr\/wp-json\/wp\/v2\/users\/3"}],"replies":[{"embeddable":true,"href":"https:\/\/www.immobilienbusiness.ch\/fr\/wp-json\/wp\/v2\/comments?post=14567"}],"version-history":[{"count":0,"href":"https:\/\/www.immobilienbusiness.ch\/fr\/wp-json\/wp\/v2\/posts\/14567\/revisions"}],"wp:featuredmedia":[{"embeddable":true,"href":"https:\/\/www.immobilienbusiness.ch\/fr\/wp-json\/wp\/v2\/media\/14569"}],"wp:attachment":[{"href":"https:\/\/www.immobilienbusiness.ch\/fr\/wp-json\/wp\/v2\/media?parent=14567"}],"wp:term":[{"taxonomy":"category","embeddable":true,"href":"https:\/\/www.immobilienbusiness.ch\/fr\/wp-json\/wp\/v2\/categories?post=14567"},{"taxonomy":"post_tag","embeddable":true,"href":"https:\/\/www.immobilienbusiness.ch\/fr\/wp-json\/wp\/v2\/tags?post=14567"}],"curies":[{"name":"wp","href":"https:\/\/api.w.org\/{rel}","templated":true}]}}