{"id":145,"date":"2015-06-24T09:51:45","date_gmt":"2015-06-24T07:51:45","guid":{"rendered":"http:\/\/dev.immobilienbusiness.ch\/?p=145"},"modified":"2015-06-24T09:51:45","modified_gmt":"2015-06-24T07:51:45","slug":"corestate-gewinnt-christian-wulff-als-berater","status":"publish","type":"post","link":"https:\/\/www.immobilienbusiness.ch\/fr\/allgemein\/2015-06-24\/corestate-gewinnt-christian-wulff-als-berater\/","title":{"rendered":"Corestate gagne Christian Wulff comme conseiller"},"content":{"rendered":"<p><img loading=\"lazy\" decoding=\"async\" class=\"alignnone size-thumbnail wp-image-146\" src=\"https:\/\/immobilienbusiness.ch\/wp-content\/uploads\/2016\/12\/Corestate-gewinnt-Christian-Wulff-als-Berater-Immobilien-Business.jpg\" alt=\"corestate-gewinnt-christian-wulff-als-berater-immobilien-business\" width=\"220\" height=\"220\" srcset=\"https:\/\/www.immobilienbusiness.ch\/wp-content\/uploads\/2016\/12\/Corestate-gewinnt-Christian-Wulff-als-Berater-Immobilien-Business-150x150.jpg 150w, https:\/\/www.immobilienbusiness.ch\/wp-content\/uploads\/2016\/12\/Corestate-gewinnt-Christian-Wulff-als-Berater-Immobilien-Business-250x250.jpg 250w, https:\/\/www.immobilienbusiness.ch\/wp-content\/uploads\/2016\/12\/Corestate-gewinnt-Christian-Wulff-als-Berater-Immobilien-Business-100x100.jpg 100w\" sizes=\"auto, (max-width: 220px) 100vw, 220px\" \/><\/p>\n<p><em>Christian Wulff<\/em><\/p>\n<p>Selon un communiqu\u00e9 de Corestate, son travail \u00e0 ce nouveau poste concerne principalement le d\u00e9veloppement du r\u00e9seau international et le conseil juridique de la direction du groupe en mati\u00e8re de r\u00e9glementation et de tendances globales.<\/p>\n<p>Juriste de formation, Wulff a \u00e9t\u00e9 ministre-pr\u00e9sident du Land de Basse-Saxe de 2003 \u00e0 2010. De 1998 \u00e0 2010, il a \u00e9galement \u00e9t\u00e9 vice-pr\u00e9sident de la CDU. De 2010 \u00e0 f\u00e9vrier 2012, Wulff a \u00e9t\u00e9 pr\u00e9sident de la R\u00e9publique f\u00e9d\u00e9rale d'Allemagne. Il a d\u00e9missionn\u00e9 de cette fonction en raison d'une enqu\u00eate sur des soup\u00e7ons de prise d'avantages. Il a toutefois \u00e9t\u00e9 acquitt\u00e9 de ces accusations en 2014.<\/p>\n<p>Parmi les fonctions exerc\u00e9es par Christian Wulff depuis la fin de son mandat de pr\u00e9sident f\u00e9d\u00e9ral, il est membre du Transatlantic Council on Migration (TCM) pour l'int\u00e9gration des migrants et le dialogue entre les membres des diff\u00e9rentes communaut\u00e9s religieuses. Dans le domaine de la politique \u00e9trang\u00e8re, il pr\u00e9side l'Association des pays euro-m\u00e9diterran\u00e9ens et arabes (EMA). (ah)<\/p>","protected":false},"excerpt":{"rendered":"<p>Christian Wulff, ancien pr\u00e9sident allemand, a rejoint le Senior Advisory Circle de Corestate. Bien que cette nomination ait \u00e9t\u00e9 annonc\u00e9e en f\u00e9vrier, elle vient seulement d'\u00eatre r\u00e9v\u00e9l\u00e9e par un article de \"Property Magazine\".<\/p>","protected":false},"author":6,"featured_media":146,"comment_status":"open","ping_status":"open","sticky":false,"template":"","format":"standard","meta":{"_acf_changed":false,"_yoast_wpseo_focuskw":"Christian Wulff Beratung","_yoast_wpseo_title":"Christian Wulff: Neue Rolle bei Corestate","_yoast_wpseo_metadesc":"Angesichts seiner neuen Position bei Corestate fokussiert Christian Wulff auf den Ausbau des internationalen Netzwerks und rechtliche Beratung.","_yoast_wpseo_linkdex":59,"pgc_sgb_lightbox_settings":"","footnotes":""},"categories":[1],"tags":[1088,1131,1142,1211,1564],"class_list":["post-145","post","type-post","status-publish","format-standard","has-post-thumbnail","hentry","category-allgemein","tag-berater","tag-christian-wulff","tag-corestate","tag-ex-bundespraesident","tag-personalien"],"acf":[],"yoast_head":"<!-- This site is optimized with the Yoast SEO plugin v27.4 - https:\/\/yoast.com\/product\/yoast-seo-wordpress\/ -->\n<title>Christian Wulff: Neue Rolle bei Corestate<\/title>\n<meta name=\"description\" content=\"Angesichts seiner neuen Position bei Corestate fokussiert Christian Wulff auf den Ausbau des internationalen Netzwerks und rechtliche Beratung.\" \/>\n<meta name=\"robots\" content=\"index, follow, max-snippet:-1, max-image-preview:large, max-video-preview:-1\" \/>\n<link rel=\"canonical\" href=\"https:\/\/www.immobilienbusiness.ch\/fr\/allgemein\/2015-06-24\/corestate-gewinnt-christian-wulff-als-berater\/\" \/>\n<meta property=\"og:locale\" content=\"fr_FR\" \/>\n<meta property=\"og:type\" content=\"article\" \/>\n<meta property=\"og:title\" content=\"Corestate gewinnt Christian Wulff als Berater\" \/>\n<meta property=\"og:description\" content=\"Christian Wulff, ehemaliger deutscher Bundespr\u00e4sident, ist Mitglied des Senior Advisory Circle von Corestate. Die Personalie steht zwar bereits seit Februar fest, wurde aber jetzt erst durch einen Bericht des \u00abProperty Magazine\u00bb bekannt.\" \/>\n<meta property=\"og:url\" content=\"https:\/\/www.immobilienbusiness.ch\/fr\/allgemein\/2015-06-24\/corestate-gewinnt-christian-wulff-als-berater\/\" \/>\n<meta property=\"og:site_name\" content=\"IMMOBILIEN Business\" \/>\n<meta property=\"article:publisher\" content=\"https:\/\/www.facebook.com\/immobilienbusiness\/\" \/>\n<meta property=\"article:published_time\" content=\"2015-06-24T07:51:45+00:00\" \/>\n<meta name=\"author\" content=\"galledia\" \/>\n<meta name=\"twitter:card\" content=\"summary_large_image\" \/>\n<meta name=\"twitter:title\" content=\"Corestate gewinnt Christian Wulff als Berater\" \/>\n<meta name=\"twitter:description\" content=\"Christian Wulff, ehemaliger deutscher Bundespr\u00e4sident, ist Mitglied des Senior Advisory Circle von Corestate. Die Personalie steht zwar bereits seit Februar fest, wurde aber jetzt erst durch einen Bericht des \u00abProperty Magazine\u00bb bekannt.\" \/>\n<meta name=\"twitter:image\" content=\"http:\/\/dev.immobilienbusiness.ch\/wp-content\/uploads\/2016\/12\/Corestate-gewinnt-Christian-Wulff-als-Berater-Immobilien-Business.jpg\" \/>\n<script type=\"application\/ld+json\" class=\"yoast-schema-graph\">{\"@context\":\"https:\\\/\\\/schema.org\",\"@graph\":[{\"@type\":\"Article\",\"@id\":\"https:\\\/\\\/www.immobilienbusiness.ch\\\/de\\\/allgemein\\\/2015-06-24\\\/corestate-gewinnt-christian-wulff-als-berater\\\/#article\",\"isPartOf\":{\"@id\":\"https:\\\/\\\/www.immobilienbusiness.ch\\\/de\\\/allgemein\\\/2015-06-24\\\/corestate-gewinnt-christian-wulff-als-berater\\\/\"},\"author\":{\"name\":\"galledia\",\"@id\":\"https:\\\/\\\/www.immobilienbusiness.ch\\\/#\\\/schema\\\/person\\\/92ab48f1f614a7730a86f4fd946983ca\"},\"headline\":\"Corestate gewinnt Christian Wulff als Berater\",\"datePublished\":\"2015-06-24T07:51:45+00:00\",\"mainEntityOfPage\":{\"@id\":\"https:\\\/\\\/www.immobilienbusiness.ch\\\/de\\\/allgemein\\\/2015-06-24\\\/corestate-gewinnt-christian-wulff-als-berater\\\/\"},\"wordCount\":156,\"commentCount\":0,\"publisher\":{\"@id\":\"https:\\\/\\\/www.immobilienbusiness.ch\\\/#organization\"},\"image\":{\"@id\":\"https:\\\/\\\/www.immobilienbusiness.ch\\\/de\\\/allgemein\\\/2015-06-24\\\/corestate-gewinnt-christian-wulff-als-berater\\\/#primaryimage\"},\"thumbnailUrl\":\"https:\\\/\\\/www.immobilienbusiness.ch\\\/wp-content\\\/uploads\\\/2016\\\/12\\\/Corestate-gewinnt-Christian-Wulff-als-Berater-Immobilien-Business.jpg\",\"keywords\":[\"Berater\",\"Christian Wulff\",\"Corestate\",\"Ex-Bundespr\u00e4sident\",\"Personalien\"],\"articleSection\":[\"Allgemein\"],\"inLanguage\":\"fr-FR\"},{\"@type\":\"WebPage\",\"@id\":\"https:\\\/\\\/www.immobilienbusiness.ch\\\/de\\\/allgemein\\\/2015-06-24\\\/corestate-gewinnt-christian-wulff-als-berater\\\/\",\"url\":\"https:\\\/\\\/www.immobilienbusiness.ch\\\/de\\\/allgemein\\\/2015-06-24\\\/corestate-gewinnt-christian-wulff-als-berater\\\/\",\"name\":\"Christian Wulff: Neue Rolle bei Corestate\",\"isPartOf\":{\"@id\":\"https:\\\/\\\/www.immobilienbusiness.ch\\\/#website\"},\"primaryImageOfPage\":{\"@id\":\"https:\\\/\\\/www.immobilienbusiness.ch\\\/de\\\/allgemein\\\/2015-06-24\\\/corestate-gewinnt-christian-wulff-als-berater\\\/#primaryimage\"},\"image\":{\"@id\":\"https:\\\/\\\/www.immobilienbusiness.ch\\\/de\\\/allgemein\\\/2015-06-24\\\/corestate-gewinnt-christian-wulff-als-berater\\\/#primaryimage\"},\"thumbnailUrl\":\"https:\\\/\\\/www.immobilienbusiness.ch\\\/wp-content\\\/uploads\\\/2016\\\/12\\\/Corestate-gewinnt-Christian-Wulff-als-Berater-Immobilien-Business.jpg\",\"datePublished\":\"2015-06-24T07:51:45+00:00\",\"description\":\"Angesichts seiner neuen Position bei Corestate fokussiert Christian Wulff auf den Ausbau des internationalen Netzwerks und rechtliche Beratung.\",\"breadcrumb\":{\"@id\":\"https:\\\/\\\/www.immobilienbusiness.ch\\\/de\\\/allgemein\\\/2015-06-24\\\/corestate-gewinnt-christian-wulff-als-berater\\\/#breadcrumb\"},\"inLanguage\":\"fr-FR\",\"potentialAction\":[{\"@type\":\"ReadAction\",\"target\":[\"https:\\\/\\\/www.immobilienbusiness.ch\\\/de\\\/allgemein\\\/2015-06-24\\\/corestate-gewinnt-christian-wulff-als-berater\\\/\"]}]},{\"@type\":\"ImageObject\",\"inLanguage\":\"fr-FR\",\"@id\":\"https:\\\/\\\/www.immobilienbusiness.ch\\\/de\\\/allgemein\\\/2015-06-24\\\/corestate-gewinnt-christian-wulff-als-berater\\\/#primaryimage\",\"url\":\"https:\\\/\\\/www.immobilienbusiness.ch\\\/wp-content\\\/uploads\\\/2016\\\/12\\\/Corestate-gewinnt-Christian-Wulff-als-Berater-Immobilien-Business.jpg\",\"contentUrl\":\"https:\\\/\\\/www.immobilienbusiness.ch\\\/wp-content\\\/uploads\\\/2016\\\/12\\\/Corestate-gewinnt-Christian-Wulff-als-Berater-Immobilien-Business.jpg\",\"width\":2400,\"height\":1355},{\"@type\":\"BreadcrumbList\",\"@id\":\"https:\\\/\\\/www.immobilienbusiness.ch\\\/de\\\/allgemein\\\/2015-06-24\\\/corestate-gewinnt-christian-wulff-als-berater\\\/#breadcrumb\",\"itemListElement\":[{\"@type\":\"ListItem\",\"position\":1,\"name\":\"Home\",\"item\":\"https:\\\/\\\/www.immobilienbusiness.ch\\\/\"},{\"@type\":\"ListItem\",\"position\":2,\"name\":\"Corestate gewinnt Christian Wulff als Berater\"}]},{\"@type\":\"WebSite\",\"@id\":\"https:\\\/\\\/www.immobilienbusiness.ch\\\/#website\",\"url\":\"https:\\\/\\\/www.immobilienbusiness.ch\\\/\",\"name\":\"IMMOBILIEN Business\",\"description\":\"Unabh\u00e4ngiges Schweizer Wirtschaftsmagazin mit Fokus auf Immobilien, Architektur- und Bau sowie Investment- und Finanzierung.\",\"publisher\":{\"@id\":\"https:\\\/\\\/www.immobilienbusiness.ch\\\/#organization\"},\"potentialAction\":[{\"@type\":\"SearchAction\",\"target\":{\"@type\":\"EntryPoint\",\"urlTemplate\":\"https:\\\/\\\/www.immobilienbusiness.ch\\\/?s={search_term_string}\"},\"query-input\":{\"@type\":\"PropertyValueSpecification\",\"valueRequired\":true,\"valueName\":\"search_term_string\"}}],\"inLanguage\":\"fr-FR\"},{\"@type\":\"Organization\",\"@id\":\"https:\\\/\\\/www.immobilienbusiness.ch\\\/#organization\",\"name\":\"IMMOBILIEN Business\",\"url\":\"https:\\\/\\\/www.immobilienbusiness.ch\\\/\",\"logo\":{\"@type\":\"ImageObject\",\"inLanguage\":\"fr-FR\",\"@id\":\"https:\\\/\\\/www.immobilienbusiness.ch\\\/#\\\/schema\\\/logo\\\/image\\\/\",\"url\":\"https:\\\/\\\/www.immobilienbusiness.ch\\\/wp-content\\\/uploads\\\/2021\\\/07\\\/logo_ib.png\",\"contentUrl\":\"https:\\\/\\\/www.immobilienbusiness.ch\\\/wp-content\\\/uploads\\\/2021\\\/07\\\/logo_ib.png\",\"width\":800,\"height\":181,\"caption\":\"IMMOBILIEN Business\"},\"image\":{\"@id\":\"https:\\\/\\\/www.immobilienbusiness.ch\\\/#\\\/schema\\\/logo\\\/image\\\/\"},\"sameAs\":[\"https:\\\/\\\/www.facebook.com\\\/immobilienbusiness\\\/\"]},{\"@type\":\"Person\",\"@id\":\"https:\\\/\\\/www.immobilienbusiness.ch\\\/#\\\/schema\\\/person\\\/92ab48f1f614a7730a86f4fd946983ca\",\"name\":\"galledia\",\"image\":{\"@type\":\"ImageObject\",\"inLanguage\":\"fr-FR\",\"@id\":\"https:\\\/\\\/secure.gravatar.com\\\/avatar\\\/?s=96&d=mm&r=g\",\"url\":\"https:\\\/\\\/secure.gravatar.com\\\/avatar\\\/?s=96&d=mm&r=g\",\"contentUrl\":\"https:\\\/\\\/secure.gravatar.com\\\/avatar\\\/?s=96&d=mm&r=g\",\"caption\":\"galledia\"},\"url\":\"https:\\\/\\\/www.immobilienbusiness.ch\\\/fr\\\/author\\\/galledia\\\/\"}]}<\/script>\n<!-- \/ Yoast SEO plugin. -->","yoast_head_json":{"title":"Christian Wulff: Neue Rolle bei Corestate","description":"Angesichts seiner neuen Position bei Corestate fokussiert Christian Wulff auf den Ausbau des internationalen Netzwerks und rechtliche Beratung.","robots":{"index":"index","follow":"follow","max-snippet":"max-snippet:-1","max-image-preview":"max-image-preview:large","max-video-preview":"max-video-preview:-1"},"canonical":"https:\/\/www.immobilienbusiness.ch\/fr\/allgemein\/2015-06-24\/corestate-gewinnt-christian-wulff-als-berater\/","og_locale":"fr_FR","og_type":"article","og_title":"Corestate gewinnt Christian Wulff als Berater","og_description":"Christian Wulff, ehemaliger deutscher Bundespr\u00e4sident, ist Mitglied des Senior Advisory Circle von Corestate. Die Personalie steht zwar bereits seit Februar fest, wurde aber jetzt erst durch einen Bericht des \u00abProperty Magazine\u00bb bekannt.","og_url":"https:\/\/www.immobilienbusiness.ch\/fr\/allgemein\/2015-06-24\/corestate-gewinnt-christian-wulff-als-berater\/","og_site_name":"IMMOBILIEN Business","article_publisher":"https:\/\/www.facebook.com\/immobilienbusiness\/","article_published_time":"2015-06-24T07:51:45+00:00","author":"galledia","twitter_card":"summary_large_image","twitter_title":"Corestate gewinnt Christian Wulff als Berater","twitter_description":"Christian Wulff, ehemaliger deutscher Bundespr\u00e4sident, ist Mitglied des Senior Advisory Circle von Corestate. Die Personalie steht zwar bereits seit Februar fest, wurde aber jetzt erst durch einen Bericht des \u00abProperty Magazine\u00bb bekannt.","twitter_image":"http:\/\/dev.immobilienbusiness.ch\/wp-content\/uploads\/2016\/12\/Corestate-gewinnt-Christian-Wulff-als-Berater-Immobilien-Business.jpg","schema":{"@context":"https:\/\/schema.org","@graph":[{"@type":"Article","@id":"https:\/\/www.immobilienbusiness.ch\/de\/allgemein\/2015-06-24\/corestate-gewinnt-christian-wulff-als-berater\/#article","isPartOf":{"@id":"https:\/\/www.immobilienbusiness.ch\/de\/allgemein\/2015-06-24\/corestate-gewinnt-christian-wulff-als-berater\/"},"author":{"name":"galledia","@id":"https:\/\/www.immobilienbusiness.ch\/#\/schema\/person\/92ab48f1f614a7730a86f4fd946983ca"},"headline":"Corestate gewinnt Christian Wulff als Berater","datePublished":"2015-06-24T07:51:45+00:00","mainEntityOfPage":{"@id":"https:\/\/www.immobilienbusiness.ch\/de\/allgemein\/2015-06-24\/corestate-gewinnt-christian-wulff-als-berater\/"},"wordCount":156,"commentCount":0,"publisher":{"@id":"https:\/\/www.immobilienbusiness.ch\/#organization"},"image":{"@id":"https:\/\/www.immobilienbusiness.ch\/de\/allgemein\/2015-06-24\/corestate-gewinnt-christian-wulff-als-berater\/#primaryimage"},"thumbnailUrl":"https:\/\/www.immobilienbusiness.ch\/wp-content\/uploads\/2016\/12\/Corestate-gewinnt-Christian-Wulff-als-Berater-Immobilien-Business.jpg","keywords":["Berater","Christian Wulff","Corestate","Ex-Bundespr\u00e4sident","Personalien"],"articleSection":["Allgemein"],"inLanguage":"fr-FR"},{"@type":"WebPage","@id":"https:\/\/www.immobilienbusiness.ch\/de\/allgemein\/2015-06-24\/corestate-gewinnt-christian-wulff-als-berater\/","url":"https:\/\/www.immobilienbusiness.ch\/de\/allgemein\/2015-06-24\/corestate-gewinnt-christian-wulff-als-berater\/","name":"Christian Wulff: Neue Rolle bei Corestate","isPartOf":{"@id":"https:\/\/www.immobilienbusiness.ch\/#website"},"primaryImageOfPage":{"@id":"https:\/\/www.immobilienbusiness.ch\/de\/allgemein\/2015-06-24\/corestate-gewinnt-christian-wulff-als-berater\/#primaryimage"},"image":{"@id":"https:\/\/www.immobilienbusiness.ch\/de\/allgemein\/2015-06-24\/corestate-gewinnt-christian-wulff-als-berater\/#primaryimage"},"thumbnailUrl":"https:\/\/www.immobilienbusiness.ch\/wp-content\/uploads\/2016\/12\/Corestate-gewinnt-Christian-Wulff-als-Berater-Immobilien-Business.jpg","datePublished":"2015-06-24T07:51:45+00:00","description":"Angesichts seiner neuen Position bei Corestate fokussiert Christian Wulff auf den Ausbau des internationalen Netzwerks und rechtliche Beratung.","breadcrumb":{"@id":"https:\/\/www.immobilienbusiness.ch\/de\/allgemein\/2015-06-24\/corestate-gewinnt-christian-wulff-als-berater\/#breadcrumb"},"inLanguage":"fr-FR","potentialAction":[{"@type":"ReadAction","target":["https:\/\/www.immobilienbusiness.ch\/de\/allgemein\/2015-06-24\/corestate-gewinnt-christian-wulff-als-berater\/"]}]},{"@type":"ImageObject","inLanguage":"fr-FR","@id":"https:\/\/www.immobilienbusiness.ch\/de\/allgemein\/2015-06-24\/corestate-gewinnt-christian-wulff-als-berater\/#primaryimage","url":"https:\/\/www.immobilienbusiness.ch\/wp-content\/uploads\/2016\/12\/Corestate-gewinnt-Christian-Wulff-als-Berater-Immobilien-Business.jpg","contentUrl":"https:\/\/www.immobilienbusiness.ch\/wp-content\/uploads\/2016\/12\/Corestate-gewinnt-Christian-Wulff-als-Berater-Immobilien-Business.jpg","width":2400,"height":1355},{"@type":"BreadcrumbList","@id":"https:\/\/www.immobilienbusiness.ch\/de\/allgemein\/2015-06-24\/corestate-gewinnt-christian-wulff-als-berater\/#breadcrumb","itemListElement":[{"@type":"ListItem","position":1,"name":"Home","item":"https:\/\/www.immobilienbusiness.ch\/"},{"@type":"ListItem","position":2,"name":"Corestate gewinnt Christian Wulff als Berater"}]},{"@type":"WebSite","@id":"https:\/\/www.immobilienbusiness.ch\/#website","url":"https:\/\/www.immobilienbusiness.ch\/","name":"IMMOBILIER Business","description":"Magazine \u00e9conomique suisse ind\u00e9pendant ax\u00e9 sur l'immobilier, l'architecture et la construction ainsi que sur les investissements et le financement.","publisher":{"@id":"https:\/\/www.immobilienbusiness.ch\/#organization"},"potentialAction":[{"@type":"SearchAction","target":{"@type":"EntryPoint","urlTemplate":"https:\/\/www.immobilienbusiness.ch\/?s={search_term_string}"},"query-input":{"@type":"PropertyValueSpecification","valueRequired":true,"valueName":"search_term_string"}}],"inLanguage":"fr-FR"},{"@type":"Organization","@id":"https:\/\/www.immobilienbusiness.ch\/#organization","name":"IMMOBILIER Business","url":"https:\/\/www.immobilienbusiness.ch\/","logo":{"@type":"ImageObject","inLanguage":"fr-FR","@id":"https:\/\/www.immobilienbusiness.ch\/#\/schema\/logo\/image\/","url":"https:\/\/www.immobilienbusiness.ch\/wp-content\/uploads\/2021\/07\/logo_ib.png","contentUrl":"https:\/\/www.immobilienbusiness.ch\/wp-content\/uploads\/2021\/07\/logo_ib.png","width":800,"height":181,"caption":"IMMOBILIEN Business"},"image":{"@id":"https:\/\/www.immobilienbusiness.ch\/#\/schema\/logo\/image\/"},"sameAs":["https:\/\/www.facebook.com\/immobilienbusiness\/"]},{"@type":"Person","@id":"https:\/\/www.immobilienbusiness.ch\/#\/schema\/person\/92ab48f1f614a7730a86f4fd946983ca","name":"galledia","image":{"@type":"ImageObject","inLanguage":"fr-FR","@id":"https:\/\/secure.gravatar.com\/avatar\/?s=96&d=mm&r=g","url":"https:\/\/secure.gravatar.com\/avatar\/?s=96&d=mm&r=g","contentUrl":"https:\/\/secure.gravatar.com\/avatar\/?s=96&d=mm&r=g","caption":"galledia"},"url":"https:\/\/www.immobilienbusiness.ch\/fr\/author\/galledia\/"}]}},"_links":{"self":[{"href":"https:\/\/www.immobilienbusiness.ch\/fr\/wp-json\/wp\/v2\/posts\/145","targetHints":{"allow":["GET"]}}],"collection":[{"href":"https:\/\/www.immobilienbusiness.ch\/fr\/wp-json\/wp\/v2\/posts"}],"about":[{"href":"https:\/\/www.immobilienbusiness.ch\/fr\/wp-json\/wp\/v2\/types\/post"}],"author":[{"embeddable":true,"href":"https:\/\/www.immobilienbusiness.ch\/fr\/wp-json\/wp\/v2\/users\/6"}],"replies":[{"embeddable":true,"href":"https:\/\/www.immobilienbusiness.ch\/fr\/wp-json\/wp\/v2\/comments?post=145"}],"version-history":[{"count":0,"href":"https:\/\/www.immobilienbusiness.ch\/fr\/wp-json\/wp\/v2\/posts\/145\/revisions"}],"wp:featuredmedia":[{"embeddable":true,"href":"https:\/\/www.immobilienbusiness.ch\/fr\/wp-json\/wp\/v2\/media\/146"}],"wp:attachment":[{"href":"https:\/\/www.immobilienbusiness.ch\/fr\/wp-json\/wp\/v2\/media?parent=145"}],"wp:term":[{"taxonomy":"category","embeddable":true,"href":"https:\/\/www.immobilienbusiness.ch\/fr\/wp-json\/wp\/v2\/categories?post=145"},{"taxonomy":"post_tag","embeddable":true,"href":"https:\/\/www.immobilienbusiness.ch\/fr\/wp-json\/wp\/v2\/tags?post=145"}],"curies":[{"name":"wp","href":"https:\/\/api.w.org\/{rel}","templated":true}]}}