{"id":14477,"date":"2018-10-16T09:00:06","date_gmt":"2018-10-16T07:00:06","guid":{"rendered":"https:\/\/www.immobilienbusiness.ch\/?p=14477"},"modified":"2018-10-16T09:00:06","modified_gmt":"2018-10-16T07:00:06","slug":"egerkingen-omya-uebernimmt-galderma-spirig-areal","status":"publish","type":"post","link":"https:\/\/www.immobilienbusiness.ch\/fr\/regionen\/2018-10-16\/egerkingen-omya-uebernimmt-galderma-spirig-areal\/","title":{"rendered":"La ville d'Egerkingen : Omya reprend le site de Galderma-Spirig"},"content":{"rendered":"<figure id=\"attachment_12304\" aria-describedby=\"caption-attachment-12304\" style=\"width: 680px\" class=\"wp-caption alignnone\"><img loading=\"lazy\" decoding=\"async\" class=\"size-medium wp-image-12304\" src=\"https:\/\/www.immobilienbusiness.ch\/wp-content\/uploads\/2018\/04\/Depositphotos_30251097_m-2015.jpg\" alt=\"\" width=\"680\" height=\"449\" srcset=\"https:\/\/www.immobilienbusiness.ch\/wp-content\/uploads\/2018\/04\/Depositphotos_30251097_m-2015.jpg 1000w, https:\/\/www.immobilienbusiness.ch\/wp-content\/uploads\/2018\/04\/Depositphotos_30251097_m-2015-300x198.jpg 300w, https:\/\/www.immobilienbusiness.ch\/wp-content\/uploads\/2018\/04\/Depositphotos_30251097_m-2015-768x507.jpg 768w, https:\/\/www.immobilienbusiness.ch\/wp-content\/uploads\/2018\/04\/Depositphotos_30251097_m-2015-16x12.jpg 16w, https:\/\/www.immobilienbusiness.ch\/wp-content\/uploads\/2018\/04\/Depositphotos_30251097_m-2015-265x175.jpg 265w, https:\/\/www.immobilienbusiness.ch\/wp-content\/uploads\/2018\/04\/Depositphotos_30251097_m-2015-530x350.jpg 530w, https:\/\/www.immobilienbusiness.ch\/wp-content\/uploads\/2018\/04\/Depositphotos_30251097_m-2015-920x607.jpg 920w\" sizes=\"auto, (max-width: 680px) 100vw, 680px\" \/><figcaption id=\"caption-attachment-12304\" class=\"wp-caption-text\">Le groupe industriel Omya reprend \u00e0 Nestl\u00e9 le site Galderma-Spirig \u00e0 Egerkingen (Image : depositedhar - depositphotos)<\/figcaption><\/figure>\n<p>En 2017, on a appris que Nestl\u00e9 allait abandonner le site Galderma-Spirig d'Egerkingen, mais un nouveau propri\u00e9taire a \u00e9t\u00e9 trouv\u00e9 pour le site. Omya International, un fabricant de min\u00e9raux industriels et distributeur de produits chimiques sp\u00e9ciaux, reprend le site ainsi que tous les b\u00e2timents et installations. De plus, Omya souhaite reprendre l'unit\u00e9 Cosmospheres de Spirig Pharma et offrir aux collaborateurs de ce secteur d'activit\u00e9 un autre emploi, communique l'entreprise.<span class=\"Apple-converted-space\">\u00a0<\/span><\/p>\n<p>Omya veut transf\u00e9rer ses d\u00e9partements de recherche et de d\u00e9veloppement d'Oftringen \u00e0 Egerkingen, notamment parce que les locaux du si\u00e8ge d'Oftringen ont atteint leurs limites de capacit\u00e9, explique l'entreprise. Dans un premier temps, environ 150 \u00e0 200 postes de travail sont pr\u00e9vus. A long terme, jusqu'\u00e0 350 postes \u00e0 temps plein pourraient \u00eatre install\u00e9s \u00e0 Egerkingen. <em>(ah)<\/em><\/p>","protected":false},"excerpt":{"rendered":"<p>Le groupe industriel Omya, dont le si\u00e8ge est \u00e0 Oftringen, reprend le site Galderma-Spirig dans la ville voisine d'Egerkingen (SO). Le vendeur est la soci\u00e9t\u00e9 m\u00e8re de Galderma-Spirig, Nestl\u00e9 Skin Health.<\/p>","protected":false},"author":3,"featured_media":12304,"comment_status":"open","ping_status":"open","sticky":false,"template":"","format":"standard","meta":{"_acf_changed":false,"_yoast_wpseo_focuskw":"Egerkingen","_yoast_wpseo_title":"","_yoast_wpseo_metadesc":"Der Industriekonzern Omya mit Sitz in Oftringen \u00fcbernimmt das Galderma-Spirig-Areal im benachbarten Egerkingen (SO).","_yoast_wpseo_linkdex":43,"pgc_sgb_lightbox_settings":"","footnotes":""},"categories":[985],"tags":[1205,1807,1830],"class_list":["post-14477","post","type-post","status-publish","format-standard","has-post-thumbnail","hentry","category-regionen","tag-espace-mittelland","tag-unternehmen","tag-verkauf"],"acf":[],"yoast_head":"<!-- This site is optimized with the Yoast SEO plugin v27.4 - https:\/\/yoast.com\/product\/yoast-seo-wordpress\/ -->\n<title>Egerkingen: Omya \u00fcbernimmt Galderma-Spirig-Areal - IMMOBILIEN Business<\/title>\n<meta name=\"description\" content=\"Der Industriekonzern Omya mit Sitz in Oftringen \u00fcbernimmt das Galderma-Spirig-Areal im benachbarten Egerkingen (SO).\" \/>\n<meta name=\"robots\" content=\"index, follow, max-snippet:-1, max-image-preview:large, max-video-preview:-1\" \/>\n<link rel=\"canonical\" href=\"https:\/\/www.immobilienbusiness.ch\/fr\/regionen\/2018-10-16\/egerkingen-omya-uebernimmt-galderma-spirig-areal\/\" \/>\n<meta property=\"og:locale\" content=\"fr_FR\" \/>\n<meta property=\"og:type\" content=\"article\" \/>\n<meta property=\"og:title\" content=\"Egerkingen: Omya \u00fcbernimmt Galderma-Spirig-Areal - IMMOBILIEN Business\" \/>\n<meta property=\"og:description\" content=\"Der Industriekonzern Omya mit Sitz in Oftringen \u00fcbernimmt das Galderma-Spirig-Areal im benachbarten Egerkingen (SO).\" \/>\n<meta property=\"og:url\" content=\"https:\/\/www.immobilienbusiness.ch\/fr\/regionen\/2018-10-16\/egerkingen-omya-uebernimmt-galderma-spirig-areal\/\" \/>\n<meta property=\"og:site_name\" content=\"IMMOBILIEN Business\" \/>\n<meta property=\"article:publisher\" content=\"https:\/\/www.facebook.com\/immobilienbusiness\/\" \/>\n<meta property=\"article:published_time\" content=\"2018-10-16T07:00:06+00:00\" \/>\n<meta property=\"og:image\" content=\"https:\/\/www.immobilienbusiness.ch\/wp-content\/uploads\/2018\/04\/Depositphotos_30251097_m-2015.jpg\" \/>\n\t<meta property=\"og:image:width\" content=\"1000\" \/>\n\t<meta property=\"og:image:height\" content=\"660\" \/>\n\t<meta property=\"og:image:type\" content=\"image\/jpeg\" \/>\n<meta name=\"author\" content=\"anja.hall\" \/>\n<meta name=\"twitter:card\" content=\"summary_large_image\" \/>\n<meta name=\"twitter:image\" content=\"https:\/\/www.immobilienbusiness.ch\/wp-content\/uploads\/2018\/04\/Depositphotos_30251097_m-2015.jpg\" \/>\n<script type=\"application\/ld+json\" class=\"yoast-schema-graph\">{\"@context\":\"https:\\\/\\\/schema.org\",\"@graph\":[{\"@type\":\"Article\",\"@id\":\"https:\\\/\\\/www.immobilienbusiness.ch\\\/en\\\/regionen\\\/2018-10-16\\\/egerkingen-omya-uebernimmt-galderma-spirig-areal\\\/#article\",\"isPartOf\":{\"@id\":\"https:\\\/\\\/www.immobilienbusiness.ch\\\/en\\\/regionen\\\/2018-10-16\\\/egerkingen-omya-uebernimmt-galderma-spirig-areal\\\/\"},\"author\":{\"name\":\"anja.hall\",\"@id\":\"https:\\\/\\\/www.immobilienbusiness.ch\\\/#\\\/schema\\\/person\\\/3fc036297b10b9f42d6db5ee932af8c8\"},\"headline\":\"Egerkingen: Omya \u00fcbernimmt Galderma-Spirig-Areal\",\"datePublished\":\"2018-10-16T07:00:06+00:00\",\"mainEntityOfPage\":{\"@id\":\"https:\\\/\\\/www.immobilienbusiness.ch\\\/en\\\/regionen\\\/2018-10-16\\\/egerkingen-omya-uebernimmt-galderma-spirig-areal\\\/\"},\"wordCount\":143,\"commentCount\":0,\"publisher\":{\"@id\":\"https:\\\/\\\/www.immobilienbusiness.ch\\\/#organization\"},\"image\":{\"@id\":\"https:\\\/\\\/www.immobilienbusiness.ch\\\/en\\\/regionen\\\/2018-10-16\\\/egerkingen-omya-uebernimmt-galderma-spirig-areal\\\/#primaryimage\"},\"thumbnailUrl\":\"https:\\\/\\\/www.immobilienbusiness.ch\\\/wp-content\\\/uploads\\\/2018\\\/04\\\/Depositphotos_30251097_m-2015.jpg\",\"keywords\":[\"Espace Mittelland\",\"Unternehmen\",\"Verkauf\"],\"articleSection\":[\"REGIONEN\"],\"inLanguage\":\"fr-FR\"},{\"@type\":\"WebPage\",\"@id\":\"https:\\\/\\\/www.immobilienbusiness.ch\\\/en\\\/regionen\\\/2018-10-16\\\/egerkingen-omya-uebernimmt-galderma-spirig-areal\\\/\",\"url\":\"https:\\\/\\\/www.immobilienbusiness.ch\\\/en\\\/regionen\\\/2018-10-16\\\/egerkingen-omya-uebernimmt-galderma-spirig-areal\\\/\",\"name\":\"Egerkingen: Omya \u00fcbernimmt Galderma-Spirig-Areal - IMMOBILIEN Business\",\"isPartOf\":{\"@id\":\"https:\\\/\\\/www.immobilienbusiness.ch\\\/#website\"},\"primaryImageOfPage\":{\"@id\":\"https:\\\/\\\/www.immobilienbusiness.ch\\\/en\\\/regionen\\\/2018-10-16\\\/egerkingen-omya-uebernimmt-galderma-spirig-areal\\\/#primaryimage\"},\"image\":{\"@id\":\"https:\\\/\\\/www.immobilienbusiness.ch\\\/en\\\/regionen\\\/2018-10-16\\\/egerkingen-omya-uebernimmt-galderma-spirig-areal\\\/#primaryimage\"},\"thumbnailUrl\":\"https:\\\/\\\/www.immobilienbusiness.ch\\\/wp-content\\\/uploads\\\/2018\\\/04\\\/Depositphotos_30251097_m-2015.jpg\",\"datePublished\":\"2018-10-16T07:00:06+00:00\",\"description\":\"Der Industriekonzern Omya mit Sitz in Oftringen \u00fcbernimmt das Galderma-Spirig-Areal im benachbarten Egerkingen (SO).\",\"breadcrumb\":{\"@id\":\"https:\\\/\\\/www.immobilienbusiness.ch\\\/en\\\/regionen\\\/2018-10-16\\\/egerkingen-omya-uebernimmt-galderma-spirig-areal\\\/#breadcrumb\"},\"inLanguage\":\"fr-FR\",\"potentialAction\":[{\"@type\":\"ReadAction\",\"target\":[\"https:\\\/\\\/www.immobilienbusiness.ch\\\/en\\\/regionen\\\/2018-10-16\\\/egerkingen-omya-uebernimmt-galderma-spirig-areal\\\/\"]}]},{\"@type\":\"ImageObject\",\"inLanguage\":\"fr-FR\",\"@id\":\"https:\\\/\\\/www.immobilienbusiness.ch\\\/en\\\/regionen\\\/2018-10-16\\\/egerkingen-omya-uebernimmt-galderma-spirig-areal\\\/#primaryimage\",\"url\":\"https:\\\/\\\/www.immobilienbusiness.ch\\\/wp-content\\\/uploads\\\/2018\\\/04\\\/Depositphotos_30251097_m-2015.jpg\",\"contentUrl\":\"https:\\\/\\\/www.immobilienbusiness.ch\\\/wp-content\\\/uploads\\\/2018\\\/04\\\/Depositphotos_30251097_m-2015.jpg\",\"width\":1000,\"height\":660,\"caption\":\"Investis erwirbt eine Beteiligung am Facility-Service-Unternehmen Batmaid (Bild: depositedhar - depositphotos)\"},{\"@type\":\"BreadcrumbList\",\"@id\":\"https:\\\/\\\/www.immobilienbusiness.ch\\\/en\\\/regionen\\\/2018-10-16\\\/egerkingen-omya-uebernimmt-galderma-spirig-areal\\\/#breadcrumb\",\"itemListElement\":[{\"@type\":\"ListItem\",\"position\":1,\"name\":\"Home\",\"item\":\"https:\\\/\\\/www.immobilienbusiness.ch\\\/\"},{\"@type\":\"ListItem\",\"position\":2,\"name\":\"Egerkingen: Omya \u00fcbernimmt Galderma-Spirig-Areal\"}]},{\"@type\":\"WebSite\",\"@id\":\"https:\\\/\\\/www.immobilienbusiness.ch\\\/#website\",\"url\":\"https:\\\/\\\/www.immobilienbusiness.ch\\\/\",\"name\":\"IMMOBILIEN Business\",\"description\":\"Unabh\u00e4ngiges Schweizer Wirtschaftsmagazin mit Fokus auf Immobilien, Architektur- und Bau sowie Investment- und Finanzierung.\",\"publisher\":{\"@id\":\"https:\\\/\\\/www.immobilienbusiness.ch\\\/#organization\"},\"potentialAction\":[{\"@type\":\"SearchAction\",\"target\":{\"@type\":\"EntryPoint\",\"urlTemplate\":\"https:\\\/\\\/www.immobilienbusiness.ch\\\/?s={search_term_string}\"},\"query-input\":{\"@type\":\"PropertyValueSpecification\",\"valueRequired\":true,\"valueName\":\"search_term_string\"}}],\"inLanguage\":\"fr-FR\"},{\"@type\":\"Organization\",\"@id\":\"https:\\\/\\\/www.immobilienbusiness.ch\\\/#organization\",\"name\":\"IMMOBILIEN Business\",\"url\":\"https:\\\/\\\/www.immobilienbusiness.ch\\\/\",\"logo\":{\"@type\":\"ImageObject\",\"inLanguage\":\"fr-FR\",\"@id\":\"https:\\\/\\\/www.immobilienbusiness.ch\\\/#\\\/schema\\\/logo\\\/image\\\/\",\"url\":\"https:\\\/\\\/www.immobilienbusiness.ch\\\/wp-content\\\/uploads\\\/2021\\\/07\\\/logo_ib.png\",\"contentUrl\":\"https:\\\/\\\/www.immobilienbusiness.ch\\\/wp-content\\\/uploads\\\/2021\\\/07\\\/logo_ib.png\",\"width\":800,\"height\":181,\"caption\":\"IMMOBILIEN Business\"},\"image\":{\"@id\":\"https:\\\/\\\/www.immobilienbusiness.ch\\\/#\\\/schema\\\/logo\\\/image\\\/\"},\"sameAs\":[\"https:\\\/\\\/www.facebook.com\\\/immobilienbusiness\\\/\"]},{\"@type\":\"Person\",\"@id\":\"https:\\\/\\\/www.immobilienbusiness.ch\\\/#\\\/schema\\\/person\\\/3fc036297b10b9f42d6db5ee932af8c8\",\"name\":\"anja.hall\",\"image\":{\"@type\":\"ImageObject\",\"inLanguage\":\"fr-FR\",\"@id\":\"https:\\\/\\\/secure.gravatar.com\\\/avatar\\\/066b5a0d447013502c71a5782f4f3469f03cfe595cc2329fb94652fe47511bfb?s=96&d=mm&r=g\",\"url\":\"https:\\\/\\\/secure.gravatar.com\\\/avatar\\\/066b5a0d447013502c71a5782f4f3469f03cfe595cc2329fb94652fe47511bfb?s=96&d=mm&r=g\",\"contentUrl\":\"https:\\\/\\\/secure.gravatar.com\\\/avatar\\\/066b5a0d447013502c71a5782f4f3469f03cfe595cc2329fb94652fe47511bfb?s=96&d=mm&r=g\",\"caption\":\"anja.hall\"},\"url\":\"https:\\\/\\\/www.immobilienbusiness.ch\\\/fr\\\/author\\\/anja-hall\\\/\"}]}<\/script>\n<!-- \/ Yoast SEO plugin. -->","yoast_head_json":{"title":"Egerkingen: Omya \u00fcbernimmt Galderma-Spirig-Areal - IMMOBILIEN Business","description":"Der Industriekonzern Omya mit Sitz in Oftringen \u00fcbernimmt das Galderma-Spirig-Areal im benachbarten Egerkingen (SO).","robots":{"index":"index","follow":"follow","max-snippet":"max-snippet:-1","max-image-preview":"max-image-preview:large","max-video-preview":"max-video-preview:-1"},"canonical":"https:\/\/www.immobilienbusiness.ch\/fr\/regionen\/2018-10-16\/egerkingen-omya-uebernimmt-galderma-spirig-areal\/","og_locale":"fr_FR","og_type":"article","og_title":"Egerkingen: Omya \u00fcbernimmt Galderma-Spirig-Areal - IMMOBILIEN Business","og_description":"Der Industriekonzern Omya mit Sitz in Oftringen \u00fcbernimmt das Galderma-Spirig-Areal im benachbarten Egerkingen (SO).","og_url":"https:\/\/www.immobilienbusiness.ch\/fr\/regionen\/2018-10-16\/egerkingen-omya-uebernimmt-galderma-spirig-areal\/","og_site_name":"IMMOBILIEN Business","article_publisher":"https:\/\/www.facebook.com\/immobilienbusiness\/","article_published_time":"2018-10-16T07:00:06+00:00","og_image":[{"width":1000,"height":660,"url":"https:\/\/www.immobilienbusiness.ch\/wp-content\/uploads\/2018\/04\/Depositphotos_30251097_m-2015.jpg","type":"image\/jpeg"}],"author":"anja.hall","twitter_card":"summary_large_image","twitter_image":"https:\/\/www.immobilienbusiness.ch\/wp-content\/uploads\/2018\/04\/Depositphotos_30251097_m-2015.jpg","schema":{"@context":"https:\/\/schema.org","@graph":[{"@type":"Article","@id":"https:\/\/www.immobilienbusiness.ch\/en\/regionen\/2018-10-16\/egerkingen-omya-uebernimmt-galderma-spirig-areal\/#article","isPartOf":{"@id":"https:\/\/www.immobilienbusiness.ch\/en\/regionen\/2018-10-16\/egerkingen-omya-uebernimmt-galderma-spirig-areal\/"},"author":{"name":"anja.hall","@id":"https:\/\/www.immobilienbusiness.ch\/#\/schema\/person\/3fc036297b10b9f42d6db5ee932af8c8"},"headline":"Egerkingen: Omya \u00fcbernimmt Galderma-Spirig-Areal","datePublished":"2018-10-16T07:00:06+00:00","mainEntityOfPage":{"@id":"https:\/\/www.immobilienbusiness.ch\/en\/regionen\/2018-10-16\/egerkingen-omya-uebernimmt-galderma-spirig-areal\/"},"wordCount":143,"commentCount":0,"publisher":{"@id":"https:\/\/www.immobilienbusiness.ch\/#organization"},"image":{"@id":"https:\/\/www.immobilienbusiness.ch\/en\/regionen\/2018-10-16\/egerkingen-omya-uebernimmt-galderma-spirig-areal\/#primaryimage"},"thumbnailUrl":"https:\/\/www.immobilienbusiness.ch\/wp-content\/uploads\/2018\/04\/Depositphotos_30251097_m-2015.jpg","keywords":["Espace Mittelland","Unternehmen","Verkauf"],"articleSection":["REGIONEN"],"inLanguage":"fr-FR"},{"@type":"WebPage","@id":"https:\/\/www.immobilienbusiness.ch\/en\/regionen\/2018-10-16\/egerkingen-omya-uebernimmt-galderma-spirig-areal\/","url":"https:\/\/www.immobilienbusiness.ch\/en\/regionen\/2018-10-16\/egerkingen-omya-uebernimmt-galderma-spirig-areal\/","name":"Egerkingen: Omya \u00fcbernimmt Galderma-Spirig-Areal - IMMOBILIEN Business","isPartOf":{"@id":"https:\/\/www.immobilienbusiness.ch\/#website"},"primaryImageOfPage":{"@id":"https:\/\/www.immobilienbusiness.ch\/en\/regionen\/2018-10-16\/egerkingen-omya-uebernimmt-galderma-spirig-areal\/#primaryimage"},"image":{"@id":"https:\/\/www.immobilienbusiness.ch\/en\/regionen\/2018-10-16\/egerkingen-omya-uebernimmt-galderma-spirig-areal\/#primaryimage"},"thumbnailUrl":"https:\/\/www.immobilienbusiness.ch\/wp-content\/uploads\/2018\/04\/Depositphotos_30251097_m-2015.jpg","datePublished":"2018-10-16T07:00:06+00:00","description":"Der Industriekonzern Omya mit Sitz in Oftringen \u00fcbernimmt das Galderma-Spirig-Areal im benachbarten Egerkingen (SO).","breadcrumb":{"@id":"https:\/\/www.immobilienbusiness.ch\/en\/regionen\/2018-10-16\/egerkingen-omya-uebernimmt-galderma-spirig-areal\/#breadcrumb"},"inLanguage":"fr-FR","potentialAction":[{"@type":"ReadAction","target":["https:\/\/www.immobilienbusiness.ch\/en\/regionen\/2018-10-16\/egerkingen-omya-uebernimmt-galderma-spirig-areal\/"]}]},{"@type":"ImageObject","inLanguage":"fr-FR","@id":"https:\/\/www.immobilienbusiness.ch\/en\/regionen\/2018-10-16\/egerkingen-omya-uebernimmt-galderma-spirig-areal\/#primaryimage","url":"https:\/\/www.immobilienbusiness.ch\/wp-content\/uploads\/2018\/04\/Depositphotos_30251097_m-2015.jpg","contentUrl":"https:\/\/www.immobilienbusiness.ch\/wp-content\/uploads\/2018\/04\/Depositphotos_30251097_m-2015.jpg","width":1000,"height":660,"caption":"Investis erwirbt eine Beteiligung am Facility-Service-Unternehmen Batmaid (Bild: depositedhar - depositphotos)"},{"@type":"BreadcrumbList","@id":"https:\/\/www.immobilienbusiness.ch\/en\/regionen\/2018-10-16\/egerkingen-omya-uebernimmt-galderma-spirig-areal\/#breadcrumb","itemListElement":[{"@type":"ListItem","position":1,"name":"Home","item":"https:\/\/www.immobilienbusiness.ch\/"},{"@type":"ListItem","position":2,"name":"Egerkingen: Omya \u00fcbernimmt Galderma-Spirig-Areal"}]},{"@type":"WebSite","@id":"https:\/\/www.immobilienbusiness.ch\/#website","url":"https:\/\/www.immobilienbusiness.ch\/","name":"IMMOBILIER Business","description":"Magazine \u00e9conomique suisse ind\u00e9pendant ax\u00e9 sur l'immobilier, l'architecture et la construction ainsi que sur les investissements et le financement.","publisher":{"@id":"https:\/\/www.immobilienbusiness.ch\/#organization"},"potentialAction":[{"@type":"SearchAction","target":{"@type":"EntryPoint","urlTemplate":"https:\/\/www.immobilienbusiness.ch\/?s={search_term_string}"},"query-input":{"@type":"PropertyValueSpecification","valueRequired":true,"valueName":"search_term_string"}}],"inLanguage":"fr-FR"},{"@type":"Organization","@id":"https:\/\/www.immobilienbusiness.ch\/#organization","name":"IMMOBILIER Business","url":"https:\/\/www.immobilienbusiness.ch\/","logo":{"@type":"ImageObject","inLanguage":"fr-FR","@id":"https:\/\/www.immobilienbusiness.ch\/#\/schema\/logo\/image\/","url":"https:\/\/www.immobilienbusiness.ch\/wp-content\/uploads\/2021\/07\/logo_ib.png","contentUrl":"https:\/\/www.immobilienbusiness.ch\/wp-content\/uploads\/2021\/07\/logo_ib.png","width":800,"height":181,"caption":"IMMOBILIEN Business"},"image":{"@id":"https:\/\/www.immobilienbusiness.ch\/#\/schema\/logo\/image\/"},"sameAs":["https:\/\/www.facebook.com\/immobilienbusiness\/"]},{"@type":"Person","@id":"https:\/\/www.immobilienbusiness.ch\/#\/schema\/person\/3fc036297b10b9f42d6db5ee932af8c8","name":"anja.hall","image":{"@type":"ImageObject","inLanguage":"fr-FR","@id":"https:\/\/secure.gravatar.com\/avatar\/066b5a0d447013502c71a5782f4f3469f03cfe595cc2329fb94652fe47511bfb?s=96&d=mm&r=g","url":"https:\/\/secure.gravatar.com\/avatar\/066b5a0d447013502c71a5782f4f3469f03cfe595cc2329fb94652fe47511bfb?s=96&d=mm&r=g","contentUrl":"https:\/\/secure.gravatar.com\/avatar\/066b5a0d447013502c71a5782f4f3469f03cfe595cc2329fb94652fe47511bfb?s=96&d=mm&r=g","caption":"anja.hall"},"url":"https:\/\/www.immobilienbusiness.ch\/fr\/author\/anja-hall\/"}]}},"_links":{"self":[{"href":"https:\/\/www.immobilienbusiness.ch\/fr\/wp-json\/wp\/v2\/posts\/14477","targetHints":{"allow":["GET"]}}],"collection":[{"href":"https:\/\/www.immobilienbusiness.ch\/fr\/wp-json\/wp\/v2\/posts"}],"about":[{"href":"https:\/\/www.immobilienbusiness.ch\/fr\/wp-json\/wp\/v2\/types\/post"}],"author":[{"embeddable":true,"href":"https:\/\/www.immobilienbusiness.ch\/fr\/wp-json\/wp\/v2\/users\/3"}],"replies":[{"embeddable":true,"href":"https:\/\/www.immobilienbusiness.ch\/fr\/wp-json\/wp\/v2\/comments?post=14477"}],"version-history":[{"count":0,"href":"https:\/\/www.immobilienbusiness.ch\/fr\/wp-json\/wp\/v2\/posts\/14477\/revisions"}],"wp:featuredmedia":[{"embeddable":true,"href":"https:\/\/www.immobilienbusiness.ch\/fr\/wp-json\/wp\/v2\/media\/12304"}],"wp:attachment":[{"href":"https:\/\/www.immobilienbusiness.ch\/fr\/wp-json\/wp\/v2\/media?parent=14477"}],"wp:term":[{"taxonomy":"category","embeddable":true,"href":"https:\/\/www.immobilienbusiness.ch\/fr\/wp-json\/wp\/v2\/categories?post=14477"},{"taxonomy":"post_tag","embeddable":true,"href":"https:\/\/www.immobilienbusiness.ch\/fr\/wp-json\/wp\/v2\/tags?post=14477"}],"curies":[{"name":"wp","href":"https:\/\/api.w.org\/{rel}","templated":true}]}}