{"id":14458,"date":"2018-10-12T09:14:45","date_gmt":"2018-10-12T07:14:45","guid":{"rendered":"https:\/\/www.immobilienbusiness.ch\/?p=14458"},"modified":"2018-10-12T09:14:45","modified_gmt":"2018-10-12T07:14:45","slug":"immobilienmesse-expo-real-endet-mit-neuem-rekord","status":"publish","type":"post","link":"https:\/\/www.immobilienbusiness.ch\/fr\/unternehmen\/2018-10-12\/immobilienmesse-expo-real-endet-mit-neuem-rekord\/","title":{"rendered":"Le salon immobilier Expo Real se termine sur un nouveau record"},"content":{"rendered":"<figure id=\"attachment_14460\" aria-describedby=\"caption-attachment-14460\" style=\"width: 680px\" class=\"wp-caption alignnone\"><img loading=\"lazy\" decoding=\"async\" class=\"size-medium wp-image-14460\" src=\"https:\/\/www.immobilienbusiness.ch\/wp-content\/uploads\/2018\/10\/besucher-der-expo-real.jpg\" alt=\"\" width=\"680\" height=\"453\" srcset=\"https:\/\/www.immobilienbusiness.ch\/wp-content\/uploads\/2018\/10\/besucher-der-expo-real.jpg 1920w, https:\/\/www.immobilienbusiness.ch\/wp-content\/uploads\/2018\/10\/besucher-der-expo-real-300x200.jpg 300w, https:\/\/www.immobilienbusiness.ch\/wp-content\/uploads\/2018\/10\/besucher-der-expo-real-1024x683.jpg 1024w, https:\/\/www.immobilienbusiness.ch\/wp-content\/uploads\/2018\/10\/besucher-der-expo-real-768x512.jpg 768w, https:\/\/www.immobilienbusiness.ch\/wp-content\/uploads\/2018\/10\/besucher-der-expo-real-1536x1024.jpg 1536w, https:\/\/www.immobilienbusiness.ch\/wp-content\/uploads\/2018\/10\/besucher-der-expo-real-16x12.jpg 16w, https:\/\/www.immobilienbusiness.ch\/wp-content\/uploads\/2018\/10\/besucher-der-expo-real-263x175.jpg 263w, https:\/\/www.immobilienbusiness.ch\/wp-content\/uploads\/2018\/10\/besucher-der-expo-real-525x350.jpg 525w, https:\/\/www.immobilienbusiness.ch\/wp-content\/uploads\/2018\/10\/besucher-der-expo-real-1200x800.jpg 1200w, https:\/\/www.immobilienbusiness.ch\/wp-content\/uploads\/2018\/10\/besucher-der-expo-real-920x613.jpg 920w, https:\/\/www.immobilienbusiness.ch\/wp-content\/uploads\/2018\/10\/besucher-der-expo-real-1400x933.jpg 1400w\" sizes=\"auto, (max-width: 680px) 100vw, 680px\" \/><figcaption id=\"caption-attachment-14460\" class=\"wp-caption-text\">Visiteurs de l'Expo Real (photo : Messe M\u00fcnchen)<\/figcaption><\/figure>\n<p>\"L'Expo Real 2018 refl\u00e8te le boom du secteur immobilier et \u00e9tablit un nouveau record : 2.095 entreprises, villes et r\u00e9gions internationales ont expos\u00e9, contre 2.003 en 2017\", a d\u00e9clar\u00e9 Klaus Dittrich, pr\u00e9sident du directoire de Messe M\u00fcnchen. Il ajoute que le nombre de participants a augment\u00e9 de 6,6 % par rapport \u00e0 l'ann\u00e9e pr\u00e9c\u00e9dente pour atteindre 44 536.<\/p>\n<p>Les th\u00e8mes centraux du salon \u00e9taient les opportunit\u00e9s et les risques dix ans apr\u00e8s la crise financi\u00e8re ainsi que les investissements mondiaux dans la phase actuelle du cycle. En outre, le secteur a discut\u00e9 intensivement de la mani\u00e8re de r\u00e9aliser un logement abordable. La num\u00e9risation a \u00e9galement \u00e9t\u00e9 un grand th\u00e8me du salon, plus de 60 jeunes entreprises PropTech se sont par exemple pr\u00e9sent\u00e9es au Real Estate Innovation Forum.<\/p>\n<p>Cette ann\u00e9e, le Swiss Circle \u00e9tait pr\u00e9sent pour la 20e fois au salon de l'immobilier. Les points forts du stand de 350 m\u00b2 \u00e9taient les maquettes de \"The Circle\" \u00e0 l'a\u00e9roport de Zurich et de \"Uptown Basel\" ainsi qu'un Digital Corner. <em>(ah)<\/em><\/p>","protected":false},"excerpt":{"rendered":"<p>L'Expo Real de cette ann\u00e9e s'est termin\u00e9e le 10 octobre \u00e0 Munich. Comme l'\u00e9crit la Messe M\u00fcnchen dans son rapport final, le nombre d'exposants et de participants a augment\u00e9 par rapport \u00e0 l'ann\u00e9e pr\u00e9c\u00e9dente. Le secteur de l'immobilier se porte bien, conclut l'organisation de la foire.<\/p>","protected":false},"author":3,"featured_media":14460,"comment_status":"open","ping_status":"open","sticky":false,"template":"","format":"standard","meta":{"_acf_changed":false,"_yoast_wpseo_focuskw":"Expo Real","_yoast_wpseo_title":"","_yoast_wpseo_metadesc":"Am 10. Oktober endete die diesj\u00e4hrige Expo Real in M\u00fcnchen. Sowohl die Zahl der Aussteller als auch der Teilnehmer ist gegen\u00fcber dem Vorjahr gestiegen.","_yoast_wpseo_linkdex":63,"pgc_sgb_lightbox_settings":"","footnotes":""},"categories":[988],"tags":[1213,1214],"class_list":["post-14458","post","type-post","status-publish","format-standard","has-post-thumbnail","hentry","category-unternehmen","tag-expo-real","tag-fachkongressfachmesse"],"acf":[],"yoast_head":"<!-- This site is optimized with the Yoast SEO plugin v27.5 - https:\/\/yoast.com\/product\/yoast-seo-wordpress\/ -->\n<title>Immobilienmesse Expo Real endet mit neuem Rekord - IMMOBILIEN Business<\/title>\n<meta name=\"description\" content=\"Am 10. Oktober endete die diesj\u00e4hrige Expo Real in M\u00fcnchen. Sowohl die Zahl der Aussteller als auch der Teilnehmer ist gegen\u00fcber dem Vorjahr gestiegen.\" \/>\n<meta name=\"robots\" content=\"index, follow, max-snippet:-1, max-image-preview:large, max-video-preview:-1\" \/>\n<link rel=\"canonical\" href=\"https:\/\/www.immobilienbusiness.ch\/fr\/unternehmen\/2018-10-12\/immobilienmesse-expo-real-endet-mit-neuem-rekord\/\" \/>\n<meta property=\"og:locale\" content=\"fr_FR\" \/>\n<meta property=\"og:type\" content=\"article\" \/>\n<meta property=\"og:title\" content=\"Immobilienmesse Expo Real endet mit neuem Rekord - IMMOBILIEN Business\" \/>\n<meta property=\"og:description\" content=\"Am 10. Oktober endete die diesj\u00e4hrige Expo Real in M\u00fcnchen. Sowohl die Zahl der Aussteller als auch der Teilnehmer ist gegen\u00fcber dem Vorjahr gestiegen.\" \/>\n<meta property=\"og:url\" content=\"https:\/\/www.immobilienbusiness.ch\/fr\/unternehmen\/2018-10-12\/immobilienmesse-expo-real-endet-mit-neuem-rekord\/\" \/>\n<meta property=\"og:site_name\" content=\"IMMOBILIEN Business\" \/>\n<meta property=\"article:publisher\" content=\"https:\/\/www.facebook.com\/immobilienbusiness\/\" \/>\n<meta property=\"article:published_time\" content=\"2018-10-12T07:14:45+00:00\" \/>\n<meta property=\"og:image\" content=\"https:\/\/www.immobilienbusiness.ch\/wp-content\/uploads\/2018\/10\/besucher-der-expo-real.jpg\" \/>\n\t<meta property=\"og:image:width\" content=\"1920\" \/>\n\t<meta property=\"og:image:height\" content=\"1280\" \/>\n\t<meta property=\"og:image:type\" content=\"image\/jpeg\" \/>\n<meta name=\"author\" content=\"anja.hall\" \/>\n<meta name=\"twitter:card\" content=\"summary_large_image\" \/>\n<meta name=\"twitter:image\" content=\"https:\/\/www.immobilienbusiness.ch\/wp-content\/uploads\/2018\/10\/besucher-der-expo-real.jpg\" \/>\n<script type=\"application\/ld+json\" class=\"yoast-schema-graph\">{\"@context\":\"https:\\\/\\\/schema.org\",\"@graph\":[{\"@type\":\"Article\",\"@id\":\"https:\\\/\\\/www.immobilienbusiness.ch\\\/en\\\/unternehmen\\\/2018-10-12\\\/immobilienmesse-expo-real-endet-mit-neuem-rekord\\\/#article\",\"isPartOf\":{\"@id\":\"https:\\\/\\\/www.immobilienbusiness.ch\\\/en\\\/unternehmen\\\/2018-10-12\\\/immobilienmesse-expo-real-endet-mit-neuem-rekord\\\/\"},\"author\":{\"name\":\"anja.hall\",\"@id\":\"https:\\\/\\\/www.immobilienbusiness.ch\\\/#\\\/schema\\\/person\\\/3fc036297b10b9f42d6db5ee932af8c8\"},\"headline\":\"Immobilienmesse Expo Real endet mit neuem Rekord\",\"datePublished\":\"2018-10-12T07:14:45+00:00\",\"mainEntityOfPage\":{\"@id\":\"https:\\\/\\\/www.immobilienbusiness.ch\\\/en\\\/unternehmen\\\/2018-10-12\\\/immobilienmesse-expo-real-endet-mit-neuem-rekord\\\/\"},\"wordCount\":161,\"commentCount\":0,\"publisher\":{\"@id\":\"https:\\\/\\\/www.immobilienbusiness.ch\\\/#organization\"},\"image\":{\"@id\":\"https:\\\/\\\/www.immobilienbusiness.ch\\\/en\\\/unternehmen\\\/2018-10-12\\\/immobilienmesse-expo-real-endet-mit-neuem-rekord\\\/#primaryimage\"},\"thumbnailUrl\":\"https:\\\/\\\/www.immobilienbusiness.ch\\\/wp-content\\\/uploads\\\/2018\\\/10\\\/besucher-der-expo-real.jpg\",\"keywords\":[\"Expo Real\",\"Fachkongress\\\/Fachmesse\"],\"articleSection\":[\"UNTERNEHMEN\"],\"inLanguage\":\"fr-FR\"},{\"@type\":\"WebPage\",\"@id\":\"https:\\\/\\\/www.immobilienbusiness.ch\\\/en\\\/unternehmen\\\/2018-10-12\\\/immobilienmesse-expo-real-endet-mit-neuem-rekord\\\/\",\"url\":\"https:\\\/\\\/www.immobilienbusiness.ch\\\/en\\\/unternehmen\\\/2018-10-12\\\/immobilienmesse-expo-real-endet-mit-neuem-rekord\\\/\",\"name\":\"Immobilienmesse Expo Real endet mit neuem Rekord - IMMOBILIEN Business\",\"isPartOf\":{\"@id\":\"https:\\\/\\\/www.immobilienbusiness.ch\\\/#website\"},\"primaryImageOfPage\":{\"@id\":\"https:\\\/\\\/www.immobilienbusiness.ch\\\/en\\\/unternehmen\\\/2018-10-12\\\/immobilienmesse-expo-real-endet-mit-neuem-rekord\\\/#primaryimage\"},\"image\":{\"@id\":\"https:\\\/\\\/www.immobilienbusiness.ch\\\/en\\\/unternehmen\\\/2018-10-12\\\/immobilienmesse-expo-real-endet-mit-neuem-rekord\\\/#primaryimage\"},\"thumbnailUrl\":\"https:\\\/\\\/www.immobilienbusiness.ch\\\/wp-content\\\/uploads\\\/2018\\\/10\\\/besucher-der-expo-real.jpg\",\"datePublished\":\"2018-10-12T07:14:45+00:00\",\"description\":\"Am 10. Oktober endete die diesj\u00e4hrige Expo Real in M\u00fcnchen. Sowohl die Zahl der Aussteller als auch der Teilnehmer ist gegen\u00fcber dem Vorjahr gestiegen.\",\"breadcrumb\":{\"@id\":\"https:\\\/\\\/www.immobilienbusiness.ch\\\/en\\\/unternehmen\\\/2018-10-12\\\/immobilienmesse-expo-real-endet-mit-neuem-rekord\\\/#breadcrumb\"},\"inLanguage\":\"fr-FR\",\"potentialAction\":[{\"@type\":\"ReadAction\",\"target\":[\"https:\\\/\\\/www.immobilienbusiness.ch\\\/en\\\/unternehmen\\\/2018-10-12\\\/immobilienmesse-expo-real-endet-mit-neuem-rekord\\\/\"]}]},{\"@type\":\"ImageObject\",\"inLanguage\":\"fr-FR\",\"@id\":\"https:\\\/\\\/www.immobilienbusiness.ch\\\/en\\\/unternehmen\\\/2018-10-12\\\/immobilienmesse-expo-real-endet-mit-neuem-rekord\\\/#primaryimage\",\"url\":\"https:\\\/\\\/www.immobilienbusiness.ch\\\/wp-content\\\/uploads\\\/2018\\\/10\\\/besucher-der-expo-real.jpg\",\"contentUrl\":\"https:\\\/\\\/www.immobilienbusiness.ch\\\/wp-content\\\/uploads\\\/2018\\\/10\\\/besucher-der-expo-real.jpg\",\"width\":1920,\"height\":1280,\"caption\":\"Besucher der Expo Real (Bild: Messe M\u00fcnchen)\"},{\"@type\":\"BreadcrumbList\",\"@id\":\"https:\\\/\\\/www.immobilienbusiness.ch\\\/en\\\/unternehmen\\\/2018-10-12\\\/immobilienmesse-expo-real-endet-mit-neuem-rekord\\\/#breadcrumb\",\"itemListElement\":[{\"@type\":\"ListItem\",\"position\":1,\"name\":\"Home\",\"item\":\"https:\\\/\\\/www.immobilienbusiness.ch\\\/\"},{\"@type\":\"ListItem\",\"position\":2,\"name\":\"Immobilienmesse Expo Real endet mit neuem Rekord\"}]},{\"@type\":\"WebSite\",\"@id\":\"https:\\\/\\\/www.immobilienbusiness.ch\\\/#website\",\"url\":\"https:\\\/\\\/www.immobilienbusiness.ch\\\/\",\"name\":\"IMMOBILIEN Business\",\"description\":\"Unabh\u00e4ngiges Schweizer Wirtschaftsmagazin mit Fokus auf Immobilien, Architektur- und Bau sowie Investment- und Finanzierung.\",\"publisher\":{\"@id\":\"https:\\\/\\\/www.immobilienbusiness.ch\\\/#organization\"},\"potentialAction\":[{\"@type\":\"SearchAction\",\"target\":{\"@type\":\"EntryPoint\",\"urlTemplate\":\"https:\\\/\\\/www.immobilienbusiness.ch\\\/?s={search_term_string}\"},\"query-input\":{\"@type\":\"PropertyValueSpecification\",\"valueRequired\":true,\"valueName\":\"search_term_string\"}}],\"inLanguage\":\"fr-FR\"},{\"@type\":\"Organization\",\"@id\":\"https:\\\/\\\/www.immobilienbusiness.ch\\\/#organization\",\"name\":\"IMMOBILIEN Business\",\"url\":\"https:\\\/\\\/www.immobilienbusiness.ch\\\/\",\"logo\":{\"@type\":\"ImageObject\",\"inLanguage\":\"fr-FR\",\"@id\":\"https:\\\/\\\/www.immobilienbusiness.ch\\\/#\\\/schema\\\/logo\\\/image\\\/\",\"url\":\"https:\\\/\\\/www.immobilienbusiness.ch\\\/wp-content\\\/uploads\\\/2021\\\/07\\\/logo_ib.png\",\"contentUrl\":\"https:\\\/\\\/www.immobilienbusiness.ch\\\/wp-content\\\/uploads\\\/2021\\\/07\\\/logo_ib.png\",\"width\":800,\"height\":181,\"caption\":\"IMMOBILIEN Business\"},\"image\":{\"@id\":\"https:\\\/\\\/www.immobilienbusiness.ch\\\/#\\\/schema\\\/logo\\\/image\\\/\"},\"sameAs\":[\"https:\\\/\\\/www.facebook.com\\\/immobilienbusiness\\\/\"]},{\"@type\":\"Person\",\"@id\":\"https:\\\/\\\/www.immobilienbusiness.ch\\\/#\\\/schema\\\/person\\\/3fc036297b10b9f42d6db5ee932af8c8\",\"name\":\"anja.hall\",\"image\":{\"@type\":\"ImageObject\",\"inLanguage\":\"fr-FR\",\"@id\":\"https:\\\/\\\/secure.gravatar.com\\\/avatar\\\/066b5a0d447013502c71a5782f4f3469f03cfe595cc2329fb94652fe47511bfb?s=96&d=mm&r=g\",\"url\":\"https:\\\/\\\/secure.gravatar.com\\\/avatar\\\/066b5a0d447013502c71a5782f4f3469f03cfe595cc2329fb94652fe47511bfb?s=96&d=mm&r=g\",\"contentUrl\":\"https:\\\/\\\/secure.gravatar.com\\\/avatar\\\/066b5a0d447013502c71a5782f4f3469f03cfe595cc2329fb94652fe47511bfb?s=96&d=mm&r=g\",\"caption\":\"anja.hall\"},\"url\":\"https:\\\/\\\/www.immobilienbusiness.ch\\\/fr\\\/author\\\/anja-hall\\\/\"}]}<\/script>\n<!-- \/ Yoast SEO plugin. -->","yoast_head_json":{"title":"Immobilienmesse Expo Real endet mit neuem Rekord - IMMOBILIEN Business","description":"Am 10. Oktober endete die diesj\u00e4hrige Expo Real in M\u00fcnchen. Sowohl die Zahl der Aussteller als auch der Teilnehmer ist gegen\u00fcber dem Vorjahr gestiegen.","robots":{"index":"index","follow":"follow","max-snippet":"max-snippet:-1","max-image-preview":"max-image-preview:large","max-video-preview":"max-video-preview:-1"},"canonical":"https:\/\/www.immobilienbusiness.ch\/fr\/unternehmen\/2018-10-12\/immobilienmesse-expo-real-endet-mit-neuem-rekord\/","og_locale":"fr_FR","og_type":"article","og_title":"Immobilienmesse Expo Real endet mit neuem Rekord - IMMOBILIEN Business","og_description":"Am 10. Oktober endete die diesj\u00e4hrige Expo Real in M\u00fcnchen. Sowohl die Zahl der Aussteller als auch der Teilnehmer ist gegen\u00fcber dem Vorjahr gestiegen.","og_url":"https:\/\/www.immobilienbusiness.ch\/fr\/unternehmen\/2018-10-12\/immobilienmesse-expo-real-endet-mit-neuem-rekord\/","og_site_name":"IMMOBILIEN Business","article_publisher":"https:\/\/www.facebook.com\/immobilienbusiness\/","article_published_time":"2018-10-12T07:14:45+00:00","og_image":[{"width":1920,"height":1280,"url":"https:\/\/www.immobilienbusiness.ch\/wp-content\/uploads\/2018\/10\/besucher-der-expo-real.jpg","type":"image\/jpeg"}],"author":"anja.hall","twitter_card":"summary_large_image","twitter_image":"https:\/\/www.immobilienbusiness.ch\/wp-content\/uploads\/2018\/10\/besucher-der-expo-real.jpg","schema":{"@context":"https:\/\/schema.org","@graph":[{"@type":"Article","@id":"https:\/\/www.immobilienbusiness.ch\/en\/unternehmen\/2018-10-12\/immobilienmesse-expo-real-endet-mit-neuem-rekord\/#article","isPartOf":{"@id":"https:\/\/www.immobilienbusiness.ch\/en\/unternehmen\/2018-10-12\/immobilienmesse-expo-real-endet-mit-neuem-rekord\/"},"author":{"name":"anja.hall","@id":"https:\/\/www.immobilienbusiness.ch\/#\/schema\/person\/3fc036297b10b9f42d6db5ee932af8c8"},"headline":"Immobilienmesse Expo Real endet mit neuem Rekord","datePublished":"2018-10-12T07:14:45+00:00","mainEntityOfPage":{"@id":"https:\/\/www.immobilienbusiness.ch\/en\/unternehmen\/2018-10-12\/immobilienmesse-expo-real-endet-mit-neuem-rekord\/"},"wordCount":161,"commentCount":0,"publisher":{"@id":"https:\/\/www.immobilienbusiness.ch\/#organization"},"image":{"@id":"https:\/\/www.immobilienbusiness.ch\/en\/unternehmen\/2018-10-12\/immobilienmesse-expo-real-endet-mit-neuem-rekord\/#primaryimage"},"thumbnailUrl":"https:\/\/www.immobilienbusiness.ch\/wp-content\/uploads\/2018\/10\/besucher-der-expo-real.jpg","keywords":["Expo Real","Fachkongress\/Fachmesse"],"articleSection":["UNTERNEHMEN"],"inLanguage":"fr-FR"},{"@type":"WebPage","@id":"https:\/\/www.immobilienbusiness.ch\/en\/unternehmen\/2018-10-12\/immobilienmesse-expo-real-endet-mit-neuem-rekord\/","url":"https:\/\/www.immobilienbusiness.ch\/en\/unternehmen\/2018-10-12\/immobilienmesse-expo-real-endet-mit-neuem-rekord\/","name":"Immobilienmesse Expo Real endet mit neuem Rekord - IMMOBILIEN Business","isPartOf":{"@id":"https:\/\/www.immobilienbusiness.ch\/#website"},"primaryImageOfPage":{"@id":"https:\/\/www.immobilienbusiness.ch\/en\/unternehmen\/2018-10-12\/immobilienmesse-expo-real-endet-mit-neuem-rekord\/#primaryimage"},"image":{"@id":"https:\/\/www.immobilienbusiness.ch\/en\/unternehmen\/2018-10-12\/immobilienmesse-expo-real-endet-mit-neuem-rekord\/#primaryimage"},"thumbnailUrl":"https:\/\/www.immobilienbusiness.ch\/wp-content\/uploads\/2018\/10\/besucher-der-expo-real.jpg","datePublished":"2018-10-12T07:14:45+00:00","description":"Am 10. Oktober endete die diesj\u00e4hrige Expo Real in M\u00fcnchen. Sowohl die Zahl der Aussteller als auch der Teilnehmer ist gegen\u00fcber dem Vorjahr gestiegen.","breadcrumb":{"@id":"https:\/\/www.immobilienbusiness.ch\/en\/unternehmen\/2018-10-12\/immobilienmesse-expo-real-endet-mit-neuem-rekord\/#breadcrumb"},"inLanguage":"fr-FR","potentialAction":[{"@type":"ReadAction","target":["https:\/\/www.immobilienbusiness.ch\/en\/unternehmen\/2018-10-12\/immobilienmesse-expo-real-endet-mit-neuem-rekord\/"]}]},{"@type":"ImageObject","inLanguage":"fr-FR","@id":"https:\/\/www.immobilienbusiness.ch\/en\/unternehmen\/2018-10-12\/immobilienmesse-expo-real-endet-mit-neuem-rekord\/#primaryimage","url":"https:\/\/www.immobilienbusiness.ch\/wp-content\/uploads\/2018\/10\/besucher-der-expo-real.jpg","contentUrl":"https:\/\/www.immobilienbusiness.ch\/wp-content\/uploads\/2018\/10\/besucher-der-expo-real.jpg","width":1920,"height":1280,"caption":"Besucher der Expo Real (Bild: Messe M\u00fcnchen)"},{"@type":"BreadcrumbList","@id":"https:\/\/www.immobilienbusiness.ch\/en\/unternehmen\/2018-10-12\/immobilienmesse-expo-real-endet-mit-neuem-rekord\/#breadcrumb","itemListElement":[{"@type":"ListItem","position":1,"name":"Home","item":"https:\/\/www.immobilienbusiness.ch\/"},{"@type":"ListItem","position":2,"name":"Immobilienmesse Expo Real endet mit neuem Rekord"}]},{"@type":"WebSite","@id":"https:\/\/www.immobilienbusiness.ch\/#website","url":"https:\/\/www.immobilienbusiness.ch\/","name":"IMMOBILIER Business","description":"Magazine \u00e9conomique suisse ind\u00e9pendant ax\u00e9 sur l'immobilier, l'architecture et la construction ainsi que sur les investissements et le financement.","publisher":{"@id":"https:\/\/www.immobilienbusiness.ch\/#organization"},"potentialAction":[{"@type":"SearchAction","target":{"@type":"EntryPoint","urlTemplate":"https:\/\/www.immobilienbusiness.ch\/?s={search_term_string}"},"query-input":{"@type":"PropertyValueSpecification","valueRequired":true,"valueName":"search_term_string"}}],"inLanguage":"fr-FR"},{"@type":"Organization","@id":"https:\/\/www.immobilienbusiness.ch\/#organization","name":"IMMOBILIER Business","url":"https:\/\/www.immobilienbusiness.ch\/","logo":{"@type":"ImageObject","inLanguage":"fr-FR","@id":"https:\/\/www.immobilienbusiness.ch\/#\/schema\/logo\/image\/","url":"https:\/\/www.immobilienbusiness.ch\/wp-content\/uploads\/2021\/07\/logo_ib.png","contentUrl":"https:\/\/www.immobilienbusiness.ch\/wp-content\/uploads\/2021\/07\/logo_ib.png","width":800,"height":181,"caption":"IMMOBILIEN Business"},"image":{"@id":"https:\/\/www.immobilienbusiness.ch\/#\/schema\/logo\/image\/"},"sameAs":["https:\/\/www.facebook.com\/immobilienbusiness\/"]},{"@type":"Person","@id":"https:\/\/www.immobilienbusiness.ch\/#\/schema\/person\/3fc036297b10b9f42d6db5ee932af8c8","name":"anja.hall","image":{"@type":"ImageObject","inLanguage":"fr-FR","@id":"https:\/\/secure.gravatar.com\/avatar\/066b5a0d447013502c71a5782f4f3469f03cfe595cc2329fb94652fe47511bfb?s=96&d=mm&r=g","url":"https:\/\/secure.gravatar.com\/avatar\/066b5a0d447013502c71a5782f4f3469f03cfe595cc2329fb94652fe47511bfb?s=96&d=mm&r=g","contentUrl":"https:\/\/secure.gravatar.com\/avatar\/066b5a0d447013502c71a5782f4f3469f03cfe595cc2329fb94652fe47511bfb?s=96&d=mm&r=g","caption":"anja.hall"},"url":"https:\/\/www.immobilienbusiness.ch\/fr\/author\/anja-hall\/"}]}},"_links":{"self":[{"href":"https:\/\/www.immobilienbusiness.ch\/fr\/wp-json\/wp\/v2\/posts\/14458","targetHints":{"allow":["GET"]}}],"collection":[{"href":"https:\/\/www.immobilienbusiness.ch\/fr\/wp-json\/wp\/v2\/posts"}],"about":[{"href":"https:\/\/www.immobilienbusiness.ch\/fr\/wp-json\/wp\/v2\/types\/post"}],"author":[{"embeddable":true,"href":"https:\/\/www.immobilienbusiness.ch\/fr\/wp-json\/wp\/v2\/users\/3"}],"replies":[{"embeddable":true,"href":"https:\/\/www.immobilienbusiness.ch\/fr\/wp-json\/wp\/v2\/comments?post=14458"}],"version-history":[{"count":0,"href":"https:\/\/www.immobilienbusiness.ch\/fr\/wp-json\/wp\/v2\/posts\/14458\/revisions"}],"wp:featuredmedia":[{"embeddable":true,"href":"https:\/\/www.immobilienbusiness.ch\/fr\/wp-json\/wp\/v2\/media\/14460"}],"wp:attachment":[{"href":"https:\/\/www.immobilienbusiness.ch\/fr\/wp-json\/wp\/v2\/media?parent=14458"}],"wp:term":[{"taxonomy":"category","embeddable":true,"href":"https:\/\/www.immobilienbusiness.ch\/fr\/wp-json\/wp\/v2\/categories?post=14458"},{"taxonomy":"post_tag","embeddable":true,"href":"https:\/\/www.immobilienbusiness.ch\/fr\/wp-json\/wp\/v2\/tags?post=14458"}],"curies":[{"name":"wp","href":"https:\/\/api.w.org\/{rel}","templated":true}]}}