{"id":14295,"date":"2018-10-01T08:45:03","date_gmt":"2018-10-01T06:45:03","guid":{"rendered":"https:\/\/www.immobilienbusiness.ch\/?p=14295"},"modified":"2018-10-01T08:45:03","modified_gmt":"2018-10-01T06:45:03","slug":"zuerich-spatenstich-fuer-neues-projekt-der-pwg","status":"publish","type":"post","link":"https:\/\/www.immobilienbusiness.ch\/fr\/regionen\/2018-10-01\/zuerich-spatenstich-fuer-neues-projekt-der-pwg\/","title":{"rendered":"Zurich : C\u00e9r\u00e9monie de pose de la premi\u00e8re pierre du nouveau projet PWG"},"content":{"rendered":"<figure id=\"attachment_14303\" aria-describedby=\"caption-attachment-14303\" style=\"width: 680px\" class=\"wp-caption alignnone\"><img loading=\"lazy\" decoding=\"async\" class=\"size-medium wp-image-14303\" src=\"https:\/\/www.immobilienbusiness.ch\/wp-content\/uploads\/2018\/10\/02_Rautihalde_Wohnzimmer\u00a9Fiederling-Habersang.jpg\" alt=\"\" width=\"680\" height=\"503\" srcset=\"https:\/\/www.immobilienbusiness.ch\/wp-content\/uploads\/2018\/10\/02_Rautihalde_Wohnzimmer\u00a9Fiederling-Habersang.jpg 1171w, https:\/\/www.immobilienbusiness.ch\/wp-content\/uploads\/2018\/10\/02_Rautihalde_Wohnzimmer\u00a9Fiederling-Habersang-300x222.jpg 300w, https:\/\/www.immobilienbusiness.ch\/wp-content\/uploads\/2018\/10\/02_Rautihalde_Wohnzimmer\u00a9Fiederling-Habersang-1024x757.jpg 1024w, https:\/\/www.immobilienbusiness.ch\/wp-content\/uploads\/2018\/10\/02_Rautihalde_Wohnzimmer\u00a9Fiederling-Habersang-768x568.jpg 768w, https:\/\/www.immobilienbusiness.ch\/wp-content\/uploads\/2018\/10\/02_Rautihalde_Wohnzimmer\u00a9Fiederling-Habersang-16x12.jpg 16w, https:\/\/www.immobilienbusiness.ch\/wp-content\/uploads\/2018\/10\/02_Rautihalde_Wohnzimmer\u00a9Fiederling-Habersang-237x175.jpg 237w, https:\/\/www.immobilienbusiness.ch\/wp-content\/uploads\/2018\/10\/02_Rautihalde_Wohnzimmer\u00a9Fiederling-Habersang-473x350.jpg 473w, https:\/\/www.immobilienbusiness.ch\/wp-content\/uploads\/2018\/10\/02_Rautihalde_Wohnzimmer\u00a9Fiederling-Habersang-1082x800.jpg 1082w, https:\/\/www.immobilienbusiness.ch\/wp-content\/uploads\/2018\/10\/02_Rautihalde_Wohnzimmer\u00a9Fiederling-Habersang-920x680.jpg 920w\" sizes=\"auto, (max-width: 680px) 100vw, 680px\" \/><figcaption id=\"caption-attachment-14303\" class=\"wp-caption-text\">La fondation PWG construit un immeuble d'habitation \u00e0 la Rautihalde (Visualisation \u00a9 Fiederling Habersang Architekten)<\/figcaption><\/figure>\n<p>Le nouveau b\u00e2timent de la Rautihalde 15, 19 \u00e0 Zurich-Altstetten remplace un immeuble plus petit datant de 1959 qui, selon le ma\u00eetre d'ouvrage PWG, \u00e9tait en mauvais \u00e9tat de construction. Ce sont d\u00e9sormais 33 grands appartements bon march\u00e9 qui sont construits et qui s'adressent principalement aux familles. Selon les indications de PWG, le nouveau b\u00e2timent co\u00fbte 15 millions de CHF et devrait \u00eatre termin\u00e9 en 2020.<\/p>\n<p>Lors du concours, les surfaces impos\u00e9es aux architectes ont \u00e9t\u00e9 r\u00e9duites au maximum, indique la PWG. Le bureau Fiederling Habersang Architekten, qui a remport\u00e9 le concours, a con\u00e7u \"des appartements tr\u00e8s compacts et pourtant tr\u00e8s polyvalents\", indique le communiqu\u00e9. A l'instar des appartements de l'\u00e9poque des fondateurs, les pi\u00e8ces sont ferm\u00e9es et offrent de nombreux espaces de rangement.<\/p>\n<p>Le nouveau b\u00e2timent d'Altstetten est l'un des cinq projets de construction actuels de la fondation. <em>(ah)<\/em><\/p>\n<p>&nbsp;<\/p>","protected":false},"excerpt":{"rendered":"<p>Le 28 septembre, le premier coup de pioche a \u00e9t\u00e9 donn\u00e9 pour la construction d'un nouvel immeuble de 33 logements locatifs. Le ma\u00eetre d'ouvrage est la Fondation pour le maintien de logements et de locaux commerciaux \u00e0 loyer mod\u00e9r\u00e9 de la ville de Zurich (PWG).<\/p>","protected":false},"author":3,"featured_media":14303,"comment_status":"open","ping_status":"open","sticky":false,"template":"","format":"standard","meta":{"_acf_changed":false,"_yoast_wpseo_focuskw":"PWG","_yoast_wpseo_title":"","_yoast_wpseo_metadesc":"Im Z\u00fcrich-Altstetten wurde der erste Spatenstich f\u00fcr einen Neubau mit 33 Mietwohnungen gesetzt. Bauherrin ist die Stiftung PWG.","_yoast_wpseo_linkdex":46,"pgc_sgb_lightbox_settings":"","footnotes":""},"categories":[985],"tags":[1599,1863,1888],"class_list":["post-14295","post","type-post","status-publish","format-standard","has-post-thumbnail","hentry","category-regionen","tag-projekt-in-bau","tag-wohnimmobilien","tag-zuerich"],"acf":[],"yoast_head":"<!-- This site is optimized with the Yoast SEO plugin v27.4 - https:\/\/yoast.com\/product\/yoast-seo-wordpress\/ -->\n<title>Z\u00fcrich: Spatenstich f\u00fcr neues Projekt der PWG - IMMOBILIEN Business<\/title>\n<meta name=\"description\" content=\"Im Z\u00fcrich-Altstetten wurde der erste Spatenstich f\u00fcr einen Neubau mit 33 Mietwohnungen gesetzt. Bauherrin ist die Stiftung PWG.\" \/>\n<meta name=\"robots\" content=\"index, follow, max-snippet:-1, max-image-preview:large, max-video-preview:-1\" \/>\n<link rel=\"canonical\" href=\"https:\/\/www.immobilienbusiness.ch\/fr\/regionen\/2018-10-01\/zuerich-spatenstich-fuer-neues-projekt-der-pwg\/\" \/>\n<meta property=\"og:locale\" content=\"fr_FR\" \/>\n<meta property=\"og:type\" content=\"article\" \/>\n<meta property=\"og:title\" content=\"Z\u00fcrich: Spatenstich f\u00fcr neues Projekt der PWG - IMMOBILIEN Business\" \/>\n<meta property=\"og:description\" content=\"Im Z\u00fcrich-Altstetten wurde der erste Spatenstich f\u00fcr einen Neubau mit 33 Mietwohnungen gesetzt. Bauherrin ist die Stiftung PWG.\" \/>\n<meta property=\"og:url\" content=\"https:\/\/www.immobilienbusiness.ch\/fr\/regionen\/2018-10-01\/zuerich-spatenstich-fuer-neues-projekt-der-pwg\/\" \/>\n<meta property=\"og:site_name\" content=\"IMMOBILIEN Business\" \/>\n<meta property=\"article:publisher\" content=\"https:\/\/www.facebook.com\/immobilienbusiness\/\" \/>\n<meta property=\"article:published_time\" content=\"2018-10-01T06:45:03+00:00\" \/>\n<meta property=\"og:image\" content=\"https:\/\/www.immobilienbusiness.ch\/wp-content\/uploads\/2018\/10\/02_Rautihalde_Wohnzimmer\u00a9Fiederling-Habersang.jpg\" \/>\n\t<meta property=\"og:image:width\" content=\"1171\" \/>\n\t<meta property=\"og:image:height\" content=\"866\" \/>\n\t<meta property=\"og:image:type\" content=\"image\/jpeg\" \/>\n<meta name=\"author\" content=\"anja.hall\" \/>\n<meta name=\"twitter:card\" content=\"summary_large_image\" \/>\n<meta name=\"twitter:image\" content=\"https:\/\/www.immobilienbusiness.ch\/wp-content\/uploads\/2018\/10\/02_Rautihalde_Wohnzimmer\u00a9Fiederling-Habersang.jpg\" \/>\n<script type=\"application\/ld+json\" class=\"yoast-schema-graph\">{\"@context\":\"https:\\\/\\\/schema.org\",\"@graph\":[{\"@type\":\"Article\",\"@id\":\"https:\\\/\\\/www.immobilienbusiness.ch\\\/regionen\\\/2018-10-01\\\/zuerich-spatenstich-fuer-neues-projekt-der-pwg\\\/#article\",\"isPartOf\":{\"@id\":\"https:\\\/\\\/www.immobilienbusiness.ch\\\/regionen\\\/2018-10-01\\\/zuerich-spatenstich-fuer-neues-projekt-der-pwg\\\/\"},\"author\":{\"name\":\"anja.hall\",\"@id\":\"https:\\\/\\\/www.immobilienbusiness.ch\\\/#\\\/schema\\\/person\\\/3fc036297b10b9f42d6db5ee932af8c8\"},\"headline\":\"Z\u00fcrich: Spatenstich f\u00fcr neues Projekt der PWG\",\"datePublished\":\"2018-10-01T06:45:03+00:00\",\"mainEntityOfPage\":{\"@id\":\"https:\\\/\\\/www.immobilienbusiness.ch\\\/regionen\\\/2018-10-01\\\/zuerich-spatenstich-fuer-neues-projekt-der-pwg\\\/\"},\"wordCount\":156,\"commentCount\":0,\"publisher\":{\"@id\":\"https:\\\/\\\/www.immobilienbusiness.ch\\\/#organization\"},\"image\":{\"@id\":\"https:\\\/\\\/www.immobilienbusiness.ch\\\/regionen\\\/2018-10-01\\\/zuerich-spatenstich-fuer-neues-projekt-der-pwg\\\/#primaryimage\"},\"thumbnailUrl\":\"https:\\\/\\\/www.immobilienbusiness.ch\\\/wp-content\\\/uploads\\\/2018\\\/10\\\/02_Rautihalde_Wohnzimmer\u00a9Fiederling-Habersang.jpg\",\"keywords\":[\"Projekt in Bau\",\"Wohnimmobilien\",\"Z\u00fcrich\"],\"articleSection\":[\"REGIONEN\"],\"inLanguage\":\"fr-FR\"},{\"@type\":\"WebPage\",\"@id\":\"https:\\\/\\\/www.immobilienbusiness.ch\\\/regionen\\\/2018-10-01\\\/zuerich-spatenstich-fuer-neues-projekt-der-pwg\\\/\",\"url\":\"https:\\\/\\\/www.immobilienbusiness.ch\\\/regionen\\\/2018-10-01\\\/zuerich-spatenstich-fuer-neues-projekt-der-pwg\\\/\",\"name\":\"Z\u00fcrich: Spatenstich f\u00fcr neues Projekt der PWG - IMMOBILIEN Business\",\"isPartOf\":{\"@id\":\"https:\\\/\\\/www.immobilienbusiness.ch\\\/#website\"},\"primaryImageOfPage\":{\"@id\":\"https:\\\/\\\/www.immobilienbusiness.ch\\\/regionen\\\/2018-10-01\\\/zuerich-spatenstich-fuer-neues-projekt-der-pwg\\\/#primaryimage\"},\"image\":{\"@id\":\"https:\\\/\\\/www.immobilienbusiness.ch\\\/regionen\\\/2018-10-01\\\/zuerich-spatenstich-fuer-neues-projekt-der-pwg\\\/#primaryimage\"},\"thumbnailUrl\":\"https:\\\/\\\/www.immobilienbusiness.ch\\\/wp-content\\\/uploads\\\/2018\\\/10\\\/02_Rautihalde_Wohnzimmer\u00a9Fiederling-Habersang.jpg\",\"datePublished\":\"2018-10-01T06:45:03+00:00\",\"description\":\"Im Z\u00fcrich-Altstetten wurde der erste Spatenstich f\u00fcr einen Neubau mit 33 Mietwohnungen gesetzt. Bauherrin ist die Stiftung PWG.\",\"breadcrumb\":{\"@id\":\"https:\\\/\\\/www.immobilienbusiness.ch\\\/regionen\\\/2018-10-01\\\/zuerich-spatenstich-fuer-neues-projekt-der-pwg\\\/#breadcrumb\"},\"inLanguage\":\"fr-FR\",\"potentialAction\":[{\"@type\":\"ReadAction\",\"target\":[\"https:\\\/\\\/www.immobilienbusiness.ch\\\/regionen\\\/2018-10-01\\\/zuerich-spatenstich-fuer-neues-projekt-der-pwg\\\/\"]}]},{\"@type\":\"ImageObject\",\"inLanguage\":\"fr-FR\",\"@id\":\"https:\\\/\\\/www.immobilienbusiness.ch\\\/regionen\\\/2018-10-01\\\/zuerich-spatenstich-fuer-neues-projekt-der-pwg\\\/#primaryimage\",\"url\":\"https:\\\/\\\/www.immobilienbusiness.ch\\\/wp-content\\\/uploads\\\/2018\\\/10\\\/02_Rautihalde_Wohnzimmer\u00a9Fiederling-Habersang.jpg\",\"contentUrl\":\"https:\\\/\\\/www.immobilienbusiness.ch\\\/wp-content\\\/uploads\\\/2018\\\/10\\\/02_Rautihalde_Wohnzimmer\u00a9Fiederling-Habersang.jpg\",\"width\":1171,\"height\":866,\"caption\":\"02_Rautihalde_Wohnzimmer\u00a9Fiederling-Habersang\"},{\"@type\":\"BreadcrumbList\",\"@id\":\"https:\\\/\\\/www.immobilienbusiness.ch\\\/regionen\\\/2018-10-01\\\/zuerich-spatenstich-fuer-neues-projekt-der-pwg\\\/#breadcrumb\",\"itemListElement\":[{\"@type\":\"ListItem\",\"position\":1,\"name\":\"Home\",\"item\":\"https:\\\/\\\/www.immobilienbusiness.ch\\\/\"},{\"@type\":\"ListItem\",\"position\":2,\"name\":\"Z\u00fcrich: Spatenstich f\u00fcr neues Projekt der PWG\"}]},{\"@type\":\"WebSite\",\"@id\":\"https:\\\/\\\/www.immobilienbusiness.ch\\\/#website\",\"url\":\"https:\\\/\\\/www.immobilienbusiness.ch\\\/\",\"name\":\"IMMOBILIEN Business\",\"description\":\"Unabh\u00e4ngiges Schweizer Wirtschaftsmagazin mit Fokus auf Immobilien, Architektur- und Bau sowie Investment- und Finanzierung.\",\"publisher\":{\"@id\":\"https:\\\/\\\/www.immobilienbusiness.ch\\\/#organization\"},\"potentialAction\":[{\"@type\":\"SearchAction\",\"target\":{\"@type\":\"EntryPoint\",\"urlTemplate\":\"https:\\\/\\\/www.immobilienbusiness.ch\\\/?s={search_term_string}\"},\"query-input\":{\"@type\":\"PropertyValueSpecification\",\"valueRequired\":true,\"valueName\":\"search_term_string\"}}],\"inLanguage\":\"fr-FR\"},{\"@type\":\"Organization\",\"@id\":\"https:\\\/\\\/www.immobilienbusiness.ch\\\/#organization\",\"name\":\"IMMOBILIEN Business\",\"url\":\"https:\\\/\\\/www.immobilienbusiness.ch\\\/\",\"logo\":{\"@type\":\"ImageObject\",\"inLanguage\":\"fr-FR\",\"@id\":\"https:\\\/\\\/www.immobilienbusiness.ch\\\/#\\\/schema\\\/logo\\\/image\\\/\",\"url\":\"https:\\\/\\\/www.immobilienbusiness.ch\\\/wp-content\\\/uploads\\\/2021\\\/07\\\/logo_ib.png\",\"contentUrl\":\"https:\\\/\\\/www.immobilienbusiness.ch\\\/wp-content\\\/uploads\\\/2021\\\/07\\\/logo_ib.png\",\"width\":800,\"height\":181,\"caption\":\"IMMOBILIEN Business\"},\"image\":{\"@id\":\"https:\\\/\\\/www.immobilienbusiness.ch\\\/#\\\/schema\\\/logo\\\/image\\\/\"},\"sameAs\":[\"https:\\\/\\\/www.facebook.com\\\/immobilienbusiness\\\/\"]},{\"@type\":\"Person\",\"@id\":\"https:\\\/\\\/www.immobilienbusiness.ch\\\/#\\\/schema\\\/person\\\/3fc036297b10b9f42d6db5ee932af8c8\",\"name\":\"anja.hall\",\"image\":{\"@type\":\"ImageObject\",\"inLanguage\":\"fr-FR\",\"@id\":\"https:\\\/\\\/secure.gravatar.com\\\/avatar\\\/066b5a0d447013502c71a5782f4f3469f03cfe595cc2329fb94652fe47511bfb?s=96&d=mm&r=g\",\"url\":\"https:\\\/\\\/secure.gravatar.com\\\/avatar\\\/066b5a0d447013502c71a5782f4f3469f03cfe595cc2329fb94652fe47511bfb?s=96&d=mm&r=g\",\"contentUrl\":\"https:\\\/\\\/secure.gravatar.com\\\/avatar\\\/066b5a0d447013502c71a5782f4f3469f03cfe595cc2329fb94652fe47511bfb?s=96&d=mm&r=g\",\"caption\":\"anja.hall\"},\"url\":\"https:\\\/\\\/www.immobilienbusiness.ch\\\/fr\\\/author\\\/anja-hall\\\/\"}]}<\/script>\n<!-- \/ Yoast SEO plugin. -->","yoast_head_json":{"title":"Z\u00fcrich: Spatenstich f\u00fcr neues Projekt der PWG - IMMOBILIEN Business","description":"Im Z\u00fcrich-Altstetten wurde der erste Spatenstich f\u00fcr einen Neubau mit 33 Mietwohnungen gesetzt. Bauherrin ist die Stiftung PWG.","robots":{"index":"index","follow":"follow","max-snippet":"max-snippet:-1","max-image-preview":"max-image-preview:large","max-video-preview":"max-video-preview:-1"},"canonical":"https:\/\/www.immobilienbusiness.ch\/fr\/regionen\/2018-10-01\/zuerich-spatenstich-fuer-neues-projekt-der-pwg\/","og_locale":"fr_FR","og_type":"article","og_title":"Z\u00fcrich: Spatenstich f\u00fcr neues Projekt der PWG - IMMOBILIEN Business","og_description":"Im Z\u00fcrich-Altstetten wurde der erste Spatenstich f\u00fcr einen Neubau mit 33 Mietwohnungen gesetzt. Bauherrin ist die Stiftung PWG.","og_url":"https:\/\/www.immobilienbusiness.ch\/fr\/regionen\/2018-10-01\/zuerich-spatenstich-fuer-neues-projekt-der-pwg\/","og_site_name":"IMMOBILIEN Business","article_publisher":"https:\/\/www.facebook.com\/immobilienbusiness\/","article_published_time":"2018-10-01T06:45:03+00:00","og_image":[{"width":1171,"height":866,"url":"https:\/\/www.immobilienbusiness.ch\/wp-content\/uploads\/2018\/10\/02_Rautihalde_Wohnzimmer\u00a9Fiederling-Habersang.jpg","type":"image\/jpeg"}],"author":"anja.hall","twitter_card":"summary_large_image","twitter_image":"https:\/\/www.immobilienbusiness.ch\/wp-content\/uploads\/2018\/10\/02_Rautihalde_Wohnzimmer\u00a9Fiederling-Habersang.jpg","schema":{"@context":"https:\/\/schema.org","@graph":[{"@type":"Article","@id":"https:\/\/www.immobilienbusiness.ch\/regionen\/2018-10-01\/zuerich-spatenstich-fuer-neues-projekt-der-pwg\/#article","isPartOf":{"@id":"https:\/\/www.immobilienbusiness.ch\/regionen\/2018-10-01\/zuerich-spatenstich-fuer-neues-projekt-der-pwg\/"},"author":{"name":"anja.hall","@id":"https:\/\/www.immobilienbusiness.ch\/#\/schema\/person\/3fc036297b10b9f42d6db5ee932af8c8"},"headline":"Z\u00fcrich: Spatenstich f\u00fcr neues Projekt der PWG","datePublished":"2018-10-01T06:45:03+00:00","mainEntityOfPage":{"@id":"https:\/\/www.immobilienbusiness.ch\/regionen\/2018-10-01\/zuerich-spatenstich-fuer-neues-projekt-der-pwg\/"},"wordCount":156,"commentCount":0,"publisher":{"@id":"https:\/\/www.immobilienbusiness.ch\/#organization"},"image":{"@id":"https:\/\/www.immobilienbusiness.ch\/regionen\/2018-10-01\/zuerich-spatenstich-fuer-neues-projekt-der-pwg\/#primaryimage"},"thumbnailUrl":"https:\/\/www.immobilienbusiness.ch\/wp-content\/uploads\/2018\/10\/02_Rautihalde_Wohnzimmer\u00a9Fiederling-Habersang.jpg","keywords":["Projekt in Bau","Wohnimmobilien","Z\u00fcrich"],"articleSection":["REGIONEN"],"inLanguage":"fr-FR"},{"@type":"WebPage","@id":"https:\/\/www.immobilienbusiness.ch\/regionen\/2018-10-01\/zuerich-spatenstich-fuer-neues-projekt-der-pwg\/","url":"https:\/\/www.immobilienbusiness.ch\/regionen\/2018-10-01\/zuerich-spatenstich-fuer-neues-projekt-der-pwg\/","name":"Z\u00fcrich: Spatenstich f\u00fcr neues Projekt der PWG - IMMOBILIEN Business","isPartOf":{"@id":"https:\/\/www.immobilienbusiness.ch\/#website"},"primaryImageOfPage":{"@id":"https:\/\/www.immobilienbusiness.ch\/regionen\/2018-10-01\/zuerich-spatenstich-fuer-neues-projekt-der-pwg\/#primaryimage"},"image":{"@id":"https:\/\/www.immobilienbusiness.ch\/regionen\/2018-10-01\/zuerich-spatenstich-fuer-neues-projekt-der-pwg\/#primaryimage"},"thumbnailUrl":"https:\/\/www.immobilienbusiness.ch\/wp-content\/uploads\/2018\/10\/02_Rautihalde_Wohnzimmer\u00a9Fiederling-Habersang.jpg","datePublished":"2018-10-01T06:45:03+00:00","description":"Im Z\u00fcrich-Altstetten wurde der erste Spatenstich f\u00fcr einen Neubau mit 33 Mietwohnungen gesetzt. Bauherrin ist die Stiftung PWG.","breadcrumb":{"@id":"https:\/\/www.immobilienbusiness.ch\/regionen\/2018-10-01\/zuerich-spatenstich-fuer-neues-projekt-der-pwg\/#breadcrumb"},"inLanguage":"fr-FR","potentialAction":[{"@type":"ReadAction","target":["https:\/\/www.immobilienbusiness.ch\/regionen\/2018-10-01\/zuerich-spatenstich-fuer-neues-projekt-der-pwg\/"]}]},{"@type":"ImageObject","inLanguage":"fr-FR","@id":"https:\/\/www.immobilienbusiness.ch\/regionen\/2018-10-01\/zuerich-spatenstich-fuer-neues-projekt-der-pwg\/#primaryimage","url":"https:\/\/www.immobilienbusiness.ch\/wp-content\/uploads\/2018\/10\/02_Rautihalde_Wohnzimmer\u00a9Fiederling-Habersang.jpg","contentUrl":"https:\/\/www.immobilienbusiness.ch\/wp-content\/uploads\/2018\/10\/02_Rautihalde_Wohnzimmer\u00a9Fiederling-Habersang.jpg","width":1171,"height":866,"caption":"02_Rautihalde_Wohnzimmer\u00a9Fiederling-Habersang"},{"@type":"BreadcrumbList","@id":"https:\/\/www.immobilienbusiness.ch\/regionen\/2018-10-01\/zuerich-spatenstich-fuer-neues-projekt-der-pwg\/#breadcrumb","itemListElement":[{"@type":"ListItem","position":1,"name":"Home","item":"https:\/\/www.immobilienbusiness.ch\/"},{"@type":"ListItem","position":2,"name":"Z\u00fcrich: Spatenstich f\u00fcr neues Projekt der PWG"}]},{"@type":"WebSite","@id":"https:\/\/www.immobilienbusiness.ch\/#website","url":"https:\/\/www.immobilienbusiness.ch\/","name":"IMMOBILIER Business","description":"Magazine \u00e9conomique suisse ind\u00e9pendant ax\u00e9 sur l'immobilier, l'architecture et la construction ainsi que sur les investissements et le financement.","publisher":{"@id":"https:\/\/www.immobilienbusiness.ch\/#organization"},"potentialAction":[{"@type":"SearchAction","target":{"@type":"EntryPoint","urlTemplate":"https:\/\/www.immobilienbusiness.ch\/?s={search_term_string}"},"query-input":{"@type":"PropertyValueSpecification","valueRequired":true,"valueName":"search_term_string"}}],"inLanguage":"fr-FR"},{"@type":"Organization","@id":"https:\/\/www.immobilienbusiness.ch\/#organization","name":"IMMOBILIER Business","url":"https:\/\/www.immobilienbusiness.ch\/","logo":{"@type":"ImageObject","inLanguage":"fr-FR","@id":"https:\/\/www.immobilienbusiness.ch\/#\/schema\/logo\/image\/","url":"https:\/\/www.immobilienbusiness.ch\/wp-content\/uploads\/2021\/07\/logo_ib.png","contentUrl":"https:\/\/www.immobilienbusiness.ch\/wp-content\/uploads\/2021\/07\/logo_ib.png","width":800,"height":181,"caption":"IMMOBILIEN Business"},"image":{"@id":"https:\/\/www.immobilienbusiness.ch\/#\/schema\/logo\/image\/"},"sameAs":["https:\/\/www.facebook.com\/immobilienbusiness\/"]},{"@type":"Person","@id":"https:\/\/www.immobilienbusiness.ch\/#\/schema\/person\/3fc036297b10b9f42d6db5ee932af8c8","name":"anja.hall","image":{"@type":"ImageObject","inLanguage":"fr-FR","@id":"https:\/\/secure.gravatar.com\/avatar\/066b5a0d447013502c71a5782f4f3469f03cfe595cc2329fb94652fe47511bfb?s=96&d=mm&r=g","url":"https:\/\/secure.gravatar.com\/avatar\/066b5a0d447013502c71a5782f4f3469f03cfe595cc2329fb94652fe47511bfb?s=96&d=mm&r=g","contentUrl":"https:\/\/secure.gravatar.com\/avatar\/066b5a0d447013502c71a5782f4f3469f03cfe595cc2329fb94652fe47511bfb?s=96&d=mm&r=g","caption":"anja.hall"},"url":"https:\/\/www.immobilienbusiness.ch\/fr\/author\/anja-hall\/"}]}},"_links":{"self":[{"href":"https:\/\/www.immobilienbusiness.ch\/fr\/wp-json\/wp\/v2\/posts\/14295","targetHints":{"allow":["GET"]}}],"collection":[{"href":"https:\/\/www.immobilienbusiness.ch\/fr\/wp-json\/wp\/v2\/posts"}],"about":[{"href":"https:\/\/www.immobilienbusiness.ch\/fr\/wp-json\/wp\/v2\/types\/post"}],"author":[{"embeddable":true,"href":"https:\/\/www.immobilienbusiness.ch\/fr\/wp-json\/wp\/v2\/users\/3"}],"replies":[{"embeddable":true,"href":"https:\/\/www.immobilienbusiness.ch\/fr\/wp-json\/wp\/v2\/comments?post=14295"}],"version-history":[{"count":0,"href":"https:\/\/www.immobilienbusiness.ch\/fr\/wp-json\/wp\/v2\/posts\/14295\/revisions"}],"wp:featuredmedia":[{"embeddable":true,"href":"https:\/\/www.immobilienbusiness.ch\/fr\/wp-json\/wp\/v2\/media\/14303"}],"wp:attachment":[{"href":"https:\/\/www.immobilienbusiness.ch\/fr\/wp-json\/wp\/v2\/media?parent=14295"}],"wp:term":[{"taxonomy":"category","embeddable":true,"href":"https:\/\/www.immobilienbusiness.ch\/fr\/wp-json\/wp\/v2\/categories?post=14295"},{"taxonomy":"post_tag","embeddable":true,"href":"https:\/\/www.immobilienbusiness.ch\/fr\/wp-json\/wp\/v2\/tags?post=14295"}],"curies":[{"name":"wp","href":"https:\/\/api.w.org\/{rel}","templated":true}]}}