{"id":14032,"date":"2018-09-19T08:31:59","date_gmt":"2018-09-19T06:31:59","guid":{"rendered":"https:\/\/www.immobilienbusiness.ch\/?p=14032"},"modified":"2018-09-19T08:31:59","modified_gmt":"2018-09-19T06:31:59","slug":"bak-rechnet-mit-ende-des-baubooms","status":"publish","type":"post","link":"https:\/\/www.immobilienbusiness.ch\/fr\/unternehmen\/2018-09-19\/bak-rechnet-mit-ende-des-baubooms\/","title":{"rendered":"BAK s'attend \u00e0 la fin du boom de la construction"},"content":{"rendered":"<figure id=\"attachment_12635\" aria-describedby=\"caption-attachment-12635\" style=\"width: 680px\" class=\"wp-caption alignnone\"><img loading=\"lazy\" decoding=\"async\" class=\"size-medium wp-image-12635\" src=\"https:\/\/www.immobilienbusiness.ch\/wp-content\/uploads\/2018\/05\/pixabay-michael-gaida.jpg\" alt=\"\" width=\"680\" height=\"453\" srcset=\"https:\/\/www.immobilienbusiness.ch\/wp-content\/uploads\/2018\/05\/pixabay-michael-gaida.jpg 1920w, https:\/\/www.immobilienbusiness.ch\/wp-content\/uploads\/2018\/05\/pixabay-michael-gaida-300x200.jpg 300w, https:\/\/www.immobilienbusiness.ch\/wp-content\/uploads\/2018\/05\/pixabay-michael-gaida-1024x683.jpg 1024w, https:\/\/www.immobilienbusiness.ch\/wp-content\/uploads\/2018\/05\/pixabay-michael-gaida-768x512.jpg 768w, https:\/\/www.immobilienbusiness.ch\/wp-content\/uploads\/2018\/05\/pixabay-michael-gaida-1536x1024.jpg 1536w, https:\/\/www.immobilienbusiness.ch\/wp-content\/uploads\/2018\/05\/pixabay-michael-gaida-16x12.jpg 16w, https:\/\/www.immobilienbusiness.ch\/wp-content\/uploads\/2018\/05\/pixabay-michael-gaida-263x175.jpg 263w, https:\/\/www.immobilienbusiness.ch\/wp-content\/uploads\/2018\/05\/pixabay-michael-gaida-525x350.jpg 525w, https:\/\/www.immobilienbusiness.ch\/wp-content\/uploads\/2018\/05\/pixabay-michael-gaida-1200x800.jpg 1200w, https:\/\/www.immobilienbusiness.ch\/wp-content\/uploads\/2018\/05\/pixabay-michael-gaida-920x613.jpg 920w, https:\/\/www.immobilienbusiness.ch\/wp-content\/uploads\/2018\/05\/pixabay-michael-gaida-1400x933.jpg 1400w\" sizes=\"auto, (max-width: 680px) 100vw, 680px\" \/><figcaption id=\"caption-attachment-12635\" class=\"wp-caption-text\">BAK Economics s'attend \u00e0 la fin du boom de la construction (Image : Pixabay\/Michael Gaida)<\/figcaption><\/figure>\n<p>Pour l'ann\u00e9e en cours, BAK Economics s'attend certes encore \u00e0 un nouveau record dans le cadre de ses pr\u00e9visions pour le b\u00e2timent 2018-2024. Mais en 2019, l'activit\u00e9 du b\u00e2timent devrait \u00e0 nouveau baisser pour la premi\u00e8re fois depuis 2008, selon les chercheurs en conjoncture. En 2020 et 2021, il ne faut s'attendre qu'\u00e0 une \u00e9volution mod\u00e9r\u00e9e.<\/p>\n<p>La construction de logements en serait la principale responsable, car d'une part, l'immigration ne devrait pas revenir \u00e0 ses anciens niveaux records et, d'autre part, il faudrait s'attendre \u00e0 une hausse progressive des taux d'int\u00e9r\u00eat \u00e0 partir du second semestre 2019.<\/p>\n<p>Dans le secteur du b\u00e2timent d'infrastructure, le rythme de croissance ralentit \u00e9galement, m\u00eame si de nombreux projets de construction d'h\u00f4pitaux sont toujours en cours de planification. La forte croissance de ces derni\u00e8res ann\u00e9es a toutefois permis de r\u00e9sorber une partie du besoin de rattrapage qui s'\u00e9tait accumul\u00e9 par le pass\u00e9 dans ce secteur de la construction.<\/p>\n<p>En r\u00e9sum\u00e9, BAK pr\u00e9voit une croissance de 1,1 % pour 2018 et un recul de 0,9 % pour 2019. Pour les ann\u00e9es 2020 \u00e0 2024, les chercheurs en conjoncture pr\u00e9voient une croissance dans le b\u00e2timent de 0,3 pour cent en moyenne par an. <em>(ah)<\/em><\/p>","protected":false},"excerpt":{"rendered":"<p>Les chercheurs en \u00e9conomie de BAK Economics pr\u00e9voient un recul de l'activit\u00e9 dans le b\u00e2timent pour l'ann\u00e9e \u00e0 venir. Le boom de la construction observ\u00e9 dans un pass\u00e9 r\u00e9cent ne se poursuivra pas. <\/p>","protected":false},"author":3,"featured_media":12635,"comment_status":"open","ping_status":"open","sticky":false,"template":"","format":"standard","meta":{"_acf_changed":false,"_yoast_wpseo_focuskw":"BAK","_yoast_wpseo_title":"","_yoast_wpseo_metadesc":"Die Wirtschaftsforscher von BAK Economics prognostizieren f\u00fcr 2019 einen R\u00fcckgang der Hochbaut\u00e4tigkeit. Der Bauboom werde sich nicht fortsetzen.","_yoast_wpseo_linkdex":69,"pgc_sgb_lightbox_settings":"","footnotes":""},"categories":[988],"tags":[1082],"class_list":["post-14032","post","type-post","status-publish","format-standard","has-post-thumbnail","hentry","category-unternehmen","tag-bauwirtschaft"],"acf":[],"yoast_head":"<!-- This site is optimized with the Yoast SEO plugin v27.5 - https:\/\/yoast.com\/product\/yoast-seo-wordpress\/ -->\n<title>BAK rechnet mit Ende des Baubooms - IMMOBILIEN Business<\/title>\n<meta name=\"description\" content=\"Die Wirtschaftsforscher von BAK Economics prognostizieren f\u00fcr 2019 einen R\u00fcckgang der Hochbaut\u00e4tigkeit. Der Bauboom werde sich nicht fortsetzen.\" \/>\n<meta name=\"robots\" content=\"index, follow, max-snippet:-1, max-image-preview:large, max-video-preview:-1\" \/>\n<link rel=\"canonical\" href=\"https:\/\/www.immobilienbusiness.ch\/fr\/unternehmen\/2018-09-19\/bak-rechnet-mit-ende-des-baubooms\/\" \/>\n<meta property=\"og:locale\" content=\"fr_FR\" \/>\n<meta property=\"og:type\" content=\"article\" \/>\n<meta property=\"og:title\" content=\"BAK rechnet mit Ende des Baubooms - IMMOBILIEN Business\" \/>\n<meta property=\"og:description\" content=\"Die Wirtschaftsforscher von BAK Economics prognostizieren f\u00fcr 2019 einen R\u00fcckgang der Hochbaut\u00e4tigkeit. Der Bauboom werde sich nicht fortsetzen.\" \/>\n<meta property=\"og:url\" content=\"https:\/\/www.immobilienbusiness.ch\/fr\/unternehmen\/2018-09-19\/bak-rechnet-mit-ende-des-baubooms\/\" \/>\n<meta property=\"og:site_name\" content=\"IMMOBILIEN Business\" \/>\n<meta property=\"article:publisher\" content=\"https:\/\/www.facebook.com\/immobilienbusiness\/\" \/>\n<meta property=\"article:published_time\" content=\"2018-09-19T06:31:59+00:00\" \/>\n<meta property=\"og:image\" content=\"https:\/\/www.immobilienbusiness.ch\/wp-content\/uploads\/2018\/05\/pixabay-michael-gaida.jpg\" \/>\n\t<meta property=\"og:image:width\" content=\"1920\" \/>\n\t<meta property=\"og:image:height\" content=\"1280\" \/>\n\t<meta property=\"og:image:type\" content=\"image\/jpeg\" \/>\n<meta name=\"author\" content=\"anja.hall\" \/>\n<meta name=\"twitter:card\" content=\"summary_large_image\" \/>\n<meta name=\"twitter:image\" content=\"https:\/\/www.immobilienbusiness.ch\/wp-content\/uploads\/2018\/05\/pixabay-michael-gaida.jpg\" \/>\n<script type=\"application\/ld+json\" class=\"yoast-schema-graph\">{\"@context\":\"https:\\\/\\\/schema.org\",\"@graph\":[{\"@type\":\"Article\",\"@id\":\"https:\\\/\\\/www.immobilienbusiness.ch\\\/de\\\/unternehmen\\\/2018-09-19\\\/bak-rechnet-mit-ende-des-baubooms\\\/#article\",\"isPartOf\":{\"@id\":\"https:\\\/\\\/www.immobilienbusiness.ch\\\/de\\\/unternehmen\\\/2018-09-19\\\/bak-rechnet-mit-ende-des-baubooms\\\/\"},\"author\":{\"name\":\"anja.hall\",\"@id\":\"https:\\\/\\\/www.immobilienbusiness.ch\\\/#\\\/schema\\\/person\\\/3fc036297b10b9f42d6db5ee932af8c8\"},\"headline\":\"BAK rechnet mit Ende des Baubooms\",\"datePublished\":\"2018-09-19T06:31:59+00:00\",\"mainEntityOfPage\":{\"@id\":\"https:\\\/\\\/www.immobilienbusiness.ch\\\/de\\\/unternehmen\\\/2018-09-19\\\/bak-rechnet-mit-ende-des-baubooms\\\/\"},\"wordCount\":182,\"commentCount\":0,\"publisher\":{\"@id\":\"https:\\\/\\\/www.immobilienbusiness.ch\\\/#organization\"},\"image\":{\"@id\":\"https:\\\/\\\/www.immobilienbusiness.ch\\\/de\\\/unternehmen\\\/2018-09-19\\\/bak-rechnet-mit-ende-des-baubooms\\\/#primaryimage\"},\"thumbnailUrl\":\"https:\\\/\\\/www.immobilienbusiness.ch\\\/wp-content\\\/uploads\\\/2018\\\/05\\\/pixabay-michael-gaida.jpg\",\"keywords\":[\"Bauwirtschaft\"],\"articleSection\":[\"UNTERNEHMEN\"],\"inLanguage\":\"fr-FR\"},{\"@type\":\"WebPage\",\"@id\":\"https:\\\/\\\/www.immobilienbusiness.ch\\\/de\\\/unternehmen\\\/2018-09-19\\\/bak-rechnet-mit-ende-des-baubooms\\\/\",\"url\":\"https:\\\/\\\/www.immobilienbusiness.ch\\\/de\\\/unternehmen\\\/2018-09-19\\\/bak-rechnet-mit-ende-des-baubooms\\\/\",\"name\":\"BAK rechnet mit Ende des Baubooms - IMMOBILIEN Business\",\"isPartOf\":{\"@id\":\"https:\\\/\\\/www.immobilienbusiness.ch\\\/#website\"},\"primaryImageOfPage\":{\"@id\":\"https:\\\/\\\/www.immobilienbusiness.ch\\\/de\\\/unternehmen\\\/2018-09-19\\\/bak-rechnet-mit-ende-des-baubooms\\\/#primaryimage\"},\"image\":{\"@id\":\"https:\\\/\\\/www.immobilienbusiness.ch\\\/de\\\/unternehmen\\\/2018-09-19\\\/bak-rechnet-mit-ende-des-baubooms\\\/#primaryimage\"},\"thumbnailUrl\":\"https:\\\/\\\/www.immobilienbusiness.ch\\\/wp-content\\\/uploads\\\/2018\\\/05\\\/pixabay-michael-gaida.jpg\",\"datePublished\":\"2018-09-19T06:31:59+00:00\",\"description\":\"Die Wirtschaftsforscher von BAK Economics prognostizieren f\u00fcr 2019 einen R\u00fcckgang der Hochbaut\u00e4tigkeit. Der Bauboom werde sich nicht fortsetzen.\",\"breadcrumb\":{\"@id\":\"https:\\\/\\\/www.immobilienbusiness.ch\\\/de\\\/unternehmen\\\/2018-09-19\\\/bak-rechnet-mit-ende-des-baubooms\\\/#breadcrumb\"},\"inLanguage\":\"fr-FR\",\"potentialAction\":[{\"@type\":\"ReadAction\",\"target\":[\"https:\\\/\\\/www.immobilienbusiness.ch\\\/de\\\/unternehmen\\\/2018-09-19\\\/bak-rechnet-mit-ende-des-baubooms\\\/\"]}]},{\"@type\":\"ImageObject\",\"inLanguage\":\"fr-FR\",\"@id\":\"https:\\\/\\\/www.immobilienbusiness.ch\\\/de\\\/unternehmen\\\/2018-09-19\\\/bak-rechnet-mit-ende-des-baubooms\\\/#primaryimage\",\"url\":\"https:\\\/\\\/www.immobilienbusiness.ch\\\/wp-content\\\/uploads\\\/2018\\\/05\\\/pixabay-michael-gaida.jpg\",\"contentUrl\":\"https:\\\/\\\/www.immobilienbusiness.ch\\\/wp-content\\\/uploads\\\/2018\\\/05\\\/pixabay-michael-gaida.jpg\",\"width\":1920,\"height\":1280,\"caption\":\"In Ostdeutschland wird eine 23.000 qm grosse Logistikimmobilie gebaut (Foto: Pixabay\\\/Michael Gaida)\"},{\"@type\":\"BreadcrumbList\",\"@id\":\"https:\\\/\\\/www.immobilienbusiness.ch\\\/de\\\/unternehmen\\\/2018-09-19\\\/bak-rechnet-mit-ende-des-baubooms\\\/#breadcrumb\",\"itemListElement\":[{\"@type\":\"ListItem\",\"position\":1,\"name\":\"Home\",\"item\":\"https:\\\/\\\/www.immobilienbusiness.ch\\\/\"},{\"@type\":\"ListItem\",\"position\":2,\"name\":\"BAK rechnet mit Ende des Baubooms\"}]},{\"@type\":\"WebSite\",\"@id\":\"https:\\\/\\\/www.immobilienbusiness.ch\\\/#website\",\"url\":\"https:\\\/\\\/www.immobilienbusiness.ch\\\/\",\"name\":\"IMMOBILIEN Business\",\"description\":\"Unabh\u00e4ngiges Schweizer Wirtschaftsmagazin mit Fokus auf Immobilien, Architektur- und Bau sowie Investment- und Finanzierung.\",\"publisher\":{\"@id\":\"https:\\\/\\\/www.immobilienbusiness.ch\\\/#organization\"},\"potentialAction\":[{\"@type\":\"SearchAction\",\"target\":{\"@type\":\"EntryPoint\",\"urlTemplate\":\"https:\\\/\\\/www.immobilienbusiness.ch\\\/?s={search_term_string}\"},\"query-input\":{\"@type\":\"PropertyValueSpecification\",\"valueRequired\":true,\"valueName\":\"search_term_string\"}}],\"inLanguage\":\"fr-FR\"},{\"@type\":\"Organization\",\"@id\":\"https:\\\/\\\/www.immobilienbusiness.ch\\\/#organization\",\"name\":\"IMMOBILIEN Business\",\"url\":\"https:\\\/\\\/www.immobilienbusiness.ch\\\/\",\"logo\":{\"@type\":\"ImageObject\",\"inLanguage\":\"fr-FR\",\"@id\":\"https:\\\/\\\/www.immobilienbusiness.ch\\\/#\\\/schema\\\/logo\\\/image\\\/\",\"url\":\"https:\\\/\\\/www.immobilienbusiness.ch\\\/wp-content\\\/uploads\\\/2021\\\/07\\\/logo_ib.png\",\"contentUrl\":\"https:\\\/\\\/www.immobilienbusiness.ch\\\/wp-content\\\/uploads\\\/2021\\\/07\\\/logo_ib.png\",\"width\":800,\"height\":181,\"caption\":\"IMMOBILIEN Business\"},\"image\":{\"@id\":\"https:\\\/\\\/www.immobilienbusiness.ch\\\/#\\\/schema\\\/logo\\\/image\\\/\"},\"sameAs\":[\"https:\\\/\\\/www.facebook.com\\\/immobilienbusiness\\\/\"]},{\"@type\":\"Person\",\"@id\":\"https:\\\/\\\/www.immobilienbusiness.ch\\\/#\\\/schema\\\/person\\\/3fc036297b10b9f42d6db5ee932af8c8\",\"name\":\"anja.hall\",\"image\":{\"@type\":\"ImageObject\",\"inLanguage\":\"fr-FR\",\"@id\":\"https:\\\/\\\/secure.gravatar.com\\\/avatar\\\/066b5a0d447013502c71a5782f4f3469f03cfe595cc2329fb94652fe47511bfb?s=96&d=mm&r=g\",\"url\":\"https:\\\/\\\/secure.gravatar.com\\\/avatar\\\/066b5a0d447013502c71a5782f4f3469f03cfe595cc2329fb94652fe47511bfb?s=96&d=mm&r=g\",\"contentUrl\":\"https:\\\/\\\/secure.gravatar.com\\\/avatar\\\/066b5a0d447013502c71a5782f4f3469f03cfe595cc2329fb94652fe47511bfb?s=96&d=mm&r=g\",\"caption\":\"anja.hall\"},\"url\":\"https:\\\/\\\/www.immobilienbusiness.ch\\\/fr\\\/author\\\/anja-hall\\\/\"}]}<\/script>\n<!-- \/ Yoast SEO plugin. -->","yoast_head_json":{"title":"BAK rechnet mit Ende des Baubooms - IMMOBILIEN Business","description":"Die Wirtschaftsforscher von BAK Economics prognostizieren f\u00fcr 2019 einen R\u00fcckgang der Hochbaut\u00e4tigkeit. Der Bauboom werde sich nicht fortsetzen.","robots":{"index":"index","follow":"follow","max-snippet":"max-snippet:-1","max-image-preview":"max-image-preview:large","max-video-preview":"max-video-preview:-1"},"canonical":"https:\/\/www.immobilienbusiness.ch\/fr\/unternehmen\/2018-09-19\/bak-rechnet-mit-ende-des-baubooms\/","og_locale":"fr_FR","og_type":"article","og_title":"BAK rechnet mit Ende des Baubooms - IMMOBILIEN Business","og_description":"Die Wirtschaftsforscher von BAK Economics prognostizieren f\u00fcr 2019 einen R\u00fcckgang der Hochbaut\u00e4tigkeit. Der Bauboom werde sich nicht fortsetzen.","og_url":"https:\/\/www.immobilienbusiness.ch\/fr\/unternehmen\/2018-09-19\/bak-rechnet-mit-ende-des-baubooms\/","og_site_name":"IMMOBILIEN Business","article_publisher":"https:\/\/www.facebook.com\/immobilienbusiness\/","article_published_time":"2018-09-19T06:31:59+00:00","og_image":[{"width":1920,"height":1280,"url":"https:\/\/www.immobilienbusiness.ch\/wp-content\/uploads\/2018\/05\/pixabay-michael-gaida.jpg","type":"image\/jpeg"}],"author":"anja.hall","twitter_card":"summary_large_image","twitter_image":"https:\/\/www.immobilienbusiness.ch\/wp-content\/uploads\/2018\/05\/pixabay-michael-gaida.jpg","schema":{"@context":"https:\/\/schema.org","@graph":[{"@type":"Article","@id":"https:\/\/www.immobilienbusiness.ch\/de\/unternehmen\/2018-09-19\/bak-rechnet-mit-ende-des-baubooms\/#article","isPartOf":{"@id":"https:\/\/www.immobilienbusiness.ch\/de\/unternehmen\/2018-09-19\/bak-rechnet-mit-ende-des-baubooms\/"},"author":{"name":"anja.hall","@id":"https:\/\/www.immobilienbusiness.ch\/#\/schema\/person\/3fc036297b10b9f42d6db5ee932af8c8"},"headline":"BAK rechnet mit Ende des Baubooms","datePublished":"2018-09-19T06:31:59+00:00","mainEntityOfPage":{"@id":"https:\/\/www.immobilienbusiness.ch\/de\/unternehmen\/2018-09-19\/bak-rechnet-mit-ende-des-baubooms\/"},"wordCount":182,"commentCount":0,"publisher":{"@id":"https:\/\/www.immobilienbusiness.ch\/#organization"},"image":{"@id":"https:\/\/www.immobilienbusiness.ch\/de\/unternehmen\/2018-09-19\/bak-rechnet-mit-ende-des-baubooms\/#primaryimage"},"thumbnailUrl":"https:\/\/www.immobilienbusiness.ch\/wp-content\/uploads\/2018\/05\/pixabay-michael-gaida.jpg","keywords":["Bauwirtschaft"],"articleSection":["UNTERNEHMEN"],"inLanguage":"fr-FR"},{"@type":"WebPage","@id":"https:\/\/www.immobilienbusiness.ch\/de\/unternehmen\/2018-09-19\/bak-rechnet-mit-ende-des-baubooms\/","url":"https:\/\/www.immobilienbusiness.ch\/de\/unternehmen\/2018-09-19\/bak-rechnet-mit-ende-des-baubooms\/","name":"BAK rechnet mit Ende des Baubooms - IMMOBILIEN Business","isPartOf":{"@id":"https:\/\/www.immobilienbusiness.ch\/#website"},"primaryImageOfPage":{"@id":"https:\/\/www.immobilienbusiness.ch\/de\/unternehmen\/2018-09-19\/bak-rechnet-mit-ende-des-baubooms\/#primaryimage"},"image":{"@id":"https:\/\/www.immobilienbusiness.ch\/de\/unternehmen\/2018-09-19\/bak-rechnet-mit-ende-des-baubooms\/#primaryimage"},"thumbnailUrl":"https:\/\/www.immobilienbusiness.ch\/wp-content\/uploads\/2018\/05\/pixabay-michael-gaida.jpg","datePublished":"2018-09-19T06:31:59+00:00","description":"Die Wirtschaftsforscher von BAK Economics prognostizieren f\u00fcr 2019 einen R\u00fcckgang der Hochbaut\u00e4tigkeit. Der Bauboom werde sich nicht fortsetzen.","breadcrumb":{"@id":"https:\/\/www.immobilienbusiness.ch\/de\/unternehmen\/2018-09-19\/bak-rechnet-mit-ende-des-baubooms\/#breadcrumb"},"inLanguage":"fr-FR","potentialAction":[{"@type":"ReadAction","target":["https:\/\/www.immobilienbusiness.ch\/de\/unternehmen\/2018-09-19\/bak-rechnet-mit-ende-des-baubooms\/"]}]},{"@type":"ImageObject","inLanguage":"fr-FR","@id":"https:\/\/www.immobilienbusiness.ch\/de\/unternehmen\/2018-09-19\/bak-rechnet-mit-ende-des-baubooms\/#primaryimage","url":"https:\/\/www.immobilienbusiness.ch\/wp-content\/uploads\/2018\/05\/pixabay-michael-gaida.jpg","contentUrl":"https:\/\/www.immobilienbusiness.ch\/wp-content\/uploads\/2018\/05\/pixabay-michael-gaida.jpg","width":1920,"height":1280,"caption":"In Ostdeutschland wird eine 23.000 qm grosse Logistikimmobilie gebaut (Foto: Pixabay\/Michael Gaida)"},{"@type":"BreadcrumbList","@id":"https:\/\/www.immobilienbusiness.ch\/de\/unternehmen\/2018-09-19\/bak-rechnet-mit-ende-des-baubooms\/#breadcrumb","itemListElement":[{"@type":"ListItem","position":1,"name":"Home","item":"https:\/\/www.immobilienbusiness.ch\/"},{"@type":"ListItem","position":2,"name":"BAK rechnet mit Ende des Baubooms"}]},{"@type":"WebSite","@id":"https:\/\/www.immobilienbusiness.ch\/#website","url":"https:\/\/www.immobilienbusiness.ch\/","name":"IMMOBILIER Business","description":"Magazine \u00e9conomique suisse ind\u00e9pendant ax\u00e9 sur l'immobilier, l'architecture et la construction ainsi que sur les investissements et le financement.","publisher":{"@id":"https:\/\/www.immobilienbusiness.ch\/#organization"},"potentialAction":[{"@type":"SearchAction","target":{"@type":"EntryPoint","urlTemplate":"https:\/\/www.immobilienbusiness.ch\/?s={search_term_string}"},"query-input":{"@type":"PropertyValueSpecification","valueRequired":true,"valueName":"search_term_string"}}],"inLanguage":"fr-FR"},{"@type":"Organization","@id":"https:\/\/www.immobilienbusiness.ch\/#organization","name":"IMMOBILIER Business","url":"https:\/\/www.immobilienbusiness.ch\/","logo":{"@type":"ImageObject","inLanguage":"fr-FR","@id":"https:\/\/www.immobilienbusiness.ch\/#\/schema\/logo\/image\/","url":"https:\/\/www.immobilienbusiness.ch\/wp-content\/uploads\/2021\/07\/logo_ib.png","contentUrl":"https:\/\/www.immobilienbusiness.ch\/wp-content\/uploads\/2021\/07\/logo_ib.png","width":800,"height":181,"caption":"IMMOBILIEN Business"},"image":{"@id":"https:\/\/www.immobilienbusiness.ch\/#\/schema\/logo\/image\/"},"sameAs":["https:\/\/www.facebook.com\/immobilienbusiness\/"]},{"@type":"Person","@id":"https:\/\/www.immobilienbusiness.ch\/#\/schema\/person\/3fc036297b10b9f42d6db5ee932af8c8","name":"anja.hall","image":{"@type":"ImageObject","inLanguage":"fr-FR","@id":"https:\/\/secure.gravatar.com\/avatar\/066b5a0d447013502c71a5782f4f3469f03cfe595cc2329fb94652fe47511bfb?s=96&d=mm&r=g","url":"https:\/\/secure.gravatar.com\/avatar\/066b5a0d447013502c71a5782f4f3469f03cfe595cc2329fb94652fe47511bfb?s=96&d=mm&r=g","contentUrl":"https:\/\/secure.gravatar.com\/avatar\/066b5a0d447013502c71a5782f4f3469f03cfe595cc2329fb94652fe47511bfb?s=96&d=mm&r=g","caption":"anja.hall"},"url":"https:\/\/www.immobilienbusiness.ch\/fr\/author\/anja-hall\/"}]}},"_links":{"self":[{"href":"https:\/\/www.immobilienbusiness.ch\/fr\/wp-json\/wp\/v2\/posts\/14032","targetHints":{"allow":["GET"]}}],"collection":[{"href":"https:\/\/www.immobilienbusiness.ch\/fr\/wp-json\/wp\/v2\/posts"}],"about":[{"href":"https:\/\/www.immobilienbusiness.ch\/fr\/wp-json\/wp\/v2\/types\/post"}],"author":[{"embeddable":true,"href":"https:\/\/www.immobilienbusiness.ch\/fr\/wp-json\/wp\/v2\/users\/3"}],"replies":[{"embeddable":true,"href":"https:\/\/www.immobilienbusiness.ch\/fr\/wp-json\/wp\/v2\/comments?post=14032"}],"version-history":[{"count":0,"href":"https:\/\/www.immobilienbusiness.ch\/fr\/wp-json\/wp\/v2\/posts\/14032\/revisions"}],"wp:featuredmedia":[{"embeddable":true,"href":"https:\/\/www.immobilienbusiness.ch\/fr\/wp-json\/wp\/v2\/media\/12635"}],"wp:attachment":[{"href":"https:\/\/www.immobilienbusiness.ch\/fr\/wp-json\/wp\/v2\/media?parent=14032"}],"wp:term":[{"taxonomy":"category","embeddable":true,"href":"https:\/\/www.immobilienbusiness.ch\/fr\/wp-json\/wp\/v2\/categories?post=14032"},{"taxonomy":"post_tag","embeddable":true,"href":"https:\/\/www.immobilienbusiness.ch\/fr\/wp-json\/wp\/v2\/tags?post=14032"}],"curies":[{"name":"wp","href":"https:\/\/api.w.org\/{rel}","templated":true}]}}