{"id":1381,"date":"2016-10-31T09:13:44","date_gmt":"2016-10-31T08:13:44","guid":{"rendered":"http:\/\/dev.immobilienbusiness.ch\/?p=1381"},"modified":"2016-10-31T09:13:44","modified_gmt":"2016-10-31T08:13:44","slug":"valres-kapitalerhoehung-fuer-valres-swiss-residential-fund","status":"publish","type":"post","link":"https:\/\/www.immobilienbusiness.ch\/fr\/unternehmen\/2016-10-31\/valres-kapitalerhoehung-fuer-valres-swiss-residential-fund\/","title":{"rendered":"Valres : Augmentation de capital pour Valres Swiss Residential Fund"},"content":{"rendered":"<figure id=\"attachment_1385\" aria-describedby=\"caption-attachment-1385\" style=\"width: 680px\" class=\"wp-caption alignnone\"><img loading=\"lazy\" decoding=\"async\" class=\"size-medium wp-image-1385\" src=\"https:\/\/immobilienbusiness.ch\/wp-content\/uploads\/2016\/12\/Valres-Kapitalerh\u00f6hung-f\u00fcr-Valres-Swiss-Residential-Fund-immobilien-business.jpg\" alt=\"Kapitalerh\u00f6hung f\u00fcr den Valres Swiss Residential (Foto: Pixabay)\" width=\"680\" height=\"504\" \/><figcaption id=\"caption-attachment-1385\" class=\"wp-caption-text\">Augmentation de capital pour le Valres Swiss Residential (photo : Pixabay)<\/figcaption><\/figure>\n<p>Les informations d\u00e9taill\u00e9es sur la transaction, telles que le volume, le prix d'\u00e9mission et le rapport de souscription, ne sont pas encore connues. L'augmentation de capital se fera dans le respect des droits de souscription des d\u00e9tenteurs de parts existants, fait savoir Valres. Le produit de l'\u00e9mission doit \u00eatre utilis\u00e9 pour poursuivre le d\u00e9veloppement du portefeuille immobilier. (ah)<\/p>","protected":false},"excerpt":{"rendered":"<p>Valres Fund Management AG veut r\u00e9aliser en novembre 2016 une \u00e9mission pour le Valres Swiss Residential Fund.<\/p>","protected":false},"author":1,"featured_media":1385,"comment_status":"open","ping_status":"open","sticky":false,"template":"","format":"standard","meta":{"_acf_changed":false,"_yoast_wpseo_focuskw":"Kapitalerh\u00f6hung","_yoast_wpseo_title":"","_yoast_wpseo_metadesc":"Kapitalerh\u00f6hung: Die Valres Fund Management AG will im November 2016 eine Emission f\u00fcr den Valres Swiss Residential Fund durchf\u00fchren.","_yoast_wpseo_linkdex":57,"pgc_sgb_lightbox_settings":"","footnotes":""},"categories":[988],"tags":[1222,1807],"class_list":["post-1381","post","type-post","status-publish","format-standard","has-post-thumbnail","hentry","category-unternehmen","tag-finanzierung","tag-unternehmen"],"acf":[],"yoast_head":"<!-- This site is optimized with the Yoast SEO plugin v27.4 - https:\/\/yoast.com\/product\/yoast-seo-wordpress\/ -->\n<title>Valres: Kapitalerh\u00f6hung f\u00fcr Valres Swiss Residential Fund - IMMOBILIEN Business<\/title>\n<meta name=\"description\" content=\"Kapitalerh\u00f6hung: Die Valres Fund Management AG will im November 2016 eine Emission f\u00fcr den Valres Swiss Residential Fund durchf\u00fchren.\" \/>\n<meta name=\"robots\" content=\"index, follow, max-snippet:-1, max-image-preview:large, max-video-preview:-1\" \/>\n<link rel=\"canonical\" href=\"https:\/\/www.immobilienbusiness.ch\/fr\/unternehmen\/2016-10-31\/valres-kapitalerhoehung-fuer-valres-swiss-residential-fund\/\" \/>\n<meta property=\"og:locale\" content=\"fr_FR\" \/>\n<meta property=\"og:type\" content=\"article\" \/>\n<meta property=\"og:title\" content=\"Valres: Kapitalerh\u00f6hung f\u00fcr Valres Swiss Residential Fund\" \/>\n<meta property=\"og:description\" content=\"Die Valres Fund Management AG will im November 2016 eine Emission f\u00fcr den Valres Swiss Residential Fund durchf\u00fchren.\" \/>\n<meta property=\"og:url\" content=\"https:\/\/www.immobilienbusiness.ch\/fr\/unternehmen\/2016-10-31\/valres-kapitalerhoehung-fuer-valres-swiss-residential-fund\/\" \/>\n<meta property=\"og:site_name\" content=\"IMMOBILIEN Business\" \/>\n<meta property=\"article:publisher\" content=\"https:\/\/www.facebook.com\/immobilienbusiness\/\" \/>\n<meta property=\"article:published_time\" content=\"2016-10-31T08:13:44+00:00\" \/>\n<meta name=\"author\" content=\"Redaktion\" \/>\n<meta name=\"twitter:card\" content=\"summary_large_image\" \/>\n<meta name=\"twitter:image\" content=\"https:\/\/www.immobilienbusiness.ch\/wp-content\/uploads\/2016\/12\/Valres-Kapitalerhoehung-fuer-Valres-Swiss-Residential-Fund-immobilien-business.jpg\" \/>\n<script type=\"application\/ld+json\" class=\"yoast-schema-graph\">{\"@context\":\"https:\\\/\\\/schema.org\",\"@graph\":[{\"@type\":\"Article\",\"@id\":\"https:\\\/\\\/www.immobilienbusiness.ch\\\/unternehmen\\\/2016-10-31\\\/valres-kapitalerhoehung-fuer-valres-swiss-residential-fund\\\/#article\",\"isPartOf\":{\"@id\":\"https:\\\/\\\/www.immobilienbusiness.ch\\\/unternehmen\\\/2016-10-31\\\/valres-kapitalerhoehung-fuer-valres-swiss-residential-fund\\\/\"},\"author\":{\"name\":\"Redaktion\",\"@id\":\"https:\\\/\\\/www.immobilienbusiness.ch\\\/#\\\/schema\\\/person\\\/aa2bace6c5c5aad60102004a50c4eb1c\"},\"headline\":\"Valres: Kapitalerh\u00f6hung f\u00fcr Valres Swiss Residential Fund\",\"datePublished\":\"2016-10-31T08:13:44+00:00\",\"mainEntityOfPage\":{\"@id\":\"https:\\\/\\\/www.immobilienbusiness.ch\\\/unternehmen\\\/2016-10-31\\\/valres-kapitalerhoehung-fuer-valres-swiss-residential-fund\\\/\"},\"wordCount\":69,\"commentCount\":0,\"publisher\":{\"@id\":\"https:\\\/\\\/www.immobilienbusiness.ch\\\/#organization\"},\"image\":{\"@id\":\"https:\\\/\\\/www.immobilienbusiness.ch\\\/unternehmen\\\/2016-10-31\\\/valres-kapitalerhoehung-fuer-valres-swiss-residential-fund\\\/#primaryimage\"},\"thumbnailUrl\":\"https:\\\/\\\/www.immobilienbusiness.ch\\\/wp-content\\\/uploads\\\/2016\\\/12\\\/Valres-Kapitalerhoehung-fuer-Valres-Swiss-Residential-Fund-immobilien-business.jpg\",\"keywords\":[\"Finanzierung\",\"Unternehmen\"],\"articleSection\":[\"UNTERNEHMEN\"],\"inLanguage\":\"fr-FR\"},{\"@type\":\"WebPage\",\"@id\":\"https:\\\/\\\/www.immobilienbusiness.ch\\\/unternehmen\\\/2016-10-31\\\/valres-kapitalerhoehung-fuer-valres-swiss-residential-fund\\\/\",\"url\":\"https:\\\/\\\/www.immobilienbusiness.ch\\\/unternehmen\\\/2016-10-31\\\/valres-kapitalerhoehung-fuer-valres-swiss-residential-fund\\\/\",\"name\":\"Valres: Kapitalerh\u00f6hung f\u00fcr Valres Swiss Residential Fund - IMMOBILIEN Business\",\"isPartOf\":{\"@id\":\"https:\\\/\\\/www.immobilienbusiness.ch\\\/#website\"},\"primaryImageOfPage\":{\"@id\":\"https:\\\/\\\/www.immobilienbusiness.ch\\\/unternehmen\\\/2016-10-31\\\/valres-kapitalerhoehung-fuer-valres-swiss-residential-fund\\\/#primaryimage\"},\"image\":{\"@id\":\"https:\\\/\\\/www.immobilienbusiness.ch\\\/unternehmen\\\/2016-10-31\\\/valres-kapitalerhoehung-fuer-valres-swiss-residential-fund\\\/#primaryimage\"},\"thumbnailUrl\":\"https:\\\/\\\/www.immobilienbusiness.ch\\\/wp-content\\\/uploads\\\/2016\\\/12\\\/Valres-Kapitalerhoehung-fuer-Valres-Swiss-Residential-Fund-immobilien-business.jpg\",\"datePublished\":\"2016-10-31T08:13:44+00:00\",\"description\":\"Kapitalerh\u00f6hung: Die Valres Fund Management AG will im November 2016 eine Emission f\u00fcr den Valres Swiss Residential Fund durchf\u00fchren.\",\"breadcrumb\":{\"@id\":\"https:\\\/\\\/www.immobilienbusiness.ch\\\/unternehmen\\\/2016-10-31\\\/valres-kapitalerhoehung-fuer-valres-swiss-residential-fund\\\/#breadcrumb\"},\"inLanguage\":\"fr-FR\",\"potentialAction\":[{\"@type\":\"ReadAction\",\"target\":[\"https:\\\/\\\/www.immobilienbusiness.ch\\\/unternehmen\\\/2016-10-31\\\/valres-kapitalerhoehung-fuer-valres-swiss-residential-fund\\\/\"]}]},{\"@type\":\"ImageObject\",\"inLanguage\":\"fr-FR\",\"@id\":\"https:\\\/\\\/www.immobilienbusiness.ch\\\/unternehmen\\\/2016-10-31\\\/valres-kapitalerhoehung-fuer-valres-swiss-residential-fund\\\/#primaryimage\",\"url\":\"https:\\\/\\\/www.immobilienbusiness.ch\\\/wp-content\\\/uploads\\\/2016\\\/12\\\/Valres-Kapitalerhoehung-fuer-Valres-Swiss-Residential-Fund-immobilien-business.jpg\",\"contentUrl\":\"https:\\\/\\\/www.immobilienbusiness.ch\\\/wp-content\\\/uploads\\\/2016\\\/12\\\/Valres-Kapitalerhoehung-fuer-Valres-Swiss-Residential-Fund-immobilien-business.jpg\",\"width\":1280,\"height\":949,\"caption\":\"Edmond de Rothschild plant eine Kapitalaufnahme f\u00fcr ein Teilverm\u00f6gen seiner Immobilien-Sicav Fonds (Foto: Pixabay)\"},{\"@type\":\"BreadcrumbList\",\"@id\":\"https:\\\/\\\/www.immobilienbusiness.ch\\\/unternehmen\\\/2016-10-31\\\/valres-kapitalerhoehung-fuer-valres-swiss-residential-fund\\\/#breadcrumb\",\"itemListElement\":[{\"@type\":\"ListItem\",\"position\":1,\"name\":\"Home\",\"item\":\"https:\\\/\\\/www.immobilienbusiness.ch\\\/\"},{\"@type\":\"ListItem\",\"position\":2,\"name\":\"Valres: Kapitalerh\u00f6hung f\u00fcr Valres Swiss Residential Fund\"}]},{\"@type\":\"WebSite\",\"@id\":\"https:\\\/\\\/www.immobilienbusiness.ch\\\/#website\",\"url\":\"https:\\\/\\\/www.immobilienbusiness.ch\\\/\",\"name\":\"IMMOBILIEN Business\",\"description\":\"Unabh\u00e4ngiges Schweizer Wirtschaftsmagazin mit Fokus auf Immobilien, Architektur- und Bau sowie Investment- und Finanzierung.\",\"publisher\":{\"@id\":\"https:\\\/\\\/www.immobilienbusiness.ch\\\/#organization\"},\"potentialAction\":[{\"@type\":\"SearchAction\",\"target\":{\"@type\":\"EntryPoint\",\"urlTemplate\":\"https:\\\/\\\/www.immobilienbusiness.ch\\\/?s={search_term_string}\"},\"query-input\":{\"@type\":\"PropertyValueSpecification\",\"valueRequired\":true,\"valueName\":\"search_term_string\"}}],\"inLanguage\":\"fr-FR\"},{\"@type\":\"Organization\",\"@id\":\"https:\\\/\\\/www.immobilienbusiness.ch\\\/#organization\",\"name\":\"IMMOBILIEN Business\",\"url\":\"https:\\\/\\\/www.immobilienbusiness.ch\\\/\",\"logo\":{\"@type\":\"ImageObject\",\"inLanguage\":\"fr-FR\",\"@id\":\"https:\\\/\\\/www.immobilienbusiness.ch\\\/#\\\/schema\\\/logo\\\/image\\\/\",\"url\":\"https:\\\/\\\/www.immobilienbusiness.ch\\\/wp-content\\\/uploads\\\/2021\\\/07\\\/logo_ib.png\",\"contentUrl\":\"https:\\\/\\\/www.immobilienbusiness.ch\\\/wp-content\\\/uploads\\\/2021\\\/07\\\/logo_ib.png\",\"width\":800,\"height\":181,\"caption\":\"IMMOBILIEN Business\"},\"image\":{\"@id\":\"https:\\\/\\\/www.immobilienbusiness.ch\\\/#\\\/schema\\\/logo\\\/image\\\/\"},\"sameAs\":[\"https:\\\/\\\/www.facebook.com\\\/immobilienbusiness\\\/\"]},{\"@type\":\"Person\",\"@id\":\"https:\\\/\\\/www.immobilienbusiness.ch\\\/#\\\/schema\\\/person\\\/aa2bace6c5c5aad60102004a50c4eb1c\",\"name\":\"Redaktion\",\"image\":{\"@type\":\"ImageObject\",\"inLanguage\":\"fr-FR\",\"@id\":\"https:\\\/\\\/secure.gravatar.com\\\/avatar\\\/ae2f4d718e6c49043e314ce431e7e645d646302a24a5ef5a8bc8e3f5a032e319?s=96&d=mm&r=g\",\"url\":\"https:\\\/\\\/secure.gravatar.com\\\/avatar\\\/ae2f4d718e6c49043e314ce431e7e645d646302a24a5ef5a8bc8e3f5a032e319?s=96&d=mm&r=g\",\"contentUrl\":\"https:\\\/\\\/secure.gravatar.com\\\/avatar\\\/ae2f4d718e6c49043e314ce431e7e645d646302a24a5ef5a8bc8e3f5a032e319?s=96&d=mm&r=g\",\"caption\":\"Redaktion\"},\"sameAs\":[\"http:\\\/\\\/develop.organisator.galledia.ch\"],\"url\":\"https:\\\/\\\/www.immobilienbusiness.ch\\\/fr\\\/author\\\/admin\\\/\"}]}<\/script>\n<!-- \/ Yoast SEO plugin. -->","yoast_head_json":{"title":"Valres : Augmentation de capital pour Valres Swiss Residential Fund - IMMOBILIER Business","description":"Augmentation de capital : Valres Fund Management AG veut r\u00e9aliser en novembre 2016 une \u00e9mission pour le Valres Swiss Residential Fund.","robots":{"index":"index","follow":"follow","max-snippet":"max-snippet:-1","max-image-preview":"max-image-preview:large","max-video-preview":"max-video-preview:-1"},"canonical":"https:\/\/www.immobilienbusiness.ch\/fr\/unternehmen\/2016-10-31\/valres-kapitalerhoehung-fuer-valres-swiss-residential-fund\/","og_locale":"fr_FR","og_type":"article","og_title":"Valres: Kapitalerh\u00f6hung f\u00fcr Valres Swiss Residential Fund","og_description":"Die Valres Fund Management AG will im November 2016 eine Emission f\u00fcr den Valres Swiss Residential Fund durchf\u00fchren.","og_url":"https:\/\/www.immobilienbusiness.ch\/fr\/unternehmen\/2016-10-31\/valres-kapitalerhoehung-fuer-valres-swiss-residential-fund\/","og_site_name":"IMMOBILIEN Business","article_publisher":"https:\/\/www.facebook.com\/immobilienbusiness\/","article_published_time":"2016-10-31T08:13:44+00:00","author":"Redaktion","twitter_card":"summary_large_image","twitter_image":"https:\/\/www.immobilienbusiness.ch\/wp-content\/uploads\/2016\/12\/Valres-Kapitalerhoehung-fuer-Valres-Swiss-Residential-Fund-immobilien-business.jpg","schema":{"@context":"https:\/\/schema.org","@graph":[{"@type":"Article","@id":"https:\/\/www.immobilienbusiness.ch\/unternehmen\/2016-10-31\/valres-kapitalerhoehung-fuer-valres-swiss-residential-fund\/#article","isPartOf":{"@id":"https:\/\/www.immobilienbusiness.ch\/unternehmen\/2016-10-31\/valres-kapitalerhoehung-fuer-valres-swiss-residential-fund\/"},"author":{"name":"Redaktion","@id":"https:\/\/www.immobilienbusiness.ch\/#\/schema\/person\/aa2bace6c5c5aad60102004a50c4eb1c"},"headline":"Valres: Kapitalerh\u00f6hung f\u00fcr Valres Swiss Residential Fund","datePublished":"2016-10-31T08:13:44+00:00","mainEntityOfPage":{"@id":"https:\/\/www.immobilienbusiness.ch\/unternehmen\/2016-10-31\/valres-kapitalerhoehung-fuer-valres-swiss-residential-fund\/"},"wordCount":69,"commentCount":0,"publisher":{"@id":"https:\/\/www.immobilienbusiness.ch\/#organization"},"image":{"@id":"https:\/\/www.immobilienbusiness.ch\/unternehmen\/2016-10-31\/valres-kapitalerhoehung-fuer-valres-swiss-residential-fund\/#primaryimage"},"thumbnailUrl":"https:\/\/www.immobilienbusiness.ch\/wp-content\/uploads\/2016\/12\/Valres-Kapitalerhoehung-fuer-Valres-Swiss-Residential-Fund-immobilien-business.jpg","keywords":["Finanzierung","Unternehmen"],"articleSection":["UNTERNEHMEN"],"inLanguage":"fr-FR"},{"@type":"WebPage","@id":"https:\/\/www.immobilienbusiness.ch\/unternehmen\/2016-10-31\/valres-kapitalerhoehung-fuer-valres-swiss-residential-fund\/","url":"https:\/\/www.immobilienbusiness.ch\/unternehmen\/2016-10-31\/valres-kapitalerhoehung-fuer-valres-swiss-residential-fund\/","name":"Valres : Augmentation de capital pour Valres Swiss Residential Fund - IMMOBILIER Business","isPartOf":{"@id":"https:\/\/www.immobilienbusiness.ch\/#website"},"primaryImageOfPage":{"@id":"https:\/\/www.immobilienbusiness.ch\/unternehmen\/2016-10-31\/valres-kapitalerhoehung-fuer-valres-swiss-residential-fund\/#primaryimage"},"image":{"@id":"https:\/\/www.immobilienbusiness.ch\/unternehmen\/2016-10-31\/valres-kapitalerhoehung-fuer-valres-swiss-residential-fund\/#primaryimage"},"thumbnailUrl":"https:\/\/www.immobilienbusiness.ch\/wp-content\/uploads\/2016\/12\/Valres-Kapitalerhoehung-fuer-Valres-Swiss-Residential-Fund-immobilien-business.jpg","datePublished":"2016-10-31T08:13:44+00:00","description":"Augmentation de capital : Valres Fund Management AG veut r\u00e9aliser en novembre 2016 une \u00e9mission pour le Valres Swiss Residential Fund.","breadcrumb":{"@id":"https:\/\/www.immobilienbusiness.ch\/unternehmen\/2016-10-31\/valres-kapitalerhoehung-fuer-valres-swiss-residential-fund\/#breadcrumb"},"inLanguage":"fr-FR","potentialAction":[{"@type":"ReadAction","target":["https:\/\/www.immobilienbusiness.ch\/unternehmen\/2016-10-31\/valres-kapitalerhoehung-fuer-valres-swiss-residential-fund\/"]}]},{"@type":"ImageObject","inLanguage":"fr-FR","@id":"https:\/\/www.immobilienbusiness.ch\/unternehmen\/2016-10-31\/valres-kapitalerhoehung-fuer-valres-swiss-residential-fund\/#primaryimage","url":"https:\/\/www.immobilienbusiness.ch\/wp-content\/uploads\/2016\/12\/Valres-Kapitalerhoehung-fuer-Valres-Swiss-Residential-Fund-immobilien-business.jpg","contentUrl":"https:\/\/www.immobilienbusiness.ch\/wp-content\/uploads\/2016\/12\/Valres-Kapitalerhoehung-fuer-Valres-Swiss-Residential-Fund-immobilien-business.jpg","width":1280,"height":949,"caption":"Edmond de Rothschild plant eine Kapitalaufnahme f\u00fcr ein Teilverm\u00f6gen seiner Immobilien-Sicav Fonds (Foto: Pixabay)"},{"@type":"BreadcrumbList","@id":"https:\/\/www.immobilienbusiness.ch\/unternehmen\/2016-10-31\/valres-kapitalerhoehung-fuer-valres-swiss-residential-fund\/#breadcrumb","itemListElement":[{"@type":"ListItem","position":1,"name":"Home","item":"https:\/\/www.immobilienbusiness.ch\/"},{"@type":"ListItem","position":2,"name":"Valres: Kapitalerh\u00f6hung f\u00fcr Valres Swiss Residential Fund"}]},{"@type":"WebSite","@id":"https:\/\/www.immobilienbusiness.ch\/#website","url":"https:\/\/www.immobilienbusiness.ch\/","name":"IMMOBILIER Business","description":"Magazine \u00e9conomique suisse ind\u00e9pendant ax\u00e9 sur l'immobilier, l'architecture et la construction ainsi que sur les investissements et le financement.","publisher":{"@id":"https:\/\/www.immobilienbusiness.ch\/#organization"},"potentialAction":[{"@type":"SearchAction","target":{"@type":"EntryPoint","urlTemplate":"https:\/\/www.immobilienbusiness.ch\/?s={search_term_string}"},"query-input":{"@type":"PropertyValueSpecification","valueRequired":true,"valueName":"search_term_string"}}],"inLanguage":"fr-FR"},{"@type":"Organization","@id":"https:\/\/www.immobilienbusiness.ch\/#organization","name":"IMMOBILIER Business","url":"https:\/\/www.immobilienbusiness.ch\/","logo":{"@type":"ImageObject","inLanguage":"fr-FR","@id":"https:\/\/www.immobilienbusiness.ch\/#\/schema\/logo\/image\/","url":"https:\/\/www.immobilienbusiness.ch\/wp-content\/uploads\/2021\/07\/logo_ib.png","contentUrl":"https:\/\/www.immobilienbusiness.ch\/wp-content\/uploads\/2021\/07\/logo_ib.png","width":800,"height":181,"caption":"IMMOBILIEN Business"},"image":{"@id":"https:\/\/www.immobilienbusiness.ch\/#\/schema\/logo\/image\/"},"sameAs":["https:\/\/www.facebook.com\/immobilienbusiness\/"]},{"@type":"Person","@id":"https:\/\/www.immobilienbusiness.ch\/#\/schema\/person\/aa2bace6c5c5aad60102004a50c4eb1c","name":"Editorial","image":{"@type":"ImageObject","inLanguage":"fr-FR","@id":"https:\/\/secure.gravatar.com\/avatar\/ae2f4d718e6c49043e314ce431e7e645d646302a24a5ef5a8bc8e3f5a032e319?s=96&d=mm&r=g","url":"https:\/\/secure.gravatar.com\/avatar\/ae2f4d718e6c49043e314ce431e7e645d646302a24a5ef5a8bc8e3f5a032e319?s=96&d=mm&r=g","contentUrl":"https:\/\/secure.gravatar.com\/avatar\/ae2f4d718e6c49043e314ce431e7e645d646302a24a5ef5a8bc8e3f5a032e319?s=96&d=mm&r=g","caption":"Redaktion"},"sameAs":["http:\/\/develop.organisator.galledia.ch"],"url":"https:\/\/www.immobilienbusiness.ch\/fr\/author\/admin\/"}]}},"_links":{"self":[{"href":"https:\/\/www.immobilienbusiness.ch\/fr\/wp-json\/wp\/v2\/posts\/1381","targetHints":{"allow":["GET"]}}],"collection":[{"href":"https:\/\/www.immobilienbusiness.ch\/fr\/wp-json\/wp\/v2\/posts"}],"about":[{"href":"https:\/\/www.immobilienbusiness.ch\/fr\/wp-json\/wp\/v2\/types\/post"}],"author":[{"embeddable":true,"href":"https:\/\/www.immobilienbusiness.ch\/fr\/wp-json\/wp\/v2\/users\/1"}],"replies":[{"embeddable":true,"href":"https:\/\/www.immobilienbusiness.ch\/fr\/wp-json\/wp\/v2\/comments?post=1381"}],"version-history":[{"count":0,"href":"https:\/\/www.immobilienbusiness.ch\/fr\/wp-json\/wp\/v2\/posts\/1381\/revisions"}],"wp:featuredmedia":[{"embeddable":true,"href":"https:\/\/www.immobilienbusiness.ch\/fr\/wp-json\/wp\/v2\/media\/1385"}],"wp:attachment":[{"href":"https:\/\/www.immobilienbusiness.ch\/fr\/wp-json\/wp\/v2\/media?parent=1381"}],"wp:term":[{"taxonomy":"category","embeddable":true,"href":"https:\/\/www.immobilienbusiness.ch\/fr\/wp-json\/wp\/v2\/categories?post=1381"},{"taxonomy":"post_tag","embeddable":true,"href":"https:\/\/www.immobilienbusiness.ch\/fr\/wp-json\/wp\/v2\/tags?post=1381"}],"curies":[{"name":"wp","href":"https:\/\/api.w.org\/{rel}","templated":true}]}}