{"id":13693,"date":"2018-08-16T09:13:50","date_gmt":"2018-08-16T07:13:50","guid":{"rendered":"https:\/\/www.immobilienbusiness.ch\/?p=13693"},"modified":"2018-08-16T09:13:50","modified_gmt":"2018-08-16T07:13:50","slug":"wattwil-grundsteinlegung-fuer-ueberbauung-am-bahnhof","status":"publish","type":"post","link":"https:\/\/www.immobilienbusiness.ch\/fr\/regionen\/2018-08-16\/wattwil-grundsteinlegung-fuer-ueberbauung-am-bahnhof\/","title":{"rendered":"Wattwil : pose de la premi\u00e8re pierre d'un lotissement \u00e0 la gare"},"content":{"rendered":"<figure id=\"attachment_13694\" aria-describedby=\"caption-attachment-13694\" style=\"width: 680px\" class=\"wp-caption alignnone\"><img loading=\"lazy\" decoding=\"async\" class=\"wp-image-13694 size-medium\" src=\"https:\/\/www.immobilienbusiness.ch\/wp-content\/uploads\/2018\/08\/Bild-Grundsteinlegung-\u00abBahnhof-S\u00fcd-Wattwil\u00bb.jpg\" alt=\"\" width=\"680\" height=\"455\" \/><figcaption id=\"caption-attachment-13694\" class=\"wp-caption-text\">Des repr\u00e9sentants des entreprises participantes lors de la pose de la premi\u00e8re pierre du lotissement \"Bahnhof S\u00fcd Wattwil\" (photo : SOB)<\/figcaption><\/figure>\n<p>Le SOB et l'Asga construisent pr\u00e8s de la gare de Wattwil (SG) un total de 75 logements locatifs accessibles de 2,5 et 3,5 pi\u00e8ces. En outre, 1.800 m\u00b2 sont pr\u00e9vus pour le commerce de d\u00e9tail et les prestataires de services. Le co\u00fbt total du projet s'\u00e9l\u00e8ve \u00e0 environ 30 millions de CHF.<\/p>\n<p>Selon un communiqu\u00e9 de presse, la boulangerie Abderhalden Wattwil ouvrira \u00e0 l'automne 2019 un caf\u00e9 de plus de 30 places assises et une boulangerie dans le nouveau b\u00e2timent. \"Des n\u00e9gociations sont en cours avec d'autres personnes int\u00e9ress\u00e9es\", explique Bruno Baumgartner, directeur de la division Immobilier et TIC du SOB. La soci\u00e9t\u00e9 HEV Verwaltungs AG de Wattwil a \u00e9t\u00e9 charg\u00e9e de la premi\u00e8re location des appartements. Les premiers appartements devraient \u00eatre pr\u00eats \u00e0 \u00eatre occup\u00e9s \u00e0 partir de l'automne 2019.<\/p>\n<p>Le Schweizerische S\u00fcdostbahn (SOB) est ancr\u00e9 en Suisse orientale et centrale et emploie plus de 600 collaborateurs. L'activit\u00e9 principale du SOB est le transport de voyageurs ; en 2017, plus de 13,5 millions de passagers ont voyag\u00e9 avec la compagnie ferroviaire. Le r\u00e9seau ferroviaire du SOB s'\u00e9tend sur 123 kilom\u00e8tres et est riche en tunnels, viaducs et ponts, dont le plus haut pont ferroviaire de Suisse, le viaduc de la Sitter, haut de 99 m\u00e8tres, pr\u00e8s de Saint-Gall.<\/p>\n<p>L'Asga est une caisse de pension organis\u00e9e sous forme de coop\u00e9rative. Avec 12.305 entreprises affili\u00e9es, 106.622 personnes assur\u00e9es et un total du bilan de 15,9 milliards de CHF, elle est, selon ses propres dires, la plus grande institution de pr\u00e9voyance collective ind\u00e9pendante de Suisse.<\/p>\n<p>Priora est active dans le domaine du d\u00e9veloppement de projets et de l'entreprise g\u00e9n\u00e9rale et totale. Depuis mars de cette ann\u00e9e, Priora AG Generalunternehmung est une filiale du groupe Eiffage.<\/p>","protected":false},"excerpt":{"rendered":"<p>Le Schweizerische S\u00fcdostbahn (SOB) et l'Asga Pensionskasse Genossenschaft ont pos\u00e9 la premi\u00e8re pierre du lotissement \"Bahnhof S\u00fcd Wattwil\" avec l'entreprise g\u00e9n\u00e9rale Priora. <\/p>","protected":false},"author":3,"featured_media":13694,"comment_status":"open","ping_status":"open","sticky":false,"template":"","format":"standard","meta":{"_acf_changed":false,"_yoast_wpseo_focuskw":"Wattwil","_yoast_wpseo_title":"","_yoast_wpseo_metadesc":"Die Schweizerische S\u00fcdostbahn (SOB) und die Asga Pensionskasse Genossenschaft haben den Grundstein f\u00fcr die \u00dcberbauung \u00abBahnhof S\u00fcd Wattwil\u00bb gelegt.","_yoast_wpseo_linkdex":78,"pgc_sgb_lightbox_settings":"","footnotes":""},"categories":[985],"tags":[1549,1595,1599,1863],"class_list":["post-13693","post","type-post","status-publish","format-standard","has-post-thumbnail","hentry","category-regionen","tag-ostschweiz","tag-priora","tag-projekt-in-bau","tag-wohnimmobilien"],"acf":[],"yoast_head":"<!-- This site is optimized with the Yoast SEO plugin v27.4 - https:\/\/yoast.com\/product\/yoast-seo-wordpress\/ -->\n<title>Wattwil: Grundsteinlegung f\u00fcr \u00dcberbauung am Bahnhof - IMMOBILIEN Business<\/title>\n<meta name=\"description\" content=\"Die Schweizerische S\u00fcdostbahn (SOB) und die Asga Pensionskasse Genossenschaft haben den Grundstein f\u00fcr die \u00dcberbauung \u00abBahnhof S\u00fcd Wattwil\u00bb gelegt.\" \/>\n<meta name=\"robots\" content=\"index, follow, max-snippet:-1, max-image-preview:large, max-video-preview:-1\" \/>\n<link rel=\"canonical\" href=\"https:\/\/www.immobilienbusiness.ch\/fr\/regionen\/2018-08-16\/wattwil-grundsteinlegung-fuer-ueberbauung-am-bahnhof\/\" \/>\n<meta property=\"og:locale\" content=\"fr_FR\" \/>\n<meta property=\"og:type\" content=\"article\" \/>\n<meta property=\"og:title\" content=\"Wattwil: Grundsteinlegung f\u00fcr \u00dcberbauung am Bahnhof - IMMOBILIEN Business\" \/>\n<meta property=\"og:description\" content=\"Die Schweizerische S\u00fcdostbahn (SOB) und die Asga Pensionskasse Genossenschaft haben den Grundstein f\u00fcr die \u00dcberbauung \u00abBahnhof S\u00fcd Wattwil\u00bb gelegt.\" \/>\n<meta property=\"og:url\" content=\"https:\/\/www.immobilienbusiness.ch\/fr\/regionen\/2018-08-16\/wattwil-grundsteinlegung-fuer-ueberbauung-am-bahnhof\/\" \/>\n<meta property=\"og:site_name\" content=\"IMMOBILIEN Business\" \/>\n<meta property=\"article:publisher\" content=\"https:\/\/www.facebook.com\/immobilienbusiness\/\" \/>\n<meta property=\"article:published_time\" content=\"2018-08-16T07:13:50+00:00\" \/>\n<meta property=\"og:image\" content=\"https:\/\/www.immobilienbusiness.ch\/wp-content\/uploads\/2018\/08\/Bild-Grundsteinlegung-Bahnhof-Sued-Wattwil-1024x684.jpg\" \/>\n\t<meta property=\"og:image:width\" content=\"1024\" \/>\n\t<meta property=\"og:image:height\" content=\"684\" \/>\n\t<meta property=\"og:image:type\" content=\"image\/jpeg\" \/>\n<meta name=\"author\" content=\"anja.hall\" \/>\n<meta name=\"twitter:card\" content=\"summary_large_image\" \/>\n<script type=\"application\/ld+json\" class=\"yoast-schema-graph\">{\"@context\":\"https:\\\/\\\/schema.org\",\"@graph\":[{\"@type\":\"Article\",\"@id\":\"https:\\\/\\\/www.immobilienbusiness.ch\\\/de\\\/regionen\\\/2018-08-16\\\/wattwil-grundsteinlegung-fuer-ueberbauung-am-bahnhof\\\/#article\",\"isPartOf\":{\"@id\":\"https:\\\/\\\/www.immobilienbusiness.ch\\\/de\\\/regionen\\\/2018-08-16\\\/wattwil-grundsteinlegung-fuer-ueberbauung-am-bahnhof\\\/\"},\"author\":{\"name\":\"anja.hall\",\"@id\":\"https:\\\/\\\/www.immobilienbusiness.ch\\\/#\\\/schema\\\/person\\\/3fc036297b10b9f42d6db5ee932af8c8\"},\"headline\":\"Wattwil: Grundsteinlegung f\u00fcr \u00dcberbauung am Bahnhof\",\"datePublished\":\"2018-08-16T07:13:50+00:00\",\"mainEntityOfPage\":{\"@id\":\"https:\\\/\\\/www.immobilienbusiness.ch\\\/de\\\/regionen\\\/2018-08-16\\\/wattwil-grundsteinlegung-fuer-ueberbauung-am-bahnhof\\\/\"},\"wordCount\":250,\"commentCount\":0,\"publisher\":{\"@id\":\"https:\\\/\\\/www.immobilienbusiness.ch\\\/#organization\"},\"image\":{\"@id\":\"https:\\\/\\\/www.immobilienbusiness.ch\\\/de\\\/regionen\\\/2018-08-16\\\/wattwil-grundsteinlegung-fuer-ueberbauung-am-bahnhof\\\/#primaryimage\"},\"thumbnailUrl\":\"https:\\\/\\\/www.immobilienbusiness.ch\\\/wp-content\\\/uploads\\\/2018\\\/08\\\/Bild-Grundsteinlegung-Bahnhof-Sued-Wattwil.jpg\",\"keywords\":[\"Ostschweiz\",\"Priora\",\"Projekt in Bau\",\"Wohnimmobilien\"],\"articleSection\":[\"REGIONEN\"],\"inLanguage\":\"fr-FR\"},{\"@type\":\"WebPage\",\"@id\":\"https:\\\/\\\/www.immobilienbusiness.ch\\\/de\\\/regionen\\\/2018-08-16\\\/wattwil-grundsteinlegung-fuer-ueberbauung-am-bahnhof\\\/\",\"url\":\"https:\\\/\\\/www.immobilienbusiness.ch\\\/de\\\/regionen\\\/2018-08-16\\\/wattwil-grundsteinlegung-fuer-ueberbauung-am-bahnhof\\\/\",\"name\":\"Wattwil: Grundsteinlegung f\u00fcr \u00dcberbauung am Bahnhof - IMMOBILIEN Business\",\"isPartOf\":{\"@id\":\"https:\\\/\\\/www.immobilienbusiness.ch\\\/#website\"},\"primaryImageOfPage\":{\"@id\":\"https:\\\/\\\/www.immobilienbusiness.ch\\\/de\\\/regionen\\\/2018-08-16\\\/wattwil-grundsteinlegung-fuer-ueberbauung-am-bahnhof\\\/#primaryimage\"},\"image\":{\"@id\":\"https:\\\/\\\/www.immobilienbusiness.ch\\\/de\\\/regionen\\\/2018-08-16\\\/wattwil-grundsteinlegung-fuer-ueberbauung-am-bahnhof\\\/#primaryimage\"},\"thumbnailUrl\":\"https:\\\/\\\/www.immobilienbusiness.ch\\\/wp-content\\\/uploads\\\/2018\\\/08\\\/Bild-Grundsteinlegung-Bahnhof-Sued-Wattwil.jpg\",\"datePublished\":\"2018-08-16T07:13:50+00:00\",\"description\":\"Die Schweizerische S\u00fcdostbahn (SOB) und die Asga Pensionskasse Genossenschaft haben den Grundstein f\u00fcr die \u00dcberbauung \u00abBahnhof S\u00fcd Wattwil\u00bb gelegt.\",\"breadcrumb\":{\"@id\":\"https:\\\/\\\/www.immobilienbusiness.ch\\\/de\\\/regionen\\\/2018-08-16\\\/wattwil-grundsteinlegung-fuer-ueberbauung-am-bahnhof\\\/#breadcrumb\"},\"inLanguage\":\"fr-FR\",\"potentialAction\":[{\"@type\":\"ReadAction\",\"target\":[\"https:\\\/\\\/www.immobilienbusiness.ch\\\/de\\\/regionen\\\/2018-08-16\\\/wattwil-grundsteinlegung-fuer-ueberbauung-am-bahnhof\\\/\"]}]},{\"@type\":\"ImageObject\",\"inLanguage\":\"fr-FR\",\"@id\":\"https:\\\/\\\/www.immobilienbusiness.ch\\\/de\\\/regionen\\\/2018-08-16\\\/wattwil-grundsteinlegung-fuer-ueberbauung-am-bahnhof\\\/#primaryimage\",\"url\":\"https:\\\/\\\/www.immobilienbusiness.ch\\\/wp-content\\\/uploads\\\/2018\\\/08\\\/Bild-Grundsteinlegung-Bahnhof-Sued-Wattwil.jpg\",\"contentUrl\":\"https:\\\/\\\/www.immobilienbusiness.ch\\\/wp-content\\\/uploads\\\/2018\\\/08\\\/Bild-Grundsteinlegung-Bahnhof-Sued-Wattwil.jpg\",\"width\":2560,\"height\":1711,\"caption\":\"Bild Grundsteinlegung \u00abBahnhof S\u00fcd Wattwil\u00bb\"},{\"@type\":\"BreadcrumbList\",\"@id\":\"https:\\\/\\\/www.immobilienbusiness.ch\\\/de\\\/regionen\\\/2018-08-16\\\/wattwil-grundsteinlegung-fuer-ueberbauung-am-bahnhof\\\/#breadcrumb\",\"itemListElement\":[{\"@type\":\"ListItem\",\"position\":1,\"name\":\"Home\",\"item\":\"https:\\\/\\\/www.immobilienbusiness.ch\\\/\"},{\"@type\":\"ListItem\",\"position\":2,\"name\":\"Wattwil: Grundsteinlegung f\u00fcr \u00dcberbauung am Bahnhof\"}]},{\"@type\":\"WebSite\",\"@id\":\"https:\\\/\\\/www.immobilienbusiness.ch\\\/#website\",\"url\":\"https:\\\/\\\/www.immobilienbusiness.ch\\\/\",\"name\":\"IMMOBILIEN Business\",\"description\":\"Unabh\u00e4ngiges Schweizer Wirtschaftsmagazin mit Fokus auf Immobilien, Architektur- und Bau sowie Investment- und Finanzierung.\",\"publisher\":{\"@id\":\"https:\\\/\\\/www.immobilienbusiness.ch\\\/#organization\"},\"potentialAction\":[{\"@type\":\"SearchAction\",\"target\":{\"@type\":\"EntryPoint\",\"urlTemplate\":\"https:\\\/\\\/www.immobilienbusiness.ch\\\/?s={search_term_string}\"},\"query-input\":{\"@type\":\"PropertyValueSpecification\",\"valueRequired\":true,\"valueName\":\"search_term_string\"}}],\"inLanguage\":\"fr-FR\"},{\"@type\":\"Organization\",\"@id\":\"https:\\\/\\\/www.immobilienbusiness.ch\\\/#organization\",\"name\":\"IMMOBILIEN Business\",\"url\":\"https:\\\/\\\/www.immobilienbusiness.ch\\\/\",\"logo\":{\"@type\":\"ImageObject\",\"inLanguage\":\"fr-FR\",\"@id\":\"https:\\\/\\\/www.immobilienbusiness.ch\\\/#\\\/schema\\\/logo\\\/image\\\/\",\"url\":\"https:\\\/\\\/www.immobilienbusiness.ch\\\/wp-content\\\/uploads\\\/2021\\\/07\\\/logo_ib.png\",\"contentUrl\":\"https:\\\/\\\/www.immobilienbusiness.ch\\\/wp-content\\\/uploads\\\/2021\\\/07\\\/logo_ib.png\",\"width\":800,\"height\":181,\"caption\":\"IMMOBILIEN Business\"},\"image\":{\"@id\":\"https:\\\/\\\/www.immobilienbusiness.ch\\\/#\\\/schema\\\/logo\\\/image\\\/\"},\"sameAs\":[\"https:\\\/\\\/www.facebook.com\\\/immobilienbusiness\\\/\"]},{\"@type\":\"Person\",\"@id\":\"https:\\\/\\\/www.immobilienbusiness.ch\\\/#\\\/schema\\\/person\\\/3fc036297b10b9f42d6db5ee932af8c8\",\"name\":\"anja.hall\",\"image\":{\"@type\":\"ImageObject\",\"inLanguage\":\"fr-FR\",\"@id\":\"https:\\\/\\\/secure.gravatar.com\\\/avatar\\\/066b5a0d447013502c71a5782f4f3469f03cfe595cc2329fb94652fe47511bfb?s=96&d=mm&r=g\",\"url\":\"https:\\\/\\\/secure.gravatar.com\\\/avatar\\\/066b5a0d447013502c71a5782f4f3469f03cfe595cc2329fb94652fe47511bfb?s=96&d=mm&r=g\",\"contentUrl\":\"https:\\\/\\\/secure.gravatar.com\\\/avatar\\\/066b5a0d447013502c71a5782f4f3469f03cfe595cc2329fb94652fe47511bfb?s=96&d=mm&r=g\",\"caption\":\"anja.hall\"},\"url\":\"https:\\\/\\\/www.immobilienbusiness.ch\\\/fr\\\/author\\\/anja-hall\\\/\"}]}<\/script>\n<!-- \/ Yoast SEO plugin. -->","yoast_head_json":{"title":"Wattwil: Grundsteinlegung f\u00fcr \u00dcberbauung am Bahnhof - IMMOBILIEN Business","description":"Die Schweizerische S\u00fcdostbahn (SOB) und die Asga Pensionskasse Genossenschaft haben den Grundstein f\u00fcr die \u00dcberbauung \u00abBahnhof S\u00fcd Wattwil\u00bb gelegt.","robots":{"index":"index","follow":"follow","max-snippet":"max-snippet:-1","max-image-preview":"max-image-preview:large","max-video-preview":"max-video-preview:-1"},"canonical":"https:\/\/www.immobilienbusiness.ch\/fr\/regionen\/2018-08-16\/wattwil-grundsteinlegung-fuer-ueberbauung-am-bahnhof\/","og_locale":"fr_FR","og_type":"article","og_title":"Wattwil: Grundsteinlegung f\u00fcr \u00dcberbauung am Bahnhof - IMMOBILIEN Business","og_description":"Die Schweizerische S\u00fcdostbahn (SOB) und die Asga Pensionskasse Genossenschaft haben den Grundstein f\u00fcr die \u00dcberbauung \u00abBahnhof S\u00fcd Wattwil\u00bb gelegt.","og_url":"https:\/\/www.immobilienbusiness.ch\/fr\/regionen\/2018-08-16\/wattwil-grundsteinlegung-fuer-ueberbauung-am-bahnhof\/","og_site_name":"IMMOBILIEN Business","article_publisher":"https:\/\/www.facebook.com\/immobilienbusiness\/","article_published_time":"2018-08-16T07:13:50+00:00","og_image":[{"width":1024,"height":684,"url":"https:\/\/www.immobilienbusiness.ch\/wp-content\/uploads\/2018\/08\/Bild-Grundsteinlegung-Bahnhof-Sued-Wattwil-1024x684.jpg","type":"image\/jpeg"}],"author":"anja.hall","twitter_card":"summary_large_image","schema":{"@context":"https:\/\/schema.org","@graph":[{"@type":"Article","@id":"https:\/\/www.immobilienbusiness.ch\/de\/regionen\/2018-08-16\/wattwil-grundsteinlegung-fuer-ueberbauung-am-bahnhof\/#article","isPartOf":{"@id":"https:\/\/www.immobilienbusiness.ch\/de\/regionen\/2018-08-16\/wattwil-grundsteinlegung-fuer-ueberbauung-am-bahnhof\/"},"author":{"name":"anja.hall","@id":"https:\/\/www.immobilienbusiness.ch\/#\/schema\/person\/3fc036297b10b9f42d6db5ee932af8c8"},"headline":"Wattwil: Grundsteinlegung f\u00fcr \u00dcberbauung am Bahnhof","datePublished":"2018-08-16T07:13:50+00:00","mainEntityOfPage":{"@id":"https:\/\/www.immobilienbusiness.ch\/de\/regionen\/2018-08-16\/wattwil-grundsteinlegung-fuer-ueberbauung-am-bahnhof\/"},"wordCount":250,"commentCount":0,"publisher":{"@id":"https:\/\/www.immobilienbusiness.ch\/#organization"},"image":{"@id":"https:\/\/www.immobilienbusiness.ch\/de\/regionen\/2018-08-16\/wattwil-grundsteinlegung-fuer-ueberbauung-am-bahnhof\/#primaryimage"},"thumbnailUrl":"https:\/\/www.immobilienbusiness.ch\/wp-content\/uploads\/2018\/08\/Bild-Grundsteinlegung-Bahnhof-Sued-Wattwil.jpg","keywords":["Ostschweiz","Priora","Projekt in Bau","Wohnimmobilien"],"articleSection":["REGIONEN"],"inLanguage":"fr-FR"},{"@type":"WebPage","@id":"https:\/\/www.immobilienbusiness.ch\/de\/regionen\/2018-08-16\/wattwil-grundsteinlegung-fuer-ueberbauung-am-bahnhof\/","url":"https:\/\/www.immobilienbusiness.ch\/de\/regionen\/2018-08-16\/wattwil-grundsteinlegung-fuer-ueberbauung-am-bahnhof\/","name":"Wattwil: Grundsteinlegung f\u00fcr \u00dcberbauung am Bahnhof - IMMOBILIEN Business","isPartOf":{"@id":"https:\/\/www.immobilienbusiness.ch\/#website"},"primaryImageOfPage":{"@id":"https:\/\/www.immobilienbusiness.ch\/de\/regionen\/2018-08-16\/wattwil-grundsteinlegung-fuer-ueberbauung-am-bahnhof\/#primaryimage"},"image":{"@id":"https:\/\/www.immobilienbusiness.ch\/de\/regionen\/2018-08-16\/wattwil-grundsteinlegung-fuer-ueberbauung-am-bahnhof\/#primaryimage"},"thumbnailUrl":"https:\/\/www.immobilienbusiness.ch\/wp-content\/uploads\/2018\/08\/Bild-Grundsteinlegung-Bahnhof-Sued-Wattwil.jpg","datePublished":"2018-08-16T07:13:50+00:00","description":"Die Schweizerische S\u00fcdostbahn (SOB) und die Asga Pensionskasse Genossenschaft haben den Grundstein f\u00fcr die \u00dcberbauung \u00abBahnhof S\u00fcd Wattwil\u00bb gelegt.","breadcrumb":{"@id":"https:\/\/www.immobilienbusiness.ch\/de\/regionen\/2018-08-16\/wattwil-grundsteinlegung-fuer-ueberbauung-am-bahnhof\/#breadcrumb"},"inLanguage":"fr-FR","potentialAction":[{"@type":"ReadAction","target":["https:\/\/www.immobilienbusiness.ch\/de\/regionen\/2018-08-16\/wattwil-grundsteinlegung-fuer-ueberbauung-am-bahnhof\/"]}]},{"@type":"ImageObject","inLanguage":"fr-FR","@id":"https:\/\/www.immobilienbusiness.ch\/de\/regionen\/2018-08-16\/wattwil-grundsteinlegung-fuer-ueberbauung-am-bahnhof\/#primaryimage","url":"https:\/\/www.immobilienbusiness.ch\/wp-content\/uploads\/2018\/08\/Bild-Grundsteinlegung-Bahnhof-Sued-Wattwil.jpg","contentUrl":"https:\/\/www.immobilienbusiness.ch\/wp-content\/uploads\/2018\/08\/Bild-Grundsteinlegung-Bahnhof-Sued-Wattwil.jpg","width":2560,"height":1711,"caption":"Bild Grundsteinlegung \u00abBahnhof S\u00fcd Wattwil\u00bb"},{"@type":"BreadcrumbList","@id":"https:\/\/www.immobilienbusiness.ch\/de\/regionen\/2018-08-16\/wattwil-grundsteinlegung-fuer-ueberbauung-am-bahnhof\/#breadcrumb","itemListElement":[{"@type":"ListItem","position":1,"name":"Home","item":"https:\/\/www.immobilienbusiness.ch\/"},{"@type":"ListItem","position":2,"name":"Wattwil: Grundsteinlegung f\u00fcr \u00dcberbauung am Bahnhof"}]},{"@type":"WebSite","@id":"https:\/\/www.immobilienbusiness.ch\/#website","url":"https:\/\/www.immobilienbusiness.ch\/","name":"IMMOBILIER Business","description":"Magazine \u00e9conomique suisse ind\u00e9pendant ax\u00e9 sur l'immobilier, l'architecture et la construction ainsi que sur les investissements et le financement.","publisher":{"@id":"https:\/\/www.immobilienbusiness.ch\/#organization"},"potentialAction":[{"@type":"SearchAction","target":{"@type":"EntryPoint","urlTemplate":"https:\/\/www.immobilienbusiness.ch\/?s={search_term_string}"},"query-input":{"@type":"PropertyValueSpecification","valueRequired":true,"valueName":"search_term_string"}}],"inLanguage":"fr-FR"},{"@type":"Organization","@id":"https:\/\/www.immobilienbusiness.ch\/#organization","name":"IMMOBILIER Business","url":"https:\/\/www.immobilienbusiness.ch\/","logo":{"@type":"ImageObject","inLanguage":"fr-FR","@id":"https:\/\/www.immobilienbusiness.ch\/#\/schema\/logo\/image\/","url":"https:\/\/www.immobilienbusiness.ch\/wp-content\/uploads\/2021\/07\/logo_ib.png","contentUrl":"https:\/\/www.immobilienbusiness.ch\/wp-content\/uploads\/2021\/07\/logo_ib.png","width":800,"height":181,"caption":"IMMOBILIEN Business"},"image":{"@id":"https:\/\/www.immobilienbusiness.ch\/#\/schema\/logo\/image\/"},"sameAs":["https:\/\/www.facebook.com\/immobilienbusiness\/"]},{"@type":"Person","@id":"https:\/\/www.immobilienbusiness.ch\/#\/schema\/person\/3fc036297b10b9f42d6db5ee932af8c8","name":"anja.hall","image":{"@type":"ImageObject","inLanguage":"fr-FR","@id":"https:\/\/secure.gravatar.com\/avatar\/066b5a0d447013502c71a5782f4f3469f03cfe595cc2329fb94652fe47511bfb?s=96&d=mm&r=g","url":"https:\/\/secure.gravatar.com\/avatar\/066b5a0d447013502c71a5782f4f3469f03cfe595cc2329fb94652fe47511bfb?s=96&d=mm&r=g","contentUrl":"https:\/\/secure.gravatar.com\/avatar\/066b5a0d447013502c71a5782f4f3469f03cfe595cc2329fb94652fe47511bfb?s=96&d=mm&r=g","caption":"anja.hall"},"url":"https:\/\/www.immobilienbusiness.ch\/fr\/author\/anja-hall\/"}]}},"_links":{"self":[{"href":"https:\/\/www.immobilienbusiness.ch\/fr\/wp-json\/wp\/v2\/posts\/13693","targetHints":{"allow":["GET"]}}],"collection":[{"href":"https:\/\/www.immobilienbusiness.ch\/fr\/wp-json\/wp\/v2\/posts"}],"about":[{"href":"https:\/\/www.immobilienbusiness.ch\/fr\/wp-json\/wp\/v2\/types\/post"}],"author":[{"embeddable":true,"href":"https:\/\/www.immobilienbusiness.ch\/fr\/wp-json\/wp\/v2\/users\/3"}],"replies":[{"embeddable":true,"href":"https:\/\/www.immobilienbusiness.ch\/fr\/wp-json\/wp\/v2\/comments?post=13693"}],"version-history":[{"count":0,"href":"https:\/\/www.immobilienbusiness.ch\/fr\/wp-json\/wp\/v2\/posts\/13693\/revisions"}],"wp:featuredmedia":[{"embeddable":true,"href":"https:\/\/www.immobilienbusiness.ch\/fr\/wp-json\/wp\/v2\/media\/13694"}],"wp:attachment":[{"href":"https:\/\/www.immobilienbusiness.ch\/fr\/wp-json\/wp\/v2\/media?parent=13693"}],"wp:term":[{"taxonomy":"category","embeddable":true,"href":"https:\/\/www.immobilienbusiness.ch\/fr\/wp-json\/wp\/v2\/categories?post=13693"},{"taxonomy":"post_tag","embeddable":true,"href":"https:\/\/www.immobilienbusiness.ch\/fr\/wp-json\/wp\/v2\/tags?post=13693"}],"curies":[{"name":"wp","href":"https:\/\/api.w.org\/{rel}","templated":true}]}}