{"id":13646,"date":"2018-08-13T08:19:15","date_gmt":"2018-08-13T06:19:15","guid":{"rendered":"https:\/\/www.immobilienbusiness.ch\/?p=13646"},"modified":"2018-08-13T08:19:15","modified_gmt":"2018-08-13T06:19:15","slug":"riedholz-attisholz-arena-ist-eroeffnet","status":"publish","type":"post","link":"https:\/\/www.immobilienbusiness.ch\/fr\/regionen\/2018-08-13\/riedholz-attisholz-arena-ist-eroeffnet\/","title":{"rendered":"Riedholz : l'Attisholz-Arena est ouverte"},"content":{"rendered":"<figure id=\"attachment_13649\" aria-describedby=\"caption-attachment-13649\" style=\"width: 680px\" class=\"wp-caption alignnone\"><img loading=\"lazy\" decoding=\"async\" class=\"size-medium wp-image-13649\" src=\"https:\/\/www.immobilienbusiness.ch\/wp-content\/uploads\/2018\/08\/Attisholz_Arena_Schluessel.jpg\" alt=\"\" width=\"680\" height=\"453\" srcset=\"https:\/\/www.immobilienbusiness.ch\/wp-content\/uploads\/2018\/08\/Attisholz_Arena_Schluessel.jpg 2560w, https:\/\/www.immobilienbusiness.ch\/wp-content\/uploads\/2018\/08\/Attisholz_Arena_Schluessel-300x200.jpg 300w, https:\/\/www.immobilienbusiness.ch\/wp-content\/uploads\/2018\/08\/Attisholz_Arena_Schluessel-1024x683.jpg 1024w, https:\/\/www.immobilienbusiness.ch\/wp-content\/uploads\/2018\/08\/Attisholz_Arena_Schluessel-768x512.jpg 768w, https:\/\/www.immobilienbusiness.ch\/wp-content\/uploads\/2018\/08\/Attisholz_Arena_Schluessel-1536x1024.jpg 1536w, https:\/\/www.immobilienbusiness.ch\/wp-content\/uploads\/2018\/08\/Attisholz_Arena_Schluessel-2048x1365.jpg 2048w, https:\/\/www.immobilienbusiness.ch\/wp-content\/uploads\/2018\/08\/Attisholz_Arena_Schluessel-16x12.jpg 16w, https:\/\/www.immobilienbusiness.ch\/wp-content\/uploads\/2018\/08\/Attisholz_Arena_Schluessel-263x175.jpg 263w, https:\/\/www.immobilienbusiness.ch\/wp-content\/uploads\/2018\/08\/Attisholz_Arena_Schluessel-525x350.jpg 525w, https:\/\/www.immobilienbusiness.ch\/wp-content\/uploads\/2018\/08\/Attisholz_Arena_Schluessel-1200x800.jpg 1200w, https:\/\/www.immobilienbusiness.ch\/wp-content\/uploads\/2018\/08\/Attisholz_Arena_Schluessel-920x613.jpg 920w, https:\/\/www.immobilienbusiness.ch\/wp-content\/uploads\/2018\/08\/Attisholz_Arena_Schluessel-1400x933.jpg 1400w\" sizes=\"auto, (max-width: 680px) 100vw, 680px\" \/><figcaption id=\"caption-attachment-13649\" class=\"wp-caption-text\">Les conseillers d'Etat soleurois Brigit Wyss et Roland F\u00fcrst ainsi que la pr\u00e9sidente de la commune de Riedholz Jasmine Huber-Wenger remettent l'Attisholz au public. (Photo : Halter AG)<\/figcaption><\/figure>\n<p>Les travaux de construction des installations ext\u00e9rieures sur le site d'Attisholz \u00e0 Riedholz (SO) ont d\u00e9but\u00e9 il y a environ six mois et les visiteurs acc\u00e8dent \u00e0 l'ar\u00e8ne centrale d'environ 800 places par un boulevard nouvellement am\u00e9nag\u00e9. L'ar\u00e8ne, qui sert \u00e9galement d'escalier, permet d'acc\u00e9der \u00e0 l'esplanade de l'ancienne tour \u00e0 acide et \u00e0 la halle des fours \u00e0 gravier. Les r\u00e9servoirs de stockage qui \u00e9taient autrefois enfouis dans le sol ont \u00e9t\u00e9 retir\u00e9s : leurs creux ont \u00e9t\u00e9 r\u00e9utilis\u00e9s pour une aire de jeux pour enfants.<\/p>\n<p>Avec l'ach\u00e8vement de la premi\u00e8re \u00e9tape de construction, la cantine d'Attisholz est \u00e9galement devenue pleinement op\u00e9rationnelle, les locaux ayant \u00e9t\u00e9 agrandis d'un salon ou d'une galerie.<\/p>\n<p><a href=\"https:\/\/www.immobilienbusiness.ch\/fr\/halter-will-attisholz-areal-entwickeln\/\">Avec une surface d'environ 16 hectares, l'ancienne usine de cellulose d'Attisholz est l'une des plus grandes zones de d\u00e9veloppement de Suisse.<\/a> Le site comprend en outre de grandes surfaces de terres agricoles, diff\u00e9rents groupes de b\u00e2timents avec d'anciennes villas et d'autres b\u00e2timents sur le versant sud de l'Aar. (ah)<\/p>","protected":false},"excerpt":{"rendered":"<p>Il y a un peu plus de deux ans, Halter AG a repris l'ancienne usine de cellulose d'Attisholz et lanc\u00e9 le d\u00e9veloppement du site. La premi\u00e8re \u00e9tape de construction est maintenant termin\u00e9e et l'ar\u00e8ne a \u00e9t\u00e9 inaugur\u00e9e \u00e0 l'ext\u00e9rieur de la salle des colonnes.<\/p>","protected":false},"author":3,"featured_media":13649,"comment_status":"open","ping_status":"open","sticky":false,"template":"","format":"standard","meta":{"_acf_changed":false,"_yoast_wpseo_focuskw":"Attisholz","_yoast_wpseo_title":"","_yoast_wpseo_metadesc":"Vor gut zwei Jahren hat die Halter AG die ehemalige Zellulosefabrik Attisholz \u00fcbernommen, nun ist die erste bauliche Etappe abgeschlossen.","_yoast_wpseo_linkdex":52,"pgc_sgb_lightbox_settings":"","footnotes":""},"categories":[985],"tags":[1205,1601,1629,1709],"class_list":["post-13646","post","type-post","status-publish","format-standard","has-post-thumbnail","hentry","category-regionen","tag-espace-mittelland","tag-projektentwicklung","tag-regionen","tag-solothurn"],"acf":[],"yoast_head":"<!-- This site is optimized with the Yoast SEO plugin v27.4 - https:\/\/yoast.com\/product\/yoast-seo-wordpress\/ -->\n<title>Riedholz: Attisholz-Arena ist er\u00f6ffnet - IMMOBILIEN Business<\/title>\n<meta name=\"description\" content=\"Vor gut zwei Jahren hat die Halter AG die ehemalige Zellulosefabrik Attisholz \u00fcbernommen, nun ist die erste bauliche Etappe abgeschlossen.\" \/>\n<meta name=\"robots\" content=\"index, follow, max-snippet:-1, max-image-preview:large, max-video-preview:-1\" \/>\n<link rel=\"canonical\" href=\"https:\/\/www.immobilienbusiness.ch\/fr\/regionen\/2018-08-13\/riedholz-attisholz-arena-ist-eroeffnet\/\" \/>\n<meta property=\"og:locale\" content=\"fr_FR\" \/>\n<meta property=\"og:type\" content=\"article\" \/>\n<meta property=\"og:title\" content=\"Riedholz: Attisholz-Arena ist er\u00f6ffnet - IMMOBILIEN Business\" \/>\n<meta property=\"og:description\" content=\"Vor gut zwei Jahren hat die Halter AG die ehemalige Zellulosefabrik Attisholz \u00fcbernommen, nun ist die erste bauliche Etappe abgeschlossen.\" \/>\n<meta property=\"og:url\" content=\"https:\/\/www.immobilienbusiness.ch\/fr\/regionen\/2018-08-13\/riedholz-attisholz-arena-ist-eroeffnet\/\" \/>\n<meta property=\"og:site_name\" content=\"IMMOBILIEN Business\" \/>\n<meta property=\"article:publisher\" content=\"https:\/\/www.facebook.com\/immobilienbusiness\/\" \/>\n<meta property=\"article:published_time\" content=\"2018-08-13T06:19:15+00:00\" \/>\n<meta property=\"og:image\" content=\"https:\/\/www.immobilienbusiness.ch\/wp-content\/uploads\/2018\/08\/Attisholz_Arena_Schluessel-1024x683.jpg\" \/>\n\t<meta property=\"og:image:width\" content=\"1024\" \/>\n\t<meta property=\"og:image:height\" content=\"683\" \/>\n\t<meta property=\"og:image:type\" content=\"image\/jpeg\" \/>\n<meta name=\"author\" content=\"anja.hall\" \/>\n<meta name=\"twitter:card\" content=\"summary_large_image\" \/>\n<meta name=\"twitter:image\" content=\"https:\/\/www.immobilienbusiness.ch\/wp-content\/uploads\/2018\/08\/Attisholz_Arena_Schluessel.jpg\" \/>\n<script type=\"application\/ld+json\" class=\"yoast-schema-graph\">{\"@context\":\"https:\\\/\\\/schema.org\",\"@graph\":[{\"@type\":\"Article\",\"@id\":\"https:\\\/\\\/www.immobilienbusiness.ch\\\/it\\\/regionen\\\/2018-08-13\\\/riedholz-attisholz-arena-ist-eroeffnet\\\/#article\",\"isPartOf\":{\"@id\":\"https:\\\/\\\/www.immobilienbusiness.ch\\\/it\\\/regionen\\\/2018-08-13\\\/riedholz-attisholz-arena-ist-eroeffnet\\\/\"},\"author\":{\"name\":\"anja.hall\",\"@id\":\"https:\\\/\\\/www.immobilienbusiness.ch\\\/#\\\/schema\\\/person\\\/3fc036297b10b9f42d6db5ee932af8c8\"},\"headline\":\"Riedholz: Attisholz-Arena ist er\u00f6ffnet\",\"datePublished\":\"2018-08-13T06:19:15+00:00\",\"mainEntityOfPage\":{\"@id\":\"https:\\\/\\\/www.immobilienbusiness.ch\\\/it\\\/regionen\\\/2018-08-13\\\/riedholz-attisholz-arena-ist-eroeffnet\\\/\"},\"wordCount\":183,\"commentCount\":0,\"publisher\":{\"@id\":\"https:\\\/\\\/www.immobilienbusiness.ch\\\/#organization\"},\"image\":{\"@id\":\"https:\\\/\\\/www.immobilienbusiness.ch\\\/it\\\/regionen\\\/2018-08-13\\\/riedholz-attisholz-arena-ist-eroeffnet\\\/#primaryimage\"},\"thumbnailUrl\":\"https:\\\/\\\/www.immobilienbusiness.ch\\\/wp-content\\\/uploads\\\/2018\\\/08\\\/Attisholz_Arena_Schluessel.jpg\",\"keywords\":[\"Espace Mittelland\",\"Projektentwicklung\",\"Regionen\",\"Solothurn\"],\"articleSection\":[\"REGIONEN\"],\"inLanguage\":\"fr-FR\"},{\"@type\":\"WebPage\",\"@id\":\"https:\\\/\\\/www.immobilienbusiness.ch\\\/it\\\/regionen\\\/2018-08-13\\\/riedholz-attisholz-arena-ist-eroeffnet\\\/\",\"url\":\"https:\\\/\\\/www.immobilienbusiness.ch\\\/it\\\/regionen\\\/2018-08-13\\\/riedholz-attisholz-arena-ist-eroeffnet\\\/\",\"name\":\"Riedholz: Attisholz-Arena ist er\u00f6ffnet - IMMOBILIEN Business\",\"isPartOf\":{\"@id\":\"https:\\\/\\\/www.immobilienbusiness.ch\\\/#website\"},\"primaryImageOfPage\":{\"@id\":\"https:\\\/\\\/www.immobilienbusiness.ch\\\/it\\\/regionen\\\/2018-08-13\\\/riedholz-attisholz-arena-ist-eroeffnet\\\/#primaryimage\"},\"image\":{\"@id\":\"https:\\\/\\\/www.immobilienbusiness.ch\\\/it\\\/regionen\\\/2018-08-13\\\/riedholz-attisholz-arena-ist-eroeffnet\\\/#primaryimage\"},\"thumbnailUrl\":\"https:\\\/\\\/www.immobilienbusiness.ch\\\/wp-content\\\/uploads\\\/2018\\\/08\\\/Attisholz_Arena_Schluessel.jpg\",\"datePublished\":\"2018-08-13T06:19:15+00:00\",\"description\":\"Vor gut zwei Jahren hat die Halter AG die ehemalige Zellulosefabrik Attisholz \u00fcbernommen, nun ist die erste bauliche Etappe abgeschlossen.\",\"breadcrumb\":{\"@id\":\"https:\\\/\\\/www.immobilienbusiness.ch\\\/it\\\/regionen\\\/2018-08-13\\\/riedholz-attisholz-arena-ist-eroeffnet\\\/#breadcrumb\"},\"inLanguage\":\"fr-FR\",\"potentialAction\":[{\"@type\":\"ReadAction\",\"target\":[\"https:\\\/\\\/www.immobilienbusiness.ch\\\/it\\\/regionen\\\/2018-08-13\\\/riedholz-attisholz-arena-ist-eroeffnet\\\/\"]}]},{\"@type\":\"ImageObject\",\"inLanguage\":\"fr-FR\",\"@id\":\"https:\\\/\\\/www.immobilienbusiness.ch\\\/it\\\/regionen\\\/2018-08-13\\\/riedholz-attisholz-arena-ist-eroeffnet\\\/#primaryimage\",\"url\":\"https:\\\/\\\/www.immobilienbusiness.ch\\\/wp-content\\\/uploads\\\/2018\\\/08\\\/Attisholz_Arena_Schluessel.jpg\",\"contentUrl\":\"https:\\\/\\\/www.immobilienbusiness.ch\\\/wp-content\\\/uploads\\\/2018\\\/08\\\/Attisholz_Arena_Schluessel.jpg\",\"width\":2560,\"height\":1707,\"caption\":\"(Bild: Halter AG)\"},{\"@type\":\"BreadcrumbList\",\"@id\":\"https:\\\/\\\/www.immobilienbusiness.ch\\\/it\\\/regionen\\\/2018-08-13\\\/riedholz-attisholz-arena-ist-eroeffnet\\\/#breadcrumb\",\"itemListElement\":[{\"@type\":\"ListItem\",\"position\":1,\"name\":\"Home\",\"item\":\"https:\\\/\\\/www.immobilienbusiness.ch\\\/\"},{\"@type\":\"ListItem\",\"position\":2,\"name\":\"Riedholz: Attisholz-Arena ist er\u00f6ffnet\"}]},{\"@type\":\"WebSite\",\"@id\":\"https:\\\/\\\/www.immobilienbusiness.ch\\\/#website\",\"url\":\"https:\\\/\\\/www.immobilienbusiness.ch\\\/\",\"name\":\"IMMOBILIEN Business\",\"description\":\"Unabh\u00e4ngiges Schweizer Wirtschaftsmagazin mit Fokus auf Immobilien, Architektur- und Bau sowie Investment- und Finanzierung.\",\"publisher\":{\"@id\":\"https:\\\/\\\/www.immobilienbusiness.ch\\\/#organization\"},\"potentialAction\":[{\"@type\":\"SearchAction\",\"target\":{\"@type\":\"EntryPoint\",\"urlTemplate\":\"https:\\\/\\\/www.immobilienbusiness.ch\\\/?s={search_term_string}\"},\"query-input\":{\"@type\":\"PropertyValueSpecification\",\"valueRequired\":true,\"valueName\":\"search_term_string\"}}],\"inLanguage\":\"fr-FR\"},{\"@type\":\"Organization\",\"@id\":\"https:\\\/\\\/www.immobilienbusiness.ch\\\/#organization\",\"name\":\"IMMOBILIEN Business\",\"url\":\"https:\\\/\\\/www.immobilienbusiness.ch\\\/\",\"logo\":{\"@type\":\"ImageObject\",\"inLanguage\":\"fr-FR\",\"@id\":\"https:\\\/\\\/www.immobilienbusiness.ch\\\/#\\\/schema\\\/logo\\\/image\\\/\",\"url\":\"https:\\\/\\\/www.immobilienbusiness.ch\\\/wp-content\\\/uploads\\\/2021\\\/07\\\/logo_ib.png\",\"contentUrl\":\"https:\\\/\\\/www.immobilienbusiness.ch\\\/wp-content\\\/uploads\\\/2021\\\/07\\\/logo_ib.png\",\"width\":800,\"height\":181,\"caption\":\"IMMOBILIEN Business\"},\"image\":{\"@id\":\"https:\\\/\\\/www.immobilienbusiness.ch\\\/#\\\/schema\\\/logo\\\/image\\\/\"},\"sameAs\":[\"https:\\\/\\\/www.facebook.com\\\/immobilienbusiness\\\/\"]},{\"@type\":\"Person\",\"@id\":\"https:\\\/\\\/www.immobilienbusiness.ch\\\/#\\\/schema\\\/person\\\/3fc036297b10b9f42d6db5ee932af8c8\",\"name\":\"anja.hall\",\"image\":{\"@type\":\"ImageObject\",\"inLanguage\":\"fr-FR\",\"@id\":\"https:\\\/\\\/secure.gravatar.com\\\/avatar\\\/066b5a0d447013502c71a5782f4f3469f03cfe595cc2329fb94652fe47511bfb?s=96&d=mm&r=g\",\"url\":\"https:\\\/\\\/secure.gravatar.com\\\/avatar\\\/066b5a0d447013502c71a5782f4f3469f03cfe595cc2329fb94652fe47511bfb?s=96&d=mm&r=g\",\"contentUrl\":\"https:\\\/\\\/secure.gravatar.com\\\/avatar\\\/066b5a0d447013502c71a5782f4f3469f03cfe595cc2329fb94652fe47511bfb?s=96&d=mm&r=g\",\"caption\":\"anja.hall\"},\"url\":\"https:\\\/\\\/www.immobilienbusiness.ch\\\/fr\\\/author\\\/anja-hall\\\/\"}]}<\/script>\n<!-- \/ Yoast SEO plugin. -->","yoast_head_json":{"title":"Riedholz: Attisholz-Arena ist er\u00f6ffnet - IMMOBILIEN Business","description":"Vor gut zwei Jahren hat die Halter AG die ehemalige Zellulosefabrik Attisholz \u00fcbernommen, nun ist die erste bauliche Etappe abgeschlossen.","robots":{"index":"index","follow":"follow","max-snippet":"max-snippet:-1","max-image-preview":"max-image-preview:large","max-video-preview":"max-video-preview:-1"},"canonical":"https:\/\/www.immobilienbusiness.ch\/fr\/regionen\/2018-08-13\/riedholz-attisholz-arena-ist-eroeffnet\/","og_locale":"fr_FR","og_type":"article","og_title":"Riedholz: Attisholz-Arena ist er\u00f6ffnet - IMMOBILIEN Business","og_description":"Vor gut zwei Jahren hat die Halter AG die ehemalige Zellulosefabrik Attisholz \u00fcbernommen, nun ist die erste bauliche Etappe abgeschlossen.","og_url":"https:\/\/www.immobilienbusiness.ch\/fr\/regionen\/2018-08-13\/riedholz-attisholz-arena-ist-eroeffnet\/","og_site_name":"IMMOBILIEN Business","article_publisher":"https:\/\/www.facebook.com\/immobilienbusiness\/","article_published_time":"2018-08-13T06:19:15+00:00","og_image":[{"width":1024,"height":683,"url":"https:\/\/www.immobilienbusiness.ch\/wp-content\/uploads\/2018\/08\/Attisholz_Arena_Schluessel-1024x683.jpg","type":"image\/jpeg"}],"author":"anja.hall","twitter_card":"summary_large_image","twitter_image":"https:\/\/www.immobilienbusiness.ch\/wp-content\/uploads\/2018\/08\/Attisholz_Arena_Schluessel.jpg","schema":{"@context":"https:\/\/schema.org","@graph":[{"@type":"Article","@id":"https:\/\/www.immobilienbusiness.ch\/it\/regionen\/2018-08-13\/riedholz-attisholz-arena-ist-eroeffnet\/#article","isPartOf":{"@id":"https:\/\/www.immobilienbusiness.ch\/it\/regionen\/2018-08-13\/riedholz-attisholz-arena-ist-eroeffnet\/"},"author":{"name":"anja.hall","@id":"https:\/\/www.immobilienbusiness.ch\/#\/schema\/person\/3fc036297b10b9f42d6db5ee932af8c8"},"headline":"Riedholz: Attisholz-Arena ist er\u00f6ffnet","datePublished":"2018-08-13T06:19:15+00:00","mainEntityOfPage":{"@id":"https:\/\/www.immobilienbusiness.ch\/it\/regionen\/2018-08-13\/riedholz-attisholz-arena-ist-eroeffnet\/"},"wordCount":183,"commentCount":0,"publisher":{"@id":"https:\/\/www.immobilienbusiness.ch\/#organization"},"image":{"@id":"https:\/\/www.immobilienbusiness.ch\/it\/regionen\/2018-08-13\/riedholz-attisholz-arena-ist-eroeffnet\/#primaryimage"},"thumbnailUrl":"https:\/\/www.immobilienbusiness.ch\/wp-content\/uploads\/2018\/08\/Attisholz_Arena_Schluessel.jpg","keywords":["Espace Mittelland","Projektentwicklung","Regionen","Solothurn"],"articleSection":["REGIONEN"],"inLanguage":"fr-FR"},{"@type":"WebPage","@id":"https:\/\/www.immobilienbusiness.ch\/it\/regionen\/2018-08-13\/riedholz-attisholz-arena-ist-eroeffnet\/","url":"https:\/\/www.immobilienbusiness.ch\/it\/regionen\/2018-08-13\/riedholz-attisholz-arena-ist-eroeffnet\/","name":"Riedholz: Attisholz-Arena ist er\u00f6ffnet - IMMOBILIEN Business","isPartOf":{"@id":"https:\/\/www.immobilienbusiness.ch\/#website"},"primaryImageOfPage":{"@id":"https:\/\/www.immobilienbusiness.ch\/it\/regionen\/2018-08-13\/riedholz-attisholz-arena-ist-eroeffnet\/#primaryimage"},"image":{"@id":"https:\/\/www.immobilienbusiness.ch\/it\/regionen\/2018-08-13\/riedholz-attisholz-arena-ist-eroeffnet\/#primaryimage"},"thumbnailUrl":"https:\/\/www.immobilienbusiness.ch\/wp-content\/uploads\/2018\/08\/Attisholz_Arena_Schluessel.jpg","datePublished":"2018-08-13T06:19:15+00:00","description":"Vor gut zwei Jahren hat die Halter AG die ehemalige Zellulosefabrik Attisholz \u00fcbernommen, nun ist die erste bauliche Etappe abgeschlossen.","breadcrumb":{"@id":"https:\/\/www.immobilienbusiness.ch\/it\/regionen\/2018-08-13\/riedholz-attisholz-arena-ist-eroeffnet\/#breadcrumb"},"inLanguage":"fr-FR","potentialAction":[{"@type":"ReadAction","target":["https:\/\/www.immobilienbusiness.ch\/it\/regionen\/2018-08-13\/riedholz-attisholz-arena-ist-eroeffnet\/"]}]},{"@type":"ImageObject","inLanguage":"fr-FR","@id":"https:\/\/www.immobilienbusiness.ch\/it\/regionen\/2018-08-13\/riedholz-attisholz-arena-ist-eroeffnet\/#primaryimage","url":"https:\/\/www.immobilienbusiness.ch\/wp-content\/uploads\/2018\/08\/Attisholz_Arena_Schluessel.jpg","contentUrl":"https:\/\/www.immobilienbusiness.ch\/wp-content\/uploads\/2018\/08\/Attisholz_Arena_Schluessel.jpg","width":2560,"height":1707,"caption":"(Bild: Halter AG)"},{"@type":"BreadcrumbList","@id":"https:\/\/www.immobilienbusiness.ch\/it\/regionen\/2018-08-13\/riedholz-attisholz-arena-ist-eroeffnet\/#breadcrumb","itemListElement":[{"@type":"ListItem","position":1,"name":"Home","item":"https:\/\/www.immobilienbusiness.ch\/"},{"@type":"ListItem","position":2,"name":"Riedholz: Attisholz-Arena ist er\u00f6ffnet"}]},{"@type":"WebSite","@id":"https:\/\/www.immobilienbusiness.ch\/#website","url":"https:\/\/www.immobilienbusiness.ch\/","name":"IMMOBILIER Business","description":"Magazine \u00e9conomique suisse ind\u00e9pendant ax\u00e9 sur l'immobilier, l'architecture et la construction ainsi que sur les investissements et le financement.","publisher":{"@id":"https:\/\/www.immobilienbusiness.ch\/#organization"},"potentialAction":[{"@type":"SearchAction","target":{"@type":"EntryPoint","urlTemplate":"https:\/\/www.immobilienbusiness.ch\/?s={search_term_string}"},"query-input":{"@type":"PropertyValueSpecification","valueRequired":true,"valueName":"search_term_string"}}],"inLanguage":"fr-FR"},{"@type":"Organization","@id":"https:\/\/www.immobilienbusiness.ch\/#organization","name":"IMMOBILIER Business","url":"https:\/\/www.immobilienbusiness.ch\/","logo":{"@type":"ImageObject","inLanguage":"fr-FR","@id":"https:\/\/www.immobilienbusiness.ch\/#\/schema\/logo\/image\/","url":"https:\/\/www.immobilienbusiness.ch\/wp-content\/uploads\/2021\/07\/logo_ib.png","contentUrl":"https:\/\/www.immobilienbusiness.ch\/wp-content\/uploads\/2021\/07\/logo_ib.png","width":800,"height":181,"caption":"IMMOBILIEN Business"},"image":{"@id":"https:\/\/www.immobilienbusiness.ch\/#\/schema\/logo\/image\/"},"sameAs":["https:\/\/www.facebook.com\/immobilienbusiness\/"]},{"@type":"Person","@id":"https:\/\/www.immobilienbusiness.ch\/#\/schema\/person\/3fc036297b10b9f42d6db5ee932af8c8","name":"anja.hall","image":{"@type":"ImageObject","inLanguage":"fr-FR","@id":"https:\/\/secure.gravatar.com\/avatar\/066b5a0d447013502c71a5782f4f3469f03cfe595cc2329fb94652fe47511bfb?s=96&d=mm&r=g","url":"https:\/\/secure.gravatar.com\/avatar\/066b5a0d447013502c71a5782f4f3469f03cfe595cc2329fb94652fe47511bfb?s=96&d=mm&r=g","contentUrl":"https:\/\/secure.gravatar.com\/avatar\/066b5a0d447013502c71a5782f4f3469f03cfe595cc2329fb94652fe47511bfb?s=96&d=mm&r=g","caption":"anja.hall"},"url":"https:\/\/www.immobilienbusiness.ch\/fr\/author\/anja-hall\/"}]}},"_links":{"self":[{"href":"https:\/\/www.immobilienbusiness.ch\/fr\/wp-json\/wp\/v2\/posts\/13646","targetHints":{"allow":["GET"]}}],"collection":[{"href":"https:\/\/www.immobilienbusiness.ch\/fr\/wp-json\/wp\/v2\/posts"}],"about":[{"href":"https:\/\/www.immobilienbusiness.ch\/fr\/wp-json\/wp\/v2\/types\/post"}],"author":[{"embeddable":true,"href":"https:\/\/www.immobilienbusiness.ch\/fr\/wp-json\/wp\/v2\/users\/3"}],"replies":[{"embeddable":true,"href":"https:\/\/www.immobilienbusiness.ch\/fr\/wp-json\/wp\/v2\/comments?post=13646"}],"version-history":[{"count":0,"href":"https:\/\/www.immobilienbusiness.ch\/fr\/wp-json\/wp\/v2\/posts\/13646\/revisions"}],"wp:featuredmedia":[{"embeddable":true,"href":"https:\/\/www.immobilienbusiness.ch\/fr\/wp-json\/wp\/v2\/media\/13649"}],"wp:attachment":[{"href":"https:\/\/www.immobilienbusiness.ch\/fr\/wp-json\/wp\/v2\/media?parent=13646"}],"wp:term":[{"taxonomy":"category","embeddable":true,"href":"https:\/\/www.immobilienbusiness.ch\/fr\/wp-json\/wp\/v2\/categories?post=13646"},{"taxonomy":"post_tag","embeddable":true,"href":"https:\/\/www.immobilienbusiness.ch\/fr\/wp-json\/wp\/v2\/tags?post=13646"}],"curies":[{"name":"wp","href":"https:\/\/api.w.org\/{rel}","templated":true}]}}