{"id":13456,"date":"2018-07-26T07:51:15","date_gmt":"2018-07-26T05:51:15","guid":{"rendered":"https:\/\/www.immobilienbusiness.ch\/?p=13456"},"modified":"2018-07-26T07:51:15","modified_gmt":"2018-07-26T05:51:15","slug":"zuerich-vorerst-kein-wettbewerb-fuer-ueberbauung-auf-gruendwaldareal","status":"publish","type":"post","link":"https:\/\/www.immobilienbusiness.ch\/fr\/regionen\/2018-07-26\/zuerich-vorerst-kein-wettbewerb-fuer-ueberbauung-auf-gruendwaldareal\/","title":{"rendered":"Zurich : Pour l'instant, pas de concurrence pour le d\u00e9veloppement du site de Gr\u00fcndwald"},"content":{"rendered":"<figure id=\"attachment_7554\" aria-describedby=\"caption-attachment-7554\" style=\"width: 680px\" class=\"wp-caption alignnone\"><img loading=\"lazy\" decoding=\"async\" class=\"size-medium wp-image-7554\" src=\"https:\/\/www.immobilienbusiness.ch\/wp-content\/uploads\/2017\/05\/Depositphotos_25671165_l-2015.jpg\" alt=\"\" width=\"680\" height=\"513\" srcset=\"https:\/\/www.immobilienbusiness.ch\/wp-content\/uploads\/2017\/05\/Depositphotos_25671165_l-2015.jpg 2000w, https:\/\/www.immobilienbusiness.ch\/wp-content\/uploads\/2017\/05\/Depositphotos_25671165_l-2015-300x226.jpg 300w, https:\/\/www.immobilienbusiness.ch\/wp-content\/uploads\/2017\/05\/Depositphotos_25671165_l-2015-1024x772.jpg 1024w, https:\/\/www.immobilienbusiness.ch\/wp-content\/uploads\/2017\/05\/Depositphotos_25671165_l-2015-768x579.jpg 768w, https:\/\/www.immobilienbusiness.ch\/wp-content\/uploads\/2017\/05\/Depositphotos_25671165_l-2015-1536x1158.jpg 1536w, https:\/\/www.immobilienbusiness.ch\/wp-content\/uploads\/2017\/05\/Depositphotos_25671165_l-2015-16x12.jpg 16w, https:\/\/www.immobilienbusiness.ch\/wp-content\/uploads\/2017\/05\/Depositphotos_25671165_l-2015-232x175.jpg 232w, https:\/\/www.immobilienbusiness.ch\/wp-content\/uploads\/2017\/05\/Depositphotos_25671165_l-2015-464x350.jpg 464w, https:\/\/www.immobilienbusiness.ch\/wp-content\/uploads\/2017\/05\/Depositphotos_25671165_l-2015-1061x800.jpg 1061w, https:\/\/www.immobilienbusiness.ch\/wp-content\/uploads\/2017\/05\/Depositphotos_25671165_l-2015-920x694.jpg 920w, https:\/\/www.immobilienbusiness.ch\/wp-content\/uploads\/2017\/05\/Depositphotos_25671165_l-2015-1400x1056.jpg 1400w, https:\/\/www.immobilienbusiness.ch\/wp-content\/uploads\/2017\/05\/Depositphotos_25671165_l-2015-1857x1400.jpg 1857w\" sizes=\"auto, (max-width: 680px) 100vw, 680px\" \/><figcaption id=\"caption-attachment-7554\" class=\"wp-caption-text\">Le Gr\u00fcnwaldareal \u00e0 Zurich-H\u00f6ngg doit \u00eatre construit, mais le concours d'architecture doit encore attendre (image symbolique : khunaspix - depositphotos)<\/figcaption><\/figure>\n<p>La proc\u00e9dure de participation au projet de construction du Gr\u00fcnwaldareal \u00e0 H\u00f6ngg s'est certes achev\u00e9e entre-temps. Mais avant de pouvoir lancer le concours d'architecture, il faut attendre que les tribunaux se prononcent dans deux proc\u00e9dures de recours, communique la ville de Zurich.<\/p>\n<p>En effet, deux proc\u00e9dures juridiques sont actuellement en cours : Une opposition contre le projet routier Geering-, Frankentaler-, Regensdorferstrasse et une proc\u00e9dure de recours contre la suppression des attributions d'utilisation dans le plan de quartier.<\/p>\n<p>Le conseiller municipal Daniel Leupi et le conseiller municipal Andr\u00e9 Odermatt ont d\u00e9cid\u00e9, en collaboration avec les promoteurs - Baugenossenschaft Sonnengarten (BGS), Gemeinn\u00fctzige Bau- und Mietergenossenschaft Z\u00fcrich (GBMZ) et Stiftung Alterswohnungen (SAW) de la ville de Zurich - que le concours d'architecture ne pourra \u00eatre lanc\u00e9 que lorsque des jugements d\u00e9finitifs auront \u00e9t\u00e9 rendus. Cela sera probablement le cas fin 2019 pour le projet routier, et peut-\u00eatre seulement \u00e0 l'automne 2020 pour la proc\u00e9dure de recours concernant le plan de quartier.<\/p>\n<p>Depuis 2004, la ville souhaite d\u00e9velopper le Gr\u00fcnwaldareal de 31 000 m2 pour des logements d'utilit\u00e9 publique, y compris un jardin d'enfants. Le projet \"Ringling\", identifi\u00e9 en 2005 lors d'un concours, a \u00e9chou\u00e9 en 2016 lors de la proc\u00e9dure de recours devant le Tribunal f\u00e9d\u00e9ral. En 2017, le conseil municipal et les promoteurs immobiliers ont lanc\u00e9 un nouveau d\u00e9part.<\/p>","protected":false},"excerpt":{"rendered":"<p>Le suspense concernant le projet de construction du Gr\u00fcnwaldareal, anciennement \"Ringling\", se poursuit. Comme deux d\u00e9cisions de justice sont encore attendues, aucun concours d'architecture ne sera organis\u00e9 dans un premier temps.<\/p>","protected":false},"author":3,"featured_media":7554,"comment_status":"open","ping_status":"open","sticky":false,"template":"","format":"standard","meta":{"_acf_changed":false,"_yoast_wpseo_focuskw":"Gr\u00fcnwaldareal","_yoast_wpseo_title":"","_yoast_wpseo_metadesc":"Weil noch zwei Gerichtsentscheide ausstehen, soll vorerst kein Architekturwettbewerb f\u00fcr die Neu\u00fcberbauung des Gr\u00fcnwaldareals in H\u00f6ngg durchgef\u00fchrt werden.","_yoast_wpseo_linkdex":52,"pgc_sgb_lightbox_settings":"","footnotes":""},"categories":[985],"tags":[1600,1863,1888],"class_list":["post-13456","post","type-post","status-publish","format-standard","has-post-thumbnail","hentry","category-regionen","tag-projekt-in-planung","tag-wohnimmobilien","tag-zuerich"],"acf":[],"yoast_head":"<!-- This site is optimized with the Yoast SEO plugin v27.5 - https:\/\/yoast.com\/product\/yoast-seo-wordpress\/ -->\n<title>Z\u00fcrich: Vorerst kein Wettbewerb f\u00fcr \u00dcberbauung auf Gr\u00fcndwaldareal - IMMOBILIEN Business<\/title>\n<meta name=\"description\" content=\"Weil noch zwei Gerichtsentscheide ausstehen, soll vorerst kein Architekturwettbewerb f\u00fcr die Neu\u00fcberbauung des Gr\u00fcnwaldareals in H\u00f6ngg durchgef\u00fchrt werden.\" \/>\n<meta name=\"robots\" content=\"index, follow, max-snippet:-1, max-image-preview:large, max-video-preview:-1\" \/>\n<link rel=\"canonical\" href=\"https:\/\/www.immobilienbusiness.ch\/fr\/regionen\/2018-07-26\/zuerich-vorerst-kein-wettbewerb-fuer-ueberbauung-auf-gruendwaldareal\/\" \/>\n<meta property=\"og:locale\" content=\"fr_FR\" \/>\n<meta property=\"og:type\" content=\"article\" \/>\n<meta property=\"og:title\" content=\"Z\u00fcrich: Vorerst kein Wettbewerb f\u00fcr \u00dcberbauung auf Gr\u00fcndwaldareal - IMMOBILIEN Business\" \/>\n<meta property=\"og:description\" content=\"Weil noch zwei Gerichtsentscheide ausstehen, soll vorerst kein Architekturwettbewerb f\u00fcr die Neu\u00fcberbauung des Gr\u00fcnwaldareals in H\u00f6ngg durchgef\u00fchrt werden.\" \/>\n<meta property=\"og:url\" content=\"https:\/\/www.immobilienbusiness.ch\/fr\/regionen\/2018-07-26\/zuerich-vorerst-kein-wettbewerb-fuer-ueberbauung-auf-gruendwaldareal\/\" \/>\n<meta property=\"og:site_name\" content=\"IMMOBILIEN Business\" \/>\n<meta property=\"article:publisher\" content=\"https:\/\/www.facebook.com\/immobilienbusiness\/\" \/>\n<meta property=\"article:published_time\" content=\"2018-07-26T05:51:15+00:00\" \/>\n<meta property=\"og:image\" content=\"https:\/\/www.immobilienbusiness.ch\/wp-content\/uploads\/2017\/05\/Depositphotos_25671165_l-2015.jpg\" \/>\n\t<meta property=\"og:image:width\" content=\"2000\" \/>\n\t<meta property=\"og:image:height\" content=\"1508\" \/>\n\t<meta property=\"og:image:type\" content=\"image\/jpeg\" \/>\n<meta name=\"author\" content=\"anja.hall\" \/>\n<meta name=\"twitter:card\" content=\"summary_large_image\" \/>\n<meta name=\"twitter:image\" content=\"https:\/\/www.immobilienbusiness.ch\/wp-content\/uploads\/2017\/05\/Depositphotos_25671165_l-2015.jpg\" \/>\n<script type=\"application\/ld+json\" class=\"yoast-schema-graph\">{\"@context\":\"https:\\\/\\\/schema.org\",\"@graph\":[{\"@type\":\"Article\",\"@id\":\"https:\\\/\\\/www.immobilienbusiness.ch\\\/regionen\\\/2018-07-26\\\/zuerich-vorerst-kein-wettbewerb-fuer-ueberbauung-auf-gruendwaldareal\\\/#article\",\"isPartOf\":{\"@id\":\"https:\\\/\\\/www.immobilienbusiness.ch\\\/regionen\\\/2018-07-26\\\/zuerich-vorerst-kein-wettbewerb-fuer-ueberbauung-auf-gruendwaldareal\\\/\"},\"author\":{\"name\":\"anja.hall\",\"@id\":\"https:\\\/\\\/www.immobilienbusiness.ch\\\/#\\\/schema\\\/person\\\/3fc036297b10b9f42d6db5ee932af8c8\"},\"headline\":\"Z\u00fcrich: Vorerst kein Wettbewerb f\u00fcr \u00dcberbauung auf Gr\u00fcndwaldareal\",\"datePublished\":\"2018-07-26T05:51:15+00:00\",\"mainEntityOfPage\":{\"@id\":\"https:\\\/\\\/www.immobilienbusiness.ch\\\/regionen\\\/2018-07-26\\\/zuerich-vorerst-kein-wettbewerb-fuer-ueberbauung-auf-gruendwaldareal\\\/\"},\"wordCount\":205,\"commentCount\":0,\"publisher\":{\"@id\":\"https:\\\/\\\/www.immobilienbusiness.ch\\\/#organization\"},\"image\":{\"@id\":\"https:\\\/\\\/www.immobilienbusiness.ch\\\/regionen\\\/2018-07-26\\\/zuerich-vorerst-kein-wettbewerb-fuer-ueberbauung-auf-gruendwaldareal\\\/#primaryimage\"},\"thumbnailUrl\":\"https:\\\/\\\/www.immobilienbusiness.ch\\\/wp-content\\\/uploads\\\/2017\\\/05\\\/Depositphotos_25671165_l-2015.jpg\",\"keywords\":[\"Projekt in Planung\",\"Wohnimmobilien\",\"Z\u00fcrich\"],\"articleSection\":[\"REGIONEN\"],\"inLanguage\":\"fr-FR\"},{\"@type\":\"WebPage\",\"@id\":\"https:\\\/\\\/www.immobilienbusiness.ch\\\/regionen\\\/2018-07-26\\\/zuerich-vorerst-kein-wettbewerb-fuer-ueberbauung-auf-gruendwaldareal\\\/\",\"url\":\"https:\\\/\\\/www.immobilienbusiness.ch\\\/regionen\\\/2018-07-26\\\/zuerich-vorerst-kein-wettbewerb-fuer-ueberbauung-auf-gruendwaldareal\\\/\",\"name\":\"Z\u00fcrich: Vorerst kein Wettbewerb f\u00fcr \u00dcberbauung auf Gr\u00fcndwaldareal - IMMOBILIEN Business\",\"isPartOf\":{\"@id\":\"https:\\\/\\\/www.immobilienbusiness.ch\\\/#website\"},\"primaryImageOfPage\":{\"@id\":\"https:\\\/\\\/www.immobilienbusiness.ch\\\/regionen\\\/2018-07-26\\\/zuerich-vorerst-kein-wettbewerb-fuer-ueberbauung-auf-gruendwaldareal\\\/#primaryimage\"},\"image\":{\"@id\":\"https:\\\/\\\/www.immobilienbusiness.ch\\\/regionen\\\/2018-07-26\\\/zuerich-vorerst-kein-wettbewerb-fuer-ueberbauung-auf-gruendwaldareal\\\/#primaryimage\"},\"thumbnailUrl\":\"https:\\\/\\\/www.immobilienbusiness.ch\\\/wp-content\\\/uploads\\\/2017\\\/05\\\/Depositphotos_25671165_l-2015.jpg\",\"datePublished\":\"2018-07-26T05:51:15+00:00\",\"description\":\"Weil noch zwei Gerichtsentscheide ausstehen, soll vorerst kein Architekturwettbewerb f\u00fcr die Neu\u00fcberbauung des Gr\u00fcnwaldareals in H\u00f6ngg durchgef\u00fchrt werden.\",\"breadcrumb\":{\"@id\":\"https:\\\/\\\/www.immobilienbusiness.ch\\\/regionen\\\/2018-07-26\\\/zuerich-vorerst-kein-wettbewerb-fuer-ueberbauung-auf-gruendwaldareal\\\/#breadcrumb\"},\"inLanguage\":\"fr-FR\",\"potentialAction\":[{\"@type\":\"ReadAction\",\"target\":[\"https:\\\/\\\/www.immobilienbusiness.ch\\\/regionen\\\/2018-07-26\\\/zuerich-vorerst-kein-wettbewerb-fuer-ueberbauung-auf-gruendwaldareal\\\/\"]}]},{\"@type\":\"ImageObject\",\"inLanguage\":\"fr-FR\",\"@id\":\"https:\\\/\\\/www.immobilienbusiness.ch\\\/regionen\\\/2018-07-26\\\/zuerich-vorerst-kein-wettbewerb-fuer-ueberbauung-auf-gruendwaldareal\\\/#primaryimage\",\"url\":\"https:\\\/\\\/www.immobilienbusiness.ch\\\/wp-content\\\/uploads\\\/2017\\\/05\\\/Depositphotos_25671165_l-2015.jpg\",\"contentUrl\":\"https:\\\/\\\/www.immobilienbusiness.ch\\\/wp-content\\\/uploads\\\/2017\\\/05\\\/Depositphotos_25671165_l-2015.jpg\",\"width\":2000,\"height\":1508,\"caption\":\"Ein Architekturwettbewerb f\u00fcr die Siedlung Felsenrain soll 2023 stattfinden depositphotos)\"},{\"@type\":\"BreadcrumbList\",\"@id\":\"https:\\\/\\\/www.immobilienbusiness.ch\\\/regionen\\\/2018-07-26\\\/zuerich-vorerst-kein-wettbewerb-fuer-ueberbauung-auf-gruendwaldareal\\\/#breadcrumb\",\"itemListElement\":[{\"@type\":\"ListItem\",\"position\":1,\"name\":\"Home\",\"item\":\"https:\\\/\\\/www.immobilienbusiness.ch\\\/\"},{\"@type\":\"ListItem\",\"position\":2,\"name\":\"Z\u00fcrich: Vorerst kein Wettbewerb f\u00fcr \u00dcberbauung auf Gr\u00fcndwaldareal\"}]},{\"@type\":\"WebSite\",\"@id\":\"https:\\\/\\\/www.immobilienbusiness.ch\\\/#website\",\"url\":\"https:\\\/\\\/www.immobilienbusiness.ch\\\/\",\"name\":\"IMMOBILIEN Business\",\"description\":\"Unabh\u00e4ngiges Schweizer Wirtschaftsmagazin mit Fokus auf Immobilien, Architektur- und Bau sowie Investment- und Finanzierung.\",\"publisher\":{\"@id\":\"https:\\\/\\\/www.immobilienbusiness.ch\\\/#organization\"},\"potentialAction\":[{\"@type\":\"SearchAction\",\"target\":{\"@type\":\"EntryPoint\",\"urlTemplate\":\"https:\\\/\\\/www.immobilienbusiness.ch\\\/?s={search_term_string}\"},\"query-input\":{\"@type\":\"PropertyValueSpecification\",\"valueRequired\":true,\"valueName\":\"search_term_string\"}}],\"inLanguage\":\"fr-FR\"},{\"@type\":\"Organization\",\"@id\":\"https:\\\/\\\/www.immobilienbusiness.ch\\\/#organization\",\"name\":\"IMMOBILIEN Business\",\"url\":\"https:\\\/\\\/www.immobilienbusiness.ch\\\/\",\"logo\":{\"@type\":\"ImageObject\",\"inLanguage\":\"fr-FR\",\"@id\":\"https:\\\/\\\/www.immobilienbusiness.ch\\\/#\\\/schema\\\/logo\\\/image\\\/\",\"url\":\"https:\\\/\\\/www.immobilienbusiness.ch\\\/wp-content\\\/uploads\\\/2021\\\/07\\\/logo_ib.png\",\"contentUrl\":\"https:\\\/\\\/www.immobilienbusiness.ch\\\/wp-content\\\/uploads\\\/2021\\\/07\\\/logo_ib.png\",\"width\":800,\"height\":181,\"caption\":\"IMMOBILIEN Business\"},\"image\":{\"@id\":\"https:\\\/\\\/www.immobilienbusiness.ch\\\/#\\\/schema\\\/logo\\\/image\\\/\"},\"sameAs\":[\"https:\\\/\\\/www.facebook.com\\\/immobilienbusiness\\\/\"]},{\"@type\":\"Person\",\"@id\":\"https:\\\/\\\/www.immobilienbusiness.ch\\\/#\\\/schema\\\/person\\\/3fc036297b10b9f42d6db5ee932af8c8\",\"name\":\"anja.hall\",\"image\":{\"@type\":\"ImageObject\",\"inLanguage\":\"fr-FR\",\"@id\":\"https:\\\/\\\/secure.gravatar.com\\\/avatar\\\/066b5a0d447013502c71a5782f4f3469f03cfe595cc2329fb94652fe47511bfb?s=96&d=mm&r=g\",\"url\":\"https:\\\/\\\/secure.gravatar.com\\\/avatar\\\/066b5a0d447013502c71a5782f4f3469f03cfe595cc2329fb94652fe47511bfb?s=96&d=mm&r=g\",\"contentUrl\":\"https:\\\/\\\/secure.gravatar.com\\\/avatar\\\/066b5a0d447013502c71a5782f4f3469f03cfe595cc2329fb94652fe47511bfb?s=96&d=mm&r=g\",\"caption\":\"anja.hall\"},\"url\":\"https:\\\/\\\/www.immobilienbusiness.ch\\\/fr\\\/author\\\/anja-hall\\\/\"}]}<\/script>\n<!-- \/ Yoast SEO plugin. -->","yoast_head_json":{"title":"Z\u00fcrich: Vorerst kein Wettbewerb f\u00fcr \u00dcberbauung auf Gr\u00fcndwaldareal - IMMOBILIEN Business","description":"Weil noch zwei Gerichtsentscheide ausstehen, soll vorerst kein Architekturwettbewerb f\u00fcr die Neu\u00fcberbauung des Gr\u00fcnwaldareals in H\u00f6ngg durchgef\u00fchrt werden.","robots":{"index":"index","follow":"follow","max-snippet":"max-snippet:-1","max-image-preview":"max-image-preview:large","max-video-preview":"max-video-preview:-1"},"canonical":"https:\/\/www.immobilienbusiness.ch\/fr\/regionen\/2018-07-26\/zuerich-vorerst-kein-wettbewerb-fuer-ueberbauung-auf-gruendwaldareal\/","og_locale":"fr_FR","og_type":"article","og_title":"Z\u00fcrich: Vorerst kein Wettbewerb f\u00fcr \u00dcberbauung auf Gr\u00fcndwaldareal - IMMOBILIEN Business","og_description":"Weil noch zwei Gerichtsentscheide ausstehen, soll vorerst kein Architekturwettbewerb f\u00fcr die Neu\u00fcberbauung des Gr\u00fcnwaldareals in H\u00f6ngg durchgef\u00fchrt werden.","og_url":"https:\/\/www.immobilienbusiness.ch\/fr\/regionen\/2018-07-26\/zuerich-vorerst-kein-wettbewerb-fuer-ueberbauung-auf-gruendwaldareal\/","og_site_name":"IMMOBILIEN Business","article_publisher":"https:\/\/www.facebook.com\/immobilienbusiness\/","article_published_time":"2018-07-26T05:51:15+00:00","og_image":[{"width":2000,"height":1508,"url":"https:\/\/www.immobilienbusiness.ch\/wp-content\/uploads\/2017\/05\/Depositphotos_25671165_l-2015.jpg","type":"image\/jpeg"}],"author":"anja.hall","twitter_card":"summary_large_image","twitter_image":"https:\/\/www.immobilienbusiness.ch\/wp-content\/uploads\/2017\/05\/Depositphotos_25671165_l-2015.jpg","schema":{"@context":"https:\/\/schema.org","@graph":[{"@type":"Article","@id":"https:\/\/www.immobilienbusiness.ch\/regionen\/2018-07-26\/zuerich-vorerst-kein-wettbewerb-fuer-ueberbauung-auf-gruendwaldareal\/#article","isPartOf":{"@id":"https:\/\/www.immobilienbusiness.ch\/regionen\/2018-07-26\/zuerich-vorerst-kein-wettbewerb-fuer-ueberbauung-auf-gruendwaldareal\/"},"author":{"name":"anja.hall","@id":"https:\/\/www.immobilienbusiness.ch\/#\/schema\/person\/3fc036297b10b9f42d6db5ee932af8c8"},"headline":"Z\u00fcrich: Vorerst kein Wettbewerb f\u00fcr \u00dcberbauung auf Gr\u00fcndwaldareal","datePublished":"2018-07-26T05:51:15+00:00","mainEntityOfPage":{"@id":"https:\/\/www.immobilienbusiness.ch\/regionen\/2018-07-26\/zuerich-vorerst-kein-wettbewerb-fuer-ueberbauung-auf-gruendwaldareal\/"},"wordCount":205,"commentCount":0,"publisher":{"@id":"https:\/\/www.immobilienbusiness.ch\/#organization"},"image":{"@id":"https:\/\/www.immobilienbusiness.ch\/regionen\/2018-07-26\/zuerich-vorerst-kein-wettbewerb-fuer-ueberbauung-auf-gruendwaldareal\/#primaryimage"},"thumbnailUrl":"https:\/\/www.immobilienbusiness.ch\/wp-content\/uploads\/2017\/05\/Depositphotos_25671165_l-2015.jpg","keywords":["Projekt in Planung","Wohnimmobilien","Z\u00fcrich"],"articleSection":["REGIONEN"],"inLanguage":"fr-FR"},{"@type":"WebPage","@id":"https:\/\/www.immobilienbusiness.ch\/regionen\/2018-07-26\/zuerich-vorerst-kein-wettbewerb-fuer-ueberbauung-auf-gruendwaldareal\/","url":"https:\/\/www.immobilienbusiness.ch\/regionen\/2018-07-26\/zuerich-vorerst-kein-wettbewerb-fuer-ueberbauung-auf-gruendwaldareal\/","name":"Z\u00fcrich: Vorerst kein Wettbewerb f\u00fcr \u00dcberbauung auf Gr\u00fcndwaldareal - IMMOBILIEN Business","isPartOf":{"@id":"https:\/\/www.immobilienbusiness.ch\/#website"},"primaryImageOfPage":{"@id":"https:\/\/www.immobilienbusiness.ch\/regionen\/2018-07-26\/zuerich-vorerst-kein-wettbewerb-fuer-ueberbauung-auf-gruendwaldareal\/#primaryimage"},"image":{"@id":"https:\/\/www.immobilienbusiness.ch\/regionen\/2018-07-26\/zuerich-vorerst-kein-wettbewerb-fuer-ueberbauung-auf-gruendwaldareal\/#primaryimage"},"thumbnailUrl":"https:\/\/www.immobilienbusiness.ch\/wp-content\/uploads\/2017\/05\/Depositphotos_25671165_l-2015.jpg","datePublished":"2018-07-26T05:51:15+00:00","description":"Weil noch zwei Gerichtsentscheide ausstehen, soll vorerst kein Architekturwettbewerb f\u00fcr die Neu\u00fcberbauung des Gr\u00fcnwaldareals in H\u00f6ngg durchgef\u00fchrt werden.","breadcrumb":{"@id":"https:\/\/www.immobilienbusiness.ch\/regionen\/2018-07-26\/zuerich-vorerst-kein-wettbewerb-fuer-ueberbauung-auf-gruendwaldareal\/#breadcrumb"},"inLanguage":"fr-FR","potentialAction":[{"@type":"ReadAction","target":["https:\/\/www.immobilienbusiness.ch\/regionen\/2018-07-26\/zuerich-vorerst-kein-wettbewerb-fuer-ueberbauung-auf-gruendwaldareal\/"]}]},{"@type":"ImageObject","inLanguage":"fr-FR","@id":"https:\/\/www.immobilienbusiness.ch\/regionen\/2018-07-26\/zuerich-vorerst-kein-wettbewerb-fuer-ueberbauung-auf-gruendwaldareal\/#primaryimage","url":"https:\/\/www.immobilienbusiness.ch\/wp-content\/uploads\/2017\/05\/Depositphotos_25671165_l-2015.jpg","contentUrl":"https:\/\/www.immobilienbusiness.ch\/wp-content\/uploads\/2017\/05\/Depositphotos_25671165_l-2015.jpg","width":2000,"height":1508,"caption":"Ein Architekturwettbewerb f\u00fcr die Siedlung Felsenrain soll 2023 stattfinden depositphotos)"},{"@type":"BreadcrumbList","@id":"https:\/\/www.immobilienbusiness.ch\/regionen\/2018-07-26\/zuerich-vorerst-kein-wettbewerb-fuer-ueberbauung-auf-gruendwaldareal\/#breadcrumb","itemListElement":[{"@type":"ListItem","position":1,"name":"Home","item":"https:\/\/www.immobilienbusiness.ch\/"},{"@type":"ListItem","position":2,"name":"Z\u00fcrich: Vorerst kein Wettbewerb f\u00fcr \u00dcberbauung auf Gr\u00fcndwaldareal"}]},{"@type":"WebSite","@id":"https:\/\/www.immobilienbusiness.ch\/#website","url":"https:\/\/www.immobilienbusiness.ch\/","name":"IMMOBILIER Business","description":"Magazine \u00e9conomique suisse ind\u00e9pendant ax\u00e9 sur l'immobilier, l'architecture et la construction ainsi que sur les investissements et le financement.","publisher":{"@id":"https:\/\/www.immobilienbusiness.ch\/#organization"},"potentialAction":[{"@type":"SearchAction","target":{"@type":"EntryPoint","urlTemplate":"https:\/\/www.immobilienbusiness.ch\/?s={search_term_string}"},"query-input":{"@type":"PropertyValueSpecification","valueRequired":true,"valueName":"search_term_string"}}],"inLanguage":"fr-FR"},{"@type":"Organization","@id":"https:\/\/www.immobilienbusiness.ch\/#organization","name":"IMMOBILIER Business","url":"https:\/\/www.immobilienbusiness.ch\/","logo":{"@type":"ImageObject","inLanguage":"fr-FR","@id":"https:\/\/www.immobilienbusiness.ch\/#\/schema\/logo\/image\/","url":"https:\/\/www.immobilienbusiness.ch\/wp-content\/uploads\/2021\/07\/logo_ib.png","contentUrl":"https:\/\/www.immobilienbusiness.ch\/wp-content\/uploads\/2021\/07\/logo_ib.png","width":800,"height":181,"caption":"IMMOBILIEN Business"},"image":{"@id":"https:\/\/www.immobilienbusiness.ch\/#\/schema\/logo\/image\/"},"sameAs":["https:\/\/www.facebook.com\/immobilienbusiness\/"]},{"@type":"Person","@id":"https:\/\/www.immobilienbusiness.ch\/#\/schema\/person\/3fc036297b10b9f42d6db5ee932af8c8","name":"anja.hall","image":{"@type":"ImageObject","inLanguage":"fr-FR","@id":"https:\/\/secure.gravatar.com\/avatar\/066b5a0d447013502c71a5782f4f3469f03cfe595cc2329fb94652fe47511bfb?s=96&d=mm&r=g","url":"https:\/\/secure.gravatar.com\/avatar\/066b5a0d447013502c71a5782f4f3469f03cfe595cc2329fb94652fe47511bfb?s=96&d=mm&r=g","contentUrl":"https:\/\/secure.gravatar.com\/avatar\/066b5a0d447013502c71a5782f4f3469f03cfe595cc2329fb94652fe47511bfb?s=96&d=mm&r=g","caption":"anja.hall"},"url":"https:\/\/www.immobilienbusiness.ch\/fr\/author\/anja-hall\/"}]}},"_links":{"self":[{"href":"https:\/\/www.immobilienbusiness.ch\/fr\/wp-json\/wp\/v2\/posts\/13456","targetHints":{"allow":["GET"]}}],"collection":[{"href":"https:\/\/www.immobilienbusiness.ch\/fr\/wp-json\/wp\/v2\/posts"}],"about":[{"href":"https:\/\/www.immobilienbusiness.ch\/fr\/wp-json\/wp\/v2\/types\/post"}],"author":[{"embeddable":true,"href":"https:\/\/www.immobilienbusiness.ch\/fr\/wp-json\/wp\/v2\/users\/3"}],"replies":[{"embeddable":true,"href":"https:\/\/www.immobilienbusiness.ch\/fr\/wp-json\/wp\/v2\/comments?post=13456"}],"version-history":[{"count":0,"href":"https:\/\/www.immobilienbusiness.ch\/fr\/wp-json\/wp\/v2\/posts\/13456\/revisions"}],"wp:featuredmedia":[{"embeddable":true,"href":"https:\/\/www.immobilienbusiness.ch\/fr\/wp-json\/wp\/v2\/media\/7554"}],"wp:attachment":[{"href":"https:\/\/www.immobilienbusiness.ch\/fr\/wp-json\/wp\/v2\/media?parent=13456"}],"wp:term":[{"taxonomy":"category","embeddable":true,"href":"https:\/\/www.immobilienbusiness.ch\/fr\/wp-json\/wp\/v2\/categories?post=13456"},{"taxonomy":"post_tag","embeddable":true,"href":"https:\/\/www.immobilienbusiness.ch\/fr\/wp-json\/wp\/v2\/tags?post=13456"}],"curies":[{"name":"wp","href":"https:\/\/api.w.org\/{rel}","templated":true}]}}