{"id":13372,"date":"2018-07-17T08:54:26","date_gmt":"2018-07-17T06:54:26","guid":{"rendered":"https:\/\/www.immobilienbusiness.ch\/?p=13372"},"modified":"2018-07-17T08:54:26","modified_gmt":"2018-07-17T06:54:26","slug":"zuerich-projektwettbewerb-fuer-marina-ist-entschieden","status":"publish","type":"post","link":"https:\/\/www.immobilienbusiness.ch\/fr\/regionen\/2018-07-17\/zuerich-projektwettbewerb-fuer-marina-ist-entschieden\/","title":{"rendered":"Zurich : le concours pour le projet Marina a \u00e9t\u00e9 d\u00e9cid\u00e9"},"content":{"rendered":"<figure id=\"attachment_13385\" aria-describedby=\"caption-attachment-13385\" style=\"width: 680px\" class=\"wp-caption alignnone\"><img loading=\"lazy\" decoding=\"async\" class=\"size-medium wp-image-13385\" src=\"https:\/\/www.immobilienbusiness.ch\/wp-content\/uploads\/2018\/07\/180713_mm_marina_tiefenbrunnen_visualisierung_2.jpg\" alt=\"\" width=\"680\" height=\"453\" srcset=\"https:\/\/www.immobilienbusiness.ch\/wp-content\/uploads\/2018\/07\/180713_mm_marina_tiefenbrunnen_visualisierung_2.jpg 1772w, https:\/\/www.immobilienbusiness.ch\/wp-content\/uploads\/2018\/07\/180713_mm_marina_tiefenbrunnen_visualisierung_2-300x200.jpg 300w, https:\/\/www.immobilienbusiness.ch\/wp-content\/uploads\/2018\/07\/180713_mm_marina_tiefenbrunnen_visualisierung_2-1024x682.jpg 1024w, https:\/\/www.immobilienbusiness.ch\/wp-content\/uploads\/2018\/07\/180713_mm_marina_tiefenbrunnen_visualisierung_2-768x512.jpg 768w, https:\/\/www.immobilienbusiness.ch\/wp-content\/uploads\/2018\/07\/180713_mm_marina_tiefenbrunnen_visualisierung_2-1536x1024.jpg 1536w, https:\/\/www.immobilienbusiness.ch\/wp-content\/uploads\/2018\/07\/180713_mm_marina_tiefenbrunnen_visualisierung_2-16x12.jpg 16w, https:\/\/www.immobilienbusiness.ch\/wp-content\/uploads\/2018\/07\/180713_mm_marina_tiefenbrunnen_visualisierung_2-263x175.jpg 263w, https:\/\/www.immobilienbusiness.ch\/wp-content\/uploads\/2018\/07\/180713_mm_marina_tiefenbrunnen_visualisierung_2-525x350.jpg 525w, https:\/\/www.immobilienbusiness.ch\/wp-content\/uploads\/2018\/07\/180713_mm_marina_tiefenbrunnen_visualisierung_2-1200x800.jpg 1200w, https:\/\/www.immobilienbusiness.ch\/wp-content\/uploads\/2018\/07\/180713_mm_marina_tiefenbrunnen_visualisierung_2-920x613.jpg 920w, https:\/\/www.immobilienbusiness.ch\/wp-content\/uploads\/2018\/07\/180713_mm_marina_tiefenbrunnen_visualisierung_2-1400x933.jpg 1400w\" sizes=\"auto, (max-width: 680px) 100vw, 680px\" \/><figcaption id=\"caption-attachment-13385\" class=\"wp-caption-text\">Visualisation du centre de sports nautiques pr\u00e9vu pour la marina (\u00a9 ZUEND ; source : ville de Zurich)<\/figcaption><\/figure>\n<p>Contexte de la<span class=\"Apple-converted-space\">\u00a0 <\/span>Le projet de construction s'inscrit dans le cadre du plan directeur du bassin du lac de la ville et du canton de Zurich. L'objectif est de d\u00e9placer les places de bateaux du bassin du lac vers un nouveau port afin de d\u00e9samorcer les conflits d'utilisation. En outre, il s'agit de cr\u00e9er \u00e0 Tiefenbrunnen un lieu \u00e0 l'atmosph\u00e8re portuaire qui non seulement am\u00e9liore l'infrastructure pour le sport de la voile zurichois, mais apporte \u00e9galement une plus-value au grand public.<\/p>\n<p>L'\u00e9t\u00e9 dernier, la ville de Zurich a donc fond\u00e9 la soci\u00e9t\u00e9 simple Marina Tiefenbrunnen (EGMT) avec le Z\u00fcrcher Segel Club, le Z\u00fcrcher Yacht Club et le Segel-Club Enge ainsi que le groupe KIBAG et la compagnie d'assurance La Mobili\u00e8re. Sur mandat de cet organisme responsable, l'Office des b\u00e2timents de la ville de Zurich a organis\u00e9 le concours de projet.<br \/>\nIl s'agissait de faire des propositions pour l'am\u00e9nagement de la partie terrestre de la marina Tiefenbrunnen avec un centre de sports nautiques et un restaurant public ainsi qu'une vaste et large jet\u00e9e publique avec une buvette. Une attention particuli\u00e8re a \u00e9t\u00e9 accord\u00e9e aux projets exemplaires sur le plan \u00e9conomique et durables sur le plan \u00e9cologique.<\/p>\n<p>Le jury a choisi \u00e0 l'unanimit\u00e9 le projet des \u00e9quipes zurichoises Waldrap et Pechmann Landschaftsarchitekten<\/p>\n<p>Dans l'ensemble, le projet gagnant apporte une r\u00e9ponse claire et simple au probl\u00e8me pos\u00e9 par le concours, peut-on lire dans un communiqu\u00e9 commun de la ville de Zurich et de l'EGMT : l'emplacement du b\u00e2timent en bordure de la parcelle permet une utilisation maximale de la zone de s\u00e9chage pour la pratique de la voile. Malgr\u00e9 cela, le caract\u00e8re public de l'installation s'exprime clairement. Le projet serait en outre tr\u00e8s coh\u00e9rent pour la future valorisation pr\u00e9vue de la zone par un agrandissement du parc actuel jusqu'\u00e0 la marina.<span class=\"Apple-converted-space\">\u00a0<\/span><\/p>\n<p>Sur la base des r\u00e9sultats du concours, une proc\u00e9dure d'am\u00e9nagement du territoire va maintenant \u00eatre men\u00e9e, au cours de laquelle un plan d'am\u00e9nagement sera \u00e9galement \u00e9labor\u00e9. Le conseil municipal soumettra ensuite le plan d'am\u00e9nagement, la participation de la ville \u00e0 l'organisme responsable et le contrat de droit de superficie pour la Marina Tiefenbrunnen au conseil communal de la ville de Zurich pour d\u00e9lib\u00e9ration et d\u00e9cision. Les d\u00e9lib\u00e9rations au parlement auront probablement lieu \u00e0 partir de 2020.<\/p>","protected":false},"excerpt":{"rendered":"<p>In Tiefenbrunnen soll eine Marina entstehen &#8211; es ist der erste Hafen in der Stadt Z\u00fcrich, der von Anfang an auch f\u00fcr die \u00d6ffentlichkeit konzipiert wird. Den Wettbewerb hat das Projekt von Waldrap und Pechmann Landschaftsarchitekten gewonnen.\u00a0<\/p>","protected":false},"author":3,"featured_media":13385,"comment_status":"open","ping_status":"open","sticky":false,"template":"","format":"standard","meta":{"_acf_changed":false,"_yoast_wpseo_focuskw":"Marina","_yoast_wpseo_title":"","_yoast_wpseo_metadesc":"In Tiefenbrunnen soll eine Marina entstehen. Den Wettbewerb hat das Projekt von Waldrap und Pechmann Landschaftsarchitekten gewonnen.\u00a0","_yoast_wpseo_linkdex":81,"pgc_sgb_lightbox_settings":"","footnotes":""},"categories":[985],"tags":[1600,1714,1888],"class_list":["post-13372","post","type-post","status-publish","format-standard","has-post-thumbnail","hentry","category-regionen","tag-projekt-in-planung","tag-spezial-immobilien","tag-zuerich"],"acf":[],"yoast_head":"<!-- This site is optimized with the Yoast SEO plugin v27.5 - https:\/\/yoast.com\/product\/yoast-seo-wordpress\/ -->\n<title>Z\u00fcrich: Projektwettbewerb f\u00fcr Marina ist entschieden - IMMOBILIEN Business<\/title>\n<meta name=\"description\" content=\"In Tiefenbrunnen soll eine Marina entstehen. Den Wettbewerb hat das Projekt von Waldrap und Pechmann Landschaftsarchitekten gewonnen.\u00a0\" \/>\n<meta name=\"robots\" content=\"index, follow, max-snippet:-1, max-image-preview:large, max-video-preview:-1\" \/>\n<link rel=\"canonical\" href=\"https:\/\/www.immobilienbusiness.ch\/fr\/regionen\/2018-07-17\/zuerich-projektwettbewerb-fuer-marina-ist-entschieden\/\" \/>\n<meta property=\"og:locale\" content=\"fr_FR\" \/>\n<meta property=\"og:type\" content=\"article\" \/>\n<meta property=\"og:title\" content=\"Z\u00fcrich: Projektwettbewerb f\u00fcr Marina ist entschieden - IMMOBILIEN Business\" \/>\n<meta property=\"og:description\" content=\"In Tiefenbrunnen soll eine Marina entstehen. Den Wettbewerb hat das Projekt von Waldrap und Pechmann Landschaftsarchitekten gewonnen.\u00a0\" \/>\n<meta property=\"og:url\" content=\"https:\/\/www.immobilienbusiness.ch\/fr\/regionen\/2018-07-17\/zuerich-projektwettbewerb-fuer-marina-ist-entschieden\/\" \/>\n<meta property=\"og:site_name\" content=\"IMMOBILIEN Business\" \/>\n<meta property=\"article:publisher\" content=\"https:\/\/www.facebook.com\/immobilienbusiness\/\" \/>\n<meta property=\"article:published_time\" content=\"2018-07-17T06:54:26+00:00\" \/>\n<meta property=\"og:image\" content=\"https:\/\/www.immobilienbusiness.ch\/wp-content\/uploads\/2018\/07\/180713_mm_marina_tiefenbrunnen_visualisierung_2.jpg\" \/>\n\t<meta property=\"og:image:width\" content=\"1772\" \/>\n\t<meta property=\"og:image:height\" content=\"1181\" \/>\n\t<meta property=\"og:image:type\" content=\"image\/jpeg\" \/>\n<meta name=\"author\" content=\"anja.hall\" \/>\n<meta name=\"twitter:card\" content=\"summary_large_image\" \/>\n<meta name=\"twitter:image\" content=\"https:\/\/www.immobilienbusiness.ch\/wp-content\/uploads\/2018\/07\/180713_mm_marina_tiefenbrunnen_visualisierung_2.jpg\" \/>\n<script type=\"application\/ld+json\" class=\"yoast-schema-graph\">{\"@context\":\"https:\\\/\\\/schema.org\",\"@graph\":[{\"@type\":\"Article\",\"@id\":\"https:\\\/\\\/www.immobilienbusiness.ch\\\/en\\\/regionen\\\/2018-07-17\\\/zuerich-projektwettbewerb-fuer-marina-ist-entschieden\\\/#article\",\"isPartOf\":{\"@id\":\"https:\\\/\\\/www.immobilienbusiness.ch\\\/en\\\/regionen\\\/2018-07-17\\\/zuerich-projektwettbewerb-fuer-marina-ist-entschieden\\\/\"},\"author\":{\"name\":\"anja.hall\",\"@id\":\"https:\\\/\\\/www.immobilienbusiness.ch\\\/#\\\/schema\\\/person\\\/3fc036297b10b9f42d6db5ee932af8c8\"},\"headline\":\"Z\u00fcrich: Projektwettbewerb f\u00fcr Marina ist entschieden\",\"datePublished\":\"2018-07-17T06:54:26+00:00\",\"mainEntityOfPage\":{\"@id\":\"https:\\\/\\\/www.immobilienbusiness.ch\\\/en\\\/regionen\\\/2018-07-17\\\/zuerich-projektwettbewerb-fuer-marina-ist-entschieden\\\/\"},\"wordCount\":343,\"commentCount\":0,\"publisher\":{\"@id\":\"https:\\\/\\\/www.immobilienbusiness.ch\\\/#organization\"},\"image\":{\"@id\":\"https:\\\/\\\/www.immobilienbusiness.ch\\\/en\\\/regionen\\\/2018-07-17\\\/zuerich-projektwettbewerb-fuer-marina-ist-entschieden\\\/#primaryimage\"},\"thumbnailUrl\":\"https:\\\/\\\/www.immobilienbusiness.ch\\\/wp-content\\\/uploads\\\/2018\\\/07\\\/180713_mm_marina_tiefenbrunnen_visualisierung_2.jpg\",\"keywords\":[\"Projekt in Planung\",\"Spezial Immobilien\",\"Z\u00fcrich\"],\"articleSection\":[\"REGIONEN\"],\"inLanguage\":\"fr-FR\"},{\"@type\":\"WebPage\",\"@id\":\"https:\\\/\\\/www.immobilienbusiness.ch\\\/en\\\/regionen\\\/2018-07-17\\\/zuerich-projektwettbewerb-fuer-marina-ist-entschieden\\\/\",\"url\":\"https:\\\/\\\/www.immobilienbusiness.ch\\\/en\\\/regionen\\\/2018-07-17\\\/zuerich-projektwettbewerb-fuer-marina-ist-entschieden\\\/\",\"name\":\"Z\u00fcrich: Projektwettbewerb f\u00fcr Marina ist entschieden - IMMOBILIEN Business\",\"isPartOf\":{\"@id\":\"https:\\\/\\\/www.immobilienbusiness.ch\\\/#website\"},\"primaryImageOfPage\":{\"@id\":\"https:\\\/\\\/www.immobilienbusiness.ch\\\/en\\\/regionen\\\/2018-07-17\\\/zuerich-projektwettbewerb-fuer-marina-ist-entschieden\\\/#primaryimage\"},\"image\":{\"@id\":\"https:\\\/\\\/www.immobilienbusiness.ch\\\/en\\\/regionen\\\/2018-07-17\\\/zuerich-projektwettbewerb-fuer-marina-ist-entschieden\\\/#primaryimage\"},\"thumbnailUrl\":\"https:\\\/\\\/www.immobilienbusiness.ch\\\/wp-content\\\/uploads\\\/2018\\\/07\\\/180713_mm_marina_tiefenbrunnen_visualisierung_2.jpg\",\"datePublished\":\"2018-07-17T06:54:26+00:00\",\"description\":\"In Tiefenbrunnen soll eine Marina entstehen. Den Wettbewerb hat das Projekt von Waldrap und Pechmann Landschaftsarchitekten gewonnen.\u00a0\",\"breadcrumb\":{\"@id\":\"https:\\\/\\\/www.immobilienbusiness.ch\\\/en\\\/regionen\\\/2018-07-17\\\/zuerich-projektwettbewerb-fuer-marina-ist-entschieden\\\/#breadcrumb\"},\"inLanguage\":\"fr-FR\",\"potentialAction\":[{\"@type\":\"ReadAction\",\"target\":[\"https:\\\/\\\/www.immobilienbusiness.ch\\\/en\\\/regionen\\\/2018-07-17\\\/zuerich-projektwettbewerb-fuer-marina-ist-entschieden\\\/\"]}]},{\"@type\":\"ImageObject\",\"inLanguage\":\"fr-FR\",\"@id\":\"https:\\\/\\\/www.immobilienbusiness.ch\\\/en\\\/regionen\\\/2018-07-17\\\/zuerich-projektwettbewerb-fuer-marina-ist-entschieden\\\/#primaryimage\",\"url\":\"https:\\\/\\\/www.immobilienbusiness.ch\\\/wp-content\\\/uploads\\\/2018\\\/07\\\/180713_mm_marina_tiefenbrunnen_visualisierung_2.jpg\",\"contentUrl\":\"https:\\\/\\\/www.immobilienbusiness.ch\\\/wp-content\\\/uploads\\\/2018\\\/07\\\/180713_mm_marina_tiefenbrunnen_visualisierung_2.jpg\",\"width\":1772,\"height\":1181,\"caption\":\"Visualisierung des geplanten Wassersportzentrums\"},{\"@type\":\"BreadcrumbList\",\"@id\":\"https:\\\/\\\/www.immobilienbusiness.ch\\\/en\\\/regionen\\\/2018-07-17\\\/zuerich-projektwettbewerb-fuer-marina-ist-entschieden\\\/#breadcrumb\",\"itemListElement\":[{\"@type\":\"ListItem\",\"position\":1,\"name\":\"Home\",\"item\":\"https:\\\/\\\/www.immobilienbusiness.ch\\\/\"},{\"@type\":\"ListItem\",\"position\":2,\"name\":\"Z\u00fcrich: Projektwettbewerb f\u00fcr Marina ist entschieden\"}]},{\"@type\":\"WebSite\",\"@id\":\"https:\\\/\\\/www.immobilienbusiness.ch\\\/#website\",\"url\":\"https:\\\/\\\/www.immobilienbusiness.ch\\\/\",\"name\":\"IMMOBILIEN Business\",\"description\":\"Unabh\u00e4ngiges Schweizer Wirtschaftsmagazin mit Fokus auf Immobilien, Architektur- und Bau sowie Investment- und Finanzierung.\",\"publisher\":{\"@id\":\"https:\\\/\\\/www.immobilienbusiness.ch\\\/#organization\"},\"potentialAction\":[{\"@type\":\"SearchAction\",\"target\":{\"@type\":\"EntryPoint\",\"urlTemplate\":\"https:\\\/\\\/www.immobilienbusiness.ch\\\/?s={search_term_string}\"},\"query-input\":{\"@type\":\"PropertyValueSpecification\",\"valueRequired\":true,\"valueName\":\"search_term_string\"}}],\"inLanguage\":\"fr-FR\"},{\"@type\":\"Organization\",\"@id\":\"https:\\\/\\\/www.immobilienbusiness.ch\\\/#organization\",\"name\":\"IMMOBILIEN Business\",\"url\":\"https:\\\/\\\/www.immobilienbusiness.ch\\\/\",\"logo\":{\"@type\":\"ImageObject\",\"inLanguage\":\"fr-FR\",\"@id\":\"https:\\\/\\\/www.immobilienbusiness.ch\\\/#\\\/schema\\\/logo\\\/image\\\/\",\"url\":\"https:\\\/\\\/www.immobilienbusiness.ch\\\/wp-content\\\/uploads\\\/2021\\\/07\\\/logo_ib.png\",\"contentUrl\":\"https:\\\/\\\/www.immobilienbusiness.ch\\\/wp-content\\\/uploads\\\/2021\\\/07\\\/logo_ib.png\",\"width\":800,\"height\":181,\"caption\":\"IMMOBILIEN Business\"},\"image\":{\"@id\":\"https:\\\/\\\/www.immobilienbusiness.ch\\\/#\\\/schema\\\/logo\\\/image\\\/\"},\"sameAs\":[\"https:\\\/\\\/www.facebook.com\\\/immobilienbusiness\\\/\"]},{\"@type\":\"Person\",\"@id\":\"https:\\\/\\\/www.immobilienbusiness.ch\\\/#\\\/schema\\\/person\\\/3fc036297b10b9f42d6db5ee932af8c8\",\"name\":\"anja.hall\",\"image\":{\"@type\":\"ImageObject\",\"inLanguage\":\"fr-FR\",\"@id\":\"https:\\\/\\\/secure.gravatar.com\\\/avatar\\\/066b5a0d447013502c71a5782f4f3469f03cfe595cc2329fb94652fe47511bfb?s=96&d=mm&r=g\",\"url\":\"https:\\\/\\\/secure.gravatar.com\\\/avatar\\\/066b5a0d447013502c71a5782f4f3469f03cfe595cc2329fb94652fe47511bfb?s=96&d=mm&r=g\",\"contentUrl\":\"https:\\\/\\\/secure.gravatar.com\\\/avatar\\\/066b5a0d447013502c71a5782f4f3469f03cfe595cc2329fb94652fe47511bfb?s=96&d=mm&r=g\",\"caption\":\"anja.hall\"},\"url\":\"https:\\\/\\\/www.immobilienbusiness.ch\\\/fr\\\/author\\\/anja-hall\\\/\"}]}<\/script>\n<!-- \/ Yoast SEO plugin. -->","yoast_head_json":{"title":"Z\u00fcrich: Projektwettbewerb f\u00fcr Marina ist entschieden - IMMOBILIEN Business","description":"In Tiefenbrunnen soll eine Marina entstehen. Den Wettbewerb hat das Projekt von Waldrap und Pechmann Landschaftsarchitekten gewonnen.\u00a0","robots":{"index":"index","follow":"follow","max-snippet":"max-snippet:-1","max-image-preview":"max-image-preview:large","max-video-preview":"max-video-preview:-1"},"canonical":"https:\/\/www.immobilienbusiness.ch\/fr\/regionen\/2018-07-17\/zuerich-projektwettbewerb-fuer-marina-ist-entschieden\/","og_locale":"fr_FR","og_type":"article","og_title":"Z\u00fcrich: Projektwettbewerb f\u00fcr Marina ist entschieden - IMMOBILIEN Business","og_description":"In Tiefenbrunnen soll eine Marina entstehen. Den Wettbewerb hat das Projekt von Waldrap und Pechmann Landschaftsarchitekten gewonnen.\u00a0","og_url":"https:\/\/www.immobilienbusiness.ch\/fr\/regionen\/2018-07-17\/zuerich-projektwettbewerb-fuer-marina-ist-entschieden\/","og_site_name":"IMMOBILIEN Business","article_publisher":"https:\/\/www.facebook.com\/immobilienbusiness\/","article_published_time":"2018-07-17T06:54:26+00:00","og_image":[{"width":1772,"height":1181,"url":"https:\/\/www.immobilienbusiness.ch\/wp-content\/uploads\/2018\/07\/180713_mm_marina_tiefenbrunnen_visualisierung_2.jpg","type":"image\/jpeg"}],"author":"anja.hall","twitter_card":"summary_large_image","twitter_image":"https:\/\/www.immobilienbusiness.ch\/wp-content\/uploads\/2018\/07\/180713_mm_marina_tiefenbrunnen_visualisierung_2.jpg","schema":{"@context":"https:\/\/schema.org","@graph":[{"@type":"Article","@id":"https:\/\/www.immobilienbusiness.ch\/en\/regionen\/2018-07-17\/zuerich-projektwettbewerb-fuer-marina-ist-entschieden\/#article","isPartOf":{"@id":"https:\/\/www.immobilienbusiness.ch\/en\/regionen\/2018-07-17\/zuerich-projektwettbewerb-fuer-marina-ist-entschieden\/"},"author":{"name":"anja.hall","@id":"https:\/\/www.immobilienbusiness.ch\/#\/schema\/person\/3fc036297b10b9f42d6db5ee932af8c8"},"headline":"Z\u00fcrich: Projektwettbewerb f\u00fcr Marina ist entschieden","datePublished":"2018-07-17T06:54:26+00:00","mainEntityOfPage":{"@id":"https:\/\/www.immobilienbusiness.ch\/en\/regionen\/2018-07-17\/zuerich-projektwettbewerb-fuer-marina-ist-entschieden\/"},"wordCount":343,"commentCount":0,"publisher":{"@id":"https:\/\/www.immobilienbusiness.ch\/#organization"},"image":{"@id":"https:\/\/www.immobilienbusiness.ch\/en\/regionen\/2018-07-17\/zuerich-projektwettbewerb-fuer-marina-ist-entschieden\/#primaryimage"},"thumbnailUrl":"https:\/\/www.immobilienbusiness.ch\/wp-content\/uploads\/2018\/07\/180713_mm_marina_tiefenbrunnen_visualisierung_2.jpg","keywords":["Projekt in Planung","Spezial Immobilien","Z\u00fcrich"],"articleSection":["REGIONEN"],"inLanguage":"fr-FR"},{"@type":"WebPage","@id":"https:\/\/www.immobilienbusiness.ch\/en\/regionen\/2018-07-17\/zuerich-projektwettbewerb-fuer-marina-ist-entschieden\/","url":"https:\/\/www.immobilienbusiness.ch\/en\/regionen\/2018-07-17\/zuerich-projektwettbewerb-fuer-marina-ist-entschieden\/","name":"Z\u00fcrich: Projektwettbewerb f\u00fcr Marina ist entschieden - IMMOBILIEN Business","isPartOf":{"@id":"https:\/\/www.immobilienbusiness.ch\/#website"},"primaryImageOfPage":{"@id":"https:\/\/www.immobilienbusiness.ch\/en\/regionen\/2018-07-17\/zuerich-projektwettbewerb-fuer-marina-ist-entschieden\/#primaryimage"},"image":{"@id":"https:\/\/www.immobilienbusiness.ch\/en\/regionen\/2018-07-17\/zuerich-projektwettbewerb-fuer-marina-ist-entschieden\/#primaryimage"},"thumbnailUrl":"https:\/\/www.immobilienbusiness.ch\/wp-content\/uploads\/2018\/07\/180713_mm_marina_tiefenbrunnen_visualisierung_2.jpg","datePublished":"2018-07-17T06:54:26+00:00","description":"In Tiefenbrunnen soll eine Marina entstehen. Den Wettbewerb hat das Projekt von Waldrap und Pechmann Landschaftsarchitekten gewonnen.\u00a0","breadcrumb":{"@id":"https:\/\/www.immobilienbusiness.ch\/en\/regionen\/2018-07-17\/zuerich-projektwettbewerb-fuer-marina-ist-entschieden\/#breadcrumb"},"inLanguage":"fr-FR","potentialAction":[{"@type":"ReadAction","target":["https:\/\/www.immobilienbusiness.ch\/en\/regionen\/2018-07-17\/zuerich-projektwettbewerb-fuer-marina-ist-entschieden\/"]}]},{"@type":"ImageObject","inLanguage":"fr-FR","@id":"https:\/\/www.immobilienbusiness.ch\/en\/regionen\/2018-07-17\/zuerich-projektwettbewerb-fuer-marina-ist-entschieden\/#primaryimage","url":"https:\/\/www.immobilienbusiness.ch\/wp-content\/uploads\/2018\/07\/180713_mm_marina_tiefenbrunnen_visualisierung_2.jpg","contentUrl":"https:\/\/www.immobilienbusiness.ch\/wp-content\/uploads\/2018\/07\/180713_mm_marina_tiefenbrunnen_visualisierung_2.jpg","width":1772,"height":1181,"caption":"Visualisierung des geplanten Wassersportzentrums"},{"@type":"BreadcrumbList","@id":"https:\/\/www.immobilienbusiness.ch\/en\/regionen\/2018-07-17\/zuerich-projektwettbewerb-fuer-marina-ist-entschieden\/#breadcrumb","itemListElement":[{"@type":"ListItem","position":1,"name":"Home","item":"https:\/\/www.immobilienbusiness.ch\/"},{"@type":"ListItem","position":2,"name":"Z\u00fcrich: Projektwettbewerb f\u00fcr Marina ist entschieden"}]},{"@type":"WebSite","@id":"https:\/\/www.immobilienbusiness.ch\/#website","url":"https:\/\/www.immobilienbusiness.ch\/","name":"IMMOBILIER Business","description":"Magazine \u00e9conomique suisse ind\u00e9pendant ax\u00e9 sur l'immobilier, l'architecture et la construction ainsi que sur les investissements et le financement.","publisher":{"@id":"https:\/\/www.immobilienbusiness.ch\/#organization"},"potentialAction":[{"@type":"SearchAction","target":{"@type":"EntryPoint","urlTemplate":"https:\/\/www.immobilienbusiness.ch\/?s={search_term_string}"},"query-input":{"@type":"PropertyValueSpecification","valueRequired":true,"valueName":"search_term_string"}}],"inLanguage":"fr-FR"},{"@type":"Organization","@id":"https:\/\/www.immobilienbusiness.ch\/#organization","name":"IMMOBILIER Business","url":"https:\/\/www.immobilienbusiness.ch\/","logo":{"@type":"ImageObject","inLanguage":"fr-FR","@id":"https:\/\/www.immobilienbusiness.ch\/#\/schema\/logo\/image\/","url":"https:\/\/www.immobilienbusiness.ch\/wp-content\/uploads\/2021\/07\/logo_ib.png","contentUrl":"https:\/\/www.immobilienbusiness.ch\/wp-content\/uploads\/2021\/07\/logo_ib.png","width":800,"height":181,"caption":"IMMOBILIEN Business"},"image":{"@id":"https:\/\/www.immobilienbusiness.ch\/#\/schema\/logo\/image\/"},"sameAs":["https:\/\/www.facebook.com\/immobilienbusiness\/"]},{"@type":"Person","@id":"https:\/\/www.immobilienbusiness.ch\/#\/schema\/person\/3fc036297b10b9f42d6db5ee932af8c8","name":"anja.hall","image":{"@type":"ImageObject","inLanguage":"fr-FR","@id":"https:\/\/secure.gravatar.com\/avatar\/066b5a0d447013502c71a5782f4f3469f03cfe595cc2329fb94652fe47511bfb?s=96&d=mm&r=g","url":"https:\/\/secure.gravatar.com\/avatar\/066b5a0d447013502c71a5782f4f3469f03cfe595cc2329fb94652fe47511bfb?s=96&d=mm&r=g","contentUrl":"https:\/\/secure.gravatar.com\/avatar\/066b5a0d447013502c71a5782f4f3469f03cfe595cc2329fb94652fe47511bfb?s=96&d=mm&r=g","caption":"anja.hall"},"url":"https:\/\/www.immobilienbusiness.ch\/fr\/author\/anja-hall\/"}]}},"_links":{"self":[{"href":"https:\/\/www.immobilienbusiness.ch\/fr\/wp-json\/wp\/v2\/posts\/13372","targetHints":{"allow":["GET"]}}],"collection":[{"href":"https:\/\/www.immobilienbusiness.ch\/fr\/wp-json\/wp\/v2\/posts"}],"about":[{"href":"https:\/\/www.immobilienbusiness.ch\/fr\/wp-json\/wp\/v2\/types\/post"}],"author":[{"embeddable":true,"href":"https:\/\/www.immobilienbusiness.ch\/fr\/wp-json\/wp\/v2\/users\/3"}],"replies":[{"embeddable":true,"href":"https:\/\/www.immobilienbusiness.ch\/fr\/wp-json\/wp\/v2\/comments?post=13372"}],"version-history":[{"count":0,"href":"https:\/\/www.immobilienbusiness.ch\/fr\/wp-json\/wp\/v2\/posts\/13372\/revisions"}],"wp:featuredmedia":[{"embeddable":true,"href":"https:\/\/www.immobilienbusiness.ch\/fr\/wp-json\/wp\/v2\/media\/13385"}],"wp:attachment":[{"href":"https:\/\/www.immobilienbusiness.ch\/fr\/wp-json\/wp\/v2\/media?parent=13372"}],"wp:term":[{"taxonomy":"category","embeddable":true,"href":"https:\/\/www.immobilienbusiness.ch\/fr\/wp-json\/wp\/v2\/categories?post=13372"},{"taxonomy":"post_tag","embeddable":true,"href":"https:\/\/www.immobilienbusiness.ch\/fr\/wp-json\/wp\/v2\/tags?post=13372"}],"curies":[{"name":"wp","href":"https:\/\/api.w.org\/{rel}","templated":true}]}}