{"id":13261,"date":"2018-07-09T07:55:09","date_gmt":"2018-07-09T05:55:09","guid":{"rendered":"https:\/\/www.immobilienbusiness.ch\/?p=13261"},"modified":"2018-07-09T07:55:09","modified_gmt":"2018-07-09T05:55:09","slug":"zuerich-grundstein-fuer-siedlung-hornbach-ist-gelegt","status":"publish","type":"post","link":"https:\/\/www.immobilienbusiness.ch\/fr\/regionen\/2018-07-09\/zuerich-grundstein-fuer-siedlung-hornbach-ist-gelegt\/","title":{"rendered":"Zurich : la premi\u00e8re pierre du lotissement Hornbach est pos\u00e9e"},"content":{"rendered":"<figure id=\"attachment_13262\" aria-describedby=\"caption-attachment-13262\" style=\"width: 680px\" class=\"wp-caption alignnone\"><img loading=\"lazy\" decoding=\"async\" class=\"wp-image-13262 size-medium\" src=\"https:\/\/www.immobilienbusiness.ch\/wp-content\/uploads\/2018\/07\/180706_1_Visualisierung_Hornbach.jpg\" alt=\"\" width=\"680\" height=\"481\" srcset=\"https:\/\/www.immobilienbusiness.ch\/wp-content\/uploads\/2018\/07\/180706_1_Visualisierung_Hornbach.jpg 2480w, https:\/\/www.immobilienbusiness.ch\/wp-content\/uploads\/2018\/07\/180706_1_Visualisierung_Hornbach-300x212.jpg 300w, https:\/\/www.immobilienbusiness.ch\/wp-content\/uploads\/2018\/07\/180706_1_Visualisierung_Hornbach-1024x724.jpg 1024w, https:\/\/www.immobilienbusiness.ch\/wp-content\/uploads\/2018\/07\/180706_1_Visualisierung_Hornbach-768x543.jpg 768w, https:\/\/www.immobilienbusiness.ch\/wp-content\/uploads\/2018\/07\/180706_1_Visualisierung_Hornbach-1536x1086.jpg 1536w, https:\/\/www.immobilienbusiness.ch\/wp-content\/uploads\/2018\/07\/180706_1_Visualisierung_Hornbach-2048x1448.jpg 2048w, https:\/\/www.immobilienbusiness.ch\/wp-content\/uploads\/2018\/07\/180706_1_Visualisierung_Hornbach-16x12.jpg 16w, https:\/\/www.immobilienbusiness.ch\/wp-content\/uploads\/2018\/07\/180706_1_Visualisierung_Hornbach-248x175.jpg 248w, https:\/\/www.immobilienbusiness.ch\/wp-content\/uploads\/2018\/07\/180706_1_Visualisierung_Hornbach-495x350.jpg 495w, https:\/\/www.immobilienbusiness.ch\/wp-content\/uploads\/2018\/07\/180706_1_Visualisierung_Hornbach-1132x800.jpg 1132w, https:\/\/www.immobilienbusiness.ch\/wp-content\/uploads\/2018\/07\/180706_1_Visualisierung_Hornbach-920x650.jpg 920w, https:\/\/www.immobilienbusiness.ch\/wp-content\/uploads\/2018\/07\/180706_1_Visualisierung_Hornbach-1400x990.jpg 1400w, https:\/\/www.immobilienbusiness.ch\/wp-content\/uploads\/2018\/07\/180706_1_Visualisierung_Hornbach-1981x1400.jpg 1981w\" sizes=\"auto, (max-width: 680px) 100vw, 680px\" \/><figcaption id=\"caption-attachment-13262\" class=\"wp-caption-text\">Visualisation du lotissement Hornbach dans le Seefeld (photo : Knapkiewicz &amp; Fickert Architekten)<\/figcaption><\/figure>\n<p>Le nouveau lotissement Hornbach \u00e0 Zurich-Riesbach, \u00e0 proximit\u00e9 imm\u00e9diate du lac, comprendra 125 logements d'utilit\u00e9 publique, principalement pour des familles.<\/p>\n<p>Le projet qui va \u00eatre r\u00e9alis\u00e9 est l'\u0153uvre de Knapkiewicz &amp; Fickert Architekten de Zurich et fait suite \u00e0 un concours d'architecture qui avait d\u00e9j\u00e0 \u00e9t\u00e9 remport\u00e9 en 2012. Plus de 70 pour cent des logements sont destin\u00e9s \u00e0 des locataires avec enfants ; la cr\u00e8che peut accueillir 24 enfants, la garderie peut en accueillir jusqu'\u00e0 75. L'ensemble du lotissement Hornbach sera construit selon les directives de l'aide cantonale \u00e0 la construction de logements du canton de Zurich et selon le standard Minergie-P-Eco, communique la ville de Zurich.<\/p>\n<p>Le communiqu\u00e9 ajoute que ce lotissement constitue une contribution importante \u00e0 la diversit\u00e9 sociale du Seefeld. \"Jusqu'\u00e0 pr\u00e9sent, la part de logements d'utilit\u00e9 publique dans l'arrondissement 8 \u00e9tait nettement inf\u00e9rieure \u00e0 la moyenne\", a d\u00e9clar\u00e9 le conseiller municipal Daniel Leupi, chef du d\u00e9partement des finances, lors de la pose de la premi\u00e8re pierre. \"Avec le lotissement Hornbach, il y aura enfin plus de logements abordables, surtout pour les familles, et de l'espace pour le commerce\".<\/p>\n<p><a href=\"https:\/\/www.immobilienbusiness.ch\/fr\/staedtische-siedlung-im-seefeld-kommt\/\">En 2015, les \u00e9lecteurs zurichois avaient accept\u00e9 le cr\u00e9dit d'ouvrage de 100,7 millions de CHF pour la construction du lotissement Hornbach avec une majorit\u00e9 de pr\u00e8s de 66%.<\/a> En raison de recours, la planification a \u00e9t\u00e9 interrompue entre-temps. Les travaux ont toutefois pu commencer en septembre 2017. Le lotissement devrait \u00eatre pr\u00eat \u00e0 \u00eatre occup\u00e9 d'ici 2021.<\/p>","protected":false},"excerpt":{"rendered":"<p>Le 6 juillet, la premi\u00e8re pierre du nouveau lotissement Hornbach a \u00e9t\u00e9 pos\u00e9e dans le Seefeld zurichois. Des logements, des structures d'accueil pour enfants, des surfaces commerciales et un atelier pour Gr\u00fcn Stadt Z\u00fcrich y seront construits.<\/p>","protected":false},"author":3,"featured_media":13262,"comment_status":"open","ping_status":"open","sticky":false,"template":"","format":"standard","meta":{"_acf_changed":false,"_yoast_wpseo_focuskw":"Siedlung Hornbach","_yoast_wpseo_title":"","_yoast_wpseo_metadesc":"Am 6. Juli wurde die Grundsteinlegung f\u00fcr die neue Siedlung Hornbach im Z\u00fcrcher Seefeld gefeiert. Es entstehen 125 gemeinn\u00fctzige Wohnungen.","_yoast_wpseo_linkdex":80,"pgc_sgb_lightbox_settings":"","footnotes":""},"categories":[985],"tags":[1599,1863,1888],"class_list":["post-13261","post","type-post","status-publish","format-standard","has-post-thumbnail","hentry","category-regionen","tag-projekt-in-bau","tag-wohnimmobilien","tag-zuerich"],"acf":[],"yoast_head":"<!-- This site is optimized with the Yoast SEO plugin v27.5 - https:\/\/yoast.com\/product\/yoast-seo-wordpress\/ -->\n<title>Z\u00fcrich: Grundstein f\u00fcr Siedlung Hornbach ist gelegt - IMMOBILIEN Business<\/title>\n<meta name=\"description\" content=\"Am 6. Juli wurde die Grundsteinlegung f\u00fcr die neue Siedlung Hornbach im Z\u00fcrcher Seefeld gefeiert. Es entstehen 125 gemeinn\u00fctzige Wohnungen.\" \/>\n<meta name=\"robots\" content=\"index, follow, max-snippet:-1, max-image-preview:large, max-video-preview:-1\" \/>\n<link rel=\"canonical\" href=\"https:\/\/www.immobilienbusiness.ch\/fr\/regionen\/2018-07-09\/zuerich-grundstein-fuer-siedlung-hornbach-ist-gelegt\/\" \/>\n<meta property=\"og:locale\" content=\"fr_FR\" \/>\n<meta property=\"og:type\" content=\"article\" \/>\n<meta property=\"og:title\" content=\"Z\u00fcrich: Grundstein f\u00fcr Siedlung Hornbach ist gelegt - IMMOBILIEN Business\" \/>\n<meta property=\"og:description\" content=\"Am 6. Juli wurde die Grundsteinlegung f\u00fcr die neue Siedlung Hornbach im Z\u00fcrcher Seefeld gefeiert. Es entstehen 125 gemeinn\u00fctzige Wohnungen.\" \/>\n<meta property=\"og:url\" content=\"https:\/\/www.immobilienbusiness.ch\/fr\/regionen\/2018-07-09\/zuerich-grundstein-fuer-siedlung-hornbach-ist-gelegt\/\" \/>\n<meta property=\"og:site_name\" content=\"IMMOBILIEN Business\" \/>\n<meta property=\"article:publisher\" content=\"https:\/\/www.facebook.com\/immobilienbusiness\/\" \/>\n<meta property=\"article:published_time\" content=\"2018-07-09T05:55:09+00:00\" \/>\n<meta property=\"og:image\" content=\"https:\/\/www.immobilienbusiness.ch\/wp-content\/uploads\/2018\/07\/180706_1_Visualisierung_Hornbach-1024x724.jpg\" \/>\n\t<meta property=\"og:image:width\" content=\"1024\" \/>\n\t<meta property=\"og:image:height\" content=\"724\" \/>\n\t<meta property=\"og:image:type\" content=\"image\/jpeg\" \/>\n<meta name=\"author\" content=\"anja.hall\" \/>\n<meta name=\"twitter:card\" content=\"summary_large_image\" \/>\n<meta name=\"twitter:image\" content=\"https:\/\/www.immobilienbusiness.ch\/wp-content\/uploads\/2018\/07\/180706_1_Visualisierung_Hornbach.jpg\" \/>\n<script type=\"application\/ld+json\" class=\"yoast-schema-graph\">{\"@context\":\"https:\\\/\\\/schema.org\",\"@graph\":[{\"@type\":\"Article\",\"@id\":\"https:\\\/\\\/www.immobilienbusiness.ch\\\/en\\\/regionen\\\/2018-07-09\\\/zuerich-grundstein-fuer-siedlung-hornbach-ist-gelegt\\\/#article\",\"isPartOf\":{\"@id\":\"https:\\\/\\\/www.immobilienbusiness.ch\\\/en\\\/regionen\\\/2018-07-09\\\/zuerich-grundstein-fuer-siedlung-hornbach-ist-gelegt\\\/\"},\"author\":{\"name\":\"anja.hall\",\"@id\":\"https:\\\/\\\/www.immobilienbusiness.ch\\\/#\\\/schema\\\/person\\\/3fc036297b10b9f42d6db5ee932af8c8\"},\"headline\":\"Z\u00fcrich: Grundstein f\u00fcr Siedlung Hornbach ist gelegt\",\"datePublished\":\"2018-07-09T05:55:09+00:00\",\"mainEntityOfPage\":{\"@id\":\"https:\\\/\\\/www.immobilienbusiness.ch\\\/en\\\/regionen\\\/2018-07-09\\\/zuerich-grundstein-fuer-siedlung-hornbach-ist-gelegt\\\/\"},\"wordCount\":243,\"commentCount\":0,\"publisher\":{\"@id\":\"https:\\\/\\\/www.immobilienbusiness.ch\\\/#organization\"},\"image\":{\"@id\":\"https:\\\/\\\/www.immobilienbusiness.ch\\\/en\\\/regionen\\\/2018-07-09\\\/zuerich-grundstein-fuer-siedlung-hornbach-ist-gelegt\\\/#primaryimage\"},\"thumbnailUrl\":\"https:\\\/\\\/www.immobilienbusiness.ch\\\/wp-content\\\/uploads\\\/2018\\\/07\\\/180706_1_Visualisierung_Hornbach.jpg\",\"keywords\":[\"Projekt in Bau\",\"Wohnimmobilien\",\"Z\u00fcrich\"],\"articleSection\":[\"REGIONEN\"],\"inLanguage\":\"fr-FR\"},{\"@type\":\"WebPage\",\"@id\":\"https:\\\/\\\/www.immobilienbusiness.ch\\\/en\\\/regionen\\\/2018-07-09\\\/zuerich-grundstein-fuer-siedlung-hornbach-ist-gelegt\\\/\",\"url\":\"https:\\\/\\\/www.immobilienbusiness.ch\\\/en\\\/regionen\\\/2018-07-09\\\/zuerich-grundstein-fuer-siedlung-hornbach-ist-gelegt\\\/\",\"name\":\"Z\u00fcrich: Grundstein f\u00fcr Siedlung Hornbach ist gelegt - IMMOBILIEN Business\",\"isPartOf\":{\"@id\":\"https:\\\/\\\/www.immobilienbusiness.ch\\\/#website\"},\"primaryImageOfPage\":{\"@id\":\"https:\\\/\\\/www.immobilienbusiness.ch\\\/en\\\/regionen\\\/2018-07-09\\\/zuerich-grundstein-fuer-siedlung-hornbach-ist-gelegt\\\/#primaryimage\"},\"image\":{\"@id\":\"https:\\\/\\\/www.immobilienbusiness.ch\\\/en\\\/regionen\\\/2018-07-09\\\/zuerich-grundstein-fuer-siedlung-hornbach-ist-gelegt\\\/#primaryimage\"},\"thumbnailUrl\":\"https:\\\/\\\/www.immobilienbusiness.ch\\\/wp-content\\\/uploads\\\/2018\\\/07\\\/180706_1_Visualisierung_Hornbach.jpg\",\"datePublished\":\"2018-07-09T05:55:09+00:00\",\"description\":\"Am 6. Juli wurde die Grundsteinlegung f\u00fcr die neue Siedlung Hornbach im Z\u00fcrcher Seefeld gefeiert. Es entstehen 125 gemeinn\u00fctzige Wohnungen.\",\"breadcrumb\":{\"@id\":\"https:\\\/\\\/www.immobilienbusiness.ch\\\/en\\\/regionen\\\/2018-07-09\\\/zuerich-grundstein-fuer-siedlung-hornbach-ist-gelegt\\\/#breadcrumb\"},\"inLanguage\":\"fr-FR\",\"potentialAction\":[{\"@type\":\"ReadAction\",\"target\":[\"https:\\\/\\\/www.immobilienbusiness.ch\\\/en\\\/regionen\\\/2018-07-09\\\/zuerich-grundstein-fuer-siedlung-hornbach-ist-gelegt\\\/\"]}]},{\"@type\":\"ImageObject\",\"inLanguage\":\"fr-FR\",\"@id\":\"https:\\\/\\\/www.immobilienbusiness.ch\\\/en\\\/regionen\\\/2018-07-09\\\/zuerich-grundstein-fuer-siedlung-hornbach-ist-gelegt\\\/#primaryimage\",\"url\":\"https:\\\/\\\/www.immobilienbusiness.ch\\\/wp-content\\\/uploads\\\/2018\\\/07\\\/180706_1_Visualisierung_Hornbach.jpg\",\"contentUrl\":\"https:\\\/\\\/www.immobilienbusiness.ch\\\/wp-content\\\/uploads\\\/2018\\\/07\\\/180706_1_Visualisierung_Hornbach.jpg\",\"width\":2480,\"height\":1753,\"caption\":\"180706_1_Visualisierung_Hornbach\"},{\"@type\":\"BreadcrumbList\",\"@id\":\"https:\\\/\\\/www.immobilienbusiness.ch\\\/en\\\/regionen\\\/2018-07-09\\\/zuerich-grundstein-fuer-siedlung-hornbach-ist-gelegt\\\/#breadcrumb\",\"itemListElement\":[{\"@type\":\"ListItem\",\"position\":1,\"name\":\"Home\",\"item\":\"https:\\\/\\\/www.immobilienbusiness.ch\\\/\"},{\"@type\":\"ListItem\",\"position\":2,\"name\":\"Z\u00fcrich: Grundstein f\u00fcr Siedlung Hornbach ist gelegt\"}]},{\"@type\":\"WebSite\",\"@id\":\"https:\\\/\\\/www.immobilienbusiness.ch\\\/#website\",\"url\":\"https:\\\/\\\/www.immobilienbusiness.ch\\\/\",\"name\":\"IMMOBILIEN Business\",\"description\":\"Unabh\u00e4ngiges Schweizer Wirtschaftsmagazin mit Fokus auf Immobilien, Architektur- und Bau sowie Investment- und Finanzierung.\",\"publisher\":{\"@id\":\"https:\\\/\\\/www.immobilienbusiness.ch\\\/#organization\"},\"potentialAction\":[{\"@type\":\"SearchAction\",\"target\":{\"@type\":\"EntryPoint\",\"urlTemplate\":\"https:\\\/\\\/www.immobilienbusiness.ch\\\/?s={search_term_string}\"},\"query-input\":{\"@type\":\"PropertyValueSpecification\",\"valueRequired\":true,\"valueName\":\"search_term_string\"}}],\"inLanguage\":\"fr-FR\"},{\"@type\":\"Organization\",\"@id\":\"https:\\\/\\\/www.immobilienbusiness.ch\\\/#organization\",\"name\":\"IMMOBILIEN Business\",\"url\":\"https:\\\/\\\/www.immobilienbusiness.ch\\\/\",\"logo\":{\"@type\":\"ImageObject\",\"inLanguage\":\"fr-FR\",\"@id\":\"https:\\\/\\\/www.immobilienbusiness.ch\\\/#\\\/schema\\\/logo\\\/image\\\/\",\"url\":\"https:\\\/\\\/www.immobilienbusiness.ch\\\/wp-content\\\/uploads\\\/2021\\\/07\\\/logo_ib.png\",\"contentUrl\":\"https:\\\/\\\/www.immobilienbusiness.ch\\\/wp-content\\\/uploads\\\/2021\\\/07\\\/logo_ib.png\",\"width\":800,\"height\":181,\"caption\":\"IMMOBILIEN Business\"},\"image\":{\"@id\":\"https:\\\/\\\/www.immobilienbusiness.ch\\\/#\\\/schema\\\/logo\\\/image\\\/\"},\"sameAs\":[\"https:\\\/\\\/www.facebook.com\\\/immobilienbusiness\\\/\"]},{\"@type\":\"Person\",\"@id\":\"https:\\\/\\\/www.immobilienbusiness.ch\\\/#\\\/schema\\\/person\\\/3fc036297b10b9f42d6db5ee932af8c8\",\"name\":\"anja.hall\",\"image\":{\"@type\":\"ImageObject\",\"inLanguage\":\"fr-FR\",\"@id\":\"https:\\\/\\\/secure.gravatar.com\\\/avatar\\\/066b5a0d447013502c71a5782f4f3469f03cfe595cc2329fb94652fe47511bfb?s=96&d=mm&r=g\",\"url\":\"https:\\\/\\\/secure.gravatar.com\\\/avatar\\\/066b5a0d447013502c71a5782f4f3469f03cfe595cc2329fb94652fe47511bfb?s=96&d=mm&r=g\",\"contentUrl\":\"https:\\\/\\\/secure.gravatar.com\\\/avatar\\\/066b5a0d447013502c71a5782f4f3469f03cfe595cc2329fb94652fe47511bfb?s=96&d=mm&r=g\",\"caption\":\"anja.hall\"},\"url\":\"https:\\\/\\\/www.immobilienbusiness.ch\\\/fr\\\/author\\\/anja-hall\\\/\"}]}<\/script>\n<!-- \/ Yoast SEO plugin. -->","yoast_head_json":{"title":"Z\u00fcrich: Grundstein f\u00fcr Siedlung Hornbach ist gelegt - IMMOBILIEN Business","description":"Am 6. Juli wurde die Grundsteinlegung f\u00fcr die neue Siedlung Hornbach im Z\u00fcrcher Seefeld gefeiert. Es entstehen 125 gemeinn\u00fctzige Wohnungen.","robots":{"index":"index","follow":"follow","max-snippet":"max-snippet:-1","max-image-preview":"max-image-preview:large","max-video-preview":"max-video-preview:-1"},"canonical":"https:\/\/www.immobilienbusiness.ch\/fr\/regionen\/2018-07-09\/zuerich-grundstein-fuer-siedlung-hornbach-ist-gelegt\/","og_locale":"fr_FR","og_type":"article","og_title":"Z\u00fcrich: Grundstein f\u00fcr Siedlung Hornbach ist gelegt - IMMOBILIEN Business","og_description":"Am 6. Juli wurde die Grundsteinlegung f\u00fcr die neue Siedlung Hornbach im Z\u00fcrcher Seefeld gefeiert. Es entstehen 125 gemeinn\u00fctzige Wohnungen.","og_url":"https:\/\/www.immobilienbusiness.ch\/fr\/regionen\/2018-07-09\/zuerich-grundstein-fuer-siedlung-hornbach-ist-gelegt\/","og_site_name":"IMMOBILIEN Business","article_publisher":"https:\/\/www.facebook.com\/immobilienbusiness\/","article_published_time":"2018-07-09T05:55:09+00:00","og_image":[{"width":1024,"height":724,"url":"https:\/\/www.immobilienbusiness.ch\/wp-content\/uploads\/2018\/07\/180706_1_Visualisierung_Hornbach-1024x724.jpg","type":"image\/jpeg"}],"author":"anja.hall","twitter_card":"summary_large_image","twitter_image":"https:\/\/www.immobilienbusiness.ch\/wp-content\/uploads\/2018\/07\/180706_1_Visualisierung_Hornbach.jpg","schema":{"@context":"https:\/\/schema.org","@graph":[{"@type":"Article","@id":"https:\/\/www.immobilienbusiness.ch\/en\/regionen\/2018-07-09\/zuerich-grundstein-fuer-siedlung-hornbach-ist-gelegt\/#article","isPartOf":{"@id":"https:\/\/www.immobilienbusiness.ch\/en\/regionen\/2018-07-09\/zuerich-grundstein-fuer-siedlung-hornbach-ist-gelegt\/"},"author":{"name":"anja.hall","@id":"https:\/\/www.immobilienbusiness.ch\/#\/schema\/person\/3fc036297b10b9f42d6db5ee932af8c8"},"headline":"Z\u00fcrich: Grundstein f\u00fcr Siedlung Hornbach ist gelegt","datePublished":"2018-07-09T05:55:09+00:00","mainEntityOfPage":{"@id":"https:\/\/www.immobilienbusiness.ch\/en\/regionen\/2018-07-09\/zuerich-grundstein-fuer-siedlung-hornbach-ist-gelegt\/"},"wordCount":243,"commentCount":0,"publisher":{"@id":"https:\/\/www.immobilienbusiness.ch\/#organization"},"image":{"@id":"https:\/\/www.immobilienbusiness.ch\/en\/regionen\/2018-07-09\/zuerich-grundstein-fuer-siedlung-hornbach-ist-gelegt\/#primaryimage"},"thumbnailUrl":"https:\/\/www.immobilienbusiness.ch\/wp-content\/uploads\/2018\/07\/180706_1_Visualisierung_Hornbach.jpg","keywords":["Projekt in Bau","Wohnimmobilien","Z\u00fcrich"],"articleSection":["REGIONEN"],"inLanguage":"fr-FR"},{"@type":"WebPage","@id":"https:\/\/www.immobilienbusiness.ch\/en\/regionen\/2018-07-09\/zuerich-grundstein-fuer-siedlung-hornbach-ist-gelegt\/","url":"https:\/\/www.immobilienbusiness.ch\/en\/regionen\/2018-07-09\/zuerich-grundstein-fuer-siedlung-hornbach-ist-gelegt\/","name":"Z\u00fcrich: Grundstein f\u00fcr Siedlung Hornbach ist gelegt - IMMOBILIEN Business","isPartOf":{"@id":"https:\/\/www.immobilienbusiness.ch\/#website"},"primaryImageOfPage":{"@id":"https:\/\/www.immobilienbusiness.ch\/en\/regionen\/2018-07-09\/zuerich-grundstein-fuer-siedlung-hornbach-ist-gelegt\/#primaryimage"},"image":{"@id":"https:\/\/www.immobilienbusiness.ch\/en\/regionen\/2018-07-09\/zuerich-grundstein-fuer-siedlung-hornbach-ist-gelegt\/#primaryimage"},"thumbnailUrl":"https:\/\/www.immobilienbusiness.ch\/wp-content\/uploads\/2018\/07\/180706_1_Visualisierung_Hornbach.jpg","datePublished":"2018-07-09T05:55:09+00:00","description":"Am 6. Juli wurde die Grundsteinlegung f\u00fcr die neue Siedlung Hornbach im Z\u00fcrcher Seefeld gefeiert. Es entstehen 125 gemeinn\u00fctzige Wohnungen.","breadcrumb":{"@id":"https:\/\/www.immobilienbusiness.ch\/en\/regionen\/2018-07-09\/zuerich-grundstein-fuer-siedlung-hornbach-ist-gelegt\/#breadcrumb"},"inLanguage":"fr-FR","potentialAction":[{"@type":"ReadAction","target":["https:\/\/www.immobilienbusiness.ch\/en\/regionen\/2018-07-09\/zuerich-grundstein-fuer-siedlung-hornbach-ist-gelegt\/"]}]},{"@type":"ImageObject","inLanguage":"fr-FR","@id":"https:\/\/www.immobilienbusiness.ch\/en\/regionen\/2018-07-09\/zuerich-grundstein-fuer-siedlung-hornbach-ist-gelegt\/#primaryimage","url":"https:\/\/www.immobilienbusiness.ch\/wp-content\/uploads\/2018\/07\/180706_1_Visualisierung_Hornbach.jpg","contentUrl":"https:\/\/www.immobilienbusiness.ch\/wp-content\/uploads\/2018\/07\/180706_1_Visualisierung_Hornbach.jpg","width":2480,"height":1753,"caption":"180706_1_Visualisierung_Hornbach"},{"@type":"BreadcrumbList","@id":"https:\/\/www.immobilienbusiness.ch\/en\/regionen\/2018-07-09\/zuerich-grundstein-fuer-siedlung-hornbach-ist-gelegt\/#breadcrumb","itemListElement":[{"@type":"ListItem","position":1,"name":"Home","item":"https:\/\/www.immobilienbusiness.ch\/"},{"@type":"ListItem","position":2,"name":"Z\u00fcrich: Grundstein f\u00fcr Siedlung Hornbach ist gelegt"}]},{"@type":"WebSite","@id":"https:\/\/www.immobilienbusiness.ch\/#website","url":"https:\/\/www.immobilienbusiness.ch\/","name":"IMMOBILIER Business","description":"Magazine \u00e9conomique suisse ind\u00e9pendant ax\u00e9 sur l'immobilier, l'architecture et la construction ainsi que sur les investissements et le financement.","publisher":{"@id":"https:\/\/www.immobilienbusiness.ch\/#organization"},"potentialAction":[{"@type":"SearchAction","target":{"@type":"EntryPoint","urlTemplate":"https:\/\/www.immobilienbusiness.ch\/?s={search_term_string}"},"query-input":{"@type":"PropertyValueSpecification","valueRequired":true,"valueName":"search_term_string"}}],"inLanguage":"fr-FR"},{"@type":"Organization","@id":"https:\/\/www.immobilienbusiness.ch\/#organization","name":"IMMOBILIER Business","url":"https:\/\/www.immobilienbusiness.ch\/","logo":{"@type":"ImageObject","inLanguage":"fr-FR","@id":"https:\/\/www.immobilienbusiness.ch\/#\/schema\/logo\/image\/","url":"https:\/\/www.immobilienbusiness.ch\/wp-content\/uploads\/2021\/07\/logo_ib.png","contentUrl":"https:\/\/www.immobilienbusiness.ch\/wp-content\/uploads\/2021\/07\/logo_ib.png","width":800,"height":181,"caption":"IMMOBILIEN Business"},"image":{"@id":"https:\/\/www.immobilienbusiness.ch\/#\/schema\/logo\/image\/"},"sameAs":["https:\/\/www.facebook.com\/immobilienbusiness\/"]},{"@type":"Person","@id":"https:\/\/www.immobilienbusiness.ch\/#\/schema\/person\/3fc036297b10b9f42d6db5ee932af8c8","name":"anja.hall","image":{"@type":"ImageObject","inLanguage":"fr-FR","@id":"https:\/\/secure.gravatar.com\/avatar\/066b5a0d447013502c71a5782f4f3469f03cfe595cc2329fb94652fe47511bfb?s=96&d=mm&r=g","url":"https:\/\/secure.gravatar.com\/avatar\/066b5a0d447013502c71a5782f4f3469f03cfe595cc2329fb94652fe47511bfb?s=96&d=mm&r=g","contentUrl":"https:\/\/secure.gravatar.com\/avatar\/066b5a0d447013502c71a5782f4f3469f03cfe595cc2329fb94652fe47511bfb?s=96&d=mm&r=g","caption":"anja.hall"},"url":"https:\/\/www.immobilienbusiness.ch\/fr\/author\/anja-hall\/"}]}},"_links":{"self":[{"href":"https:\/\/www.immobilienbusiness.ch\/fr\/wp-json\/wp\/v2\/posts\/13261","targetHints":{"allow":["GET"]}}],"collection":[{"href":"https:\/\/www.immobilienbusiness.ch\/fr\/wp-json\/wp\/v2\/posts"}],"about":[{"href":"https:\/\/www.immobilienbusiness.ch\/fr\/wp-json\/wp\/v2\/types\/post"}],"author":[{"embeddable":true,"href":"https:\/\/www.immobilienbusiness.ch\/fr\/wp-json\/wp\/v2\/users\/3"}],"replies":[{"embeddable":true,"href":"https:\/\/www.immobilienbusiness.ch\/fr\/wp-json\/wp\/v2\/comments?post=13261"}],"version-history":[{"count":0,"href":"https:\/\/www.immobilienbusiness.ch\/fr\/wp-json\/wp\/v2\/posts\/13261\/revisions"}],"wp:featuredmedia":[{"embeddable":true,"href":"https:\/\/www.immobilienbusiness.ch\/fr\/wp-json\/wp\/v2\/media\/13262"}],"wp:attachment":[{"href":"https:\/\/www.immobilienbusiness.ch\/fr\/wp-json\/wp\/v2\/media?parent=13261"}],"wp:term":[{"taxonomy":"category","embeddable":true,"href":"https:\/\/www.immobilienbusiness.ch\/fr\/wp-json\/wp\/v2\/categories?post=13261"},{"taxonomy":"post_tag","embeddable":true,"href":"https:\/\/www.immobilienbusiness.ch\/fr\/wp-json\/wp\/v2\/tags?post=13261"}],"curies":[{"name":"wp","href":"https:\/\/api.w.org\/{rel}","templated":true}]}}