{"id":13225,"date":"2018-07-05T09:37:24","date_gmt":"2018-07-05T07:37:24","guid":{"rendered":"https:\/\/www.immobilienbusiness.ch\/?p=13225"},"modified":"2018-07-05T09:37:24","modified_gmt":"2018-07-05T07:37:24","slug":"zuerich-orell-fuessli-plant-filiale-an-der-europaallee","status":"publish","type":"post","link":"https:\/\/www.immobilienbusiness.ch\/fr\/retail\/2018-07-05\/zuerich-orell-fuessli-plant-filiale-an-der-europaallee\/","title":{"rendered":"Zurich : Orell F\u00fcssli pr\u00e9voit une filiale sur l'Europaallee"},"content":{"rendered":"<figure id=\"attachment_5757\" aria-describedby=\"caption-attachment-5757\" style=\"width: 680px\" class=\"wp-caption alignnone\"><img loading=\"lazy\" decoding=\"async\" class=\"size-medium wp-image-5757\" src=\"https:\/\/www.immobilienbusiness.ch\/wp-content\/uploads\/2017\/01\/Depositphotos_35822779_l-2015.jpg\" alt=\"\" width=\"680\" height=\"453\" srcset=\"https:\/\/www.immobilienbusiness.ch\/wp-content\/uploads\/2017\/01\/Depositphotos_35822779_l-2015.jpg 2000w, https:\/\/www.immobilienbusiness.ch\/wp-content\/uploads\/2017\/01\/Depositphotos_35822779_l-2015-300x200.jpg 300w, https:\/\/www.immobilienbusiness.ch\/wp-content\/uploads\/2017\/01\/Depositphotos_35822779_l-2015-1024x682.jpg 1024w, https:\/\/www.immobilienbusiness.ch\/wp-content\/uploads\/2017\/01\/Depositphotos_35822779_l-2015-768x512.jpg 768w, https:\/\/www.immobilienbusiness.ch\/wp-content\/uploads\/2017\/01\/Depositphotos_35822779_l-2015-1536x1024.jpg 1536w, https:\/\/www.immobilienbusiness.ch\/wp-content\/uploads\/2017\/01\/Depositphotos_35822779_l-2015-16x12.jpg 16w, https:\/\/www.immobilienbusiness.ch\/wp-content\/uploads\/2017\/01\/Depositphotos_35822779_l-2015-263x175.jpg 263w, https:\/\/www.immobilienbusiness.ch\/wp-content\/uploads\/2017\/01\/Depositphotos_35822779_l-2015-525x350.jpg 525w, https:\/\/www.immobilienbusiness.ch\/wp-content\/uploads\/2017\/01\/Depositphotos_35822779_l-2015-1200x800.jpg 1200w, https:\/\/www.immobilienbusiness.ch\/wp-content\/uploads\/2017\/01\/Depositphotos_35822779_l-2015-920x613.jpg 920w, https:\/\/www.immobilienbusiness.ch\/wp-content\/uploads\/2017\/01\/Depositphotos_35822779_l-2015-1400x933.jpg 1400w\" sizes=\"auto, (max-width: 680px) 100vw, 680px\" \/><figcaption id=\"caption-attachment-5757\" class=\"wp-caption-text\">Orell F\u00fcssli s'installe \u00e0 l'Europaallee (photo : Banoart - depositphotos)<\/figcaption><\/figure>\n<p>Le magasin de l'Europaallee sera la septi\u00e8me librairie d'Orell F\u00fcssli Thalia AG \u00e0 Zurich, indique l'entreprise. Le magasin s'\u00e9tendra sur environ 300 m\u00e8tres carr\u00e9s et se trouvera dans le complexe de b\u00e2timents qui jouxte l'Europaplatz et constitue le pr\u00e9lude \u00e0 l'Europaallee.<\/p>\n<p>Le concept de la filiale pr\u00e9voit un large assortiment de livres avec des articles compl\u00e9mentaires de qualit\u00e9 ainsi qu'un tout nouveau design de boutique ax\u00e9 sur l'exp\u00e9rience d'achat, poursuit le communiqu\u00e9. Le lien entre la vente stationnaire et les canaux en ligne et les offres num\u00e9riques d'Orell F\u00fcssli en fait \u00e9galement partie. La filiale de l'Europaallee devrait inviter \u00e0 la d\u00e9couverte, au furetage et \u00e0 la d\u00e9tente gr\u00e2ce \u00e0 de grandes baies vitr\u00e9es et \u00e0 un am\u00e9nagement int\u00e9rieur g\u00e9n\u00e9reux.<\/p>\n<p>La strat\u00e9gie d'Orell F\u00fcssli consiste \u00e0 ouvrir des magasins dans des lieux \u00e0 haute fr\u00e9quence tout en les reliant fortement aux offres omnicanal de l'entreprise. Derni\u00e8rement, le libraire a ouvert de nouveaux sites \u00e0 B\u00e2le, \u00e0 la Freie Strasse 17 et \u00e0 la Marktgasse \u00e0 Saint-Gall.  Le site de l'Europaalllee sera la 33e librairie d'Orell F\u00fcssli Thalia.<\/p>","protected":false},"excerpt":{"rendered":"<p>Orell F\u00fcssli \u00e9tend son r\u00e9seau de filiales \u00e0 Zurich. A partir de l'\u00e9t\u00e9 2019, la cha\u00eene de librairies sera d\u00e9sormais repr\u00e9sent\u00e9e \u00e0 l'Europaallee, un lieu tr\u00e8s fr\u00e9quent\u00e9.<\/p>","protected":false},"author":3,"featured_media":5757,"comment_status":"open","ping_status":"open","sticky":false,"template":"","format":"standard","meta":{"_acf_changed":false,"_yoast_wpseo_focuskw":"Orell F\u00fcssli","_yoast_wpseo_title":"","_yoast_wpseo_metadesc":"Orell F\u00fcssli erweitert das Filialnetz in Z\u00fcrich. Ab dem Sommer 2019 wird die Buchhandelskette neu an der Hochfrequenzlage Europaallee vertreten sein.","_yoast_wpseo_linkdex":45,"pgc_sgb_lightbox_settings":"","footnotes":""},"categories":[987],"tags":[1209,1645,1888],"class_list":["post-13225","post","type-post","status-publish","format-standard","has-post-thumbnail","hentry","category-retail","tag-europaallee","tag-retailflaechen","tag-zuerich"],"acf":[],"yoast_head":"<!-- This site is optimized with the Yoast SEO plugin v27.4 - https:\/\/yoast.com\/product\/yoast-seo-wordpress\/ -->\n<title>Z\u00fcrich: Orell F\u00fcssli plant Filiale an der Europaallee - IMMOBILIEN Business<\/title>\n<meta name=\"description\" content=\"Orell F\u00fcssli erweitert das Filialnetz in Z\u00fcrich. Ab dem Sommer 2019 wird die Buchhandelskette neu an der Hochfrequenzlage Europaallee vertreten sein.\" \/>\n<meta name=\"robots\" content=\"index, follow, max-snippet:-1, max-image-preview:large, max-video-preview:-1\" \/>\n<link rel=\"canonical\" href=\"https:\/\/www.immobilienbusiness.ch\/fr\/retail\/2018-07-05\/zuerich-orell-fuessli-plant-filiale-an-der-europaallee\/\" \/>\n<meta property=\"og:locale\" content=\"fr_FR\" \/>\n<meta property=\"og:type\" content=\"article\" \/>\n<meta property=\"og:title\" content=\"Z\u00fcrich: Orell F\u00fcssli plant Filiale an der Europaallee - IMMOBILIEN Business\" \/>\n<meta property=\"og:description\" content=\"Orell F\u00fcssli erweitert das Filialnetz in Z\u00fcrich. Ab dem Sommer 2019 wird die Buchhandelskette neu an der Hochfrequenzlage Europaallee vertreten sein.\" \/>\n<meta property=\"og:url\" content=\"https:\/\/www.immobilienbusiness.ch\/fr\/retail\/2018-07-05\/zuerich-orell-fuessli-plant-filiale-an-der-europaallee\/\" \/>\n<meta property=\"og:site_name\" content=\"IMMOBILIEN Business\" \/>\n<meta property=\"article:publisher\" content=\"https:\/\/www.facebook.com\/immobilienbusiness\/\" \/>\n<meta property=\"article:published_time\" content=\"2018-07-05T07:37:24+00:00\" \/>\n<meta property=\"og:image\" content=\"https:\/\/www.immobilienbusiness.ch\/wp-content\/uploads\/2017\/01\/Depositphotos_35822779_l-2015-1024x682.jpg\" \/>\n\t<meta property=\"og:image:width\" content=\"1024\" \/>\n\t<meta property=\"og:image:height\" content=\"682\" \/>\n\t<meta property=\"og:image:type\" content=\"image\/jpeg\" \/>\n<meta name=\"author\" content=\"anja.hall\" \/>\n<meta name=\"twitter:card\" content=\"summary_large_image\" \/>\n<meta name=\"twitter:image\" content=\"https:\/\/www.immobilienbusiness.ch\/wp-content\/uploads\/2017\/01\/Depositphotos_35822779_l-2015.jpg\" \/>\n<script type=\"application\/ld+json\" class=\"yoast-schema-graph\">{\"@context\":\"https:\\\/\\\/schema.org\",\"@graph\":[{\"@type\":\"Article\",\"@id\":\"https:\\\/\\\/www.immobilienbusiness.ch\\\/retail\\\/2018-07-05\\\/zuerich-orell-fuessli-plant-filiale-an-der-europaallee\\\/#article\",\"isPartOf\":{\"@id\":\"https:\\\/\\\/www.immobilienbusiness.ch\\\/retail\\\/2018-07-05\\\/zuerich-orell-fuessli-plant-filiale-an-der-europaallee\\\/\"},\"author\":{\"name\":\"anja.hall\",\"@id\":\"https:\\\/\\\/www.immobilienbusiness.ch\\\/#\\\/schema\\\/person\\\/3fc036297b10b9f42d6db5ee932af8c8\"},\"headline\":\"Z\u00fcrich: Orell F\u00fcssli plant Filiale an der Europaallee\",\"datePublished\":\"2018-07-05T07:37:24+00:00\",\"mainEntityOfPage\":{\"@id\":\"https:\\\/\\\/www.immobilienbusiness.ch\\\/retail\\\/2018-07-05\\\/zuerich-orell-fuessli-plant-filiale-an-der-europaallee\\\/\"},\"wordCount\":207,\"commentCount\":0,\"publisher\":{\"@id\":\"https:\\\/\\\/www.immobilienbusiness.ch\\\/#organization\"},\"image\":{\"@id\":\"https:\\\/\\\/www.immobilienbusiness.ch\\\/retail\\\/2018-07-05\\\/zuerich-orell-fuessli-plant-filiale-an-der-europaallee\\\/#primaryimage\"},\"thumbnailUrl\":\"https:\\\/\\\/www.immobilienbusiness.ch\\\/wp-content\\\/uploads\\\/2017\\\/01\\\/Depositphotos_35822779_l-2015.jpg\",\"keywords\":[\"Europaallee\",\"Retailfl\u00e4chen\",\"Z\u00fcrich\"],\"articleSection\":[\"RETAIL\"],\"inLanguage\":\"fr-FR\"},{\"@type\":\"WebPage\",\"@id\":\"https:\\\/\\\/www.immobilienbusiness.ch\\\/retail\\\/2018-07-05\\\/zuerich-orell-fuessli-plant-filiale-an-der-europaallee\\\/\",\"url\":\"https:\\\/\\\/www.immobilienbusiness.ch\\\/retail\\\/2018-07-05\\\/zuerich-orell-fuessli-plant-filiale-an-der-europaallee\\\/\",\"name\":\"Z\u00fcrich: Orell F\u00fcssli plant Filiale an der Europaallee - IMMOBILIEN Business\",\"isPartOf\":{\"@id\":\"https:\\\/\\\/www.immobilienbusiness.ch\\\/#website\"},\"primaryImageOfPage\":{\"@id\":\"https:\\\/\\\/www.immobilienbusiness.ch\\\/retail\\\/2018-07-05\\\/zuerich-orell-fuessli-plant-filiale-an-der-europaallee\\\/#primaryimage\"},\"image\":{\"@id\":\"https:\\\/\\\/www.immobilienbusiness.ch\\\/retail\\\/2018-07-05\\\/zuerich-orell-fuessli-plant-filiale-an-der-europaallee\\\/#primaryimage\"},\"thumbnailUrl\":\"https:\\\/\\\/www.immobilienbusiness.ch\\\/wp-content\\\/uploads\\\/2017\\\/01\\\/Depositphotos_35822779_l-2015.jpg\",\"datePublished\":\"2018-07-05T07:37:24+00:00\",\"description\":\"Orell F\u00fcssli erweitert das Filialnetz in Z\u00fcrich. Ab dem Sommer 2019 wird die Buchhandelskette neu an der Hochfrequenzlage Europaallee vertreten sein.\",\"breadcrumb\":{\"@id\":\"https:\\\/\\\/www.immobilienbusiness.ch\\\/retail\\\/2018-07-05\\\/zuerich-orell-fuessli-plant-filiale-an-der-europaallee\\\/#breadcrumb\"},\"inLanguage\":\"fr-FR\",\"potentialAction\":[{\"@type\":\"ReadAction\",\"target\":[\"https:\\\/\\\/www.immobilienbusiness.ch\\\/retail\\\/2018-07-05\\\/zuerich-orell-fuessli-plant-filiale-an-der-europaallee\\\/\"]}]},{\"@type\":\"ImageObject\",\"inLanguage\":\"fr-FR\",\"@id\":\"https:\\\/\\\/www.immobilienbusiness.ch\\\/retail\\\/2018-07-05\\\/zuerich-orell-fuessli-plant-filiale-an-der-europaallee\\\/#primaryimage\",\"url\":\"https:\\\/\\\/www.immobilienbusiness.ch\\\/wp-content\\\/uploads\\\/2017\\\/01\\\/Depositphotos_35822779_l-2015.jpg\",\"contentUrl\":\"https:\\\/\\\/www.immobilienbusiness.ch\\\/wp-content\\\/uploads\\\/2017\\\/01\\\/Depositphotos_35822779_l-2015.jpg\",\"width\":2000,\"height\":1333,\"caption\":\"Retailliegenschaften im Fokus: Der SF Retail Properties Fund (Foto: Banoart - depositphotos)\"},{\"@type\":\"BreadcrumbList\",\"@id\":\"https:\\\/\\\/www.immobilienbusiness.ch\\\/retail\\\/2018-07-05\\\/zuerich-orell-fuessli-plant-filiale-an-der-europaallee\\\/#breadcrumb\",\"itemListElement\":[{\"@type\":\"ListItem\",\"position\":1,\"name\":\"Home\",\"item\":\"https:\\\/\\\/www.immobilienbusiness.ch\\\/\"},{\"@type\":\"ListItem\",\"position\":2,\"name\":\"Z\u00fcrich: Orell F\u00fcssli plant Filiale an der Europaallee\"}]},{\"@type\":\"WebSite\",\"@id\":\"https:\\\/\\\/www.immobilienbusiness.ch\\\/#website\",\"url\":\"https:\\\/\\\/www.immobilienbusiness.ch\\\/\",\"name\":\"IMMOBILIEN Business\",\"description\":\"Unabh\u00e4ngiges Schweizer Wirtschaftsmagazin mit Fokus auf Immobilien, Architektur- und Bau sowie Investment- und Finanzierung.\",\"publisher\":{\"@id\":\"https:\\\/\\\/www.immobilienbusiness.ch\\\/#organization\"},\"potentialAction\":[{\"@type\":\"SearchAction\",\"target\":{\"@type\":\"EntryPoint\",\"urlTemplate\":\"https:\\\/\\\/www.immobilienbusiness.ch\\\/?s={search_term_string}\"},\"query-input\":{\"@type\":\"PropertyValueSpecification\",\"valueRequired\":true,\"valueName\":\"search_term_string\"}}],\"inLanguage\":\"fr-FR\"},{\"@type\":\"Organization\",\"@id\":\"https:\\\/\\\/www.immobilienbusiness.ch\\\/#organization\",\"name\":\"IMMOBILIEN Business\",\"url\":\"https:\\\/\\\/www.immobilienbusiness.ch\\\/\",\"logo\":{\"@type\":\"ImageObject\",\"inLanguage\":\"fr-FR\",\"@id\":\"https:\\\/\\\/www.immobilienbusiness.ch\\\/#\\\/schema\\\/logo\\\/image\\\/\",\"url\":\"https:\\\/\\\/www.immobilienbusiness.ch\\\/wp-content\\\/uploads\\\/2021\\\/07\\\/logo_ib.png\",\"contentUrl\":\"https:\\\/\\\/www.immobilienbusiness.ch\\\/wp-content\\\/uploads\\\/2021\\\/07\\\/logo_ib.png\",\"width\":800,\"height\":181,\"caption\":\"IMMOBILIEN Business\"},\"image\":{\"@id\":\"https:\\\/\\\/www.immobilienbusiness.ch\\\/#\\\/schema\\\/logo\\\/image\\\/\"},\"sameAs\":[\"https:\\\/\\\/www.facebook.com\\\/immobilienbusiness\\\/\"]},{\"@type\":\"Person\",\"@id\":\"https:\\\/\\\/www.immobilienbusiness.ch\\\/#\\\/schema\\\/person\\\/3fc036297b10b9f42d6db5ee932af8c8\",\"name\":\"anja.hall\",\"image\":{\"@type\":\"ImageObject\",\"inLanguage\":\"fr-FR\",\"@id\":\"https:\\\/\\\/secure.gravatar.com\\\/avatar\\\/066b5a0d447013502c71a5782f4f3469f03cfe595cc2329fb94652fe47511bfb?s=96&d=mm&r=g\",\"url\":\"https:\\\/\\\/secure.gravatar.com\\\/avatar\\\/066b5a0d447013502c71a5782f4f3469f03cfe595cc2329fb94652fe47511bfb?s=96&d=mm&r=g\",\"contentUrl\":\"https:\\\/\\\/secure.gravatar.com\\\/avatar\\\/066b5a0d447013502c71a5782f4f3469f03cfe595cc2329fb94652fe47511bfb?s=96&d=mm&r=g\",\"caption\":\"anja.hall\"},\"url\":\"https:\\\/\\\/www.immobilienbusiness.ch\\\/fr\\\/author\\\/anja-hall\\\/\"}]}<\/script>\n<!-- \/ Yoast SEO plugin. -->","yoast_head_json":{"title":"Z\u00fcrich: Orell F\u00fcssli plant Filiale an der Europaallee - IMMOBILIEN Business","description":"Orell F\u00fcssli \u00e9tend son r\u00e9seau de filiales \u00e0 Zurich. A partir de l'\u00e9t\u00e9 2019, la cha\u00eene de librairies sera d\u00e9sormais repr\u00e9sent\u00e9e \u00e0 l'Europaallee, un lieu tr\u00e8s fr\u00e9quent\u00e9.","robots":{"index":"index","follow":"follow","max-snippet":"max-snippet:-1","max-image-preview":"max-image-preview:large","max-video-preview":"max-video-preview:-1"},"canonical":"https:\/\/www.immobilienbusiness.ch\/fr\/retail\/2018-07-05\/zuerich-orell-fuessli-plant-filiale-an-der-europaallee\/","og_locale":"fr_FR","og_type":"article","og_title":"Z\u00fcrich: Orell F\u00fcssli plant Filiale an der Europaallee - IMMOBILIEN Business","og_description":"Orell F\u00fcssli erweitert das Filialnetz in Z\u00fcrich. Ab dem Sommer 2019 wird die Buchhandelskette neu an der Hochfrequenzlage Europaallee vertreten sein.","og_url":"https:\/\/www.immobilienbusiness.ch\/fr\/retail\/2018-07-05\/zuerich-orell-fuessli-plant-filiale-an-der-europaallee\/","og_site_name":"IMMOBILIEN Business","article_publisher":"https:\/\/www.facebook.com\/immobilienbusiness\/","article_published_time":"2018-07-05T07:37:24+00:00","og_image":[{"width":1024,"height":682,"url":"https:\/\/www.immobilienbusiness.ch\/wp-content\/uploads\/2017\/01\/Depositphotos_35822779_l-2015-1024x682.jpg","type":"image\/jpeg"}],"author":"anja.hall","twitter_card":"summary_large_image","twitter_image":"https:\/\/www.immobilienbusiness.ch\/wp-content\/uploads\/2017\/01\/Depositphotos_35822779_l-2015.jpg","schema":{"@context":"https:\/\/schema.org","@graph":[{"@type":"Article","@id":"https:\/\/www.immobilienbusiness.ch\/retail\/2018-07-05\/zuerich-orell-fuessli-plant-filiale-an-der-europaallee\/#article","isPartOf":{"@id":"https:\/\/www.immobilienbusiness.ch\/retail\/2018-07-05\/zuerich-orell-fuessli-plant-filiale-an-der-europaallee\/"},"author":{"name":"anja.hall","@id":"https:\/\/www.immobilienbusiness.ch\/#\/schema\/person\/3fc036297b10b9f42d6db5ee932af8c8"},"headline":"Z\u00fcrich: Orell F\u00fcssli plant Filiale an der Europaallee","datePublished":"2018-07-05T07:37:24+00:00","mainEntityOfPage":{"@id":"https:\/\/www.immobilienbusiness.ch\/retail\/2018-07-05\/zuerich-orell-fuessli-plant-filiale-an-der-europaallee\/"},"wordCount":207,"commentCount":0,"publisher":{"@id":"https:\/\/www.immobilienbusiness.ch\/#organization"},"image":{"@id":"https:\/\/www.immobilienbusiness.ch\/retail\/2018-07-05\/zuerich-orell-fuessli-plant-filiale-an-der-europaallee\/#primaryimage"},"thumbnailUrl":"https:\/\/www.immobilienbusiness.ch\/wp-content\/uploads\/2017\/01\/Depositphotos_35822779_l-2015.jpg","keywords":["Europaallee","Retailfl\u00e4chen","Z\u00fcrich"],"articleSection":["RETAIL"],"inLanguage":"fr-FR"},{"@type":"WebPage","@id":"https:\/\/www.immobilienbusiness.ch\/retail\/2018-07-05\/zuerich-orell-fuessli-plant-filiale-an-der-europaallee\/","url":"https:\/\/www.immobilienbusiness.ch\/retail\/2018-07-05\/zuerich-orell-fuessli-plant-filiale-an-der-europaallee\/","name":"Z\u00fcrich: Orell F\u00fcssli plant Filiale an der Europaallee - IMMOBILIEN Business","isPartOf":{"@id":"https:\/\/www.immobilienbusiness.ch\/#website"},"primaryImageOfPage":{"@id":"https:\/\/www.immobilienbusiness.ch\/retail\/2018-07-05\/zuerich-orell-fuessli-plant-filiale-an-der-europaallee\/#primaryimage"},"image":{"@id":"https:\/\/www.immobilienbusiness.ch\/retail\/2018-07-05\/zuerich-orell-fuessli-plant-filiale-an-der-europaallee\/#primaryimage"},"thumbnailUrl":"https:\/\/www.immobilienbusiness.ch\/wp-content\/uploads\/2017\/01\/Depositphotos_35822779_l-2015.jpg","datePublished":"2018-07-05T07:37:24+00:00","description":"Orell F\u00fcssli \u00e9tend son r\u00e9seau de filiales \u00e0 Zurich. A partir de l'\u00e9t\u00e9 2019, la cha\u00eene de librairies sera d\u00e9sormais repr\u00e9sent\u00e9e \u00e0 l'Europaallee, un lieu tr\u00e8s fr\u00e9quent\u00e9.","breadcrumb":{"@id":"https:\/\/www.immobilienbusiness.ch\/retail\/2018-07-05\/zuerich-orell-fuessli-plant-filiale-an-der-europaallee\/#breadcrumb"},"inLanguage":"fr-FR","potentialAction":[{"@type":"ReadAction","target":["https:\/\/www.immobilienbusiness.ch\/retail\/2018-07-05\/zuerich-orell-fuessli-plant-filiale-an-der-europaallee\/"]}]},{"@type":"ImageObject","inLanguage":"fr-FR","@id":"https:\/\/www.immobilienbusiness.ch\/retail\/2018-07-05\/zuerich-orell-fuessli-plant-filiale-an-der-europaallee\/#primaryimage","url":"https:\/\/www.immobilienbusiness.ch\/wp-content\/uploads\/2017\/01\/Depositphotos_35822779_l-2015.jpg","contentUrl":"https:\/\/www.immobilienbusiness.ch\/wp-content\/uploads\/2017\/01\/Depositphotos_35822779_l-2015.jpg","width":2000,"height":1333,"caption":"Retailliegenschaften im Fokus: Der SF Retail Properties Fund (Foto: Banoart - depositphotos)"},{"@type":"BreadcrumbList","@id":"https:\/\/www.immobilienbusiness.ch\/retail\/2018-07-05\/zuerich-orell-fuessli-plant-filiale-an-der-europaallee\/#breadcrumb","itemListElement":[{"@type":"ListItem","position":1,"name":"Home","item":"https:\/\/www.immobilienbusiness.ch\/"},{"@type":"ListItem","position":2,"name":"Z\u00fcrich: Orell F\u00fcssli plant Filiale an der Europaallee"}]},{"@type":"WebSite","@id":"https:\/\/www.immobilienbusiness.ch\/#website","url":"https:\/\/www.immobilienbusiness.ch\/","name":"IMMOBILIER Business","description":"Magazine \u00e9conomique suisse ind\u00e9pendant ax\u00e9 sur l'immobilier, l'architecture et la construction ainsi que sur les investissements et le financement.","publisher":{"@id":"https:\/\/www.immobilienbusiness.ch\/#organization"},"potentialAction":[{"@type":"SearchAction","target":{"@type":"EntryPoint","urlTemplate":"https:\/\/www.immobilienbusiness.ch\/?s={search_term_string}"},"query-input":{"@type":"PropertyValueSpecification","valueRequired":true,"valueName":"search_term_string"}}],"inLanguage":"fr-FR"},{"@type":"Organization","@id":"https:\/\/www.immobilienbusiness.ch\/#organization","name":"IMMOBILIER Business","url":"https:\/\/www.immobilienbusiness.ch\/","logo":{"@type":"ImageObject","inLanguage":"fr-FR","@id":"https:\/\/www.immobilienbusiness.ch\/#\/schema\/logo\/image\/","url":"https:\/\/www.immobilienbusiness.ch\/wp-content\/uploads\/2021\/07\/logo_ib.png","contentUrl":"https:\/\/www.immobilienbusiness.ch\/wp-content\/uploads\/2021\/07\/logo_ib.png","width":800,"height":181,"caption":"IMMOBILIEN Business"},"image":{"@id":"https:\/\/www.immobilienbusiness.ch\/#\/schema\/logo\/image\/"},"sameAs":["https:\/\/www.facebook.com\/immobilienbusiness\/"]},{"@type":"Person","@id":"https:\/\/www.immobilienbusiness.ch\/#\/schema\/person\/3fc036297b10b9f42d6db5ee932af8c8","name":"anja.hall","image":{"@type":"ImageObject","inLanguage":"fr-FR","@id":"https:\/\/secure.gravatar.com\/avatar\/066b5a0d447013502c71a5782f4f3469f03cfe595cc2329fb94652fe47511bfb?s=96&d=mm&r=g","url":"https:\/\/secure.gravatar.com\/avatar\/066b5a0d447013502c71a5782f4f3469f03cfe595cc2329fb94652fe47511bfb?s=96&d=mm&r=g","contentUrl":"https:\/\/secure.gravatar.com\/avatar\/066b5a0d447013502c71a5782f4f3469f03cfe595cc2329fb94652fe47511bfb?s=96&d=mm&r=g","caption":"anja.hall"},"url":"https:\/\/www.immobilienbusiness.ch\/fr\/author\/anja-hall\/"}]}},"_links":{"self":[{"href":"https:\/\/www.immobilienbusiness.ch\/fr\/wp-json\/wp\/v2\/posts\/13225","targetHints":{"allow":["GET"]}}],"collection":[{"href":"https:\/\/www.immobilienbusiness.ch\/fr\/wp-json\/wp\/v2\/posts"}],"about":[{"href":"https:\/\/www.immobilienbusiness.ch\/fr\/wp-json\/wp\/v2\/types\/post"}],"author":[{"embeddable":true,"href":"https:\/\/www.immobilienbusiness.ch\/fr\/wp-json\/wp\/v2\/users\/3"}],"replies":[{"embeddable":true,"href":"https:\/\/www.immobilienbusiness.ch\/fr\/wp-json\/wp\/v2\/comments?post=13225"}],"version-history":[{"count":0,"href":"https:\/\/www.immobilienbusiness.ch\/fr\/wp-json\/wp\/v2\/posts\/13225\/revisions"}],"wp:featuredmedia":[{"embeddable":true,"href":"https:\/\/www.immobilienbusiness.ch\/fr\/wp-json\/wp\/v2\/media\/5757"}],"wp:attachment":[{"href":"https:\/\/www.immobilienbusiness.ch\/fr\/wp-json\/wp\/v2\/media?parent=13225"}],"wp:term":[{"taxonomy":"category","embeddable":true,"href":"https:\/\/www.immobilienbusiness.ch\/fr\/wp-json\/wp\/v2\/categories?post=13225"},{"taxonomy":"post_tag","embeddable":true,"href":"https:\/\/www.immobilienbusiness.ch\/fr\/wp-json\/wp\/v2\/tags?post=13225"}],"curies":[{"name":"wp","href":"https:\/\/api.w.org\/{rel}","templated":true}]}}