{"id":13187,"date":"2018-07-03T08:21:46","date_gmt":"2018-07-03T06:21:46","guid":{"rendered":"https:\/\/www.immobilienbusiness.ch\/?p=13187"},"modified":"2018-07-03T08:21:46","modified_gmt":"2018-07-03T06:21:46","slug":"zuerich-architekturwettbewerb-fuer-guggach-iii-ist-entschieden","status":"publish","type":"post","link":"https:\/\/www.immobilienbusiness.ch\/fr\/regionen\/2018-07-03\/zuerich-architekturwettbewerb-fuer-guggach-iii-ist-entschieden\/","title":{"rendered":"Zurich : le concours d'architecture pour Guggach III est termin\u00e9"},"content":{"rendered":"<figure id=\"attachment_13188\" aria-describedby=\"caption-attachment-13188\" style=\"width: 680px\" class=\"wp-caption alignnone\"><img loading=\"lazy\" decoding=\"async\" class=\"wp-image-13188 size-medium\" src=\"https:\/\/www.immobilienbusiness.ch\/wp-content\/uploads\/2018\/07\/180627_mm_Visualisierung_GuggachIII_Ansicht_Quartierplatz.jpg\" alt=\"\" width=\"680\" height=\"453\" srcset=\"https:\/\/www.immobilienbusiness.ch\/wp-content\/uploads\/2018\/07\/180627_mm_Visualisierung_GuggachIII_Ansicht_Quartierplatz.jpg 1772w, https:\/\/www.immobilienbusiness.ch\/wp-content\/uploads\/2018\/07\/180627_mm_Visualisierung_GuggachIII_Ansicht_Quartierplatz-300x200.jpg 300w, https:\/\/www.immobilienbusiness.ch\/wp-content\/uploads\/2018\/07\/180627_mm_Visualisierung_GuggachIII_Ansicht_Quartierplatz-1024x682.jpg 1024w, https:\/\/www.immobilienbusiness.ch\/wp-content\/uploads\/2018\/07\/180627_mm_Visualisierung_GuggachIII_Ansicht_Quartierplatz-768x512.jpg 768w, https:\/\/www.immobilienbusiness.ch\/wp-content\/uploads\/2018\/07\/180627_mm_Visualisierung_GuggachIII_Ansicht_Quartierplatz-1536x1024.jpg 1536w, https:\/\/www.immobilienbusiness.ch\/wp-content\/uploads\/2018\/07\/180627_mm_Visualisierung_GuggachIII_Ansicht_Quartierplatz-16x12.jpg 16w, https:\/\/www.immobilienbusiness.ch\/wp-content\/uploads\/2018\/07\/180627_mm_Visualisierung_GuggachIII_Ansicht_Quartierplatz-263x175.jpg 263w, https:\/\/www.immobilienbusiness.ch\/wp-content\/uploads\/2018\/07\/180627_mm_Visualisierung_GuggachIII_Ansicht_Quartierplatz-525x350.jpg 525w, https:\/\/www.immobilienbusiness.ch\/wp-content\/uploads\/2018\/07\/180627_mm_Visualisierung_GuggachIII_Ansicht_Quartierplatz-1200x800.jpg 1200w, https:\/\/www.immobilienbusiness.ch\/wp-content\/uploads\/2018\/07\/180627_mm_Visualisierung_GuggachIII_Ansicht_Quartierplatz-920x613.jpg 920w, https:\/\/www.immobilienbusiness.ch\/wp-content\/uploads\/2018\/07\/180627_mm_Visualisierung_GuggachIII_Ansicht_Quartierplatz-1400x933.jpg 1400w\" sizes=\"auto, (max-width: 680px) 100vw, 680px\" \/><figcaption id=\"caption-attachment-13188\" class=\"wp-caption-text\">Visualisation des immeubles d'habitation sur le site Guggach III (\u00a9 Weyell Zipse Architekten, Zurich)<\/figcaption><\/figure>\n<p>La ville de Zurich veut c\u00e9der une partie du site de Guggach en droit de superficie \u00e0 la fondation de droit public \"Stiftung f\u00fcr bezahlbare und \u00f6kologische Wohnungen - Einfach Wohnen\" (SEW). Il est pr\u00e9vu de construire environ 120 logements d'utilit\u00e9 publique. Les rez-de-chauss\u00e9e des immeubles d'habitation doivent en outre accueillir des surfaces de services et commerciales, par exemple un magasin d'alimentation pour l'approvisionnement du quartier. Le projet comprendra \u00e9galement un jardin d'enfants et une \u00e9cole pour environ 300 enfants, ainsi qu'un parc d'environ 5.000 m\u00b2. L'\u00e9cole comprendra \u00e9galement une salle de sport double.<\/p>\n<p>Le projet \"WANINC\" du consortium Donet Sch\u00e4fer Architekten et Tanja Reimer de Zurich avec Weyell Zipse Architekten de B\u00e2le et Atelier Loidl Landschaftsarchitekten de Berlin a remport\u00e9 le concours. Il \u00e9chelonne deux immeubles d'habitation et cr\u00e9e ainsi une petite place de quartier vers l'arr\u00eat de tram \"Radiostudio\". La construction d\u00e9cal\u00e9e doit prot\u00e9ger du bruit de la rue tout en ouvrant le parc du quartier sur la rue et en permettant des relations visuelles entre les b\u00e2timents, le parc et la rue. L'\u00e9cole maternelle est plac\u00e9e entre le parc et les immeubles d'habitation. L'\u00e9cole est situ\u00e9e sur la Wehntalerstrasse.<\/p>\n<p>Comme le communique la ville de Zurich, le lotissement, le complexe scolaire et le parc de quartier doivent \u00eatre poursuivis en parall\u00e8le. Les travaux de construction devraient d\u00e9buter peu apr\u00e8s la votation populaire sur le b\u00e2timent scolaire en 2021. Le lotissement devrait alors \u00eatre achev\u00e9 au milieu de l'ann\u00e9e 2023.<\/p>\n<p>Pour le lotissement d'habitation, y compris l'\u00e9cole maternelle et les autres utilisations du rez-de-chauss\u00e9e, le budget est d'environ 43 millions de CHF. Le complexe scolaire, y compris la double salle de sport et les am\u00e9nagements ext\u00e9rieurs, co\u00fbtera selon les indications 38,4 millions, et le parc de quartier environ 3,3 millions (dans les deux cas sans le co\u00fbt du terrain et les r\u00e9serves de cr\u00e9dit).<\/p>","protected":false},"excerpt":{"rendered":"<p>Le site Guggach III est une r\u00e9serve de terrain non construite de la ville de Zurich qui doit \u00eatre construite. Le concours d'architecture pour le projet global comprenant des logements, des surfaces de services et commerciales, un parc de quartier et une \u00e9cole est d\u00e9sormais termin\u00e9.<\/p>","protected":false},"author":3,"featured_media":13188,"comment_status":"open","ping_status":"open","sticky":false,"template":"","format":"standard","meta":{"_acf_changed":false,"_yoast_wpseo_focuskw":"Guggach","_yoast_wpseo_title":"","_yoast_wpseo_metadesc":"Das Areal Guggach III ist eine unbebaute Landreserve der Stadt Z\u00fcrich und soll nun \u00fcberbaut werden. Der Architekturwettbewerb f\u00fcr das Gesamtprojekt mit Wohnungen, Dienstleistungs- und Gewerbefl\u00e4chen, Quartierpark und Schule ist abgeschlossen.","_yoast_wpseo_linkdex":69,"pgc_sgb_lightbox_settings":"","footnotes":""},"categories":[985],"tags":[1600,1863,1888],"class_list":["post-13187","post","type-post","status-publish","format-standard","has-post-thumbnail","hentry","category-regionen","tag-projekt-in-planung","tag-wohnimmobilien","tag-zuerich"],"acf":[],"yoast_head":"<!-- This site is optimized with the Yoast SEO plugin v27.5 - https:\/\/yoast.com\/product\/yoast-seo-wordpress\/ -->\n<title>Z\u00fcrich: Architekturwettbewerb f\u00fcr Guggach III ist entschieden - IMMOBILIEN Business<\/title>\n<meta name=\"description\" content=\"Das Areal Guggach III ist eine unbebaute Landreserve der Stadt Z\u00fcrich und soll nun \u00fcberbaut werden. Der Architekturwettbewerb f\u00fcr das Gesamtprojekt mit Wohnungen, Dienstleistungs- und Gewerbefl\u00e4chen, Quartierpark und Schule ist abgeschlossen.\" \/>\n<meta name=\"robots\" content=\"index, follow, max-snippet:-1, max-image-preview:large, max-video-preview:-1\" \/>\n<link rel=\"canonical\" href=\"https:\/\/www.immobilienbusiness.ch\/fr\/regionen\/2018-07-03\/zuerich-architekturwettbewerb-fuer-guggach-iii-ist-entschieden\/\" \/>\n<meta property=\"og:locale\" content=\"fr_FR\" \/>\n<meta property=\"og:type\" content=\"article\" \/>\n<meta property=\"og:title\" content=\"Z\u00fcrich: Architekturwettbewerb f\u00fcr Guggach III ist entschieden - IMMOBILIEN Business\" \/>\n<meta property=\"og:description\" content=\"Das Areal Guggach III ist eine unbebaute Landreserve der Stadt Z\u00fcrich und soll nun \u00fcberbaut werden. Der Architekturwettbewerb f\u00fcr das Gesamtprojekt mit Wohnungen, Dienstleistungs- und Gewerbefl\u00e4chen, Quartierpark und Schule ist abgeschlossen.\" \/>\n<meta property=\"og:url\" content=\"https:\/\/www.immobilienbusiness.ch\/fr\/regionen\/2018-07-03\/zuerich-architekturwettbewerb-fuer-guggach-iii-ist-entschieden\/\" \/>\n<meta property=\"og:site_name\" content=\"IMMOBILIEN Business\" \/>\n<meta property=\"article:publisher\" content=\"https:\/\/www.facebook.com\/immobilienbusiness\/\" \/>\n<meta property=\"article:published_time\" content=\"2018-07-03T06:21:46+00:00\" \/>\n<meta property=\"og:image\" content=\"https:\/\/www.immobilienbusiness.ch\/wp-content\/uploads\/2018\/07\/180627_mm_Visualisierung_GuggachIII_Ansicht_Quartierplatz.jpg\" \/>\n\t<meta property=\"og:image:width\" content=\"1772\" \/>\n\t<meta property=\"og:image:height\" content=\"1181\" \/>\n\t<meta property=\"og:image:type\" content=\"image\/jpeg\" \/>\n<meta name=\"author\" content=\"anja.hall\" \/>\n<meta name=\"twitter:card\" content=\"summary_large_image\" \/>\n<script type=\"application\/ld+json\" class=\"yoast-schema-graph\">{\"@context\":\"https:\\\/\\\/schema.org\",\"@graph\":[{\"@type\":\"Article\",\"@id\":\"https:\\\/\\\/www.immobilienbusiness.ch\\\/regionen\\\/2018-07-03\\\/zuerich-architekturwettbewerb-fuer-guggach-iii-ist-entschieden\\\/#article\",\"isPartOf\":{\"@id\":\"https:\\\/\\\/www.immobilienbusiness.ch\\\/regionen\\\/2018-07-03\\\/zuerich-architekturwettbewerb-fuer-guggach-iii-ist-entschieden\\\/\"},\"author\":{\"name\":\"anja.hall\",\"@id\":\"https:\\\/\\\/www.immobilienbusiness.ch\\\/#\\\/schema\\\/person\\\/3fc036297b10b9f42d6db5ee932af8c8\"},\"headline\":\"Z\u00fcrich: Architekturwettbewerb f\u00fcr Guggach III ist entschieden\",\"datePublished\":\"2018-07-03T06:21:46+00:00\",\"mainEntityOfPage\":{\"@id\":\"https:\\\/\\\/www.immobilienbusiness.ch\\\/regionen\\\/2018-07-03\\\/zuerich-architekturwettbewerb-fuer-guggach-iii-ist-entschieden\\\/\"},\"wordCount\":273,\"commentCount\":0,\"publisher\":{\"@id\":\"https:\\\/\\\/www.immobilienbusiness.ch\\\/#organization\"},\"image\":{\"@id\":\"https:\\\/\\\/www.immobilienbusiness.ch\\\/regionen\\\/2018-07-03\\\/zuerich-architekturwettbewerb-fuer-guggach-iii-ist-entschieden\\\/#primaryimage\"},\"thumbnailUrl\":\"https:\\\/\\\/www.immobilienbusiness.ch\\\/wp-content\\\/uploads\\\/2018\\\/07\\\/180627_mm_Visualisierung_GuggachIII_Ansicht_Quartierplatz.jpg\",\"keywords\":[\"Projekt in Planung\",\"Wohnimmobilien\",\"Z\u00fcrich\"],\"articleSection\":[\"REGIONEN\"],\"inLanguage\":\"fr-FR\"},{\"@type\":\"WebPage\",\"@id\":\"https:\\\/\\\/www.immobilienbusiness.ch\\\/regionen\\\/2018-07-03\\\/zuerich-architekturwettbewerb-fuer-guggach-iii-ist-entschieden\\\/\",\"url\":\"https:\\\/\\\/www.immobilienbusiness.ch\\\/regionen\\\/2018-07-03\\\/zuerich-architekturwettbewerb-fuer-guggach-iii-ist-entschieden\\\/\",\"name\":\"Z\u00fcrich: Architekturwettbewerb f\u00fcr Guggach III ist entschieden - IMMOBILIEN Business\",\"isPartOf\":{\"@id\":\"https:\\\/\\\/www.immobilienbusiness.ch\\\/#website\"},\"primaryImageOfPage\":{\"@id\":\"https:\\\/\\\/www.immobilienbusiness.ch\\\/regionen\\\/2018-07-03\\\/zuerich-architekturwettbewerb-fuer-guggach-iii-ist-entschieden\\\/#primaryimage\"},\"image\":{\"@id\":\"https:\\\/\\\/www.immobilienbusiness.ch\\\/regionen\\\/2018-07-03\\\/zuerich-architekturwettbewerb-fuer-guggach-iii-ist-entschieden\\\/#primaryimage\"},\"thumbnailUrl\":\"https:\\\/\\\/www.immobilienbusiness.ch\\\/wp-content\\\/uploads\\\/2018\\\/07\\\/180627_mm_Visualisierung_GuggachIII_Ansicht_Quartierplatz.jpg\",\"datePublished\":\"2018-07-03T06:21:46+00:00\",\"description\":\"Das Areal Guggach III ist eine unbebaute Landreserve der Stadt Z\u00fcrich und soll nun \u00fcberbaut werden. Der Architekturwettbewerb f\u00fcr das Gesamtprojekt mit Wohnungen, Dienstleistungs- und Gewerbefl\u00e4chen, Quartierpark und Schule ist abgeschlossen.\",\"breadcrumb\":{\"@id\":\"https:\\\/\\\/www.immobilienbusiness.ch\\\/regionen\\\/2018-07-03\\\/zuerich-architekturwettbewerb-fuer-guggach-iii-ist-entschieden\\\/#breadcrumb\"},\"inLanguage\":\"fr-FR\",\"potentialAction\":[{\"@type\":\"ReadAction\",\"target\":[\"https:\\\/\\\/www.immobilienbusiness.ch\\\/regionen\\\/2018-07-03\\\/zuerich-architekturwettbewerb-fuer-guggach-iii-ist-entschieden\\\/\"]}]},{\"@type\":\"ImageObject\",\"inLanguage\":\"fr-FR\",\"@id\":\"https:\\\/\\\/www.immobilienbusiness.ch\\\/regionen\\\/2018-07-03\\\/zuerich-architekturwettbewerb-fuer-guggach-iii-ist-entschieden\\\/#primaryimage\",\"url\":\"https:\\\/\\\/www.immobilienbusiness.ch\\\/wp-content\\\/uploads\\\/2018\\\/07\\\/180627_mm_Visualisierung_GuggachIII_Ansicht_Quartierplatz.jpg\",\"contentUrl\":\"https:\\\/\\\/www.immobilienbusiness.ch\\\/wp-content\\\/uploads\\\/2018\\\/07\\\/180627_mm_Visualisierung_GuggachIII_Ansicht_Quartierplatz.jpg\",\"width\":1772,\"height\":1181},{\"@type\":\"BreadcrumbList\",\"@id\":\"https:\\\/\\\/www.immobilienbusiness.ch\\\/regionen\\\/2018-07-03\\\/zuerich-architekturwettbewerb-fuer-guggach-iii-ist-entschieden\\\/#breadcrumb\",\"itemListElement\":[{\"@type\":\"ListItem\",\"position\":1,\"name\":\"Home\",\"item\":\"https:\\\/\\\/www.immobilienbusiness.ch\\\/\"},{\"@type\":\"ListItem\",\"position\":2,\"name\":\"Z\u00fcrich: Architekturwettbewerb f\u00fcr Guggach III ist entschieden\"}]},{\"@type\":\"WebSite\",\"@id\":\"https:\\\/\\\/www.immobilienbusiness.ch\\\/#website\",\"url\":\"https:\\\/\\\/www.immobilienbusiness.ch\\\/\",\"name\":\"IMMOBILIEN Business\",\"description\":\"Unabh\u00e4ngiges Schweizer Wirtschaftsmagazin mit Fokus auf Immobilien, Architektur- und Bau sowie Investment- und Finanzierung.\",\"publisher\":{\"@id\":\"https:\\\/\\\/www.immobilienbusiness.ch\\\/#organization\"},\"potentialAction\":[{\"@type\":\"SearchAction\",\"target\":{\"@type\":\"EntryPoint\",\"urlTemplate\":\"https:\\\/\\\/www.immobilienbusiness.ch\\\/?s={search_term_string}\"},\"query-input\":{\"@type\":\"PropertyValueSpecification\",\"valueRequired\":true,\"valueName\":\"search_term_string\"}}],\"inLanguage\":\"fr-FR\"},{\"@type\":\"Organization\",\"@id\":\"https:\\\/\\\/www.immobilienbusiness.ch\\\/#organization\",\"name\":\"IMMOBILIEN Business\",\"url\":\"https:\\\/\\\/www.immobilienbusiness.ch\\\/\",\"logo\":{\"@type\":\"ImageObject\",\"inLanguage\":\"fr-FR\",\"@id\":\"https:\\\/\\\/www.immobilienbusiness.ch\\\/#\\\/schema\\\/logo\\\/image\\\/\",\"url\":\"https:\\\/\\\/www.immobilienbusiness.ch\\\/wp-content\\\/uploads\\\/2021\\\/07\\\/logo_ib.png\",\"contentUrl\":\"https:\\\/\\\/www.immobilienbusiness.ch\\\/wp-content\\\/uploads\\\/2021\\\/07\\\/logo_ib.png\",\"width\":800,\"height\":181,\"caption\":\"IMMOBILIEN Business\"},\"image\":{\"@id\":\"https:\\\/\\\/www.immobilienbusiness.ch\\\/#\\\/schema\\\/logo\\\/image\\\/\"},\"sameAs\":[\"https:\\\/\\\/www.facebook.com\\\/immobilienbusiness\\\/\"]},{\"@type\":\"Person\",\"@id\":\"https:\\\/\\\/www.immobilienbusiness.ch\\\/#\\\/schema\\\/person\\\/3fc036297b10b9f42d6db5ee932af8c8\",\"name\":\"anja.hall\",\"image\":{\"@type\":\"ImageObject\",\"inLanguage\":\"fr-FR\",\"@id\":\"https:\\\/\\\/secure.gravatar.com\\\/avatar\\\/066b5a0d447013502c71a5782f4f3469f03cfe595cc2329fb94652fe47511bfb?s=96&d=mm&r=g\",\"url\":\"https:\\\/\\\/secure.gravatar.com\\\/avatar\\\/066b5a0d447013502c71a5782f4f3469f03cfe595cc2329fb94652fe47511bfb?s=96&d=mm&r=g\",\"contentUrl\":\"https:\\\/\\\/secure.gravatar.com\\\/avatar\\\/066b5a0d447013502c71a5782f4f3469f03cfe595cc2329fb94652fe47511bfb?s=96&d=mm&r=g\",\"caption\":\"anja.hall\"},\"url\":\"https:\\\/\\\/www.immobilienbusiness.ch\\\/fr\\\/author\\\/anja-hall\\\/\"}]}<\/script>\n<!-- \/ Yoast SEO plugin. -->","yoast_head_json":{"title":"Z\u00fcrich: Architekturwettbewerb f\u00fcr Guggach III ist entschieden - IMMOBILIEN Business","description":"Das Areal Guggach III ist eine unbebaute Landreserve der Stadt Z\u00fcrich und soll nun \u00fcberbaut werden. Der Architekturwettbewerb f\u00fcr das Gesamtprojekt mit Wohnungen, Dienstleistungs- und Gewerbefl\u00e4chen, Quartierpark und Schule ist abgeschlossen.","robots":{"index":"index","follow":"follow","max-snippet":"max-snippet:-1","max-image-preview":"max-image-preview:large","max-video-preview":"max-video-preview:-1"},"canonical":"https:\/\/www.immobilienbusiness.ch\/fr\/regionen\/2018-07-03\/zuerich-architekturwettbewerb-fuer-guggach-iii-ist-entschieden\/","og_locale":"fr_FR","og_type":"article","og_title":"Z\u00fcrich: Architekturwettbewerb f\u00fcr Guggach III ist entschieden - IMMOBILIEN Business","og_description":"Das Areal Guggach III ist eine unbebaute Landreserve der Stadt Z\u00fcrich und soll nun \u00fcberbaut werden. Der Architekturwettbewerb f\u00fcr das Gesamtprojekt mit Wohnungen, Dienstleistungs- und Gewerbefl\u00e4chen, Quartierpark und Schule ist abgeschlossen.","og_url":"https:\/\/www.immobilienbusiness.ch\/fr\/regionen\/2018-07-03\/zuerich-architekturwettbewerb-fuer-guggach-iii-ist-entschieden\/","og_site_name":"IMMOBILIEN Business","article_publisher":"https:\/\/www.facebook.com\/immobilienbusiness\/","article_published_time":"2018-07-03T06:21:46+00:00","og_image":[{"width":1772,"height":1181,"url":"https:\/\/www.immobilienbusiness.ch\/wp-content\/uploads\/2018\/07\/180627_mm_Visualisierung_GuggachIII_Ansicht_Quartierplatz.jpg","type":"image\/jpeg"}],"author":"anja.hall","twitter_card":"summary_large_image","schema":{"@context":"https:\/\/schema.org","@graph":[{"@type":"Article","@id":"https:\/\/www.immobilienbusiness.ch\/regionen\/2018-07-03\/zuerich-architekturwettbewerb-fuer-guggach-iii-ist-entschieden\/#article","isPartOf":{"@id":"https:\/\/www.immobilienbusiness.ch\/regionen\/2018-07-03\/zuerich-architekturwettbewerb-fuer-guggach-iii-ist-entschieden\/"},"author":{"name":"anja.hall","@id":"https:\/\/www.immobilienbusiness.ch\/#\/schema\/person\/3fc036297b10b9f42d6db5ee932af8c8"},"headline":"Z\u00fcrich: Architekturwettbewerb f\u00fcr Guggach III ist entschieden","datePublished":"2018-07-03T06:21:46+00:00","mainEntityOfPage":{"@id":"https:\/\/www.immobilienbusiness.ch\/regionen\/2018-07-03\/zuerich-architekturwettbewerb-fuer-guggach-iii-ist-entschieden\/"},"wordCount":273,"commentCount":0,"publisher":{"@id":"https:\/\/www.immobilienbusiness.ch\/#organization"},"image":{"@id":"https:\/\/www.immobilienbusiness.ch\/regionen\/2018-07-03\/zuerich-architekturwettbewerb-fuer-guggach-iii-ist-entschieden\/#primaryimage"},"thumbnailUrl":"https:\/\/www.immobilienbusiness.ch\/wp-content\/uploads\/2018\/07\/180627_mm_Visualisierung_GuggachIII_Ansicht_Quartierplatz.jpg","keywords":["Projekt in Planung","Wohnimmobilien","Z\u00fcrich"],"articleSection":["REGIONEN"],"inLanguage":"fr-FR"},{"@type":"WebPage","@id":"https:\/\/www.immobilienbusiness.ch\/regionen\/2018-07-03\/zuerich-architekturwettbewerb-fuer-guggach-iii-ist-entschieden\/","url":"https:\/\/www.immobilienbusiness.ch\/regionen\/2018-07-03\/zuerich-architekturwettbewerb-fuer-guggach-iii-ist-entschieden\/","name":"Z\u00fcrich: Architekturwettbewerb f\u00fcr Guggach III ist entschieden - IMMOBILIEN Business","isPartOf":{"@id":"https:\/\/www.immobilienbusiness.ch\/#website"},"primaryImageOfPage":{"@id":"https:\/\/www.immobilienbusiness.ch\/regionen\/2018-07-03\/zuerich-architekturwettbewerb-fuer-guggach-iii-ist-entschieden\/#primaryimage"},"image":{"@id":"https:\/\/www.immobilienbusiness.ch\/regionen\/2018-07-03\/zuerich-architekturwettbewerb-fuer-guggach-iii-ist-entschieden\/#primaryimage"},"thumbnailUrl":"https:\/\/www.immobilienbusiness.ch\/wp-content\/uploads\/2018\/07\/180627_mm_Visualisierung_GuggachIII_Ansicht_Quartierplatz.jpg","datePublished":"2018-07-03T06:21:46+00:00","description":"Das Areal Guggach III ist eine unbebaute Landreserve der Stadt Z\u00fcrich und soll nun \u00fcberbaut werden. Der Architekturwettbewerb f\u00fcr das Gesamtprojekt mit Wohnungen, Dienstleistungs- und Gewerbefl\u00e4chen, Quartierpark und Schule ist abgeschlossen.","breadcrumb":{"@id":"https:\/\/www.immobilienbusiness.ch\/regionen\/2018-07-03\/zuerich-architekturwettbewerb-fuer-guggach-iii-ist-entschieden\/#breadcrumb"},"inLanguage":"fr-FR","potentialAction":[{"@type":"ReadAction","target":["https:\/\/www.immobilienbusiness.ch\/regionen\/2018-07-03\/zuerich-architekturwettbewerb-fuer-guggach-iii-ist-entschieden\/"]}]},{"@type":"ImageObject","inLanguage":"fr-FR","@id":"https:\/\/www.immobilienbusiness.ch\/regionen\/2018-07-03\/zuerich-architekturwettbewerb-fuer-guggach-iii-ist-entschieden\/#primaryimage","url":"https:\/\/www.immobilienbusiness.ch\/wp-content\/uploads\/2018\/07\/180627_mm_Visualisierung_GuggachIII_Ansicht_Quartierplatz.jpg","contentUrl":"https:\/\/www.immobilienbusiness.ch\/wp-content\/uploads\/2018\/07\/180627_mm_Visualisierung_GuggachIII_Ansicht_Quartierplatz.jpg","width":1772,"height":1181},{"@type":"BreadcrumbList","@id":"https:\/\/www.immobilienbusiness.ch\/regionen\/2018-07-03\/zuerich-architekturwettbewerb-fuer-guggach-iii-ist-entschieden\/#breadcrumb","itemListElement":[{"@type":"ListItem","position":1,"name":"Home","item":"https:\/\/www.immobilienbusiness.ch\/"},{"@type":"ListItem","position":2,"name":"Z\u00fcrich: Architekturwettbewerb f\u00fcr Guggach III ist entschieden"}]},{"@type":"WebSite","@id":"https:\/\/www.immobilienbusiness.ch\/#website","url":"https:\/\/www.immobilienbusiness.ch\/","name":"IMMOBILIER Business","description":"Magazine \u00e9conomique suisse ind\u00e9pendant ax\u00e9 sur l'immobilier, l'architecture et la construction ainsi que sur les investissements et le financement.","publisher":{"@id":"https:\/\/www.immobilienbusiness.ch\/#organization"},"potentialAction":[{"@type":"SearchAction","target":{"@type":"EntryPoint","urlTemplate":"https:\/\/www.immobilienbusiness.ch\/?s={search_term_string}"},"query-input":{"@type":"PropertyValueSpecification","valueRequired":true,"valueName":"search_term_string"}}],"inLanguage":"fr-FR"},{"@type":"Organization","@id":"https:\/\/www.immobilienbusiness.ch\/#organization","name":"IMMOBILIER Business","url":"https:\/\/www.immobilienbusiness.ch\/","logo":{"@type":"ImageObject","inLanguage":"fr-FR","@id":"https:\/\/www.immobilienbusiness.ch\/#\/schema\/logo\/image\/","url":"https:\/\/www.immobilienbusiness.ch\/wp-content\/uploads\/2021\/07\/logo_ib.png","contentUrl":"https:\/\/www.immobilienbusiness.ch\/wp-content\/uploads\/2021\/07\/logo_ib.png","width":800,"height":181,"caption":"IMMOBILIEN Business"},"image":{"@id":"https:\/\/www.immobilienbusiness.ch\/#\/schema\/logo\/image\/"},"sameAs":["https:\/\/www.facebook.com\/immobilienbusiness\/"]},{"@type":"Person","@id":"https:\/\/www.immobilienbusiness.ch\/#\/schema\/person\/3fc036297b10b9f42d6db5ee932af8c8","name":"anja.hall","image":{"@type":"ImageObject","inLanguage":"fr-FR","@id":"https:\/\/secure.gravatar.com\/avatar\/066b5a0d447013502c71a5782f4f3469f03cfe595cc2329fb94652fe47511bfb?s=96&d=mm&r=g","url":"https:\/\/secure.gravatar.com\/avatar\/066b5a0d447013502c71a5782f4f3469f03cfe595cc2329fb94652fe47511bfb?s=96&d=mm&r=g","contentUrl":"https:\/\/secure.gravatar.com\/avatar\/066b5a0d447013502c71a5782f4f3469f03cfe595cc2329fb94652fe47511bfb?s=96&d=mm&r=g","caption":"anja.hall"},"url":"https:\/\/www.immobilienbusiness.ch\/fr\/author\/anja-hall\/"}]}},"_links":{"self":[{"href":"https:\/\/www.immobilienbusiness.ch\/fr\/wp-json\/wp\/v2\/posts\/13187","targetHints":{"allow":["GET"]}}],"collection":[{"href":"https:\/\/www.immobilienbusiness.ch\/fr\/wp-json\/wp\/v2\/posts"}],"about":[{"href":"https:\/\/www.immobilienbusiness.ch\/fr\/wp-json\/wp\/v2\/types\/post"}],"author":[{"embeddable":true,"href":"https:\/\/www.immobilienbusiness.ch\/fr\/wp-json\/wp\/v2\/users\/3"}],"replies":[{"embeddable":true,"href":"https:\/\/www.immobilienbusiness.ch\/fr\/wp-json\/wp\/v2\/comments?post=13187"}],"version-history":[{"count":0,"href":"https:\/\/www.immobilienbusiness.ch\/fr\/wp-json\/wp\/v2\/posts\/13187\/revisions"}],"wp:featuredmedia":[{"embeddable":true,"href":"https:\/\/www.immobilienbusiness.ch\/fr\/wp-json\/wp\/v2\/media\/13188"}],"wp:attachment":[{"href":"https:\/\/www.immobilienbusiness.ch\/fr\/wp-json\/wp\/v2\/media?parent=13187"}],"wp:term":[{"taxonomy":"category","embeddable":true,"href":"https:\/\/www.immobilienbusiness.ch\/fr\/wp-json\/wp\/v2\/categories?post=13187"},{"taxonomy":"post_tag","embeddable":true,"href":"https:\/\/www.immobilienbusiness.ch\/fr\/wp-json\/wp\/v2\/tags?post=13187"}],"curies":[{"name":"wp","href":"https:\/\/api.w.org\/{rel}","templated":true}]}}