{"id":12879,"date":"2018-06-11T08:00:07","date_gmt":"2018-06-11T06:00:07","guid":{"rendered":"https:\/\/www.immobilienbusiness.ch\/?p=12879"},"modified":"2018-06-11T08:00:07","modified_gmt":"2018-06-11T06:00:07","slug":"re-opening-fuer-anlagegruppe-ubs-ast-kis","status":"publish","type":"post","link":"https:\/\/www.immobilienbusiness.ch\/fr\/unternehmen\/2018-06-11\/re-opening-fuer-anlagegruppe-ubs-ast-kis\/","title":{"rendered":"Re-ouverture du groupe de placement UBS AST-KIS"},"content":{"rendered":"<figure id=\"attachment_12758\" aria-describedby=\"caption-attachment-12758\" style=\"width: 680px\" class=\"wp-caption alignnone\"><img loading=\"lazy\" decoding=\"async\" class=\"size-medium wp-image-12758\" src=\"https:\/\/www.immobilienbusiness.ch\/wp-content\/uploads\/2018\/05\/Depositphotos_63147495_m-2015.jpg\" alt=\"\" width=\"680\" height=\"510\" srcset=\"https:\/\/www.immobilienbusiness.ch\/wp-content\/uploads\/2018\/05\/Depositphotos_63147495_m-2015.jpg 1000w, https:\/\/www.immobilienbusiness.ch\/wp-content\/uploads\/2018\/05\/Depositphotos_63147495_m-2015-300x225.jpg 300w, https:\/\/www.immobilienbusiness.ch\/wp-content\/uploads\/2018\/05\/Depositphotos_63147495_m-2015-768x576.jpg 768w, https:\/\/www.immobilienbusiness.ch\/wp-content\/uploads\/2018\/05\/Depositphotos_63147495_m-2015-16x12.jpg 16w, https:\/\/www.immobilienbusiness.ch\/wp-content\/uploads\/2018\/05\/Depositphotos_63147495_m-2015-233x175.jpg 233w, https:\/\/www.immobilienbusiness.ch\/wp-content\/uploads\/2018\/05\/Depositphotos_63147495_m-2015-467x350.jpg 467w, https:\/\/www.immobilienbusiness.ch\/wp-content\/uploads\/2018\/05\/Depositphotos_63147495_m-2015-920x690.jpg 920w\" sizes=\"auto, (max-width: 680px) 100vw, 680px\" \/><figcaption id=\"caption-attachment-12758\" class=\"wp-caption-text\">Le groupe de placement UBS AST-KIS est ouvert \u00e0 de nouvelles souscriptions (netfalls - depositphotos)<\/figcaption><\/figure>\n<p>Selon les indications de la fondation de placement UBS, le produit de l'\u00e9mission devrait s'\u00e9lever \u00e0 environ 60 millions de CHF et \u00eatre utilis\u00e9 pour le remboursement de financements externes, le financement de projets de construction et l'achat d'immeubles.<\/p>\n<p>Le groupe de placement UBS AST-KIS investit directement dans des immeubles Core en Suisse, principalement dans des immeubles commerciaux, c'est-\u00e0-dire dans des surfaces pour bureaux, commerce de d\u00e9tail\/retail, logistique\/artisanat et usage mixte. Les r\u00e9gions cibles sont notamment Zurich, B\u00e2le, Berne, Gen\u00e8ve\/Lausanne ainsi que les agglom\u00e9rations voisines.<\/p>\n<p>Le portefeuille comprend actuellement 40 immeubles avec un taux de vacance de 3,4 pour cent (au 30.4.2018) et un volume de march\u00e9 d'environ 636 millions. L'objectif \u00e0 moyen terme est d'atteindre un volume de portefeuille de 750 millions.<\/p>\n<p>Selon les informations fournies, la performance du groupe de placement a atteint 4,5 pour cent au cours de l'exercice pr\u00e9c\u00e9dent, et 4,9 pour cent sur les trois derni\u00e8res ann\u00e9es.<\/p>","protected":false},"excerpt":{"rendered":"<p>La Fondation de placement pour la pr\u00e9voyance en faveur du personnel de l'UBS ouvre son groupe de placement UBS AST Immobilier commercial Suisse (UBS AST-KIS) \u00e0 de nouvelles souscriptions.<\/p>","protected":false},"author":3,"featured_media":12758,"comment_status":"open","ping_status":"open","sticky":false,"template":"","format":"standard","meta":{"_acf_changed":false,"_yoast_wpseo_focuskw":"UBS AST-KIS","_yoast_wpseo_title":"","_yoast_wpseo_metadesc":"Die Anlagestiftung der UBS f\u00fcr Personalvorsorge \u00f6ffnet ihre Anlagegruppe UBS AST Kommerzielle Immobilien Schweiz (UBS AST-KIS) f\u00fcr neue Zeichnungen.","_yoast_wpseo_linkdex":69,"pgc_sgb_lightbox_settings":"","footnotes":""},"categories":[988],"tags":[1028,1030,1796],"class_list":["post-12879","post","type-post","status-publish","format-standard","has-post-thumbnail","hentry","category-unternehmen","tag-anlagegruppe","tag-anlagestiftung","tag-ubs"],"acf":[],"yoast_head":"<!-- This site is optimized with the Yoast SEO plugin v27.5 - https:\/\/yoast.com\/product\/yoast-seo-wordpress\/ -->\n<title>Re-Opening f\u00fcr Anlagegruppe UBS AST-KIS - IMMOBILIEN Business<\/title>\n<meta name=\"description\" content=\"Die Anlagestiftung der UBS f\u00fcr Personalvorsorge \u00f6ffnet ihre Anlagegruppe UBS AST Kommerzielle Immobilien Schweiz (UBS AST-KIS) f\u00fcr neue Zeichnungen.\" \/>\n<meta name=\"robots\" content=\"index, follow, max-snippet:-1, max-image-preview:large, max-video-preview:-1\" \/>\n<link rel=\"canonical\" href=\"https:\/\/www.immobilienbusiness.ch\/fr\/unternehmen\/2018-06-11\/re-opening-fuer-anlagegruppe-ubs-ast-kis\/\" \/>\n<meta property=\"og:locale\" content=\"fr_FR\" \/>\n<meta property=\"og:type\" content=\"article\" \/>\n<meta property=\"og:title\" content=\"Re-Opening f\u00fcr Anlagegruppe UBS AST-KIS - IMMOBILIEN Business\" \/>\n<meta property=\"og:description\" content=\"Die Anlagestiftung der UBS f\u00fcr Personalvorsorge \u00f6ffnet ihre Anlagegruppe UBS AST Kommerzielle Immobilien Schweiz (UBS AST-KIS) f\u00fcr neue Zeichnungen.\" \/>\n<meta property=\"og:url\" content=\"https:\/\/www.immobilienbusiness.ch\/fr\/unternehmen\/2018-06-11\/re-opening-fuer-anlagegruppe-ubs-ast-kis\/\" \/>\n<meta property=\"og:site_name\" content=\"IMMOBILIEN Business\" \/>\n<meta property=\"article:publisher\" content=\"https:\/\/www.facebook.com\/immobilienbusiness\/\" \/>\n<meta property=\"article:published_time\" content=\"2018-06-11T06:00:07+00:00\" \/>\n<meta property=\"og:image\" content=\"https:\/\/www.immobilienbusiness.ch\/wp-content\/uploads\/2018\/05\/Depositphotos_63147495_m-2015.jpg\" \/>\n\t<meta property=\"og:image:width\" content=\"1000\" \/>\n\t<meta property=\"og:image:height\" content=\"750\" \/>\n\t<meta property=\"og:image:type\" content=\"image\/jpeg\" \/>\n<meta name=\"author\" content=\"anja.hall\" \/>\n<meta name=\"twitter:card\" content=\"summary_large_image\" \/>\n<meta name=\"twitter:image\" content=\"https:\/\/www.immobilienbusiness.ch\/wp-content\/uploads\/2018\/05\/Depositphotos_63147495_m-2015.jpg\" \/>\n<script type=\"application\/ld+json\" class=\"yoast-schema-graph\">{\"@context\":\"https:\\\/\\\/schema.org\",\"@graph\":[{\"@type\":\"Article\",\"@id\":\"https:\\\/\\\/www.immobilienbusiness.ch\\\/unternehmen\\\/2018-06-11\\\/re-opening-fuer-anlagegruppe-ubs-ast-kis\\\/#article\",\"isPartOf\":{\"@id\":\"https:\\\/\\\/www.immobilienbusiness.ch\\\/unternehmen\\\/2018-06-11\\\/re-opening-fuer-anlagegruppe-ubs-ast-kis\\\/\"},\"author\":{\"name\":\"anja.hall\",\"@id\":\"https:\\\/\\\/www.immobilienbusiness.ch\\\/#\\\/schema\\\/person\\\/3fc036297b10b9f42d6db5ee932af8c8\"},\"headline\":\"Re-Opening f\u00fcr Anlagegruppe UBS AST-KIS\",\"datePublished\":\"2018-06-11T06:00:07+00:00\",\"mainEntityOfPage\":{\"@id\":\"https:\\\/\\\/www.immobilienbusiness.ch\\\/unternehmen\\\/2018-06-11\\\/re-opening-fuer-anlagegruppe-ubs-ast-kis\\\/\"},\"wordCount\":147,\"commentCount\":0,\"publisher\":{\"@id\":\"https:\\\/\\\/www.immobilienbusiness.ch\\\/#organization\"},\"image\":{\"@id\":\"https:\\\/\\\/www.immobilienbusiness.ch\\\/unternehmen\\\/2018-06-11\\\/re-opening-fuer-anlagegruppe-ubs-ast-kis\\\/#primaryimage\"},\"thumbnailUrl\":\"https:\\\/\\\/www.immobilienbusiness.ch\\\/wp-content\\\/uploads\\\/2018\\\/05\\\/Depositphotos_63147495_m-2015.jpg\",\"keywords\":[\"Anlagegruppe\",\"Anlagestiftung\",\"UBS\"],\"articleSection\":[\"UNTERNEHMEN\"],\"inLanguage\":\"fr-FR\"},{\"@type\":\"WebPage\",\"@id\":\"https:\\\/\\\/www.immobilienbusiness.ch\\\/unternehmen\\\/2018-06-11\\\/re-opening-fuer-anlagegruppe-ubs-ast-kis\\\/\",\"url\":\"https:\\\/\\\/www.immobilienbusiness.ch\\\/unternehmen\\\/2018-06-11\\\/re-opening-fuer-anlagegruppe-ubs-ast-kis\\\/\",\"name\":\"Re-Opening f\u00fcr Anlagegruppe UBS AST-KIS - IMMOBILIEN Business\",\"isPartOf\":{\"@id\":\"https:\\\/\\\/www.immobilienbusiness.ch\\\/#website\"},\"primaryImageOfPage\":{\"@id\":\"https:\\\/\\\/www.immobilienbusiness.ch\\\/unternehmen\\\/2018-06-11\\\/re-opening-fuer-anlagegruppe-ubs-ast-kis\\\/#primaryimage\"},\"image\":{\"@id\":\"https:\\\/\\\/www.immobilienbusiness.ch\\\/unternehmen\\\/2018-06-11\\\/re-opening-fuer-anlagegruppe-ubs-ast-kis\\\/#primaryimage\"},\"thumbnailUrl\":\"https:\\\/\\\/www.immobilienbusiness.ch\\\/wp-content\\\/uploads\\\/2018\\\/05\\\/Depositphotos_63147495_m-2015.jpg\",\"datePublished\":\"2018-06-11T06:00:07+00:00\",\"description\":\"Die Anlagestiftung der UBS f\u00fcr Personalvorsorge \u00f6ffnet ihre Anlagegruppe UBS AST Kommerzielle Immobilien Schweiz (UBS AST-KIS) f\u00fcr neue Zeichnungen.\",\"breadcrumb\":{\"@id\":\"https:\\\/\\\/www.immobilienbusiness.ch\\\/unternehmen\\\/2018-06-11\\\/re-opening-fuer-anlagegruppe-ubs-ast-kis\\\/#breadcrumb\"},\"inLanguage\":\"fr-FR\",\"potentialAction\":[{\"@type\":\"ReadAction\",\"target\":[\"https:\\\/\\\/www.immobilienbusiness.ch\\\/unternehmen\\\/2018-06-11\\\/re-opening-fuer-anlagegruppe-ubs-ast-kis\\\/\"]}]},{\"@type\":\"ImageObject\",\"inLanguage\":\"fr-FR\",\"@id\":\"https:\\\/\\\/www.immobilienbusiness.ch\\\/unternehmen\\\/2018-06-11\\\/re-opening-fuer-anlagegruppe-ubs-ast-kis\\\/#primaryimage\",\"url\":\"https:\\\/\\\/www.immobilienbusiness.ch\\\/wp-content\\\/uploads\\\/2018\\\/05\\\/Depositphotos_63147495_m-2015.jpg\",\"contentUrl\":\"https:\\\/\\\/www.immobilienbusiness.ch\\\/wp-content\\\/uploads\\\/2018\\\/05\\\/Depositphotos_63147495_m-2015.jpg\",\"width\":1000,\"height\":750,\"caption\":\"Das Unternehmen plant die n\u00e4chste Kapitalerh\u00f6hung (Bild: netfalls - depositphotos)\"},{\"@type\":\"BreadcrumbList\",\"@id\":\"https:\\\/\\\/www.immobilienbusiness.ch\\\/unternehmen\\\/2018-06-11\\\/re-opening-fuer-anlagegruppe-ubs-ast-kis\\\/#breadcrumb\",\"itemListElement\":[{\"@type\":\"ListItem\",\"position\":1,\"name\":\"Home\",\"item\":\"https:\\\/\\\/www.immobilienbusiness.ch\\\/\"},{\"@type\":\"ListItem\",\"position\":2,\"name\":\"Re-Opening f\u00fcr Anlagegruppe UBS AST-KIS\"}]},{\"@type\":\"WebSite\",\"@id\":\"https:\\\/\\\/www.immobilienbusiness.ch\\\/#website\",\"url\":\"https:\\\/\\\/www.immobilienbusiness.ch\\\/\",\"name\":\"IMMOBILIEN Business\",\"description\":\"Unabh\u00e4ngiges Schweizer Wirtschaftsmagazin mit Fokus auf Immobilien, Architektur- und Bau sowie Investment- und Finanzierung.\",\"publisher\":{\"@id\":\"https:\\\/\\\/www.immobilienbusiness.ch\\\/#organization\"},\"potentialAction\":[{\"@type\":\"SearchAction\",\"target\":{\"@type\":\"EntryPoint\",\"urlTemplate\":\"https:\\\/\\\/www.immobilienbusiness.ch\\\/?s={search_term_string}\"},\"query-input\":{\"@type\":\"PropertyValueSpecification\",\"valueRequired\":true,\"valueName\":\"search_term_string\"}}],\"inLanguage\":\"fr-FR\"},{\"@type\":\"Organization\",\"@id\":\"https:\\\/\\\/www.immobilienbusiness.ch\\\/#organization\",\"name\":\"IMMOBILIEN Business\",\"url\":\"https:\\\/\\\/www.immobilienbusiness.ch\\\/\",\"logo\":{\"@type\":\"ImageObject\",\"inLanguage\":\"fr-FR\",\"@id\":\"https:\\\/\\\/www.immobilienbusiness.ch\\\/#\\\/schema\\\/logo\\\/image\\\/\",\"url\":\"https:\\\/\\\/www.immobilienbusiness.ch\\\/wp-content\\\/uploads\\\/2021\\\/07\\\/logo_ib.png\",\"contentUrl\":\"https:\\\/\\\/www.immobilienbusiness.ch\\\/wp-content\\\/uploads\\\/2021\\\/07\\\/logo_ib.png\",\"width\":800,\"height\":181,\"caption\":\"IMMOBILIEN Business\"},\"image\":{\"@id\":\"https:\\\/\\\/www.immobilienbusiness.ch\\\/#\\\/schema\\\/logo\\\/image\\\/\"},\"sameAs\":[\"https:\\\/\\\/www.facebook.com\\\/immobilienbusiness\\\/\"]},{\"@type\":\"Person\",\"@id\":\"https:\\\/\\\/www.immobilienbusiness.ch\\\/#\\\/schema\\\/person\\\/3fc036297b10b9f42d6db5ee932af8c8\",\"name\":\"anja.hall\",\"image\":{\"@type\":\"ImageObject\",\"inLanguage\":\"fr-FR\",\"@id\":\"https:\\\/\\\/secure.gravatar.com\\\/avatar\\\/066b5a0d447013502c71a5782f4f3469f03cfe595cc2329fb94652fe47511bfb?s=96&d=mm&r=g\",\"url\":\"https:\\\/\\\/secure.gravatar.com\\\/avatar\\\/066b5a0d447013502c71a5782f4f3469f03cfe595cc2329fb94652fe47511bfb?s=96&d=mm&r=g\",\"contentUrl\":\"https:\\\/\\\/secure.gravatar.com\\\/avatar\\\/066b5a0d447013502c71a5782f4f3469f03cfe595cc2329fb94652fe47511bfb?s=96&d=mm&r=g\",\"caption\":\"anja.hall\"},\"url\":\"https:\\\/\\\/www.immobilienbusiness.ch\\\/fr\\\/author\\\/anja-hall\\\/\"}]}<\/script>\n<!-- \/ Yoast SEO plugin. -->","yoast_head_json":{"title":"Re-ouverture du groupe de placement UBS AST-KIS - IMMOBILIER Business","description":"La Fondation de placement pour la pr\u00e9voyance en faveur du personnel de l'UBS ouvre son groupe de placement UBS AST Immobilier commercial Suisse (UBS AST-KIS) \u00e0 de nouvelles souscriptions.","robots":{"index":"index","follow":"follow","max-snippet":"max-snippet:-1","max-image-preview":"max-image-preview:large","max-video-preview":"max-video-preview:-1"},"canonical":"https:\/\/www.immobilienbusiness.ch\/fr\/unternehmen\/2018-06-11\/re-opening-fuer-anlagegruppe-ubs-ast-kis\/","og_locale":"fr_FR","og_type":"article","og_title":"Re-Opening f\u00fcr Anlagegruppe UBS AST-KIS - IMMOBILIEN Business","og_description":"Die Anlagestiftung der UBS f\u00fcr Personalvorsorge \u00f6ffnet ihre Anlagegruppe UBS AST Kommerzielle Immobilien Schweiz (UBS AST-KIS) f\u00fcr neue Zeichnungen.","og_url":"https:\/\/www.immobilienbusiness.ch\/fr\/unternehmen\/2018-06-11\/re-opening-fuer-anlagegruppe-ubs-ast-kis\/","og_site_name":"IMMOBILIEN Business","article_publisher":"https:\/\/www.facebook.com\/immobilienbusiness\/","article_published_time":"2018-06-11T06:00:07+00:00","og_image":[{"width":1000,"height":750,"url":"https:\/\/www.immobilienbusiness.ch\/wp-content\/uploads\/2018\/05\/Depositphotos_63147495_m-2015.jpg","type":"image\/jpeg"}],"author":"anja.hall","twitter_card":"summary_large_image","twitter_image":"https:\/\/www.immobilienbusiness.ch\/wp-content\/uploads\/2018\/05\/Depositphotos_63147495_m-2015.jpg","schema":{"@context":"https:\/\/schema.org","@graph":[{"@type":"Article","@id":"https:\/\/www.immobilienbusiness.ch\/unternehmen\/2018-06-11\/re-opening-fuer-anlagegruppe-ubs-ast-kis\/#article","isPartOf":{"@id":"https:\/\/www.immobilienbusiness.ch\/unternehmen\/2018-06-11\/re-opening-fuer-anlagegruppe-ubs-ast-kis\/"},"author":{"name":"anja.hall","@id":"https:\/\/www.immobilienbusiness.ch\/#\/schema\/person\/3fc036297b10b9f42d6db5ee932af8c8"},"headline":"Re-Opening f\u00fcr Anlagegruppe UBS AST-KIS","datePublished":"2018-06-11T06:00:07+00:00","mainEntityOfPage":{"@id":"https:\/\/www.immobilienbusiness.ch\/unternehmen\/2018-06-11\/re-opening-fuer-anlagegruppe-ubs-ast-kis\/"},"wordCount":147,"commentCount":0,"publisher":{"@id":"https:\/\/www.immobilienbusiness.ch\/#organization"},"image":{"@id":"https:\/\/www.immobilienbusiness.ch\/unternehmen\/2018-06-11\/re-opening-fuer-anlagegruppe-ubs-ast-kis\/#primaryimage"},"thumbnailUrl":"https:\/\/www.immobilienbusiness.ch\/wp-content\/uploads\/2018\/05\/Depositphotos_63147495_m-2015.jpg","keywords":["Anlagegruppe","Anlagestiftung","UBS"],"articleSection":["UNTERNEHMEN"],"inLanguage":"fr-FR"},{"@type":"WebPage","@id":"https:\/\/www.immobilienbusiness.ch\/unternehmen\/2018-06-11\/re-opening-fuer-anlagegruppe-ubs-ast-kis\/","url":"https:\/\/www.immobilienbusiness.ch\/unternehmen\/2018-06-11\/re-opening-fuer-anlagegruppe-ubs-ast-kis\/","name":"Re-ouverture du groupe de placement UBS AST-KIS - IMMOBILIER Business","isPartOf":{"@id":"https:\/\/www.immobilienbusiness.ch\/#website"},"primaryImageOfPage":{"@id":"https:\/\/www.immobilienbusiness.ch\/unternehmen\/2018-06-11\/re-opening-fuer-anlagegruppe-ubs-ast-kis\/#primaryimage"},"image":{"@id":"https:\/\/www.immobilienbusiness.ch\/unternehmen\/2018-06-11\/re-opening-fuer-anlagegruppe-ubs-ast-kis\/#primaryimage"},"thumbnailUrl":"https:\/\/www.immobilienbusiness.ch\/wp-content\/uploads\/2018\/05\/Depositphotos_63147495_m-2015.jpg","datePublished":"2018-06-11T06:00:07+00:00","description":"La Fondation de placement pour la pr\u00e9voyance en faveur du personnel de l'UBS ouvre son groupe de placement UBS AST Immobilier commercial Suisse (UBS AST-KIS) \u00e0 de nouvelles souscriptions.","breadcrumb":{"@id":"https:\/\/www.immobilienbusiness.ch\/unternehmen\/2018-06-11\/re-opening-fuer-anlagegruppe-ubs-ast-kis\/#breadcrumb"},"inLanguage":"fr-FR","potentialAction":[{"@type":"ReadAction","target":["https:\/\/www.immobilienbusiness.ch\/unternehmen\/2018-06-11\/re-opening-fuer-anlagegruppe-ubs-ast-kis\/"]}]},{"@type":"ImageObject","inLanguage":"fr-FR","@id":"https:\/\/www.immobilienbusiness.ch\/unternehmen\/2018-06-11\/re-opening-fuer-anlagegruppe-ubs-ast-kis\/#primaryimage","url":"https:\/\/www.immobilienbusiness.ch\/wp-content\/uploads\/2018\/05\/Depositphotos_63147495_m-2015.jpg","contentUrl":"https:\/\/www.immobilienbusiness.ch\/wp-content\/uploads\/2018\/05\/Depositphotos_63147495_m-2015.jpg","width":1000,"height":750,"caption":"Das Unternehmen plant die n\u00e4chste Kapitalerh\u00f6hung (Bild: netfalls - depositphotos)"},{"@type":"BreadcrumbList","@id":"https:\/\/www.immobilienbusiness.ch\/unternehmen\/2018-06-11\/re-opening-fuer-anlagegruppe-ubs-ast-kis\/#breadcrumb","itemListElement":[{"@type":"ListItem","position":1,"name":"Home","item":"https:\/\/www.immobilienbusiness.ch\/"},{"@type":"ListItem","position":2,"name":"Re-Opening f\u00fcr Anlagegruppe UBS AST-KIS"}]},{"@type":"WebSite","@id":"https:\/\/www.immobilienbusiness.ch\/#website","url":"https:\/\/www.immobilienbusiness.ch\/","name":"IMMOBILIER Business","description":"Magazine \u00e9conomique suisse ind\u00e9pendant ax\u00e9 sur l'immobilier, l'architecture et la construction ainsi que sur les investissements et le financement.","publisher":{"@id":"https:\/\/www.immobilienbusiness.ch\/#organization"},"potentialAction":[{"@type":"SearchAction","target":{"@type":"EntryPoint","urlTemplate":"https:\/\/www.immobilienbusiness.ch\/?s={search_term_string}"},"query-input":{"@type":"PropertyValueSpecification","valueRequired":true,"valueName":"search_term_string"}}],"inLanguage":"fr-FR"},{"@type":"Organization","@id":"https:\/\/www.immobilienbusiness.ch\/#organization","name":"IMMOBILIER Business","url":"https:\/\/www.immobilienbusiness.ch\/","logo":{"@type":"ImageObject","inLanguage":"fr-FR","@id":"https:\/\/www.immobilienbusiness.ch\/#\/schema\/logo\/image\/","url":"https:\/\/www.immobilienbusiness.ch\/wp-content\/uploads\/2021\/07\/logo_ib.png","contentUrl":"https:\/\/www.immobilienbusiness.ch\/wp-content\/uploads\/2021\/07\/logo_ib.png","width":800,"height":181,"caption":"IMMOBILIEN Business"},"image":{"@id":"https:\/\/www.immobilienbusiness.ch\/#\/schema\/logo\/image\/"},"sameAs":["https:\/\/www.facebook.com\/immobilienbusiness\/"]},{"@type":"Person","@id":"https:\/\/www.immobilienbusiness.ch\/#\/schema\/person\/3fc036297b10b9f42d6db5ee932af8c8","name":"anja.hall","image":{"@type":"ImageObject","inLanguage":"fr-FR","@id":"https:\/\/secure.gravatar.com\/avatar\/066b5a0d447013502c71a5782f4f3469f03cfe595cc2329fb94652fe47511bfb?s=96&d=mm&r=g","url":"https:\/\/secure.gravatar.com\/avatar\/066b5a0d447013502c71a5782f4f3469f03cfe595cc2329fb94652fe47511bfb?s=96&d=mm&r=g","contentUrl":"https:\/\/secure.gravatar.com\/avatar\/066b5a0d447013502c71a5782f4f3469f03cfe595cc2329fb94652fe47511bfb?s=96&d=mm&r=g","caption":"anja.hall"},"url":"https:\/\/www.immobilienbusiness.ch\/fr\/author\/anja-hall\/"}]}},"_links":{"self":[{"href":"https:\/\/www.immobilienbusiness.ch\/fr\/wp-json\/wp\/v2\/posts\/12879","targetHints":{"allow":["GET"]}}],"collection":[{"href":"https:\/\/www.immobilienbusiness.ch\/fr\/wp-json\/wp\/v2\/posts"}],"about":[{"href":"https:\/\/www.immobilienbusiness.ch\/fr\/wp-json\/wp\/v2\/types\/post"}],"author":[{"embeddable":true,"href":"https:\/\/www.immobilienbusiness.ch\/fr\/wp-json\/wp\/v2\/users\/3"}],"replies":[{"embeddable":true,"href":"https:\/\/www.immobilienbusiness.ch\/fr\/wp-json\/wp\/v2\/comments?post=12879"}],"version-history":[{"count":0,"href":"https:\/\/www.immobilienbusiness.ch\/fr\/wp-json\/wp\/v2\/posts\/12879\/revisions"}],"wp:featuredmedia":[{"embeddable":true,"href":"https:\/\/www.immobilienbusiness.ch\/fr\/wp-json\/wp\/v2\/media\/12758"}],"wp:attachment":[{"href":"https:\/\/www.immobilienbusiness.ch\/fr\/wp-json\/wp\/v2\/media?parent=12879"}],"wp:term":[{"taxonomy":"category","embeddable":true,"href":"https:\/\/www.immobilienbusiness.ch\/fr\/wp-json\/wp\/v2\/categories?post=12879"},{"taxonomy":"post_tag","embeddable":true,"href":"https:\/\/www.immobilienbusiness.ch\/fr\/wp-json\/wp\/v2\/tags?post=12879"}],"curies":[{"name":"wp","href":"https:\/\/api.w.org\/{rel}","templated":true}]}}