{"id":1266,"date":"2021-02-09T08:44:59","date_gmt":"2021-02-09T07:44:59","guid":{"rendered":"https:\/\/develop.immobilienbusiness.ch\/de\/allgemein\/2021-02-09\/basel-grosser-rat-verlangt-anderungen-beim-projekt-nauentor\/"},"modified":"2023-07-06T09:50:46","modified_gmt":"2023-07-06T07:50:46","slug":"basel-grosser-rat-verlangt-anderungen-beim-projekt-nauentor","status":"publish","type":"post","link":"https:\/\/www.immobilienbusiness.ch\/fr\/ib\/2021-02-09\/basel-grosser-rat-verlangt-anderungen-beim-projekt-nauentor\/","title":{"rendered":"B\u00e2le : le Grand Conseil exige des modifications du projet Nauentor"},"content":{"rendered":"<div class=\"swpm-post-not-logged-in-msg\">Vous devez \u00eatre connect\u00e9 pour voir ce contenu. Veuillez consulter <a class=\"swpm-login-link\" href=\"https:\/\/www.immobilienbusiness.ch\/fr\/login\/?swpm_redirect_to=https%3A%2F%2Fwww.immobilienbusiness.ch%2Ffr%2Fwp-json%2Fwp%2Fv2%2Fposts%2F1266\">Connexion<\/a>. Vous n'\u00eates pas membre ? <a href=\"https:\/\/www.immobilienbusiness.ch\/fr\/registrieren\/\">Nous Rejoindre<\/a><\/div>","protected":false},"excerpt":{"rendered":"<p><span><span><span>La Commission de la construction et de l'am\u00e9nagement du territoire (CCAT) du Grand Conseil approuve le principe du grand projet de construction Nauentor \u00e0 la gare CFF de B\u00e2le. Elle demande toutefois quelques modifications, notamment qu'au moins un tiers de la part de logements soit propos\u00e9 \u00e0 des prix avantageux.<\/span><\/span><\/span><\/p>","protected":false},"author":3,"featured_media":0,"comment_status":"closed","ping_status":"closed","sticky":false,"template":"","format":"standard","meta":{"_acf_changed":false,"_yoast_wpseo_focuskw":"Nauentor","_yoast_wpseo_title":"","_yoast_wpseo_metadesc":"Die Bau- und Raumplanungskommission (BRK) des Grossen Rates stimmt der Gross\u00fcberbauung Nauentor am Bahnhof SBB in Basel grunds\u00e4tzlich zu. Allerdings fordert sie einige \u00c4nderungen, u.a. soll mindestens ein Drittel des Wohnanteils preisg\u00fcnstig angeboten werden.","_yoast_wpseo_linkdex":53,"pgc_sgb_lightbox_settings":"","footnotes":""},"categories":[1951],"tags":[1954,1118,1254,1957,1955,1643],"class_list":["post-1266","post","type-post","status-publish","format-standard","hentry","category-ib","tag-bs","tag-buero","tag-gastronomie","tag-in-planung","tag-mehrfamilienhaus-miete","tag-retail"],"acf":[],"yoast_head":"<!-- This site is optimized with the Yoast SEO plugin v27.4 - https:\/\/yoast.com\/product\/yoast-seo-wordpress\/ -->\n<title>Basel: Grosser Rat verlangt \u00c4nderungen beim Projekt Nauentor - IMMOBILIEN Business<\/title>\n<meta name=\"description\" content=\"Die Bau- und Raumplanungskommission (BRK) des Grossen Rates stimmt der Gross\u00fcberbauung Nauentor am Bahnhof SBB in Basel grunds\u00e4tzlich zu. Allerdings fordert sie einige \u00c4nderungen, u.a. soll mindestens ein Drittel des Wohnanteils preisg\u00fcnstig angeboten werden.\" \/>\n<meta name=\"robots\" content=\"index, follow, max-snippet:-1, max-image-preview:large, max-video-preview:-1\" \/>\n<link rel=\"canonical\" href=\"https:\/\/www.immobilienbusiness.ch\/fr\/ib\/2021-02-09\/basel-grosser-rat-verlangt-anderungen-beim-projekt-nauentor\/\" \/>\n<meta property=\"og:locale\" content=\"fr_FR\" \/>\n<meta property=\"og:type\" content=\"article\" \/>\n<meta property=\"og:title\" content=\"Basel: Grosser Rat verlangt \u00c4nderungen beim Projekt Nauentor - IMMOBILIEN Business\" \/>\n<meta property=\"og:description\" content=\"Die Bau- und Raumplanungskommission (BRK) des Grossen Rates stimmt der Gross\u00fcberbauung Nauentor am Bahnhof SBB in Basel grunds\u00e4tzlich zu. Allerdings fordert sie einige \u00c4nderungen, u.a. soll mindestens ein Drittel des Wohnanteils preisg\u00fcnstig angeboten werden.\" \/>\n<meta property=\"og:url\" content=\"https:\/\/www.immobilienbusiness.ch\/fr\/ib\/2021-02-09\/basel-grosser-rat-verlangt-anderungen-beim-projekt-nauentor\/\" \/>\n<meta property=\"og:site_name\" content=\"IMMOBILIEN Business\" \/>\n<meta property=\"article:publisher\" content=\"https:\/\/www.facebook.com\/immobilienbusiness\/\" \/>\n<meta property=\"article:published_time\" content=\"2021-02-09T07:44:59+00:00\" \/>\n<meta property=\"article:modified_time\" content=\"2023-07-06T07:50:46+00:00\" \/>\n<meta name=\"author\" content=\"anja.hall\" \/>\n<meta name=\"twitter:card\" content=\"summary_large_image\" \/>\n<script type=\"application\/ld+json\" class=\"yoast-schema-graph\">{\"@context\":\"https:\\\/\\\/schema.org\",\"@graph\":[{\"@type\":\"Article\",\"@id\":\"https:\\\/\\\/www.immobilienbusiness.ch\\\/fr\\\/ib\\\/2021-02-09\\\/basel-grosser-rat-verlangt-anderungen-beim-projekt-nauentor\\\/#article\",\"isPartOf\":{\"@id\":\"https:\\\/\\\/www.immobilienbusiness.ch\\\/fr\\\/ib\\\/2021-02-09\\\/basel-grosser-rat-verlangt-anderungen-beim-projekt-nauentor\\\/\"},\"author\":{\"name\":\"anja.hall\",\"@id\":\"https:\\\/\\\/www.immobilienbusiness.ch\\\/#\\\/schema\\\/person\\\/3fc036297b10b9f42d6db5ee932af8c8\"},\"headline\":\"Basel: Grosser Rat verlangt \u00c4nderungen beim Projekt Nauentor\",\"datePublished\":\"2021-02-09T07:44:59+00:00\",\"dateModified\":\"2023-07-06T07:50:46+00:00\",\"mainEntityOfPage\":{\"@id\":\"https:\\\/\\\/www.immobilienbusiness.ch\\\/fr\\\/ib\\\/2021-02-09\\\/basel-grosser-rat-verlangt-anderungen-beim-projekt-nauentor\\\/\"},\"wordCount\":294,\"publisher\":{\"@id\":\"https:\\\/\\\/www.immobilienbusiness.ch\\\/#organization\"},\"keywords\":[\"BS\",\"B\u00fcro\",\"Gastronomie\",\"in Planung\",\"Mehrfamilienhaus Miete\",\"Retail\"],\"articleSection\":[\"IB+\"],\"inLanguage\":\"fr-FR\"},{\"@type\":\"WebPage\",\"@id\":\"https:\\\/\\\/www.immobilienbusiness.ch\\\/fr\\\/ib\\\/2021-02-09\\\/basel-grosser-rat-verlangt-anderungen-beim-projekt-nauentor\\\/\",\"url\":\"https:\\\/\\\/www.immobilienbusiness.ch\\\/fr\\\/ib\\\/2021-02-09\\\/basel-grosser-rat-verlangt-anderungen-beim-projekt-nauentor\\\/\",\"name\":\"Basel: Grosser Rat verlangt \u00c4nderungen beim Projekt Nauentor - IMMOBILIEN Business\",\"isPartOf\":{\"@id\":\"https:\\\/\\\/www.immobilienbusiness.ch\\\/#website\"},\"datePublished\":\"2021-02-09T07:44:59+00:00\",\"dateModified\":\"2023-07-06T07:50:46+00:00\",\"description\":\"Die Bau- und Raumplanungskommission (BRK) des Grossen Rates stimmt der Gross\u00fcberbauung Nauentor am Bahnhof SBB in Basel grunds\u00e4tzlich zu. Allerdings fordert sie einige \u00c4nderungen, u.a. soll mindestens ein Drittel des Wohnanteils preisg\u00fcnstig angeboten werden.\",\"breadcrumb\":{\"@id\":\"https:\\\/\\\/www.immobilienbusiness.ch\\\/fr\\\/ib\\\/2021-02-09\\\/basel-grosser-rat-verlangt-anderungen-beim-projekt-nauentor\\\/#breadcrumb\"},\"inLanguage\":\"fr-FR\",\"potentialAction\":[{\"@type\":\"ReadAction\",\"target\":[\"https:\\\/\\\/www.immobilienbusiness.ch\\\/fr\\\/ib\\\/2021-02-09\\\/basel-grosser-rat-verlangt-anderungen-beim-projekt-nauentor\\\/\"]}]},{\"@type\":\"BreadcrumbList\",\"@id\":\"https:\\\/\\\/www.immobilienbusiness.ch\\\/fr\\\/ib\\\/2021-02-09\\\/basel-grosser-rat-verlangt-anderungen-beim-projekt-nauentor\\\/#breadcrumb\",\"itemListElement\":[{\"@type\":\"ListItem\",\"position\":1,\"name\":\"Home\",\"item\":\"https:\\\/\\\/www.immobilienbusiness.ch\\\/\"},{\"@type\":\"ListItem\",\"position\":2,\"name\":\"Basel: Grosser Rat verlangt \u00c4nderungen beim Projekt Nauentor\"}]},{\"@type\":\"WebSite\",\"@id\":\"https:\\\/\\\/www.immobilienbusiness.ch\\\/#website\",\"url\":\"https:\\\/\\\/www.immobilienbusiness.ch\\\/\",\"name\":\"IMMOBILIEN Business\",\"description\":\"Unabh\u00e4ngiges Schweizer Wirtschaftsmagazin mit Fokus auf Immobilien, Architektur- und Bau sowie Investment- und Finanzierung.\",\"publisher\":{\"@id\":\"https:\\\/\\\/www.immobilienbusiness.ch\\\/#organization\"},\"potentialAction\":[{\"@type\":\"SearchAction\",\"target\":{\"@type\":\"EntryPoint\",\"urlTemplate\":\"https:\\\/\\\/www.immobilienbusiness.ch\\\/?s={search_term_string}\"},\"query-input\":{\"@type\":\"PropertyValueSpecification\",\"valueRequired\":true,\"valueName\":\"search_term_string\"}}],\"inLanguage\":\"fr-FR\"},{\"@type\":\"Organization\",\"@id\":\"https:\\\/\\\/www.immobilienbusiness.ch\\\/#organization\",\"name\":\"IMMOBILIEN Business\",\"url\":\"https:\\\/\\\/www.immobilienbusiness.ch\\\/\",\"logo\":{\"@type\":\"ImageObject\",\"inLanguage\":\"fr-FR\",\"@id\":\"https:\\\/\\\/www.immobilienbusiness.ch\\\/#\\\/schema\\\/logo\\\/image\\\/\",\"url\":\"https:\\\/\\\/www.immobilienbusiness.ch\\\/wp-content\\\/uploads\\\/2021\\\/07\\\/logo_ib.png\",\"contentUrl\":\"https:\\\/\\\/www.immobilienbusiness.ch\\\/wp-content\\\/uploads\\\/2021\\\/07\\\/logo_ib.png\",\"width\":800,\"height\":181,\"caption\":\"IMMOBILIEN Business\"},\"image\":{\"@id\":\"https:\\\/\\\/www.immobilienbusiness.ch\\\/#\\\/schema\\\/logo\\\/image\\\/\"},\"sameAs\":[\"https:\\\/\\\/www.facebook.com\\\/immobilienbusiness\\\/\"]},{\"@type\":\"Person\",\"@id\":\"https:\\\/\\\/www.immobilienbusiness.ch\\\/#\\\/schema\\\/person\\\/3fc036297b10b9f42d6db5ee932af8c8\",\"name\":\"anja.hall\",\"image\":{\"@type\":\"ImageObject\",\"inLanguage\":\"fr-FR\",\"@id\":\"https:\\\/\\\/secure.gravatar.com\\\/avatar\\\/066b5a0d447013502c71a5782f4f3469f03cfe595cc2329fb94652fe47511bfb?s=96&d=mm&r=g\",\"url\":\"https:\\\/\\\/secure.gravatar.com\\\/avatar\\\/066b5a0d447013502c71a5782f4f3469f03cfe595cc2329fb94652fe47511bfb?s=96&d=mm&r=g\",\"contentUrl\":\"https:\\\/\\\/secure.gravatar.com\\\/avatar\\\/066b5a0d447013502c71a5782f4f3469f03cfe595cc2329fb94652fe47511bfb?s=96&d=mm&r=g\",\"caption\":\"anja.hall\"},\"url\":\"https:\\\/\\\/www.immobilienbusiness.ch\\\/fr\\\/author\\\/anja-hall\\\/\"}]}<\/script>\n<!-- \/ Yoast SEO plugin. -->","yoast_head_json":{"title":"Basel: Grosser Rat verlangt \u00c4nderungen beim Projekt Nauentor - IMMOBILIEN Business","description":"La Commission de la construction et de l'am\u00e9nagement du territoire (CCAT) du Grand Conseil approuve le principe du grand projet de construction Nauentor \u00e0 la gare CFF de B\u00e2le. Elle demande toutefois quelques modifications, notamment qu'au moins un tiers de la part de logements soit propos\u00e9 \u00e0 des prix avantageux.","robots":{"index":"index","follow":"follow","max-snippet":"max-snippet:-1","max-image-preview":"max-image-preview:large","max-video-preview":"max-video-preview:-1"},"canonical":"https:\/\/www.immobilienbusiness.ch\/fr\/ib\/2021-02-09\/basel-grosser-rat-verlangt-anderungen-beim-projekt-nauentor\/","og_locale":"fr_FR","og_type":"article","og_title":"Basel: Grosser Rat verlangt \u00c4nderungen beim Projekt Nauentor - IMMOBILIEN Business","og_description":"Die Bau- und Raumplanungskommission (BRK) des Grossen Rates stimmt der Gross\u00fcberbauung Nauentor am Bahnhof SBB in Basel grunds\u00e4tzlich zu. Allerdings fordert sie einige \u00c4nderungen, u.a. soll mindestens ein Drittel des Wohnanteils preisg\u00fcnstig angeboten werden.","og_url":"https:\/\/www.immobilienbusiness.ch\/fr\/ib\/2021-02-09\/basel-grosser-rat-verlangt-anderungen-beim-projekt-nauentor\/","og_site_name":"IMMOBILIEN Business","article_publisher":"https:\/\/www.facebook.com\/immobilienbusiness\/","article_published_time":"2021-02-09T07:44:59+00:00","article_modified_time":"2023-07-06T07:50:46+00:00","author":"anja.hall","twitter_card":"summary_large_image","schema":{"@context":"https:\/\/schema.org","@graph":[{"@type":"Article","@id":"https:\/\/www.immobilienbusiness.ch\/fr\/ib\/2021-02-09\/basel-grosser-rat-verlangt-anderungen-beim-projekt-nauentor\/#article","isPartOf":{"@id":"https:\/\/www.immobilienbusiness.ch\/fr\/ib\/2021-02-09\/basel-grosser-rat-verlangt-anderungen-beim-projekt-nauentor\/"},"author":{"name":"anja.hall","@id":"https:\/\/www.immobilienbusiness.ch\/#\/schema\/person\/3fc036297b10b9f42d6db5ee932af8c8"},"headline":"Basel: Grosser Rat verlangt \u00c4nderungen beim Projekt Nauentor","datePublished":"2021-02-09T07:44:59+00:00","dateModified":"2023-07-06T07:50:46+00:00","mainEntityOfPage":{"@id":"https:\/\/www.immobilienbusiness.ch\/fr\/ib\/2021-02-09\/basel-grosser-rat-verlangt-anderungen-beim-projekt-nauentor\/"},"wordCount":294,"publisher":{"@id":"https:\/\/www.immobilienbusiness.ch\/#organization"},"keywords":["BS","B\u00fcro","Gastronomie","in Planung","Mehrfamilienhaus Miete","Retail"],"articleSection":["IB+"],"inLanguage":"fr-FR"},{"@type":"WebPage","@id":"https:\/\/www.immobilienbusiness.ch\/fr\/ib\/2021-02-09\/basel-grosser-rat-verlangt-anderungen-beim-projekt-nauentor\/","url":"https:\/\/www.immobilienbusiness.ch\/fr\/ib\/2021-02-09\/basel-grosser-rat-verlangt-anderungen-beim-projekt-nauentor\/","name":"Basel: Grosser Rat verlangt \u00c4nderungen beim Projekt Nauentor - IMMOBILIEN Business","isPartOf":{"@id":"https:\/\/www.immobilienbusiness.ch\/#website"},"datePublished":"2021-02-09T07:44:59+00:00","dateModified":"2023-07-06T07:50:46+00:00","description":"La Commission de la construction et de l'am\u00e9nagement du territoire (CCAT) du Grand Conseil approuve le principe du grand projet de construction Nauentor \u00e0 la gare CFF de B\u00e2le. Elle demande toutefois quelques modifications, notamment qu'au moins un tiers de la part de logements soit propos\u00e9 \u00e0 des prix avantageux.","breadcrumb":{"@id":"https:\/\/www.immobilienbusiness.ch\/fr\/ib\/2021-02-09\/basel-grosser-rat-verlangt-anderungen-beim-projekt-nauentor\/#breadcrumb"},"inLanguage":"fr-FR","potentialAction":[{"@type":"ReadAction","target":["https:\/\/www.immobilienbusiness.ch\/fr\/ib\/2021-02-09\/basel-grosser-rat-verlangt-anderungen-beim-projekt-nauentor\/"]}]},{"@type":"BreadcrumbList","@id":"https:\/\/www.immobilienbusiness.ch\/fr\/ib\/2021-02-09\/basel-grosser-rat-verlangt-anderungen-beim-projekt-nauentor\/#breadcrumb","itemListElement":[{"@type":"ListItem","position":1,"name":"Home","item":"https:\/\/www.immobilienbusiness.ch\/"},{"@type":"ListItem","position":2,"name":"Basel: Grosser Rat verlangt \u00c4nderungen beim Projekt Nauentor"}]},{"@type":"WebSite","@id":"https:\/\/www.immobilienbusiness.ch\/#website","url":"https:\/\/www.immobilienbusiness.ch\/","name":"IMMOBILIER Business","description":"Magazine \u00e9conomique suisse ind\u00e9pendant ax\u00e9 sur l'immobilier, l'architecture et la construction ainsi que sur les investissements et le financement.","publisher":{"@id":"https:\/\/www.immobilienbusiness.ch\/#organization"},"potentialAction":[{"@type":"SearchAction","target":{"@type":"EntryPoint","urlTemplate":"https:\/\/www.immobilienbusiness.ch\/?s={search_term_string}"},"query-input":{"@type":"PropertyValueSpecification","valueRequired":true,"valueName":"search_term_string"}}],"inLanguage":"fr-FR"},{"@type":"Organization","@id":"https:\/\/www.immobilienbusiness.ch\/#organization","name":"IMMOBILIER Business","url":"https:\/\/www.immobilienbusiness.ch\/","logo":{"@type":"ImageObject","inLanguage":"fr-FR","@id":"https:\/\/www.immobilienbusiness.ch\/#\/schema\/logo\/image\/","url":"https:\/\/www.immobilienbusiness.ch\/wp-content\/uploads\/2021\/07\/logo_ib.png","contentUrl":"https:\/\/www.immobilienbusiness.ch\/wp-content\/uploads\/2021\/07\/logo_ib.png","width":800,"height":181,"caption":"IMMOBILIEN Business"},"image":{"@id":"https:\/\/www.immobilienbusiness.ch\/#\/schema\/logo\/image\/"},"sameAs":["https:\/\/www.facebook.com\/immobilienbusiness\/"]},{"@type":"Person","@id":"https:\/\/www.immobilienbusiness.ch\/#\/schema\/person\/3fc036297b10b9f42d6db5ee932af8c8","name":"anja.hall","image":{"@type":"ImageObject","inLanguage":"fr-FR","@id":"https:\/\/secure.gravatar.com\/avatar\/066b5a0d447013502c71a5782f4f3469f03cfe595cc2329fb94652fe47511bfb?s=96&d=mm&r=g","url":"https:\/\/secure.gravatar.com\/avatar\/066b5a0d447013502c71a5782f4f3469f03cfe595cc2329fb94652fe47511bfb?s=96&d=mm&r=g","contentUrl":"https:\/\/secure.gravatar.com\/avatar\/066b5a0d447013502c71a5782f4f3469f03cfe595cc2329fb94652fe47511bfb?s=96&d=mm&r=g","caption":"anja.hall"},"url":"https:\/\/www.immobilienbusiness.ch\/fr\/author\/anja-hall\/"}]}},"_links":{"self":[{"href":"https:\/\/www.immobilienbusiness.ch\/fr\/wp-json\/wp\/v2\/posts\/1266","targetHints":{"allow":["GET"]}}],"collection":[{"href":"https:\/\/www.immobilienbusiness.ch\/fr\/wp-json\/wp\/v2\/posts"}],"about":[{"href":"https:\/\/www.immobilienbusiness.ch\/fr\/wp-json\/wp\/v2\/types\/post"}],"author":[{"embeddable":true,"href":"https:\/\/www.immobilienbusiness.ch\/fr\/wp-json\/wp\/v2\/users\/3"}],"replies":[{"embeddable":true,"href":"https:\/\/www.immobilienbusiness.ch\/fr\/wp-json\/wp\/v2\/comments?post=1266"}],"version-history":[{"count":1,"href":"https:\/\/www.immobilienbusiness.ch\/fr\/wp-json\/wp\/v2\/posts\/1266\/revisions"}],"predecessor-version":[{"id":49809,"href":"https:\/\/www.immobilienbusiness.ch\/fr\/wp-json\/wp\/v2\/posts\/1266\/revisions\/49809"}],"wp:attachment":[{"href":"https:\/\/www.immobilienbusiness.ch\/fr\/wp-json\/wp\/v2\/media?parent=1266"}],"wp:term":[{"taxonomy":"category","embeddable":true,"href":"https:\/\/www.immobilienbusiness.ch\/fr\/wp-json\/wp\/v2\/categories?post=1266"},{"taxonomy":"post_tag","embeddable":true,"href":"https:\/\/www.immobilienbusiness.ch\/fr\/wp-json\/wp\/v2\/tags?post=1266"}],"curies":[{"name":"wp","href":"https:\/\/api.w.org\/{rel}","templated":true}]}}