{"id":12637,"date":"2018-05-22T14:46:23","date_gmt":"2018-05-22T12:46:23","guid":{"rendered":"https:\/\/www.immobilienbusiness.ch\/?p=12637"},"modified":"2023-10-11T11:02:21","modified_gmt":"2023-10-11T09:02:21","slug":"72-schweizer-immobiliengespraech-die-referenten-sind-bekannt-2","status":"publish","type":"post","link":"https:\/\/www.immobilienbusiness.ch\/fr\/allgemein\/2018-05-22\/72-schweizer-immobiliengespraech-die-referenten-sind-bekannt-2\/","title":{"rendered":"72e Rencontre suisse de l'immobilier - Les intervenants sont connus"},"content":{"rendered":"<figure id=\"attachment_12555\" aria-describedby=\"caption-attachment-12555\" style=\"width: 598px\" class=\"wp-caption alignnone\"><img loading=\"lazy\" decoding=\"async\" class=\"wp-image-12555 size-full\" src=\"https:\/\/www.immobilienbusiness.ch\/wp-content\/uploads\/2018\/05\/Die-Referenten-des-72.-Schweizer-Immobiliengespraechs-1-e1526654437909.jpg\" alt=\"Late-Cycle Investments\" width=\"598\" height=\"175\" srcset=\"https:\/\/www.immobilienbusiness.ch\/wp-content\/uploads\/2018\/05\/Die-Referenten-des-72.-Schweizer-Immobiliengespraechs-1-e1526654437909.jpg 598w, https:\/\/www.immobilienbusiness.ch\/wp-content\/uploads\/2018\/05\/Die-Referenten-des-72.-Schweizer-Immobiliengespraechs-1-e1526654437909-300x88.jpg 300w, https:\/\/www.immobilienbusiness.ch\/wp-content\/uploads\/2018\/05\/Die-Referenten-des-72.-Schweizer-Immobiliengespraechs-1-e1526654437909-16x5.jpg 16w, https:\/\/www.immobilienbusiness.ch\/wp-content\/uploads\/2018\/05\/Die-Referenten-des-72.-Schweizer-Immobiliengespraechs-1-e1526654437909-375x110.jpg 375w\" sizes=\"auto, (max-width: 598px) 100vw, 598px\" \/><figcaption id=\"caption-attachment-12555\" class=\"wp-caption-text\">Joachim Sch\u00fctz, Swiss Finance &amp; Property, Lahcen Knapp, Empira AG et Martin Eberhardt, CORPUS SIREO Real Estate interviennent lors des 72e Entretiens suisses de l'immobilier<\/figcaption><\/figure>\n<div>\n<p>Le 19 juin 2018, la 72e \u00e9dition des Entretiens suisses de l'immobilier aura lieu au restaurant Metropol \u00e0 Zurich. Cette fois-ci sur le th\u00e8me actuel 'Late-Cycle Investments in Germany ?<\/p>\n<p>L'int\u00e9r\u00eat pour l'immobilier allemand a \u00e9t\u00e9 tr\u00e8s \u00e9lev\u00e9 ces derni\u00e8res ann\u00e9es. De nombreux investisseurs s'accordent cependant \u00e0 dire que nous sommes maintenant en fin de cycle et que les prix ont fortement augment\u00e9. Quel est le bon positionnement dans le march\u00e9 immobilier allemand actuel, o\u00f9 les prix sont \u00e9lev\u00e9s ?<\/p>\n<p>Nous avons le plaisir d'accueillir sur la sc\u00e8ne du Metropol les conf\u00e9renciers de haut niveau Joachim Sch\u00fctz, Swiss Finance &amp; Property, Lahcen Knapp, Empira AG et Martin Eberhardt, CORPUS SIREO Real Estate.<\/p>\n<p>Les experts r\u00e9pondent entre autres aux questions suivantes :<br \/>\n- Quelles sont les attentes de rendement r\u00e9alistes en Allemagne dans le contexte actuel ?<br \/>\n- Comment les investisseurs doivent-ils se comporter dans le Late Cycle en Allemagne ?<br \/>\n- O\u00f9 se trouvent les opportunit\u00e9s dans le contexte actuel du march\u00e9 ?<\/p>\n<p>L'\u00e9v\u00e9nement sera anim\u00e9 par le professeur Dr John Davidson.<\/p>\n<p>R\u00e9servez d\u00e8s aujourd'hui votre place \u00e0 cet \u00e9v\u00e9nement de haut niveau et profitez de l'occasion pour r\u00e9seauter avec les intervenants et les invit\u00e9s lors de l'ap\u00e9ritif.<\/p>\n<\/div>\n<div><\/div>\n<div><\/div>\n<div><strong><a href=\"https:\/\/www.xing.com\/events\/72-schweizer-immobiliengesprach-late-cycle-investments-deutschland-1941073\" target=\"_blank\" rel=\"noopener\">R\u00e9servez votre billet d\u00e8s maintenant !<\/a><\/strong><\/div>\n<div><strong>\u00a0<\/strong><\/div>\n<div><\/div>","protected":false},"excerpt":{"rendered":"<p>Am 19. Juni findet das 72. Schweizer Immobiliengespr\u00e4ch im Restaurant Metropol in Z\u00fcrich zum Thema &#8218;Late-Cycle Investments in Deutschland?&#8216; statt. <\/p>","protected":false},"author":102,"featured_media":12636,"comment_status":"closed","ping_status":"closed","sticky":false,"template":"","format":"standard","meta":{"_acf_changed":false,"_yoast_wpseo_focuskw":"Late-Cycle Investments","_yoast_wpseo_title":"72. Schweizer Immobiliengespr\u00e4ch - IMMOBILIEN Business","_yoast_wpseo_metadesc":"Am 19. Juni findet das 72. Schweizer Immobiliengespr\u00e4ch im Restaurant Metropol in Z\u00fcrich zum Thema 'Late-Cycle Investments in Deutschland?' statt.","_yoast_wpseo_linkdex":50,"pgc_sgb_lightbox_settings":"","footnotes":""},"categories":[1],"tags":[1657],"class_list":["post-12637","post","type-post","status-publish","format-standard","has-post-thumbnail","hentry","category-allgemein","tag-rueckblick_immobiliengespraeche"],"acf":[],"yoast_head":"<!-- This site is optimized with the Yoast SEO plugin v27.5 - https:\/\/yoast.com\/product\/yoast-seo-wordpress\/ -->\n<title>72. Schweizer Immobiliengespr\u00e4ch - IMMOBILIEN Business<\/title>\n<meta name=\"description\" content=\"Am 19. Juni findet das 72. Schweizer Immobiliengespr\u00e4ch im Restaurant Metropol in Z\u00fcrich zum Thema &#039;Late-Cycle Investments in Deutschland?&#039; statt.\" \/>\n<meta name=\"robots\" content=\"index, follow, max-snippet:-1, max-image-preview:large, max-video-preview:-1\" \/>\n<link rel=\"canonical\" href=\"https:\/\/www.immobilienbusiness.ch\/fr\/allgemein\/2018-05-22\/72-schweizer-immobiliengespraech-die-referenten-sind-bekannt-2\/\" \/>\n<meta property=\"og:locale\" content=\"fr_FR\" \/>\n<meta property=\"og:type\" content=\"article\" \/>\n<meta property=\"og:title\" content=\"72. Schweizer Immobiliengespr\u00e4ch - IMMOBILIEN Business\" \/>\n<meta property=\"og:description\" content=\"Am 19. Juni findet das 72. Schweizer Immobiliengespr\u00e4ch im Restaurant Metropol in Z\u00fcrich zum Thema &#039;Late-Cycle Investments in Deutschland?&#039; statt.\" \/>\n<meta property=\"og:url\" content=\"https:\/\/www.immobilienbusiness.ch\/fr\/allgemein\/2018-05-22\/72-schweizer-immobiliengespraech-die-referenten-sind-bekannt-2\/\" \/>\n<meta property=\"og:site_name\" content=\"IMMOBILIEN Business\" \/>\n<meta property=\"article:publisher\" content=\"https:\/\/www.facebook.com\/immobilienbusiness\/\" \/>\n<meta property=\"article:published_time\" content=\"2018-05-22T12:46:23+00:00\" \/>\n<meta property=\"article:modified_time\" content=\"2023-10-11T09:02:21+00:00\" \/>\n<meta property=\"og:image\" content=\"https:\/\/www.immobilienbusiness.ch\/wp-content\/uploads\/2018\/05\/kampagne2-1024x680.jpg\" \/>\n\t<meta property=\"og:image:width\" content=\"1024\" \/>\n\t<meta property=\"og:image:height\" content=\"680\" \/>\n\t<meta property=\"og:image:type\" content=\"image\/jpeg\" \/>\n<meta name=\"author\" content=\"Alexander Wachter\" \/>\n<meta name=\"twitter:card\" content=\"summary_large_image\" \/>\n<script type=\"application\/ld+json\" class=\"yoast-schema-graph\">{\"@context\":\"https:\\\/\\\/schema.org\",\"@graph\":[{\"@type\":\"Article\",\"@id\":\"https:\\\/\\\/www.immobilienbusiness.ch\\\/en\\\/allgemein\\\/2018-05-22\\\/72-schweizer-immobiliengespraech-die-referenten-sind-bekannt-2\\\/#article\",\"isPartOf\":{\"@id\":\"https:\\\/\\\/www.immobilienbusiness.ch\\\/en\\\/allgemein\\\/2018-05-22\\\/72-schweizer-immobiliengespraech-die-referenten-sind-bekannt-2\\\/\"},\"author\":{\"name\":\"Alexander Wachter\",\"@id\":\"https:\\\/\\\/www.immobilienbusiness.ch\\\/#\\\/schema\\\/person\\\/aba8bea2db926aa0c24c08c43fe1fcd5\"},\"headline\":\"72. Schweizer Immobiliengespr\u00e4ch &#8211; Die Referenten sind bekannt\",\"datePublished\":\"2018-05-22T12:46:23+00:00\",\"dateModified\":\"2023-10-11T09:02:21+00:00\",\"mainEntityOfPage\":{\"@id\":\"https:\\\/\\\/www.immobilienbusiness.ch\\\/en\\\/allgemein\\\/2018-05-22\\\/72-schweizer-immobiliengespraech-die-referenten-sind-bekannt-2\\\/\"},\"wordCount\":222,\"publisher\":{\"@id\":\"https:\\\/\\\/www.immobilienbusiness.ch\\\/#organization\"},\"image\":{\"@id\":\"https:\\\/\\\/www.immobilienbusiness.ch\\\/en\\\/allgemein\\\/2018-05-22\\\/72-schweizer-immobiliengespraech-die-referenten-sind-bekannt-2\\\/#primaryimage\"},\"thumbnailUrl\":\"https:\\\/\\\/www.immobilienbusiness.ch\\\/wp-content\\\/uploads\\\/2018\\\/05\\\/kampagne2.jpg\",\"keywords\":[\"R\u00fcckblick Immobiliengespr\u00e4che\"],\"articleSection\":[\"Allgemein\"],\"inLanguage\":\"fr-FR\"},{\"@type\":\"WebPage\",\"@id\":\"https:\\\/\\\/www.immobilienbusiness.ch\\\/en\\\/allgemein\\\/2018-05-22\\\/72-schweizer-immobiliengespraech-die-referenten-sind-bekannt-2\\\/\",\"url\":\"https:\\\/\\\/www.immobilienbusiness.ch\\\/en\\\/allgemein\\\/2018-05-22\\\/72-schweizer-immobiliengespraech-die-referenten-sind-bekannt-2\\\/\",\"name\":\"72. Schweizer Immobiliengespr\u00e4ch - IMMOBILIEN Business\",\"isPartOf\":{\"@id\":\"https:\\\/\\\/www.immobilienbusiness.ch\\\/#website\"},\"primaryImageOfPage\":{\"@id\":\"https:\\\/\\\/www.immobilienbusiness.ch\\\/en\\\/allgemein\\\/2018-05-22\\\/72-schweizer-immobiliengespraech-die-referenten-sind-bekannt-2\\\/#primaryimage\"},\"image\":{\"@id\":\"https:\\\/\\\/www.immobilienbusiness.ch\\\/en\\\/allgemein\\\/2018-05-22\\\/72-schweizer-immobiliengespraech-die-referenten-sind-bekannt-2\\\/#primaryimage\"},\"thumbnailUrl\":\"https:\\\/\\\/www.immobilienbusiness.ch\\\/wp-content\\\/uploads\\\/2018\\\/05\\\/kampagne2.jpg\",\"datePublished\":\"2018-05-22T12:46:23+00:00\",\"dateModified\":\"2023-10-11T09:02:21+00:00\",\"description\":\"Am 19. Juni findet das 72. Schweizer Immobiliengespr\u00e4ch im Restaurant Metropol in Z\u00fcrich zum Thema 'Late-Cycle Investments in Deutschland?' statt.\",\"breadcrumb\":{\"@id\":\"https:\\\/\\\/www.immobilienbusiness.ch\\\/en\\\/allgemein\\\/2018-05-22\\\/72-schweizer-immobiliengespraech-die-referenten-sind-bekannt-2\\\/#breadcrumb\"},\"inLanguage\":\"fr-FR\",\"potentialAction\":[{\"@type\":\"ReadAction\",\"target\":[\"https:\\\/\\\/www.immobilienbusiness.ch\\\/en\\\/allgemein\\\/2018-05-22\\\/72-schweizer-immobiliengespraech-die-referenten-sind-bekannt-2\\\/\"]}]},{\"@type\":\"ImageObject\",\"inLanguage\":\"fr-FR\",\"@id\":\"https:\\\/\\\/www.immobilienbusiness.ch\\\/en\\\/allgemein\\\/2018-05-22\\\/72-schweizer-immobiliengespraech-die-referenten-sind-bekannt-2\\\/#primaryimage\",\"url\":\"https:\\\/\\\/www.immobilienbusiness.ch\\\/wp-content\\\/uploads\\\/2018\\\/05\\\/kampagne2.jpg\",\"contentUrl\":\"https:\\\/\\\/www.immobilienbusiness.ch\\\/wp-content\\\/uploads\\\/2018\\\/05\\\/kampagne2.jpg\",\"width\":2560,\"height\":1700,\"caption\":\"Close up of Germany on map\"},{\"@type\":\"BreadcrumbList\",\"@id\":\"https:\\\/\\\/www.immobilienbusiness.ch\\\/en\\\/allgemein\\\/2018-05-22\\\/72-schweizer-immobiliengespraech-die-referenten-sind-bekannt-2\\\/#breadcrumb\",\"itemListElement\":[{\"@type\":\"ListItem\",\"position\":1,\"name\":\"Home\",\"item\":\"https:\\\/\\\/www.immobilienbusiness.ch\\\/\"},{\"@type\":\"ListItem\",\"position\":2,\"name\":\"72. Schweizer Immobiliengespr\u00e4ch &#8211; Die Referenten sind bekannt\"}]},{\"@type\":\"WebSite\",\"@id\":\"https:\\\/\\\/www.immobilienbusiness.ch\\\/#website\",\"url\":\"https:\\\/\\\/www.immobilienbusiness.ch\\\/\",\"name\":\"IMMOBILIEN Business\",\"description\":\"Unabh\u00e4ngiges Schweizer Wirtschaftsmagazin mit Fokus auf Immobilien, Architektur- und Bau sowie Investment- und Finanzierung.\",\"publisher\":{\"@id\":\"https:\\\/\\\/www.immobilienbusiness.ch\\\/#organization\"},\"potentialAction\":[{\"@type\":\"SearchAction\",\"target\":{\"@type\":\"EntryPoint\",\"urlTemplate\":\"https:\\\/\\\/www.immobilienbusiness.ch\\\/?s={search_term_string}\"},\"query-input\":{\"@type\":\"PropertyValueSpecification\",\"valueRequired\":true,\"valueName\":\"search_term_string\"}}],\"inLanguage\":\"fr-FR\"},{\"@type\":\"Organization\",\"@id\":\"https:\\\/\\\/www.immobilienbusiness.ch\\\/#organization\",\"name\":\"IMMOBILIEN Business\",\"url\":\"https:\\\/\\\/www.immobilienbusiness.ch\\\/\",\"logo\":{\"@type\":\"ImageObject\",\"inLanguage\":\"fr-FR\",\"@id\":\"https:\\\/\\\/www.immobilienbusiness.ch\\\/#\\\/schema\\\/logo\\\/image\\\/\",\"url\":\"https:\\\/\\\/www.immobilienbusiness.ch\\\/wp-content\\\/uploads\\\/2021\\\/07\\\/logo_ib.png\",\"contentUrl\":\"https:\\\/\\\/www.immobilienbusiness.ch\\\/wp-content\\\/uploads\\\/2021\\\/07\\\/logo_ib.png\",\"width\":800,\"height\":181,\"caption\":\"IMMOBILIEN Business\"},\"image\":{\"@id\":\"https:\\\/\\\/www.immobilienbusiness.ch\\\/#\\\/schema\\\/logo\\\/image\\\/\"},\"sameAs\":[\"https:\\\/\\\/www.facebook.com\\\/immobilienbusiness\\\/\"]},{\"@type\":\"Person\",\"@id\":\"https:\\\/\\\/www.immobilienbusiness.ch\\\/#\\\/schema\\\/person\\\/aba8bea2db926aa0c24c08c43fe1fcd5\",\"name\":\"Alexander Wachter\",\"image\":{\"@type\":\"ImageObject\",\"inLanguage\":\"fr-FR\",\"@id\":\"https:\\\/\\\/secure.gravatar.com\\\/avatar\\\/1a09e471f5389b0e0a6416eac287e0927c7c97a7b77f9e787eba3af7aee281dd?s=96&d=mm&r=g\",\"url\":\"https:\\\/\\\/secure.gravatar.com\\\/avatar\\\/1a09e471f5389b0e0a6416eac287e0927c7c97a7b77f9e787eba3af7aee281dd?s=96&d=mm&r=g\",\"contentUrl\":\"https:\\\/\\\/secure.gravatar.com\\\/avatar\\\/1a09e471f5389b0e0a6416eac287e0927c7c97a7b77f9e787eba3af7aee281dd?s=96&d=mm&r=g\",\"caption\":\"Alexander Wachter\"},\"url\":\"https:\\\/\\\/www.immobilienbusiness.ch\\\/fr\\\/author\\\/alexander-wachter\\\/\"}]}<\/script>\n<!-- \/ Yoast SEO plugin. -->","yoast_head_json":{"title":"72. Schweizer Immobiliengespr\u00e4ch - IMMOBILIEN Business","description":"Le 19 juin, le restaurant Metropol \u00e0 Zurich accueillera la 72e \u00e9dition du Schweizer Immobiliengespr\u00e4ch sur le th\u00e8me 'Late-Cycle Investments in Deutschland ?","robots":{"index":"index","follow":"follow","max-snippet":"max-snippet:-1","max-image-preview":"max-image-preview:large","max-video-preview":"max-video-preview:-1"},"canonical":"https:\/\/www.immobilienbusiness.ch\/fr\/allgemein\/2018-05-22\/72-schweizer-immobiliengespraech-die-referenten-sind-bekannt-2\/","og_locale":"fr_FR","og_type":"article","og_title":"72. Schweizer Immobiliengespr\u00e4ch - IMMOBILIEN Business","og_description":"Am 19. Juni findet das 72. Schweizer Immobiliengespr\u00e4ch im Restaurant Metropol in Z\u00fcrich zum Thema 'Late-Cycle Investments in Deutschland?' statt.","og_url":"https:\/\/www.immobilienbusiness.ch\/fr\/allgemein\/2018-05-22\/72-schweizer-immobiliengespraech-die-referenten-sind-bekannt-2\/","og_site_name":"IMMOBILIEN Business","article_publisher":"https:\/\/www.facebook.com\/immobilienbusiness\/","article_published_time":"2018-05-22T12:46:23+00:00","article_modified_time":"2023-10-11T09:02:21+00:00","og_image":[{"width":1024,"height":680,"url":"https:\/\/www.immobilienbusiness.ch\/wp-content\/uploads\/2018\/05\/kampagne2-1024x680.jpg","type":"image\/jpeg"}],"author":"Alexander Wachter","twitter_card":"summary_large_image","schema":{"@context":"https:\/\/schema.org","@graph":[{"@type":"Article","@id":"https:\/\/www.immobilienbusiness.ch\/en\/allgemein\/2018-05-22\/72-schweizer-immobiliengespraech-die-referenten-sind-bekannt-2\/#article","isPartOf":{"@id":"https:\/\/www.immobilienbusiness.ch\/en\/allgemein\/2018-05-22\/72-schweizer-immobiliengespraech-die-referenten-sind-bekannt-2\/"},"author":{"name":"Alexander Wachter","@id":"https:\/\/www.immobilienbusiness.ch\/#\/schema\/person\/aba8bea2db926aa0c24c08c43fe1fcd5"},"headline":"72. Schweizer Immobiliengespr\u00e4ch &#8211; Die Referenten sind bekannt","datePublished":"2018-05-22T12:46:23+00:00","dateModified":"2023-10-11T09:02:21+00:00","mainEntityOfPage":{"@id":"https:\/\/www.immobilienbusiness.ch\/en\/allgemein\/2018-05-22\/72-schweizer-immobiliengespraech-die-referenten-sind-bekannt-2\/"},"wordCount":222,"publisher":{"@id":"https:\/\/www.immobilienbusiness.ch\/#organization"},"image":{"@id":"https:\/\/www.immobilienbusiness.ch\/en\/allgemein\/2018-05-22\/72-schweizer-immobiliengespraech-die-referenten-sind-bekannt-2\/#primaryimage"},"thumbnailUrl":"https:\/\/www.immobilienbusiness.ch\/wp-content\/uploads\/2018\/05\/kampagne2.jpg","keywords":["R\u00fcckblick Immobiliengespr\u00e4che"],"articleSection":["Allgemein"],"inLanguage":"fr-FR"},{"@type":"WebPage","@id":"https:\/\/www.immobilienbusiness.ch\/en\/allgemein\/2018-05-22\/72-schweizer-immobiliengespraech-die-referenten-sind-bekannt-2\/","url":"https:\/\/www.immobilienbusiness.ch\/en\/allgemein\/2018-05-22\/72-schweizer-immobiliengespraech-die-referenten-sind-bekannt-2\/","name":"72. Schweizer Immobiliengespr\u00e4ch - IMMOBILIEN Business","isPartOf":{"@id":"https:\/\/www.immobilienbusiness.ch\/#website"},"primaryImageOfPage":{"@id":"https:\/\/www.immobilienbusiness.ch\/en\/allgemein\/2018-05-22\/72-schweizer-immobiliengespraech-die-referenten-sind-bekannt-2\/#primaryimage"},"image":{"@id":"https:\/\/www.immobilienbusiness.ch\/en\/allgemein\/2018-05-22\/72-schweizer-immobiliengespraech-die-referenten-sind-bekannt-2\/#primaryimage"},"thumbnailUrl":"https:\/\/www.immobilienbusiness.ch\/wp-content\/uploads\/2018\/05\/kampagne2.jpg","datePublished":"2018-05-22T12:46:23+00:00","dateModified":"2023-10-11T09:02:21+00:00","description":"Le 19 juin, le restaurant Metropol \u00e0 Zurich accueillera la 72e \u00e9dition du Schweizer Immobiliengespr\u00e4ch sur le th\u00e8me 'Late-Cycle Investments in Deutschland ?","breadcrumb":{"@id":"https:\/\/www.immobilienbusiness.ch\/en\/allgemein\/2018-05-22\/72-schweizer-immobiliengespraech-die-referenten-sind-bekannt-2\/#breadcrumb"},"inLanguage":"fr-FR","potentialAction":[{"@type":"ReadAction","target":["https:\/\/www.immobilienbusiness.ch\/en\/allgemein\/2018-05-22\/72-schweizer-immobiliengespraech-die-referenten-sind-bekannt-2\/"]}]},{"@type":"ImageObject","inLanguage":"fr-FR","@id":"https:\/\/www.immobilienbusiness.ch\/en\/allgemein\/2018-05-22\/72-schweizer-immobiliengespraech-die-referenten-sind-bekannt-2\/#primaryimage","url":"https:\/\/www.immobilienbusiness.ch\/wp-content\/uploads\/2018\/05\/kampagne2.jpg","contentUrl":"https:\/\/www.immobilienbusiness.ch\/wp-content\/uploads\/2018\/05\/kampagne2.jpg","width":2560,"height":1700,"caption":"Close up of Germany on map"},{"@type":"BreadcrumbList","@id":"https:\/\/www.immobilienbusiness.ch\/en\/allgemein\/2018-05-22\/72-schweizer-immobiliengespraech-die-referenten-sind-bekannt-2\/#breadcrumb","itemListElement":[{"@type":"ListItem","position":1,"name":"Home","item":"https:\/\/www.immobilienbusiness.ch\/"},{"@type":"ListItem","position":2,"name":"72. Schweizer Immobiliengespr\u00e4ch &#8211; Die Referenten sind bekannt"}]},{"@type":"WebSite","@id":"https:\/\/www.immobilienbusiness.ch\/#website","url":"https:\/\/www.immobilienbusiness.ch\/","name":"IMMOBILIER Business","description":"Magazine \u00e9conomique suisse ind\u00e9pendant ax\u00e9 sur l'immobilier, l'architecture et la construction ainsi que sur les investissements et le financement.","publisher":{"@id":"https:\/\/www.immobilienbusiness.ch\/#organization"},"potentialAction":[{"@type":"SearchAction","target":{"@type":"EntryPoint","urlTemplate":"https:\/\/www.immobilienbusiness.ch\/?s={search_term_string}"},"query-input":{"@type":"PropertyValueSpecification","valueRequired":true,"valueName":"search_term_string"}}],"inLanguage":"fr-FR"},{"@type":"Organization","@id":"https:\/\/www.immobilienbusiness.ch\/#organization","name":"IMMOBILIER Business","url":"https:\/\/www.immobilienbusiness.ch\/","logo":{"@type":"ImageObject","inLanguage":"fr-FR","@id":"https:\/\/www.immobilienbusiness.ch\/#\/schema\/logo\/image\/","url":"https:\/\/www.immobilienbusiness.ch\/wp-content\/uploads\/2021\/07\/logo_ib.png","contentUrl":"https:\/\/www.immobilienbusiness.ch\/wp-content\/uploads\/2021\/07\/logo_ib.png","width":800,"height":181,"caption":"IMMOBILIEN Business"},"image":{"@id":"https:\/\/www.immobilienbusiness.ch\/#\/schema\/logo\/image\/"},"sameAs":["https:\/\/www.facebook.com\/immobilienbusiness\/"]},{"@type":"Person","@id":"https:\/\/www.immobilienbusiness.ch\/#\/schema\/person\/aba8bea2db926aa0c24c08c43fe1fcd5","name":"Alexander Wachter","image":{"@type":"ImageObject","inLanguage":"fr-FR","@id":"https:\/\/secure.gravatar.com\/avatar\/1a09e471f5389b0e0a6416eac287e0927c7c97a7b77f9e787eba3af7aee281dd?s=96&d=mm&r=g","url":"https:\/\/secure.gravatar.com\/avatar\/1a09e471f5389b0e0a6416eac287e0927c7c97a7b77f9e787eba3af7aee281dd?s=96&d=mm&r=g","contentUrl":"https:\/\/secure.gravatar.com\/avatar\/1a09e471f5389b0e0a6416eac287e0927c7c97a7b77f9e787eba3af7aee281dd?s=96&d=mm&r=g","caption":"Alexander Wachter"},"url":"https:\/\/www.immobilienbusiness.ch\/fr\/author\/alexander-wachter\/"}]}},"_links":{"self":[{"href":"https:\/\/www.immobilienbusiness.ch\/fr\/wp-json\/wp\/v2\/posts\/12637","targetHints":{"allow":["GET"]}}],"collection":[{"href":"https:\/\/www.immobilienbusiness.ch\/fr\/wp-json\/wp\/v2\/posts"}],"about":[{"href":"https:\/\/www.immobilienbusiness.ch\/fr\/wp-json\/wp\/v2\/types\/post"}],"author":[{"embeddable":true,"href":"https:\/\/www.immobilienbusiness.ch\/fr\/wp-json\/wp\/v2\/users\/102"}],"replies":[{"embeddable":true,"href":"https:\/\/www.immobilienbusiness.ch\/fr\/wp-json\/wp\/v2\/comments?post=12637"}],"version-history":[{"count":1,"href":"https:\/\/www.immobilienbusiness.ch\/fr\/wp-json\/wp\/v2\/posts\/12637\/revisions"}],"predecessor-version":[{"id":48125,"href":"https:\/\/www.immobilienbusiness.ch\/fr\/wp-json\/wp\/v2\/posts\/12637\/revisions\/48125"}],"wp:featuredmedia":[{"embeddable":true,"href":"https:\/\/www.immobilienbusiness.ch\/fr\/wp-json\/wp\/v2\/media\/12636"}],"wp:attachment":[{"href":"https:\/\/www.immobilienbusiness.ch\/fr\/wp-json\/wp\/v2\/media?parent=12637"}],"wp:term":[{"taxonomy":"category","embeddable":true,"href":"https:\/\/www.immobilienbusiness.ch\/fr\/wp-json\/wp\/v2\/categories?post=12637"},{"taxonomy":"post_tag","embeddable":true,"href":"https:\/\/www.immobilienbusiness.ch\/fr\/wp-json\/wp\/v2\/tags?post=12637"}],"curies":[{"name":"wp","href":"https:\/\/api.w.org\/{rel}","templated":true}]}}