{"id":12613,"date":"2018-05-22T09:29:11","date_gmt":"2018-05-22T07:29:11","guid":{"rendered":"https:\/\/www.immobilienbusiness.ch\/?p=12613"},"modified":"2018-05-22T09:29:11","modified_gmt":"2018-05-22T07:29:11","slug":"mikro-hotelkette-citizenm-kommt-nach-zuerich","status":"publish","type":"post","link":"https:\/\/www.immobilienbusiness.ch\/fr\/regionen\/2018-05-22\/mikro-hotelkette-citizenm-kommt-nach-zuerich\/","title":{"rendered":"La cha\u00eene de micro-h\u00f4tels citizenM arrive \u00e0 Zurich"},"content":{"rendered":"<figure id=\"attachment_12162\" aria-describedby=\"caption-attachment-12162\" style=\"width: 680px\" class=\"wp-caption alignnone\"><img loading=\"lazy\" decoding=\"async\" class=\"size-medium wp-image-12162\" src=\"https:\/\/www.immobilienbusiness.ch\/wp-content\/uploads\/2018\/04\/Depositphotos_21070927_m-2015.jpg\" alt=\"\" width=\"680\" height=\"510\" srcset=\"https:\/\/www.immobilienbusiness.ch\/wp-content\/uploads\/2018\/04\/Depositphotos_21070927_m-2015.jpg 1000w, https:\/\/www.immobilienbusiness.ch\/wp-content\/uploads\/2018\/04\/Depositphotos_21070927_m-2015-300x225.jpg 300w, https:\/\/www.immobilienbusiness.ch\/wp-content\/uploads\/2018\/04\/Depositphotos_21070927_m-2015-768x576.jpg 768w, https:\/\/www.immobilienbusiness.ch\/wp-content\/uploads\/2018\/04\/Depositphotos_21070927_m-2015-16x12.jpg 16w, https:\/\/www.immobilienbusiness.ch\/wp-content\/uploads\/2018\/04\/Depositphotos_21070927_m-2015-233x175.jpg 233w, https:\/\/www.immobilienbusiness.ch\/wp-content\/uploads\/2018\/04\/Depositphotos_21070927_m-2015-467x350.jpg 467w, https:\/\/www.immobilienbusiness.ch\/wp-content\/uploads\/2018\/04\/Depositphotos_21070927_m-2015-920x690.jpg 920w\" sizes=\"auto, (max-width: 680px) 100vw, 680px\" \/><figcaption id=\"caption-attachment-12162\" class=\"wp-caption-text\">Vue de Zurich (Image : happyalex - depositphotos)<\/figcaption><\/figure>\n<p>CitizenM ouvrira son micro-h\u00f4tel \u00e0 Zurich dans l'immeuble Talacker 42. L'immeuble est la propri\u00e9t\u00e9 du fonds immobilier UBS Sima, qui investit pour moiti\u00e9 dans des b\u00e2timents r\u00e9sidentiels et pour moiti\u00e9 dans des b\u00e2timents commerciaux.<\/p>\n<p>Comme l'indique UBS Asset Management Real Estate, citizenM exploitera un h\u00f4tel de 160 chambres dans le b\u00e2timent. Au rez-de-chauss\u00e9e, une zone d'accueil avec livingroom, lounge et bar ainsi que des salles de conf\u00e9rence et de r\u00e9union seront am\u00e9nag\u00e9es. Les chambres seront r\u00e9parties du premier au cinqui\u00e8me \u00e9tage.<\/p>\n<p>La cha\u00eene d'h\u00f4tels n\u00e9erlandaise CitizenM ouvre ses sites de pr\u00e9f\u00e9rence dans des endroits de premier choix. Alors que les espaces publics des h\u00f4tels sont am\u00e9nag\u00e9s de mani\u00e8re g\u00e9n\u00e9reuse, les chambres elles-m\u00eames sont plut\u00f4t petites et con\u00e7ues pour \u00e9conomiser de l'espace. Le premier \u00e9tablissement de la cha\u00eene a ouvert ses portes en 2008 \u00e0 l'a\u00e9roport de Schiphol \u00e0 Amsterdam, et depuis, d'autres sites ont vu le jour, notamment \u00e0 Londres, New York, Paris et Taipei.<\/p>","protected":false},"excerpt":{"rendered":"<p>La cha\u00eene h\u00f4teli\u00e8re n\u00e9erlandaise citizenM s'\u00e9tend en Suisse. Le premier h\u00f4tel devrait ouvrir ses portes \u00e0 Zurich au cours du deuxi\u00e8me semestre 2019. <\/p>","protected":false},"author":3,"featured_media":12162,"comment_status":"open","ping_status":"open","sticky":false,"template":"","format":"standard","meta":{"_acf_changed":false,"_yoast_wpseo_focuskw":"citizenM","_yoast_wpseo_title":"","_yoast_wpseo_metadesc":"Die niederl\u00e4ndische Hotelkette citizenM expandiert in die Schweiz. Das erste Hotel soll im zweiten Halbjahr 2019 in Z\u00fcrich er\u00f6ffnen.","_yoast_wpseo_linkdex":60,"pgc_sgb_lightbox_settings":"","footnotes":""},"categories":[985],"tags":[1313,1344,1600,1888],"class_list":["post-12613","post","type-post","status-publish","format-standard","has-post-thumbnail","hentry","category-regionen","tag-hotel","tag-immobilienfonds","tag-projekt-in-planung","tag-zuerich"],"acf":[],"yoast_head":"<!-- This site is optimized with the Yoast SEO plugin v27.4 - https:\/\/yoast.com\/product\/yoast-seo-wordpress\/ -->\n<title>Mikro-Hotelkette citizenM kommt nach Z\u00fcrich - IMMOBILIEN Business<\/title>\n<meta name=\"description\" content=\"Die niederl\u00e4ndische Hotelkette citizenM expandiert in die Schweiz. Das erste Hotel soll im zweiten Halbjahr 2019 in Z\u00fcrich er\u00f6ffnen.\" \/>\n<meta name=\"robots\" content=\"index, follow, max-snippet:-1, max-image-preview:large, max-video-preview:-1\" \/>\n<link rel=\"canonical\" href=\"https:\/\/www.immobilienbusiness.ch\/fr\/regionen\/2018-05-22\/mikro-hotelkette-citizenm-kommt-nach-zuerich\/\" \/>\n<meta property=\"og:locale\" content=\"fr_FR\" \/>\n<meta property=\"og:type\" content=\"article\" \/>\n<meta property=\"og:title\" content=\"Mikro-Hotelkette citizenM kommt nach Z\u00fcrich - IMMOBILIEN Business\" \/>\n<meta property=\"og:description\" content=\"Die niederl\u00e4ndische Hotelkette citizenM expandiert in die Schweiz. Das erste Hotel soll im zweiten Halbjahr 2019 in Z\u00fcrich er\u00f6ffnen.\" \/>\n<meta property=\"og:url\" content=\"https:\/\/www.immobilienbusiness.ch\/fr\/regionen\/2018-05-22\/mikro-hotelkette-citizenm-kommt-nach-zuerich\/\" \/>\n<meta property=\"og:site_name\" content=\"IMMOBILIEN Business\" \/>\n<meta property=\"article:publisher\" content=\"https:\/\/www.facebook.com\/immobilienbusiness\/\" \/>\n<meta property=\"article:published_time\" content=\"2018-05-22T07:29:11+00:00\" \/>\n<meta property=\"og:image\" content=\"https:\/\/www.immobilienbusiness.ch\/wp-content\/uploads\/2018\/04\/Depositphotos_21070927_m-2015.jpg\" \/>\n\t<meta property=\"og:image:width\" content=\"1000\" \/>\n\t<meta property=\"og:image:height\" content=\"750\" \/>\n\t<meta property=\"og:image:type\" content=\"image\/jpeg\" \/>\n<meta name=\"author\" content=\"anja.hall\" \/>\n<meta name=\"twitter:card\" content=\"summary_large_image\" \/>\n<meta name=\"twitter:image\" content=\"https:\/\/www.immobilienbusiness.ch\/wp-content\/uploads\/2018\/04\/Depositphotos_21070927_m-2015.jpg\" \/>\n<script type=\"application\/ld+json\" class=\"yoast-schema-graph\">{\"@context\":\"https:\\\/\\\/schema.org\",\"@graph\":[{\"@type\":\"Article\",\"@id\":\"https:\\\/\\\/www.immobilienbusiness.ch\\\/regionen\\\/2018-05-22\\\/mikro-hotelkette-citizenm-kommt-nach-zuerich\\\/#article\",\"isPartOf\":{\"@id\":\"https:\\\/\\\/www.immobilienbusiness.ch\\\/regionen\\\/2018-05-22\\\/mikro-hotelkette-citizenm-kommt-nach-zuerich\\\/\"},\"author\":{\"name\":\"anja.hall\",\"@id\":\"https:\\\/\\\/www.immobilienbusiness.ch\\\/#\\\/schema\\\/person\\\/3fc036297b10b9f42d6db5ee932af8c8\"},\"headline\":\"Mikro-Hotelkette citizenM kommt nach Z\u00fcrich\",\"datePublished\":\"2018-05-22T07:29:11+00:00\",\"mainEntityOfPage\":{\"@id\":\"https:\\\/\\\/www.immobilienbusiness.ch\\\/regionen\\\/2018-05-22\\\/mikro-hotelkette-citizenm-kommt-nach-zuerich\\\/\"},\"wordCount\":157,\"commentCount\":0,\"publisher\":{\"@id\":\"https:\\\/\\\/www.immobilienbusiness.ch\\\/#organization\"},\"image\":{\"@id\":\"https:\\\/\\\/www.immobilienbusiness.ch\\\/regionen\\\/2018-05-22\\\/mikro-hotelkette-citizenm-kommt-nach-zuerich\\\/#primaryimage\"},\"thumbnailUrl\":\"https:\\\/\\\/www.immobilienbusiness.ch\\\/wp-content\\\/uploads\\\/2018\\\/04\\\/Depositphotos_21070927_m-2015.jpg\",\"keywords\":[\"Hotel\",\"Immobilienfonds\",\"Projekt in Planung\",\"Z\u00fcrich\"],\"articleSection\":[\"REGIONEN\"],\"inLanguage\":\"fr-FR\"},{\"@type\":\"WebPage\",\"@id\":\"https:\\\/\\\/www.immobilienbusiness.ch\\\/regionen\\\/2018-05-22\\\/mikro-hotelkette-citizenm-kommt-nach-zuerich\\\/\",\"url\":\"https:\\\/\\\/www.immobilienbusiness.ch\\\/regionen\\\/2018-05-22\\\/mikro-hotelkette-citizenm-kommt-nach-zuerich\\\/\",\"name\":\"Mikro-Hotelkette citizenM kommt nach Z\u00fcrich - IMMOBILIEN Business\",\"isPartOf\":{\"@id\":\"https:\\\/\\\/www.immobilienbusiness.ch\\\/#website\"},\"primaryImageOfPage\":{\"@id\":\"https:\\\/\\\/www.immobilienbusiness.ch\\\/regionen\\\/2018-05-22\\\/mikro-hotelkette-citizenm-kommt-nach-zuerich\\\/#primaryimage\"},\"image\":{\"@id\":\"https:\\\/\\\/www.immobilienbusiness.ch\\\/regionen\\\/2018-05-22\\\/mikro-hotelkette-citizenm-kommt-nach-zuerich\\\/#primaryimage\"},\"thumbnailUrl\":\"https:\\\/\\\/www.immobilienbusiness.ch\\\/wp-content\\\/uploads\\\/2018\\\/04\\\/Depositphotos_21070927_m-2015.jpg\",\"datePublished\":\"2018-05-22T07:29:11+00:00\",\"description\":\"Die niederl\u00e4ndische Hotelkette citizenM expandiert in die Schweiz. Das erste Hotel soll im zweiten Halbjahr 2019 in Z\u00fcrich er\u00f6ffnen.\",\"breadcrumb\":{\"@id\":\"https:\\\/\\\/www.immobilienbusiness.ch\\\/regionen\\\/2018-05-22\\\/mikro-hotelkette-citizenm-kommt-nach-zuerich\\\/#breadcrumb\"},\"inLanguage\":\"fr-FR\",\"potentialAction\":[{\"@type\":\"ReadAction\",\"target\":[\"https:\\\/\\\/www.immobilienbusiness.ch\\\/regionen\\\/2018-05-22\\\/mikro-hotelkette-citizenm-kommt-nach-zuerich\\\/\"]}]},{\"@type\":\"ImageObject\",\"inLanguage\":\"fr-FR\",\"@id\":\"https:\\\/\\\/www.immobilienbusiness.ch\\\/regionen\\\/2018-05-22\\\/mikro-hotelkette-citizenm-kommt-nach-zuerich\\\/#primaryimage\",\"url\":\"https:\\\/\\\/www.immobilienbusiness.ch\\\/wp-content\\\/uploads\\\/2018\\\/04\\\/Depositphotos_21070927_m-2015.jpg\",\"contentUrl\":\"https:\\\/\\\/www.immobilienbusiness.ch\\\/wp-content\\\/uploads\\\/2018\\\/04\\\/Depositphotos_21070927_m-2015.jpg\",\"width\":1000,\"height\":750,\"caption\":\"(Bild: happyalex - depositphotos)\"},{\"@type\":\"BreadcrumbList\",\"@id\":\"https:\\\/\\\/www.immobilienbusiness.ch\\\/regionen\\\/2018-05-22\\\/mikro-hotelkette-citizenm-kommt-nach-zuerich\\\/#breadcrumb\",\"itemListElement\":[{\"@type\":\"ListItem\",\"position\":1,\"name\":\"Home\",\"item\":\"https:\\\/\\\/www.immobilienbusiness.ch\\\/\"},{\"@type\":\"ListItem\",\"position\":2,\"name\":\"Mikro-Hotelkette citizenM kommt nach Z\u00fcrich\"}]},{\"@type\":\"WebSite\",\"@id\":\"https:\\\/\\\/www.immobilienbusiness.ch\\\/#website\",\"url\":\"https:\\\/\\\/www.immobilienbusiness.ch\\\/\",\"name\":\"IMMOBILIEN Business\",\"description\":\"Unabh\u00e4ngiges Schweizer Wirtschaftsmagazin mit Fokus auf Immobilien, Architektur- und Bau sowie Investment- und Finanzierung.\",\"publisher\":{\"@id\":\"https:\\\/\\\/www.immobilienbusiness.ch\\\/#organization\"},\"potentialAction\":[{\"@type\":\"SearchAction\",\"target\":{\"@type\":\"EntryPoint\",\"urlTemplate\":\"https:\\\/\\\/www.immobilienbusiness.ch\\\/?s={search_term_string}\"},\"query-input\":{\"@type\":\"PropertyValueSpecification\",\"valueRequired\":true,\"valueName\":\"search_term_string\"}}],\"inLanguage\":\"fr-FR\"},{\"@type\":\"Organization\",\"@id\":\"https:\\\/\\\/www.immobilienbusiness.ch\\\/#organization\",\"name\":\"IMMOBILIEN Business\",\"url\":\"https:\\\/\\\/www.immobilienbusiness.ch\\\/\",\"logo\":{\"@type\":\"ImageObject\",\"inLanguage\":\"fr-FR\",\"@id\":\"https:\\\/\\\/www.immobilienbusiness.ch\\\/#\\\/schema\\\/logo\\\/image\\\/\",\"url\":\"https:\\\/\\\/www.immobilienbusiness.ch\\\/wp-content\\\/uploads\\\/2021\\\/07\\\/logo_ib.png\",\"contentUrl\":\"https:\\\/\\\/www.immobilienbusiness.ch\\\/wp-content\\\/uploads\\\/2021\\\/07\\\/logo_ib.png\",\"width\":800,\"height\":181,\"caption\":\"IMMOBILIEN Business\"},\"image\":{\"@id\":\"https:\\\/\\\/www.immobilienbusiness.ch\\\/#\\\/schema\\\/logo\\\/image\\\/\"},\"sameAs\":[\"https:\\\/\\\/www.facebook.com\\\/immobilienbusiness\\\/\"]},{\"@type\":\"Person\",\"@id\":\"https:\\\/\\\/www.immobilienbusiness.ch\\\/#\\\/schema\\\/person\\\/3fc036297b10b9f42d6db5ee932af8c8\",\"name\":\"anja.hall\",\"image\":{\"@type\":\"ImageObject\",\"inLanguage\":\"fr-FR\",\"@id\":\"https:\\\/\\\/secure.gravatar.com\\\/avatar\\\/066b5a0d447013502c71a5782f4f3469f03cfe595cc2329fb94652fe47511bfb?s=96&d=mm&r=g\",\"url\":\"https:\\\/\\\/secure.gravatar.com\\\/avatar\\\/066b5a0d447013502c71a5782f4f3469f03cfe595cc2329fb94652fe47511bfb?s=96&d=mm&r=g\",\"contentUrl\":\"https:\\\/\\\/secure.gravatar.com\\\/avatar\\\/066b5a0d447013502c71a5782f4f3469f03cfe595cc2329fb94652fe47511bfb?s=96&d=mm&r=g\",\"caption\":\"anja.hall\"},\"url\":\"https:\\\/\\\/www.immobilienbusiness.ch\\\/fr\\\/author\\\/anja-hall\\\/\"}]}<\/script>\n<!-- \/ Yoast SEO plugin. -->","yoast_head_json":{"title":"Mikro-Hotelkette citizenM kommt nach Z\u00fcrich - IMMOBILIEN Business","description":"La cha\u00eene h\u00f4teli\u00e8re n\u00e9erlandaise citizenM s'\u00e9tend en Suisse. Le premier h\u00f4tel devrait ouvrir ses portes \u00e0 Zurich au cours du deuxi\u00e8me semestre 2019.","robots":{"index":"index","follow":"follow","max-snippet":"max-snippet:-1","max-image-preview":"max-image-preview:large","max-video-preview":"max-video-preview:-1"},"canonical":"https:\/\/www.immobilienbusiness.ch\/fr\/regionen\/2018-05-22\/mikro-hotelkette-citizenm-kommt-nach-zuerich\/","og_locale":"fr_FR","og_type":"article","og_title":"Mikro-Hotelkette citizenM kommt nach Z\u00fcrich - IMMOBILIEN Business","og_description":"Die niederl\u00e4ndische Hotelkette citizenM expandiert in die Schweiz. Das erste Hotel soll im zweiten Halbjahr 2019 in Z\u00fcrich er\u00f6ffnen.","og_url":"https:\/\/www.immobilienbusiness.ch\/fr\/regionen\/2018-05-22\/mikro-hotelkette-citizenm-kommt-nach-zuerich\/","og_site_name":"IMMOBILIEN Business","article_publisher":"https:\/\/www.facebook.com\/immobilienbusiness\/","article_published_time":"2018-05-22T07:29:11+00:00","og_image":[{"width":1000,"height":750,"url":"https:\/\/www.immobilienbusiness.ch\/wp-content\/uploads\/2018\/04\/Depositphotos_21070927_m-2015.jpg","type":"image\/jpeg"}],"author":"anja.hall","twitter_card":"summary_large_image","twitter_image":"https:\/\/www.immobilienbusiness.ch\/wp-content\/uploads\/2018\/04\/Depositphotos_21070927_m-2015.jpg","schema":{"@context":"https:\/\/schema.org","@graph":[{"@type":"Article","@id":"https:\/\/www.immobilienbusiness.ch\/regionen\/2018-05-22\/mikro-hotelkette-citizenm-kommt-nach-zuerich\/#article","isPartOf":{"@id":"https:\/\/www.immobilienbusiness.ch\/regionen\/2018-05-22\/mikro-hotelkette-citizenm-kommt-nach-zuerich\/"},"author":{"name":"anja.hall","@id":"https:\/\/www.immobilienbusiness.ch\/#\/schema\/person\/3fc036297b10b9f42d6db5ee932af8c8"},"headline":"Mikro-Hotelkette citizenM kommt nach Z\u00fcrich","datePublished":"2018-05-22T07:29:11+00:00","mainEntityOfPage":{"@id":"https:\/\/www.immobilienbusiness.ch\/regionen\/2018-05-22\/mikro-hotelkette-citizenm-kommt-nach-zuerich\/"},"wordCount":157,"commentCount":0,"publisher":{"@id":"https:\/\/www.immobilienbusiness.ch\/#organization"},"image":{"@id":"https:\/\/www.immobilienbusiness.ch\/regionen\/2018-05-22\/mikro-hotelkette-citizenm-kommt-nach-zuerich\/#primaryimage"},"thumbnailUrl":"https:\/\/www.immobilienbusiness.ch\/wp-content\/uploads\/2018\/04\/Depositphotos_21070927_m-2015.jpg","keywords":["Hotel","Immobilienfonds","Projekt in Planung","Z\u00fcrich"],"articleSection":["REGIONEN"],"inLanguage":"fr-FR"},{"@type":"WebPage","@id":"https:\/\/www.immobilienbusiness.ch\/regionen\/2018-05-22\/mikro-hotelkette-citizenm-kommt-nach-zuerich\/","url":"https:\/\/www.immobilienbusiness.ch\/regionen\/2018-05-22\/mikro-hotelkette-citizenm-kommt-nach-zuerich\/","name":"Mikro-Hotelkette citizenM kommt nach Z\u00fcrich - IMMOBILIEN Business","isPartOf":{"@id":"https:\/\/www.immobilienbusiness.ch\/#website"},"primaryImageOfPage":{"@id":"https:\/\/www.immobilienbusiness.ch\/regionen\/2018-05-22\/mikro-hotelkette-citizenm-kommt-nach-zuerich\/#primaryimage"},"image":{"@id":"https:\/\/www.immobilienbusiness.ch\/regionen\/2018-05-22\/mikro-hotelkette-citizenm-kommt-nach-zuerich\/#primaryimage"},"thumbnailUrl":"https:\/\/www.immobilienbusiness.ch\/wp-content\/uploads\/2018\/04\/Depositphotos_21070927_m-2015.jpg","datePublished":"2018-05-22T07:29:11+00:00","description":"La cha\u00eene h\u00f4teli\u00e8re n\u00e9erlandaise citizenM s'\u00e9tend en Suisse. Le premier h\u00f4tel devrait ouvrir ses portes \u00e0 Zurich au cours du deuxi\u00e8me semestre 2019.","breadcrumb":{"@id":"https:\/\/www.immobilienbusiness.ch\/regionen\/2018-05-22\/mikro-hotelkette-citizenm-kommt-nach-zuerich\/#breadcrumb"},"inLanguage":"fr-FR","potentialAction":[{"@type":"ReadAction","target":["https:\/\/www.immobilienbusiness.ch\/regionen\/2018-05-22\/mikro-hotelkette-citizenm-kommt-nach-zuerich\/"]}]},{"@type":"ImageObject","inLanguage":"fr-FR","@id":"https:\/\/www.immobilienbusiness.ch\/regionen\/2018-05-22\/mikro-hotelkette-citizenm-kommt-nach-zuerich\/#primaryimage","url":"https:\/\/www.immobilienbusiness.ch\/wp-content\/uploads\/2018\/04\/Depositphotos_21070927_m-2015.jpg","contentUrl":"https:\/\/www.immobilienbusiness.ch\/wp-content\/uploads\/2018\/04\/Depositphotos_21070927_m-2015.jpg","width":1000,"height":750,"caption":"(Bild: happyalex - depositphotos)"},{"@type":"BreadcrumbList","@id":"https:\/\/www.immobilienbusiness.ch\/regionen\/2018-05-22\/mikro-hotelkette-citizenm-kommt-nach-zuerich\/#breadcrumb","itemListElement":[{"@type":"ListItem","position":1,"name":"Home","item":"https:\/\/www.immobilienbusiness.ch\/"},{"@type":"ListItem","position":2,"name":"Mikro-Hotelkette citizenM kommt nach Z\u00fcrich"}]},{"@type":"WebSite","@id":"https:\/\/www.immobilienbusiness.ch\/#website","url":"https:\/\/www.immobilienbusiness.ch\/","name":"IMMOBILIER Business","description":"Magazine \u00e9conomique suisse ind\u00e9pendant ax\u00e9 sur l'immobilier, l'architecture et la construction ainsi que sur les investissements et le financement.","publisher":{"@id":"https:\/\/www.immobilienbusiness.ch\/#organization"},"potentialAction":[{"@type":"SearchAction","target":{"@type":"EntryPoint","urlTemplate":"https:\/\/www.immobilienbusiness.ch\/?s={search_term_string}"},"query-input":{"@type":"PropertyValueSpecification","valueRequired":true,"valueName":"search_term_string"}}],"inLanguage":"fr-FR"},{"@type":"Organization","@id":"https:\/\/www.immobilienbusiness.ch\/#organization","name":"IMMOBILIER Business","url":"https:\/\/www.immobilienbusiness.ch\/","logo":{"@type":"ImageObject","inLanguage":"fr-FR","@id":"https:\/\/www.immobilienbusiness.ch\/#\/schema\/logo\/image\/","url":"https:\/\/www.immobilienbusiness.ch\/wp-content\/uploads\/2021\/07\/logo_ib.png","contentUrl":"https:\/\/www.immobilienbusiness.ch\/wp-content\/uploads\/2021\/07\/logo_ib.png","width":800,"height":181,"caption":"IMMOBILIEN Business"},"image":{"@id":"https:\/\/www.immobilienbusiness.ch\/#\/schema\/logo\/image\/"},"sameAs":["https:\/\/www.facebook.com\/immobilienbusiness\/"]},{"@type":"Person","@id":"https:\/\/www.immobilienbusiness.ch\/#\/schema\/person\/3fc036297b10b9f42d6db5ee932af8c8","name":"anja.hall","image":{"@type":"ImageObject","inLanguage":"fr-FR","@id":"https:\/\/secure.gravatar.com\/avatar\/066b5a0d447013502c71a5782f4f3469f03cfe595cc2329fb94652fe47511bfb?s=96&d=mm&r=g","url":"https:\/\/secure.gravatar.com\/avatar\/066b5a0d447013502c71a5782f4f3469f03cfe595cc2329fb94652fe47511bfb?s=96&d=mm&r=g","contentUrl":"https:\/\/secure.gravatar.com\/avatar\/066b5a0d447013502c71a5782f4f3469f03cfe595cc2329fb94652fe47511bfb?s=96&d=mm&r=g","caption":"anja.hall"},"url":"https:\/\/www.immobilienbusiness.ch\/fr\/author\/anja-hall\/"}]}},"_links":{"self":[{"href":"https:\/\/www.immobilienbusiness.ch\/fr\/wp-json\/wp\/v2\/posts\/12613","targetHints":{"allow":["GET"]}}],"collection":[{"href":"https:\/\/www.immobilienbusiness.ch\/fr\/wp-json\/wp\/v2\/posts"}],"about":[{"href":"https:\/\/www.immobilienbusiness.ch\/fr\/wp-json\/wp\/v2\/types\/post"}],"author":[{"embeddable":true,"href":"https:\/\/www.immobilienbusiness.ch\/fr\/wp-json\/wp\/v2\/users\/3"}],"replies":[{"embeddable":true,"href":"https:\/\/www.immobilienbusiness.ch\/fr\/wp-json\/wp\/v2\/comments?post=12613"}],"version-history":[{"count":0,"href":"https:\/\/www.immobilienbusiness.ch\/fr\/wp-json\/wp\/v2\/posts\/12613\/revisions"}],"wp:featuredmedia":[{"embeddable":true,"href":"https:\/\/www.immobilienbusiness.ch\/fr\/wp-json\/wp\/v2\/media\/12162"}],"wp:attachment":[{"href":"https:\/\/www.immobilienbusiness.ch\/fr\/wp-json\/wp\/v2\/media?parent=12613"}],"wp:term":[{"taxonomy":"category","embeddable":true,"href":"https:\/\/www.immobilienbusiness.ch\/fr\/wp-json\/wp\/v2\/categories?post=12613"},{"taxonomy":"post_tag","embeddable":true,"href":"https:\/\/www.immobilienbusiness.ch\/fr\/wp-json\/wp\/v2\/tags?post=12613"}],"curies":[{"name":"wp","href":"https:\/\/api.w.org\/{rel}","templated":true}]}}