{"id":12456,"date":"2018-05-09T08:49:27","date_gmt":"2018-05-09T06:49:27","guid":{"rendered":"https:\/\/www.immobilienbusiness.ch\/?p=12456"},"modified":"2018-05-09T08:49:27","modified_gmt":"2018-05-09T06:49:27","slug":"bern-migros-beendet-markthalle-projekt","status":"publish","type":"post","link":"https:\/\/www.immobilienbusiness.ch\/fr\/regionen\/2018-05-09\/bern-migros-beendet-markthalle-projekt\/","title":{"rendered":"Berne : Migros met fin au projet de halle"},"content":{"rendered":"<figure id=\"attachment_6107\" aria-describedby=\"caption-attachment-6107\" style=\"width: 680px\" class=\"wp-caption alignnone\"><img loading=\"lazy\" decoding=\"async\" class=\"size-medium wp-image-6107\" src=\"https:\/\/www.immobilienbusiness.ch\/wp-content\/uploads\/2017\/02\/Rendering2_2160x1215.jpg\" alt=\"\" width=\"680\" height=\"383\" srcset=\"https:\/\/www.immobilienbusiness.ch\/wp-content\/uploads\/2017\/02\/Rendering2_2160x1215.jpg 2160w, https:\/\/www.immobilienbusiness.ch\/wp-content\/uploads\/2017\/02\/Rendering2_2160x1215-300x169.jpg 300w, https:\/\/www.immobilienbusiness.ch\/wp-content\/uploads\/2017\/02\/Rendering2_2160x1215-1024x576.jpg 1024w, https:\/\/www.immobilienbusiness.ch\/wp-content\/uploads\/2017\/02\/Rendering2_2160x1215-768x432.jpg 768w, https:\/\/www.immobilienbusiness.ch\/wp-content\/uploads\/2017\/02\/Rendering2_2160x1215-1536x864.jpg 1536w, https:\/\/www.immobilienbusiness.ch\/wp-content\/uploads\/2017\/02\/Rendering2_2160x1215-2048x1152.jpg 2048w, https:\/\/www.immobilienbusiness.ch\/wp-content\/uploads\/2017\/02\/Rendering2_2160x1215-16x9.jpg 16w, https:\/\/www.immobilienbusiness.ch\/wp-content\/uploads\/2017\/02\/Rendering2_2160x1215-311x175.jpg 311w, https:\/\/www.immobilienbusiness.ch\/wp-content\/uploads\/2017\/02\/Rendering2_2160x1215-622x350.jpg 622w, https:\/\/www.immobilienbusiness.ch\/wp-content\/uploads\/2017\/02\/Rendering2_2160x1215-1422x800.jpg 1422w, https:\/\/www.immobilienbusiness.ch\/wp-content\/uploads\/2017\/02\/Rendering2_2160x1215-920x518.jpg 920w, https:\/\/www.immobilienbusiness.ch\/wp-content\/uploads\/2017\/02\/Rendering2_2160x1215-1400x788.jpg 1400w\" sizes=\"auto, (max-width: 680px) 100vw, 680px\" \/><figcaption id=\"caption-attachment-6107\" class=\"wp-caption-text\">La halle du march\u00e9 de Berne devait devenir un temple de la gastronomie, mais Migros Aare met fin au projet (Rendering : Migros Aare)<\/figcaption><\/figure>\n<p>En f\u00e9vrier 2017, Migros Aare avait pr\u00e9sent\u00e9 ses projets de r\u00e9am\u00e9nagement du march\u00e9 couvert de Berne. <a href=\"https:\/\/www.immobilienbusiness.ch\/fr\/bern-migros-revitalisiert-markthalle\/\">Les quelque 2 300 m\u00b2 de surface utile devaient accueillir des \"concepts de restauration cr\u00e9atifs\", et il \u00e9tait \u00e9galement pr\u00e9vu d'y installer des entreprises artisanales comme une brasserie et une boulangerie.<\/a><\/p>\n<p>Pour ce faire, Migros devait devenir locataire g\u00e9n\u00e9ral du march\u00e9 couvert et reprendre le contrat de location de Media-Markt. Le distributeur d'\u00e9lectronique voulait fermer sa filiale sur le site. Cette reprise n'aura finalement pas lieu. Selon Migros, un accord entre Migros Aar et Media-Markt n'est pas r\u00e9aliste \u00e0 court terme en raison d'id\u00e9es trop divergentes.<\/p>\n<p>Cependant, d'autres difficult\u00e9s s'opposeraient au projet de \"nouveau march\u00e9 couvert\". Ainsi, selon Migros, des oppositions \u00e0 la transformation du march\u00e9 couvert sont en suspens, raison pour laquelle le permis de construire n'a toujours pas \u00e9t\u00e9 d\u00e9livr\u00e9. Pour r\u00e9pondre aux r\u00e9clamations des opposants en mati\u00e8re de bruit, il faudrait des restrictions conceptuelles consid\u00e9rables qui, dans l'ensemble, p\u00e8sent trop lourd - par exemple, renoncer \u00e0 la musique live et r\u00e9duire les heures d'ouverture.<\/p>\n<h2>La date d'ouverture pr\u00e9vue est d\u00e9pass\u00e9e depuis longtemps<\/h2>\n<p>De plus, d'importants travaux de planification et de conception ont \u00e9t\u00e9 r\u00e9alis\u00e9s depuis f\u00e9vrier 2017, pr\u00e9cise Migros. Les oppositions, mais aussi la complexit\u00e9 du projet en ce qui concerne la substance du b\u00e2timent, l'am\u00e9nagement des locataires et le concept d'exploitation, ont fait que la date d'ouverture initialement pr\u00e9vue pour fin 2017\/d\u00e9but 2018 est pass\u00e9e depuis longtemps et qu'une planification ferme des d\u00e9lais n'est actuellement pas possible. Aucun contrat n'a pu \u00eatre conclu ni avec les locataires ni avec le propri\u00e9taire de l'immeuble et, en raison du retard pris, les co\u00fbts de planification ont consid\u00e9rablement augment\u00e9. Apr\u00e8s avoir pris en compte toutes ces raisons, Migros Aare a d\u00e9cid\u00e9 d'abandonner le projet.<\/p>\n<p><a href=\"https:\/\/www.blick.ch\/news\/wirtschaft\/migros-aare-und-media-markt-uneinig-revival-fuer-die-berner-markthalle-abgeblasen-id8352669.html\">Selon un rapport du<em> Vue<\/em><\/a> Media-Markt Suisse rejette les reproches de Migros Aare. Tous les accords \u00e9crits ont \u00e9t\u00e9 respect\u00e9s, mais Migros a pris du retard dans la reprise du march\u00e9 couvert. C'est pourquoi Media-Markt a voulu ren\u00e9gocier le paiement de l'indemnit\u00e9 convenue, selon le journal qui cite un communiqu\u00e9 de l'entreprise. Media-Markt devait verser \u00e0 Migros un montant \u00e0 un chiffre en millions pour la reprise du march\u00e9 couvert, dont une grande partie a d\u00e9j\u00e0 \u00e9t\u00e9 pay\u00e9e, selon l'entreprise.<\/p>","protected":false},"excerpt":{"rendered":"<p>Migros Aare ne transformera pas et ne revitalisera pas le march\u00e9 couvert de Berne comme pr\u00e9vu. La raison de ce retrait est notamment due \u00e0 des \"divergences insurmontables\" dans le cadre de la reprise pr\u00e9vue du contrat de location de Media-Markt, communique la coop\u00e9rative.<\/p>","protected":false},"author":3,"featured_media":6107,"comment_status":"open","ping_status":"open","sticky":false,"template":"","format":"standard","meta":{"_acf_changed":false,"_yoast_wpseo_focuskw":"Markthalle","_yoast_wpseo_title":"","_yoast_wpseo_metadesc":"Die Migros Aare wird die Markthalle in Bern nicht wie geplant umbauen und revitalisieren. Grund f\u00fcr den R\u00fcckzug seien unter anderem \u00abun\u00fcberbr\u00fcckbare Differenzen\u00bb bei der geplanten \u00dcbernahme des Mietvertrages von Media-Markt, teilt die Genossenschaft mit.","_yoast_wpseo_linkdex":85,"pgc_sgb_lightbox_settings":"","footnotes":""},"categories":[985],"tags":[1091,1254,1494,1600,1714],"class_list":["post-12456","post","type-post","status-publish","format-standard","has-post-thumbnail","hentry","category-regionen","tag-bern","tag-gastronomie","tag-migros-aare","tag-projekt-in-planung","tag-spezial-immobilien"],"acf":[],"yoast_head":"<!-- This site is optimized with the Yoast SEO plugin v27.5 - https:\/\/yoast.com\/product\/yoast-seo-wordpress\/ -->\n<title>Bern: Migros beendet Markthalle-Projekt - IMMOBILIEN Business<\/title>\n<meta name=\"description\" content=\"Die Migros Aare wird die Markthalle in Bern nicht wie geplant umbauen und revitalisieren. Grund f\u00fcr den R\u00fcckzug seien unter anderem \u00abun\u00fcberbr\u00fcckbare Differenzen\u00bb bei der geplanten \u00dcbernahme des Mietvertrages von Media-Markt, teilt die Genossenschaft mit.\" \/>\n<meta name=\"robots\" content=\"index, follow, max-snippet:-1, max-image-preview:large, max-video-preview:-1\" \/>\n<link rel=\"canonical\" href=\"https:\/\/www.immobilienbusiness.ch\/fr\/regionen\/2018-05-09\/bern-migros-beendet-markthalle-projekt\/\" \/>\n<meta property=\"og:locale\" content=\"fr_FR\" \/>\n<meta property=\"og:type\" content=\"article\" \/>\n<meta property=\"og:title\" content=\"Bern: Migros beendet Markthalle-Projekt - IMMOBILIEN Business\" \/>\n<meta property=\"og:description\" content=\"Die Migros Aare wird die Markthalle in Bern nicht wie geplant umbauen und revitalisieren. Grund f\u00fcr den R\u00fcckzug seien unter anderem \u00abun\u00fcberbr\u00fcckbare Differenzen\u00bb bei der geplanten \u00dcbernahme des Mietvertrages von Media-Markt, teilt die Genossenschaft mit.\" \/>\n<meta property=\"og:url\" content=\"https:\/\/www.immobilienbusiness.ch\/fr\/regionen\/2018-05-09\/bern-migros-beendet-markthalle-projekt\/\" \/>\n<meta property=\"og:site_name\" content=\"IMMOBILIEN Business\" \/>\n<meta property=\"article:publisher\" content=\"https:\/\/www.facebook.com\/immobilienbusiness\/\" \/>\n<meta property=\"article:published_time\" content=\"2018-05-09T06:49:27+00:00\" \/>\n<meta property=\"og:image\" content=\"https:\/\/www.immobilienbusiness.ch\/wp-content\/uploads\/2017\/02\/Rendering2_2160x1215.jpg\" \/>\n\t<meta property=\"og:image:width\" content=\"2160\" \/>\n\t<meta property=\"og:image:height\" content=\"1215\" \/>\n\t<meta property=\"og:image:type\" content=\"image\/jpeg\" \/>\n<meta name=\"author\" content=\"anja.hall\" \/>\n<meta name=\"twitter:card\" content=\"summary_large_image\" \/>\n<script type=\"application\/ld+json\" class=\"yoast-schema-graph\">{\"@context\":\"https:\\\/\\\/schema.org\",\"@graph\":[{\"@type\":\"Article\",\"@id\":\"https:\\\/\\\/www.immobilienbusiness.ch\\\/regionen\\\/2018-05-09\\\/bern-migros-beendet-markthalle-projekt\\\/#article\",\"isPartOf\":{\"@id\":\"https:\\\/\\\/www.immobilienbusiness.ch\\\/regionen\\\/2018-05-09\\\/bern-migros-beendet-markthalle-projekt\\\/\"},\"author\":{\"name\":\"anja.hall\",\"@id\":\"https:\\\/\\\/www.immobilienbusiness.ch\\\/#\\\/schema\\\/person\\\/3fc036297b10b9f42d6db5ee932af8c8\"},\"headline\":\"Bern: Migros beendet Markthalle-Projekt\",\"datePublished\":\"2018-05-09T06:49:27+00:00\",\"mainEntityOfPage\":{\"@id\":\"https:\\\/\\\/www.immobilienbusiness.ch\\\/regionen\\\/2018-05-09\\\/bern-migros-beendet-markthalle-projekt\\\/\"},\"wordCount\":373,\"commentCount\":0,\"publisher\":{\"@id\":\"https:\\\/\\\/www.immobilienbusiness.ch\\\/#organization\"},\"image\":{\"@id\":\"https:\\\/\\\/www.immobilienbusiness.ch\\\/regionen\\\/2018-05-09\\\/bern-migros-beendet-markthalle-projekt\\\/#primaryimage\"},\"thumbnailUrl\":\"https:\\\/\\\/www.immobilienbusiness.ch\\\/wp-content\\\/uploads\\\/2017\\\/02\\\/Rendering2_2160x1215.jpg\",\"keywords\":[\"Bern\",\"Gastronomie\",\"Migros Aare\",\"Projekt in Planung\",\"Spezial Immobilien\"],\"articleSection\":[\"REGIONEN\"],\"inLanguage\":\"fr-FR\"},{\"@type\":\"WebPage\",\"@id\":\"https:\\\/\\\/www.immobilienbusiness.ch\\\/regionen\\\/2018-05-09\\\/bern-migros-beendet-markthalle-projekt\\\/\",\"url\":\"https:\\\/\\\/www.immobilienbusiness.ch\\\/regionen\\\/2018-05-09\\\/bern-migros-beendet-markthalle-projekt\\\/\",\"name\":\"Bern: Migros beendet Markthalle-Projekt - IMMOBILIEN Business\",\"isPartOf\":{\"@id\":\"https:\\\/\\\/www.immobilienbusiness.ch\\\/#website\"},\"primaryImageOfPage\":{\"@id\":\"https:\\\/\\\/www.immobilienbusiness.ch\\\/regionen\\\/2018-05-09\\\/bern-migros-beendet-markthalle-projekt\\\/#primaryimage\"},\"image\":{\"@id\":\"https:\\\/\\\/www.immobilienbusiness.ch\\\/regionen\\\/2018-05-09\\\/bern-migros-beendet-markthalle-projekt\\\/#primaryimage\"},\"thumbnailUrl\":\"https:\\\/\\\/www.immobilienbusiness.ch\\\/wp-content\\\/uploads\\\/2017\\\/02\\\/Rendering2_2160x1215.jpg\",\"datePublished\":\"2018-05-09T06:49:27+00:00\",\"description\":\"Die Migros Aare wird die Markthalle in Bern nicht wie geplant umbauen und revitalisieren. Grund f\u00fcr den R\u00fcckzug seien unter anderem \u00abun\u00fcberbr\u00fcckbare Differenzen\u00bb bei der geplanten \u00dcbernahme des Mietvertrages von Media-Markt, teilt die Genossenschaft mit.\",\"breadcrumb\":{\"@id\":\"https:\\\/\\\/www.immobilienbusiness.ch\\\/regionen\\\/2018-05-09\\\/bern-migros-beendet-markthalle-projekt\\\/#breadcrumb\"},\"inLanguage\":\"fr-FR\",\"potentialAction\":[{\"@type\":\"ReadAction\",\"target\":[\"https:\\\/\\\/www.immobilienbusiness.ch\\\/regionen\\\/2018-05-09\\\/bern-migros-beendet-markthalle-projekt\\\/\"]}]},{\"@type\":\"ImageObject\",\"inLanguage\":\"fr-FR\",\"@id\":\"https:\\\/\\\/www.immobilienbusiness.ch\\\/regionen\\\/2018-05-09\\\/bern-migros-beendet-markthalle-projekt\\\/#primaryimage\",\"url\":\"https:\\\/\\\/www.immobilienbusiness.ch\\\/wp-content\\\/uploads\\\/2017\\\/02\\\/Rendering2_2160x1215.jpg\",\"contentUrl\":\"https:\\\/\\\/www.immobilienbusiness.ch\\\/wp-content\\\/uploads\\\/2017\\\/02\\\/Rendering2_2160x1215.jpg\",\"width\":2160,\"height\":1215,\"caption\":\"Die Berner Markthalle soll zu einem Gastrotempel werden (Rendering: Migros Aare)\"},{\"@type\":\"BreadcrumbList\",\"@id\":\"https:\\\/\\\/www.immobilienbusiness.ch\\\/regionen\\\/2018-05-09\\\/bern-migros-beendet-markthalle-projekt\\\/#breadcrumb\",\"itemListElement\":[{\"@type\":\"ListItem\",\"position\":1,\"name\":\"Home\",\"item\":\"https:\\\/\\\/www.immobilienbusiness.ch\\\/\"},{\"@type\":\"ListItem\",\"position\":2,\"name\":\"Bern: Migros beendet Markthalle-Projekt\"}]},{\"@type\":\"WebSite\",\"@id\":\"https:\\\/\\\/www.immobilienbusiness.ch\\\/#website\",\"url\":\"https:\\\/\\\/www.immobilienbusiness.ch\\\/\",\"name\":\"IMMOBILIEN Business\",\"description\":\"Unabh\u00e4ngiges Schweizer Wirtschaftsmagazin mit Fokus auf Immobilien, Architektur- und Bau sowie Investment- und Finanzierung.\",\"publisher\":{\"@id\":\"https:\\\/\\\/www.immobilienbusiness.ch\\\/#organization\"},\"potentialAction\":[{\"@type\":\"SearchAction\",\"target\":{\"@type\":\"EntryPoint\",\"urlTemplate\":\"https:\\\/\\\/www.immobilienbusiness.ch\\\/?s={search_term_string}\"},\"query-input\":{\"@type\":\"PropertyValueSpecification\",\"valueRequired\":true,\"valueName\":\"search_term_string\"}}],\"inLanguage\":\"fr-FR\"},{\"@type\":\"Organization\",\"@id\":\"https:\\\/\\\/www.immobilienbusiness.ch\\\/#organization\",\"name\":\"IMMOBILIEN Business\",\"url\":\"https:\\\/\\\/www.immobilienbusiness.ch\\\/\",\"logo\":{\"@type\":\"ImageObject\",\"inLanguage\":\"fr-FR\",\"@id\":\"https:\\\/\\\/www.immobilienbusiness.ch\\\/#\\\/schema\\\/logo\\\/image\\\/\",\"url\":\"https:\\\/\\\/www.immobilienbusiness.ch\\\/wp-content\\\/uploads\\\/2021\\\/07\\\/logo_ib.png\",\"contentUrl\":\"https:\\\/\\\/www.immobilienbusiness.ch\\\/wp-content\\\/uploads\\\/2021\\\/07\\\/logo_ib.png\",\"width\":800,\"height\":181,\"caption\":\"IMMOBILIEN Business\"},\"image\":{\"@id\":\"https:\\\/\\\/www.immobilienbusiness.ch\\\/#\\\/schema\\\/logo\\\/image\\\/\"},\"sameAs\":[\"https:\\\/\\\/www.facebook.com\\\/immobilienbusiness\\\/\"]},{\"@type\":\"Person\",\"@id\":\"https:\\\/\\\/www.immobilienbusiness.ch\\\/#\\\/schema\\\/person\\\/3fc036297b10b9f42d6db5ee932af8c8\",\"name\":\"anja.hall\",\"image\":{\"@type\":\"ImageObject\",\"inLanguage\":\"fr-FR\",\"@id\":\"https:\\\/\\\/secure.gravatar.com\\\/avatar\\\/066b5a0d447013502c71a5782f4f3469f03cfe595cc2329fb94652fe47511bfb?s=96&d=mm&r=g\",\"url\":\"https:\\\/\\\/secure.gravatar.com\\\/avatar\\\/066b5a0d447013502c71a5782f4f3469f03cfe595cc2329fb94652fe47511bfb?s=96&d=mm&r=g\",\"contentUrl\":\"https:\\\/\\\/secure.gravatar.com\\\/avatar\\\/066b5a0d447013502c71a5782f4f3469f03cfe595cc2329fb94652fe47511bfb?s=96&d=mm&r=g\",\"caption\":\"anja.hall\"},\"url\":\"https:\\\/\\\/www.immobilienbusiness.ch\\\/fr\\\/author\\\/anja-hall\\\/\"}]}<\/script>\n<!-- \/ Yoast SEO plugin. -->","yoast_head_json":{"title":"Berne : Migros met fin au projet de halle de march\u00e9 - IMMOBILIER Business","description":"Migros Aare ne transformera pas et ne revitalisera pas le march\u00e9 couvert de Berne comme pr\u00e9vu. La raison de ce retrait est notamment due \u00e0 des \"divergences insurmontables\" dans le cadre de la reprise pr\u00e9vue du contrat de location de Media-Markt, communique la coop\u00e9rative.","robots":{"index":"index","follow":"follow","max-snippet":"max-snippet:-1","max-image-preview":"max-image-preview:large","max-video-preview":"max-video-preview:-1"},"canonical":"https:\/\/www.immobilienbusiness.ch\/fr\/regionen\/2018-05-09\/bern-migros-beendet-markthalle-projekt\/","og_locale":"fr_FR","og_type":"article","og_title":"Bern: Migros beendet Markthalle-Projekt - IMMOBILIEN Business","og_description":"Die Migros Aare wird die Markthalle in Bern nicht wie geplant umbauen und revitalisieren. Grund f\u00fcr den R\u00fcckzug seien unter anderem \u00abun\u00fcberbr\u00fcckbare Differenzen\u00bb bei der geplanten \u00dcbernahme des Mietvertrages von Media-Markt, teilt die Genossenschaft mit.","og_url":"https:\/\/www.immobilienbusiness.ch\/fr\/regionen\/2018-05-09\/bern-migros-beendet-markthalle-projekt\/","og_site_name":"IMMOBILIEN Business","article_publisher":"https:\/\/www.facebook.com\/immobilienbusiness\/","article_published_time":"2018-05-09T06:49:27+00:00","og_image":[{"width":2160,"height":1215,"url":"https:\/\/www.immobilienbusiness.ch\/wp-content\/uploads\/2017\/02\/Rendering2_2160x1215.jpg","type":"image\/jpeg"}],"author":"anja.hall","twitter_card":"summary_large_image","schema":{"@context":"https:\/\/schema.org","@graph":[{"@type":"Article","@id":"https:\/\/www.immobilienbusiness.ch\/regionen\/2018-05-09\/bern-migros-beendet-markthalle-projekt\/#article","isPartOf":{"@id":"https:\/\/www.immobilienbusiness.ch\/regionen\/2018-05-09\/bern-migros-beendet-markthalle-projekt\/"},"author":{"name":"anja.hall","@id":"https:\/\/www.immobilienbusiness.ch\/#\/schema\/person\/3fc036297b10b9f42d6db5ee932af8c8"},"headline":"Bern: Migros beendet Markthalle-Projekt","datePublished":"2018-05-09T06:49:27+00:00","mainEntityOfPage":{"@id":"https:\/\/www.immobilienbusiness.ch\/regionen\/2018-05-09\/bern-migros-beendet-markthalle-projekt\/"},"wordCount":373,"commentCount":0,"publisher":{"@id":"https:\/\/www.immobilienbusiness.ch\/#organization"},"image":{"@id":"https:\/\/www.immobilienbusiness.ch\/regionen\/2018-05-09\/bern-migros-beendet-markthalle-projekt\/#primaryimage"},"thumbnailUrl":"https:\/\/www.immobilienbusiness.ch\/wp-content\/uploads\/2017\/02\/Rendering2_2160x1215.jpg","keywords":["Bern","Gastronomie","Migros Aare","Projekt in Planung","Spezial Immobilien"],"articleSection":["REGIONEN"],"inLanguage":"fr-FR"},{"@type":"WebPage","@id":"https:\/\/www.immobilienbusiness.ch\/regionen\/2018-05-09\/bern-migros-beendet-markthalle-projekt\/","url":"https:\/\/www.immobilienbusiness.ch\/regionen\/2018-05-09\/bern-migros-beendet-markthalle-projekt\/","name":"Berne : Migros met fin au projet de halle de march\u00e9 - IMMOBILIER Business","isPartOf":{"@id":"https:\/\/www.immobilienbusiness.ch\/#website"},"primaryImageOfPage":{"@id":"https:\/\/www.immobilienbusiness.ch\/regionen\/2018-05-09\/bern-migros-beendet-markthalle-projekt\/#primaryimage"},"image":{"@id":"https:\/\/www.immobilienbusiness.ch\/regionen\/2018-05-09\/bern-migros-beendet-markthalle-projekt\/#primaryimage"},"thumbnailUrl":"https:\/\/www.immobilienbusiness.ch\/wp-content\/uploads\/2017\/02\/Rendering2_2160x1215.jpg","datePublished":"2018-05-09T06:49:27+00:00","description":"Migros Aare ne transformera pas et ne revitalisera pas le march\u00e9 couvert de Berne comme pr\u00e9vu. La raison de ce retrait est notamment due \u00e0 des \"divergences insurmontables\" dans le cadre de la reprise pr\u00e9vue du contrat de location de Media-Markt, communique la coop\u00e9rative.","breadcrumb":{"@id":"https:\/\/www.immobilienbusiness.ch\/regionen\/2018-05-09\/bern-migros-beendet-markthalle-projekt\/#breadcrumb"},"inLanguage":"fr-FR","potentialAction":[{"@type":"ReadAction","target":["https:\/\/www.immobilienbusiness.ch\/regionen\/2018-05-09\/bern-migros-beendet-markthalle-projekt\/"]}]},{"@type":"ImageObject","inLanguage":"fr-FR","@id":"https:\/\/www.immobilienbusiness.ch\/regionen\/2018-05-09\/bern-migros-beendet-markthalle-projekt\/#primaryimage","url":"https:\/\/www.immobilienbusiness.ch\/wp-content\/uploads\/2017\/02\/Rendering2_2160x1215.jpg","contentUrl":"https:\/\/www.immobilienbusiness.ch\/wp-content\/uploads\/2017\/02\/Rendering2_2160x1215.jpg","width":2160,"height":1215,"caption":"Die Berner Markthalle soll zu einem Gastrotempel werden (Rendering: Migros Aare)"},{"@type":"BreadcrumbList","@id":"https:\/\/www.immobilienbusiness.ch\/regionen\/2018-05-09\/bern-migros-beendet-markthalle-projekt\/#breadcrumb","itemListElement":[{"@type":"ListItem","position":1,"name":"Home","item":"https:\/\/www.immobilienbusiness.ch\/"},{"@type":"ListItem","position":2,"name":"Bern: Migros beendet Markthalle-Projekt"}]},{"@type":"WebSite","@id":"https:\/\/www.immobilienbusiness.ch\/#website","url":"https:\/\/www.immobilienbusiness.ch\/","name":"IMMOBILIER Business","description":"Magazine \u00e9conomique suisse ind\u00e9pendant ax\u00e9 sur l'immobilier, l'architecture et la construction ainsi que sur les investissements et le financement.","publisher":{"@id":"https:\/\/www.immobilienbusiness.ch\/#organization"},"potentialAction":[{"@type":"SearchAction","target":{"@type":"EntryPoint","urlTemplate":"https:\/\/www.immobilienbusiness.ch\/?s={search_term_string}"},"query-input":{"@type":"PropertyValueSpecification","valueRequired":true,"valueName":"search_term_string"}}],"inLanguage":"fr-FR"},{"@type":"Organization","@id":"https:\/\/www.immobilienbusiness.ch\/#organization","name":"IMMOBILIER Business","url":"https:\/\/www.immobilienbusiness.ch\/","logo":{"@type":"ImageObject","inLanguage":"fr-FR","@id":"https:\/\/www.immobilienbusiness.ch\/#\/schema\/logo\/image\/","url":"https:\/\/www.immobilienbusiness.ch\/wp-content\/uploads\/2021\/07\/logo_ib.png","contentUrl":"https:\/\/www.immobilienbusiness.ch\/wp-content\/uploads\/2021\/07\/logo_ib.png","width":800,"height":181,"caption":"IMMOBILIEN Business"},"image":{"@id":"https:\/\/www.immobilienbusiness.ch\/#\/schema\/logo\/image\/"},"sameAs":["https:\/\/www.facebook.com\/immobilienbusiness\/"]},{"@type":"Person","@id":"https:\/\/www.immobilienbusiness.ch\/#\/schema\/person\/3fc036297b10b9f42d6db5ee932af8c8","name":"anja.hall","image":{"@type":"ImageObject","inLanguage":"fr-FR","@id":"https:\/\/secure.gravatar.com\/avatar\/066b5a0d447013502c71a5782f4f3469f03cfe595cc2329fb94652fe47511bfb?s=96&d=mm&r=g","url":"https:\/\/secure.gravatar.com\/avatar\/066b5a0d447013502c71a5782f4f3469f03cfe595cc2329fb94652fe47511bfb?s=96&d=mm&r=g","contentUrl":"https:\/\/secure.gravatar.com\/avatar\/066b5a0d447013502c71a5782f4f3469f03cfe595cc2329fb94652fe47511bfb?s=96&d=mm&r=g","caption":"anja.hall"},"url":"https:\/\/www.immobilienbusiness.ch\/fr\/author\/anja-hall\/"}]}},"_links":{"self":[{"href":"https:\/\/www.immobilienbusiness.ch\/fr\/wp-json\/wp\/v2\/posts\/12456","targetHints":{"allow":["GET"]}}],"collection":[{"href":"https:\/\/www.immobilienbusiness.ch\/fr\/wp-json\/wp\/v2\/posts"}],"about":[{"href":"https:\/\/www.immobilienbusiness.ch\/fr\/wp-json\/wp\/v2\/types\/post"}],"author":[{"embeddable":true,"href":"https:\/\/www.immobilienbusiness.ch\/fr\/wp-json\/wp\/v2\/users\/3"}],"replies":[{"embeddable":true,"href":"https:\/\/www.immobilienbusiness.ch\/fr\/wp-json\/wp\/v2\/comments?post=12456"}],"version-history":[{"count":0,"href":"https:\/\/www.immobilienbusiness.ch\/fr\/wp-json\/wp\/v2\/posts\/12456\/revisions"}],"wp:featuredmedia":[{"embeddable":true,"href":"https:\/\/www.immobilienbusiness.ch\/fr\/wp-json\/wp\/v2\/media\/6107"}],"wp:attachment":[{"href":"https:\/\/www.immobilienbusiness.ch\/fr\/wp-json\/wp\/v2\/media?parent=12456"}],"wp:term":[{"taxonomy":"category","embeddable":true,"href":"https:\/\/www.immobilienbusiness.ch\/fr\/wp-json\/wp\/v2\/categories?post=12456"},{"taxonomy":"post_tag","embeddable":true,"href":"https:\/\/www.immobilienbusiness.ch\/fr\/wp-json\/wp\/v2\/tags?post=12456"}],"curies":[{"name":"wp","href":"https:\/\/api.w.org\/{rel}","templated":true}]}}