{"id":1214,"date":"2016-05-06T09:37:11","date_gmt":"2016-05-06T07:37:11","guid":{"rendered":"http:\/\/dev.immobilienbusiness.ch\/?p=1214"},"modified":"2016-05-06T09:37:11","modified_gmt":"2016-05-06T07:37:11","slug":"baden-botta-thermalbad-kann-gebaut-werden","status":"publish","type":"post","link":"https:\/\/www.immobilienbusiness.ch\/fr\/allgemein\/2016-05-06\/baden-botta-thermalbad-kann-gebaut-werden\/","title":{"rendered":"Baignade : Le bain thermal de Botta peut \u00eatre construit"},"content":{"rendered":"<figure id=\"attachment_1215\" aria-describedby=\"caption-attachment-1215\" style=\"width: 680px\" class=\"wp-caption alignnone\"><img loading=\"lazy\" decoding=\"async\" class=\"size-medium wp-image-1215\" src=\"https:\/\/immobilienbusiness.ch\/wp-content\/uploads\/2016\/12\/Baden-Botta-Thermalbad-kann-gebaut-werden-immobilien-business.jpg\" alt=\"Modell des B\u00e4derquartiers (\u00a9 Mario Botta\/Verenahof AG)\" width=\"680\" height=\"452\" \/><figcaption id=\"caption-attachment-1215\" class=\"wp-caption-text\">Maquette du quartier des bains (\u00a9 Mario Botta\/Verenahof AG)<\/figcaption><\/figure>\n<p>La soci\u00e9t\u00e9 Verenahof AG peut d\u00e9sormais d\u00e9molir les b\u00e2timents existants sur le site et reconstruire le centre thermal ainsi qu'un immeuble d'habitation et de bureaux. Il est \u00e9galement pr\u00e9vu de construire un parking souterrain de 450 places, de r\u00e9am\u00e9nager la Parkstrasse et de r\u00e9am\u00e9nager les alentours et les rives de la Limmat sur l'immeuble Parkstrasse.<\/p>\n<p>Les conditions impos\u00e9es par le conseil municipal aux ma\u00eetres d'ouvrage concernent l'organisation du d\u00e9roulement des travaux ainsi que des questions relatives \u00e0 la viabilisation, \u00e0 la mobilit\u00e9, \u00e0 l'\u00e9nergie et \u00e0 la protection contre les crues du projet. Pour que le chantier puisse d\u00e9buter, les conditions doivent \u00eatre remplies dans les d\u00e9lais, \u00e9crit la ville de Baden dans un communiqu\u00e9.<\/p>\n<p>La demande de permis de construire concernant l'\u00eelot III, sur lequel des parties des anciens h\u00f4tels Verenahof, Ochsen et B\u00e4ren doivent \u00eatre transform\u00e9es en h\u00f4tel et en clinique, est encore en cours de proc\u00e9dure d'autorisation. Le d\u00e9lai de mise \u00e0 l'enqu\u00eate a expir\u00e9 le 29 mars 2016.<\/p>\n<p>La soci\u00e9t\u00e9 Verenahof AG estime que le premier coup de pioche pourra encore \u00eatre donn\u00e9 fin 2016, de sorte que les bains pourraient \u00eatre ouverts en 2018. Le projet de bains \u00e0 Baden a \u00e9t\u00e9 retard\u00e9 \u00e0 plusieurs reprises. A l'origine, la construction devait commencer en 2012 et l'ouverture du centre thermal \u00e9tait pr\u00e9vue pour 2015. (ah)<\/p>","protected":false},"excerpt":{"rendered":"<p>Le conseil municipal de Baden (AG) a accord\u00e9 \u00e0 la soci\u00e9t\u00e9 Verenahof AG le permis de construire pour les parcelles I et II de l'espace thermal sous conditions. Le nouveau centre thermal, con\u00e7u par le c\u00e9l\u00e8bre architecte Mario Botta, pourra ainsi \u00eatre construit.<\/p>","protected":false},"author":1,"featured_media":1215,"comment_status":"open","ping_status":"open","sticky":false,"template":"","format":"standard","meta":{"_acf_changed":false,"_yoast_wpseo_focuskw":"Baden Thermalbad","_yoast_wpseo_title":"Baden Thermalbad: Bau des Botta-Thermalbads kann starten","_yoast_wpseo_metadesc":"Angesichts der Pl\u00e4ne f\u00fcr das Thermalbad in Baden k\u00f6nnen die Bauarbeiten nach Erf\u00fcllung der Auflagen voraussichtlich noch 2016 beginnen.","_yoast_wpseo_linkdex":56,"pgc_sgb_lightbox_settings":"","footnotes":""},"categories":[1],"tags":[1529,1601,1714],"class_list":["post-1214","post","type-post","status-publish","format-standard","has-post-thumbnail","hentry","category-allgemein","tag-nord-west-schweiz","tag-projektentwicklung","tag-spezial-immobilien"],"acf":[],"yoast_head":"<!-- This site is optimized with the Yoast SEO plugin v27.4 - https:\/\/yoast.com\/product\/yoast-seo-wordpress\/ -->\n<title>Baden Thermalbad: Bau des Botta-Thermalbads kann starten<\/title>\n<meta name=\"description\" content=\"Angesichts der Pl\u00e4ne f\u00fcr das Thermalbad in Baden k\u00f6nnen die Bauarbeiten nach Erf\u00fcllung der Auflagen voraussichtlich noch 2016 beginnen.\" \/>\n<meta name=\"robots\" content=\"index, follow, max-snippet:-1, max-image-preview:large, max-video-preview:-1\" \/>\n<link rel=\"canonical\" href=\"https:\/\/www.immobilienbusiness.ch\/fr\/allgemein\/2016-05-06\/baden-botta-thermalbad-kann-gebaut-werden\/\" \/>\n<meta property=\"og:locale\" content=\"fr_FR\" \/>\n<meta property=\"og:type\" content=\"article\" \/>\n<meta property=\"og:title\" content=\"Baden: Botta-Thermalbad kann gebaut werden\" \/>\n<meta property=\"og:description\" content=\"Der Stadtrat von Baden (AG) hat der Verenahof AG die Baubewilligung f\u00fcr die Baufelder I und II im B\u00e4derareal unter Auflagen erteilt. Damit kann das neue Thermalbad, entworfen von Stararchitekt Mario Botta, gebaut werden.\" \/>\n<meta property=\"og:url\" content=\"https:\/\/www.immobilienbusiness.ch\/fr\/allgemein\/2016-05-06\/baden-botta-thermalbad-kann-gebaut-werden\/\" \/>\n<meta property=\"og:site_name\" content=\"IMMOBILIEN Business\" \/>\n<meta property=\"article:publisher\" content=\"https:\/\/www.facebook.com\/immobilienbusiness\/\" \/>\n<meta property=\"article:published_time\" content=\"2016-05-06T07:37:11+00:00\" \/>\n<meta name=\"author\" content=\"Redaktion\" \/>\n<meta name=\"twitter:card\" content=\"summary_large_image\" \/>\n<script type=\"application\/ld+json\" class=\"yoast-schema-graph\">{\"@context\":\"https:\\\/\\\/schema.org\",\"@graph\":[{\"@type\":\"Article\",\"@id\":\"https:\\\/\\\/www.immobilienbusiness.ch\\\/allgemein\\\/2016-05-06\\\/baden-botta-thermalbad-kann-gebaut-werden\\\/#article\",\"isPartOf\":{\"@id\":\"https:\\\/\\\/www.immobilienbusiness.ch\\\/allgemein\\\/2016-05-06\\\/baden-botta-thermalbad-kann-gebaut-werden\\\/\"},\"author\":{\"name\":\"Redaktion\",\"@id\":\"https:\\\/\\\/www.immobilienbusiness.ch\\\/#\\\/schema\\\/person\\\/aa2bace6c5c5aad60102004a50c4eb1c\"},\"headline\":\"Baden: Botta-Thermalbad kann gebaut werden\",\"datePublished\":\"2016-05-06T07:37:11+00:00\",\"mainEntityOfPage\":{\"@id\":\"https:\\\/\\\/www.immobilienbusiness.ch\\\/allgemein\\\/2016-05-06\\\/baden-botta-thermalbad-kann-gebaut-werden\\\/\"},\"wordCount\":205,\"commentCount\":0,\"publisher\":{\"@id\":\"https:\\\/\\\/www.immobilienbusiness.ch\\\/#organization\"},\"image\":{\"@id\":\"https:\\\/\\\/www.immobilienbusiness.ch\\\/allgemein\\\/2016-05-06\\\/baden-botta-thermalbad-kann-gebaut-werden\\\/#primaryimage\"},\"thumbnailUrl\":\"\",\"keywords\":[\"Nord-West-Schweiz\",\"Projektentwicklung\",\"Spezial Immobilien\"],\"articleSection\":[\"Allgemein\"],\"inLanguage\":\"fr-FR\"},{\"@type\":\"WebPage\",\"@id\":\"https:\\\/\\\/www.immobilienbusiness.ch\\\/allgemein\\\/2016-05-06\\\/baden-botta-thermalbad-kann-gebaut-werden\\\/\",\"url\":\"https:\\\/\\\/www.immobilienbusiness.ch\\\/allgemein\\\/2016-05-06\\\/baden-botta-thermalbad-kann-gebaut-werden\\\/\",\"name\":\"Baden Thermalbad: Bau des Botta-Thermalbads kann starten\",\"isPartOf\":{\"@id\":\"https:\\\/\\\/www.immobilienbusiness.ch\\\/#website\"},\"primaryImageOfPage\":{\"@id\":\"https:\\\/\\\/www.immobilienbusiness.ch\\\/allgemein\\\/2016-05-06\\\/baden-botta-thermalbad-kann-gebaut-werden\\\/#primaryimage\"},\"image\":{\"@id\":\"https:\\\/\\\/www.immobilienbusiness.ch\\\/allgemein\\\/2016-05-06\\\/baden-botta-thermalbad-kann-gebaut-werden\\\/#primaryimage\"},\"thumbnailUrl\":\"\",\"datePublished\":\"2016-05-06T07:37:11+00:00\",\"description\":\"Angesichts der Pl\u00e4ne f\u00fcr das Thermalbad in Baden k\u00f6nnen die Bauarbeiten nach Erf\u00fcllung der Auflagen voraussichtlich noch 2016 beginnen.\",\"breadcrumb\":{\"@id\":\"https:\\\/\\\/www.immobilienbusiness.ch\\\/allgemein\\\/2016-05-06\\\/baden-botta-thermalbad-kann-gebaut-werden\\\/#breadcrumb\"},\"inLanguage\":\"fr-FR\",\"potentialAction\":[{\"@type\":\"ReadAction\",\"target\":[\"https:\\\/\\\/www.immobilienbusiness.ch\\\/allgemein\\\/2016-05-06\\\/baden-botta-thermalbad-kann-gebaut-werden\\\/\"]}]},{\"@type\":\"ImageObject\",\"inLanguage\":\"fr-FR\",\"@id\":\"https:\\\/\\\/www.immobilienbusiness.ch\\\/allgemein\\\/2016-05-06\\\/baden-botta-thermalbad-kann-gebaut-werden\\\/#primaryimage\",\"url\":\"\",\"contentUrl\":\"\"},{\"@type\":\"BreadcrumbList\",\"@id\":\"https:\\\/\\\/www.immobilienbusiness.ch\\\/allgemein\\\/2016-05-06\\\/baden-botta-thermalbad-kann-gebaut-werden\\\/#breadcrumb\",\"itemListElement\":[{\"@type\":\"ListItem\",\"position\":1,\"name\":\"Home\",\"item\":\"https:\\\/\\\/www.immobilienbusiness.ch\\\/\"},{\"@type\":\"ListItem\",\"position\":2,\"name\":\"Baden: Botta-Thermalbad kann gebaut werden\"}]},{\"@type\":\"WebSite\",\"@id\":\"https:\\\/\\\/www.immobilienbusiness.ch\\\/#website\",\"url\":\"https:\\\/\\\/www.immobilienbusiness.ch\\\/\",\"name\":\"IMMOBILIEN Business\",\"description\":\"Unabh\u00e4ngiges Schweizer Wirtschaftsmagazin mit Fokus auf Immobilien, Architektur- und Bau sowie Investment- und Finanzierung.\",\"publisher\":{\"@id\":\"https:\\\/\\\/www.immobilienbusiness.ch\\\/#organization\"},\"potentialAction\":[{\"@type\":\"SearchAction\",\"target\":{\"@type\":\"EntryPoint\",\"urlTemplate\":\"https:\\\/\\\/www.immobilienbusiness.ch\\\/?s={search_term_string}\"},\"query-input\":{\"@type\":\"PropertyValueSpecification\",\"valueRequired\":true,\"valueName\":\"search_term_string\"}}],\"inLanguage\":\"fr-FR\"},{\"@type\":\"Organization\",\"@id\":\"https:\\\/\\\/www.immobilienbusiness.ch\\\/#organization\",\"name\":\"IMMOBILIEN Business\",\"url\":\"https:\\\/\\\/www.immobilienbusiness.ch\\\/\",\"logo\":{\"@type\":\"ImageObject\",\"inLanguage\":\"fr-FR\",\"@id\":\"https:\\\/\\\/www.immobilienbusiness.ch\\\/#\\\/schema\\\/logo\\\/image\\\/\",\"url\":\"https:\\\/\\\/www.immobilienbusiness.ch\\\/wp-content\\\/uploads\\\/2021\\\/07\\\/logo_ib.png\",\"contentUrl\":\"https:\\\/\\\/www.immobilienbusiness.ch\\\/wp-content\\\/uploads\\\/2021\\\/07\\\/logo_ib.png\",\"width\":800,\"height\":181,\"caption\":\"IMMOBILIEN Business\"},\"image\":{\"@id\":\"https:\\\/\\\/www.immobilienbusiness.ch\\\/#\\\/schema\\\/logo\\\/image\\\/\"},\"sameAs\":[\"https:\\\/\\\/www.facebook.com\\\/immobilienbusiness\\\/\"]},{\"@type\":\"Person\",\"@id\":\"https:\\\/\\\/www.immobilienbusiness.ch\\\/#\\\/schema\\\/person\\\/aa2bace6c5c5aad60102004a50c4eb1c\",\"name\":\"Redaktion\",\"image\":{\"@type\":\"ImageObject\",\"inLanguage\":\"fr-FR\",\"@id\":\"https:\\\/\\\/secure.gravatar.com\\\/avatar\\\/ae2f4d718e6c49043e314ce431e7e645d646302a24a5ef5a8bc8e3f5a032e319?s=96&d=mm&r=g\",\"url\":\"https:\\\/\\\/secure.gravatar.com\\\/avatar\\\/ae2f4d718e6c49043e314ce431e7e645d646302a24a5ef5a8bc8e3f5a032e319?s=96&d=mm&r=g\",\"contentUrl\":\"https:\\\/\\\/secure.gravatar.com\\\/avatar\\\/ae2f4d718e6c49043e314ce431e7e645d646302a24a5ef5a8bc8e3f5a032e319?s=96&d=mm&r=g\",\"caption\":\"Redaktion\"},\"sameAs\":[\"http:\\\/\\\/develop.organisator.galledia.ch\"],\"url\":\"https:\\\/\\\/www.immobilienbusiness.ch\\\/fr\\\/author\\\/admin\\\/\"}]}<\/script>\n<!-- \/ Yoast SEO plugin. -->","yoast_head_json":{"title":"Baden Thermalbad: Bau des Botta-Thermalbads kann starten","description":"Angesichts der Pl\u00e4ne f\u00fcr das Thermalbad in Baden k\u00f6nnen die Bauarbeiten nach Erf\u00fcllung der Auflagen voraussichtlich noch 2016 beginnen.","robots":{"index":"index","follow":"follow","max-snippet":"max-snippet:-1","max-image-preview":"max-image-preview:large","max-video-preview":"max-video-preview:-1"},"canonical":"https:\/\/www.immobilienbusiness.ch\/fr\/allgemein\/2016-05-06\/baden-botta-thermalbad-kann-gebaut-werden\/","og_locale":"fr_FR","og_type":"article","og_title":"Baden: Botta-Thermalbad kann gebaut werden","og_description":"Der Stadtrat von Baden (AG) hat der Verenahof AG die Baubewilligung f\u00fcr die Baufelder I und II im B\u00e4derareal unter Auflagen erteilt. Damit kann das neue Thermalbad, entworfen von Stararchitekt Mario Botta, gebaut werden.","og_url":"https:\/\/www.immobilienbusiness.ch\/fr\/allgemein\/2016-05-06\/baden-botta-thermalbad-kann-gebaut-werden\/","og_site_name":"IMMOBILIEN Business","article_publisher":"https:\/\/www.facebook.com\/immobilienbusiness\/","article_published_time":"2016-05-06T07:37:11+00:00","author":"Redaktion","twitter_card":"summary_large_image","schema":{"@context":"https:\/\/schema.org","@graph":[{"@type":"Article","@id":"https:\/\/www.immobilienbusiness.ch\/allgemein\/2016-05-06\/baden-botta-thermalbad-kann-gebaut-werden\/#article","isPartOf":{"@id":"https:\/\/www.immobilienbusiness.ch\/allgemein\/2016-05-06\/baden-botta-thermalbad-kann-gebaut-werden\/"},"author":{"name":"Redaktion","@id":"https:\/\/www.immobilienbusiness.ch\/#\/schema\/person\/aa2bace6c5c5aad60102004a50c4eb1c"},"headline":"Baden: Botta-Thermalbad kann gebaut werden","datePublished":"2016-05-06T07:37:11+00:00","mainEntityOfPage":{"@id":"https:\/\/www.immobilienbusiness.ch\/allgemein\/2016-05-06\/baden-botta-thermalbad-kann-gebaut-werden\/"},"wordCount":205,"commentCount":0,"publisher":{"@id":"https:\/\/www.immobilienbusiness.ch\/#organization"},"image":{"@id":"https:\/\/www.immobilienbusiness.ch\/allgemein\/2016-05-06\/baden-botta-thermalbad-kann-gebaut-werden\/#primaryimage"},"thumbnailUrl":"","keywords":["Nord-West-Schweiz","Projektentwicklung","Spezial Immobilien"],"articleSection":["Allgemein"],"inLanguage":"fr-FR"},{"@type":"WebPage","@id":"https:\/\/www.immobilienbusiness.ch\/allgemein\/2016-05-06\/baden-botta-thermalbad-kann-gebaut-werden\/","url":"https:\/\/www.immobilienbusiness.ch\/allgemein\/2016-05-06\/baden-botta-thermalbad-kann-gebaut-werden\/","name":"Baden Thermalbad: Bau des Botta-Thermalbads kann starten","isPartOf":{"@id":"https:\/\/www.immobilienbusiness.ch\/#website"},"primaryImageOfPage":{"@id":"https:\/\/www.immobilienbusiness.ch\/allgemein\/2016-05-06\/baden-botta-thermalbad-kann-gebaut-werden\/#primaryimage"},"image":{"@id":"https:\/\/www.immobilienbusiness.ch\/allgemein\/2016-05-06\/baden-botta-thermalbad-kann-gebaut-werden\/#primaryimage"},"thumbnailUrl":"","datePublished":"2016-05-06T07:37:11+00:00","description":"Angesichts der Pl\u00e4ne f\u00fcr das Thermalbad in Baden k\u00f6nnen die Bauarbeiten nach Erf\u00fcllung der Auflagen voraussichtlich noch 2016 beginnen.","breadcrumb":{"@id":"https:\/\/www.immobilienbusiness.ch\/allgemein\/2016-05-06\/baden-botta-thermalbad-kann-gebaut-werden\/#breadcrumb"},"inLanguage":"fr-FR","potentialAction":[{"@type":"ReadAction","target":["https:\/\/www.immobilienbusiness.ch\/allgemein\/2016-05-06\/baden-botta-thermalbad-kann-gebaut-werden\/"]}]},{"@type":"ImageObject","inLanguage":"fr-FR","@id":"https:\/\/www.immobilienbusiness.ch\/allgemein\/2016-05-06\/baden-botta-thermalbad-kann-gebaut-werden\/#primaryimage","url":"","contentUrl":""},{"@type":"BreadcrumbList","@id":"https:\/\/www.immobilienbusiness.ch\/allgemein\/2016-05-06\/baden-botta-thermalbad-kann-gebaut-werden\/#breadcrumb","itemListElement":[{"@type":"ListItem","position":1,"name":"Home","item":"https:\/\/www.immobilienbusiness.ch\/"},{"@type":"ListItem","position":2,"name":"Baden: Botta-Thermalbad kann gebaut werden"}]},{"@type":"WebSite","@id":"https:\/\/www.immobilienbusiness.ch\/#website","url":"https:\/\/www.immobilienbusiness.ch\/","name":"IMMOBILIER Business","description":"Magazine \u00e9conomique suisse ind\u00e9pendant ax\u00e9 sur l'immobilier, l'architecture et la construction ainsi que sur les investissements et le financement.","publisher":{"@id":"https:\/\/www.immobilienbusiness.ch\/#organization"},"potentialAction":[{"@type":"SearchAction","target":{"@type":"EntryPoint","urlTemplate":"https:\/\/www.immobilienbusiness.ch\/?s={search_term_string}"},"query-input":{"@type":"PropertyValueSpecification","valueRequired":true,"valueName":"search_term_string"}}],"inLanguage":"fr-FR"},{"@type":"Organization","@id":"https:\/\/www.immobilienbusiness.ch\/#organization","name":"IMMOBILIER Business","url":"https:\/\/www.immobilienbusiness.ch\/","logo":{"@type":"ImageObject","inLanguage":"fr-FR","@id":"https:\/\/www.immobilienbusiness.ch\/#\/schema\/logo\/image\/","url":"https:\/\/www.immobilienbusiness.ch\/wp-content\/uploads\/2021\/07\/logo_ib.png","contentUrl":"https:\/\/www.immobilienbusiness.ch\/wp-content\/uploads\/2021\/07\/logo_ib.png","width":800,"height":181,"caption":"IMMOBILIEN Business"},"image":{"@id":"https:\/\/www.immobilienbusiness.ch\/#\/schema\/logo\/image\/"},"sameAs":["https:\/\/www.facebook.com\/immobilienbusiness\/"]},{"@type":"Person","@id":"https:\/\/www.immobilienbusiness.ch\/#\/schema\/person\/aa2bace6c5c5aad60102004a50c4eb1c","name":"Editorial","image":{"@type":"ImageObject","inLanguage":"fr-FR","@id":"https:\/\/secure.gravatar.com\/avatar\/ae2f4d718e6c49043e314ce431e7e645d646302a24a5ef5a8bc8e3f5a032e319?s=96&d=mm&r=g","url":"https:\/\/secure.gravatar.com\/avatar\/ae2f4d718e6c49043e314ce431e7e645d646302a24a5ef5a8bc8e3f5a032e319?s=96&d=mm&r=g","contentUrl":"https:\/\/secure.gravatar.com\/avatar\/ae2f4d718e6c49043e314ce431e7e645d646302a24a5ef5a8bc8e3f5a032e319?s=96&d=mm&r=g","caption":"Redaktion"},"sameAs":["http:\/\/develop.organisator.galledia.ch"],"url":"https:\/\/www.immobilienbusiness.ch\/fr\/author\/admin\/"}]}},"_links":{"self":[{"href":"https:\/\/www.immobilienbusiness.ch\/fr\/wp-json\/wp\/v2\/posts\/1214","targetHints":{"allow":["GET"]}}],"collection":[{"href":"https:\/\/www.immobilienbusiness.ch\/fr\/wp-json\/wp\/v2\/posts"}],"about":[{"href":"https:\/\/www.immobilienbusiness.ch\/fr\/wp-json\/wp\/v2\/types\/post"}],"author":[{"embeddable":true,"href":"https:\/\/www.immobilienbusiness.ch\/fr\/wp-json\/wp\/v2\/users\/1"}],"replies":[{"embeddable":true,"href":"https:\/\/www.immobilienbusiness.ch\/fr\/wp-json\/wp\/v2\/comments?post=1214"}],"version-history":[{"count":0,"href":"https:\/\/www.immobilienbusiness.ch\/fr\/wp-json\/wp\/v2\/posts\/1214\/revisions"}],"wp:featuredmedia":[{"embeddable":true,"href":"https:\/\/www.immobilienbusiness.ch\/fr\/wp-json\/wp\/v2\/posts\/1215"}],"wp:attachment":[{"href":"https:\/\/www.immobilienbusiness.ch\/fr\/wp-json\/wp\/v2\/media?parent=1214"}],"wp:term":[{"taxonomy":"category","embeddable":true,"href":"https:\/\/www.immobilienbusiness.ch\/fr\/wp-json\/wp\/v2\/categories?post=1214"},{"taxonomy":"post_tag","embeddable":true,"href":"https:\/\/www.immobilienbusiness.ch\/fr\/wp-json\/wp\/v2\/tags?post=1214"}],"curies":[{"name":"wp","href":"https:\/\/api.w.org\/{rel}","templated":true}]}}