{"id":12127,"date":"2018-04-16T08:15:36","date_gmt":"2018-04-16T06:15:36","guid":{"rendered":"https:\/\/www.immobilienbusiness.ch\/?p=12127"},"modified":"2023-08-11T20:42:06","modified_gmt":"2023-08-11T18:42:06","slug":"schroders-ernennt-marcel-vogt-zum-chief-operating-officer","status":"publish","type":"post","link":"https:\/\/www.immobilienbusiness.ch\/fr\/unternehmen\/2018-04-16\/schroders-ernennt-marcel-vogt-zum-chief-operating-officer\/","title":{"rendered":"Schroders nomme un nouveau Chief Operating Officer"},"content":{"rendered":"<figure id=\"attachment_8199\" aria-describedby=\"caption-attachment-8199\" style=\"width: 624px\" class=\"wp-caption alignnone\"><img loading=\"lazy\" decoding=\"async\" class=\"wp-image-8199 size-full\" src=\"https:\/\/www.immobilienbusiness.ch\/wp-content\/uploads\/2017\/07\/Immobilien-Business-News-Corestate-uebernimmt-Helvetic-Financial-Services-c-depositedhar-\u2013-depositphotos.jpg\" alt=\"Marcel Vogt\" width=\"624\" height=\"378\" srcset=\"https:\/\/www.immobilienbusiness.ch\/wp-content\/uploads\/2017\/07\/Immobilien-Business-News-Corestate-uebernimmt-Helvetic-Financial-Services-c-depositedhar-\u2013-depositphotos.jpg 624w, https:\/\/www.immobilienbusiness.ch\/wp-content\/uploads\/2017\/07\/Immobilien-Business-News-Corestate-uebernimmt-Helvetic-Financial-Services-c-depositedhar-\u2013-depositphotos-300x182.jpg 300w, https:\/\/www.immobilienbusiness.ch\/wp-content\/uploads\/2017\/07\/Immobilien-Business-News-Corestate-uebernimmt-Helvetic-Financial-Services-c-depositedhar-\u2013-depositphotos-16x10.jpg 16w, https:\/\/www.immobilienbusiness.ch\/wp-content\/uploads\/2017\/07\/Immobilien-Business-News-Corestate-uebernimmt-Helvetic-Financial-Services-c-depositedhar-\u2013-depositphotos-289x175.jpg 289w, https:\/\/www.immobilienbusiness.ch\/wp-content\/uploads\/2017\/07\/Immobilien-Business-News-Corestate-uebernimmt-Helvetic-Financial-Services-c-depositedhar-\u2013-depositphotos-578x350.jpg 578w\" sizes=\"auto, (max-width: 624px) 100vw, 624px\" \/><figcaption id=\"caption-attachment-8199\" class=\"wp-caption-text\">Marcel Vogt a \u00e9t\u00e9 nomm\u00e9 nouveau COO chez Schroders Suisse (Image : depositedhotos)<\/figcaption><\/figure>\n<p>Marcel Vogt devra soutenir la future croissance op\u00e9rationnelle de Schroders en Suisse ainsi que le d\u00e9veloppement des \u00e9quipes d'investissement sur place, indique Schroders. Il dirigera en outre les secteurs Investment Controlling, Risk Management et Dealing Fixed Income. Il devrait se concentrer sur le d\u00e9veloppement de la division Insurance-Linked Securities (ILS) au sein du groupe Schroders.<\/p>\n<p>Vogt a rejoint Schroders le 3 avril ; il travaille \u00e0 Zurich et rend compte \u00e0 Andreas Markwalder, Country Head Switzerland. Auparavant, il travaillait pour le Credit Suisse depuis 2014. Auparavant, il a travaill\u00e9 pendant plus de dix ans \u00e0 diff\u00e9rents postes chez Man Investments, en dernier lieu en tant que Project and Business Change Manager.<\/p>\n<p>&nbsp;<\/p>","protected":false},"excerpt":{"rendered":"<p>Marcel Vogt est le nouveau Chief Operating Officer (COO) de Schroders Suisse. Il quitte le Credit Suisse, o\u00f9 il \u00e9tait responsable de projets de fonds en tant que Senior Project Manager.<\/p>","protected":false},"author":3,"featured_media":8199,"comment_status":"closed","ping_status":"closed","sticky":false,"template":"","format":"standard","meta":{"_acf_changed":false,"_yoast_wpseo_focuskw":"Marcel Vogt","_yoast_wpseo_title":"","_yoast_wpseo_metadesc":"Marcel Vogt ist neuer Chief Operating Officer (COO) bei Schroders Schweiz. Er wechselt von der Credit Suisse, wo er als Senior Project Manager f\u00fcr Fondsprojekte verantwortlich war.","_yoast_wpseo_linkdex":56,"pgc_sgb_lightbox_settings":"","footnotes":""},"categories":[988],"tags":[1563,1807],"class_list":["post-12127","post","type-post","status-publish","format-standard","has-post-thumbnail","hentry","category-unternehmen","tag-personalia","tag-unternehmen"],"acf":[],"yoast_head":"<!-- This site is optimized with the Yoast SEO plugin v27.4 - https:\/\/yoast.com\/product\/yoast-seo-wordpress\/ -->\n<title>Schroders ernennt neuen Chief Operating Officer - IMMOBILIEN Business<\/title>\n<meta name=\"description\" content=\"Marcel Vogt ist neuer Chief Operating Officer (COO) bei Schroders Schweiz. Er wechselt von der Credit Suisse, wo er als Senior Project Manager f\u00fcr Fondsprojekte verantwortlich war.\" \/>\n<meta name=\"robots\" content=\"index, follow, max-snippet:-1, max-image-preview:large, max-video-preview:-1\" \/>\n<link rel=\"canonical\" href=\"https:\/\/www.immobilienbusiness.ch\/fr\/unternehmen\/2018-04-16\/schroders-ernennt-marcel-vogt-zum-chief-operating-officer\/\" \/>\n<meta property=\"og:locale\" content=\"fr_FR\" \/>\n<meta property=\"og:type\" content=\"article\" \/>\n<meta property=\"og:title\" content=\"Schroders ernennt neuen Chief Operating Officer - IMMOBILIEN Business\" \/>\n<meta property=\"og:description\" content=\"Marcel Vogt ist neuer Chief Operating Officer (COO) bei Schroders Schweiz. Er wechselt von der Credit Suisse, wo er als Senior Project Manager f\u00fcr Fondsprojekte verantwortlich war.\" \/>\n<meta property=\"og:url\" content=\"https:\/\/www.immobilienbusiness.ch\/fr\/unternehmen\/2018-04-16\/schroders-ernennt-marcel-vogt-zum-chief-operating-officer\/\" \/>\n<meta property=\"og:site_name\" content=\"IMMOBILIEN Business\" \/>\n<meta property=\"article:publisher\" content=\"https:\/\/www.facebook.com\/immobilienbusiness\/\" \/>\n<meta property=\"article:published_time\" content=\"2018-04-16T06:15:36+00:00\" \/>\n<meta property=\"article:modified_time\" content=\"2023-08-11T18:42:06+00:00\" \/>\n<meta property=\"og:image\" content=\"https:\/\/www.immobilienbusiness.ch\/wp-content\/uploads\/2017\/07\/Immobilien-Business-News-Corestate-uebernimmt-Helvetic-Financial-Services-c-depositedhar-\u2013-depositphotos.jpg\" \/>\n\t<meta property=\"og:image:width\" content=\"624\" \/>\n\t<meta property=\"og:image:height\" content=\"378\" \/>\n\t<meta property=\"og:image:type\" content=\"image\/jpeg\" \/>\n<meta name=\"author\" content=\"anja.hall\" \/>\n<meta name=\"twitter:card\" content=\"summary_large_image\" \/>\n<meta name=\"twitter:image\" content=\"https:\/\/www.immobilienbusiness.ch\/wp-content\/uploads\/2017\/07\/Immobilien-Business-News-Corestate-\u00fcbernimmt-Helvetic-Financial-Services-c-depositedhar-\u2013-depositphotos.jpg\" \/>\n<script type=\"application\/ld+json\" class=\"yoast-schema-graph\">{\"@context\":\"https:\\\/\\\/schema.org\",\"@graph\":[{\"@type\":\"Article\",\"@id\":\"https:\\\/\\\/www.immobilienbusiness.ch\\\/en\\\/unternehmen\\\/2018-04-16\\\/schroders-ernennt-marcel-vogt-zum-chief-operating-officer\\\/#article\",\"isPartOf\":{\"@id\":\"https:\\\/\\\/www.immobilienbusiness.ch\\\/en\\\/unternehmen\\\/2018-04-16\\\/schroders-ernennt-marcel-vogt-zum-chief-operating-officer\\\/\"},\"author\":{\"name\":\"anja.hall\",\"@id\":\"https:\\\/\\\/www.immobilienbusiness.ch\\\/#\\\/schema\\\/person\\\/3fc036297b10b9f42d6db5ee932af8c8\"},\"headline\":\"Schroders ernennt neuen Chief Operating Officer\",\"datePublished\":\"2018-04-16T06:15:36+00:00\",\"dateModified\":\"2023-08-11T18:42:06+00:00\",\"mainEntityOfPage\":{\"@id\":\"https:\\\/\\\/www.immobilienbusiness.ch\\\/en\\\/unternehmen\\\/2018-04-16\\\/schroders-ernennt-marcel-vogt-zum-chief-operating-officer\\\/\"},\"wordCount\":135,\"publisher\":{\"@id\":\"https:\\\/\\\/www.immobilienbusiness.ch\\\/#organization\"},\"image\":{\"@id\":\"https:\\\/\\\/www.immobilienbusiness.ch\\\/en\\\/unternehmen\\\/2018-04-16\\\/schroders-ernennt-marcel-vogt-zum-chief-operating-officer\\\/#primaryimage\"},\"thumbnailUrl\":\"https:\\\/\\\/www.immobilienbusiness.ch\\\/wp-content\\\/uploads\\\/2017\\\/07\\\/Immobilien-Business-News-Corestate-uebernimmt-Helvetic-Financial-Services-c-depositedhar-\u2013-depositphotos.jpg\",\"keywords\":[\"Personalia\",\"Unternehmen\"],\"articleSection\":[\"UNTERNEHMEN\"],\"inLanguage\":\"fr-FR\"},{\"@type\":\"WebPage\",\"@id\":\"https:\\\/\\\/www.immobilienbusiness.ch\\\/en\\\/unternehmen\\\/2018-04-16\\\/schroders-ernennt-marcel-vogt-zum-chief-operating-officer\\\/\",\"url\":\"https:\\\/\\\/www.immobilienbusiness.ch\\\/en\\\/unternehmen\\\/2018-04-16\\\/schroders-ernennt-marcel-vogt-zum-chief-operating-officer\\\/\",\"name\":\"Schroders ernennt neuen Chief Operating Officer - IMMOBILIEN Business\",\"isPartOf\":{\"@id\":\"https:\\\/\\\/www.immobilienbusiness.ch\\\/#website\"},\"primaryImageOfPage\":{\"@id\":\"https:\\\/\\\/www.immobilienbusiness.ch\\\/en\\\/unternehmen\\\/2018-04-16\\\/schroders-ernennt-marcel-vogt-zum-chief-operating-officer\\\/#primaryimage\"},\"image\":{\"@id\":\"https:\\\/\\\/www.immobilienbusiness.ch\\\/en\\\/unternehmen\\\/2018-04-16\\\/schroders-ernennt-marcel-vogt-zum-chief-operating-officer\\\/#primaryimage\"},\"thumbnailUrl\":\"https:\\\/\\\/www.immobilienbusiness.ch\\\/wp-content\\\/uploads\\\/2017\\\/07\\\/Immobilien-Business-News-Corestate-uebernimmt-Helvetic-Financial-Services-c-depositedhar-\u2013-depositphotos.jpg\",\"datePublished\":\"2018-04-16T06:15:36+00:00\",\"dateModified\":\"2023-08-11T18:42:06+00:00\",\"description\":\"Marcel Vogt ist neuer Chief Operating Officer (COO) bei Schroders Schweiz. Er wechselt von der Credit Suisse, wo er als Senior Project Manager f\u00fcr Fondsprojekte verantwortlich war.\",\"breadcrumb\":{\"@id\":\"https:\\\/\\\/www.immobilienbusiness.ch\\\/en\\\/unternehmen\\\/2018-04-16\\\/schroders-ernennt-marcel-vogt-zum-chief-operating-officer\\\/#breadcrumb\"},\"inLanguage\":\"fr-FR\",\"potentialAction\":[{\"@type\":\"ReadAction\",\"target\":[\"https:\\\/\\\/www.immobilienbusiness.ch\\\/en\\\/unternehmen\\\/2018-04-16\\\/schroders-ernennt-marcel-vogt-zum-chief-operating-officer\\\/\"]}]},{\"@type\":\"ImageObject\",\"inLanguage\":\"fr-FR\",\"@id\":\"https:\\\/\\\/www.immobilienbusiness.ch\\\/en\\\/unternehmen\\\/2018-04-16\\\/schroders-ernennt-marcel-vogt-zum-chief-operating-officer\\\/#primaryimage\",\"url\":\"https:\\\/\\\/www.immobilienbusiness.ch\\\/wp-content\\\/uploads\\\/2017\\\/07\\\/Immobilien-Business-News-Corestate-uebernimmt-Helvetic-Financial-Services-c-depositedhar-\u2013-depositphotos.jpg\",\"contentUrl\":\"https:\\\/\\\/www.immobilienbusiness.ch\\\/wp-content\\\/uploads\\\/2017\\\/07\\\/Immobilien-Business-News-Corestate-uebernimmt-Helvetic-Financial-Services-c-depositedhar-\u2013-depositphotos.jpg\",\"width\":624,\"height\":378,\"caption\":\"Corestate erwirbt die HFS Helvetic Financial Services AG in Wollerau (Bild: depositedhar - depositphotos)\"},{\"@type\":\"BreadcrumbList\",\"@id\":\"https:\\\/\\\/www.immobilienbusiness.ch\\\/en\\\/unternehmen\\\/2018-04-16\\\/schroders-ernennt-marcel-vogt-zum-chief-operating-officer\\\/#breadcrumb\",\"itemListElement\":[{\"@type\":\"ListItem\",\"position\":1,\"name\":\"Home\",\"item\":\"https:\\\/\\\/www.immobilienbusiness.ch\\\/\"},{\"@type\":\"ListItem\",\"position\":2,\"name\":\"Schroders ernennt neuen Chief Operating Officer\"}]},{\"@type\":\"WebSite\",\"@id\":\"https:\\\/\\\/www.immobilienbusiness.ch\\\/#website\",\"url\":\"https:\\\/\\\/www.immobilienbusiness.ch\\\/\",\"name\":\"IMMOBILIEN Business\",\"description\":\"Unabh\u00e4ngiges Schweizer Wirtschaftsmagazin mit Fokus auf Immobilien, Architektur- und Bau sowie Investment- und Finanzierung.\",\"publisher\":{\"@id\":\"https:\\\/\\\/www.immobilienbusiness.ch\\\/#organization\"},\"potentialAction\":[{\"@type\":\"SearchAction\",\"target\":{\"@type\":\"EntryPoint\",\"urlTemplate\":\"https:\\\/\\\/www.immobilienbusiness.ch\\\/?s={search_term_string}\"},\"query-input\":{\"@type\":\"PropertyValueSpecification\",\"valueRequired\":true,\"valueName\":\"search_term_string\"}}],\"inLanguage\":\"fr-FR\"},{\"@type\":\"Organization\",\"@id\":\"https:\\\/\\\/www.immobilienbusiness.ch\\\/#organization\",\"name\":\"IMMOBILIEN Business\",\"url\":\"https:\\\/\\\/www.immobilienbusiness.ch\\\/\",\"logo\":{\"@type\":\"ImageObject\",\"inLanguage\":\"fr-FR\",\"@id\":\"https:\\\/\\\/www.immobilienbusiness.ch\\\/#\\\/schema\\\/logo\\\/image\\\/\",\"url\":\"https:\\\/\\\/www.immobilienbusiness.ch\\\/wp-content\\\/uploads\\\/2021\\\/07\\\/logo_ib.png\",\"contentUrl\":\"https:\\\/\\\/www.immobilienbusiness.ch\\\/wp-content\\\/uploads\\\/2021\\\/07\\\/logo_ib.png\",\"width\":800,\"height\":181,\"caption\":\"IMMOBILIEN Business\"},\"image\":{\"@id\":\"https:\\\/\\\/www.immobilienbusiness.ch\\\/#\\\/schema\\\/logo\\\/image\\\/\"},\"sameAs\":[\"https:\\\/\\\/www.facebook.com\\\/immobilienbusiness\\\/\"]},{\"@type\":\"Person\",\"@id\":\"https:\\\/\\\/www.immobilienbusiness.ch\\\/#\\\/schema\\\/person\\\/3fc036297b10b9f42d6db5ee932af8c8\",\"name\":\"anja.hall\",\"image\":{\"@type\":\"ImageObject\",\"inLanguage\":\"fr-FR\",\"@id\":\"https:\\\/\\\/secure.gravatar.com\\\/avatar\\\/066b5a0d447013502c71a5782f4f3469f03cfe595cc2329fb94652fe47511bfb?s=96&d=mm&r=g\",\"url\":\"https:\\\/\\\/secure.gravatar.com\\\/avatar\\\/066b5a0d447013502c71a5782f4f3469f03cfe595cc2329fb94652fe47511bfb?s=96&d=mm&r=g\",\"contentUrl\":\"https:\\\/\\\/secure.gravatar.com\\\/avatar\\\/066b5a0d447013502c71a5782f4f3469f03cfe595cc2329fb94652fe47511bfb?s=96&d=mm&r=g\",\"caption\":\"anja.hall\"},\"url\":\"https:\\\/\\\/www.immobilienbusiness.ch\\\/fr\\\/author\\\/anja-hall\\\/\"}]}<\/script>\n<!-- \/ Yoast SEO plugin. -->","yoast_head_json":{"title":"Schroders ernennt neuen Chief Operating Officer - IMMOBILIEN Business","description":"Marcel Vogt est le nouveau Chief Operating Officer (COO) de Schroders Suisse. Il quitte le Credit Suisse, o\u00f9 il \u00e9tait responsable de projets de fonds en tant que Senior Project Manager.","robots":{"index":"index","follow":"follow","max-snippet":"max-snippet:-1","max-image-preview":"max-image-preview:large","max-video-preview":"max-video-preview:-1"},"canonical":"https:\/\/www.immobilienbusiness.ch\/fr\/unternehmen\/2018-04-16\/schroders-ernennt-marcel-vogt-zum-chief-operating-officer\/","og_locale":"fr_FR","og_type":"article","og_title":"Schroders ernennt neuen Chief Operating Officer - IMMOBILIEN Business","og_description":"Marcel Vogt ist neuer Chief Operating Officer (COO) bei Schroders Schweiz. Er wechselt von der Credit Suisse, wo er als Senior Project Manager f\u00fcr Fondsprojekte verantwortlich war.","og_url":"https:\/\/www.immobilienbusiness.ch\/fr\/unternehmen\/2018-04-16\/schroders-ernennt-marcel-vogt-zum-chief-operating-officer\/","og_site_name":"IMMOBILIEN Business","article_publisher":"https:\/\/www.facebook.com\/immobilienbusiness\/","article_published_time":"2018-04-16T06:15:36+00:00","article_modified_time":"2023-08-11T18:42:06+00:00","og_image":[{"width":624,"height":378,"url":"https:\/\/www.immobilienbusiness.ch\/wp-content\/uploads\/2017\/07\/Immobilien-Business-News-Corestate-uebernimmt-Helvetic-Financial-Services-c-depositedhar-\u2013-depositphotos.jpg","type":"image\/jpeg"}],"author":"anja.hall","twitter_card":"summary_large_image","twitter_image":"https:\/\/www.immobilienbusiness.ch\/wp-content\/uploads\/2017\/07\/Immobilien-Business-News-Corestate-\u00fcbernimmt-Helvetic-Financial-Services-c-depositedhar-\u2013-depositphotos.jpg","schema":{"@context":"https:\/\/schema.org","@graph":[{"@type":"Article","@id":"https:\/\/www.immobilienbusiness.ch\/en\/unternehmen\/2018-04-16\/schroders-ernennt-marcel-vogt-zum-chief-operating-officer\/#article","isPartOf":{"@id":"https:\/\/www.immobilienbusiness.ch\/en\/unternehmen\/2018-04-16\/schroders-ernennt-marcel-vogt-zum-chief-operating-officer\/"},"author":{"name":"anja.hall","@id":"https:\/\/www.immobilienbusiness.ch\/#\/schema\/person\/3fc036297b10b9f42d6db5ee932af8c8"},"headline":"Schroders ernennt neuen Chief Operating Officer","datePublished":"2018-04-16T06:15:36+00:00","dateModified":"2023-08-11T18:42:06+00:00","mainEntityOfPage":{"@id":"https:\/\/www.immobilienbusiness.ch\/en\/unternehmen\/2018-04-16\/schroders-ernennt-marcel-vogt-zum-chief-operating-officer\/"},"wordCount":135,"publisher":{"@id":"https:\/\/www.immobilienbusiness.ch\/#organization"},"image":{"@id":"https:\/\/www.immobilienbusiness.ch\/en\/unternehmen\/2018-04-16\/schroders-ernennt-marcel-vogt-zum-chief-operating-officer\/#primaryimage"},"thumbnailUrl":"https:\/\/www.immobilienbusiness.ch\/wp-content\/uploads\/2017\/07\/Immobilien-Business-News-Corestate-uebernimmt-Helvetic-Financial-Services-c-depositedhar-\u2013-depositphotos.jpg","keywords":["Personalia","Unternehmen"],"articleSection":["UNTERNEHMEN"],"inLanguage":"fr-FR"},{"@type":"WebPage","@id":"https:\/\/www.immobilienbusiness.ch\/en\/unternehmen\/2018-04-16\/schroders-ernennt-marcel-vogt-zum-chief-operating-officer\/","url":"https:\/\/www.immobilienbusiness.ch\/en\/unternehmen\/2018-04-16\/schroders-ernennt-marcel-vogt-zum-chief-operating-officer\/","name":"Schroders ernennt neuen Chief Operating Officer - IMMOBILIEN Business","isPartOf":{"@id":"https:\/\/www.immobilienbusiness.ch\/#website"},"primaryImageOfPage":{"@id":"https:\/\/www.immobilienbusiness.ch\/en\/unternehmen\/2018-04-16\/schroders-ernennt-marcel-vogt-zum-chief-operating-officer\/#primaryimage"},"image":{"@id":"https:\/\/www.immobilienbusiness.ch\/en\/unternehmen\/2018-04-16\/schroders-ernennt-marcel-vogt-zum-chief-operating-officer\/#primaryimage"},"thumbnailUrl":"https:\/\/www.immobilienbusiness.ch\/wp-content\/uploads\/2017\/07\/Immobilien-Business-News-Corestate-uebernimmt-Helvetic-Financial-Services-c-depositedhar-\u2013-depositphotos.jpg","datePublished":"2018-04-16T06:15:36+00:00","dateModified":"2023-08-11T18:42:06+00:00","description":"Marcel Vogt est le nouveau Chief Operating Officer (COO) de Schroders Suisse. Il quitte le Credit Suisse, o\u00f9 il \u00e9tait responsable de projets de fonds en tant que Senior Project Manager.","breadcrumb":{"@id":"https:\/\/www.immobilienbusiness.ch\/en\/unternehmen\/2018-04-16\/schroders-ernennt-marcel-vogt-zum-chief-operating-officer\/#breadcrumb"},"inLanguage":"fr-FR","potentialAction":[{"@type":"ReadAction","target":["https:\/\/www.immobilienbusiness.ch\/en\/unternehmen\/2018-04-16\/schroders-ernennt-marcel-vogt-zum-chief-operating-officer\/"]}]},{"@type":"ImageObject","inLanguage":"fr-FR","@id":"https:\/\/www.immobilienbusiness.ch\/en\/unternehmen\/2018-04-16\/schroders-ernennt-marcel-vogt-zum-chief-operating-officer\/#primaryimage","url":"https:\/\/www.immobilienbusiness.ch\/wp-content\/uploads\/2017\/07\/Immobilien-Business-News-Corestate-uebernimmt-Helvetic-Financial-Services-c-depositedhar-\u2013-depositphotos.jpg","contentUrl":"https:\/\/www.immobilienbusiness.ch\/wp-content\/uploads\/2017\/07\/Immobilien-Business-News-Corestate-uebernimmt-Helvetic-Financial-Services-c-depositedhar-\u2013-depositphotos.jpg","width":624,"height":378,"caption":"Corestate erwirbt die HFS Helvetic Financial Services AG in Wollerau (Bild: depositedhar - depositphotos)"},{"@type":"BreadcrumbList","@id":"https:\/\/www.immobilienbusiness.ch\/en\/unternehmen\/2018-04-16\/schroders-ernennt-marcel-vogt-zum-chief-operating-officer\/#breadcrumb","itemListElement":[{"@type":"ListItem","position":1,"name":"Home","item":"https:\/\/www.immobilienbusiness.ch\/"},{"@type":"ListItem","position":2,"name":"Schroders ernennt neuen Chief Operating Officer"}]},{"@type":"WebSite","@id":"https:\/\/www.immobilienbusiness.ch\/#website","url":"https:\/\/www.immobilienbusiness.ch\/","name":"IMMOBILIER Business","description":"Magazine \u00e9conomique suisse ind\u00e9pendant ax\u00e9 sur l'immobilier, l'architecture et la construction ainsi que sur les investissements et le financement.","publisher":{"@id":"https:\/\/www.immobilienbusiness.ch\/#organization"},"potentialAction":[{"@type":"SearchAction","target":{"@type":"EntryPoint","urlTemplate":"https:\/\/www.immobilienbusiness.ch\/?s={search_term_string}"},"query-input":{"@type":"PropertyValueSpecification","valueRequired":true,"valueName":"search_term_string"}}],"inLanguage":"fr-FR"},{"@type":"Organization","@id":"https:\/\/www.immobilienbusiness.ch\/#organization","name":"IMMOBILIER Business","url":"https:\/\/www.immobilienbusiness.ch\/","logo":{"@type":"ImageObject","inLanguage":"fr-FR","@id":"https:\/\/www.immobilienbusiness.ch\/#\/schema\/logo\/image\/","url":"https:\/\/www.immobilienbusiness.ch\/wp-content\/uploads\/2021\/07\/logo_ib.png","contentUrl":"https:\/\/www.immobilienbusiness.ch\/wp-content\/uploads\/2021\/07\/logo_ib.png","width":800,"height":181,"caption":"IMMOBILIEN Business"},"image":{"@id":"https:\/\/www.immobilienbusiness.ch\/#\/schema\/logo\/image\/"},"sameAs":["https:\/\/www.facebook.com\/immobilienbusiness\/"]},{"@type":"Person","@id":"https:\/\/www.immobilienbusiness.ch\/#\/schema\/person\/3fc036297b10b9f42d6db5ee932af8c8","name":"anja.hall","image":{"@type":"ImageObject","inLanguage":"fr-FR","@id":"https:\/\/secure.gravatar.com\/avatar\/066b5a0d447013502c71a5782f4f3469f03cfe595cc2329fb94652fe47511bfb?s=96&d=mm&r=g","url":"https:\/\/secure.gravatar.com\/avatar\/066b5a0d447013502c71a5782f4f3469f03cfe595cc2329fb94652fe47511bfb?s=96&d=mm&r=g","contentUrl":"https:\/\/secure.gravatar.com\/avatar\/066b5a0d447013502c71a5782f4f3469f03cfe595cc2329fb94652fe47511bfb?s=96&d=mm&r=g","caption":"anja.hall"},"url":"https:\/\/www.immobilienbusiness.ch\/fr\/author\/anja-hall\/"}]}},"_links":{"self":[{"href":"https:\/\/www.immobilienbusiness.ch\/fr\/wp-json\/wp\/v2\/posts\/12127","targetHints":{"allow":["GET"]}}],"collection":[{"href":"https:\/\/www.immobilienbusiness.ch\/fr\/wp-json\/wp\/v2\/posts"}],"about":[{"href":"https:\/\/www.immobilienbusiness.ch\/fr\/wp-json\/wp\/v2\/types\/post"}],"author":[{"embeddable":true,"href":"https:\/\/www.immobilienbusiness.ch\/fr\/wp-json\/wp\/v2\/users\/3"}],"replies":[{"embeddable":true,"href":"https:\/\/www.immobilienbusiness.ch\/fr\/wp-json\/wp\/v2\/comments?post=12127"}],"version-history":[{"count":1,"href":"https:\/\/www.immobilienbusiness.ch\/fr\/wp-json\/wp\/v2\/posts\/12127\/revisions"}],"predecessor-version":[{"id":52074,"href":"https:\/\/www.immobilienbusiness.ch\/fr\/wp-json\/wp\/v2\/posts\/12127\/revisions\/52074"}],"wp:featuredmedia":[{"embeddable":true,"href":"https:\/\/www.immobilienbusiness.ch\/fr\/wp-json\/wp\/v2\/media\/8199"}],"wp:attachment":[{"href":"https:\/\/www.immobilienbusiness.ch\/fr\/wp-json\/wp\/v2\/media?parent=12127"}],"wp:term":[{"taxonomy":"category","embeddable":true,"href":"https:\/\/www.immobilienbusiness.ch\/fr\/wp-json\/wp\/v2\/categories?post=12127"},{"taxonomy":"post_tag","embeddable":true,"href":"https:\/\/www.immobilienbusiness.ch\/fr\/wp-json\/wp\/v2\/tags?post=12127"}],"curies":[{"name":"wp","href":"https:\/\/api.w.org\/{rel}","templated":true}]}}