{"id":12082,"date":"2018-04-11T08:43:11","date_gmt":"2018-04-11T06:43:11","guid":{"rendered":"https:\/\/www.immobilienbusiness.ch\/?p=12082"},"modified":"2018-04-11T08:43:11","modified_gmt":"2018-04-11T06:43:11","slug":"neues-wohn-und-gewerbequartier-fuer-pratteln-in-planung","status":"publish","type":"post","link":"https:\/\/www.immobilienbusiness.ch\/fr\/regionen\/2018-04-11\/neues-wohn-und-gewerbequartier-fuer-pratteln-in-planung\/","title":{"rendered":"Nouveau quartier r\u00e9sidentiel et commercial en projet pour Pratteln"},"content":{"rendered":"<figure id=\"attachment_5802\" aria-describedby=\"caption-attachment-5802\" style=\"width: 680px\" class=\"wp-caption alignnone\"><img loading=\"lazy\" decoding=\"async\" class=\"size-medium wp-image-5802\" src=\"https:\/\/www.immobilienbusiness.ch\/wp-content\/uploads\/2017\/01\/Depositphotos_6695177_l-2015.jpg\" alt=\"\" width=\"680\" height=\"453\" srcset=\"https:\/\/www.immobilienbusiness.ch\/wp-content\/uploads\/2017\/01\/Depositphotos_6695177_l-2015.jpg 2000w, https:\/\/www.immobilienbusiness.ch\/wp-content\/uploads\/2017\/01\/Depositphotos_6695177_l-2015-300x200.jpg 300w, https:\/\/www.immobilienbusiness.ch\/wp-content\/uploads\/2017\/01\/Depositphotos_6695177_l-2015-1024x682.jpg 1024w, https:\/\/www.immobilienbusiness.ch\/wp-content\/uploads\/2017\/01\/Depositphotos_6695177_l-2015-768x512.jpg 768w, https:\/\/www.immobilienbusiness.ch\/wp-content\/uploads\/2017\/01\/Depositphotos_6695177_l-2015-1536x1024.jpg 1536w, https:\/\/www.immobilienbusiness.ch\/wp-content\/uploads\/2017\/01\/Depositphotos_6695177_l-2015-16x12.jpg 16w, https:\/\/www.immobilienbusiness.ch\/wp-content\/uploads\/2017\/01\/Depositphotos_6695177_l-2015-263x175.jpg 263w, https:\/\/www.immobilienbusiness.ch\/wp-content\/uploads\/2017\/01\/Depositphotos_6695177_l-2015-525x350.jpg 525w, https:\/\/www.immobilienbusiness.ch\/wp-content\/uploads\/2017\/01\/Depositphotos_6695177_l-2015-1200x800.jpg 1200w, https:\/\/www.immobilienbusiness.ch\/wp-content\/uploads\/2017\/01\/Depositphotos_6695177_l-2015-920x613.jpg 920w, https:\/\/www.immobilienbusiness.ch\/wp-content\/uploads\/2017\/01\/Depositphotos_6695177_l-2015-1400x933.jpg 1400w\" sizes=\"auto, (max-width: 680px) 100vw, 680px\" \/><figcaption id=\"caption-attachment-5802\" class=\"wp-caption-text\">Un quartier r\u00e9sidentiel et commercial doit voir le jour \u00e0 Pratteln (image symbolique : .shock - depositphotos)<\/figcaption><\/figure>\n<p>Selon Logis Suisse, le site a un potentiel d'environ 470 logements et 20 000 m\u00b2 d'activit\u00e9s commerciales. La soci\u00e9t\u00e9 est propri\u00e9taire de la surface depuis d\u00e9but 2016, mais elle souhaite confier une grande partie des projets de logements \u00e0 des promoteurs r\u00e9gionaux d'utilit\u00e9 publique une fois la proc\u00e9dure de plan de quartier termin\u00e9e.<\/p>\n<div class=\"field field--name-field-paragraphs field--type-entity-reference-revisions field--label-hidden field__items\">\n<div class=\"paragraph paragraph--type--text paragraph--view-mode--default\">\n<div class=\"field field--name-field-text field--type-text-long field--label-hidden\">\n<p>Le projet \"Zentrale Pratteln\" de Bachelard Wagner Architekten de B\u00e2le et des architectes paysagistes Raderschallpartner de Meilen a remport\u00e9 le concours d'urbanisme. Le projet pr\u00e9voit quatre b\u00e2timents en forme de barres, dispos\u00e9s en rectangle. Le b\u00e2timent existant et le silo \u00e0 sucre accueilleront des bureaux et des commerces. La commune de Pratteln pr\u00e9voit \u00e9galement de construire sur le terrain un nouveau complexe scolaire avec un gymnase triple.<\/p>\n<p>Le concept urbanistique doit maintenant \u00eatre d\u00e9velopp\u00e9 en un projet indicatif qui servira de base \u00e0 une proc\u00e9dure ordinaire de plan de quartier. La construction pourrait commencer au plus t\u00f4t en 2022.<\/p>\n<\/div>\n<\/div>\n<\/div>","protected":false},"excerpt":{"rendered":"<p>La soci\u00e9t\u00e9 de construction de logements d'utilit\u00e9 publique Logis Suisse veut d\u00e9velopper le site de l'ancienne centrale de distribution Coop \u00e0 Pratteln (BL) en un quartier r\u00e9sidentiel et commercial. Le projet de Bachelard Wagner Architekten et de Raderschallpartner AG Landschaftsarchitekten a \u00e9t\u00e9 retenu pour le r\u00e9am\u00e9nagement de ce terrain de 40 000 m2.<\/p>","protected":false},"author":3,"featured_media":5802,"comment_status":"open","ping_status":"open","sticky":false,"template":"","format":"standard","meta":{"_acf_changed":false,"_yoast_wpseo_focuskw":"Pratteln","_yoast_wpseo_title":"","_yoast_wpseo_metadesc":"Logis Suisse will das Areal\u00a0der ehemaligen Coop-Verteilzentrale in Pratteln (BL) zu einem Wohn- und Gewerbequartier entwickeln.\u00a0Der Entwurf von Bachelard Wagner Architekten und\u00a0Raderschallpartner Landschaftsarchitekten\u00a0wurde\u00a0f\u00fcr die Neugestaltung des 40.000 qm grossen Grundst\u00fccks ausgew\u00e4hlt.","_yoast_wpseo_linkdex":66,"pgc_sgb_lightbox_settings":"","footnotes":""},"categories":[985],"tags":[1592,1600,1863],"class_list":["post-12082","post","type-post","status-publish","format-standard","has-post-thumbnail","hentry","category-regionen","tag-pratteln","tag-projekt-in-planung","tag-wohnimmobilien"],"acf":[],"yoast_head":"<!-- This site is optimized with the Yoast SEO plugin v27.4 - https:\/\/yoast.com\/product\/yoast-seo-wordpress\/ -->\n<title>Neues Wohn- und Gewerbequartier f\u00fcr Pratteln in Planung - IMMOBILIEN Business<\/title>\n<meta name=\"description\" content=\"Logis Suisse will das Areal\u00a0der ehemaligen Coop-Verteilzentrale in Pratteln (BL) zu einem Wohn- und Gewerbequartier entwickeln.\u00a0Der Entwurf von Bachelard Wagner Architekten und\u00a0Raderschallpartner Landschaftsarchitekten\u00a0wurde\u00a0f\u00fcr die Neugestaltung des 40.000 qm grossen Grundst\u00fccks ausgew\u00e4hlt.\" \/>\n<meta name=\"robots\" content=\"index, follow, max-snippet:-1, max-image-preview:large, max-video-preview:-1\" \/>\n<link rel=\"canonical\" href=\"https:\/\/www.immobilienbusiness.ch\/fr\/regionen\/2018-04-11\/neues-wohn-und-gewerbequartier-fuer-pratteln-in-planung\/\" \/>\n<meta property=\"og:locale\" content=\"fr_FR\" \/>\n<meta property=\"og:type\" content=\"article\" \/>\n<meta property=\"og:title\" content=\"Neues Wohn- und Gewerbequartier f\u00fcr Pratteln in Planung - IMMOBILIEN Business\" \/>\n<meta property=\"og:description\" content=\"Logis Suisse will das Areal\u00a0der ehemaligen Coop-Verteilzentrale in Pratteln (BL) zu einem Wohn- und Gewerbequartier entwickeln.\u00a0Der Entwurf von Bachelard Wagner Architekten und\u00a0Raderschallpartner Landschaftsarchitekten\u00a0wurde\u00a0f\u00fcr die Neugestaltung des 40.000 qm grossen Grundst\u00fccks ausgew\u00e4hlt.\" \/>\n<meta property=\"og:url\" content=\"https:\/\/www.immobilienbusiness.ch\/fr\/regionen\/2018-04-11\/neues-wohn-und-gewerbequartier-fuer-pratteln-in-planung\/\" \/>\n<meta property=\"og:site_name\" content=\"IMMOBILIEN Business\" \/>\n<meta property=\"article:publisher\" content=\"https:\/\/www.facebook.com\/immobilienbusiness\/\" \/>\n<meta property=\"article:published_time\" content=\"2018-04-11T06:43:11+00:00\" \/>\n<meta property=\"og:image\" content=\"https:\/\/www.immobilienbusiness.ch\/wp-content\/uploads\/2017\/01\/Depositphotos_6695177_l-2015-1024x682.jpg\" \/>\n\t<meta property=\"og:image:width\" content=\"1024\" \/>\n\t<meta property=\"og:image:height\" content=\"682\" \/>\n\t<meta property=\"og:image:type\" content=\"image\/jpeg\" \/>\n<meta name=\"author\" content=\"anja.hall\" \/>\n<meta name=\"twitter:card\" content=\"summary_large_image\" \/>\n<meta name=\"twitter:image\" content=\"https:\/\/www.immobilienbusiness.ch\/wp-content\/uploads\/2017\/01\/Depositphotos_6695177_l-2015.jpg\" \/>\n<script type=\"application\/ld+json\" class=\"yoast-schema-graph\">{\"@context\":\"https:\\\/\\\/schema.org\",\"@graph\":[{\"@type\":\"Article\",\"@id\":\"https:\\\/\\\/www.immobilienbusiness.ch\\\/fr\\\/regionen\\\/2018-04-11\\\/neues-wohn-und-gewerbequartier-fuer-pratteln-in-planung\\\/#article\",\"isPartOf\":{\"@id\":\"https:\\\/\\\/www.immobilienbusiness.ch\\\/fr\\\/regionen\\\/2018-04-11\\\/neues-wohn-und-gewerbequartier-fuer-pratteln-in-planung\\\/\"},\"author\":{\"name\":\"anja.hall\",\"@id\":\"https:\\\/\\\/www.immobilienbusiness.ch\\\/#\\\/schema\\\/person\\\/3fc036297b10b9f42d6db5ee932af8c8\"},\"headline\":\"Neues Wohn- und Gewerbequartier f\u00fcr Pratteln in Planung\",\"datePublished\":\"2018-04-11T06:43:11+00:00\",\"mainEntityOfPage\":{\"@id\":\"https:\\\/\\\/www.immobilienbusiness.ch\\\/fr\\\/regionen\\\/2018-04-11\\\/neues-wohn-und-gewerbequartier-fuer-pratteln-in-planung\\\/\"},\"wordCount\":172,\"commentCount\":0,\"publisher\":{\"@id\":\"https:\\\/\\\/www.immobilienbusiness.ch\\\/#organization\"},\"image\":{\"@id\":\"https:\\\/\\\/www.immobilienbusiness.ch\\\/fr\\\/regionen\\\/2018-04-11\\\/neues-wohn-und-gewerbequartier-fuer-pratteln-in-planung\\\/#primaryimage\"},\"thumbnailUrl\":\"https:\\\/\\\/www.immobilienbusiness.ch\\\/wp-content\\\/uploads\\\/2017\\\/01\\\/Depositphotos_6695177_l-2015.jpg\",\"keywords\":[\"Pratteln\",\"Projekt in Planung\",\"Wohnimmobilien\"],\"articleSection\":[\"REGIONEN\"],\"inLanguage\":\"fr-FR\"},{\"@type\":\"WebPage\",\"@id\":\"https:\\\/\\\/www.immobilienbusiness.ch\\\/fr\\\/regionen\\\/2018-04-11\\\/neues-wohn-und-gewerbequartier-fuer-pratteln-in-planung\\\/\",\"url\":\"https:\\\/\\\/www.immobilienbusiness.ch\\\/fr\\\/regionen\\\/2018-04-11\\\/neues-wohn-und-gewerbequartier-fuer-pratteln-in-planung\\\/\",\"name\":\"Neues Wohn- und Gewerbequartier f\u00fcr Pratteln in Planung - IMMOBILIEN Business\",\"isPartOf\":{\"@id\":\"https:\\\/\\\/www.immobilienbusiness.ch\\\/#website\"},\"primaryImageOfPage\":{\"@id\":\"https:\\\/\\\/www.immobilienbusiness.ch\\\/fr\\\/regionen\\\/2018-04-11\\\/neues-wohn-und-gewerbequartier-fuer-pratteln-in-planung\\\/#primaryimage\"},\"image\":{\"@id\":\"https:\\\/\\\/www.immobilienbusiness.ch\\\/fr\\\/regionen\\\/2018-04-11\\\/neues-wohn-und-gewerbequartier-fuer-pratteln-in-planung\\\/#primaryimage\"},\"thumbnailUrl\":\"https:\\\/\\\/www.immobilienbusiness.ch\\\/wp-content\\\/uploads\\\/2017\\\/01\\\/Depositphotos_6695177_l-2015.jpg\",\"datePublished\":\"2018-04-11T06:43:11+00:00\",\"description\":\"Logis Suisse will das Areal\u00a0der ehemaligen Coop-Verteilzentrale in Pratteln (BL) zu einem Wohn- und Gewerbequartier entwickeln.\u00a0Der Entwurf von Bachelard Wagner Architekten und\u00a0Raderschallpartner Landschaftsarchitekten\u00a0wurde\u00a0f\u00fcr die Neugestaltung des 40.000 qm grossen Grundst\u00fccks ausgew\u00e4hlt.\",\"breadcrumb\":{\"@id\":\"https:\\\/\\\/www.immobilienbusiness.ch\\\/fr\\\/regionen\\\/2018-04-11\\\/neues-wohn-und-gewerbequartier-fuer-pratteln-in-planung\\\/#breadcrumb\"},\"inLanguage\":\"fr-FR\",\"potentialAction\":[{\"@type\":\"ReadAction\",\"target\":[\"https:\\\/\\\/www.immobilienbusiness.ch\\\/fr\\\/regionen\\\/2018-04-11\\\/neues-wohn-und-gewerbequartier-fuer-pratteln-in-planung\\\/\"]}]},{\"@type\":\"ImageObject\",\"inLanguage\":\"fr-FR\",\"@id\":\"https:\\\/\\\/www.immobilienbusiness.ch\\\/fr\\\/regionen\\\/2018-04-11\\\/neues-wohn-und-gewerbequartier-fuer-pratteln-in-planung\\\/#primaryimage\",\"url\":\"https:\\\/\\\/www.immobilienbusiness.ch\\\/wp-content\\\/uploads\\\/2017\\\/01\\\/Depositphotos_6695177_l-2015.jpg\",\"contentUrl\":\"https:\\\/\\\/www.immobilienbusiness.ch\\\/wp-content\\\/uploads\\\/2017\\\/01\\\/Depositphotos_6695177_l-2015.jpg\",\"width\":2000,\"height\":1333,\"caption\":\"In Thun ist eine \u00dcberbaung mit Wohnungen und Alterswohnen geplant (Foto: .shock - depositphotos)\"},{\"@type\":\"BreadcrumbList\",\"@id\":\"https:\\\/\\\/www.immobilienbusiness.ch\\\/fr\\\/regionen\\\/2018-04-11\\\/neues-wohn-und-gewerbequartier-fuer-pratteln-in-planung\\\/#breadcrumb\",\"itemListElement\":[{\"@type\":\"ListItem\",\"position\":1,\"name\":\"Home\",\"item\":\"https:\\\/\\\/www.immobilienbusiness.ch\\\/\"},{\"@type\":\"ListItem\",\"position\":2,\"name\":\"Neues Wohn- und Gewerbequartier f\u00fcr Pratteln in Planung\"}]},{\"@type\":\"WebSite\",\"@id\":\"https:\\\/\\\/www.immobilienbusiness.ch\\\/#website\",\"url\":\"https:\\\/\\\/www.immobilienbusiness.ch\\\/\",\"name\":\"IMMOBILIEN Business\",\"description\":\"Unabh\u00e4ngiges Schweizer Wirtschaftsmagazin mit Fokus auf Immobilien, Architektur- und Bau sowie Investment- und Finanzierung.\",\"publisher\":{\"@id\":\"https:\\\/\\\/www.immobilienbusiness.ch\\\/#organization\"},\"potentialAction\":[{\"@type\":\"SearchAction\",\"target\":{\"@type\":\"EntryPoint\",\"urlTemplate\":\"https:\\\/\\\/www.immobilienbusiness.ch\\\/?s={search_term_string}\"},\"query-input\":{\"@type\":\"PropertyValueSpecification\",\"valueRequired\":true,\"valueName\":\"search_term_string\"}}],\"inLanguage\":\"fr-FR\"},{\"@type\":\"Organization\",\"@id\":\"https:\\\/\\\/www.immobilienbusiness.ch\\\/#organization\",\"name\":\"IMMOBILIEN Business\",\"url\":\"https:\\\/\\\/www.immobilienbusiness.ch\\\/\",\"logo\":{\"@type\":\"ImageObject\",\"inLanguage\":\"fr-FR\",\"@id\":\"https:\\\/\\\/www.immobilienbusiness.ch\\\/#\\\/schema\\\/logo\\\/image\\\/\",\"url\":\"https:\\\/\\\/www.immobilienbusiness.ch\\\/wp-content\\\/uploads\\\/2021\\\/07\\\/logo_ib.png\",\"contentUrl\":\"https:\\\/\\\/www.immobilienbusiness.ch\\\/wp-content\\\/uploads\\\/2021\\\/07\\\/logo_ib.png\",\"width\":800,\"height\":181,\"caption\":\"IMMOBILIEN Business\"},\"image\":{\"@id\":\"https:\\\/\\\/www.immobilienbusiness.ch\\\/#\\\/schema\\\/logo\\\/image\\\/\"},\"sameAs\":[\"https:\\\/\\\/www.facebook.com\\\/immobilienbusiness\\\/\"]},{\"@type\":\"Person\",\"@id\":\"https:\\\/\\\/www.immobilienbusiness.ch\\\/#\\\/schema\\\/person\\\/3fc036297b10b9f42d6db5ee932af8c8\",\"name\":\"anja.hall\",\"image\":{\"@type\":\"ImageObject\",\"inLanguage\":\"fr-FR\",\"@id\":\"https:\\\/\\\/secure.gravatar.com\\\/avatar\\\/066b5a0d447013502c71a5782f4f3469f03cfe595cc2329fb94652fe47511bfb?s=96&d=mm&r=g\",\"url\":\"https:\\\/\\\/secure.gravatar.com\\\/avatar\\\/066b5a0d447013502c71a5782f4f3469f03cfe595cc2329fb94652fe47511bfb?s=96&d=mm&r=g\",\"contentUrl\":\"https:\\\/\\\/secure.gravatar.com\\\/avatar\\\/066b5a0d447013502c71a5782f4f3469f03cfe595cc2329fb94652fe47511bfb?s=96&d=mm&r=g\",\"caption\":\"anja.hall\"},\"url\":\"https:\\\/\\\/www.immobilienbusiness.ch\\\/fr\\\/author\\\/anja-hall\\\/\"}]}<\/script>\n<!-- \/ Yoast SEO plugin. -->","yoast_head_json":{"title":"Neues Wohn- und Gewerbequartier f\u00fcr Pratteln in Planung - IMMOBILIEN Business","description":"Logis Suisse will das Areal\u00a0der ehemaligen Coop-Verteilzentrale in Pratteln (BL) zu einem Wohn- und Gewerbequartier entwickeln.\u00a0Der Entwurf von Bachelard Wagner Architekten und\u00a0Raderschallpartner Landschaftsarchitekten\u00a0wurde\u00a0f\u00fcr die Neugestaltung des 40.000 qm grossen Grundst\u00fccks ausgew\u00e4hlt.","robots":{"index":"index","follow":"follow","max-snippet":"max-snippet:-1","max-image-preview":"max-image-preview:large","max-video-preview":"max-video-preview:-1"},"canonical":"https:\/\/www.immobilienbusiness.ch\/fr\/regionen\/2018-04-11\/neues-wohn-und-gewerbequartier-fuer-pratteln-in-planung\/","og_locale":"fr_FR","og_type":"article","og_title":"Neues Wohn- und Gewerbequartier f\u00fcr Pratteln in Planung - IMMOBILIEN Business","og_description":"Logis Suisse will das Areal\u00a0der ehemaligen Coop-Verteilzentrale in Pratteln (BL) zu einem Wohn- und Gewerbequartier entwickeln.\u00a0Der Entwurf von Bachelard Wagner Architekten und\u00a0Raderschallpartner Landschaftsarchitekten\u00a0wurde\u00a0f\u00fcr die Neugestaltung des 40.000 qm grossen Grundst\u00fccks ausgew\u00e4hlt.","og_url":"https:\/\/www.immobilienbusiness.ch\/fr\/regionen\/2018-04-11\/neues-wohn-und-gewerbequartier-fuer-pratteln-in-planung\/","og_site_name":"IMMOBILIEN Business","article_publisher":"https:\/\/www.facebook.com\/immobilienbusiness\/","article_published_time":"2018-04-11T06:43:11+00:00","og_image":[{"width":1024,"height":682,"url":"https:\/\/www.immobilienbusiness.ch\/wp-content\/uploads\/2017\/01\/Depositphotos_6695177_l-2015-1024x682.jpg","type":"image\/jpeg"}],"author":"anja.hall","twitter_card":"summary_large_image","twitter_image":"https:\/\/www.immobilienbusiness.ch\/wp-content\/uploads\/2017\/01\/Depositphotos_6695177_l-2015.jpg","schema":{"@context":"https:\/\/schema.org","@graph":[{"@type":"Article","@id":"https:\/\/www.immobilienbusiness.ch\/fr\/regionen\/2018-04-11\/neues-wohn-und-gewerbequartier-fuer-pratteln-in-planung\/#article","isPartOf":{"@id":"https:\/\/www.immobilienbusiness.ch\/fr\/regionen\/2018-04-11\/neues-wohn-und-gewerbequartier-fuer-pratteln-in-planung\/"},"author":{"name":"anja.hall","@id":"https:\/\/www.immobilienbusiness.ch\/#\/schema\/person\/3fc036297b10b9f42d6db5ee932af8c8"},"headline":"Neues Wohn- und Gewerbequartier f\u00fcr Pratteln in Planung","datePublished":"2018-04-11T06:43:11+00:00","mainEntityOfPage":{"@id":"https:\/\/www.immobilienbusiness.ch\/fr\/regionen\/2018-04-11\/neues-wohn-und-gewerbequartier-fuer-pratteln-in-planung\/"},"wordCount":172,"commentCount":0,"publisher":{"@id":"https:\/\/www.immobilienbusiness.ch\/#organization"},"image":{"@id":"https:\/\/www.immobilienbusiness.ch\/fr\/regionen\/2018-04-11\/neues-wohn-und-gewerbequartier-fuer-pratteln-in-planung\/#primaryimage"},"thumbnailUrl":"https:\/\/www.immobilienbusiness.ch\/wp-content\/uploads\/2017\/01\/Depositphotos_6695177_l-2015.jpg","keywords":["Pratteln","Projekt in Planung","Wohnimmobilien"],"articleSection":["REGIONEN"],"inLanguage":"fr-FR"},{"@type":"WebPage","@id":"https:\/\/www.immobilienbusiness.ch\/fr\/regionen\/2018-04-11\/neues-wohn-und-gewerbequartier-fuer-pratteln-in-planung\/","url":"https:\/\/www.immobilienbusiness.ch\/fr\/regionen\/2018-04-11\/neues-wohn-und-gewerbequartier-fuer-pratteln-in-planung\/","name":"Neues Wohn- und Gewerbequartier f\u00fcr Pratteln in Planung - IMMOBILIEN Business","isPartOf":{"@id":"https:\/\/www.immobilienbusiness.ch\/#website"},"primaryImageOfPage":{"@id":"https:\/\/www.immobilienbusiness.ch\/fr\/regionen\/2018-04-11\/neues-wohn-und-gewerbequartier-fuer-pratteln-in-planung\/#primaryimage"},"image":{"@id":"https:\/\/www.immobilienbusiness.ch\/fr\/regionen\/2018-04-11\/neues-wohn-und-gewerbequartier-fuer-pratteln-in-planung\/#primaryimage"},"thumbnailUrl":"https:\/\/www.immobilienbusiness.ch\/wp-content\/uploads\/2017\/01\/Depositphotos_6695177_l-2015.jpg","datePublished":"2018-04-11T06:43:11+00:00","description":"Logis Suisse will das Areal\u00a0der ehemaligen Coop-Verteilzentrale in Pratteln (BL) zu einem Wohn- und Gewerbequartier entwickeln.\u00a0Der Entwurf von Bachelard Wagner Architekten und\u00a0Raderschallpartner Landschaftsarchitekten\u00a0wurde\u00a0f\u00fcr die Neugestaltung des 40.000 qm grossen Grundst\u00fccks ausgew\u00e4hlt.","breadcrumb":{"@id":"https:\/\/www.immobilienbusiness.ch\/fr\/regionen\/2018-04-11\/neues-wohn-und-gewerbequartier-fuer-pratteln-in-planung\/#breadcrumb"},"inLanguage":"fr-FR","potentialAction":[{"@type":"ReadAction","target":["https:\/\/www.immobilienbusiness.ch\/fr\/regionen\/2018-04-11\/neues-wohn-und-gewerbequartier-fuer-pratteln-in-planung\/"]}]},{"@type":"ImageObject","inLanguage":"fr-FR","@id":"https:\/\/www.immobilienbusiness.ch\/fr\/regionen\/2018-04-11\/neues-wohn-und-gewerbequartier-fuer-pratteln-in-planung\/#primaryimage","url":"https:\/\/www.immobilienbusiness.ch\/wp-content\/uploads\/2017\/01\/Depositphotos_6695177_l-2015.jpg","contentUrl":"https:\/\/www.immobilienbusiness.ch\/wp-content\/uploads\/2017\/01\/Depositphotos_6695177_l-2015.jpg","width":2000,"height":1333,"caption":"In Thun ist eine \u00dcberbaung mit Wohnungen und Alterswohnen geplant (Foto: .shock - depositphotos)"},{"@type":"BreadcrumbList","@id":"https:\/\/www.immobilienbusiness.ch\/fr\/regionen\/2018-04-11\/neues-wohn-und-gewerbequartier-fuer-pratteln-in-planung\/#breadcrumb","itemListElement":[{"@type":"ListItem","position":1,"name":"Home","item":"https:\/\/www.immobilienbusiness.ch\/"},{"@type":"ListItem","position":2,"name":"Neues Wohn- und Gewerbequartier f\u00fcr Pratteln in Planung"}]},{"@type":"WebSite","@id":"https:\/\/www.immobilienbusiness.ch\/#website","url":"https:\/\/www.immobilienbusiness.ch\/","name":"IMMOBILIER Business","description":"Magazine \u00e9conomique suisse ind\u00e9pendant ax\u00e9 sur l'immobilier, l'architecture et la construction ainsi que sur les investissements et le financement.","publisher":{"@id":"https:\/\/www.immobilienbusiness.ch\/#organization"},"potentialAction":[{"@type":"SearchAction","target":{"@type":"EntryPoint","urlTemplate":"https:\/\/www.immobilienbusiness.ch\/?s={search_term_string}"},"query-input":{"@type":"PropertyValueSpecification","valueRequired":true,"valueName":"search_term_string"}}],"inLanguage":"fr-FR"},{"@type":"Organization","@id":"https:\/\/www.immobilienbusiness.ch\/#organization","name":"IMMOBILIER Business","url":"https:\/\/www.immobilienbusiness.ch\/","logo":{"@type":"ImageObject","inLanguage":"fr-FR","@id":"https:\/\/www.immobilienbusiness.ch\/#\/schema\/logo\/image\/","url":"https:\/\/www.immobilienbusiness.ch\/wp-content\/uploads\/2021\/07\/logo_ib.png","contentUrl":"https:\/\/www.immobilienbusiness.ch\/wp-content\/uploads\/2021\/07\/logo_ib.png","width":800,"height":181,"caption":"IMMOBILIEN Business"},"image":{"@id":"https:\/\/www.immobilienbusiness.ch\/#\/schema\/logo\/image\/"},"sameAs":["https:\/\/www.facebook.com\/immobilienbusiness\/"]},{"@type":"Person","@id":"https:\/\/www.immobilienbusiness.ch\/#\/schema\/person\/3fc036297b10b9f42d6db5ee932af8c8","name":"anja.hall","image":{"@type":"ImageObject","inLanguage":"fr-FR","@id":"https:\/\/secure.gravatar.com\/avatar\/066b5a0d447013502c71a5782f4f3469f03cfe595cc2329fb94652fe47511bfb?s=96&d=mm&r=g","url":"https:\/\/secure.gravatar.com\/avatar\/066b5a0d447013502c71a5782f4f3469f03cfe595cc2329fb94652fe47511bfb?s=96&d=mm&r=g","contentUrl":"https:\/\/secure.gravatar.com\/avatar\/066b5a0d447013502c71a5782f4f3469f03cfe595cc2329fb94652fe47511bfb?s=96&d=mm&r=g","caption":"anja.hall"},"url":"https:\/\/www.immobilienbusiness.ch\/fr\/author\/anja-hall\/"}]}},"_links":{"self":[{"href":"https:\/\/www.immobilienbusiness.ch\/fr\/wp-json\/wp\/v2\/posts\/12082","targetHints":{"allow":["GET"]}}],"collection":[{"href":"https:\/\/www.immobilienbusiness.ch\/fr\/wp-json\/wp\/v2\/posts"}],"about":[{"href":"https:\/\/www.immobilienbusiness.ch\/fr\/wp-json\/wp\/v2\/types\/post"}],"author":[{"embeddable":true,"href":"https:\/\/www.immobilienbusiness.ch\/fr\/wp-json\/wp\/v2\/users\/3"}],"replies":[{"embeddable":true,"href":"https:\/\/www.immobilienbusiness.ch\/fr\/wp-json\/wp\/v2\/comments?post=12082"}],"version-history":[{"count":0,"href":"https:\/\/www.immobilienbusiness.ch\/fr\/wp-json\/wp\/v2\/posts\/12082\/revisions"}],"wp:featuredmedia":[{"embeddable":true,"href":"https:\/\/www.immobilienbusiness.ch\/fr\/wp-json\/wp\/v2\/media\/5802"}],"wp:attachment":[{"href":"https:\/\/www.immobilienbusiness.ch\/fr\/wp-json\/wp\/v2\/media?parent=12082"}],"wp:term":[{"taxonomy":"category","embeddable":true,"href":"https:\/\/www.immobilienbusiness.ch\/fr\/wp-json\/wp\/v2\/categories?post=12082"},{"taxonomy":"post_tag","embeddable":true,"href":"https:\/\/www.immobilienbusiness.ch\/fr\/wp-json\/wp\/v2\/tags?post=12082"}],"curies":[{"name":"wp","href":"https:\/\/api.w.org\/{rel}","templated":true}]}}