{"id":12080,"date":"2018-04-11T08:08:48","date_gmt":"2018-04-11T06:08:48","guid":{"rendered":"https:\/\/www.immobilienbusiness.ch\/?p=12080"},"modified":"2018-04-11T08:08:48","modified_gmt":"2018-04-11T06:08:48","slug":"basel-areal-wolf-soll-smart-werden","status":"publish","type":"post","link":"https:\/\/www.immobilienbusiness.ch\/fr\/regionen\/2018-04-11\/basel-areal-wolf-soll-smart-werden\/","title":{"rendered":"B\u00e2le : l'Areal Wolf doit devenir un quartier pilote de la Smart City"},"content":{"rendered":"<p><img loading=\"lazy\" decoding=\"async\" class=\"alignnone size-medium wp-image-11865\" src=\"https:\/\/www.immobilienbusiness.ch\/wp-content\/uploads\/2018\/03\/perimeter-wolf.jpg\" alt=\"\" width=\"680\" height=\"260\" srcset=\"https:\/\/www.immobilienbusiness.ch\/wp-content\/uploads\/2018\/03\/perimeter-wolf.jpg 2560w, https:\/\/www.immobilienbusiness.ch\/wp-content\/uploads\/2018\/03\/perimeter-wolf-300x115.jpg 300w, https:\/\/www.immobilienbusiness.ch\/wp-content\/uploads\/2018\/03\/perimeter-wolf-1024x391.jpg 1024w, https:\/\/www.immobilienbusiness.ch\/wp-content\/uploads\/2018\/03\/perimeter-wolf-768x293.jpg 768w, https:\/\/www.immobilienbusiness.ch\/wp-content\/uploads\/2018\/03\/perimeter-wolf-1536x587.jpg 1536w, https:\/\/www.immobilienbusiness.ch\/wp-content\/uploads\/2018\/03\/perimeter-wolf-2048x782.jpg 2048w, https:\/\/www.immobilienbusiness.ch\/wp-content\/uploads\/2018\/03\/perimeter-wolf-16x6.jpg 16w, https:\/\/www.immobilienbusiness.ch\/wp-content\/uploads\/2018\/03\/perimeter-wolf-375x143.jpg 375w, https:\/\/www.immobilienbusiness.ch\/wp-content\/uploads\/2018\/03\/perimeter-wolf-760x290.jpg 760w, https:\/\/www.immobilienbusiness.ch\/wp-content\/uploads\/2018\/03\/perimeter-wolf-1600x611.jpg 1600w, https:\/\/www.immobilienbusiness.ch\/wp-content\/uploads\/2018\/03\/perimeter-wolf-920x351.jpg 920w, https:\/\/www.immobilienbusiness.ch\/wp-content\/uploads\/2018\/03\/perimeter-wolf-1400x535.jpg 1400w\" sizes=\"auto, (max-width: 680px) 100vw, 680px\" \/><\/p>\n<p>L'objectif est de faire de ce site un \"lieu d'innovation pour des projets Smart City \u00e0 caract\u00e8re exemplaire\", indiquent le canton urbain et les CFF. Des projets pilotes pour des projets Smart City doivent \u00eatre examin\u00e9s et mis en \u0153uvre sur le site. Pour ce faire, les CFF et le canton veulent \u00e9galement impliquer des partenaires issus de l'\u00e9conomie, de la science et de la population.<\/p>\n<p>Le propri\u00e9taire et l'utilisateur de l'actuelle gare de marchandises Wolf sont les CFF. Actuellement, le site d'une superficie d'environ 160 000 m\u00b2 est sous-utilis\u00e9 par l'exploitation ferroviaire. Dans les ann\u00e9es \u00e0 venir, une grande partie du site - environ 100.000 m\u00b2 - sera donc lib\u00e9r\u00e9e pour d'autres utilisations. <a href=\"https:\/\/www.immobilienbusiness.ch\/fr\/basel-sbb-will-areal-wolf-zum-stadtquartier-entwickeln\/\">Il est pr\u00e9vu de cr\u00e9er un nouveau quartier urbain avec une forte proportion d'habitations, compl\u00e9t\u00e9e par de la logistique, de l'artisanat, des surfaces de bureaux et des utilisations orient\u00e9es vers le public comme la vente au d\u00e9tail et la restauration.<\/a><\/p>\n<p>Avec l'accord de planification, l'Areal Basel Wolf doit progressivement devenir et se d\u00e9velopper en tant que \"Smart City Laboratory (Lab)\" en tant que quartier pilote avec un rayonnement suprar\u00e9gional. Jusqu'\u00e0 la fin de l'ann\u00e9e 2018, le Lab se concentre sur des projets pilotes dans les domaines de la mobilit\u00e9 et de la logistique, \u00e0 partir de l'ann\u00e9e prochaine 2019, des projets seront examin\u00e9s dans d'autres domaines th\u00e9matiques.<\/p>","protected":false},"excerpt":{"rendered":"<p>Le canton de B\u00e2le-Ville et les CFF veulent faire du site de Basel Wolf le \"site le plus intelligent de Suisse\". Un accord de planification a \u00e9t\u00e9 sign\u00e9 \u00e0 cet effet.<\/p>","protected":false},"author":3,"featured_media":11865,"comment_status":"open","ping_status":"open","sticky":false,"template":"","format":"standard","meta":{"_acf_changed":false,"_yoast_wpseo_focuskw":"Wolf","_yoast_wpseo_title":"","_yoast_wpseo_metadesc":"Der Kanton Basel-Stadt und die SBB wollen das Areal Basel Wolf zum \u00absmartesten\u00bb Areal der Schweiz entwickeln. Dazu wurde nun eine entsprechende Planungsvereinbarung unterzeichnet.","_yoast_wpseo_linkdex":62,"pgc_sgb_lightbox_settings":"","footnotes":""},"categories":[985],"tags":[1069,1600,1706,1724],"class_list":["post-12080","post","type-post","status-publish","format-standard","has-post-thumbnail","hentry","category-regionen","tag-basel","tag-projekt-in-planung","tag-smart-city","tag-stadtentwicklung"],"acf":[],"yoast_head":"<!-- This site is optimized with the Yoast SEO plugin v27.4 - https:\/\/yoast.com\/product\/yoast-seo-wordpress\/ -->\n<title>Basel: Areal Wolf soll Smart-City-Pilotquartier werden - IMMOBILIEN Business<\/title>\n<meta name=\"description\" content=\"Der Kanton Basel-Stadt und die SBB wollen das Areal Basel Wolf zum \u00absmartesten\u00bb Areal der Schweiz entwickeln. Dazu wurde nun eine entsprechende Planungsvereinbarung unterzeichnet.\" \/>\n<meta name=\"robots\" content=\"index, follow, max-snippet:-1, max-image-preview:large, max-video-preview:-1\" \/>\n<link rel=\"canonical\" href=\"https:\/\/www.immobilienbusiness.ch\/fr\/regionen\/2018-04-11\/basel-areal-wolf-soll-smart-werden\/\" \/>\n<meta property=\"og:locale\" content=\"fr_FR\" \/>\n<meta property=\"og:type\" content=\"article\" \/>\n<meta property=\"og:title\" content=\"Basel: Areal Wolf soll Smart-City-Pilotquartier werden - IMMOBILIEN Business\" \/>\n<meta property=\"og:description\" content=\"Der Kanton Basel-Stadt und die SBB wollen das Areal Basel Wolf zum \u00absmartesten\u00bb Areal der Schweiz entwickeln. Dazu wurde nun eine entsprechende Planungsvereinbarung unterzeichnet.\" \/>\n<meta property=\"og:url\" content=\"https:\/\/www.immobilienbusiness.ch\/fr\/regionen\/2018-04-11\/basel-areal-wolf-soll-smart-werden\/\" \/>\n<meta property=\"og:site_name\" content=\"IMMOBILIEN Business\" \/>\n<meta property=\"article:publisher\" content=\"https:\/\/www.facebook.com\/immobilienbusiness\/\" \/>\n<meta property=\"article:published_time\" content=\"2018-04-11T06:08:48+00:00\" \/>\n<meta property=\"og:image\" content=\"https:\/\/www.immobilienbusiness.ch\/wp-content\/uploads\/2018\/03\/perimeter-wolf-1024x391.jpg\" \/>\n\t<meta property=\"og:image:width\" content=\"1024\" \/>\n\t<meta property=\"og:image:height\" content=\"391\" \/>\n\t<meta property=\"og:image:type\" content=\"image\/jpeg\" \/>\n<meta name=\"author\" content=\"anja.hall\" \/>\n<meta name=\"twitter:card\" content=\"summary_large_image\" \/>\n<meta name=\"twitter:image\" content=\"https:\/\/www.immobilienbusiness.ch\/wp-content\/uploads\/2018\/03\/perimeter-wolf.jpg\" \/>\n<script type=\"application\/ld+json\" class=\"yoast-schema-graph\">{\"@context\":\"https:\\\/\\\/schema.org\",\"@graph\":[{\"@type\":\"Article\",\"@id\":\"https:\\\/\\\/www.immobilienbusiness.ch\\\/de\\\/regionen\\\/2018-04-11\\\/basel-areal-wolf-soll-smart-werden\\\/#article\",\"isPartOf\":{\"@id\":\"https:\\\/\\\/www.immobilienbusiness.ch\\\/de\\\/regionen\\\/2018-04-11\\\/basel-areal-wolf-soll-smart-werden\\\/\"},\"author\":{\"name\":\"anja.hall\",\"@id\":\"https:\\\/\\\/www.immobilienbusiness.ch\\\/#\\\/schema\\\/person\\\/3fc036297b10b9f42d6db5ee932af8c8\"},\"headline\":\"Basel: Areal Wolf soll Smart-City-Pilotquartier werden\",\"datePublished\":\"2018-04-11T06:08:48+00:00\",\"mainEntityOfPage\":{\"@id\":\"https:\\\/\\\/www.immobilienbusiness.ch\\\/de\\\/regionen\\\/2018-04-11\\\/basel-areal-wolf-soll-smart-werden\\\/\"},\"wordCount\":180,\"commentCount\":0,\"publisher\":{\"@id\":\"https:\\\/\\\/www.immobilienbusiness.ch\\\/#organization\"},\"image\":{\"@id\":\"https:\\\/\\\/www.immobilienbusiness.ch\\\/de\\\/regionen\\\/2018-04-11\\\/basel-areal-wolf-soll-smart-werden\\\/#primaryimage\"},\"thumbnailUrl\":\"https:\\\/\\\/www.immobilienbusiness.ch\\\/wp-content\\\/uploads\\\/2018\\\/03\\\/perimeter-wolf.jpg\",\"keywords\":[\"Basel\",\"Projekt in Planung\",\"Smart City\",\"Stadtentwicklung\"],\"articleSection\":[\"REGIONEN\"],\"inLanguage\":\"fr-FR\"},{\"@type\":\"WebPage\",\"@id\":\"https:\\\/\\\/www.immobilienbusiness.ch\\\/de\\\/regionen\\\/2018-04-11\\\/basel-areal-wolf-soll-smart-werden\\\/\",\"url\":\"https:\\\/\\\/www.immobilienbusiness.ch\\\/de\\\/regionen\\\/2018-04-11\\\/basel-areal-wolf-soll-smart-werden\\\/\",\"name\":\"Basel: Areal Wolf soll Smart-City-Pilotquartier werden - IMMOBILIEN Business\",\"isPartOf\":{\"@id\":\"https:\\\/\\\/www.immobilienbusiness.ch\\\/#website\"},\"primaryImageOfPage\":{\"@id\":\"https:\\\/\\\/www.immobilienbusiness.ch\\\/de\\\/regionen\\\/2018-04-11\\\/basel-areal-wolf-soll-smart-werden\\\/#primaryimage\"},\"image\":{\"@id\":\"https:\\\/\\\/www.immobilienbusiness.ch\\\/de\\\/regionen\\\/2018-04-11\\\/basel-areal-wolf-soll-smart-werden\\\/#primaryimage\"},\"thumbnailUrl\":\"https:\\\/\\\/www.immobilienbusiness.ch\\\/wp-content\\\/uploads\\\/2018\\\/03\\\/perimeter-wolf.jpg\",\"datePublished\":\"2018-04-11T06:08:48+00:00\",\"description\":\"Der Kanton Basel-Stadt und die SBB wollen das Areal Basel Wolf zum \u00absmartesten\u00bb Areal der Schweiz entwickeln. Dazu wurde nun eine entsprechende Planungsvereinbarung unterzeichnet.\",\"breadcrumb\":{\"@id\":\"https:\\\/\\\/www.immobilienbusiness.ch\\\/de\\\/regionen\\\/2018-04-11\\\/basel-areal-wolf-soll-smart-werden\\\/#breadcrumb\"},\"inLanguage\":\"fr-FR\",\"potentialAction\":[{\"@type\":\"ReadAction\",\"target\":[\"https:\\\/\\\/www.immobilienbusiness.ch\\\/de\\\/regionen\\\/2018-04-11\\\/basel-areal-wolf-soll-smart-werden\\\/\"]}]},{\"@type\":\"ImageObject\",\"inLanguage\":\"fr-FR\",\"@id\":\"https:\\\/\\\/www.immobilienbusiness.ch\\\/de\\\/regionen\\\/2018-04-11\\\/basel-areal-wolf-soll-smart-werden\\\/#primaryimage\",\"url\":\"https:\\\/\\\/www.immobilienbusiness.ch\\\/wp-content\\\/uploads\\\/2018\\\/03\\\/perimeter-wolf.jpg\",\"contentUrl\":\"https:\\\/\\\/www.immobilienbusiness.ch\\\/wp-content\\\/uploads\\\/2018\\\/03\\\/perimeter-wolf.jpg\",\"width\":2560,\"height\":978},{\"@type\":\"BreadcrumbList\",\"@id\":\"https:\\\/\\\/www.immobilienbusiness.ch\\\/de\\\/regionen\\\/2018-04-11\\\/basel-areal-wolf-soll-smart-werden\\\/#breadcrumb\",\"itemListElement\":[{\"@type\":\"ListItem\",\"position\":1,\"name\":\"Home\",\"item\":\"https:\\\/\\\/www.immobilienbusiness.ch\\\/\"},{\"@type\":\"ListItem\",\"position\":2,\"name\":\"Basel: Areal Wolf soll Smart-City-Pilotquartier werden\"}]},{\"@type\":\"WebSite\",\"@id\":\"https:\\\/\\\/www.immobilienbusiness.ch\\\/#website\",\"url\":\"https:\\\/\\\/www.immobilienbusiness.ch\\\/\",\"name\":\"IMMOBILIEN Business\",\"description\":\"Unabh\u00e4ngiges Schweizer Wirtschaftsmagazin mit Fokus auf Immobilien, Architektur- und Bau sowie Investment- und Finanzierung.\",\"publisher\":{\"@id\":\"https:\\\/\\\/www.immobilienbusiness.ch\\\/#organization\"},\"potentialAction\":[{\"@type\":\"SearchAction\",\"target\":{\"@type\":\"EntryPoint\",\"urlTemplate\":\"https:\\\/\\\/www.immobilienbusiness.ch\\\/?s={search_term_string}\"},\"query-input\":{\"@type\":\"PropertyValueSpecification\",\"valueRequired\":true,\"valueName\":\"search_term_string\"}}],\"inLanguage\":\"fr-FR\"},{\"@type\":\"Organization\",\"@id\":\"https:\\\/\\\/www.immobilienbusiness.ch\\\/#organization\",\"name\":\"IMMOBILIEN Business\",\"url\":\"https:\\\/\\\/www.immobilienbusiness.ch\\\/\",\"logo\":{\"@type\":\"ImageObject\",\"inLanguage\":\"fr-FR\",\"@id\":\"https:\\\/\\\/www.immobilienbusiness.ch\\\/#\\\/schema\\\/logo\\\/image\\\/\",\"url\":\"https:\\\/\\\/www.immobilienbusiness.ch\\\/wp-content\\\/uploads\\\/2021\\\/07\\\/logo_ib.png\",\"contentUrl\":\"https:\\\/\\\/www.immobilienbusiness.ch\\\/wp-content\\\/uploads\\\/2021\\\/07\\\/logo_ib.png\",\"width\":800,\"height\":181,\"caption\":\"IMMOBILIEN Business\"},\"image\":{\"@id\":\"https:\\\/\\\/www.immobilienbusiness.ch\\\/#\\\/schema\\\/logo\\\/image\\\/\"},\"sameAs\":[\"https:\\\/\\\/www.facebook.com\\\/immobilienbusiness\\\/\"]},{\"@type\":\"Person\",\"@id\":\"https:\\\/\\\/www.immobilienbusiness.ch\\\/#\\\/schema\\\/person\\\/3fc036297b10b9f42d6db5ee932af8c8\",\"name\":\"anja.hall\",\"image\":{\"@type\":\"ImageObject\",\"inLanguage\":\"fr-FR\",\"@id\":\"https:\\\/\\\/secure.gravatar.com\\\/avatar\\\/066b5a0d447013502c71a5782f4f3469f03cfe595cc2329fb94652fe47511bfb?s=96&d=mm&r=g\",\"url\":\"https:\\\/\\\/secure.gravatar.com\\\/avatar\\\/066b5a0d447013502c71a5782f4f3469f03cfe595cc2329fb94652fe47511bfb?s=96&d=mm&r=g\",\"contentUrl\":\"https:\\\/\\\/secure.gravatar.com\\\/avatar\\\/066b5a0d447013502c71a5782f4f3469f03cfe595cc2329fb94652fe47511bfb?s=96&d=mm&r=g\",\"caption\":\"anja.hall\"},\"url\":\"https:\\\/\\\/www.immobilienbusiness.ch\\\/fr\\\/author\\\/anja-hall\\\/\"}]}<\/script>\n<!-- \/ Yoast SEO plugin. -->","yoast_head_json":{"title":"B\u00e2le : l'Areal Wolf doit devenir un quartier pilote de la Smart City - IMMOBILIER Business","description":"Le canton de B\u00e2le-Ville et les CFF veulent faire du site de Basel Wolf le site le plus \u00abintelligent\u00bb de Suisse. Un accord de planification a \u00e9t\u00e9 sign\u00e9 \u00e0 cet effet.","robots":{"index":"index","follow":"follow","max-snippet":"max-snippet:-1","max-image-preview":"max-image-preview:large","max-video-preview":"max-video-preview:-1"},"canonical":"https:\/\/www.immobilienbusiness.ch\/fr\/regionen\/2018-04-11\/basel-areal-wolf-soll-smart-werden\/","og_locale":"fr_FR","og_type":"article","og_title":"Basel: Areal Wolf soll Smart-City-Pilotquartier werden - IMMOBILIEN Business","og_description":"Der Kanton Basel-Stadt und die SBB wollen das Areal Basel Wolf zum \u00absmartesten\u00bb Areal der Schweiz entwickeln. Dazu wurde nun eine entsprechende Planungsvereinbarung unterzeichnet.","og_url":"https:\/\/www.immobilienbusiness.ch\/fr\/regionen\/2018-04-11\/basel-areal-wolf-soll-smart-werden\/","og_site_name":"IMMOBILIEN Business","article_publisher":"https:\/\/www.facebook.com\/immobilienbusiness\/","article_published_time":"2018-04-11T06:08:48+00:00","og_image":[{"width":1024,"height":391,"url":"https:\/\/www.immobilienbusiness.ch\/wp-content\/uploads\/2018\/03\/perimeter-wolf-1024x391.jpg","type":"image\/jpeg"}],"author":"anja.hall","twitter_card":"summary_large_image","twitter_image":"https:\/\/www.immobilienbusiness.ch\/wp-content\/uploads\/2018\/03\/perimeter-wolf.jpg","schema":{"@context":"https:\/\/schema.org","@graph":[{"@type":"Article","@id":"https:\/\/www.immobilienbusiness.ch\/de\/regionen\/2018-04-11\/basel-areal-wolf-soll-smart-werden\/#article","isPartOf":{"@id":"https:\/\/www.immobilienbusiness.ch\/de\/regionen\/2018-04-11\/basel-areal-wolf-soll-smart-werden\/"},"author":{"name":"anja.hall","@id":"https:\/\/www.immobilienbusiness.ch\/#\/schema\/person\/3fc036297b10b9f42d6db5ee932af8c8"},"headline":"Basel: Areal Wolf soll Smart-City-Pilotquartier werden","datePublished":"2018-04-11T06:08:48+00:00","mainEntityOfPage":{"@id":"https:\/\/www.immobilienbusiness.ch\/de\/regionen\/2018-04-11\/basel-areal-wolf-soll-smart-werden\/"},"wordCount":180,"commentCount":0,"publisher":{"@id":"https:\/\/www.immobilienbusiness.ch\/#organization"},"image":{"@id":"https:\/\/www.immobilienbusiness.ch\/de\/regionen\/2018-04-11\/basel-areal-wolf-soll-smart-werden\/#primaryimage"},"thumbnailUrl":"https:\/\/www.immobilienbusiness.ch\/wp-content\/uploads\/2018\/03\/perimeter-wolf.jpg","keywords":["Basel","Projekt in Planung","Smart City","Stadtentwicklung"],"articleSection":["REGIONEN"],"inLanguage":"fr-FR"},{"@type":"WebPage","@id":"https:\/\/www.immobilienbusiness.ch\/de\/regionen\/2018-04-11\/basel-areal-wolf-soll-smart-werden\/","url":"https:\/\/www.immobilienbusiness.ch\/de\/regionen\/2018-04-11\/basel-areal-wolf-soll-smart-werden\/","name":"B\u00e2le : l'Areal Wolf doit devenir un quartier pilote de la Smart City - IMMOBILIER Business","isPartOf":{"@id":"https:\/\/www.immobilienbusiness.ch\/#website"},"primaryImageOfPage":{"@id":"https:\/\/www.immobilienbusiness.ch\/de\/regionen\/2018-04-11\/basel-areal-wolf-soll-smart-werden\/#primaryimage"},"image":{"@id":"https:\/\/www.immobilienbusiness.ch\/de\/regionen\/2018-04-11\/basel-areal-wolf-soll-smart-werden\/#primaryimage"},"thumbnailUrl":"https:\/\/www.immobilienbusiness.ch\/wp-content\/uploads\/2018\/03\/perimeter-wolf.jpg","datePublished":"2018-04-11T06:08:48+00:00","description":"Le canton de B\u00e2le-Ville et les CFF veulent faire du site de Basel Wolf le site le plus \u00abintelligent\u00bb de Suisse. Un accord de planification a \u00e9t\u00e9 sign\u00e9 \u00e0 cet effet.","breadcrumb":{"@id":"https:\/\/www.immobilienbusiness.ch\/de\/regionen\/2018-04-11\/basel-areal-wolf-soll-smart-werden\/#breadcrumb"},"inLanguage":"fr-FR","potentialAction":[{"@type":"ReadAction","target":["https:\/\/www.immobilienbusiness.ch\/de\/regionen\/2018-04-11\/basel-areal-wolf-soll-smart-werden\/"]}]},{"@type":"ImageObject","inLanguage":"fr-FR","@id":"https:\/\/www.immobilienbusiness.ch\/de\/regionen\/2018-04-11\/basel-areal-wolf-soll-smart-werden\/#primaryimage","url":"https:\/\/www.immobilienbusiness.ch\/wp-content\/uploads\/2018\/03\/perimeter-wolf.jpg","contentUrl":"https:\/\/www.immobilienbusiness.ch\/wp-content\/uploads\/2018\/03\/perimeter-wolf.jpg","width":2560,"height":978},{"@type":"BreadcrumbList","@id":"https:\/\/www.immobilienbusiness.ch\/de\/regionen\/2018-04-11\/basel-areal-wolf-soll-smart-werden\/#breadcrumb","itemListElement":[{"@type":"ListItem","position":1,"name":"Home","item":"https:\/\/www.immobilienbusiness.ch\/"},{"@type":"ListItem","position":2,"name":"Basel: Areal Wolf soll Smart-City-Pilotquartier werden"}]},{"@type":"WebSite","@id":"https:\/\/www.immobilienbusiness.ch\/#website","url":"https:\/\/www.immobilienbusiness.ch\/","name":"IMMOBILIER Business","description":"Magazine \u00e9conomique suisse ind\u00e9pendant ax\u00e9 sur l'immobilier, l'architecture et la construction ainsi que sur les investissements et le financement.","publisher":{"@id":"https:\/\/www.immobilienbusiness.ch\/#organization"},"potentialAction":[{"@type":"SearchAction","target":{"@type":"EntryPoint","urlTemplate":"https:\/\/www.immobilienbusiness.ch\/?s={search_term_string}"},"query-input":{"@type":"PropertyValueSpecification","valueRequired":true,"valueName":"search_term_string"}}],"inLanguage":"fr-FR"},{"@type":"Organization","@id":"https:\/\/www.immobilienbusiness.ch\/#organization","name":"IMMOBILIER Business","url":"https:\/\/www.immobilienbusiness.ch\/","logo":{"@type":"ImageObject","inLanguage":"fr-FR","@id":"https:\/\/www.immobilienbusiness.ch\/#\/schema\/logo\/image\/","url":"https:\/\/www.immobilienbusiness.ch\/wp-content\/uploads\/2021\/07\/logo_ib.png","contentUrl":"https:\/\/www.immobilienbusiness.ch\/wp-content\/uploads\/2021\/07\/logo_ib.png","width":800,"height":181,"caption":"IMMOBILIEN Business"},"image":{"@id":"https:\/\/www.immobilienbusiness.ch\/#\/schema\/logo\/image\/"},"sameAs":["https:\/\/www.facebook.com\/immobilienbusiness\/"]},{"@type":"Person","@id":"https:\/\/www.immobilienbusiness.ch\/#\/schema\/person\/3fc036297b10b9f42d6db5ee932af8c8","name":"anja.hall","image":{"@type":"ImageObject","inLanguage":"fr-FR","@id":"https:\/\/secure.gravatar.com\/avatar\/066b5a0d447013502c71a5782f4f3469f03cfe595cc2329fb94652fe47511bfb?s=96&d=mm&r=g","url":"https:\/\/secure.gravatar.com\/avatar\/066b5a0d447013502c71a5782f4f3469f03cfe595cc2329fb94652fe47511bfb?s=96&d=mm&r=g","contentUrl":"https:\/\/secure.gravatar.com\/avatar\/066b5a0d447013502c71a5782f4f3469f03cfe595cc2329fb94652fe47511bfb?s=96&d=mm&r=g","caption":"anja.hall"},"url":"https:\/\/www.immobilienbusiness.ch\/fr\/author\/anja-hall\/"}]}},"_links":{"self":[{"href":"https:\/\/www.immobilienbusiness.ch\/fr\/wp-json\/wp\/v2\/posts\/12080","targetHints":{"allow":["GET"]}}],"collection":[{"href":"https:\/\/www.immobilienbusiness.ch\/fr\/wp-json\/wp\/v2\/posts"}],"about":[{"href":"https:\/\/www.immobilienbusiness.ch\/fr\/wp-json\/wp\/v2\/types\/post"}],"author":[{"embeddable":true,"href":"https:\/\/www.immobilienbusiness.ch\/fr\/wp-json\/wp\/v2\/users\/3"}],"replies":[{"embeddable":true,"href":"https:\/\/www.immobilienbusiness.ch\/fr\/wp-json\/wp\/v2\/comments?post=12080"}],"version-history":[{"count":0,"href":"https:\/\/www.immobilienbusiness.ch\/fr\/wp-json\/wp\/v2\/posts\/12080\/revisions"}],"wp:featuredmedia":[{"embeddable":true,"href":"https:\/\/www.immobilienbusiness.ch\/fr\/wp-json\/wp\/v2\/media\/11865"}],"wp:attachment":[{"href":"https:\/\/www.immobilienbusiness.ch\/fr\/wp-json\/wp\/v2\/media?parent=12080"}],"wp:term":[{"taxonomy":"category","embeddable":true,"href":"https:\/\/www.immobilienbusiness.ch\/fr\/wp-json\/wp\/v2\/categories?post=12080"},{"taxonomy":"post_tag","embeddable":true,"href":"https:\/\/www.immobilienbusiness.ch\/fr\/wp-json\/wp\/v2\/tags?post=12080"}],"curies":[{"name":"wp","href":"https:\/\/api.w.org\/{rel}","templated":true}]}}