{"id":11558,"date":"2018-03-05T09:37:08","date_gmt":"2018-03-05T08:37:08","guid":{"rendered":"https:\/\/www.immobilienbusiness.ch\/?p=11558"},"modified":"2018-03-05T09:37:08","modified_gmt":"2018-03-05T08:37:08","slug":"zuerich-neue-gastro-mieter-fuer-the-circle","status":"publish","type":"post","link":"https:\/\/www.immobilienbusiness.ch\/fr\/regionen\/2018-03-05\/zuerich-neue-gastro-mieter-fuer-the-circle\/","title":{"rendered":"Zurich : nouveaux locataires gastronomiques pour \"The Circle"},"content":{"rendered":"<figure id=\"attachment_5171\" aria-describedby=\"caption-attachment-5171\" style=\"width: 680px\" class=\"wp-caption alignnone\"><img loading=\"lazy\" decoding=\"async\" class=\"size-medium wp-image-5171\" src=\"https:\/\/www.immobilienbusiness.ch\/wp-content\/uploads\/2016\/12\/Z\u00fcrich-Jelmoli-wird-Ankermieter-im-The-Circle-immobilien-business.jpg\" alt=\"\" width=\"680\" height=\"439\" \/><figcaption id=\"caption-attachment-5171\" class=\"wp-caption-text\">Trois nouveaux locataires gastronomiques pour \"The Circle\" (Visualisation : Flughafen Z\u00fcrich AG)<\/figcaption><\/figure>\n<p>Les nouveaux locataires des restaurants de \"The Circle\" sont Carlton Z\u00fcrich, Two Spice et Essenszeit. Derri\u00e8re Carlton Z\u00fcrich se trouve le couple de gastronomes zurichois Segm\u00fcller, qui va mettre en \u0153uvre \u00e0 l'a\u00e9roport un concept fran\u00e7ais baptis\u00e9 \"Sablier\". Sur une surface d'environ 1.500 m\u00b2 (terrasses comprises), un \u00e9tablissement avec diff\u00e9rentes zones de rencontre verra le jour : Il comprendra, outre un espace restaurant avec salon et privatisation, un grand bar ainsi qu'un lounge.<\/p>\n<p>Le groupe de restauration Two Spice s'\u00e9tend avec le concept de sushis \"Yooji's\" dans \"The Circle\". La marque sera pr\u00e9sente sur plus de 300 m\u00b2 r\u00e9partis sur deux \u00e9tages. Le locataire du caf\u00e9 de la place principale, d'une surface d'environ 250 m\u00b2, est Essenszeit GmbH, qui y installera le \"Leon Coffee &amp; Grill\".<\/p>\n<p>Selon les indications de la Zurich Flughafen AG, \"The Circle\" offre de la place pour dix unit\u00e9s de restauration ainsi que pour deux restaurants dans les h\u00f4tels Hyatt. La premi\u00e8re partie de la proc\u00e9dure d'appel d'offres s'est achev\u00e9e avec le choix effectu\u00e9, une autre proc\u00e9dure d'appel d'offres vient d'\u00eatre lanc\u00e9e. <a href=\"https:\/\/www.immobilienbusiness.ch\/fr\/zuerich-drei-neue-mieter-fuer-the-circle\/\">Mi-f\u00e9vrier, l'a\u00e9roport avait \u00e9galement annonc\u00e9 trois nouveaux locataires pour un total de 9.000 m\u00b2 de bureaux : Microsoft, le fournisseur de coworking Spaces et l'entreprise informatique Abraxas louent des locaux.<\/a><\/p>","protected":false},"excerpt":{"rendered":"<p>Le grand projet \"The Circle\" \u00e0 l'a\u00e9roport de Zurich continue de se remplir. La soci\u00e9t\u00e9 Flughafen Z\u00fcrich AG a conclu des contrats de location avec trois restaurateurs pour une surface totale de plus de 2.000 m\u00e8tres carr\u00e9s.<\/p>","protected":false},"author":3,"featured_media":5171,"comment_status":"open","ping_status":"open","sticky":false,"template":"","format":"standard","meta":{"_acf_changed":false,"_yoast_wpseo_focuskw":"Circle","_yoast_wpseo_title":"","_yoast_wpseo_metadesc":"Das Grossprojekt \u00abThe Circle\u00bb am Z\u00fcrcher Flughafen f\u00fcllt sich weiter. Die Flughafen Z\u00fcrich AG hat Mietvertr\u00e4ge mit drei Gastronomen \u00fcber insgesamt mehr als 2.000 qm Fl\u00e4che abgeschlossen.","_yoast_wpseo_linkdex":70,"pgc_sgb_lightbox_settings":"","footnotes":""},"categories":[985],"tags":[1254,1599,1777,1832,1888],"class_list":["post-11558","post","type-post","status-publish","format-standard","has-post-thumbnail","hentry","category-regionen","tag-gastronomie","tag-projekt-in-bau","tag-the-circle","tag-vermietung","tag-zuerich"],"acf":[],"yoast_head":"<!-- This site is optimized with the Yoast SEO plugin v27.4 - https:\/\/yoast.com\/product\/yoast-seo-wordpress\/ -->\n<title>Z\u00fcrich: Neue Gastro-Mieter f\u00fcr \u00abThe Circle\u00bb - IMMOBILIEN Business<\/title>\n<meta name=\"description\" content=\"Das Grossprojekt \u00abThe Circle\u00bb am Z\u00fcrcher Flughafen f\u00fcllt sich weiter. Die Flughafen Z\u00fcrich AG hat Mietvertr\u00e4ge mit drei Gastronomen \u00fcber insgesamt mehr als 2.000 qm Fl\u00e4che abgeschlossen.\" \/>\n<meta name=\"robots\" content=\"index, follow, max-snippet:-1, max-image-preview:large, max-video-preview:-1\" \/>\n<link rel=\"canonical\" href=\"https:\/\/www.immobilienbusiness.ch\/fr\/regionen\/2018-03-05\/zuerich-neue-gastro-mieter-fuer-the-circle\/\" \/>\n<meta property=\"og:locale\" content=\"fr_FR\" \/>\n<meta property=\"og:type\" content=\"article\" \/>\n<meta property=\"og:title\" content=\"Z\u00fcrich: Neue Gastro-Mieter f\u00fcr \u00abThe Circle\u00bb - IMMOBILIEN Business\" \/>\n<meta property=\"og:description\" content=\"Das Grossprojekt \u00abThe Circle\u00bb am Z\u00fcrcher Flughafen f\u00fcllt sich weiter. Die Flughafen Z\u00fcrich AG hat Mietvertr\u00e4ge mit drei Gastronomen \u00fcber insgesamt mehr als 2.000 qm Fl\u00e4che abgeschlossen.\" \/>\n<meta property=\"og:url\" content=\"https:\/\/www.immobilienbusiness.ch\/fr\/regionen\/2018-03-05\/zuerich-neue-gastro-mieter-fuer-the-circle\/\" \/>\n<meta property=\"og:site_name\" content=\"IMMOBILIEN Business\" \/>\n<meta property=\"article:publisher\" content=\"https:\/\/www.facebook.com\/immobilienbusiness\/\" \/>\n<meta property=\"article:published_time\" content=\"2018-03-05T08:37:08+00:00\" \/>\n<meta property=\"og:image\" content=\"https:\/\/www.immobilienbusiness.ch\/wp-content\/uploads\/2016\/12\/Zuerich-Jelmoli-wird-Ankermieter-im-The-Circle-immobilien-business.jpg\" \/>\n\t<meta property=\"og:image:width\" content=\"2400\" \/>\n\t<meta property=\"og:image:height\" content=\"1551\" \/>\n\t<meta property=\"og:image:type\" content=\"image\/jpeg\" \/>\n<meta name=\"author\" content=\"anja.hall\" \/>\n<meta name=\"twitter:card\" content=\"summary_large_image\" \/>\n<script type=\"application\/ld+json\" class=\"yoast-schema-graph\">{\"@context\":\"https:\\\/\\\/schema.org\",\"@graph\":[{\"@type\":\"Article\",\"@id\":\"https:\\\/\\\/www.immobilienbusiness.ch\\\/regionen\\\/2018-03-05\\\/zuerich-neue-gastro-mieter-fuer-the-circle\\\/#article\",\"isPartOf\":{\"@id\":\"https:\\\/\\\/www.immobilienbusiness.ch\\\/regionen\\\/2018-03-05\\\/zuerich-neue-gastro-mieter-fuer-the-circle\\\/\"},\"author\":{\"name\":\"anja.hall\",\"@id\":\"https:\\\/\\\/www.immobilienbusiness.ch\\\/#\\\/schema\\\/person\\\/3fc036297b10b9f42d6db5ee932af8c8\"},\"headline\":\"Z\u00fcrich: Neue Gastro-Mieter f\u00fcr \u00abThe Circle\u00bb\",\"datePublished\":\"2018-03-05T08:37:08+00:00\",\"mainEntityOfPage\":{\"@id\":\"https:\\\/\\\/www.immobilienbusiness.ch\\\/regionen\\\/2018-03-05\\\/zuerich-neue-gastro-mieter-fuer-the-circle\\\/\"},\"wordCount\":208,\"commentCount\":0,\"publisher\":{\"@id\":\"https:\\\/\\\/www.immobilienbusiness.ch\\\/#organization\"},\"image\":{\"@id\":\"https:\\\/\\\/www.immobilienbusiness.ch\\\/regionen\\\/2018-03-05\\\/zuerich-neue-gastro-mieter-fuer-the-circle\\\/#primaryimage\"},\"thumbnailUrl\":\"https:\\\/\\\/www.immobilienbusiness.ch\\\/wp-content\\\/uploads\\\/2016\\\/12\\\/Zuerich-Jelmoli-wird-Ankermieter-im-The-Circle-immobilien-business.jpg\",\"keywords\":[\"Gastronomie\",\"Projekt in Bau\",\"The Circle\",\"Vermietung\",\"Z\u00fcrich\"],\"articleSection\":[\"REGIONEN\"],\"inLanguage\":\"fr-FR\"},{\"@type\":\"WebPage\",\"@id\":\"https:\\\/\\\/www.immobilienbusiness.ch\\\/regionen\\\/2018-03-05\\\/zuerich-neue-gastro-mieter-fuer-the-circle\\\/\",\"url\":\"https:\\\/\\\/www.immobilienbusiness.ch\\\/regionen\\\/2018-03-05\\\/zuerich-neue-gastro-mieter-fuer-the-circle\\\/\",\"name\":\"Z\u00fcrich: Neue Gastro-Mieter f\u00fcr \u00abThe Circle\u00bb - IMMOBILIEN Business\",\"isPartOf\":{\"@id\":\"https:\\\/\\\/www.immobilienbusiness.ch\\\/#website\"},\"primaryImageOfPage\":{\"@id\":\"https:\\\/\\\/www.immobilienbusiness.ch\\\/regionen\\\/2018-03-05\\\/zuerich-neue-gastro-mieter-fuer-the-circle\\\/#primaryimage\"},\"image\":{\"@id\":\"https:\\\/\\\/www.immobilienbusiness.ch\\\/regionen\\\/2018-03-05\\\/zuerich-neue-gastro-mieter-fuer-the-circle\\\/#primaryimage\"},\"thumbnailUrl\":\"https:\\\/\\\/www.immobilienbusiness.ch\\\/wp-content\\\/uploads\\\/2016\\\/12\\\/Zuerich-Jelmoli-wird-Ankermieter-im-The-Circle-immobilien-business.jpg\",\"datePublished\":\"2018-03-05T08:37:08+00:00\",\"description\":\"Das Grossprojekt \u00abThe Circle\u00bb am Z\u00fcrcher Flughafen f\u00fcllt sich weiter. Die Flughafen Z\u00fcrich AG hat Mietvertr\u00e4ge mit drei Gastronomen \u00fcber insgesamt mehr als 2.000 qm Fl\u00e4che abgeschlossen.\",\"breadcrumb\":{\"@id\":\"https:\\\/\\\/www.immobilienbusiness.ch\\\/regionen\\\/2018-03-05\\\/zuerich-neue-gastro-mieter-fuer-the-circle\\\/#breadcrumb\"},\"inLanguage\":\"fr-FR\",\"potentialAction\":[{\"@type\":\"ReadAction\",\"target\":[\"https:\\\/\\\/www.immobilienbusiness.ch\\\/regionen\\\/2018-03-05\\\/zuerich-neue-gastro-mieter-fuer-the-circle\\\/\"]}]},{\"@type\":\"ImageObject\",\"inLanguage\":\"fr-FR\",\"@id\":\"https:\\\/\\\/www.immobilienbusiness.ch\\\/regionen\\\/2018-03-05\\\/zuerich-neue-gastro-mieter-fuer-the-circle\\\/#primaryimage\",\"url\":\"https:\\\/\\\/www.immobilienbusiness.ch\\\/wp-content\\\/uploads\\\/2016\\\/12\\\/Zuerich-Jelmoli-wird-Ankermieter-im-The-Circle-immobilien-business.jpg\",\"contentUrl\":\"https:\\\/\\\/www.immobilienbusiness.ch\\\/wp-content\\\/uploads\\\/2016\\\/12\\\/Zuerich-Jelmoli-wird-Ankermieter-im-The-Circle-immobilien-business.jpg\",\"width\":2400,\"height\":1551,\"caption\":\"Jelmoli wird Ankermieter im \u00abThe Circle\u00bb (Visualisierung: Flughafen Z\u00fcrich AG)\"},{\"@type\":\"BreadcrumbList\",\"@id\":\"https:\\\/\\\/www.immobilienbusiness.ch\\\/regionen\\\/2018-03-05\\\/zuerich-neue-gastro-mieter-fuer-the-circle\\\/#breadcrumb\",\"itemListElement\":[{\"@type\":\"ListItem\",\"position\":1,\"name\":\"Home\",\"item\":\"https:\\\/\\\/www.immobilienbusiness.ch\\\/\"},{\"@type\":\"ListItem\",\"position\":2,\"name\":\"Z\u00fcrich: Neue Gastro-Mieter f\u00fcr \u00abThe Circle\u00bb\"}]},{\"@type\":\"WebSite\",\"@id\":\"https:\\\/\\\/www.immobilienbusiness.ch\\\/#website\",\"url\":\"https:\\\/\\\/www.immobilienbusiness.ch\\\/\",\"name\":\"IMMOBILIEN Business\",\"description\":\"Unabh\u00e4ngiges Schweizer Wirtschaftsmagazin mit Fokus auf Immobilien, Architektur- und Bau sowie Investment- und Finanzierung.\",\"publisher\":{\"@id\":\"https:\\\/\\\/www.immobilienbusiness.ch\\\/#organization\"},\"potentialAction\":[{\"@type\":\"SearchAction\",\"target\":{\"@type\":\"EntryPoint\",\"urlTemplate\":\"https:\\\/\\\/www.immobilienbusiness.ch\\\/?s={search_term_string}\"},\"query-input\":{\"@type\":\"PropertyValueSpecification\",\"valueRequired\":true,\"valueName\":\"search_term_string\"}}],\"inLanguage\":\"fr-FR\"},{\"@type\":\"Organization\",\"@id\":\"https:\\\/\\\/www.immobilienbusiness.ch\\\/#organization\",\"name\":\"IMMOBILIEN Business\",\"url\":\"https:\\\/\\\/www.immobilienbusiness.ch\\\/\",\"logo\":{\"@type\":\"ImageObject\",\"inLanguage\":\"fr-FR\",\"@id\":\"https:\\\/\\\/www.immobilienbusiness.ch\\\/#\\\/schema\\\/logo\\\/image\\\/\",\"url\":\"https:\\\/\\\/www.immobilienbusiness.ch\\\/wp-content\\\/uploads\\\/2021\\\/07\\\/logo_ib.png\",\"contentUrl\":\"https:\\\/\\\/www.immobilienbusiness.ch\\\/wp-content\\\/uploads\\\/2021\\\/07\\\/logo_ib.png\",\"width\":800,\"height\":181,\"caption\":\"IMMOBILIEN Business\"},\"image\":{\"@id\":\"https:\\\/\\\/www.immobilienbusiness.ch\\\/#\\\/schema\\\/logo\\\/image\\\/\"},\"sameAs\":[\"https:\\\/\\\/www.facebook.com\\\/immobilienbusiness\\\/\"]},{\"@type\":\"Person\",\"@id\":\"https:\\\/\\\/www.immobilienbusiness.ch\\\/#\\\/schema\\\/person\\\/3fc036297b10b9f42d6db5ee932af8c8\",\"name\":\"anja.hall\",\"image\":{\"@type\":\"ImageObject\",\"inLanguage\":\"fr-FR\",\"@id\":\"https:\\\/\\\/secure.gravatar.com\\\/avatar\\\/066b5a0d447013502c71a5782f4f3469f03cfe595cc2329fb94652fe47511bfb?s=96&d=mm&r=g\",\"url\":\"https:\\\/\\\/secure.gravatar.com\\\/avatar\\\/066b5a0d447013502c71a5782f4f3469f03cfe595cc2329fb94652fe47511bfb?s=96&d=mm&r=g\",\"contentUrl\":\"https:\\\/\\\/secure.gravatar.com\\\/avatar\\\/066b5a0d447013502c71a5782f4f3469f03cfe595cc2329fb94652fe47511bfb?s=96&d=mm&r=g\",\"caption\":\"anja.hall\"},\"url\":\"https:\\\/\\\/www.immobilienbusiness.ch\\\/fr\\\/author\\\/anja-hall\\\/\"}]}<\/script>\n<!-- \/ Yoast SEO plugin. -->","yoast_head_json":{"title":"Z\u00fcrich: Neue Gastro-Mieter f\u00fcr \u00abThe Circle\u00bb - IMMOBILIEN Business","description":"Le grand projet \"The Circle\" \u00e0 l'a\u00e9roport de Zurich continue de se remplir. La soci\u00e9t\u00e9 Flughafen Z\u00fcrich AG a conclu des contrats de location avec trois restaurateurs pour une surface totale de plus de 2.000 m\u00e8tres carr\u00e9s.","robots":{"index":"index","follow":"follow","max-snippet":"max-snippet:-1","max-image-preview":"max-image-preview:large","max-video-preview":"max-video-preview:-1"},"canonical":"https:\/\/www.immobilienbusiness.ch\/fr\/regionen\/2018-03-05\/zuerich-neue-gastro-mieter-fuer-the-circle\/","og_locale":"fr_FR","og_type":"article","og_title":"Z\u00fcrich: Neue Gastro-Mieter f\u00fcr \u00abThe Circle\u00bb - IMMOBILIEN Business","og_description":"Das Grossprojekt \u00abThe Circle\u00bb am Z\u00fcrcher Flughafen f\u00fcllt sich weiter. Die Flughafen Z\u00fcrich AG hat Mietvertr\u00e4ge mit drei Gastronomen \u00fcber insgesamt mehr als 2.000 qm Fl\u00e4che abgeschlossen.","og_url":"https:\/\/www.immobilienbusiness.ch\/fr\/regionen\/2018-03-05\/zuerich-neue-gastro-mieter-fuer-the-circle\/","og_site_name":"IMMOBILIEN Business","article_publisher":"https:\/\/www.facebook.com\/immobilienbusiness\/","article_published_time":"2018-03-05T08:37:08+00:00","og_image":[{"width":2400,"height":1551,"url":"https:\/\/www.immobilienbusiness.ch\/wp-content\/uploads\/2016\/12\/Zuerich-Jelmoli-wird-Ankermieter-im-The-Circle-immobilien-business.jpg","type":"image\/jpeg"}],"author":"anja.hall","twitter_card":"summary_large_image","schema":{"@context":"https:\/\/schema.org","@graph":[{"@type":"Article","@id":"https:\/\/www.immobilienbusiness.ch\/regionen\/2018-03-05\/zuerich-neue-gastro-mieter-fuer-the-circle\/#article","isPartOf":{"@id":"https:\/\/www.immobilienbusiness.ch\/regionen\/2018-03-05\/zuerich-neue-gastro-mieter-fuer-the-circle\/"},"author":{"name":"anja.hall","@id":"https:\/\/www.immobilienbusiness.ch\/#\/schema\/person\/3fc036297b10b9f42d6db5ee932af8c8"},"headline":"Z\u00fcrich: Neue Gastro-Mieter f\u00fcr \u00abThe Circle\u00bb","datePublished":"2018-03-05T08:37:08+00:00","mainEntityOfPage":{"@id":"https:\/\/www.immobilienbusiness.ch\/regionen\/2018-03-05\/zuerich-neue-gastro-mieter-fuer-the-circle\/"},"wordCount":208,"commentCount":0,"publisher":{"@id":"https:\/\/www.immobilienbusiness.ch\/#organization"},"image":{"@id":"https:\/\/www.immobilienbusiness.ch\/regionen\/2018-03-05\/zuerich-neue-gastro-mieter-fuer-the-circle\/#primaryimage"},"thumbnailUrl":"https:\/\/www.immobilienbusiness.ch\/wp-content\/uploads\/2016\/12\/Zuerich-Jelmoli-wird-Ankermieter-im-The-Circle-immobilien-business.jpg","keywords":["Gastronomie","Projekt in Bau","The Circle","Vermietung","Z\u00fcrich"],"articleSection":["REGIONEN"],"inLanguage":"fr-FR"},{"@type":"WebPage","@id":"https:\/\/www.immobilienbusiness.ch\/regionen\/2018-03-05\/zuerich-neue-gastro-mieter-fuer-the-circle\/","url":"https:\/\/www.immobilienbusiness.ch\/regionen\/2018-03-05\/zuerich-neue-gastro-mieter-fuer-the-circle\/","name":"Z\u00fcrich: Neue Gastro-Mieter f\u00fcr \u00abThe Circle\u00bb - IMMOBILIEN Business","isPartOf":{"@id":"https:\/\/www.immobilienbusiness.ch\/#website"},"primaryImageOfPage":{"@id":"https:\/\/www.immobilienbusiness.ch\/regionen\/2018-03-05\/zuerich-neue-gastro-mieter-fuer-the-circle\/#primaryimage"},"image":{"@id":"https:\/\/www.immobilienbusiness.ch\/regionen\/2018-03-05\/zuerich-neue-gastro-mieter-fuer-the-circle\/#primaryimage"},"thumbnailUrl":"https:\/\/www.immobilienbusiness.ch\/wp-content\/uploads\/2016\/12\/Zuerich-Jelmoli-wird-Ankermieter-im-The-Circle-immobilien-business.jpg","datePublished":"2018-03-05T08:37:08+00:00","description":"Le grand projet \"The Circle\" \u00e0 l'a\u00e9roport de Zurich continue de se remplir. La soci\u00e9t\u00e9 Flughafen Z\u00fcrich AG a conclu des contrats de location avec trois restaurateurs pour une surface totale de plus de 2.000 m\u00e8tres carr\u00e9s.","breadcrumb":{"@id":"https:\/\/www.immobilienbusiness.ch\/regionen\/2018-03-05\/zuerich-neue-gastro-mieter-fuer-the-circle\/#breadcrumb"},"inLanguage":"fr-FR","potentialAction":[{"@type":"ReadAction","target":["https:\/\/www.immobilienbusiness.ch\/regionen\/2018-03-05\/zuerich-neue-gastro-mieter-fuer-the-circle\/"]}]},{"@type":"ImageObject","inLanguage":"fr-FR","@id":"https:\/\/www.immobilienbusiness.ch\/regionen\/2018-03-05\/zuerich-neue-gastro-mieter-fuer-the-circle\/#primaryimage","url":"https:\/\/www.immobilienbusiness.ch\/wp-content\/uploads\/2016\/12\/Zuerich-Jelmoli-wird-Ankermieter-im-The-Circle-immobilien-business.jpg","contentUrl":"https:\/\/www.immobilienbusiness.ch\/wp-content\/uploads\/2016\/12\/Zuerich-Jelmoli-wird-Ankermieter-im-The-Circle-immobilien-business.jpg","width":2400,"height":1551,"caption":"Jelmoli wird Ankermieter im \u00abThe Circle\u00bb (Visualisierung: Flughafen Z\u00fcrich AG)"},{"@type":"BreadcrumbList","@id":"https:\/\/www.immobilienbusiness.ch\/regionen\/2018-03-05\/zuerich-neue-gastro-mieter-fuer-the-circle\/#breadcrumb","itemListElement":[{"@type":"ListItem","position":1,"name":"Home","item":"https:\/\/www.immobilienbusiness.ch\/"},{"@type":"ListItem","position":2,"name":"Z\u00fcrich: Neue Gastro-Mieter f\u00fcr \u00abThe Circle\u00bb"}]},{"@type":"WebSite","@id":"https:\/\/www.immobilienbusiness.ch\/#website","url":"https:\/\/www.immobilienbusiness.ch\/","name":"IMMOBILIER Business","description":"Magazine \u00e9conomique suisse ind\u00e9pendant ax\u00e9 sur l'immobilier, l'architecture et la construction ainsi que sur les investissements et le financement.","publisher":{"@id":"https:\/\/www.immobilienbusiness.ch\/#organization"},"potentialAction":[{"@type":"SearchAction","target":{"@type":"EntryPoint","urlTemplate":"https:\/\/www.immobilienbusiness.ch\/?s={search_term_string}"},"query-input":{"@type":"PropertyValueSpecification","valueRequired":true,"valueName":"search_term_string"}}],"inLanguage":"fr-FR"},{"@type":"Organization","@id":"https:\/\/www.immobilienbusiness.ch\/#organization","name":"IMMOBILIER Business","url":"https:\/\/www.immobilienbusiness.ch\/","logo":{"@type":"ImageObject","inLanguage":"fr-FR","@id":"https:\/\/www.immobilienbusiness.ch\/#\/schema\/logo\/image\/","url":"https:\/\/www.immobilienbusiness.ch\/wp-content\/uploads\/2021\/07\/logo_ib.png","contentUrl":"https:\/\/www.immobilienbusiness.ch\/wp-content\/uploads\/2021\/07\/logo_ib.png","width":800,"height":181,"caption":"IMMOBILIEN Business"},"image":{"@id":"https:\/\/www.immobilienbusiness.ch\/#\/schema\/logo\/image\/"},"sameAs":["https:\/\/www.facebook.com\/immobilienbusiness\/"]},{"@type":"Person","@id":"https:\/\/www.immobilienbusiness.ch\/#\/schema\/person\/3fc036297b10b9f42d6db5ee932af8c8","name":"anja.hall","image":{"@type":"ImageObject","inLanguage":"fr-FR","@id":"https:\/\/secure.gravatar.com\/avatar\/066b5a0d447013502c71a5782f4f3469f03cfe595cc2329fb94652fe47511bfb?s=96&d=mm&r=g","url":"https:\/\/secure.gravatar.com\/avatar\/066b5a0d447013502c71a5782f4f3469f03cfe595cc2329fb94652fe47511bfb?s=96&d=mm&r=g","contentUrl":"https:\/\/secure.gravatar.com\/avatar\/066b5a0d447013502c71a5782f4f3469f03cfe595cc2329fb94652fe47511bfb?s=96&d=mm&r=g","caption":"anja.hall"},"url":"https:\/\/www.immobilienbusiness.ch\/fr\/author\/anja-hall\/"}]}},"_links":{"self":[{"href":"https:\/\/www.immobilienbusiness.ch\/fr\/wp-json\/wp\/v2\/posts\/11558","targetHints":{"allow":["GET"]}}],"collection":[{"href":"https:\/\/www.immobilienbusiness.ch\/fr\/wp-json\/wp\/v2\/posts"}],"about":[{"href":"https:\/\/www.immobilienbusiness.ch\/fr\/wp-json\/wp\/v2\/types\/post"}],"author":[{"embeddable":true,"href":"https:\/\/www.immobilienbusiness.ch\/fr\/wp-json\/wp\/v2\/users\/3"}],"replies":[{"embeddable":true,"href":"https:\/\/www.immobilienbusiness.ch\/fr\/wp-json\/wp\/v2\/comments?post=11558"}],"version-history":[{"count":0,"href":"https:\/\/www.immobilienbusiness.ch\/fr\/wp-json\/wp\/v2\/posts\/11558\/revisions"}],"wp:featuredmedia":[{"embeddable":true,"href":"https:\/\/www.immobilienbusiness.ch\/fr\/wp-json\/wp\/v2\/media\/5171"}],"wp:attachment":[{"href":"https:\/\/www.immobilienbusiness.ch\/fr\/wp-json\/wp\/v2\/media?parent=11558"}],"wp:term":[{"taxonomy":"category","embeddable":true,"href":"https:\/\/www.immobilienbusiness.ch\/fr\/wp-json\/wp\/v2\/categories?post=11558"},{"taxonomy":"post_tag","embeddable":true,"href":"https:\/\/www.immobilienbusiness.ch\/fr\/wp-json\/wp\/v2\/tags?post=11558"}],"curies":[{"name":"wp","href":"https:\/\/api.w.org\/{rel}","templated":true}]}}