{"id":11546,"date":"2018-03-02T11:53:54","date_gmt":"2018-03-02T10:53:54","guid":{"rendered":"https:\/\/www.immobilienbusiness.ch\/?p=11546"},"modified":"2018-03-02T11:53:54","modified_gmt":"2018-03-02T10:53:54","slug":"neubau-fuer-basler-museum-und-staatsarchiv-einen-schritt-weiter","status":"publish","type":"post","link":"https:\/\/www.immobilienbusiness.ch\/fr\/allgemein\/2018-03-02\/neubau-fuer-basler-museum-und-staatsarchiv-einen-schritt-weiter\/","title":{"rendered":"Un pas en avant pour le nouveau b\u00e2timent du mus\u00e9e et des archives de l'\u00c9tat de B\u00e2le"},"content":{"rendered":"<figure id=\"attachment_11550\" aria-describedby=\"caption-attachment-11550\" style=\"width: 497px\" class=\"wp-caption alignnone\"><img loading=\"lazy\" decoding=\"async\" class=\"size-full wp-image-11550\" src=\"https:\/\/www.immobilienbusiness.ch\/wp-content\/uploads\/2018\/03\/IB_News_02032018_IMMOBILIEN-Business.jpg\" alt=\"\" width=\"497\" height=\"331\" srcset=\"https:\/\/www.immobilienbusiness.ch\/wp-content\/uploads\/2018\/03\/IB_News_02032018_IMMOBILIEN-Business.jpg 497w, https:\/\/www.immobilienbusiness.ch\/wp-content\/uploads\/2018\/03\/IB_News_02032018_IMMOBILIEN-Business-300x200.jpg 300w, https:\/\/www.immobilienbusiness.ch\/wp-content\/uploads\/2018\/03\/IB_News_02032018_IMMOBILIEN-Business-16x12.jpg 16w, https:\/\/www.immobilienbusiness.ch\/wp-content\/uploads\/2018\/03\/IB_News_02032018_IMMOBILIEN-Business-263x175.jpg 263w\" sizes=\"auto, (max-width: 497px) 100vw, 497px\" \/><figcaption id=\"caption-attachment-11550\" class=\"wp-caption-text\">Le nouveau b\u00e2timent pr\u00e9vu \u00e0 la gare de St. Johann<\/figcaption><\/figure>\n<p>Le Mus\u00e9e d'histoire naturelle, situ\u00e9 dans le b\u00e2timent Berri de l'Augustinergasse, et les Archives d'\u00c9tat de B\u00e2le-Ville, install\u00e9es dans la Martinsgasse, ont un besoin urgent de nouveaux logements : La surface utile des deux sites ne suffit plus depuis longtemps. Les deux institutions culturelles doivent donc \u00e0 l'avenir \u00eatre h\u00e9berg\u00e9es dans un nouveau b\u00e2timent ; selon le communiqu\u00e9, le site combin\u00e9 et attirant le public doit apporter des avantages en mati\u00e8re de politique culturelle, d'organisation et de finances et, surtout, donner une nouvelle impulsion au quartier en plein essor de St Johan. Apr\u00e8s avoir \u00e9valu\u00e9 plus de 20 sites de remplacement pour le mus\u00e9e, le gouvernement avait opt\u00e9 en 2012 pour la gare St. Johann ; le canton de B\u00e2le-Ville a d\u00e9j\u00e0 rachet\u00e9 aux CFF un terrain utilis\u00e9 jusqu'ici comme surface de stockage.<\/p>\n<p>Selon le communiqu\u00e9, la r\u00e9alisation du nouveau b\u00e2timent combin\u00e9, con\u00e7u par le bureau d'architectes zurichois EM2N, est pr\u00e9vue pour 2020 \u00e0 2023. Suivra ensuite une phase de d\u00e9m\u00e9nagement et d'installation d'un an pour les Archives de l'Etat, et environ deux ans pour le d\u00e9m\u00e9nagement du Mus\u00e9e d'histoire naturelle. Les investissements pour les b\u00e2timents, les installations d'exploitation et les d\u00e9m\u00e9nagements sont chiffr\u00e9s \u00e0 195,4 millions de francs, comme l'a indiqu\u00e9 le gouvernement fin f\u00e9vrier. Le montant total de 214 millions de francs que le gouvernement b\u00e2lois propose maintenant au Grand Conseil comprend en outre des r\u00e9serves, des frais de personnel limit\u00e9s dans le temps pour le suivi du projet ainsi que des frais cons\u00e9cutifs pour l'exploitation et l'entretien durant la premi\u00e8re ann\u00e9e d'exploitation. En 2013, le Grand Conseil avait approuv\u00e9 \u00e0 une large majorit\u00e9 un montant total de 11 millions de francs pour l'\u00e9tude du projet de nouveau b\u00e2timent commun.<\/p>","protected":false},"excerpt":{"rendered":"<p>Le Mus\u00e9e d'histoire naturelle et les Archives d'Etat de B\u00e2le-Ville seront \u00e0 l'avenir r\u00e9unis sous un m\u00eame toit : Le gouvernement b\u00e2lois propose au Grand Conseil d'allouer environ 214 millions de francs au nouveau b\u00e2timent pr\u00e9vu pr\u00e8s de la gare Saint-Jean.<\/p>","protected":false},"author":8,"featured_media":11550,"comment_status":"open","ping_status":"open","sticky":false,"template":"","format":"standard","meta":{"_acf_changed":false,"_yoast_wpseo_focuskw":"Basler","_yoast_wpseo_title":"Neubau f\u00fcr Basler Museum und Staatsarchiv einen Schritt weiter","_yoast_wpseo_metadesc":"Das Naturhistorische Museum und das Staatsarchiv Basel-Stadt sollen k\u00fcnftig unter einem Dach untergebracht werden: F\u00fcr den geplanten Neubau f\u00fcr beim Bahnhof St. Johann beantragt die Basler Regierung dem Grossen Rat rund 214 Millionen Franken.","_yoast_wpseo_linkdex":75,"pgc_sgb_lightbox_settings":"","footnotes":""},"categories":[1,985],"tags":[1069],"class_list":["post-11546","post","type-post","status-publish","format-standard","has-post-thumbnail","hentry","category-allgemein","category-regionen","tag-basel"],"acf":[],"yoast_head":"<!-- This site is optimized with the Yoast SEO plugin v27.4 - https:\/\/yoast.com\/product\/yoast-seo-wordpress\/ -->\n<title>Neubau f\u00fcr Basler Museum und Staatsarchiv einen Schritt weiter<\/title>\n<meta name=\"description\" content=\"Das Naturhistorische Museum und das Staatsarchiv Basel-Stadt sollen k\u00fcnftig unter einem Dach untergebracht werden: F\u00fcr den geplanten Neubau f\u00fcr beim Bahnhof St. Johann beantragt die Basler Regierung dem Grossen Rat rund 214 Millionen Franken.\" \/>\n<meta name=\"robots\" content=\"index, follow, max-snippet:-1, max-image-preview:large, max-video-preview:-1\" \/>\n<link rel=\"canonical\" href=\"https:\/\/www.immobilienbusiness.ch\/fr\/allgemein\/2018-03-02\/neubau-fuer-basler-museum-und-staatsarchiv-einen-schritt-weiter\/\" \/>\n<meta property=\"og:locale\" content=\"fr_FR\" \/>\n<meta property=\"og:type\" content=\"article\" \/>\n<meta property=\"og:title\" content=\"Neubau f\u00fcr Basler Museum und Staatsarchiv einen Schritt weiter\" \/>\n<meta property=\"og:description\" content=\"Das Naturhistorische Museum und das Staatsarchiv Basel-Stadt sollen k\u00fcnftig unter einem Dach untergebracht werden: F\u00fcr den geplanten Neubau f\u00fcr beim Bahnhof St. Johann beantragt die Basler Regierung dem Grossen Rat rund 214 Millionen Franken.\" \/>\n<meta property=\"og:url\" content=\"https:\/\/www.immobilienbusiness.ch\/fr\/allgemein\/2018-03-02\/neubau-fuer-basler-museum-und-staatsarchiv-einen-schritt-weiter\/\" \/>\n<meta property=\"og:site_name\" content=\"IMMOBILIEN Business\" \/>\n<meta property=\"article:publisher\" content=\"https:\/\/www.facebook.com\/immobilienbusiness\/\" \/>\n<meta property=\"article:published_time\" content=\"2018-03-02T10:53:54+00:00\" \/>\n<meta property=\"og:image\" content=\"https:\/\/www.immobilienbusiness.ch\/wp-content\/uploads\/2018\/03\/IB_News_02032018_IMMOBILIEN-Business.jpg\" \/>\n\t<meta property=\"og:image:width\" content=\"497\" \/>\n\t<meta property=\"og:image:height\" content=\"331\" \/>\n\t<meta property=\"og:image:type\" content=\"image\/jpeg\" \/>\n<meta name=\"author\" content=\"birgitt.wuest\" \/>\n<meta name=\"twitter:card\" content=\"summary_large_image\" \/>\n<script type=\"application\/ld+json\" class=\"yoast-schema-graph\">{\"@context\":\"https:\\\/\\\/schema.org\",\"@graph\":[{\"@type\":\"Article\",\"@id\":\"https:\\\/\\\/www.immobilienbusiness.ch\\\/it\\\/allgemein\\\/2018-03-02\\\/neubau-fuer-basler-museum-und-staatsarchiv-einen-schritt-weiter\\\/#article\",\"isPartOf\":{\"@id\":\"https:\\\/\\\/www.immobilienbusiness.ch\\\/it\\\/allgemein\\\/2018-03-02\\\/neubau-fuer-basler-museum-und-staatsarchiv-einen-schritt-weiter\\\/\"},\"author\":{\"name\":\"birgitt.wuest\",\"@id\":\"https:\\\/\\\/www.immobilienbusiness.ch\\\/#\\\/schema\\\/person\\\/9071de3b430793052e78768378adb039\"},\"headline\":\"Neubau f\u00fcr Basler Museum und Staatsarchiv einen Schritt weiter\",\"datePublished\":\"2018-03-02T10:53:54+00:00\",\"mainEntityOfPage\":{\"@id\":\"https:\\\/\\\/www.immobilienbusiness.ch\\\/it\\\/allgemein\\\/2018-03-02\\\/neubau-fuer-basler-museum-und-staatsarchiv-einen-schritt-weiter\\\/\"},\"wordCount\":248,\"commentCount\":0,\"publisher\":{\"@id\":\"https:\\\/\\\/www.immobilienbusiness.ch\\\/#organization\"},\"image\":{\"@id\":\"https:\\\/\\\/www.immobilienbusiness.ch\\\/it\\\/allgemein\\\/2018-03-02\\\/neubau-fuer-basler-museum-und-staatsarchiv-einen-schritt-weiter\\\/#primaryimage\"},\"thumbnailUrl\":\"https:\\\/\\\/www.immobilienbusiness.ch\\\/wp-content\\\/uploads\\\/2018\\\/03\\\/IB_News_02032018_IMMOBILIEN-Business.jpg\",\"keywords\":[\"Basel\"],\"articleSection\":[\"Allgemein\",\"REGIONEN\"],\"inLanguage\":\"fr-FR\"},{\"@type\":\"WebPage\",\"@id\":\"https:\\\/\\\/www.immobilienbusiness.ch\\\/it\\\/allgemein\\\/2018-03-02\\\/neubau-fuer-basler-museum-und-staatsarchiv-einen-schritt-weiter\\\/\",\"url\":\"https:\\\/\\\/www.immobilienbusiness.ch\\\/it\\\/allgemein\\\/2018-03-02\\\/neubau-fuer-basler-museum-und-staatsarchiv-einen-schritt-weiter\\\/\",\"name\":\"Neubau f\u00fcr Basler Museum und Staatsarchiv einen Schritt weiter\",\"isPartOf\":{\"@id\":\"https:\\\/\\\/www.immobilienbusiness.ch\\\/#website\"},\"primaryImageOfPage\":{\"@id\":\"https:\\\/\\\/www.immobilienbusiness.ch\\\/it\\\/allgemein\\\/2018-03-02\\\/neubau-fuer-basler-museum-und-staatsarchiv-einen-schritt-weiter\\\/#primaryimage\"},\"image\":{\"@id\":\"https:\\\/\\\/www.immobilienbusiness.ch\\\/it\\\/allgemein\\\/2018-03-02\\\/neubau-fuer-basler-museum-und-staatsarchiv-einen-schritt-weiter\\\/#primaryimage\"},\"thumbnailUrl\":\"https:\\\/\\\/www.immobilienbusiness.ch\\\/wp-content\\\/uploads\\\/2018\\\/03\\\/IB_News_02032018_IMMOBILIEN-Business.jpg\",\"datePublished\":\"2018-03-02T10:53:54+00:00\",\"description\":\"Das Naturhistorische Museum und das Staatsarchiv Basel-Stadt sollen k\u00fcnftig unter einem Dach untergebracht werden: F\u00fcr den geplanten Neubau f\u00fcr beim Bahnhof St. Johann beantragt die Basler Regierung dem Grossen Rat rund 214 Millionen Franken.\",\"breadcrumb\":{\"@id\":\"https:\\\/\\\/www.immobilienbusiness.ch\\\/it\\\/allgemein\\\/2018-03-02\\\/neubau-fuer-basler-museum-und-staatsarchiv-einen-schritt-weiter\\\/#breadcrumb\"},\"inLanguage\":\"fr-FR\",\"potentialAction\":[{\"@type\":\"ReadAction\",\"target\":[\"https:\\\/\\\/www.immobilienbusiness.ch\\\/it\\\/allgemein\\\/2018-03-02\\\/neubau-fuer-basler-museum-und-staatsarchiv-einen-schritt-weiter\\\/\"]}]},{\"@type\":\"ImageObject\",\"inLanguage\":\"fr-FR\",\"@id\":\"https:\\\/\\\/www.immobilienbusiness.ch\\\/it\\\/allgemein\\\/2018-03-02\\\/neubau-fuer-basler-museum-und-staatsarchiv-einen-schritt-weiter\\\/#primaryimage\",\"url\":\"https:\\\/\\\/www.immobilienbusiness.ch\\\/wp-content\\\/uploads\\\/2018\\\/03\\\/IB_News_02032018_IMMOBILIEN-Business.jpg\",\"contentUrl\":\"https:\\\/\\\/www.immobilienbusiness.ch\\\/wp-content\\\/uploads\\\/2018\\\/03\\\/IB_News_02032018_IMMOBILIEN-Business.jpg\",\"width\":497,\"height\":331,\"caption\":\"Der geplante Neubau am Bahnhof St. Johann\"},{\"@type\":\"BreadcrumbList\",\"@id\":\"https:\\\/\\\/www.immobilienbusiness.ch\\\/it\\\/allgemein\\\/2018-03-02\\\/neubau-fuer-basler-museum-und-staatsarchiv-einen-schritt-weiter\\\/#breadcrumb\",\"itemListElement\":[{\"@type\":\"ListItem\",\"position\":1,\"name\":\"Home\",\"item\":\"https:\\\/\\\/www.immobilienbusiness.ch\\\/\"},{\"@type\":\"ListItem\",\"position\":2,\"name\":\"Neubau f\u00fcr Basler Museum und Staatsarchiv einen Schritt weiter\"}]},{\"@type\":\"WebSite\",\"@id\":\"https:\\\/\\\/www.immobilienbusiness.ch\\\/#website\",\"url\":\"https:\\\/\\\/www.immobilienbusiness.ch\\\/\",\"name\":\"IMMOBILIEN Business\",\"description\":\"Unabh\u00e4ngiges Schweizer Wirtschaftsmagazin mit Fokus auf Immobilien, Architektur- und Bau sowie Investment- und Finanzierung.\",\"publisher\":{\"@id\":\"https:\\\/\\\/www.immobilienbusiness.ch\\\/#organization\"},\"potentialAction\":[{\"@type\":\"SearchAction\",\"target\":{\"@type\":\"EntryPoint\",\"urlTemplate\":\"https:\\\/\\\/www.immobilienbusiness.ch\\\/?s={search_term_string}\"},\"query-input\":{\"@type\":\"PropertyValueSpecification\",\"valueRequired\":true,\"valueName\":\"search_term_string\"}}],\"inLanguage\":\"fr-FR\"},{\"@type\":\"Organization\",\"@id\":\"https:\\\/\\\/www.immobilienbusiness.ch\\\/#organization\",\"name\":\"IMMOBILIEN Business\",\"url\":\"https:\\\/\\\/www.immobilienbusiness.ch\\\/\",\"logo\":{\"@type\":\"ImageObject\",\"inLanguage\":\"fr-FR\",\"@id\":\"https:\\\/\\\/www.immobilienbusiness.ch\\\/#\\\/schema\\\/logo\\\/image\\\/\",\"url\":\"https:\\\/\\\/www.immobilienbusiness.ch\\\/wp-content\\\/uploads\\\/2021\\\/07\\\/logo_ib.png\",\"contentUrl\":\"https:\\\/\\\/www.immobilienbusiness.ch\\\/wp-content\\\/uploads\\\/2021\\\/07\\\/logo_ib.png\",\"width\":800,\"height\":181,\"caption\":\"IMMOBILIEN Business\"},\"image\":{\"@id\":\"https:\\\/\\\/www.immobilienbusiness.ch\\\/#\\\/schema\\\/logo\\\/image\\\/\"},\"sameAs\":[\"https:\\\/\\\/www.facebook.com\\\/immobilienbusiness\\\/\"]},{\"@type\":\"Person\",\"@id\":\"https:\\\/\\\/www.immobilienbusiness.ch\\\/#\\\/schema\\\/person\\\/9071de3b430793052e78768378adb039\",\"name\":\"birgitt.wuest\",\"image\":{\"@type\":\"ImageObject\",\"inLanguage\":\"fr-FR\",\"@id\":\"https:\\\/\\\/secure.gravatar.com\\\/avatar\\\/938f7e46a2aa35420af239a36e5ed08a1034598c7d4a6d4dccff5f20b49eefca?s=96&d=mm&r=g\",\"url\":\"https:\\\/\\\/secure.gravatar.com\\\/avatar\\\/938f7e46a2aa35420af239a36e5ed08a1034598c7d4a6d4dccff5f20b49eefca?s=96&d=mm&r=g\",\"contentUrl\":\"https:\\\/\\\/secure.gravatar.com\\\/avatar\\\/938f7e46a2aa35420af239a36e5ed08a1034598c7d4a6d4dccff5f20b49eefca?s=96&d=mm&r=g\",\"caption\":\"birgitt.wuest\"},\"url\":\"https:\\\/\\\/www.immobilienbusiness.ch\\\/fr\\\/author\\\/birgitt-wuest\\\/\"}]}<\/script>\n<!-- \/ Yoast SEO plugin. -->","yoast_head_json":{"title":"Un pas en avant pour le nouveau b\u00e2timent du mus\u00e9e et des archives de l'\u00c9tat de B\u00e2le","description":"Le Mus\u00e9e d'histoire naturelle et les Archives d'Etat de B\u00e2le-Ville seront \u00e0 l'avenir r\u00e9unis sous un m\u00eame toit : Le gouvernement b\u00e2lois propose au Grand Conseil d'allouer environ 214 millions de francs au nouveau b\u00e2timent pr\u00e9vu pr\u00e8s de la gare Saint-Jean.","robots":{"index":"index","follow":"follow","max-snippet":"max-snippet:-1","max-image-preview":"max-image-preview:large","max-video-preview":"max-video-preview:-1"},"canonical":"https:\/\/www.immobilienbusiness.ch\/fr\/allgemein\/2018-03-02\/neubau-fuer-basler-museum-und-staatsarchiv-einen-schritt-weiter\/","og_locale":"fr_FR","og_type":"article","og_title":"Neubau f\u00fcr Basler Museum und Staatsarchiv einen Schritt weiter","og_description":"Das Naturhistorische Museum und das Staatsarchiv Basel-Stadt sollen k\u00fcnftig unter einem Dach untergebracht werden: F\u00fcr den geplanten Neubau f\u00fcr beim Bahnhof St. Johann beantragt die Basler Regierung dem Grossen Rat rund 214 Millionen Franken.","og_url":"https:\/\/www.immobilienbusiness.ch\/fr\/allgemein\/2018-03-02\/neubau-fuer-basler-museum-und-staatsarchiv-einen-schritt-weiter\/","og_site_name":"IMMOBILIEN Business","article_publisher":"https:\/\/www.facebook.com\/immobilienbusiness\/","article_published_time":"2018-03-02T10:53:54+00:00","og_image":[{"width":497,"height":331,"url":"https:\/\/www.immobilienbusiness.ch\/wp-content\/uploads\/2018\/03\/IB_News_02032018_IMMOBILIEN-Business.jpg","type":"image\/jpeg"}],"author":"birgitt.wuest","twitter_card":"summary_large_image","schema":{"@context":"https:\/\/schema.org","@graph":[{"@type":"Article","@id":"https:\/\/www.immobilienbusiness.ch\/it\/allgemein\/2018-03-02\/neubau-fuer-basler-museum-und-staatsarchiv-einen-schritt-weiter\/#article","isPartOf":{"@id":"https:\/\/www.immobilienbusiness.ch\/it\/allgemein\/2018-03-02\/neubau-fuer-basler-museum-und-staatsarchiv-einen-schritt-weiter\/"},"author":{"name":"birgitt.wuest","@id":"https:\/\/www.immobilienbusiness.ch\/#\/schema\/person\/9071de3b430793052e78768378adb039"},"headline":"Neubau f\u00fcr Basler Museum und Staatsarchiv einen Schritt weiter","datePublished":"2018-03-02T10:53:54+00:00","mainEntityOfPage":{"@id":"https:\/\/www.immobilienbusiness.ch\/it\/allgemein\/2018-03-02\/neubau-fuer-basler-museum-und-staatsarchiv-einen-schritt-weiter\/"},"wordCount":248,"commentCount":0,"publisher":{"@id":"https:\/\/www.immobilienbusiness.ch\/#organization"},"image":{"@id":"https:\/\/www.immobilienbusiness.ch\/it\/allgemein\/2018-03-02\/neubau-fuer-basler-museum-und-staatsarchiv-einen-schritt-weiter\/#primaryimage"},"thumbnailUrl":"https:\/\/www.immobilienbusiness.ch\/wp-content\/uploads\/2018\/03\/IB_News_02032018_IMMOBILIEN-Business.jpg","keywords":["Basel"],"articleSection":["Allgemein","REGIONEN"],"inLanguage":"fr-FR"},{"@type":"WebPage","@id":"https:\/\/www.immobilienbusiness.ch\/it\/allgemein\/2018-03-02\/neubau-fuer-basler-museum-und-staatsarchiv-einen-schritt-weiter\/","url":"https:\/\/www.immobilienbusiness.ch\/it\/allgemein\/2018-03-02\/neubau-fuer-basler-museum-und-staatsarchiv-einen-schritt-weiter\/","name":"Un pas en avant pour le nouveau b\u00e2timent du mus\u00e9e et des archives de l'\u00c9tat de B\u00e2le","isPartOf":{"@id":"https:\/\/www.immobilienbusiness.ch\/#website"},"primaryImageOfPage":{"@id":"https:\/\/www.immobilienbusiness.ch\/it\/allgemein\/2018-03-02\/neubau-fuer-basler-museum-und-staatsarchiv-einen-schritt-weiter\/#primaryimage"},"image":{"@id":"https:\/\/www.immobilienbusiness.ch\/it\/allgemein\/2018-03-02\/neubau-fuer-basler-museum-und-staatsarchiv-einen-schritt-weiter\/#primaryimage"},"thumbnailUrl":"https:\/\/www.immobilienbusiness.ch\/wp-content\/uploads\/2018\/03\/IB_News_02032018_IMMOBILIEN-Business.jpg","datePublished":"2018-03-02T10:53:54+00:00","description":"Le Mus\u00e9e d'histoire naturelle et les Archives d'Etat de B\u00e2le-Ville seront \u00e0 l'avenir r\u00e9unis sous un m\u00eame toit : Le gouvernement b\u00e2lois propose au Grand Conseil d'allouer environ 214 millions de francs au nouveau b\u00e2timent pr\u00e9vu pr\u00e8s de la gare Saint-Jean.","breadcrumb":{"@id":"https:\/\/www.immobilienbusiness.ch\/it\/allgemein\/2018-03-02\/neubau-fuer-basler-museum-und-staatsarchiv-einen-schritt-weiter\/#breadcrumb"},"inLanguage":"fr-FR","potentialAction":[{"@type":"ReadAction","target":["https:\/\/www.immobilienbusiness.ch\/it\/allgemein\/2018-03-02\/neubau-fuer-basler-museum-und-staatsarchiv-einen-schritt-weiter\/"]}]},{"@type":"ImageObject","inLanguage":"fr-FR","@id":"https:\/\/www.immobilienbusiness.ch\/it\/allgemein\/2018-03-02\/neubau-fuer-basler-museum-und-staatsarchiv-einen-schritt-weiter\/#primaryimage","url":"https:\/\/www.immobilienbusiness.ch\/wp-content\/uploads\/2018\/03\/IB_News_02032018_IMMOBILIEN-Business.jpg","contentUrl":"https:\/\/www.immobilienbusiness.ch\/wp-content\/uploads\/2018\/03\/IB_News_02032018_IMMOBILIEN-Business.jpg","width":497,"height":331,"caption":"Der geplante Neubau am Bahnhof St. Johann"},{"@type":"BreadcrumbList","@id":"https:\/\/www.immobilienbusiness.ch\/it\/allgemein\/2018-03-02\/neubau-fuer-basler-museum-und-staatsarchiv-einen-schritt-weiter\/#breadcrumb","itemListElement":[{"@type":"ListItem","position":1,"name":"Home","item":"https:\/\/www.immobilienbusiness.ch\/"},{"@type":"ListItem","position":2,"name":"Neubau f\u00fcr Basler Museum und Staatsarchiv einen Schritt weiter"}]},{"@type":"WebSite","@id":"https:\/\/www.immobilienbusiness.ch\/#website","url":"https:\/\/www.immobilienbusiness.ch\/","name":"IMMOBILIER Business","description":"Magazine \u00e9conomique suisse ind\u00e9pendant ax\u00e9 sur l'immobilier, l'architecture et la construction ainsi que sur les investissements et le financement.","publisher":{"@id":"https:\/\/www.immobilienbusiness.ch\/#organization"},"potentialAction":[{"@type":"SearchAction","target":{"@type":"EntryPoint","urlTemplate":"https:\/\/www.immobilienbusiness.ch\/?s={search_term_string}"},"query-input":{"@type":"PropertyValueSpecification","valueRequired":true,"valueName":"search_term_string"}}],"inLanguage":"fr-FR"},{"@type":"Organization","@id":"https:\/\/www.immobilienbusiness.ch\/#organization","name":"IMMOBILIER Business","url":"https:\/\/www.immobilienbusiness.ch\/","logo":{"@type":"ImageObject","inLanguage":"fr-FR","@id":"https:\/\/www.immobilienbusiness.ch\/#\/schema\/logo\/image\/","url":"https:\/\/www.immobilienbusiness.ch\/wp-content\/uploads\/2021\/07\/logo_ib.png","contentUrl":"https:\/\/www.immobilienbusiness.ch\/wp-content\/uploads\/2021\/07\/logo_ib.png","width":800,"height":181,"caption":"IMMOBILIEN Business"},"image":{"@id":"https:\/\/www.immobilienbusiness.ch\/#\/schema\/logo\/image\/"},"sameAs":["https:\/\/www.facebook.com\/immobilienbusiness\/"]},{"@type":"Person","@id":"https:\/\/www.immobilienbusiness.ch\/#\/schema\/person\/9071de3b430793052e78768378adb039","name":"birgitt.wuest","image":{"@type":"ImageObject","inLanguage":"fr-FR","@id":"https:\/\/secure.gravatar.com\/avatar\/938f7e46a2aa35420af239a36e5ed08a1034598c7d4a6d4dccff5f20b49eefca?s=96&d=mm&r=g","url":"https:\/\/secure.gravatar.com\/avatar\/938f7e46a2aa35420af239a36e5ed08a1034598c7d4a6d4dccff5f20b49eefca?s=96&d=mm&r=g","contentUrl":"https:\/\/secure.gravatar.com\/avatar\/938f7e46a2aa35420af239a36e5ed08a1034598c7d4a6d4dccff5f20b49eefca?s=96&d=mm&r=g","caption":"birgitt.wuest"},"url":"https:\/\/www.immobilienbusiness.ch\/fr\/author\/birgitt-wuest\/"}]}},"_links":{"self":[{"href":"https:\/\/www.immobilienbusiness.ch\/fr\/wp-json\/wp\/v2\/posts\/11546","targetHints":{"allow":["GET"]}}],"collection":[{"href":"https:\/\/www.immobilienbusiness.ch\/fr\/wp-json\/wp\/v2\/posts"}],"about":[{"href":"https:\/\/www.immobilienbusiness.ch\/fr\/wp-json\/wp\/v2\/types\/post"}],"author":[{"embeddable":true,"href":"https:\/\/www.immobilienbusiness.ch\/fr\/wp-json\/wp\/v2\/users\/8"}],"replies":[{"embeddable":true,"href":"https:\/\/www.immobilienbusiness.ch\/fr\/wp-json\/wp\/v2\/comments?post=11546"}],"version-history":[{"count":0,"href":"https:\/\/www.immobilienbusiness.ch\/fr\/wp-json\/wp\/v2\/posts\/11546\/revisions"}],"wp:featuredmedia":[{"embeddable":true,"href":"https:\/\/www.immobilienbusiness.ch\/fr\/wp-json\/wp\/v2\/media\/11550"}],"wp:attachment":[{"href":"https:\/\/www.immobilienbusiness.ch\/fr\/wp-json\/wp\/v2\/media?parent=11546"}],"wp:term":[{"taxonomy":"category","embeddable":true,"href":"https:\/\/www.immobilienbusiness.ch\/fr\/wp-json\/wp\/v2\/categories?post=11546"},{"taxonomy":"post_tag","embeddable":true,"href":"https:\/\/www.immobilienbusiness.ch\/fr\/wp-json\/wp\/v2\/tags?post=11546"}],"curies":[{"name":"wp","href":"https:\/\/api.w.org\/{rel}","templated":true}]}}