{"id":11472,"date":"2018-02-26T15:00:21","date_gmt":"2018-02-26T14:00:21","guid":{"rendered":"https:\/\/www.immobilienbusiness.ch\/?p=11472"},"modified":"2018-02-26T15:00:21","modified_gmt":"2018-02-26T14:00:21","slug":"erstes-schweizer-intercityhotel-in-ruemlang","status":"publish","type":"post","link":"https:\/\/www.immobilienbusiness.ch\/fr\/regionen\/2018-02-26\/erstes-schweizer-intercityhotel-in-ruemlang\/","title":{"rendered":"Le premier h\u00f4tel Intercity de Suisse \u00e0 R\u00fcmlang"},"content":{"rendered":"<p><img loading=\"lazy\" decoding=\"async\" class=\"alignnone wp-image-11533\" src=\"https:\/\/www.immobilienbusiness.ch\/wp-content\/uploads\/2018\/02\/SRH_cam01_runde2_final.jpg\" alt=\"\" width=\"1046\" height=\"589\" srcset=\"https:\/\/www.immobilienbusiness.ch\/wp-content\/uploads\/2018\/02\/SRH_cam01_runde2_final.jpg 2560w, https:\/\/www.immobilienbusiness.ch\/wp-content\/uploads\/2018\/02\/SRH_cam01_runde2_final-300x169.jpg 300w, https:\/\/www.immobilienbusiness.ch\/wp-content\/uploads\/2018\/02\/SRH_cam01_runde2_final-1024x576.jpg 1024w, https:\/\/www.immobilienbusiness.ch\/wp-content\/uploads\/2018\/02\/SRH_cam01_runde2_final-768x432.jpg 768w, https:\/\/www.immobilienbusiness.ch\/wp-content\/uploads\/2018\/02\/SRH_cam01_runde2_final-1536x864.jpg 1536w, https:\/\/www.immobilienbusiness.ch\/wp-content\/uploads\/2018\/02\/SRH_cam01_runde2_final-2048x1152.jpg 2048w, https:\/\/www.immobilienbusiness.ch\/wp-content\/uploads\/2018\/02\/SRH_cam01_runde2_final-16x9.jpg 16w, https:\/\/www.immobilienbusiness.ch\/wp-content\/uploads\/2018\/02\/SRH_cam01_runde2_final-311x175.jpg 311w, https:\/\/www.immobilienbusiness.ch\/wp-content\/uploads\/2018\/02\/SRH_cam01_runde2_final-622x350.jpg 622w, https:\/\/www.immobilienbusiness.ch\/wp-content\/uploads\/2018\/02\/SRH_cam01_runde2_final-1422x800.jpg 1422w, https:\/\/www.immobilienbusiness.ch\/wp-content\/uploads\/2018\/02\/SRH_cam01_runde2_final-920x518.jpg 920w, https:\/\/www.immobilienbusiness.ch\/wp-content\/uploads\/2018\/02\/SRH_cam01_runde2_final-1400x788.jpg 1400w\" sizes=\"auto, (max-width: 1046px) 100vw, 1046px\" \/><\/p>\n<p>Comme le communique la soci\u00e9t\u00e9 h\u00f4teli\u00e8re, un contrat de bail \u00e0 long terme a \u00e9t\u00e9 conclu avec Patrizier Beteiligungs AG en tant qu'investisseur et d\u00e9veloppeur pour le futur Intercityhotel Z\u00fcrich Airport. La soci\u00e9t\u00e9 de conseil Immo Suisse GmbH de Wollerau a jou\u00e9 un r\u00f4le de conseil lors de la vente du terrain, de la recherche d'utilisateurs et d'investisseurs.<\/p>\n<p>Le projet, con\u00e7u par le bureau d'architectes Suter + Renner AG, pr\u00e9voit environ 260 chambres, un restaurant, un bar et un espace de conf\u00e9rence de 450 m\u00e8tres carr\u00e9s. Il comprendra \u00e9galement un spa et un espace fitness ainsi que 150 places de parking. L'int\u00e9rieur de l'\u00e9tablissement sera con\u00e7u par l'architecte italien Matteo Thun, conform\u00e9ment \u00e0 la g\u00e9n\u00e9ration actuelle de design de la marque.<\/p>\n<p>L'Intercityhotel Z\u00fcrich Airport est situ\u00e9 directement au sud de l'a\u00e9roport de Zurich, \u00e0 proximit\u00e9 de la gare de R\u00fcmlang et \u00e0 une courte distance de l'acc\u00e8s \u00e0 l'autoroute A1. Depuis le site de la Flughofstrasse, l'a\u00e9roport international de Zurich est accessible en dix minutes et le centre-ville de Zurich en quinze minutes.<\/p>\n<p>\"Avec l'Intercityhotel Z\u00fcrich Airport, nous ne f\u00eatons pas seulement nos d\u00e9buts en tant que marque en Suisse, mais nous renfor\u00e7ons \u00e9galement notre pr\u00e9sence sur les sites a\u00e9roportuaires. Nous sommes heureux d'avoir trouv\u00e9 en Patrizier Beteiligungs AG un partenaire fiable pour ce projet\", d\u00e9clare Joachim Marusczyk, directeur g\u00e9n\u00e9ral d'Intercityhotel GmbH. Comme l'indique Gerard van Liempt, CEO de Patrizier Beteiligungs AG, l'Intercityhotel Z\u00fcrich Airport devrait \u00eatre livr\u00e9 cl\u00e9 en main \u00e0 l'\u00e9t\u00e9 2020. Tout comme Deutsche Hospitality AG, Patrizier Beteiligungs AG est en pleine expansion - c'est pourquoi d'autres projets communs sont pr\u00e9vus, selon van Liempt. Pour la poursuite de l'expansion, Immo Suisse est \u00e9galement l'interlocuteur pour la recherche et l'\u00e9valuation des sites et le bureau d'architectes Suter+Renner pour la planification.<\/p>","protected":false},"excerpt":{"rendered":"<p>Die Deutsche Hospitality &#8211; ehemals Steigenberger Group \u2013 wird in R\u00fcmlang das erste Haus Ihrer Marke Intercity in der Schweiz er\u00f6ffnen. Unter dem Namen Intercityhotel Z\u00fcrich Airport ist die Er\u00f6ffnung auf das Jahr 2020 geplant.<\/p>","protected":false},"author":8,"featured_media":11533,"comment_status":"open","ping_status":"open","sticky":false,"template":"","format":"standard","meta":{"_acf_changed":false,"_yoast_wpseo_focuskw":"Intercityhotel","_yoast_wpseo_title":"","_yoast_wpseo_metadesc":"Die Deutsche Hospitality - ehemals Steigenberger Group \u2013 wird in R\u00fcmlang das erste Haus Ihrer Marke Intercity in der Schweiz er\u00f6ffnen. Unter dem Namen Intercityhotel Z\u00fcrich Airport ist die Er\u00f6ffnung auf das Jahr 2020 geplant.","_yoast_wpseo_linkdex":75,"pgc_sgb_lightbox_settings":"","footnotes":""},"categories":[985,988],"tags":[1315,1327,1372,1383,1730],"class_list":["post-11472","post","type-post","status-publish","format-standard","has-post-thumbnail","hentry","category-regionen","category-unternehmen","tag-hotelgesellschaft","tag-immo-suisse","tag-intercityhotel","tag-investor","tag-steigenberger-group"],"acf":[],"yoast_head":"<!-- This site is optimized with the Yoast SEO plugin v27.4 - https:\/\/yoast.com\/product\/yoast-seo-wordpress\/ -->\n<title>Erstes Schweizer Intercityhotel in R\u00fcmlang - IMMOBILIEN Business<\/title>\n<meta name=\"description\" content=\"Die Deutsche Hospitality - ehemals Steigenberger Group \u2013 wird in R\u00fcmlang das erste Haus Ihrer Marke Intercity in der Schweiz er\u00f6ffnen. Unter dem Namen Intercityhotel Z\u00fcrich Airport ist die Er\u00f6ffnung auf das Jahr 2020 geplant.\" \/>\n<meta name=\"robots\" content=\"index, follow, max-snippet:-1, max-image-preview:large, max-video-preview:-1\" \/>\n<link rel=\"canonical\" href=\"https:\/\/www.immobilienbusiness.ch\/fr\/regionen\/2018-02-26\/erstes-schweizer-intercityhotel-in-ruemlang\/\" \/>\n<meta property=\"og:locale\" content=\"fr_FR\" \/>\n<meta property=\"og:type\" content=\"article\" \/>\n<meta property=\"og:title\" content=\"Erstes Schweizer Intercityhotel in R\u00fcmlang - IMMOBILIEN Business\" \/>\n<meta property=\"og:description\" content=\"Die Deutsche Hospitality - ehemals Steigenberger Group \u2013 wird in R\u00fcmlang das erste Haus Ihrer Marke Intercity in der Schweiz er\u00f6ffnen. Unter dem Namen Intercityhotel Z\u00fcrich Airport ist die Er\u00f6ffnung auf das Jahr 2020 geplant.\" \/>\n<meta property=\"og:url\" content=\"https:\/\/www.immobilienbusiness.ch\/fr\/regionen\/2018-02-26\/erstes-schweizer-intercityhotel-in-ruemlang\/\" \/>\n<meta property=\"og:site_name\" content=\"IMMOBILIEN Business\" \/>\n<meta property=\"article:publisher\" content=\"https:\/\/www.facebook.com\/immobilienbusiness\/\" \/>\n<meta property=\"article:published_time\" content=\"2018-02-26T14:00:21+00:00\" \/>\n<meta property=\"og:image\" content=\"https:\/\/www.immobilienbusiness.ch\/wp-content\/uploads\/2018\/02\/SRH_cam01_runde2_final-1024x576.jpg\" \/>\n\t<meta property=\"og:image:width\" content=\"1024\" \/>\n\t<meta property=\"og:image:height\" content=\"576\" \/>\n\t<meta property=\"og:image:type\" content=\"image\/jpeg\" \/>\n<meta name=\"author\" content=\"birgitt.wuest\" \/>\n<meta name=\"twitter:card\" content=\"summary_large_image\" \/>\n<script type=\"application\/ld+json\" class=\"yoast-schema-graph\">{\"@context\":\"https:\\\/\\\/schema.org\",\"@graph\":[{\"@type\":\"Article\",\"@id\":\"https:\\\/\\\/www.immobilienbusiness.ch\\\/de\\\/regionen\\\/2018-02-26\\\/erstes-schweizer-intercityhotel-in-ruemlang\\\/#article\",\"isPartOf\":{\"@id\":\"https:\\\/\\\/www.immobilienbusiness.ch\\\/de\\\/regionen\\\/2018-02-26\\\/erstes-schweizer-intercityhotel-in-ruemlang\\\/\"},\"author\":{\"name\":\"birgitt.wuest\",\"@id\":\"https:\\\/\\\/www.immobilienbusiness.ch\\\/#\\\/schema\\\/person\\\/9071de3b430793052e78768378adb039\"},\"headline\":\"Erstes Schweizer Intercityhotel in R\u00fcmlang\",\"datePublished\":\"2018-02-26T14:00:21+00:00\",\"mainEntityOfPage\":{\"@id\":\"https:\\\/\\\/www.immobilienbusiness.ch\\\/de\\\/regionen\\\/2018-02-26\\\/erstes-schweizer-intercityhotel-in-ruemlang\\\/\"},\"wordCount\":275,\"commentCount\":0,\"publisher\":{\"@id\":\"https:\\\/\\\/www.immobilienbusiness.ch\\\/#organization\"},\"image\":{\"@id\":\"https:\\\/\\\/www.immobilienbusiness.ch\\\/de\\\/regionen\\\/2018-02-26\\\/erstes-schweizer-intercityhotel-in-ruemlang\\\/#primaryimage\"},\"thumbnailUrl\":\"https:\\\/\\\/www.immobilienbusiness.ch\\\/wp-content\\\/uploads\\\/2018\\\/02\\\/SRH_cam01_runde2_final.jpg\",\"keywords\":[\"Hotelgesellschaft\",\"Immo Suisse\",\"Intercityhotel\",\"Investor\",\"Steigenberger Group\"],\"articleSection\":[\"REGIONEN\",\"UNTERNEHMEN\"],\"inLanguage\":\"fr-FR\"},{\"@type\":\"WebPage\",\"@id\":\"https:\\\/\\\/www.immobilienbusiness.ch\\\/de\\\/regionen\\\/2018-02-26\\\/erstes-schweizer-intercityhotel-in-ruemlang\\\/\",\"url\":\"https:\\\/\\\/www.immobilienbusiness.ch\\\/de\\\/regionen\\\/2018-02-26\\\/erstes-schweizer-intercityhotel-in-ruemlang\\\/\",\"name\":\"Erstes Schweizer Intercityhotel in R\u00fcmlang - IMMOBILIEN Business\",\"isPartOf\":{\"@id\":\"https:\\\/\\\/www.immobilienbusiness.ch\\\/#website\"},\"primaryImageOfPage\":{\"@id\":\"https:\\\/\\\/www.immobilienbusiness.ch\\\/de\\\/regionen\\\/2018-02-26\\\/erstes-schweizer-intercityhotel-in-ruemlang\\\/#primaryimage\"},\"image\":{\"@id\":\"https:\\\/\\\/www.immobilienbusiness.ch\\\/de\\\/regionen\\\/2018-02-26\\\/erstes-schweizer-intercityhotel-in-ruemlang\\\/#primaryimage\"},\"thumbnailUrl\":\"https:\\\/\\\/www.immobilienbusiness.ch\\\/wp-content\\\/uploads\\\/2018\\\/02\\\/SRH_cam01_runde2_final.jpg\",\"datePublished\":\"2018-02-26T14:00:21+00:00\",\"description\":\"Die Deutsche Hospitality - ehemals Steigenberger Group \u2013 wird in R\u00fcmlang das erste Haus Ihrer Marke Intercity in der Schweiz er\u00f6ffnen. Unter dem Namen Intercityhotel Z\u00fcrich Airport ist die Er\u00f6ffnung auf das Jahr 2020 geplant.\",\"breadcrumb\":{\"@id\":\"https:\\\/\\\/www.immobilienbusiness.ch\\\/de\\\/regionen\\\/2018-02-26\\\/erstes-schweizer-intercityhotel-in-ruemlang\\\/#breadcrumb\"},\"inLanguage\":\"fr-FR\",\"potentialAction\":[{\"@type\":\"ReadAction\",\"target\":[\"https:\\\/\\\/www.immobilienbusiness.ch\\\/de\\\/regionen\\\/2018-02-26\\\/erstes-schweizer-intercityhotel-in-ruemlang\\\/\"]}]},{\"@type\":\"ImageObject\",\"inLanguage\":\"fr-FR\",\"@id\":\"https:\\\/\\\/www.immobilienbusiness.ch\\\/de\\\/regionen\\\/2018-02-26\\\/erstes-schweizer-intercityhotel-in-ruemlang\\\/#primaryimage\",\"url\":\"https:\\\/\\\/www.immobilienbusiness.ch\\\/wp-content\\\/uploads\\\/2018\\\/02\\\/SRH_cam01_runde2_final.jpg\",\"contentUrl\":\"https:\\\/\\\/www.immobilienbusiness.ch\\\/wp-content\\\/uploads\\\/2018\\\/02\\\/SRH_cam01_runde2_final.jpg\",\"width\":2560,\"height\":1440},{\"@type\":\"BreadcrumbList\",\"@id\":\"https:\\\/\\\/www.immobilienbusiness.ch\\\/de\\\/regionen\\\/2018-02-26\\\/erstes-schweizer-intercityhotel-in-ruemlang\\\/#breadcrumb\",\"itemListElement\":[{\"@type\":\"ListItem\",\"position\":1,\"name\":\"Home\",\"item\":\"https:\\\/\\\/www.immobilienbusiness.ch\\\/\"},{\"@type\":\"ListItem\",\"position\":2,\"name\":\"Erstes Schweizer Intercityhotel in R\u00fcmlang\"}]},{\"@type\":\"WebSite\",\"@id\":\"https:\\\/\\\/www.immobilienbusiness.ch\\\/#website\",\"url\":\"https:\\\/\\\/www.immobilienbusiness.ch\\\/\",\"name\":\"IMMOBILIEN Business\",\"description\":\"Unabh\u00e4ngiges Schweizer Wirtschaftsmagazin mit Fokus auf Immobilien, Architektur- und Bau sowie Investment- und Finanzierung.\",\"publisher\":{\"@id\":\"https:\\\/\\\/www.immobilienbusiness.ch\\\/#organization\"},\"potentialAction\":[{\"@type\":\"SearchAction\",\"target\":{\"@type\":\"EntryPoint\",\"urlTemplate\":\"https:\\\/\\\/www.immobilienbusiness.ch\\\/?s={search_term_string}\"},\"query-input\":{\"@type\":\"PropertyValueSpecification\",\"valueRequired\":true,\"valueName\":\"search_term_string\"}}],\"inLanguage\":\"fr-FR\"},{\"@type\":\"Organization\",\"@id\":\"https:\\\/\\\/www.immobilienbusiness.ch\\\/#organization\",\"name\":\"IMMOBILIEN Business\",\"url\":\"https:\\\/\\\/www.immobilienbusiness.ch\\\/\",\"logo\":{\"@type\":\"ImageObject\",\"inLanguage\":\"fr-FR\",\"@id\":\"https:\\\/\\\/www.immobilienbusiness.ch\\\/#\\\/schema\\\/logo\\\/image\\\/\",\"url\":\"https:\\\/\\\/www.immobilienbusiness.ch\\\/wp-content\\\/uploads\\\/2021\\\/07\\\/logo_ib.png\",\"contentUrl\":\"https:\\\/\\\/www.immobilienbusiness.ch\\\/wp-content\\\/uploads\\\/2021\\\/07\\\/logo_ib.png\",\"width\":800,\"height\":181,\"caption\":\"IMMOBILIEN Business\"},\"image\":{\"@id\":\"https:\\\/\\\/www.immobilienbusiness.ch\\\/#\\\/schema\\\/logo\\\/image\\\/\"},\"sameAs\":[\"https:\\\/\\\/www.facebook.com\\\/immobilienbusiness\\\/\"]},{\"@type\":\"Person\",\"@id\":\"https:\\\/\\\/www.immobilienbusiness.ch\\\/#\\\/schema\\\/person\\\/9071de3b430793052e78768378adb039\",\"name\":\"birgitt.wuest\",\"image\":{\"@type\":\"ImageObject\",\"inLanguage\":\"fr-FR\",\"@id\":\"https:\\\/\\\/secure.gravatar.com\\\/avatar\\\/938f7e46a2aa35420af239a36e5ed08a1034598c7d4a6d4dccff5f20b49eefca?s=96&d=mm&r=g\",\"url\":\"https:\\\/\\\/secure.gravatar.com\\\/avatar\\\/938f7e46a2aa35420af239a36e5ed08a1034598c7d4a6d4dccff5f20b49eefca?s=96&d=mm&r=g\",\"contentUrl\":\"https:\\\/\\\/secure.gravatar.com\\\/avatar\\\/938f7e46a2aa35420af239a36e5ed08a1034598c7d4a6d4dccff5f20b49eefca?s=96&d=mm&r=g\",\"caption\":\"birgitt.wuest\"},\"url\":\"https:\\\/\\\/www.immobilienbusiness.ch\\\/fr\\\/author\\\/birgitt-wuest\\\/\"}]}<\/script>\n<!-- \/ Yoast SEO plugin. -->","yoast_head_json":{"title":"Erstes Schweizer Intercityhotel in R\u00fcmlang - IMMOBILIEN Business","description":"Deutsche Hospitality - anciennement Steigenberger Group - ouvrira \u00e0 R\u00fcmlang le premier \u00e9tablissement de sa marque Intercity en Suisse. L'ouverture est pr\u00e9vue pour 2020 sous le nom d'Intercityhotel Z\u00fcrich Airport.","robots":{"index":"index","follow":"follow","max-snippet":"max-snippet:-1","max-image-preview":"max-image-preview:large","max-video-preview":"max-video-preview:-1"},"canonical":"https:\/\/www.immobilienbusiness.ch\/fr\/regionen\/2018-02-26\/erstes-schweizer-intercityhotel-in-ruemlang\/","og_locale":"fr_FR","og_type":"article","og_title":"Erstes Schweizer Intercityhotel in R\u00fcmlang - IMMOBILIEN Business","og_description":"Die Deutsche Hospitality - ehemals Steigenberger Group \u2013 wird in R\u00fcmlang das erste Haus Ihrer Marke Intercity in der Schweiz er\u00f6ffnen. Unter dem Namen Intercityhotel Z\u00fcrich Airport ist die Er\u00f6ffnung auf das Jahr 2020 geplant.","og_url":"https:\/\/www.immobilienbusiness.ch\/fr\/regionen\/2018-02-26\/erstes-schweizer-intercityhotel-in-ruemlang\/","og_site_name":"IMMOBILIEN Business","article_publisher":"https:\/\/www.facebook.com\/immobilienbusiness\/","article_published_time":"2018-02-26T14:00:21+00:00","og_image":[{"width":1024,"height":576,"url":"https:\/\/www.immobilienbusiness.ch\/wp-content\/uploads\/2018\/02\/SRH_cam01_runde2_final-1024x576.jpg","type":"image\/jpeg"}],"author":"birgitt.wuest","twitter_card":"summary_large_image","schema":{"@context":"https:\/\/schema.org","@graph":[{"@type":"Article","@id":"https:\/\/www.immobilienbusiness.ch\/de\/regionen\/2018-02-26\/erstes-schweizer-intercityhotel-in-ruemlang\/#article","isPartOf":{"@id":"https:\/\/www.immobilienbusiness.ch\/de\/regionen\/2018-02-26\/erstes-schweizer-intercityhotel-in-ruemlang\/"},"author":{"name":"birgitt.wuest","@id":"https:\/\/www.immobilienbusiness.ch\/#\/schema\/person\/9071de3b430793052e78768378adb039"},"headline":"Erstes Schweizer Intercityhotel in R\u00fcmlang","datePublished":"2018-02-26T14:00:21+00:00","mainEntityOfPage":{"@id":"https:\/\/www.immobilienbusiness.ch\/de\/regionen\/2018-02-26\/erstes-schweizer-intercityhotel-in-ruemlang\/"},"wordCount":275,"commentCount":0,"publisher":{"@id":"https:\/\/www.immobilienbusiness.ch\/#organization"},"image":{"@id":"https:\/\/www.immobilienbusiness.ch\/de\/regionen\/2018-02-26\/erstes-schweizer-intercityhotel-in-ruemlang\/#primaryimage"},"thumbnailUrl":"https:\/\/www.immobilienbusiness.ch\/wp-content\/uploads\/2018\/02\/SRH_cam01_runde2_final.jpg","keywords":["Hotelgesellschaft","Immo Suisse","Intercityhotel","Investor","Steigenberger Group"],"articleSection":["REGIONEN","UNTERNEHMEN"],"inLanguage":"fr-FR"},{"@type":"WebPage","@id":"https:\/\/www.immobilienbusiness.ch\/de\/regionen\/2018-02-26\/erstes-schweizer-intercityhotel-in-ruemlang\/","url":"https:\/\/www.immobilienbusiness.ch\/de\/regionen\/2018-02-26\/erstes-schweizer-intercityhotel-in-ruemlang\/","name":"Erstes Schweizer Intercityhotel in R\u00fcmlang - IMMOBILIEN Business","isPartOf":{"@id":"https:\/\/www.immobilienbusiness.ch\/#website"},"primaryImageOfPage":{"@id":"https:\/\/www.immobilienbusiness.ch\/de\/regionen\/2018-02-26\/erstes-schweizer-intercityhotel-in-ruemlang\/#primaryimage"},"image":{"@id":"https:\/\/www.immobilienbusiness.ch\/de\/regionen\/2018-02-26\/erstes-schweizer-intercityhotel-in-ruemlang\/#primaryimage"},"thumbnailUrl":"https:\/\/www.immobilienbusiness.ch\/wp-content\/uploads\/2018\/02\/SRH_cam01_runde2_final.jpg","datePublished":"2018-02-26T14:00:21+00:00","description":"Deutsche Hospitality - anciennement Steigenberger Group - ouvrira \u00e0 R\u00fcmlang le premier \u00e9tablissement de sa marque Intercity en Suisse. L'ouverture est pr\u00e9vue pour 2020 sous le nom d'Intercityhotel Z\u00fcrich Airport.","breadcrumb":{"@id":"https:\/\/www.immobilienbusiness.ch\/de\/regionen\/2018-02-26\/erstes-schweizer-intercityhotel-in-ruemlang\/#breadcrumb"},"inLanguage":"fr-FR","potentialAction":[{"@type":"ReadAction","target":["https:\/\/www.immobilienbusiness.ch\/de\/regionen\/2018-02-26\/erstes-schweizer-intercityhotel-in-ruemlang\/"]}]},{"@type":"ImageObject","inLanguage":"fr-FR","@id":"https:\/\/www.immobilienbusiness.ch\/de\/regionen\/2018-02-26\/erstes-schweizer-intercityhotel-in-ruemlang\/#primaryimage","url":"https:\/\/www.immobilienbusiness.ch\/wp-content\/uploads\/2018\/02\/SRH_cam01_runde2_final.jpg","contentUrl":"https:\/\/www.immobilienbusiness.ch\/wp-content\/uploads\/2018\/02\/SRH_cam01_runde2_final.jpg","width":2560,"height":1440},{"@type":"BreadcrumbList","@id":"https:\/\/www.immobilienbusiness.ch\/de\/regionen\/2018-02-26\/erstes-schweizer-intercityhotel-in-ruemlang\/#breadcrumb","itemListElement":[{"@type":"ListItem","position":1,"name":"Home","item":"https:\/\/www.immobilienbusiness.ch\/"},{"@type":"ListItem","position":2,"name":"Erstes Schweizer Intercityhotel in R\u00fcmlang"}]},{"@type":"WebSite","@id":"https:\/\/www.immobilienbusiness.ch\/#website","url":"https:\/\/www.immobilienbusiness.ch\/","name":"IMMOBILIER Business","description":"Magazine \u00e9conomique suisse ind\u00e9pendant ax\u00e9 sur l'immobilier, l'architecture et la construction ainsi que sur les investissements et le financement.","publisher":{"@id":"https:\/\/www.immobilienbusiness.ch\/#organization"},"potentialAction":[{"@type":"SearchAction","target":{"@type":"EntryPoint","urlTemplate":"https:\/\/www.immobilienbusiness.ch\/?s={search_term_string}"},"query-input":{"@type":"PropertyValueSpecification","valueRequired":true,"valueName":"search_term_string"}}],"inLanguage":"fr-FR"},{"@type":"Organization","@id":"https:\/\/www.immobilienbusiness.ch\/#organization","name":"IMMOBILIER Business","url":"https:\/\/www.immobilienbusiness.ch\/","logo":{"@type":"ImageObject","inLanguage":"fr-FR","@id":"https:\/\/www.immobilienbusiness.ch\/#\/schema\/logo\/image\/","url":"https:\/\/www.immobilienbusiness.ch\/wp-content\/uploads\/2021\/07\/logo_ib.png","contentUrl":"https:\/\/www.immobilienbusiness.ch\/wp-content\/uploads\/2021\/07\/logo_ib.png","width":800,"height":181,"caption":"IMMOBILIEN Business"},"image":{"@id":"https:\/\/www.immobilienbusiness.ch\/#\/schema\/logo\/image\/"},"sameAs":["https:\/\/www.facebook.com\/immobilienbusiness\/"]},{"@type":"Person","@id":"https:\/\/www.immobilienbusiness.ch\/#\/schema\/person\/9071de3b430793052e78768378adb039","name":"birgitt.wuest","image":{"@type":"ImageObject","inLanguage":"fr-FR","@id":"https:\/\/secure.gravatar.com\/avatar\/938f7e46a2aa35420af239a36e5ed08a1034598c7d4a6d4dccff5f20b49eefca?s=96&d=mm&r=g","url":"https:\/\/secure.gravatar.com\/avatar\/938f7e46a2aa35420af239a36e5ed08a1034598c7d4a6d4dccff5f20b49eefca?s=96&d=mm&r=g","contentUrl":"https:\/\/secure.gravatar.com\/avatar\/938f7e46a2aa35420af239a36e5ed08a1034598c7d4a6d4dccff5f20b49eefca?s=96&d=mm&r=g","caption":"birgitt.wuest"},"url":"https:\/\/www.immobilienbusiness.ch\/fr\/author\/birgitt-wuest\/"}]}},"_links":{"self":[{"href":"https:\/\/www.immobilienbusiness.ch\/fr\/wp-json\/wp\/v2\/posts\/11472","targetHints":{"allow":["GET"]}}],"collection":[{"href":"https:\/\/www.immobilienbusiness.ch\/fr\/wp-json\/wp\/v2\/posts"}],"about":[{"href":"https:\/\/www.immobilienbusiness.ch\/fr\/wp-json\/wp\/v2\/types\/post"}],"author":[{"embeddable":true,"href":"https:\/\/www.immobilienbusiness.ch\/fr\/wp-json\/wp\/v2\/users\/8"}],"replies":[{"embeddable":true,"href":"https:\/\/www.immobilienbusiness.ch\/fr\/wp-json\/wp\/v2\/comments?post=11472"}],"version-history":[{"count":0,"href":"https:\/\/www.immobilienbusiness.ch\/fr\/wp-json\/wp\/v2\/posts\/11472\/revisions"}],"wp:featuredmedia":[{"embeddable":true,"href":"https:\/\/www.immobilienbusiness.ch\/fr\/wp-json\/wp\/v2\/media\/11533"}],"wp:attachment":[{"href":"https:\/\/www.immobilienbusiness.ch\/fr\/wp-json\/wp\/v2\/media?parent=11472"}],"wp:term":[{"taxonomy":"category","embeddable":true,"href":"https:\/\/www.immobilienbusiness.ch\/fr\/wp-json\/wp\/v2\/categories?post=11472"},{"taxonomy":"post_tag","embeddable":true,"href":"https:\/\/www.immobilienbusiness.ch\/fr\/wp-json\/wp\/v2\/tags?post=11472"}],"curies":[{"name":"wp","href":"https:\/\/api.w.org\/{rel}","templated":true}]}}