{"id":11339,"date":"2018-02-14T07:48:14","date_gmt":"2018-02-14T06:48:14","guid":{"rendered":"https:\/\/www.immobilienbusiness.ch\/?p=11339"},"modified":"2018-02-14T07:48:14","modified_gmt":"2018-02-14T06:48:14","slug":"xxxlutz-markteintritt-april","status":"publish","type":"post","link":"https:\/\/www.immobilienbusiness.ch\/fr\/retail\/2018-02-14\/xxxlutz-markteintritt-april\/","title":{"rendered":"XXXLutz : Entr\u00e9e sur le march\u00e9 en avril"},"content":{"rendered":"<figure id=\"attachment_7773\" aria-describedby=\"caption-attachment-7773\" style=\"width: 600px\" class=\"wp-caption alignnone\"><img loading=\"lazy\" decoding=\"async\" class=\"size-full wp-image-7773\" src=\"https:\/\/www.immobilienbusiness.ch\/wp-content\/uploads\/2017\/05\/Stilhaus.png\" alt=\"\" width=\"600\" height=\"597\" srcset=\"https:\/\/www.immobilienbusiness.ch\/wp-content\/uploads\/2017\/05\/Stilhaus.png 600w, https:\/\/www.immobilienbusiness.ch\/wp-content\/uploads\/2017\/05\/Stilhaus-300x299.png 300w, https:\/\/www.immobilienbusiness.ch\/wp-content\/uploads\/2017\/05\/Stilhaus-150x150.png 150w, https:\/\/www.immobilienbusiness.ch\/wp-content\/uploads\/2017\/05\/Stilhaus-12x12.png 12w, https:\/\/www.immobilienbusiness.ch\/wp-content\/uploads\/2017\/05\/Stilhaus-176x175.png 176w, https:\/\/www.immobilienbusiness.ch\/wp-content\/uploads\/2017\/05\/Stilhaus-352x350.png 352w, https:\/\/www.immobilienbusiness.ch\/wp-content\/uploads\/2017\/05\/Stilhaus-250x250.png 250w, https:\/\/www.immobilienbusiness.ch\/wp-content\/uploads\/2017\/05\/Stilhaus-100x100.png 100w\" sizes=\"auto, (max-width: 600px) 100vw, 600px\" \/><figcaption id=\"caption-attachment-7773\" class=\"wp-caption-text\">XXXLutz veut ouvrir en avril un premier site suisse dans le Stilhaus (Photo : Stilhaus AG)<\/figcaption><\/figure>\n<p><a href=\"https:\/\/www.immobilienbusiness.ch\/fr\/xxxlutz-kommt-in-die-schweiz\/\">Au printemps dernier, XXXLutz avait d\u00e9j\u00e0 annonc\u00e9 l'ouverture d'une premi\u00e8re filiale en Suisse au printemps 2018.<\/a> Comment le <em>Handelszeitung<\/em> le site de Rothrist devrait ouvrir ses portes en avril. Les autorit\u00e9s locales auraient accord\u00e9 le permis de construire.<\/p>\n<p><span class=\"FtxtBold\">Fin 2017, XXXLutz a lou\u00e9 21 000 m\u00b2 de surface d'exploitation, dont 13 000 m\u00b2 de surface de vente, dans le \"Stilhaus\", un centre commercial ax\u00e9 sur les th\u00e8mes de la construction, de l'habitat et de l'am\u00e9nagement.\u00a0<\/span>L'entreprise avait alors indiqu\u00e9 qu'elle souhaitait pr\u00e9senter sur trois \u00e9tages principalement des meubles design et de marque haut de gamme ainsi qu'une large gamme d'accessoires pour la maison.<\/p>\n<p>Le site de Rothrist ne devrait pas \u00eatre le seul, rapporte la <em>Handelszeitung<\/em>. Les zones de Zurich Nord, Zurich Ouest, Lyssach et Arc L\u00e9manique seraient en ligne de mire.<\/p>\n<p class=\"FtxtP\">Avec son entr\u00e9e imminente sur le march\u00e9 suisse, le groupe XXXLutz est pr\u00e9sent dans dix pays europ\u00e9ens. Il exploite environ 246 magasins d'ameublement avec un total de 21 500 collaborateurs. Le chiffre d'affaires du groupe s'\u00e9l\u00e8ve \u00e0 4,2 milliards d'euros.<\/p>\n<p>&nbsp;<\/p>\n<p>&nbsp;<\/p>","protected":false},"excerpt":{"rendered":"<p>Der \u00f6sterreichische M\u00f6belh\u00e4nder XXXLutz er\u00f6ffnet im April ein erstes M\u00f6belhaus in der Schweiz &#8211; im Stilhaus in Rothrist.<\/p>","protected":false},"author":3,"featured_media":7773,"comment_status":"open","ping_status":"open","sticky":false,"template":"","format":"standard","meta":{"_acf_changed":false,"_yoast_wpseo_focuskw":"xxxlutz","_yoast_wpseo_title":"","_yoast_wpseo_metadesc":"Der \u00f6sterreichische M\u00f6belh\u00e4nder XXXLutz er\u00f6ffnet im April ein erstes M\u00f6belhaus in der Schweiz - im Stilhaus in Rothrist.","_yoast_wpseo_linkdex":67,"pgc_sgb_lightbox_settings":"","footnotes":""},"categories":[987],"tags":[1529,1643,1807],"class_list":["post-11339","post","type-post","status-publish","format-standard","has-post-thumbnail","hentry","category-retail","tag-nord-west-schweiz","tag-retail","tag-unternehmen"],"acf":[],"yoast_head":"<!-- This site is optimized with the Yoast SEO plugin v27.4 - https:\/\/yoast.com\/product\/yoast-seo-wordpress\/ -->\n<title>XXXLutz: Markteintritt im April - IMMOBILIEN Business<\/title>\n<meta name=\"description\" content=\"Der \u00f6sterreichische M\u00f6belh\u00e4nder XXXLutz er\u00f6ffnet im April ein erstes M\u00f6belhaus in der Schweiz - im Stilhaus in Rothrist.\" \/>\n<meta name=\"robots\" content=\"index, follow, max-snippet:-1, max-image-preview:large, max-video-preview:-1\" \/>\n<link rel=\"canonical\" href=\"https:\/\/www.immobilienbusiness.ch\/fr\/retail\/2018-02-14\/xxxlutz-markteintritt-april\/\" \/>\n<meta property=\"og:locale\" content=\"fr_FR\" \/>\n<meta property=\"og:type\" content=\"article\" \/>\n<meta property=\"og:title\" content=\"XXXLutz: Markteintritt im April - IMMOBILIEN Business\" \/>\n<meta property=\"og:description\" content=\"Der \u00f6sterreichische M\u00f6belh\u00e4nder XXXLutz er\u00f6ffnet im April ein erstes M\u00f6belhaus in der Schweiz - im Stilhaus in Rothrist.\" \/>\n<meta property=\"og:url\" content=\"https:\/\/www.immobilienbusiness.ch\/fr\/retail\/2018-02-14\/xxxlutz-markteintritt-april\/\" \/>\n<meta property=\"og:site_name\" content=\"IMMOBILIEN Business\" \/>\n<meta property=\"article:publisher\" content=\"https:\/\/www.facebook.com\/immobilienbusiness\/\" \/>\n<meta property=\"article:published_time\" content=\"2018-02-14T06:48:14+00:00\" \/>\n<meta property=\"og:image\" content=\"https:\/\/www.immobilienbusiness.ch\/wp-content\/uploads\/2017\/05\/Stilhaus.png\" \/>\n\t<meta property=\"og:image:width\" content=\"600\" \/>\n\t<meta property=\"og:image:height\" content=\"597\" \/>\n\t<meta property=\"og:image:type\" content=\"image\/png\" \/>\n<meta name=\"author\" content=\"anja.hall\" \/>\n<meta name=\"twitter:card\" content=\"summary_large_image\" \/>\n<meta name=\"twitter:image\" content=\"https:\/\/www.immobilienbusiness.ch\/wp-content\/uploads\/2017\/05\/Stilhaus.png\" \/>\n<script type=\"application\/ld+json\" class=\"yoast-schema-graph\">{\"@context\":\"https:\\\/\\\/schema.org\",\"@graph\":[{\"@type\":\"Article\",\"@id\":\"https:\\\/\\\/www.immobilienbusiness.ch\\\/retail\\\/2018-02-14\\\/xxxlutz-markteintritt-april\\\/#article\",\"isPartOf\":{\"@id\":\"https:\\\/\\\/www.immobilienbusiness.ch\\\/retail\\\/2018-02-14\\\/xxxlutz-markteintritt-april\\\/\"},\"author\":{\"name\":\"anja.hall\",\"@id\":\"https:\\\/\\\/www.immobilienbusiness.ch\\\/#\\\/schema\\\/person\\\/3fc036297b10b9f42d6db5ee932af8c8\"},\"headline\":\"XXXLutz: Markteintritt im April\",\"datePublished\":\"2018-02-14T06:48:14+00:00\",\"mainEntityOfPage\":{\"@id\":\"https:\\\/\\\/www.immobilienbusiness.ch\\\/retail\\\/2018-02-14\\\/xxxlutz-markteintritt-april\\\/\"},\"wordCount\":183,\"commentCount\":0,\"publisher\":{\"@id\":\"https:\\\/\\\/www.immobilienbusiness.ch\\\/#organization\"},\"image\":{\"@id\":\"https:\\\/\\\/www.immobilienbusiness.ch\\\/retail\\\/2018-02-14\\\/xxxlutz-markteintritt-april\\\/#primaryimage\"},\"thumbnailUrl\":\"https:\\\/\\\/www.immobilienbusiness.ch\\\/wp-content\\\/uploads\\\/2017\\\/05\\\/Stilhaus.png\",\"keywords\":[\"Nord-West-Schweiz\",\"Retail\",\"Unternehmen\"],\"articleSection\":[\"RETAIL\"],\"inLanguage\":\"fr-FR\"},{\"@type\":\"WebPage\",\"@id\":\"https:\\\/\\\/www.immobilienbusiness.ch\\\/retail\\\/2018-02-14\\\/xxxlutz-markteintritt-april\\\/\",\"url\":\"https:\\\/\\\/www.immobilienbusiness.ch\\\/retail\\\/2018-02-14\\\/xxxlutz-markteintritt-april\\\/\",\"name\":\"XXXLutz: Markteintritt im April - IMMOBILIEN Business\",\"isPartOf\":{\"@id\":\"https:\\\/\\\/www.immobilienbusiness.ch\\\/#website\"},\"primaryImageOfPage\":{\"@id\":\"https:\\\/\\\/www.immobilienbusiness.ch\\\/retail\\\/2018-02-14\\\/xxxlutz-markteintritt-april\\\/#primaryimage\"},\"image\":{\"@id\":\"https:\\\/\\\/www.immobilienbusiness.ch\\\/retail\\\/2018-02-14\\\/xxxlutz-markteintritt-april\\\/#primaryimage\"},\"thumbnailUrl\":\"https:\\\/\\\/www.immobilienbusiness.ch\\\/wp-content\\\/uploads\\\/2017\\\/05\\\/Stilhaus.png\",\"datePublished\":\"2018-02-14T06:48:14+00:00\",\"description\":\"Der \u00f6sterreichische M\u00f6belh\u00e4nder XXXLutz er\u00f6ffnet im April ein erstes M\u00f6belhaus in der Schweiz - im Stilhaus in Rothrist.\",\"breadcrumb\":{\"@id\":\"https:\\\/\\\/www.immobilienbusiness.ch\\\/retail\\\/2018-02-14\\\/xxxlutz-markteintritt-april\\\/#breadcrumb\"},\"inLanguage\":\"fr-FR\",\"potentialAction\":[{\"@type\":\"ReadAction\",\"target\":[\"https:\\\/\\\/www.immobilienbusiness.ch\\\/retail\\\/2018-02-14\\\/xxxlutz-markteintritt-april\\\/\"]}]},{\"@type\":\"ImageObject\",\"inLanguage\":\"fr-FR\",\"@id\":\"https:\\\/\\\/www.immobilienbusiness.ch\\\/retail\\\/2018-02-14\\\/xxxlutz-markteintritt-april\\\/#primaryimage\",\"url\":\"https:\\\/\\\/www.immobilienbusiness.ch\\\/wp-content\\\/uploads\\\/2017\\\/05\\\/Stilhaus.png\",\"contentUrl\":\"https:\\\/\\\/www.immobilienbusiness.ch\\\/wp-content\\\/uploads\\\/2017\\\/05\\\/Stilhaus.png\",\"width\":600,\"height\":597,\"caption\":\"(Foto: Stilhaus AG)\"},{\"@type\":\"BreadcrumbList\",\"@id\":\"https:\\\/\\\/www.immobilienbusiness.ch\\\/retail\\\/2018-02-14\\\/xxxlutz-markteintritt-april\\\/#breadcrumb\",\"itemListElement\":[{\"@type\":\"ListItem\",\"position\":1,\"name\":\"Home\",\"item\":\"https:\\\/\\\/www.immobilienbusiness.ch\\\/\"},{\"@type\":\"ListItem\",\"position\":2,\"name\":\"XXXLutz: Markteintritt im April\"}]},{\"@type\":\"WebSite\",\"@id\":\"https:\\\/\\\/www.immobilienbusiness.ch\\\/#website\",\"url\":\"https:\\\/\\\/www.immobilienbusiness.ch\\\/\",\"name\":\"IMMOBILIEN Business\",\"description\":\"Unabh\u00e4ngiges Schweizer Wirtschaftsmagazin mit Fokus auf Immobilien, Architektur- und Bau sowie Investment- und Finanzierung.\",\"publisher\":{\"@id\":\"https:\\\/\\\/www.immobilienbusiness.ch\\\/#organization\"},\"potentialAction\":[{\"@type\":\"SearchAction\",\"target\":{\"@type\":\"EntryPoint\",\"urlTemplate\":\"https:\\\/\\\/www.immobilienbusiness.ch\\\/?s={search_term_string}\"},\"query-input\":{\"@type\":\"PropertyValueSpecification\",\"valueRequired\":true,\"valueName\":\"search_term_string\"}}],\"inLanguage\":\"fr-FR\"},{\"@type\":\"Organization\",\"@id\":\"https:\\\/\\\/www.immobilienbusiness.ch\\\/#organization\",\"name\":\"IMMOBILIEN Business\",\"url\":\"https:\\\/\\\/www.immobilienbusiness.ch\\\/\",\"logo\":{\"@type\":\"ImageObject\",\"inLanguage\":\"fr-FR\",\"@id\":\"https:\\\/\\\/www.immobilienbusiness.ch\\\/#\\\/schema\\\/logo\\\/image\\\/\",\"url\":\"https:\\\/\\\/www.immobilienbusiness.ch\\\/wp-content\\\/uploads\\\/2021\\\/07\\\/logo_ib.png\",\"contentUrl\":\"https:\\\/\\\/www.immobilienbusiness.ch\\\/wp-content\\\/uploads\\\/2021\\\/07\\\/logo_ib.png\",\"width\":800,\"height\":181,\"caption\":\"IMMOBILIEN Business\"},\"image\":{\"@id\":\"https:\\\/\\\/www.immobilienbusiness.ch\\\/#\\\/schema\\\/logo\\\/image\\\/\"},\"sameAs\":[\"https:\\\/\\\/www.facebook.com\\\/immobilienbusiness\\\/\"]},{\"@type\":\"Person\",\"@id\":\"https:\\\/\\\/www.immobilienbusiness.ch\\\/#\\\/schema\\\/person\\\/3fc036297b10b9f42d6db5ee932af8c8\",\"name\":\"anja.hall\",\"image\":{\"@type\":\"ImageObject\",\"inLanguage\":\"fr-FR\",\"@id\":\"https:\\\/\\\/secure.gravatar.com\\\/avatar\\\/066b5a0d447013502c71a5782f4f3469f03cfe595cc2329fb94652fe47511bfb?s=96&d=mm&r=g\",\"url\":\"https:\\\/\\\/secure.gravatar.com\\\/avatar\\\/066b5a0d447013502c71a5782f4f3469f03cfe595cc2329fb94652fe47511bfb?s=96&d=mm&r=g\",\"contentUrl\":\"https:\\\/\\\/secure.gravatar.com\\\/avatar\\\/066b5a0d447013502c71a5782f4f3469f03cfe595cc2329fb94652fe47511bfb?s=96&d=mm&r=g\",\"caption\":\"anja.hall\"},\"url\":\"https:\\\/\\\/www.immobilienbusiness.ch\\\/fr\\\/author\\\/anja-hall\\\/\"}]}<\/script>\n<!-- \/ Yoast SEO plugin. -->","yoast_head_json":{"title":"XXXLutz: Markteintritt im April - IMMOBILIEN Business","description":"Le marchand de meubles autrichien XXXLutz ouvrira en avril un premier magasin de meubles en Suisse - dans le Stilhaus de Rothrist.","robots":{"index":"index","follow":"follow","max-snippet":"max-snippet:-1","max-image-preview":"max-image-preview:large","max-video-preview":"max-video-preview:-1"},"canonical":"https:\/\/www.immobilienbusiness.ch\/fr\/retail\/2018-02-14\/xxxlutz-markteintritt-april\/","og_locale":"fr_FR","og_type":"article","og_title":"XXXLutz: Markteintritt im April - IMMOBILIEN Business","og_description":"Der \u00f6sterreichische M\u00f6belh\u00e4nder XXXLutz er\u00f6ffnet im April ein erstes M\u00f6belhaus in der Schweiz - im Stilhaus in Rothrist.","og_url":"https:\/\/www.immobilienbusiness.ch\/fr\/retail\/2018-02-14\/xxxlutz-markteintritt-april\/","og_site_name":"IMMOBILIEN Business","article_publisher":"https:\/\/www.facebook.com\/immobilienbusiness\/","article_published_time":"2018-02-14T06:48:14+00:00","og_image":[{"width":600,"height":597,"url":"https:\/\/www.immobilienbusiness.ch\/wp-content\/uploads\/2017\/05\/Stilhaus.png","type":"image\/png"}],"author":"anja.hall","twitter_card":"summary_large_image","twitter_image":"https:\/\/www.immobilienbusiness.ch\/wp-content\/uploads\/2017\/05\/Stilhaus.png","schema":{"@context":"https:\/\/schema.org","@graph":[{"@type":"Article","@id":"https:\/\/www.immobilienbusiness.ch\/retail\/2018-02-14\/xxxlutz-markteintritt-april\/#article","isPartOf":{"@id":"https:\/\/www.immobilienbusiness.ch\/retail\/2018-02-14\/xxxlutz-markteintritt-april\/"},"author":{"name":"anja.hall","@id":"https:\/\/www.immobilienbusiness.ch\/#\/schema\/person\/3fc036297b10b9f42d6db5ee932af8c8"},"headline":"XXXLutz: Markteintritt im April","datePublished":"2018-02-14T06:48:14+00:00","mainEntityOfPage":{"@id":"https:\/\/www.immobilienbusiness.ch\/retail\/2018-02-14\/xxxlutz-markteintritt-april\/"},"wordCount":183,"commentCount":0,"publisher":{"@id":"https:\/\/www.immobilienbusiness.ch\/#organization"},"image":{"@id":"https:\/\/www.immobilienbusiness.ch\/retail\/2018-02-14\/xxxlutz-markteintritt-april\/#primaryimage"},"thumbnailUrl":"https:\/\/www.immobilienbusiness.ch\/wp-content\/uploads\/2017\/05\/Stilhaus.png","keywords":["Nord-West-Schweiz","Retail","Unternehmen"],"articleSection":["RETAIL"],"inLanguage":"fr-FR"},{"@type":"WebPage","@id":"https:\/\/www.immobilienbusiness.ch\/retail\/2018-02-14\/xxxlutz-markteintritt-april\/","url":"https:\/\/www.immobilienbusiness.ch\/retail\/2018-02-14\/xxxlutz-markteintritt-april\/","name":"XXXLutz: Markteintritt im April - IMMOBILIEN Business","isPartOf":{"@id":"https:\/\/www.immobilienbusiness.ch\/#website"},"primaryImageOfPage":{"@id":"https:\/\/www.immobilienbusiness.ch\/retail\/2018-02-14\/xxxlutz-markteintritt-april\/#primaryimage"},"image":{"@id":"https:\/\/www.immobilienbusiness.ch\/retail\/2018-02-14\/xxxlutz-markteintritt-april\/#primaryimage"},"thumbnailUrl":"https:\/\/www.immobilienbusiness.ch\/wp-content\/uploads\/2017\/05\/Stilhaus.png","datePublished":"2018-02-14T06:48:14+00:00","description":"Le marchand de meubles autrichien XXXLutz ouvrira en avril un premier magasin de meubles en Suisse - dans le Stilhaus de Rothrist.","breadcrumb":{"@id":"https:\/\/www.immobilienbusiness.ch\/retail\/2018-02-14\/xxxlutz-markteintritt-april\/#breadcrumb"},"inLanguage":"fr-FR","potentialAction":[{"@type":"ReadAction","target":["https:\/\/www.immobilienbusiness.ch\/retail\/2018-02-14\/xxxlutz-markteintritt-april\/"]}]},{"@type":"ImageObject","inLanguage":"fr-FR","@id":"https:\/\/www.immobilienbusiness.ch\/retail\/2018-02-14\/xxxlutz-markteintritt-april\/#primaryimage","url":"https:\/\/www.immobilienbusiness.ch\/wp-content\/uploads\/2017\/05\/Stilhaus.png","contentUrl":"https:\/\/www.immobilienbusiness.ch\/wp-content\/uploads\/2017\/05\/Stilhaus.png","width":600,"height":597,"caption":"(Foto: Stilhaus AG)"},{"@type":"BreadcrumbList","@id":"https:\/\/www.immobilienbusiness.ch\/retail\/2018-02-14\/xxxlutz-markteintritt-april\/#breadcrumb","itemListElement":[{"@type":"ListItem","position":1,"name":"Home","item":"https:\/\/www.immobilienbusiness.ch\/"},{"@type":"ListItem","position":2,"name":"XXXLutz: Markteintritt im April"}]},{"@type":"WebSite","@id":"https:\/\/www.immobilienbusiness.ch\/#website","url":"https:\/\/www.immobilienbusiness.ch\/","name":"IMMOBILIER Business","description":"Magazine \u00e9conomique suisse ind\u00e9pendant ax\u00e9 sur l'immobilier, l'architecture et la construction ainsi que sur les investissements et le financement.","publisher":{"@id":"https:\/\/www.immobilienbusiness.ch\/#organization"},"potentialAction":[{"@type":"SearchAction","target":{"@type":"EntryPoint","urlTemplate":"https:\/\/www.immobilienbusiness.ch\/?s={search_term_string}"},"query-input":{"@type":"PropertyValueSpecification","valueRequired":true,"valueName":"search_term_string"}}],"inLanguage":"fr-FR"},{"@type":"Organization","@id":"https:\/\/www.immobilienbusiness.ch\/#organization","name":"IMMOBILIER Business","url":"https:\/\/www.immobilienbusiness.ch\/","logo":{"@type":"ImageObject","inLanguage":"fr-FR","@id":"https:\/\/www.immobilienbusiness.ch\/#\/schema\/logo\/image\/","url":"https:\/\/www.immobilienbusiness.ch\/wp-content\/uploads\/2021\/07\/logo_ib.png","contentUrl":"https:\/\/www.immobilienbusiness.ch\/wp-content\/uploads\/2021\/07\/logo_ib.png","width":800,"height":181,"caption":"IMMOBILIEN Business"},"image":{"@id":"https:\/\/www.immobilienbusiness.ch\/#\/schema\/logo\/image\/"},"sameAs":["https:\/\/www.facebook.com\/immobilienbusiness\/"]},{"@type":"Person","@id":"https:\/\/www.immobilienbusiness.ch\/#\/schema\/person\/3fc036297b10b9f42d6db5ee932af8c8","name":"anja.hall","image":{"@type":"ImageObject","inLanguage":"fr-FR","@id":"https:\/\/secure.gravatar.com\/avatar\/066b5a0d447013502c71a5782f4f3469f03cfe595cc2329fb94652fe47511bfb?s=96&d=mm&r=g","url":"https:\/\/secure.gravatar.com\/avatar\/066b5a0d447013502c71a5782f4f3469f03cfe595cc2329fb94652fe47511bfb?s=96&d=mm&r=g","contentUrl":"https:\/\/secure.gravatar.com\/avatar\/066b5a0d447013502c71a5782f4f3469f03cfe595cc2329fb94652fe47511bfb?s=96&d=mm&r=g","caption":"anja.hall"},"url":"https:\/\/www.immobilienbusiness.ch\/fr\/author\/anja-hall\/"}]}},"_links":{"self":[{"href":"https:\/\/www.immobilienbusiness.ch\/fr\/wp-json\/wp\/v2\/posts\/11339","targetHints":{"allow":["GET"]}}],"collection":[{"href":"https:\/\/www.immobilienbusiness.ch\/fr\/wp-json\/wp\/v2\/posts"}],"about":[{"href":"https:\/\/www.immobilienbusiness.ch\/fr\/wp-json\/wp\/v2\/types\/post"}],"author":[{"embeddable":true,"href":"https:\/\/www.immobilienbusiness.ch\/fr\/wp-json\/wp\/v2\/users\/3"}],"replies":[{"embeddable":true,"href":"https:\/\/www.immobilienbusiness.ch\/fr\/wp-json\/wp\/v2\/comments?post=11339"}],"version-history":[{"count":0,"href":"https:\/\/www.immobilienbusiness.ch\/fr\/wp-json\/wp\/v2\/posts\/11339\/revisions"}],"wp:featuredmedia":[{"embeddable":true,"href":"https:\/\/www.immobilienbusiness.ch\/fr\/wp-json\/wp\/v2\/media\/7773"}],"wp:attachment":[{"href":"https:\/\/www.immobilienbusiness.ch\/fr\/wp-json\/wp\/v2\/media?parent=11339"}],"wp:term":[{"taxonomy":"category","embeddable":true,"href":"https:\/\/www.immobilienbusiness.ch\/fr\/wp-json\/wp\/v2\/categories?post=11339"},{"taxonomy":"post_tag","embeddable":true,"href":"https:\/\/www.immobilienbusiness.ch\/fr\/wp-json\/wp\/v2\/tags?post=11339"}],"curies":[{"name":"wp","href":"https:\/\/api.w.org\/{rel}","templated":true}]}}