{"id":11277,"date":"2018-02-09T09:07:44","date_gmt":"2018-02-09T08:07:44","guid":{"rendered":"https:\/\/www.immobilienbusiness.ch\/?p=11277"},"modified":"2018-02-09T09:07:44","modified_gmt":"2018-02-09T08:07:44","slug":"ikea-expandiert-ins-wallis","status":"publish","type":"post","link":"https:\/\/www.immobilienbusiness.ch\/fr\/regionen\/2018-02-09\/ikea-expandiert-ins-wallis\/","title":{"rendered":"Ikea s'\u00e9tend en Valais"},"content":{"rendered":"<figure id=\"attachment_11278\" aria-describedby=\"caption-attachment-11278\" style=\"width: 680px\" class=\"wp-caption alignnone\"><img loading=\"lazy\" decoding=\"async\" class=\"wp-image-11278 size-medium\" src=\"https:\/\/www.immobilienbusiness.ch\/wp-content\/uploads\/2018\/02\/IKEA_Koblenz.jpg\" alt=\"\" width=\"680\" height=\"280\" srcset=\"https:\/\/www.immobilienbusiness.ch\/wp-content\/uploads\/2018\/02\/IKEA_Koblenz.jpg 1940w, https:\/\/www.immobilienbusiness.ch\/wp-content\/uploads\/2018\/02\/IKEA_Koblenz-300x124.jpg 300w, https:\/\/www.immobilienbusiness.ch\/wp-content\/uploads\/2018\/02\/IKEA_Koblenz-1024x422.jpg 1024w, https:\/\/www.immobilienbusiness.ch\/wp-content\/uploads\/2018\/02\/IKEA_Koblenz-768x317.jpg 768w, https:\/\/www.immobilienbusiness.ch\/wp-content\/uploads\/2018\/02\/IKEA_Koblenz-1536x633.jpg 1536w, https:\/\/www.immobilienbusiness.ch\/wp-content\/uploads\/2018\/02\/IKEA_Koblenz-16x7.jpg 16w, https:\/\/www.immobilienbusiness.ch\/wp-content\/uploads\/2018\/02\/IKEA_Koblenz-375x155.jpg 375w, https:\/\/www.immobilienbusiness.ch\/wp-content\/uploads\/2018\/02\/IKEA_Koblenz-760x313.jpg 760w, https:\/\/www.immobilienbusiness.ch\/wp-content\/uploads\/2018\/02\/IKEA_Koblenz-1600x660.jpg 1600w, https:\/\/www.immobilienbusiness.ch\/wp-content\/uploads\/2018\/02\/IKEA_Koblenz-920x379.jpg 920w, https:\/\/www.immobilienbusiness.ch\/wp-content\/uploads\/2018\/02\/IKEA_Koblenz-1400x577.jpg 1400w\" sizes=\"auto, (max-width: 680px) 100vw, 680px\" \/><figcaption id=\"caption-attachment-11278\" class=\"wp-caption-text\">Un magasin Ikea typique, ici \u00e0 Coblence (\u00a9 Schaengel, Wikipedia en allemand, CC BY-SA 3.0, Wikimedia Commons)<\/figcaption><\/figure>\n<p>L'Arael de Riddes s'\u00e9tend sur 49.000 m2 et se trouve dans la zone d'activit\u00e9s des Morands.<\/p>\n<p>Ikea Suisse indique qu'il faut compter environ deux ans de travaux de pr\u00e9paration et de planification avant de pouvoir commencer les travaux de construction. La dur\u00e9e des travaux est estim\u00e9e \u00e0 environ douze mois. L'ouverture serait donc pr\u00e9vue pour 2021.<\/p>\n<p>Ikea Suisse pr\u00e9voit de pr\u00e9senter le projet au printemps 2018, en collaboration avec l'entreprise de construction et d'immobilier Christian Constantin SA.<\/p>","protected":false},"excerpt":{"rendered":"<p>La cha\u00eene de magasins de meubles Ikea veut ouvrir son dixi\u00e8me magasin suisse en Valais. L'entreprise a r\u00e9cemment acquis un terrain dans la commune de Riddes (VS).<\/p>","protected":false},"author":3,"featured_media":11278,"comment_status":"open","ping_status":"open","sticky":false,"template":"","format":"standard","meta":{"_acf_changed":false,"_yoast_wpseo_focuskw":"Ikea","_yoast_wpseo_title":"","_yoast_wpseo_metadesc":"Die M\u00f6belhauskette Ikea will ihre zehnte Schweizer Filiale im Wallis er\u00f6ffnen. Vor kurzem hat das Unternehmen ein Grundst\u00fcck in der Gemeinde Riddes (VS) erworben.","_yoast_wpseo_linkdex":54,"pgc_sgb_lightbox_settings":"","footnotes":""},"categories":[985],"tags":[1212,1643,1807,1841],"class_list":["post-11277","post","type-post","status-publish","format-standard","has-post-thumbnail","hentry","category-regionen","tag-expansion","tag-retail","tag-unternehmen","tag-wallis"],"acf":[],"yoast_head":"<!-- This site is optimized with the Yoast SEO plugin v27.4 - https:\/\/yoast.com\/product\/yoast-seo-wordpress\/ -->\n<title>Ikea expandiert ins Wallis - IMMOBILIEN Business<\/title>\n<meta name=\"description\" content=\"Die M\u00f6belhauskette Ikea will ihre zehnte Schweizer Filiale im Wallis er\u00f6ffnen. Vor kurzem hat das Unternehmen ein Grundst\u00fcck in der Gemeinde Riddes (VS) erworben.\" \/>\n<meta name=\"robots\" content=\"index, follow, max-snippet:-1, max-image-preview:large, max-video-preview:-1\" \/>\n<link rel=\"canonical\" href=\"https:\/\/www.immobilienbusiness.ch\/fr\/regionen\/2018-02-09\/ikea-expandiert-ins-wallis\/\" \/>\n<meta property=\"og:locale\" content=\"fr_FR\" \/>\n<meta property=\"og:type\" content=\"article\" \/>\n<meta property=\"og:title\" content=\"Ikea expandiert ins Wallis - IMMOBILIEN Business\" \/>\n<meta property=\"og:description\" content=\"Die M\u00f6belhauskette Ikea will ihre zehnte Schweizer Filiale im Wallis er\u00f6ffnen. Vor kurzem hat das Unternehmen ein Grundst\u00fcck in der Gemeinde Riddes (VS) erworben.\" \/>\n<meta property=\"og:url\" content=\"https:\/\/www.immobilienbusiness.ch\/fr\/regionen\/2018-02-09\/ikea-expandiert-ins-wallis\/\" \/>\n<meta property=\"og:site_name\" content=\"IMMOBILIEN Business\" \/>\n<meta property=\"article:publisher\" content=\"https:\/\/www.facebook.com\/immobilienbusiness\/\" \/>\n<meta property=\"article:published_time\" content=\"2018-02-09T08:07:44+00:00\" \/>\n<meta property=\"og:image\" content=\"https:\/\/www.immobilienbusiness.ch\/wp-content\/uploads\/2018\/02\/IKEA_Koblenz.jpg\" \/>\n\t<meta property=\"og:image:width\" content=\"1940\" \/>\n\t<meta property=\"og:image:height\" content=\"800\" \/>\n\t<meta property=\"og:image:type\" content=\"image\/jpeg\" \/>\n<meta name=\"author\" content=\"anja.hall\" \/>\n<meta name=\"twitter:card\" content=\"summary_large_image\" \/>\n<meta name=\"twitter:image\" content=\"https:\/\/www.immobilienbusiness.ch\/wp-content\/uploads\/2018\/02\/IKEA_Koblenz.jpg\" \/>\n<script type=\"application\/ld+json\" class=\"yoast-schema-graph\">{\"@context\":\"https:\\\/\\\/schema.org\",\"@graph\":[{\"@type\":\"Article\",\"@id\":\"https:\\\/\\\/www.immobilienbusiness.ch\\\/regionen\\\/2018-02-09\\\/ikea-expandiert-ins-wallis\\\/#article\",\"isPartOf\":{\"@id\":\"https:\\\/\\\/www.immobilienbusiness.ch\\\/regionen\\\/2018-02-09\\\/ikea-expandiert-ins-wallis\\\/\"},\"author\":{\"name\":\"anja.hall\",\"@id\":\"https:\\\/\\\/www.immobilienbusiness.ch\\\/#\\\/schema\\\/person\\\/3fc036297b10b9f42d6db5ee932af8c8\"},\"headline\":\"Ikea expandiert ins Wallis\",\"datePublished\":\"2018-02-09T08:07:44+00:00\",\"mainEntityOfPage\":{\"@id\":\"https:\\\/\\\/www.immobilienbusiness.ch\\\/regionen\\\/2018-02-09\\\/ikea-expandiert-ins-wallis\\\/\"},\"wordCount\":92,\"commentCount\":0,\"publisher\":{\"@id\":\"https:\\\/\\\/www.immobilienbusiness.ch\\\/#organization\"},\"image\":{\"@id\":\"https:\\\/\\\/www.immobilienbusiness.ch\\\/regionen\\\/2018-02-09\\\/ikea-expandiert-ins-wallis\\\/#primaryimage\"},\"thumbnailUrl\":\"https:\\\/\\\/www.immobilienbusiness.ch\\\/wp-content\\\/uploads\\\/2018\\\/02\\\/IKEA_Koblenz.jpg\",\"keywords\":[\"Expansion\",\"Retail\",\"Unternehmen\",\"Wallis\"],\"articleSection\":[\"REGIONEN\"],\"inLanguage\":\"fr-FR\"},{\"@type\":\"WebPage\",\"@id\":\"https:\\\/\\\/www.immobilienbusiness.ch\\\/regionen\\\/2018-02-09\\\/ikea-expandiert-ins-wallis\\\/\",\"url\":\"https:\\\/\\\/www.immobilienbusiness.ch\\\/regionen\\\/2018-02-09\\\/ikea-expandiert-ins-wallis\\\/\",\"name\":\"Ikea expandiert ins Wallis - IMMOBILIEN Business\",\"isPartOf\":{\"@id\":\"https:\\\/\\\/www.immobilienbusiness.ch\\\/#website\"},\"primaryImageOfPage\":{\"@id\":\"https:\\\/\\\/www.immobilienbusiness.ch\\\/regionen\\\/2018-02-09\\\/ikea-expandiert-ins-wallis\\\/#primaryimage\"},\"image\":{\"@id\":\"https:\\\/\\\/www.immobilienbusiness.ch\\\/regionen\\\/2018-02-09\\\/ikea-expandiert-ins-wallis\\\/#primaryimage\"},\"thumbnailUrl\":\"https:\\\/\\\/www.immobilienbusiness.ch\\\/wp-content\\\/uploads\\\/2018\\\/02\\\/IKEA_Koblenz.jpg\",\"datePublished\":\"2018-02-09T08:07:44+00:00\",\"description\":\"Die M\u00f6belhauskette Ikea will ihre zehnte Schweizer Filiale im Wallis er\u00f6ffnen. Vor kurzem hat das Unternehmen ein Grundst\u00fcck in der Gemeinde Riddes (VS) erworben.\",\"breadcrumb\":{\"@id\":\"https:\\\/\\\/www.immobilienbusiness.ch\\\/regionen\\\/2018-02-09\\\/ikea-expandiert-ins-wallis\\\/#breadcrumb\"},\"inLanguage\":\"fr-FR\",\"potentialAction\":[{\"@type\":\"ReadAction\",\"target\":[\"https:\\\/\\\/www.immobilienbusiness.ch\\\/regionen\\\/2018-02-09\\\/ikea-expandiert-ins-wallis\\\/\"]}]},{\"@type\":\"ImageObject\",\"inLanguage\":\"fr-FR\",\"@id\":\"https:\\\/\\\/www.immobilienbusiness.ch\\\/regionen\\\/2018-02-09\\\/ikea-expandiert-ins-wallis\\\/#primaryimage\",\"url\":\"https:\\\/\\\/www.immobilienbusiness.ch\\\/wp-content\\\/uploads\\\/2018\\\/02\\\/IKEA_Koblenz.jpg\",\"contentUrl\":\"https:\\\/\\\/www.immobilienbusiness.ch\\\/wp-content\\\/uploads\\\/2018\\\/02\\\/IKEA_Koblenz.jpg\",\"width\":1940,\"height\":800,\"caption\":\"Eine typische Ikea-Filiale, hier in Koblenz\"},{\"@type\":\"BreadcrumbList\",\"@id\":\"https:\\\/\\\/www.immobilienbusiness.ch\\\/regionen\\\/2018-02-09\\\/ikea-expandiert-ins-wallis\\\/#breadcrumb\",\"itemListElement\":[{\"@type\":\"ListItem\",\"position\":1,\"name\":\"Home\",\"item\":\"https:\\\/\\\/www.immobilienbusiness.ch\\\/\"},{\"@type\":\"ListItem\",\"position\":2,\"name\":\"Ikea expandiert ins Wallis\"}]},{\"@type\":\"WebSite\",\"@id\":\"https:\\\/\\\/www.immobilienbusiness.ch\\\/#website\",\"url\":\"https:\\\/\\\/www.immobilienbusiness.ch\\\/\",\"name\":\"IMMOBILIEN Business\",\"description\":\"Unabh\u00e4ngiges Schweizer Wirtschaftsmagazin mit Fokus auf Immobilien, Architektur- und Bau sowie Investment- und Finanzierung.\",\"publisher\":{\"@id\":\"https:\\\/\\\/www.immobilienbusiness.ch\\\/#organization\"},\"potentialAction\":[{\"@type\":\"SearchAction\",\"target\":{\"@type\":\"EntryPoint\",\"urlTemplate\":\"https:\\\/\\\/www.immobilienbusiness.ch\\\/?s={search_term_string}\"},\"query-input\":{\"@type\":\"PropertyValueSpecification\",\"valueRequired\":true,\"valueName\":\"search_term_string\"}}],\"inLanguage\":\"fr-FR\"},{\"@type\":\"Organization\",\"@id\":\"https:\\\/\\\/www.immobilienbusiness.ch\\\/#organization\",\"name\":\"IMMOBILIEN Business\",\"url\":\"https:\\\/\\\/www.immobilienbusiness.ch\\\/\",\"logo\":{\"@type\":\"ImageObject\",\"inLanguage\":\"fr-FR\",\"@id\":\"https:\\\/\\\/www.immobilienbusiness.ch\\\/#\\\/schema\\\/logo\\\/image\\\/\",\"url\":\"https:\\\/\\\/www.immobilienbusiness.ch\\\/wp-content\\\/uploads\\\/2021\\\/07\\\/logo_ib.png\",\"contentUrl\":\"https:\\\/\\\/www.immobilienbusiness.ch\\\/wp-content\\\/uploads\\\/2021\\\/07\\\/logo_ib.png\",\"width\":800,\"height\":181,\"caption\":\"IMMOBILIEN Business\"},\"image\":{\"@id\":\"https:\\\/\\\/www.immobilienbusiness.ch\\\/#\\\/schema\\\/logo\\\/image\\\/\"},\"sameAs\":[\"https:\\\/\\\/www.facebook.com\\\/immobilienbusiness\\\/\"]},{\"@type\":\"Person\",\"@id\":\"https:\\\/\\\/www.immobilienbusiness.ch\\\/#\\\/schema\\\/person\\\/3fc036297b10b9f42d6db5ee932af8c8\",\"name\":\"anja.hall\",\"image\":{\"@type\":\"ImageObject\",\"inLanguage\":\"fr-FR\",\"@id\":\"https:\\\/\\\/secure.gravatar.com\\\/avatar\\\/066b5a0d447013502c71a5782f4f3469f03cfe595cc2329fb94652fe47511bfb?s=96&d=mm&r=g\",\"url\":\"https:\\\/\\\/secure.gravatar.com\\\/avatar\\\/066b5a0d447013502c71a5782f4f3469f03cfe595cc2329fb94652fe47511bfb?s=96&d=mm&r=g\",\"contentUrl\":\"https:\\\/\\\/secure.gravatar.com\\\/avatar\\\/066b5a0d447013502c71a5782f4f3469f03cfe595cc2329fb94652fe47511bfb?s=96&d=mm&r=g\",\"caption\":\"anja.hall\"},\"url\":\"https:\\\/\\\/www.immobilienbusiness.ch\\\/fr\\\/author\\\/anja-hall\\\/\"}]}<\/script>\n<!-- \/ Yoast SEO plugin. -->","yoast_head_json":{"title":"Ikea expandiert ins Wallis - IMMOBILIEN Business","description":"La cha\u00eene de magasins de meubles Ikea veut ouvrir son dixi\u00e8me magasin suisse en Valais. L'entreprise a r\u00e9cemment acquis un terrain dans la commune de Riddes (VS).","robots":{"index":"index","follow":"follow","max-snippet":"max-snippet:-1","max-image-preview":"max-image-preview:large","max-video-preview":"max-video-preview:-1"},"canonical":"https:\/\/www.immobilienbusiness.ch\/fr\/regionen\/2018-02-09\/ikea-expandiert-ins-wallis\/","og_locale":"fr_FR","og_type":"article","og_title":"Ikea expandiert ins Wallis - IMMOBILIEN Business","og_description":"Die M\u00f6belhauskette Ikea will ihre zehnte Schweizer Filiale im Wallis er\u00f6ffnen. Vor kurzem hat das Unternehmen ein Grundst\u00fcck in der Gemeinde Riddes (VS) erworben.","og_url":"https:\/\/www.immobilienbusiness.ch\/fr\/regionen\/2018-02-09\/ikea-expandiert-ins-wallis\/","og_site_name":"IMMOBILIEN Business","article_publisher":"https:\/\/www.facebook.com\/immobilienbusiness\/","article_published_time":"2018-02-09T08:07:44+00:00","og_image":[{"width":1940,"height":800,"url":"https:\/\/www.immobilienbusiness.ch\/wp-content\/uploads\/2018\/02\/IKEA_Koblenz.jpg","type":"image\/jpeg"}],"author":"anja.hall","twitter_card":"summary_large_image","twitter_image":"https:\/\/www.immobilienbusiness.ch\/wp-content\/uploads\/2018\/02\/IKEA_Koblenz.jpg","schema":{"@context":"https:\/\/schema.org","@graph":[{"@type":"Article","@id":"https:\/\/www.immobilienbusiness.ch\/regionen\/2018-02-09\/ikea-expandiert-ins-wallis\/#article","isPartOf":{"@id":"https:\/\/www.immobilienbusiness.ch\/regionen\/2018-02-09\/ikea-expandiert-ins-wallis\/"},"author":{"name":"anja.hall","@id":"https:\/\/www.immobilienbusiness.ch\/#\/schema\/person\/3fc036297b10b9f42d6db5ee932af8c8"},"headline":"Ikea expandiert ins Wallis","datePublished":"2018-02-09T08:07:44+00:00","mainEntityOfPage":{"@id":"https:\/\/www.immobilienbusiness.ch\/regionen\/2018-02-09\/ikea-expandiert-ins-wallis\/"},"wordCount":92,"commentCount":0,"publisher":{"@id":"https:\/\/www.immobilienbusiness.ch\/#organization"},"image":{"@id":"https:\/\/www.immobilienbusiness.ch\/regionen\/2018-02-09\/ikea-expandiert-ins-wallis\/#primaryimage"},"thumbnailUrl":"https:\/\/www.immobilienbusiness.ch\/wp-content\/uploads\/2018\/02\/IKEA_Koblenz.jpg","keywords":["Expansion","Retail","Unternehmen","Wallis"],"articleSection":["REGIONEN"],"inLanguage":"fr-FR"},{"@type":"WebPage","@id":"https:\/\/www.immobilienbusiness.ch\/regionen\/2018-02-09\/ikea-expandiert-ins-wallis\/","url":"https:\/\/www.immobilienbusiness.ch\/regionen\/2018-02-09\/ikea-expandiert-ins-wallis\/","name":"Ikea expandiert ins Wallis - IMMOBILIEN Business","isPartOf":{"@id":"https:\/\/www.immobilienbusiness.ch\/#website"},"primaryImageOfPage":{"@id":"https:\/\/www.immobilienbusiness.ch\/regionen\/2018-02-09\/ikea-expandiert-ins-wallis\/#primaryimage"},"image":{"@id":"https:\/\/www.immobilienbusiness.ch\/regionen\/2018-02-09\/ikea-expandiert-ins-wallis\/#primaryimage"},"thumbnailUrl":"https:\/\/www.immobilienbusiness.ch\/wp-content\/uploads\/2018\/02\/IKEA_Koblenz.jpg","datePublished":"2018-02-09T08:07:44+00:00","description":"La cha\u00eene de magasins de meubles Ikea veut ouvrir son dixi\u00e8me magasin suisse en Valais. L'entreprise a r\u00e9cemment acquis un terrain dans la commune de Riddes (VS).","breadcrumb":{"@id":"https:\/\/www.immobilienbusiness.ch\/regionen\/2018-02-09\/ikea-expandiert-ins-wallis\/#breadcrumb"},"inLanguage":"fr-FR","potentialAction":[{"@type":"ReadAction","target":["https:\/\/www.immobilienbusiness.ch\/regionen\/2018-02-09\/ikea-expandiert-ins-wallis\/"]}]},{"@type":"ImageObject","inLanguage":"fr-FR","@id":"https:\/\/www.immobilienbusiness.ch\/regionen\/2018-02-09\/ikea-expandiert-ins-wallis\/#primaryimage","url":"https:\/\/www.immobilienbusiness.ch\/wp-content\/uploads\/2018\/02\/IKEA_Koblenz.jpg","contentUrl":"https:\/\/www.immobilienbusiness.ch\/wp-content\/uploads\/2018\/02\/IKEA_Koblenz.jpg","width":1940,"height":800,"caption":"Eine typische Ikea-Filiale, hier in Koblenz"},{"@type":"BreadcrumbList","@id":"https:\/\/www.immobilienbusiness.ch\/regionen\/2018-02-09\/ikea-expandiert-ins-wallis\/#breadcrumb","itemListElement":[{"@type":"ListItem","position":1,"name":"Home","item":"https:\/\/www.immobilienbusiness.ch\/"},{"@type":"ListItem","position":2,"name":"Ikea expandiert ins Wallis"}]},{"@type":"WebSite","@id":"https:\/\/www.immobilienbusiness.ch\/#website","url":"https:\/\/www.immobilienbusiness.ch\/","name":"IMMOBILIER Business","description":"Magazine \u00e9conomique suisse ind\u00e9pendant ax\u00e9 sur l'immobilier, l'architecture et la construction ainsi que sur les investissements et le financement.","publisher":{"@id":"https:\/\/www.immobilienbusiness.ch\/#organization"},"potentialAction":[{"@type":"SearchAction","target":{"@type":"EntryPoint","urlTemplate":"https:\/\/www.immobilienbusiness.ch\/?s={search_term_string}"},"query-input":{"@type":"PropertyValueSpecification","valueRequired":true,"valueName":"search_term_string"}}],"inLanguage":"fr-FR"},{"@type":"Organization","@id":"https:\/\/www.immobilienbusiness.ch\/#organization","name":"IMMOBILIER Business","url":"https:\/\/www.immobilienbusiness.ch\/","logo":{"@type":"ImageObject","inLanguage":"fr-FR","@id":"https:\/\/www.immobilienbusiness.ch\/#\/schema\/logo\/image\/","url":"https:\/\/www.immobilienbusiness.ch\/wp-content\/uploads\/2021\/07\/logo_ib.png","contentUrl":"https:\/\/www.immobilienbusiness.ch\/wp-content\/uploads\/2021\/07\/logo_ib.png","width":800,"height":181,"caption":"IMMOBILIEN Business"},"image":{"@id":"https:\/\/www.immobilienbusiness.ch\/#\/schema\/logo\/image\/"},"sameAs":["https:\/\/www.facebook.com\/immobilienbusiness\/"]},{"@type":"Person","@id":"https:\/\/www.immobilienbusiness.ch\/#\/schema\/person\/3fc036297b10b9f42d6db5ee932af8c8","name":"anja.hall","image":{"@type":"ImageObject","inLanguage":"fr-FR","@id":"https:\/\/secure.gravatar.com\/avatar\/066b5a0d447013502c71a5782f4f3469f03cfe595cc2329fb94652fe47511bfb?s=96&d=mm&r=g","url":"https:\/\/secure.gravatar.com\/avatar\/066b5a0d447013502c71a5782f4f3469f03cfe595cc2329fb94652fe47511bfb?s=96&d=mm&r=g","contentUrl":"https:\/\/secure.gravatar.com\/avatar\/066b5a0d447013502c71a5782f4f3469f03cfe595cc2329fb94652fe47511bfb?s=96&d=mm&r=g","caption":"anja.hall"},"url":"https:\/\/www.immobilienbusiness.ch\/fr\/author\/anja-hall\/"}]}},"_links":{"self":[{"href":"https:\/\/www.immobilienbusiness.ch\/fr\/wp-json\/wp\/v2\/posts\/11277","targetHints":{"allow":["GET"]}}],"collection":[{"href":"https:\/\/www.immobilienbusiness.ch\/fr\/wp-json\/wp\/v2\/posts"}],"about":[{"href":"https:\/\/www.immobilienbusiness.ch\/fr\/wp-json\/wp\/v2\/types\/post"}],"author":[{"embeddable":true,"href":"https:\/\/www.immobilienbusiness.ch\/fr\/wp-json\/wp\/v2\/users\/3"}],"replies":[{"embeddable":true,"href":"https:\/\/www.immobilienbusiness.ch\/fr\/wp-json\/wp\/v2\/comments?post=11277"}],"version-history":[{"count":0,"href":"https:\/\/www.immobilienbusiness.ch\/fr\/wp-json\/wp\/v2\/posts\/11277\/revisions"}],"wp:featuredmedia":[{"embeddable":true,"href":"https:\/\/www.immobilienbusiness.ch\/fr\/wp-json\/wp\/v2\/media\/11278"}],"wp:attachment":[{"href":"https:\/\/www.immobilienbusiness.ch\/fr\/wp-json\/wp\/v2\/media?parent=11277"}],"wp:term":[{"taxonomy":"category","embeddable":true,"href":"https:\/\/www.immobilienbusiness.ch\/fr\/wp-json\/wp\/v2\/categories?post=11277"},{"taxonomy":"post_tag","embeddable":true,"href":"https:\/\/www.immobilienbusiness.ch\/fr\/wp-json\/wp\/v2\/tags?post=11277"}],"curies":[{"name":"wp","href":"https:\/\/api.w.org\/{rel}","templated":true}]}}