{"id":11235,"date":"2018-02-08T09:47:32","date_gmt":"2018-02-08T08:47:32","guid":{"rendered":"https:\/\/www.immobilienbusiness.ch\/?p=11235"},"modified":"2018-02-08T09:47:32","modified_gmt":"2018-02-08T08:47:32","slug":"basel-umbau-der-stuecki-mall-startet","status":"publish","type":"post","link":"https:\/\/www.immobilienbusiness.ch\/fr\/regionen\/2018-02-08\/basel-umbau-der-stuecki-mall-startet\/","title":{"rendered":"B\u00e2le : d\u00e9but de la transformation du centre commercial St\u00fccki"},"content":{"rendered":"<figure id=\"attachment_11264\" aria-describedby=\"caption-attachment-11264\" style=\"width: 680px\" class=\"wp-caption alignnone\"><img loading=\"lazy\" decoding=\"async\" class=\"size-medium wp-image-11264\" src=\"https:\/\/www.immobilienbusiness.ch\/wp-content\/uploads\/2018\/02\/Pressebild_Stuecki_07.jpg\" alt=\"\" width=\"680\" height=\"453\" srcset=\"https:\/\/www.immobilienbusiness.ch\/wp-content\/uploads\/2018\/02\/Pressebild_Stuecki_07.jpg 1170w, https:\/\/www.immobilienbusiness.ch\/wp-content\/uploads\/2018\/02\/Pressebild_Stuecki_07-300x200.jpg 300w, https:\/\/www.immobilienbusiness.ch\/wp-content\/uploads\/2018\/02\/Pressebild_Stuecki_07-1024x683.jpg 1024w, https:\/\/www.immobilienbusiness.ch\/wp-content\/uploads\/2018\/02\/Pressebild_Stuecki_07-768x512.jpg 768w, https:\/\/www.immobilienbusiness.ch\/wp-content\/uploads\/2018\/02\/Pressebild_Stuecki_07-16x12.jpg 16w, https:\/\/www.immobilienbusiness.ch\/wp-content\/uploads\/2018\/02\/Pressebild_Stuecki_07-263x175.jpg 263w, https:\/\/www.immobilienbusiness.ch\/wp-content\/uploads\/2018\/02\/Pressebild_Stuecki_07-525x350.jpg 525w, https:\/\/www.immobilienbusiness.ch\/wp-content\/uploads\/2018\/02\/Pressebild_Stuecki_07-920x613.jpg 920w\" sizes=\"auto, (max-width: 680px) 100vw, 680px\" \/><figcaption id=\"caption-attachment-11264\" class=\"wp-caption-text\">Le St\u00fccki, au nord de B\u00e2le, fait l'objet d'une importante r\u00e9novation (Source : Parc St\u00fccki)<\/figcaption><\/figure>\n<p>La transformation du centre commercial est planifi\u00e9e de mani\u00e8re \u00e0 ce que le St\u00fccki Park puisse rester ouvert pendant la premi\u00e8re phase de transformation, qui durera de d\u00e9but f\u00e9vrier \u00e0 fin octobre 2018, indique Christian Mutschler, responsable de la gestion du St\u00fccki Park.<\/p>\n<p>L'ouverture officielle du nouveau centre commercial est pr\u00e9vue pour l'automne 2018. Le r\u00e9am\u00e9nagement permettra d'ajouter une zone de loisirs au centre commercial. Le centre de fitness GYYM, qui est lou\u00e9 depuis f\u00e9vrier 2016, sera agrandi de 1 500 m\u00b2. En outre, un complexe cin\u00e9matographique de 18 salles et 2 400 si\u00e8ges est pr\u00e9vu sur une surface de 14 000 m\u00b2.<\/p>","protected":false},"excerpt":{"rendered":"<p>Swiss Prime Site veut r\u00e9am\u00e9nager fondamentalement le parc St\u00fccki \u00e0 B\u00e2le-Kleinh\u00fcningen. Alors que la construction de nouveaux laboratoires et de bureaux a d\u00e9j\u00e0 commenc\u00e9, la transformation du centre commercial est en cours.<\/p>","protected":false},"author":3,"featured_media":11264,"comment_status":"open","ping_status":"open","sticky":false,"template":"","format":"standard","meta":{"_acf_changed":false,"_yoast_wpseo_focuskw":"St\u00fccki","_yoast_wpseo_title":"","_yoast_wpseo_metadesc":"Die Swiss Prime Site will den St\u00fccki Park in Basel-Kleinh\u00fcningen grundlegend umgestalten. Nachdem der Bau von neuen Labor- und B\u00fcrofl\u00e4chen schon gestartet ist, beginnt nun der Umbau der Mall.","_yoast_wpseo_linkdex":46,"pgc_sgb_lightbox_settings":"","footnotes":""},"categories":[985],"tags":[1069,1697,1797],"class_list":["post-11235","post","type-post","status-publish","format-standard","has-post-thumbnail","hentry","category-regionen","tag-basel","tag-shopping-center","tag-umbau"],"acf":[],"yoast_head":"<!-- This site is optimized with the Yoast SEO plugin v27.4 - https:\/\/yoast.com\/product\/yoast-seo-wordpress\/ -->\n<title>Basel: Umbau der St\u00fccki Mall startet - IMMOBILIEN Business<\/title>\n<meta name=\"description\" content=\"Die Swiss Prime Site will den St\u00fccki Park in Basel-Kleinh\u00fcningen grundlegend umgestalten. Nachdem der Bau von neuen Labor- und B\u00fcrofl\u00e4chen schon gestartet ist, beginnt nun der Umbau der Mall.\" \/>\n<meta name=\"robots\" content=\"index, follow, max-snippet:-1, max-image-preview:large, max-video-preview:-1\" \/>\n<link rel=\"canonical\" href=\"https:\/\/www.immobilienbusiness.ch\/fr\/regionen\/2018-02-08\/basel-umbau-der-stuecki-mall-startet\/\" \/>\n<meta property=\"og:locale\" content=\"fr_FR\" \/>\n<meta property=\"og:type\" content=\"article\" \/>\n<meta property=\"og:title\" content=\"Basel: Umbau der St\u00fccki Mall startet - IMMOBILIEN Business\" \/>\n<meta property=\"og:description\" content=\"Die Swiss Prime Site will den St\u00fccki Park in Basel-Kleinh\u00fcningen grundlegend umgestalten. Nachdem der Bau von neuen Labor- und B\u00fcrofl\u00e4chen schon gestartet ist, beginnt nun der Umbau der Mall.\" \/>\n<meta property=\"og:url\" content=\"https:\/\/www.immobilienbusiness.ch\/fr\/regionen\/2018-02-08\/basel-umbau-der-stuecki-mall-startet\/\" \/>\n<meta property=\"og:site_name\" content=\"IMMOBILIEN Business\" \/>\n<meta property=\"article:publisher\" content=\"https:\/\/www.facebook.com\/immobilienbusiness\/\" \/>\n<meta property=\"article:published_time\" content=\"2018-02-08T08:47:32+00:00\" \/>\n<meta property=\"og:image\" content=\"https:\/\/www.immobilienbusiness.ch\/wp-content\/uploads\/2018\/02\/Pressebild_Stuecki_07.jpg\" \/>\n\t<meta property=\"og:image:width\" content=\"1170\" \/>\n\t<meta property=\"og:image:height\" content=\"780\" \/>\n\t<meta property=\"og:image:type\" content=\"image\/jpeg\" \/>\n<meta name=\"author\" content=\"anja.hall\" \/>\n<meta name=\"twitter:card\" content=\"summary_large_image\" \/>\n<meta name=\"twitter:image\" content=\"https:\/\/www.immobilienbusiness.ch\/wp-content\/uploads\/2018\/02\/Pressebild_Stuecki_07.jpg\" \/>\n<script type=\"application\/ld+json\" class=\"yoast-schema-graph\">{\"@context\":\"https:\\\/\\\/schema.org\",\"@graph\":[{\"@type\":\"Article\",\"@id\":\"https:\\\/\\\/www.immobilienbusiness.ch\\\/it\\\/regionen\\\/2018-02-08\\\/basel-umbau-der-stuecki-mall-startet\\\/#article\",\"isPartOf\":{\"@id\":\"https:\\\/\\\/www.immobilienbusiness.ch\\\/it\\\/regionen\\\/2018-02-08\\\/basel-umbau-der-stuecki-mall-startet\\\/\"},\"author\":{\"name\":\"anja.hall\",\"@id\":\"https:\\\/\\\/www.immobilienbusiness.ch\\\/#\\\/schema\\\/person\\\/3fc036297b10b9f42d6db5ee932af8c8\"},\"headline\":\"Basel: Umbau der St\u00fccki Mall startet\",\"datePublished\":\"2018-02-08T08:47:32+00:00\",\"mainEntityOfPage\":{\"@id\":\"https:\\\/\\\/www.immobilienbusiness.ch\\\/it\\\/regionen\\\/2018-02-08\\\/basel-umbau-der-stuecki-mall-startet\\\/\"},\"wordCount\":113,\"commentCount\":0,\"publisher\":{\"@id\":\"https:\\\/\\\/www.immobilienbusiness.ch\\\/#organization\"},\"image\":{\"@id\":\"https:\\\/\\\/www.immobilienbusiness.ch\\\/it\\\/regionen\\\/2018-02-08\\\/basel-umbau-der-stuecki-mall-startet\\\/#primaryimage\"},\"thumbnailUrl\":\"https:\\\/\\\/www.immobilienbusiness.ch\\\/wp-content\\\/uploads\\\/2018\\\/02\\\/Pressebild_Stuecki_07.jpg\",\"keywords\":[\"Basel\",\"Shopping Center\",\"Umbau\"],\"articleSection\":[\"REGIONEN\"],\"inLanguage\":\"fr-FR\"},{\"@type\":\"WebPage\",\"@id\":\"https:\\\/\\\/www.immobilienbusiness.ch\\\/it\\\/regionen\\\/2018-02-08\\\/basel-umbau-der-stuecki-mall-startet\\\/\",\"url\":\"https:\\\/\\\/www.immobilienbusiness.ch\\\/it\\\/regionen\\\/2018-02-08\\\/basel-umbau-der-stuecki-mall-startet\\\/\",\"name\":\"Basel: Umbau der St\u00fccki Mall startet - IMMOBILIEN Business\",\"isPartOf\":{\"@id\":\"https:\\\/\\\/www.immobilienbusiness.ch\\\/#website\"},\"primaryImageOfPage\":{\"@id\":\"https:\\\/\\\/www.immobilienbusiness.ch\\\/it\\\/regionen\\\/2018-02-08\\\/basel-umbau-der-stuecki-mall-startet\\\/#primaryimage\"},\"image\":{\"@id\":\"https:\\\/\\\/www.immobilienbusiness.ch\\\/it\\\/regionen\\\/2018-02-08\\\/basel-umbau-der-stuecki-mall-startet\\\/#primaryimage\"},\"thumbnailUrl\":\"https:\\\/\\\/www.immobilienbusiness.ch\\\/wp-content\\\/uploads\\\/2018\\\/02\\\/Pressebild_Stuecki_07.jpg\",\"datePublished\":\"2018-02-08T08:47:32+00:00\",\"description\":\"Die Swiss Prime Site will den St\u00fccki Park in Basel-Kleinh\u00fcningen grundlegend umgestalten. Nachdem der Bau von neuen Labor- und B\u00fcrofl\u00e4chen schon gestartet ist, beginnt nun der Umbau der Mall.\",\"breadcrumb\":{\"@id\":\"https:\\\/\\\/www.immobilienbusiness.ch\\\/it\\\/regionen\\\/2018-02-08\\\/basel-umbau-der-stuecki-mall-startet\\\/#breadcrumb\"},\"inLanguage\":\"fr-FR\",\"potentialAction\":[{\"@type\":\"ReadAction\",\"target\":[\"https:\\\/\\\/www.immobilienbusiness.ch\\\/it\\\/regionen\\\/2018-02-08\\\/basel-umbau-der-stuecki-mall-startet\\\/\"]}]},{\"@type\":\"ImageObject\",\"inLanguage\":\"fr-FR\",\"@id\":\"https:\\\/\\\/www.immobilienbusiness.ch\\\/it\\\/regionen\\\/2018-02-08\\\/basel-umbau-der-stuecki-mall-startet\\\/#primaryimage\",\"url\":\"https:\\\/\\\/www.immobilienbusiness.ch\\\/wp-content\\\/uploads\\\/2018\\\/02\\\/Pressebild_Stuecki_07.jpg\",\"contentUrl\":\"https:\\\/\\\/www.immobilienbusiness.ch\\\/wp-content\\\/uploads\\\/2018\\\/02\\\/Pressebild_Stuecki_07.jpg\",\"width\":1170,\"height\":780,\"caption\":\"Das St\u00fccki im Basler Norden wird umgebaut (Quelle: St\u00fccki Park)\"},{\"@type\":\"BreadcrumbList\",\"@id\":\"https:\\\/\\\/www.immobilienbusiness.ch\\\/it\\\/regionen\\\/2018-02-08\\\/basel-umbau-der-stuecki-mall-startet\\\/#breadcrumb\",\"itemListElement\":[{\"@type\":\"ListItem\",\"position\":1,\"name\":\"Home\",\"item\":\"https:\\\/\\\/www.immobilienbusiness.ch\\\/\"},{\"@type\":\"ListItem\",\"position\":2,\"name\":\"Basel: Umbau der St\u00fccki Mall startet\"}]},{\"@type\":\"WebSite\",\"@id\":\"https:\\\/\\\/www.immobilienbusiness.ch\\\/#website\",\"url\":\"https:\\\/\\\/www.immobilienbusiness.ch\\\/\",\"name\":\"IMMOBILIEN Business\",\"description\":\"Unabh\u00e4ngiges Schweizer Wirtschaftsmagazin mit Fokus auf Immobilien, Architektur- und Bau sowie Investment- und Finanzierung.\",\"publisher\":{\"@id\":\"https:\\\/\\\/www.immobilienbusiness.ch\\\/#organization\"},\"potentialAction\":[{\"@type\":\"SearchAction\",\"target\":{\"@type\":\"EntryPoint\",\"urlTemplate\":\"https:\\\/\\\/www.immobilienbusiness.ch\\\/?s={search_term_string}\"},\"query-input\":{\"@type\":\"PropertyValueSpecification\",\"valueRequired\":true,\"valueName\":\"search_term_string\"}}],\"inLanguage\":\"fr-FR\"},{\"@type\":\"Organization\",\"@id\":\"https:\\\/\\\/www.immobilienbusiness.ch\\\/#organization\",\"name\":\"IMMOBILIEN Business\",\"url\":\"https:\\\/\\\/www.immobilienbusiness.ch\\\/\",\"logo\":{\"@type\":\"ImageObject\",\"inLanguage\":\"fr-FR\",\"@id\":\"https:\\\/\\\/www.immobilienbusiness.ch\\\/#\\\/schema\\\/logo\\\/image\\\/\",\"url\":\"https:\\\/\\\/www.immobilienbusiness.ch\\\/wp-content\\\/uploads\\\/2021\\\/07\\\/logo_ib.png\",\"contentUrl\":\"https:\\\/\\\/www.immobilienbusiness.ch\\\/wp-content\\\/uploads\\\/2021\\\/07\\\/logo_ib.png\",\"width\":800,\"height\":181,\"caption\":\"IMMOBILIEN Business\"},\"image\":{\"@id\":\"https:\\\/\\\/www.immobilienbusiness.ch\\\/#\\\/schema\\\/logo\\\/image\\\/\"},\"sameAs\":[\"https:\\\/\\\/www.facebook.com\\\/immobilienbusiness\\\/\"]},{\"@type\":\"Person\",\"@id\":\"https:\\\/\\\/www.immobilienbusiness.ch\\\/#\\\/schema\\\/person\\\/3fc036297b10b9f42d6db5ee932af8c8\",\"name\":\"anja.hall\",\"image\":{\"@type\":\"ImageObject\",\"inLanguage\":\"fr-FR\",\"@id\":\"https:\\\/\\\/secure.gravatar.com\\\/avatar\\\/066b5a0d447013502c71a5782f4f3469f03cfe595cc2329fb94652fe47511bfb?s=96&d=mm&r=g\",\"url\":\"https:\\\/\\\/secure.gravatar.com\\\/avatar\\\/066b5a0d447013502c71a5782f4f3469f03cfe595cc2329fb94652fe47511bfb?s=96&d=mm&r=g\",\"contentUrl\":\"https:\\\/\\\/secure.gravatar.com\\\/avatar\\\/066b5a0d447013502c71a5782f4f3469f03cfe595cc2329fb94652fe47511bfb?s=96&d=mm&r=g\",\"caption\":\"anja.hall\"},\"url\":\"https:\\\/\\\/www.immobilienbusiness.ch\\\/fr\\\/author\\\/anja-hall\\\/\"}]}<\/script>\n<!-- \/ Yoast SEO plugin. -->","yoast_head_json":{"title":"Basel: Umbau der St\u00fccki Mall startet - IMMOBILIEN Business","description":"Swiss Prime Site veut r\u00e9am\u00e9nager fondamentalement le parc St\u00fccki \u00e0 B\u00e2le-Kleinh\u00fcningen. Alors que la construction de nouveaux laboratoires et de bureaux a d\u00e9j\u00e0 commenc\u00e9, la transformation du centre commercial est en cours.","robots":{"index":"index","follow":"follow","max-snippet":"max-snippet:-1","max-image-preview":"max-image-preview:large","max-video-preview":"max-video-preview:-1"},"canonical":"https:\/\/www.immobilienbusiness.ch\/fr\/regionen\/2018-02-08\/basel-umbau-der-stuecki-mall-startet\/","og_locale":"fr_FR","og_type":"article","og_title":"Basel: Umbau der St\u00fccki Mall startet - IMMOBILIEN Business","og_description":"Die Swiss Prime Site will den St\u00fccki Park in Basel-Kleinh\u00fcningen grundlegend umgestalten. Nachdem der Bau von neuen Labor- und B\u00fcrofl\u00e4chen schon gestartet ist, beginnt nun der Umbau der Mall.","og_url":"https:\/\/www.immobilienbusiness.ch\/fr\/regionen\/2018-02-08\/basel-umbau-der-stuecki-mall-startet\/","og_site_name":"IMMOBILIEN Business","article_publisher":"https:\/\/www.facebook.com\/immobilienbusiness\/","article_published_time":"2018-02-08T08:47:32+00:00","og_image":[{"width":1170,"height":780,"url":"https:\/\/www.immobilienbusiness.ch\/wp-content\/uploads\/2018\/02\/Pressebild_Stuecki_07.jpg","type":"image\/jpeg"}],"author":"anja.hall","twitter_card":"summary_large_image","twitter_image":"https:\/\/www.immobilienbusiness.ch\/wp-content\/uploads\/2018\/02\/Pressebild_Stuecki_07.jpg","schema":{"@context":"https:\/\/schema.org","@graph":[{"@type":"Article","@id":"https:\/\/www.immobilienbusiness.ch\/it\/regionen\/2018-02-08\/basel-umbau-der-stuecki-mall-startet\/#article","isPartOf":{"@id":"https:\/\/www.immobilienbusiness.ch\/it\/regionen\/2018-02-08\/basel-umbau-der-stuecki-mall-startet\/"},"author":{"name":"anja.hall","@id":"https:\/\/www.immobilienbusiness.ch\/#\/schema\/person\/3fc036297b10b9f42d6db5ee932af8c8"},"headline":"Basel: Umbau der St\u00fccki Mall startet","datePublished":"2018-02-08T08:47:32+00:00","mainEntityOfPage":{"@id":"https:\/\/www.immobilienbusiness.ch\/it\/regionen\/2018-02-08\/basel-umbau-der-stuecki-mall-startet\/"},"wordCount":113,"commentCount":0,"publisher":{"@id":"https:\/\/www.immobilienbusiness.ch\/#organization"},"image":{"@id":"https:\/\/www.immobilienbusiness.ch\/it\/regionen\/2018-02-08\/basel-umbau-der-stuecki-mall-startet\/#primaryimage"},"thumbnailUrl":"https:\/\/www.immobilienbusiness.ch\/wp-content\/uploads\/2018\/02\/Pressebild_Stuecki_07.jpg","keywords":["Basel","Shopping Center","Umbau"],"articleSection":["REGIONEN"],"inLanguage":"fr-FR"},{"@type":"WebPage","@id":"https:\/\/www.immobilienbusiness.ch\/it\/regionen\/2018-02-08\/basel-umbau-der-stuecki-mall-startet\/","url":"https:\/\/www.immobilienbusiness.ch\/it\/regionen\/2018-02-08\/basel-umbau-der-stuecki-mall-startet\/","name":"Basel: Umbau der St\u00fccki Mall startet - IMMOBILIEN Business","isPartOf":{"@id":"https:\/\/www.immobilienbusiness.ch\/#website"},"primaryImageOfPage":{"@id":"https:\/\/www.immobilienbusiness.ch\/it\/regionen\/2018-02-08\/basel-umbau-der-stuecki-mall-startet\/#primaryimage"},"image":{"@id":"https:\/\/www.immobilienbusiness.ch\/it\/regionen\/2018-02-08\/basel-umbau-der-stuecki-mall-startet\/#primaryimage"},"thumbnailUrl":"https:\/\/www.immobilienbusiness.ch\/wp-content\/uploads\/2018\/02\/Pressebild_Stuecki_07.jpg","datePublished":"2018-02-08T08:47:32+00:00","description":"Swiss Prime Site veut r\u00e9am\u00e9nager fondamentalement le parc St\u00fccki \u00e0 B\u00e2le-Kleinh\u00fcningen. Alors que la construction de nouveaux laboratoires et de bureaux a d\u00e9j\u00e0 commenc\u00e9, la transformation du centre commercial est en cours.","breadcrumb":{"@id":"https:\/\/www.immobilienbusiness.ch\/it\/regionen\/2018-02-08\/basel-umbau-der-stuecki-mall-startet\/#breadcrumb"},"inLanguage":"fr-FR","potentialAction":[{"@type":"ReadAction","target":["https:\/\/www.immobilienbusiness.ch\/it\/regionen\/2018-02-08\/basel-umbau-der-stuecki-mall-startet\/"]}]},{"@type":"ImageObject","inLanguage":"fr-FR","@id":"https:\/\/www.immobilienbusiness.ch\/it\/regionen\/2018-02-08\/basel-umbau-der-stuecki-mall-startet\/#primaryimage","url":"https:\/\/www.immobilienbusiness.ch\/wp-content\/uploads\/2018\/02\/Pressebild_Stuecki_07.jpg","contentUrl":"https:\/\/www.immobilienbusiness.ch\/wp-content\/uploads\/2018\/02\/Pressebild_Stuecki_07.jpg","width":1170,"height":780,"caption":"Das St\u00fccki im Basler Norden wird umgebaut (Quelle: St\u00fccki Park)"},{"@type":"BreadcrumbList","@id":"https:\/\/www.immobilienbusiness.ch\/it\/regionen\/2018-02-08\/basel-umbau-der-stuecki-mall-startet\/#breadcrumb","itemListElement":[{"@type":"ListItem","position":1,"name":"Home","item":"https:\/\/www.immobilienbusiness.ch\/"},{"@type":"ListItem","position":2,"name":"Basel: Umbau der St\u00fccki Mall startet"}]},{"@type":"WebSite","@id":"https:\/\/www.immobilienbusiness.ch\/#website","url":"https:\/\/www.immobilienbusiness.ch\/","name":"IMMOBILIER Business","description":"Magazine \u00e9conomique suisse ind\u00e9pendant ax\u00e9 sur l'immobilier, l'architecture et la construction ainsi que sur les investissements et le financement.","publisher":{"@id":"https:\/\/www.immobilienbusiness.ch\/#organization"},"potentialAction":[{"@type":"SearchAction","target":{"@type":"EntryPoint","urlTemplate":"https:\/\/www.immobilienbusiness.ch\/?s={search_term_string}"},"query-input":{"@type":"PropertyValueSpecification","valueRequired":true,"valueName":"search_term_string"}}],"inLanguage":"fr-FR"},{"@type":"Organization","@id":"https:\/\/www.immobilienbusiness.ch\/#organization","name":"IMMOBILIER Business","url":"https:\/\/www.immobilienbusiness.ch\/","logo":{"@type":"ImageObject","inLanguage":"fr-FR","@id":"https:\/\/www.immobilienbusiness.ch\/#\/schema\/logo\/image\/","url":"https:\/\/www.immobilienbusiness.ch\/wp-content\/uploads\/2021\/07\/logo_ib.png","contentUrl":"https:\/\/www.immobilienbusiness.ch\/wp-content\/uploads\/2021\/07\/logo_ib.png","width":800,"height":181,"caption":"IMMOBILIEN Business"},"image":{"@id":"https:\/\/www.immobilienbusiness.ch\/#\/schema\/logo\/image\/"},"sameAs":["https:\/\/www.facebook.com\/immobilienbusiness\/"]},{"@type":"Person","@id":"https:\/\/www.immobilienbusiness.ch\/#\/schema\/person\/3fc036297b10b9f42d6db5ee932af8c8","name":"anja.hall","image":{"@type":"ImageObject","inLanguage":"fr-FR","@id":"https:\/\/secure.gravatar.com\/avatar\/066b5a0d447013502c71a5782f4f3469f03cfe595cc2329fb94652fe47511bfb?s=96&d=mm&r=g","url":"https:\/\/secure.gravatar.com\/avatar\/066b5a0d447013502c71a5782f4f3469f03cfe595cc2329fb94652fe47511bfb?s=96&d=mm&r=g","contentUrl":"https:\/\/secure.gravatar.com\/avatar\/066b5a0d447013502c71a5782f4f3469f03cfe595cc2329fb94652fe47511bfb?s=96&d=mm&r=g","caption":"anja.hall"},"url":"https:\/\/www.immobilienbusiness.ch\/fr\/author\/anja-hall\/"}]}},"_links":{"self":[{"href":"https:\/\/www.immobilienbusiness.ch\/fr\/wp-json\/wp\/v2\/posts\/11235","targetHints":{"allow":["GET"]}}],"collection":[{"href":"https:\/\/www.immobilienbusiness.ch\/fr\/wp-json\/wp\/v2\/posts"}],"about":[{"href":"https:\/\/www.immobilienbusiness.ch\/fr\/wp-json\/wp\/v2\/types\/post"}],"author":[{"embeddable":true,"href":"https:\/\/www.immobilienbusiness.ch\/fr\/wp-json\/wp\/v2\/users\/3"}],"replies":[{"embeddable":true,"href":"https:\/\/www.immobilienbusiness.ch\/fr\/wp-json\/wp\/v2\/comments?post=11235"}],"version-history":[{"count":0,"href":"https:\/\/www.immobilienbusiness.ch\/fr\/wp-json\/wp\/v2\/posts\/11235\/revisions"}],"wp:featuredmedia":[{"embeddable":true,"href":"https:\/\/www.immobilienbusiness.ch\/fr\/wp-json\/wp\/v2\/media\/11264"}],"wp:attachment":[{"href":"https:\/\/www.immobilienbusiness.ch\/fr\/wp-json\/wp\/v2\/media?parent=11235"}],"wp:term":[{"taxonomy":"category","embeddable":true,"href":"https:\/\/www.immobilienbusiness.ch\/fr\/wp-json\/wp\/v2\/categories?post=11235"},{"taxonomy":"post_tag","embeddable":true,"href":"https:\/\/www.immobilienbusiness.ch\/fr\/wp-json\/wp\/v2\/tags?post=11235"}],"curies":[{"name":"wp","href":"https:\/\/api.w.org\/{rel}","templated":true}]}}