{"id":11162,"date":"2018-01-31T08:33:22","date_gmt":"2018-01-31T07:33:22","guid":{"rendered":"https:\/\/www.immobilienbusiness.ch\/?p=11162"},"modified":"2023-08-11T20:49:43","modified_gmt":"2023-08-11T18:49:43","slug":"luzernplus-gebietsmanager-freyenmuth-hoert-auf","status":"publish","type":"post","link":"https:\/\/www.immobilienbusiness.ch\/fr\/regionen\/2018-01-31\/luzernplus-gebietsmanager-freyenmuth-hoert-auf\/","title":{"rendered":"LuzernPlus : Le chef de secteur Freyenmuth d\u00e9missionne"},"content":{"rendered":"<figure id=\"attachment_11163\" aria-describedby=\"caption-attachment-11163\" style=\"width: 300px\" class=\"wp-caption alignnone\"><img loading=\"lazy\" decoding=\"async\" class=\"wp-image-11163 size-medium\" src=\"https:\/\/www.immobilienbusiness.ch\/wp-content\/uploads\/2018\/01\/Ueli_Freyenmuth_Gebietsmanager_LuzernNord-300x300.jpg\" alt=\"LuzernPlus\" width=\"300\" height=\"300\" srcset=\"https:\/\/www.immobilienbusiness.ch\/wp-content\/uploads\/2018\/01\/Ueli_Freyenmuth_Gebietsmanager_LuzernNord-300x300.jpg 300w, https:\/\/www.immobilienbusiness.ch\/wp-content\/uploads\/2018\/01\/Ueli_Freyenmuth_Gebietsmanager_LuzernNord-150x150.jpg 150w, https:\/\/www.immobilienbusiness.ch\/wp-content\/uploads\/2018\/01\/Ueli_Freyenmuth_Gebietsmanager_LuzernNord-768x769.jpg 768w, https:\/\/www.immobilienbusiness.ch\/wp-content\/uploads\/2018\/01\/Ueli_Freyenmuth_Gebietsmanager_LuzernNord-12x12.jpg 12w, https:\/\/www.immobilienbusiness.ch\/wp-content\/uploads\/2018\/01\/Ueli_Freyenmuth_Gebietsmanager_LuzernNord-175x175.jpg 175w, https:\/\/www.immobilienbusiness.ch\/wp-content\/uploads\/2018\/01\/Ueli_Freyenmuth_Gebietsmanager_LuzernNord-350x350.jpg 350w, https:\/\/www.immobilienbusiness.ch\/wp-content\/uploads\/2018\/01\/Ueli_Freyenmuth_Gebietsmanager_LuzernNord-799x800.jpg 799w, https:\/\/www.immobilienbusiness.ch\/wp-content\/uploads\/2018\/01\/Ueli_Freyenmuth_Gebietsmanager_LuzernNord-250x250.jpg 250w, https:\/\/www.immobilienbusiness.ch\/wp-content\/uploads\/2018\/01\/Ueli_Freyenmuth_Gebietsmanager_LuzernNord-100x100.jpg 100w, https:\/\/www.immobilienbusiness.ch\/wp-content\/uploads\/2018\/01\/Ueli_Freyenmuth_Gebietsmanager_LuzernNord.jpg 875w\" sizes=\"auto, (max-width: 300px) 100vw, 300px\" \/><figcaption id=\"caption-attachment-11163\" class=\"wp-caption-text\">Ueli Freyenmuth, manager de zone de LuzernNord (source : LuzernPlus)<\/figcaption><\/figure>\n<p>En tant que manager de zone pour LuzernNord, Ueli Freyenmuth a coordonn\u00e9, pour le compte de LuzernPlus, les projets de construction et de mobilit\u00e9 \u00e0 l'\u00e9chelle intercommunale pour Emmen et la ville de Lucerne au cours des quatre derni\u00e8res ann\u00e9es. Durant cette p\u00e9riode, le canton de Lucerne a r\u00e9alis\u00e9 le projet de circulation et de protection contre les crues de la Seetalplatz. Parall\u00e8lement, sept plans d'am\u00e9nagement ont \u00e9t\u00e9 \u00e9labor\u00e9s pour les zones de construction autour de la Seetalplatz et \u00e0 Reussb\u00fchl.<\/p>\n<p>Fin juin 2018, Freyenmuth quittera LuzernPlus et prendra sa retraite. LuzernPlus cherche maintenant un successeur pour ce poste ; le mandat sera mis au concours. Le manager de zone a pour mission de mettre en r\u00e9seau les int\u00e9r\u00eats de la commune d'Emmen, de la ville de Lucerne, du canton, de l'autorit\u00e9 de transport, de la promotion \u00e9conomique ainsi que des propri\u00e9taires fonciers et des d\u00e9veloppeurs de sites. Le nouveau manager de zone pour LuzernNord doit apporter de l'exp\u00e9rience dans la planification de l'espace et de la mobilit\u00e9 et s'int\u00e9resser aux questions de d\u00e9veloppement de l'habitat et de promotion du site, explique Armin Camenzind, directeur de LuzernPlus.<\/p>","protected":false},"excerpt":{"rendered":"<p>Ueli Freyenmuth, manager r\u00e9gional pour LuzernNord depuis 2013, quittera LuzernPlus \u00e0 la fin du mois de juin de cette ann\u00e9e. Il prendra sa retraite. LuzernPlus cherche entre-temps un successeur.<\/p>","protected":false},"author":3,"featured_media":11163,"comment_status":"closed","ping_status":"closed","sticky":false,"template":"","format":"standard","meta":{"_acf_changed":false,"_yoast_wpseo_focuskw":"LuzernPlus","_yoast_wpseo_title":"","_yoast_wpseo_metadesc":"Ueli Freyenmuth, seit 2013 Gebietsmanager f\u00fcr LuzernNord, verl\u00e4sst LuzernPlus per Ende Juni dieses Jahres. Er wird pensioniert. LuzernPlus sucht derweil einen Nachfolger f\u00fcr Freyenmuth.","_yoast_wpseo_linkdex":46,"pgc_sgb_lightbox_settings":"","footnotes":""},"categories":[985],"tags":[1459,1563,1629,1726],"class_list":["post-11162","post","type-post","status-publish","format-standard","has-post-thumbnail","hentry","category-regionen","tag-luzern","tag-personalia","tag-regionen","tag-stadtplanung"],"acf":[],"yoast_head":"<!-- This site is optimized with the Yoast SEO plugin v27.4 - https:\/\/yoast.com\/product\/yoast-seo-wordpress\/ -->\n<title>LuzernPlus: Gebietsmanager Freyenmuth h\u00f6rt auf - IMMOBILIEN Business<\/title>\n<meta name=\"description\" content=\"Ueli Freyenmuth, seit 2013 Gebietsmanager f\u00fcr LuzernNord, verl\u00e4sst LuzernPlus per Ende Juni dieses Jahres. Er wird pensioniert. LuzernPlus sucht derweil einen Nachfolger f\u00fcr Freyenmuth.\" \/>\n<meta name=\"robots\" content=\"index, follow, max-snippet:-1, max-image-preview:large, max-video-preview:-1\" \/>\n<link rel=\"canonical\" href=\"https:\/\/www.immobilienbusiness.ch\/fr\/regionen\/2018-01-31\/luzernplus-gebietsmanager-freyenmuth-hoert-auf\/\" \/>\n<meta property=\"og:locale\" content=\"fr_FR\" \/>\n<meta property=\"og:type\" content=\"article\" \/>\n<meta property=\"og:title\" content=\"LuzernPlus: Gebietsmanager Freyenmuth h\u00f6rt auf\" \/>\n<meta property=\"og:description\" content=\"Ueli Freyenmuth, seit 2013 Gebietsmanager f\u00fcr LuzernNord, verl\u00e4sst LuzernPlus per Ende Juni dieses Jahres. Er wird pensioniert. LuzernPlus sucht derweil einen Nachfolger f\u00fcr Freyenmuth.\" \/>\n<meta property=\"og:url\" content=\"https:\/\/www.immobilienbusiness.ch\/fr\/regionen\/2018-01-31\/luzernplus-gebietsmanager-freyenmuth-hoert-auf\/\" \/>\n<meta property=\"og:site_name\" content=\"IMMOBILIEN Business\" \/>\n<meta property=\"article:publisher\" content=\"https:\/\/www.facebook.com\/immobilienbusiness\/\" \/>\n<meta property=\"article:published_time\" content=\"2018-01-31T07:33:22+00:00\" \/>\n<meta property=\"article:modified_time\" content=\"2023-08-11T18:49:43+00:00\" \/>\n<meta property=\"og:image\" content=\"https:\/\/www.immobilienbusiness.ch\/wp-content\/uploads\/2018\/01\/Ueli_Freyenmuth_Gebietsmanager_LuzernNord.jpg\" \/>\n\t<meta property=\"og:image:width\" content=\"875\" \/>\n\t<meta property=\"og:image:height\" content=\"876\" \/>\n\t<meta property=\"og:image:type\" content=\"image\/jpeg\" \/>\n<meta name=\"author\" content=\"anja.hall\" \/>\n<meta name=\"twitter:card\" content=\"summary_large_image\" \/>\n<meta name=\"twitter:title\" content=\"LuzernPlus: Gebietsmanager Freyenmuth h\u00f6rt auf\" \/>\n<meta name=\"twitter:description\" content=\"Ueli Freyenmuth, seit 2013 Gebietsmanager f\u00fcr LuzernNord, verl\u00e4sst LuzernPlus per Ende Juni dieses Jahres. Er wird pensioniert. LuzernPlus sucht derweil einen Nachfolger f\u00fcr Freyenmuth.\" \/>\n<meta name=\"twitter:image\" content=\"https:\/\/www.immobilienbusiness.ch\/wp-content\/uploads\/2018\/01\/Ueli_Freyenmuth_Gebietsmanager_LuzernNord.jpg\" \/>\n<script type=\"application\/ld+json\" class=\"yoast-schema-graph\">{\"@context\":\"https:\\\/\\\/schema.org\",\"@graph\":[{\"@type\":\"Article\",\"@id\":\"https:\\\/\\\/www.immobilienbusiness.ch\\\/it\\\/regionen\\\/2018-01-31\\\/luzernplus-gebietsmanager-freyenmuth-hoert-auf\\\/#article\",\"isPartOf\":{\"@id\":\"https:\\\/\\\/www.immobilienbusiness.ch\\\/it\\\/regionen\\\/2018-01-31\\\/luzernplus-gebietsmanager-freyenmuth-hoert-auf\\\/\"},\"author\":{\"name\":\"anja.hall\",\"@id\":\"https:\\\/\\\/www.immobilienbusiness.ch\\\/#\\\/schema\\\/person\\\/3fc036297b10b9f42d6db5ee932af8c8\"},\"headline\":\"LuzernPlus: Gebietsmanager Freyenmuth h\u00f6rt auf\",\"datePublished\":\"2018-01-31T07:33:22+00:00\",\"dateModified\":\"2023-08-11T18:49:43+00:00\",\"mainEntityOfPage\":{\"@id\":\"https:\\\/\\\/www.immobilienbusiness.ch\\\/it\\\/regionen\\\/2018-01-31\\\/luzernplus-gebietsmanager-freyenmuth-hoert-auf\\\/\"},\"wordCount\":168,\"publisher\":{\"@id\":\"https:\\\/\\\/www.immobilienbusiness.ch\\\/#organization\"},\"image\":{\"@id\":\"https:\\\/\\\/www.immobilienbusiness.ch\\\/it\\\/regionen\\\/2018-01-31\\\/luzernplus-gebietsmanager-freyenmuth-hoert-auf\\\/#primaryimage\"},\"thumbnailUrl\":\"https:\\\/\\\/www.immobilienbusiness.ch\\\/wp-content\\\/uploads\\\/2018\\\/01\\\/Ueli_Freyenmuth_Gebietsmanager_LuzernNord.jpg\",\"keywords\":[\"Luzern\",\"Personalia\",\"Regionen\",\"Stadtplanung\"],\"articleSection\":[\"REGIONEN\"],\"inLanguage\":\"fr-FR\"},{\"@type\":\"WebPage\",\"@id\":\"https:\\\/\\\/www.immobilienbusiness.ch\\\/it\\\/regionen\\\/2018-01-31\\\/luzernplus-gebietsmanager-freyenmuth-hoert-auf\\\/\",\"url\":\"https:\\\/\\\/www.immobilienbusiness.ch\\\/it\\\/regionen\\\/2018-01-31\\\/luzernplus-gebietsmanager-freyenmuth-hoert-auf\\\/\",\"name\":\"LuzernPlus: Gebietsmanager Freyenmuth h\u00f6rt auf - IMMOBILIEN Business\",\"isPartOf\":{\"@id\":\"https:\\\/\\\/www.immobilienbusiness.ch\\\/#website\"},\"primaryImageOfPage\":{\"@id\":\"https:\\\/\\\/www.immobilienbusiness.ch\\\/it\\\/regionen\\\/2018-01-31\\\/luzernplus-gebietsmanager-freyenmuth-hoert-auf\\\/#primaryimage\"},\"image\":{\"@id\":\"https:\\\/\\\/www.immobilienbusiness.ch\\\/it\\\/regionen\\\/2018-01-31\\\/luzernplus-gebietsmanager-freyenmuth-hoert-auf\\\/#primaryimage\"},\"thumbnailUrl\":\"https:\\\/\\\/www.immobilienbusiness.ch\\\/wp-content\\\/uploads\\\/2018\\\/01\\\/Ueli_Freyenmuth_Gebietsmanager_LuzernNord.jpg\",\"datePublished\":\"2018-01-31T07:33:22+00:00\",\"dateModified\":\"2023-08-11T18:49:43+00:00\",\"description\":\"Ueli Freyenmuth, seit 2013 Gebietsmanager f\u00fcr LuzernNord, verl\u00e4sst LuzernPlus per Ende Juni dieses Jahres. Er wird pensioniert. LuzernPlus sucht derweil einen Nachfolger f\u00fcr Freyenmuth.\",\"breadcrumb\":{\"@id\":\"https:\\\/\\\/www.immobilienbusiness.ch\\\/it\\\/regionen\\\/2018-01-31\\\/luzernplus-gebietsmanager-freyenmuth-hoert-auf\\\/#breadcrumb\"},\"inLanguage\":\"fr-FR\",\"potentialAction\":[{\"@type\":\"ReadAction\",\"target\":[\"https:\\\/\\\/www.immobilienbusiness.ch\\\/it\\\/regionen\\\/2018-01-31\\\/luzernplus-gebietsmanager-freyenmuth-hoert-auf\\\/\"]}]},{\"@type\":\"ImageObject\",\"inLanguage\":\"fr-FR\",\"@id\":\"https:\\\/\\\/www.immobilienbusiness.ch\\\/it\\\/regionen\\\/2018-01-31\\\/luzernplus-gebietsmanager-freyenmuth-hoert-auf\\\/#primaryimage\",\"url\":\"https:\\\/\\\/www.immobilienbusiness.ch\\\/wp-content\\\/uploads\\\/2018\\\/01\\\/Ueli_Freyenmuth_Gebietsmanager_LuzernNord.jpg\",\"contentUrl\":\"https:\\\/\\\/www.immobilienbusiness.ch\\\/wp-content\\\/uploads\\\/2018\\\/01\\\/Ueli_Freyenmuth_Gebietsmanager_LuzernNord.jpg\",\"width\":875,\"height\":876,\"caption\":\"Ueli Freyenmuth, Gebietsmanager von LuzernNord (Quelle: LuzernPlus)\"},{\"@type\":\"BreadcrumbList\",\"@id\":\"https:\\\/\\\/www.immobilienbusiness.ch\\\/it\\\/regionen\\\/2018-01-31\\\/luzernplus-gebietsmanager-freyenmuth-hoert-auf\\\/#breadcrumb\",\"itemListElement\":[{\"@type\":\"ListItem\",\"position\":1,\"name\":\"Home\",\"item\":\"https:\\\/\\\/www.immobilienbusiness.ch\\\/\"},{\"@type\":\"ListItem\",\"position\":2,\"name\":\"LuzernPlus: Gebietsmanager Freyenmuth h\u00f6rt auf\"}]},{\"@type\":\"WebSite\",\"@id\":\"https:\\\/\\\/www.immobilienbusiness.ch\\\/#website\",\"url\":\"https:\\\/\\\/www.immobilienbusiness.ch\\\/\",\"name\":\"IMMOBILIEN Business\",\"description\":\"Unabh\u00e4ngiges Schweizer Wirtschaftsmagazin mit Fokus auf Immobilien, Architektur- und Bau sowie Investment- und Finanzierung.\",\"publisher\":{\"@id\":\"https:\\\/\\\/www.immobilienbusiness.ch\\\/#organization\"},\"potentialAction\":[{\"@type\":\"SearchAction\",\"target\":{\"@type\":\"EntryPoint\",\"urlTemplate\":\"https:\\\/\\\/www.immobilienbusiness.ch\\\/?s={search_term_string}\"},\"query-input\":{\"@type\":\"PropertyValueSpecification\",\"valueRequired\":true,\"valueName\":\"search_term_string\"}}],\"inLanguage\":\"fr-FR\"},{\"@type\":\"Organization\",\"@id\":\"https:\\\/\\\/www.immobilienbusiness.ch\\\/#organization\",\"name\":\"IMMOBILIEN Business\",\"url\":\"https:\\\/\\\/www.immobilienbusiness.ch\\\/\",\"logo\":{\"@type\":\"ImageObject\",\"inLanguage\":\"fr-FR\",\"@id\":\"https:\\\/\\\/www.immobilienbusiness.ch\\\/#\\\/schema\\\/logo\\\/image\\\/\",\"url\":\"https:\\\/\\\/www.immobilienbusiness.ch\\\/wp-content\\\/uploads\\\/2021\\\/07\\\/logo_ib.png\",\"contentUrl\":\"https:\\\/\\\/www.immobilienbusiness.ch\\\/wp-content\\\/uploads\\\/2021\\\/07\\\/logo_ib.png\",\"width\":800,\"height\":181,\"caption\":\"IMMOBILIEN Business\"},\"image\":{\"@id\":\"https:\\\/\\\/www.immobilienbusiness.ch\\\/#\\\/schema\\\/logo\\\/image\\\/\"},\"sameAs\":[\"https:\\\/\\\/www.facebook.com\\\/immobilienbusiness\\\/\"]},{\"@type\":\"Person\",\"@id\":\"https:\\\/\\\/www.immobilienbusiness.ch\\\/#\\\/schema\\\/person\\\/3fc036297b10b9f42d6db5ee932af8c8\",\"name\":\"anja.hall\",\"image\":{\"@type\":\"ImageObject\",\"inLanguage\":\"fr-FR\",\"@id\":\"https:\\\/\\\/secure.gravatar.com\\\/avatar\\\/066b5a0d447013502c71a5782f4f3469f03cfe595cc2329fb94652fe47511bfb?s=96&d=mm&r=g\",\"url\":\"https:\\\/\\\/secure.gravatar.com\\\/avatar\\\/066b5a0d447013502c71a5782f4f3469f03cfe595cc2329fb94652fe47511bfb?s=96&d=mm&r=g\",\"contentUrl\":\"https:\\\/\\\/secure.gravatar.com\\\/avatar\\\/066b5a0d447013502c71a5782f4f3469f03cfe595cc2329fb94652fe47511bfb?s=96&d=mm&r=g\",\"caption\":\"anja.hall\"},\"url\":\"https:\\\/\\\/www.immobilienbusiness.ch\\\/fr\\\/author\\\/anja-hall\\\/\"}]}<\/script>\n<!-- \/ Yoast SEO plugin. -->","yoast_head_json":{"title":"LuzernPlus: Gebietsmanager Freyenmuth h\u00f6rt auf - IMMOBILIEN Business","description":"Ueli Freyenmuth, seit 2013 Gebietsmanager f\u00fcr LuzernNord, verl\u00e4sst LuzernPlus per Ende Juni dieses Jahres. Er wird pensioniert. LuzernPlus sucht derweil einen Nachfolger f\u00fcr Freyenmuth.","robots":{"index":"index","follow":"follow","max-snippet":"max-snippet:-1","max-image-preview":"max-image-preview:large","max-video-preview":"max-video-preview:-1"},"canonical":"https:\/\/www.immobilienbusiness.ch\/fr\/regionen\/2018-01-31\/luzernplus-gebietsmanager-freyenmuth-hoert-auf\/","og_locale":"fr_FR","og_type":"article","og_title":"LuzernPlus: Gebietsmanager Freyenmuth h\u00f6rt auf","og_description":"Ueli Freyenmuth, seit 2013 Gebietsmanager f\u00fcr LuzernNord, verl\u00e4sst LuzernPlus per Ende Juni dieses Jahres. Er wird pensioniert. LuzernPlus sucht derweil einen Nachfolger f\u00fcr Freyenmuth.","og_url":"https:\/\/www.immobilienbusiness.ch\/fr\/regionen\/2018-01-31\/luzernplus-gebietsmanager-freyenmuth-hoert-auf\/","og_site_name":"IMMOBILIEN Business","article_publisher":"https:\/\/www.facebook.com\/immobilienbusiness\/","article_published_time":"2018-01-31T07:33:22+00:00","article_modified_time":"2023-08-11T18:49:43+00:00","og_image":[{"width":875,"height":876,"url":"https:\/\/www.immobilienbusiness.ch\/wp-content\/uploads\/2018\/01\/Ueli_Freyenmuth_Gebietsmanager_LuzernNord.jpg","type":"image\/jpeg"}],"author":"anja.hall","twitter_card":"summary_large_image","twitter_title":"LuzernPlus: Gebietsmanager Freyenmuth h\u00f6rt auf","twitter_description":"Ueli Freyenmuth, seit 2013 Gebietsmanager f\u00fcr LuzernNord, verl\u00e4sst LuzernPlus per Ende Juni dieses Jahres. Er wird pensioniert. LuzernPlus sucht derweil einen Nachfolger f\u00fcr Freyenmuth.","twitter_image":"https:\/\/www.immobilienbusiness.ch\/wp-content\/uploads\/2018\/01\/Ueli_Freyenmuth_Gebietsmanager_LuzernNord.jpg","schema":{"@context":"https:\/\/schema.org","@graph":[{"@type":"Article","@id":"https:\/\/www.immobilienbusiness.ch\/it\/regionen\/2018-01-31\/luzernplus-gebietsmanager-freyenmuth-hoert-auf\/#article","isPartOf":{"@id":"https:\/\/www.immobilienbusiness.ch\/it\/regionen\/2018-01-31\/luzernplus-gebietsmanager-freyenmuth-hoert-auf\/"},"author":{"name":"anja.hall","@id":"https:\/\/www.immobilienbusiness.ch\/#\/schema\/person\/3fc036297b10b9f42d6db5ee932af8c8"},"headline":"LuzernPlus: Gebietsmanager Freyenmuth h\u00f6rt auf","datePublished":"2018-01-31T07:33:22+00:00","dateModified":"2023-08-11T18:49:43+00:00","mainEntityOfPage":{"@id":"https:\/\/www.immobilienbusiness.ch\/it\/regionen\/2018-01-31\/luzernplus-gebietsmanager-freyenmuth-hoert-auf\/"},"wordCount":168,"publisher":{"@id":"https:\/\/www.immobilienbusiness.ch\/#organization"},"image":{"@id":"https:\/\/www.immobilienbusiness.ch\/it\/regionen\/2018-01-31\/luzernplus-gebietsmanager-freyenmuth-hoert-auf\/#primaryimage"},"thumbnailUrl":"https:\/\/www.immobilienbusiness.ch\/wp-content\/uploads\/2018\/01\/Ueli_Freyenmuth_Gebietsmanager_LuzernNord.jpg","keywords":["Luzern","Personalia","Regionen","Stadtplanung"],"articleSection":["REGIONEN"],"inLanguage":"fr-FR"},{"@type":"WebPage","@id":"https:\/\/www.immobilienbusiness.ch\/it\/regionen\/2018-01-31\/luzernplus-gebietsmanager-freyenmuth-hoert-auf\/","url":"https:\/\/www.immobilienbusiness.ch\/it\/regionen\/2018-01-31\/luzernplus-gebietsmanager-freyenmuth-hoert-auf\/","name":"LuzernPlus: Gebietsmanager Freyenmuth h\u00f6rt auf - IMMOBILIEN Business","isPartOf":{"@id":"https:\/\/www.immobilienbusiness.ch\/#website"},"primaryImageOfPage":{"@id":"https:\/\/www.immobilienbusiness.ch\/it\/regionen\/2018-01-31\/luzernplus-gebietsmanager-freyenmuth-hoert-auf\/#primaryimage"},"image":{"@id":"https:\/\/www.immobilienbusiness.ch\/it\/regionen\/2018-01-31\/luzernplus-gebietsmanager-freyenmuth-hoert-auf\/#primaryimage"},"thumbnailUrl":"https:\/\/www.immobilienbusiness.ch\/wp-content\/uploads\/2018\/01\/Ueli_Freyenmuth_Gebietsmanager_LuzernNord.jpg","datePublished":"2018-01-31T07:33:22+00:00","dateModified":"2023-08-11T18:49:43+00:00","description":"Ueli Freyenmuth, seit 2013 Gebietsmanager f\u00fcr LuzernNord, verl\u00e4sst LuzernPlus per Ende Juni dieses Jahres. Er wird pensioniert. LuzernPlus sucht derweil einen Nachfolger f\u00fcr Freyenmuth.","breadcrumb":{"@id":"https:\/\/www.immobilienbusiness.ch\/it\/regionen\/2018-01-31\/luzernplus-gebietsmanager-freyenmuth-hoert-auf\/#breadcrumb"},"inLanguage":"fr-FR","potentialAction":[{"@type":"ReadAction","target":["https:\/\/www.immobilienbusiness.ch\/it\/regionen\/2018-01-31\/luzernplus-gebietsmanager-freyenmuth-hoert-auf\/"]}]},{"@type":"ImageObject","inLanguage":"fr-FR","@id":"https:\/\/www.immobilienbusiness.ch\/it\/regionen\/2018-01-31\/luzernplus-gebietsmanager-freyenmuth-hoert-auf\/#primaryimage","url":"https:\/\/www.immobilienbusiness.ch\/wp-content\/uploads\/2018\/01\/Ueli_Freyenmuth_Gebietsmanager_LuzernNord.jpg","contentUrl":"https:\/\/www.immobilienbusiness.ch\/wp-content\/uploads\/2018\/01\/Ueli_Freyenmuth_Gebietsmanager_LuzernNord.jpg","width":875,"height":876,"caption":"Ueli Freyenmuth, Gebietsmanager von LuzernNord (Quelle: LuzernPlus)"},{"@type":"BreadcrumbList","@id":"https:\/\/www.immobilienbusiness.ch\/it\/regionen\/2018-01-31\/luzernplus-gebietsmanager-freyenmuth-hoert-auf\/#breadcrumb","itemListElement":[{"@type":"ListItem","position":1,"name":"Home","item":"https:\/\/www.immobilienbusiness.ch\/"},{"@type":"ListItem","position":2,"name":"LuzernPlus: Gebietsmanager Freyenmuth h\u00f6rt auf"}]},{"@type":"WebSite","@id":"https:\/\/www.immobilienbusiness.ch\/#website","url":"https:\/\/www.immobilienbusiness.ch\/","name":"IMMOBILIER Business","description":"Magazine \u00e9conomique suisse ind\u00e9pendant ax\u00e9 sur l'immobilier, l'architecture et la construction ainsi que sur les investissements et le financement.","publisher":{"@id":"https:\/\/www.immobilienbusiness.ch\/#organization"},"potentialAction":[{"@type":"SearchAction","target":{"@type":"EntryPoint","urlTemplate":"https:\/\/www.immobilienbusiness.ch\/?s={search_term_string}"},"query-input":{"@type":"PropertyValueSpecification","valueRequired":true,"valueName":"search_term_string"}}],"inLanguage":"fr-FR"},{"@type":"Organization","@id":"https:\/\/www.immobilienbusiness.ch\/#organization","name":"IMMOBILIER Business","url":"https:\/\/www.immobilienbusiness.ch\/","logo":{"@type":"ImageObject","inLanguage":"fr-FR","@id":"https:\/\/www.immobilienbusiness.ch\/#\/schema\/logo\/image\/","url":"https:\/\/www.immobilienbusiness.ch\/wp-content\/uploads\/2021\/07\/logo_ib.png","contentUrl":"https:\/\/www.immobilienbusiness.ch\/wp-content\/uploads\/2021\/07\/logo_ib.png","width":800,"height":181,"caption":"IMMOBILIEN Business"},"image":{"@id":"https:\/\/www.immobilienbusiness.ch\/#\/schema\/logo\/image\/"},"sameAs":["https:\/\/www.facebook.com\/immobilienbusiness\/"]},{"@type":"Person","@id":"https:\/\/www.immobilienbusiness.ch\/#\/schema\/person\/3fc036297b10b9f42d6db5ee932af8c8","name":"anja.hall","image":{"@type":"ImageObject","inLanguage":"fr-FR","@id":"https:\/\/secure.gravatar.com\/avatar\/066b5a0d447013502c71a5782f4f3469f03cfe595cc2329fb94652fe47511bfb?s=96&d=mm&r=g","url":"https:\/\/secure.gravatar.com\/avatar\/066b5a0d447013502c71a5782f4f3469f03cfe595cc2329fb94652fe47511bfb?s=96&d=mm&r=g","contentUrl":"https:\/\/secure.gravatar.com\/avatar\/066b5a0d447013502c71a5782f4f3469f03cfe595cc2329fb94652fe47511bfb?s=96&d=mm&r=g","caption":"anja.hall"},"url":"https:\/\/www.immobilienbusiness.ch\/fr\/author\/anja-hall\/"}]}},"_links":{"self":[{"href":"https:\/\/www.immobilienbusiness.ch\/fr\/wp-json\/wp\/v2\/posts\/11162","targetHints":{"allow":["GET"]}}],"collection":[{"href":"https:\/\/www.immobilienbusiness.ch\/fr\/wp-json\/wp\/v2\/posts"}],"about":[{"href":"https:\/\/www.immobilienbusiness.ch\/fr\/wp-json\/wp\/v2\/types\/post"}],"author":[{"embeddable":true,"href":"https:\/\/www.immobilienbusiness.ch\/fr\/wp-json\/wp\/v2\/users\/3"}],"replies":[{"embeddable":true,"href":"https:\/\/www.immobilienbusiness.ch\/fr\/wp-json\/wp\/v2\/comments?post=11162"}],"version-history":[{"count":1,"href":"https:\/\/www.immobilienbusiness.ch\/fr\/wp-json\/wp\/v2\/posts\/11162\/revisions"}],"predecessor-version":[{"id":52085,"href":"https:\/\/www.immobilienbusiness.ch\/fr\/wp-json\/wp\/v2\/posts\/11162\/revisions\/52085"}],"wp:featuredmedia":[{"embeddable":true,"href":"https:\/\/www.immobilienbusiness.ch\/fr\/wp-json\/wp\/v2\/media\/11163"}],"wp:attachment":[{"href":"https:\/\/www.immobilienbusiness.ch\/fr\/wp-json\/wp\/v2\/media?parent=11162"}],"wp:term":[{"taxonomy":"category","embeddable":true,"href":"https:\/\/www.immobilienbusiness.ch\/fr\/wp-json\/wp\/v2\/categories?post=11162"},{"taxonomy":"post_tag","embeddable":true,"href":"https:\/\/www.immobilienbusiness.ch\/fr\/wp-json\/wp\/v2\/tags?post=11162"}],"curies":[{"name":"wp","href":"https:\/\/api.w.org\/{rel}","templated":true}]}}