{"id":11140,"date":"2018-01-30T09:07:39","date_gmt":"2018-01-30T08:07:39","guid":{"rendered":"https:\/\/www.immobilienbusiness.ch\/?p=11140"},"modified":"2018-01-30T09:07:39","modified_gmt":"2018-01-30T08:07:39","slug":"marti-fusion-generalunternehmung-renovation","status":"publish","type":"post","link":"https:\/\/www.immobilienbusiness.ch\/fr\/unternehmen\/2018-01-30\/marti-fusion-generalunternehmung-renovation\/","title":{"rendered":"Marti : fusion de l'entreprise g\u00e9n\u00e9rale et de la r\u00e9novation"},"content":{"rendered":"<figure id=\"attachment_9343\" aria-describedby=\"caption-attachment-9343\" style=\"width: 680px\" class=\"wp-caption alignnone\"><img loading=\"lazy\" decoding=\"async\" class=\"size-medium wp-image-9343\" src=\"https:\/\/www.immobilienbusiness.ch\/wp-content\/uploads\/2017\/09\/IB-News-20170927-Procimmo-Fonds-Dividende-Managerwechsel_Gajus-Images-\u2013-depositphotos.jpg\" alt=\"\" width=\"680\" height=\"449\" srcset=\"https:\/\/www.immobilienbusiness.ch\/wp-content\/uploads\/2017\/09\/IB-News-20170927-Procimmo-Fonds-Dividende-Managerwechsel_Gajus-Images-\u2013-depositphotos.jpg 680w, https:\/\/www.immobilienbusiness.ch\/wp-content\/uploads\/2017\/09\/IB-News-20170927-Procimmo-Fonds-Dividende-Managerwechsel_Gajus-Images-\u2013-depositphotos-300x198.jpg 300w, https:\/\/www.immobilienbusiness.ch\/wp-content\/uploads\/2017\/09\/IB-News-20170927-Procimmo-Fonds-Dividende-Managerwechsel_Gajus-Images-\u2013-depositphotos-16x12.jpg 16w, https:\/\/www.immobilienbusiness.ch\/wp-content\/uploads\/2017\/09\/IB-News-20170927-Procimmo-Fonds-Dividende-Managerwechsel_Gajus-Images-\u2013-depositphotos-265x175.jpg 265w, https:\/\/www.immobilienbusiness.ch\/wp-content\/uploads\/2017\/09\/IB-News-20170927-Procimmo-Fonds-Dividende-Managerwechsel_Gajus-Images-\u2013-depositphotos-530x350.jpg 530w\" sizes=\"auto, (max-width: 680px) 100vw, 680px\" \/><figcaption id=\"caption-attachment-9343\" class=\"wp-caption-text\">Marti Entreprises g\u00e9n\u00e9rales et Marti R\u00e9novations fusionnent pour former Marti Prestations globales (photo : Gajus-Images-depositphotos)<\/figcaption><\/figure>\n<p>La nouvelle soci\u00e9t\u00e9 Marti Gesamtleistungen AG est l'une des quelque 80 filiales du groupe de construction international Marti. Elle est active dans toute la Suisse dans les domaines de l'entreprise totale et g\u00e9n\u00e9rale, du d\u00e9veloppement de projets et de sites, ainsi que du d\u00e9veloppement de l'existant et de la r\u00e9novation.<\/p>\n<p>L'entreprise propose \u00e9galement des analyses immobili\u00e8res, des services de promotion\/marketing et de gestion immobili\u00e8re.<\/p>\n<p>Le si\u00e8ge principal des prestations globales Marti est \u00e0 Berne, il existe des succursales \u00e0 Zurich et Lucerne.<\/p>","protected":false},"excerpt":{"rendered":"<p>L'entreprise g\u00e9n\u00e9rale Marti et Marti R\u00e9novations fusionnent au 1er f\u00e9vrier 2018 et se pr\u00e9senteront \u00e0 l'avenir sur le march\u00e9 sous le nom de Marti Prestations globales.<\/p>","protected":false},"author":3,"featured_media":9343,"comment_status":"open","ping_status":"open","sticky":false,"template":"","format":"standard","meta":{"_acf_changed":false,"_yoast_wpseo_focuskw":"Marti","_yoast_wpseo_title":"","_yoast_wpseo_metadesc":"Die Marti Generalunternehmung AG und die Marti Renovationen AG fusionieren zum 1. Februar 2018 und treten k\u00fcnftig als Marti Gesamtleistungen AG am Markt auf.","_yoast_wpseo_linkdex":53,"pgc_sgb_lightbox_settings":"","footnotes":""},"categories":[988],"tags":[1082,1807],"class_list":["post-11140","post","type-post","status-publish","format-standard","has-post-thumbnail","hentry","category-unternehmen","tag-bauwirtschaft","tag-unternehmen"],"acf":[],"yoast_head":"<!-- This site is optimized with the Yoast SEO plugin v27.5 - https:\/\/yoast.com\/product\/yoast-seo-wordpress\/ -->\n<title>Marti: Zusammenschluss von Generalunternehmung und Renovation - IMMOBILIEN Business<\/title>\n<meta name=\"description\" content=\"Die Marti Generalunternehmung AG und die Marti Renovationen AG fusionieren zum 1. Februar 2018 und treten k\u00fcnftig als Marti Gesamtleistungen AG am Markt auf.\" \/>\n<meta name=\"robots\" content=\"index, follow, max-snippet:-1, max-image-preview:large, max-video-preview:-1\" \/>\n<link rel=\"canonical\" href=\"https:\/\/www.immobilienbusiness.ch\/fr\/unternehmen\/2018-01-30\/marti-fusion-generalunternehmung-renovation\/\" \/>\n<meta property=\"og:locale\" content=\"fr_FR\" \/>\n<meta property=\"og:type\" content=\"article\" \/>\n<meta property=\"og:title\" content=\"Marti: Zusammenschluss von Generalunternehmung und Renovation\" \/>\n<meta property=\"og:description\" content=\"Die Marti Generalunternehmung AG und die Marti Renovationen AG fusionieren zum 1. Februar 2018 und treten k\u00fcnftig als Marti Gesamtleistungen AG am Markt auf.\" \/>\n<meta property=\"og:url\" content=\"https:\/\/www.immobilienbusiness.ch\/fr\/unternehmen\/2018-01-30\/marti-fusion-generalunternehmung-renovation\/\" \/>\n<meta property=\"og:site_name\" content=\"IMMOBILIEN Business\" \/>\n<meta property=\"article:publisher\" content=\"https:\/\/www.facebook.com\/immobilienbusiness\/\" \/>\n<meta property=\"article:published_time\" content=\"2018-01-30T08:07:39+00:00\" \/>\n<meta property=\"og:image\" content=\"https:\/\/www.immobilienbusiness.ch\/wp-content\/uploads\/2017\/09\/IB-News-20170927-Procimmo-Fonds-Dividende-Managerwechsel_Gajus-Images-\u2013-depositphotos.jpg\" \/>\n\t<meta property=\"og:image:width\" content=\"680\" \/>\n\t<meta property=\"og:image:height\" content=\"449\" \/>\n\t<meta property=\"og:image:type\" content=\"image\/jpeg\" \/>\n<meta name=\"author\" content=\"anja.hall\" \/>\n<meta name=\"twitter:card\" content=\"summary_large_image\" \/>\n<meta name=\"twitter:title\" content=\"Marti: Zusammenschluss von Generalunternehmung und Renovation\" \/>\n<meta name=\"twitter:description\" content=\"Die Marti Generalunternehmung AG und die Marti Renovationen AG fusionieren zum 1. Februar 2018 und treten k\u00fcnftig als Marti Gesamtleistungen AG am Markt auf.\" \/>\n<meta name=\"twitter:image\" content=\"https:\/\/www.immobilienbusiness.ch\/wp-content\/uploads\/2017\/09\/IB-News-20170927-Procimmo-Fonds-Dividende-Managerwechsel_Gajus-Images-\u2013-depositphotos.jpg\" \/>\n<script type=\"application\/ld+json\" class=\"yoast-schema-graph\">{\"@context\":\"https:\\\/\\\/schema.org\",\"@graph\":[{\"@type\":\"Article\",\"@id\":\"https:\\\/\\\/www.immobilienbusiness.ch\\\/unternehmen\\\/2018-01-30\\\/marti-fusion-generalunternehmung-renovation\\\/#article\",\"isPartOf\":{\"@id\":\"https:\\\/\\\/www.immobilienbusiness.ch\\\/unternehmen\\\/2018-01-30\\\/marti-fusion-generalunternehmung-renovation\\\/\"},\"author\":{\"name\":\"anja.hall\",\"@id\":\"https:\\\/\\\/www.immobilienbusiness.ch\\\/#\\\/schema\\\/person\\\/3fc036297b10b9f42d6db5ee932af8c8\"},\"headline\":\"Marti: Zusammenschluss von Generalunternehmung und Renovation\",\"datePublished\":\"2018-01-30T08:07:39+00:00\",\"mainEntityOfPage\":{\"@id\":\"https:\\\/\\\/www.immobilienbusiness.ch\\\/unternehmen\\\/2018-01-30\\\/marti-fusion-generalunternehmung-renovation\\\/\"},\"wordCount\":81,\"commentCount\":0,\"publisher\":{\"@id\":\"https:\\\/\\\/www.immobilienbusiness.ch\\\/#organization\"},\"image\":{\"@id\":\"https:\\\/\\\/www.immobilienbusiness.ch\\\/unternehmen\\\/2018-01-30\\\/marti-fusion-generalunternehmung-renovation\\\/#primaryimage\"},\"thumbnailUrl\":\"https:\\\/\\\/www.immobilienbusiness.ch\\\/wp-content\\\/uploads\\\/2017\\\/09\\\/IB-News-20170927-Procimmo-Fonds-Dividende-Managerwechsel_Gajus-Images-\u2013-depositphotos.jpg\",\"keywords\":[\"Bauwirtschaft\",\"Unternehmen\"],\"articleSection\":[\"UNTERNEHMEN\"],\"inLanguage\":\"fr-FR\"},{\"@type\":\"WebPage\",\"@id\":\"https:\\\/\\\/www.immobilienbusiness.ch\\\/unternehmen\\\/2018-01-30\\\/marti-fusion-generalunternehmung-renovation\\\/\",\"url\":\"https:\\\/\\\/www.immobilienbusiness.ch\\\/unternehmen\\\/2018-01-30\\\/marti-fusion-generalunternehmung-renovation\\\/\",\"name\":\"Marti: Zusammenschluss von Generalunternehmung und Renovation - IMMOBILIEN Business\",\"isPartOf\":{\"@id\":\"https:\\\/\\\/www.immobilienbusiness.ch\\\/#website\"},\"primaryImageOfPage\":{\"@id\":\"https:\\\/\\\/www.immobilienbusiness.ch\\\/unternehmen\\\/2018-01-30\\\/marti-fusion-generalunternehmung-renovation\\\/#primaryimage\"},\"image\":{\"@id\":\"https:\\\/\\\/www.immobilienbusiness.ch\\\/unternehmen\\\/2018-01-30\\\/marti-fusion-generalunternehmung-renovation\\\/#primaryimage\"},\"thumbnailUrl\":\"https:\\\/\\\/www.immobilienbusiness.ch\\\/wp-content\\\/uploads\\\/2017\\\/09\\\/IB-News-20170927-Procimmo-Fonds-Dividende-Managerwechsel_Gajus-Images-\u2013-depositphotos.jpg\",\"datePublished\":\"2018-01-30T08:07:39+00:00\",\"description\":\"Die Marti Generalunternehmung AG und die Marti Renovationen AG fusionieren zum 1. Februar 2018 und treten k\u00fcnftig als Marti Gesamtleistungen AG am Markt auf.\",\"breadcrumb\":{\"@id\":\"https:\\\/\\\/www.immobilienbusiness.ch\\\/unternehmen\\\/2018-01-30\\\/marti-fusion-generalunternehmung-renovation\\\/#breadcrumb\"},\"inLanguage\":\"fr-FR\",\"potentialAction\":[{\"@type\":\"ReadAction\",\"target\":[\"https:\\\/\\\/www.immobilienbusiness.ch\\\/unternehmen\\\/2018-01-30\\\/marti-fusion-generalunternehmung-renovation\\\/\"]}]},{\"@type\":\"ImageObject\",\"inLanguage\":\"fr-FR\",\"@id\":\"https:\\\/\\\/www.immobilienbusiness.ch\\\/unternehmen\\\/2018-01-30\\\/marti-fusion-generalunternehmung-renovation\\\/#primaryimage\",\"url\":\"https:\\\/\\\/www.immobilienbusiness.ch\\\/wp-content\\\/uploads\\\/2017\\\/09\\\/IB-News-20170927-Procimmo-Fonds-Dividende-Managerwechsel_Gajus-Images-\u2013-depositphotos.jpg\",\"contentUrl\":\"https:\\\/\\\/www.immobilienbusiness.ch\\\/wp-content\\\/uploads\\\/2017\\\/09\\\/IB-News-20170927-Procimmo-Fonds-Dividende-Managerwechsel_Gajus-Images-\u2013-depositphotos.jpg\",\"width\":680,\"height\":449,\"caption\":\"Der \u00abProcimmo Swiss Commercial Fund\u00bb legt Zahlen vor und erh\u00e4lt einen neuen Fondsmanager (Bild: Gajus-Images-depositphotos)\"},{\"@type\":\"BreadcrumbList\",\"@id\":\"https:\\\/\\\/www.immobilienbusiness.ch\\\/unternehmen\\\/2018-01-30\\\/marti-fusion-generalunternehmung-renovation\\\/#breadcrumb\",\"itemListElement\":[{\"@type\":\"ListItem\",\"position\":1,\"name\":\"Home\",\"item\":\"https:\\\/\\\/www.immobilienbusiness.ch\\\/\"},{\"@type\":\"ListItem\",\"position\":2,\"name\":\"Marti: Zusammenschluss von Generalunternehmung und Renovation\"}]},{\"@type\":\"WebSite\",\"@id\":\"https:\\\/\\\/www.immobilienbusiness.ch\\\/#website\",\"url\":\"https:\\\/\\\/www.immobilienbusiness.ch\\\/\",\"name\":\"IMMOBILIEN Business\",\"description\":\"Unabh\u00e4ngiges Schweizer Wirtschaftsmagazin mit Fokus auf Immobilien, Architektur- und Bau sowie Investment- und Finanzierung.\",\"publisher\":{\"@id\":\"https:\\\/\\\/www.immobilienbusiness.ch\\\/#organization\"},\"potentialAction\":[{\"@type\":\"SearchAction\",\"target\":{\"@type\":\"EntryPoint\",\"urlTemplate\":\"https:\\\/\\\/www.immobilienbusiness.ch\\\/?s={search_term_string}\"},\"query-input\":{\"@type\":\"PropertyValueSpecification\",\"valueRequired\":true,\"valueName\":\"search_term_string\"}}],\"inLanguage\":\"fr-FR\"},{\"@type\":\"Organization\",\"@id\":\"https:\\\/\\\/www.immobilienbusiness.ch\\\/#organization\",\"name\":\"IMMOBILIEN Business\",\"url\":\"https:\\\/\\\/www.immobilienbusiness.ch\\\/\",\"logo\":{\"@type\":\"ImageObject\",\"inLanguage\":\"fr-FR\",\"@id\":\"https:\\\/\\\/www.immobilienbusiness.ch\\\/#\\\/schema\\\/logo\\\/image\\\/\",\"url\":\"https:\\\/\\\/www.immobilienbusiness.ch\\\/wp-content\\\/uploads\\\/2021\\\/07\\\/logo_ib.png\",\"contentUrl\":\"https:\\\/\\\/www.immobilienbusiness.ch\\\/wp-content\\\/uploads\\\/2021\\\/07\\\/logo_ib.png\",\"width\":800,\"height\":181,\"caption\":\"IMMOBILIEN Business\"},\"image\":{\"@id\":\"https:\\\/\\\/www.immobilienbusiness.ch\\\/#\\\/schema\\\/logo\\\/image\\\/\"},\"sameAs\":[\"https:\\\/\\\/www.facebook.com\\\/immobilienbusiness\\\/\"]},{\"@type\":\"Person\",\"@id\":\"https:\\\/\\\/www.immobilienbusiness.ch\\\/#\\\/schema\\\/person\\\/3fc036297b10b9f42d6db5ee932af8c8\",\"name\":\"anja.hall\",\"image\":{\"@type\":\"ImageObject\",\"inLanguage\":\"fr-FR\",\"@id\":\"https:\\\/\\\/secure.gravatar.com\\\/avatar\\\/066b5a0d447013502c71a5782f4f3469f03cfe595cc2329fb94652fe47511bfb?s=96&d=mm&r=g\",\"url\":\"https:\\\/\\\/secure.gravatar.com\\\/avatar\\\/066b5a0d447013502c71a5782f4f3469f03cfe595cc2329fb94652fe47511bfb?s=96&d=mm&r=g\",\"contentUrl\":\"https:\\\/\\\/secure.gravatar.com\\\/avatar\\\/066b5a0d447013502c71a5782f4f3469f03cfe595cc2329fb94652fe47511bfb?s=96&d=mm&r=g\",\"caption\":\"anja.hall\"},\"url\":\"https:\\\/\\\/www.immobilienbusiness.ch\\\/fr\\\/author\\\/anja-hall\\\/\"}]}<\/script>\n<!-- \/ Yoast SEO plugin. -->","yoast_head_json":{"title":"Marti : fusion de l'entreprise g\u00e9n\u00e9rale et de la r\u00e9novation - IMMOBILIER Business","description":"Les soci\u00e9t\u00e9s Marti Generalunternehmung AG et Marti Renovationen AG fusionnent au 1er f\u00e9vrier 2018 et se pr\u00e9sentent d\u00e9sormais sur le march\u00e9 sous le nom de Marti Gesamtleistungen AG.","robots":{"index":"index","follow":"follow","max-snippet":"max-snippet:-1","max-image-preview":"max-image-preview:large","max-video-preview":"max-video-preview:-1"},"canonical":"https:\/\/www.immobilienbusiness.ch\/fr\/unternehmen\/2018-01-30\/marti-fusion-generalunternehmung-renovation\/","og_locale":"fr_FR","og_type":"article","og_title":"Marti: Zusammenschluss von Generalunternehmung und Renovation","og_description":"Die Marti Generalunternehmung AG und die Marti Renovationen AG fusionieren zum 1. Februar 2018 und treten k\u00fcnftig als Marti Gesamtleistungen AG am Markt auf.","og_url":"https:\/\/www.immobilienbusiness.ch\/fr\/unternehmen\/2018-01-30\/marti-fusion-generalunternehmung-renovation\/","og_site_name":"IMMOBILIEN Business","article_publisher":"https:\/\/www.facebook.com\/immobilienbusiness\/","article_published_time":"2018-01-30T08:07:39+00:00","og_image":[{"width":680,"height":449,"url":"https:\/\/www.immobilienbusiness.ch\/wp-content\/uploads\/2017\/09\/IB-News-20170927-Procimmo-Fonds-Dividende-Managerwechsel_Gajus-Images-\u2013-depositphotos.jpg","type":"image\/jpeg"}],"author":"anja.hall","twitter_card":"summary_large_image","twitter_title":"Marti: Zusammenschluss von Generalunternehmung und Renovation","twitter_description":"Die Marti Generalunternehmung AG und die Marti Renovationen AG fusionieren zum 1. Februar 2018 und treten k\u00fcnftig als Marti Gesamtleistungen AG am Markt auf.","twitter_image":"https:\/\/www.immobilienbusiness.ch\/wp-content\/uploads\/2017\/09\/IB-News-20170927-Procimmo-Fonds-Dividende-Managerwechsel_Gajus-Images-\u2013-depositphotos.jpg","schema":{"@context":"https:\/\/schema.org","@graph":[{"@type":"Article","@id":"https:\/\/www.immobilienbusiness.ch\/unternehmen\/2018-01-30\/marti-fusion-generalunternehmung-renovation\/#article","isPartOf":{"@id":"https:\/\/www.immobilienbusiness.ch\/unternehmen\/2018-01-30\/marti-fusion-generalunternehmung-renovation\/"},"author":{"name":"anja.hall","@id":"https:\/\/www.immobilienbusiness.ch\/#\/schema\/person\/3fc036297b10b9f42d6db5ee932af8c8"},"headline":"Marti: Zusammenschluss von Generalunternehmung und Renovation","datePublished":"2018-01-30T08:07:39+00:00","mainEntityOfPage":{"@id":"https:\/\/www.immobilienbusiness.ch\/unternehmen\/2018-01-30\/marti-fusion-generalunternehmung-renovation\/"},"wordCount":81,"commentCount":0,"publisher":{"@id":"https:\/\/www.immobilienbusiness.ch\/#organization"},"image":{"@id":"https:\/\/www.immobilienbusiness.ch\/unternehmen\/2018-01-30\/marti-fusion-generalunternehmung-renovation\/#primaryimage"},"thumbnailUrl":"https:\/\/www.immobilienbusiness.ch\/wp-content\/uploads\/2017\/09\/IB-News-20170927-Procimmo-Fonds-Dividende-Managerwechsel_Gajus-Images-\u2013-depositphotos.jpg","keywords":["Bauwirtschaft","Unternehmen"],"articleSection":["UNTERNEHMEN"],"inLanguage":"fr-FR"},{"@type":"WebPage","@id":"https:\/\/www.immobilienbusiness.ch\/unternehmen\/2018-01-30\/marti-fusion-generalunternehmung-renovation\/","url":"https:\/\/www.immobilienbusiness.ch\/unternehmen\/2018-01-30\/marti-fusion-generalunternehmung-renovation\/","name":"Marti : fusion de l'entreprise g\u00e9n\u00e9rale et de la r\u00e9novation - IMMOBILIER Business","isPartOf":{"@id":"https:\/\/www.immobilienbusiness.ch\/#website"},"primaryImageOfPage":{"@id":"https:\/\/www.immobilienbusiness.ch\/unternehmen\/2018-01-30\/marti-fusion-generalunternehmung-renovation\/#primaryimage"},"image":{"@id":"https:\/\/www.immobilienbusiness.ch\/unternehmen\/2018-01-30\/marti-fusion-generalunternehmung-renovation\/#primaryimage"},"thumbnailUrl":"https:\/\/www.immobilienbusiness.ch\/wp-content\/uploads\/2017\/09\/IB-News-20170927-Procimmo-Fonds-Dividende-Managerwechsel_Gajus-Images-\u2013-depositphotos.jpg","datePublished":"2018-01-30T08:07:39+00:00","description":"Les soci\u00e9t\u00e9s Marti Generalunternehmung AG et Marti Renovationen AG fusionnent au 1er f\u00e9vrier 2018 et se pr\u00e9sentent d\u00e9sormais sur le march\u00e9 sous le nom de Marti Gesamtleistungen AG.","breadcrumb":{"@id":"https:\/\/www.immobilienbusiness.ch\/unternehmen\/2018-01-30\/marti-fusion-generalunternehmung-renovation\/#breadcrumb"},"inLanguage":"fr-FR","potentialAction":[{"@type":"ReadAction","target":["https:\/\/www.immobilienbusiness.ch\/unternehmen\/2018-01-30\/marti-fusion-generalunternehmung-renovation\/"]}]},{"@type":"ImageObject","inLanguage":"fr-FR","@id":"https:\/\/www.immobilienbusiness.ch\/unternehmen\/2018-01-30\/marti-fusion-generalunternehmung-renovation\/#primaryimage","url":"https:\/\/www.immobilienbusiness.ch\/wp-content\/uploads\/2017\/09\/IB-News-20170927-Procimmo-Fonds-Dividende-Managerwechsel_Gajus-Images-\u2013-depositphotos.jpg","contentUrl":"https:\/\/www.immobilienbusiness.ch\/wp-content\/uploads\/2017\/09\/IB-News-20170927-Procimmo-Fonds-Dividende-Managerwechsel_Gajus-Images-\u2013-depositphotos.jpg","width":680,"height":449,"caption":"Der \u00abProcimmo Swiss Commercial Fund\u00bb legt Zahlen vor und erh\u00e4lt einen neuen Fondsmanager (Bild: Gajus-Images-depositphotos)"},{"@type":"BreadcrumbList","@id":"https:\/\/www.immobilienbusiness.ch\/unternehmen\/2018-01-30\/marti-fusion-generalunternehmung-renovation\/#breadcrumb","itemListElement":[{"@type":"ListItem","position":1,"name":"Home","item":"https:\/\/www.immobilienbusiness.ch\/"},{"@type":"ListItem","position":2,"name":"Marti: Zusammenschluss von Generalunternehmung und Renovation"}]},{"@type":"WebSite","@id":"https:\/\/www.immobilienbusiness.ch\/#website","url":"https:\/\/www.immobilienbusiness.ch\/","name":"IMMOBILIER Business","description":"Magazine \u00e9conomique suisse ind\u00e9pendant ax\u00e9 sur l'immobilier, l'architecture et la construction ainsi que sur les investissements et le financement.","publisher":{"@id":"https:\/\/www.immobilienbusiness.ch\/#organization"},"potentialAction":[{"@type":"SearchAction","target":{"@type":"EntryPoint","urlTemplate":"https:\/\/www.immobilienbusiness.ch\/?s={search_term_string}"},"query-input":{"@type":"PropertyValueSpecification","valueRequired":true,"valueName":"search_term_string"}}],"inLanguage":"fr-FR"},{"@type":"Organization","@id":"https:\/\/www.immobilienbusiness.ch\/#organization","name":"IMMOBILIER Business","url":"https:\/\/www.immobilienbusiness.ch\/","logo":{"@type":"ImageObject","inLanguage":"fr-FR","@id":"https:\/\/www.immobilienbusiness.ch\/#\/schema\/logo\/image\/","url":"https:\/\/www.immobilienbusiness.ch\/wp-content\/uploads\/2021\/07\/logo_ib.png","contentUrl":"https:\/\/www.immobilienbusiness.ch\/wp-content\/uploads\/2021\/07\/logo_ib.png","width":800,"height":181,"caption":"IMMOBILIEN Business"},"image":{"@id":"https:\/\/www.immobilienbusiness.ch\/#\/schema\/logo\/image\/"},"sameAs":["https:\/\/www.facebook.com\/immobilienbusiness\/"]},{"@type":"Person","@id":"https:\/\/www.immobilienbusiness.ch\/#\/schema\/person\/3fc036297b10b9f42d6db5ee932af8c8","name":"anja.hall","image":{"@type":"ImageObject","inLanguage":"fr-FR","@id":"https:\/\/secure.gravatar.com\/avatar\/066b5a0d447013502c71a5782f4f3469f03cfe595cc2329fb94652fe47511bfb?s=96&d=mm&r=g","url":"https:\/\/secure.gravatar.com\/avatar\/066b5a0d447013502c71a5782f4f3469f03cfe595cc2329fb94652fe47511bfb?s=96&d=mm&r=g","contentUrl":"https:\/\/secure.gravatar.com\/avatar\/066b5a0d447013502c71a5782f4f3469f03cfe595cc2329fb94652fe47511bfb?s=96&d=mm&r=g","caption":"anja.hall"},"url":"https:\/\/www.immobilienbusiness.ch\/fr\/author\/anja-hall\/"}]}},"_links":{"self":[{"href":"https:\/\/www.immobilienbusiness.ch\/fr\/wp-json\/wp\/v2\/posts\/11140","targetHints":{"allow":["GET"]}}],"collection":[{"href":"https:\/\/www.immobilienbusiness.ch\/fr\/wp-json\/wp\/v2\/posts"}],"about":[{"href":"https:\/\/www.immobilienbusiness.ch\/fr\/wp-json\/wp\/v2\/types\/post"}],"author":[{"embeddable":true,"href":"https:\/\/www.immobilienbusiness.ch\/fr\/wp-json\/wp\/v2\/users\/3"}],"replies":[{"embeddable":true,"href":"https:\/\/www.immobilienbusiness.ch\/fr\/wp-json\/wp\/v2\/comments?post=11140"}],"version-history":[{"count":0,"href":"https:\/\/www.immobilienbusiness.ch\/fr\/wp-json\/wp\/v2\/posts\/11140\/revisions"}],"wp:featuredmedia":[{"embeddable":true,"href":"https:\/\/www.immobilienbusiness.ch\/fr\/wp-json\/wp\/v2\/media\/9343"}],"wp:attachment":[{"href":"https:\/\/www.immobilienbusiness.ch\/fr\/wp-json\/wp\/v2\/media?parent=11140"}],"wp:term":[{"taxonomy":"category","embeddable":true,"href":"https:\/\/www.immobilienbusiness.ch\/fr\/wp-json\/wp\/v2\/categories?post=11140"},{"taxonomy":"post_tag","embeddable":true,"href":"https:\/\/www.immobilienbusiness.ch\/fr\/wp-json\/wp\/v2\/tags?post=11140"}],"curies":[{"name":"wp","href":"https:\/\/api.w.org\/{rel}","templated":true}]}}