{"id":1105,"date":"2020-12-28T19:05:39","date_gmt":"2020-12-28T18:05:39","guid":{"rendered":"https:\/\/develop.immobilienbusiness.ch\/de\/allgemein\/2020-12-28\/genf-ruckbau-von-kaserne-les-vernets-beginnt\/"},"modified":"2023-07-06T15:08:59","modified_gmt":"2023-07-06T13:08:59","slug":"genf-ruckbau-von-kaserne-les-vernets-beginnt","status":"publish","type":"post","link":"https:\/\/www.immobilienbusiness.ch\/fr\/ib\/2020-12-28\/genf-ruckbau-von-kaserne-les-vernets-beginnt\/","title":{"rendered":"Gen\u00e8ve : le d\u00e9mant\u00e8lement de la caserne des Vernets commence"},"content":{"rendered":"<div class=\"swpm-post-not-logged-in-msg\">Vous devez \u00eatre connect\u00e9 pour voir ce contenu. Veuillez consulter <a class=\"swpm-login-link\" href=\"https:\/\/www.immobilienbusiness.ch\/fr\/login\/?swpm_redirect_to=https%3A%2F%2Fwww.immobilienbusiness.ch%2Ffr%2Fwp-json%2Fwp%2Fv2%2Fposts%2F1105\">Connexion<\/a>. Vous n'\u00eates pas membre ? <a href=\"https:\/\/www.immobilienbusiness.ch\/fr\/registrieren\/\">Nous Rejoindre<\/a><\/div>","protected":false},"excerpt":{"rendered":"<p>A Gen\u00e8ve, un grand pas vers l'\u00e9conomie circulaire a \u00e9t\u00e9 fait d\u00e9but novembre avec le d\u00e9but du d\u00e9mant\u00e8lement de la caserne des Vernets :<br \/>\nLanc\u00e9 par Losinger Marazzi et Mat\u00e9riuum avec le soutien du canton de Gen\u00e8ve et de Team Ensemble, ce projet d'\u00e9conomie circulaire vise \u00e0 r\u00e9utiliser des \u00e9l\u00e9ments de construction et du mobilier de l'ancienne caserne des Vernets.<\/p>","protected":false},"author":8,"featured_media":0,"comment_status":"closed","ping_status":"closed","sticky":false,"template":"","format":"standard","meta":{"_acf_changed":false,"_yoast_wpseo_focuskw":"R\u00fcckbau","_yoast_wpseo_title":"","_yoast_wpseo_metadesc":"In Genf erfolgte Anfang November mit dem Beginn des R\u00fcckbaus der Kaserne Les Vernets ein grosser Schritt in Richtung Kreislaufwirtschaft:Das Projekt zur F\u00f6rderung der Kreislaufwirtschaft wurde von Losinger Marazzi und Mat\u00e9riuum mit Unterstu\u0308tzung des Kantons Genf und des Teams Ensemble lanciert und bezweckt die Wiederverwendung von Bauelementen und Mobiliar der ehemaligen Kaserne Les Vernets.","_yoast_wpseo_linkdex":47,"pgc_sgb_lightbox_settings":"","footnotes":""},"categories":[1951],"tags":[1988,1964,1955,1515],"class_list":["post-1105","post","type-post","status-publish","format-standard","hentry","category-ib","tag-ge","tag-in-bau","tag-mehrfamilienhaus-miete","tag-nachhaltigkeit"],"acf":[],"yoast_head":"<!-- This site is optimized with the Yoast SEO plugin v27.4 - https:\/\/yoast.com\/product\/yoast-seo-wordpress\/ -->\n<title>Genf: R\u00fcckbau von Kaserne Les Vernets beginnt - IMMOBILIEN Business<\/title>\n<meta name=\"description\" content=\"In Genf erfolgte Anfang November mit dem Beginn des R\u00fcckbaus der Kaserne Les Vernets ein grosser Schritt in Richtung Kreislaufwirtschaft:Das Projekt zur F\u00f6rderung der Kreislaufwirtschaft wurde von Losinger Marazzi und Mat\u00e9riuum mit Unterstu\u0308tzung des Kantons Genf und des Teams Ensemble lanciert und bezweckt die Wiederverwendung von Bauelementen und Mobiliar der ehemaligen Kaserne Les Vernets.\" \/>\n<meta name=\"robots\" content=\"index, follow, max-snippet:-1, max-image-preview:large, max-video-preview:-1\" \/>\n<link rel=\"canonical\" href=\"https:\/\/www.immobilienbusiness.ch\/fr\/ib\/2020-12-28\/genf-ruckbau-von-kaserne-les-vernets-beginnt\/\" \/>\n<meta property=\"og:locale\" content=\"fr_FR\" \/>\n<meta property=\"og:type\" content=\"article\" \/>\n<meta property=\"og:title\" content=\"Genf: R\u00fcckbau von Kaserne Les Vernets beginnt - IMMOBILIEN Business\" \/>\n<meta property=\"og:description\" content=\"In Genf erfolgte Anfang November mit dem Beginn des R\u00fcckbaus der Kaserne Les Vernets ein grosser Schritt in Richtung Kreislaufwirtschaft:Das Projekt zur F\u00f6rderung der Kreislaufwirtschaft wurde von Losinger Marazzi und Mat\u00e9riuum mit Unterstu\u0308tzung des Kantons Genf und des Teams Ensemble lanciert und bezweckt die Wiederverwendung von Bauelementen und Mobiliar der ehemaligen Kaserne Les Vernets.\" \/>\n<meta property=\"og:url\" content=\"https:\/\/www.immobilienbusiness.ch\/fr\/ib\/2020-12-28\/genf-ruckbau-von-kaserne-les-vernets-beginnt\/\" \/>\n<meta property=\"og:site_name\" content=\"IMMOBILIEN Business\" \/>\n<meta property=\"article:publisher\" content=\"https:\/\/www.facebook.com\/immobilienbusiness\/\" \/>\n<meta property=\"article:published_time\" content=\"2020-12-28T18:05:39+00:00\" \/>\n<meta property=\"article:modified_time\" content=\"2023-07-06T13:08:59+00:00\" \/>\n<meta name=\"author\" content=\"birgitt.wuest\" \/>\n<meta name=\"twitter:card\" content=\"summary_large_image\" \/>\n<script type=\"application\/ld+json\" class=\"yoast-schema-graph\">{\"@context\":\"https:\\\/\\\/schema.org\",\"@graph\":[{\"@type\":\"Article\",\"@id\":\"https:\\\/\\\/www.immobilienbusiness.ch\\\/it\\\/ib\\\/2020-12-28\\\/genf-ruckbau-von-kaserne-les-vernets-beginnt\\\/#article\",\"isPartOf\":{\"@id\":\"https:\\\/\\\/www.immobilienbusiness.ch\\\/it\\\/ib\\\/2020-12-28\\\/genf-ruckbau-von-kaserne-les-vernets-beginnt\\\/\"},\"author\":{\"name\":\"birgitt.wuest\",\"@id\":\"https:\\\/\\\/www.immobilienbusiness.ch\\\/#\\\/schema\\\/person\\\/9071de3b430793052e78768378adb039\"},\"headline\":\"Genf: R\u00fcckbau von Kaserne Les Vernets beginnt\",\"datePublished\":\"2020-12-28T18:05:39+00:00\",\"dateModified\":\"2023-07-06T13:08:59+00:00\",\"mainEntityOfPage\":{\"@id\":\"https:\\\/\\\/www.immobilienbusiness.ch\\\/it\\\/ib\\\/2020-12-28\\\/genf-ruckbau-von-kaserne-les-vernets-beginnt\\\/\"},\"wordCount\":269,\"publisher\":{\"@id\":\"https:\\\/\\\/www.immobilienbusiness.ch\\\/#organization\"},\"keywords\":[\"GE\",\"in Bau\",\"Mehrfamilienhaus Miete\",\"Nachhaltigkeit\"],\"articleSection\":[\"IB+\"],\"inLanguage\":\"fr-FR\"},{\"@type\":\"WebPage\",\"@id\":\"https:\\\/\\\/www.immobilienbusiness.ch\\\/it\\\/ib\\\/2020-12-28\\\/genf-ruckbau-von-kaserne-les-vernets-beginnt\\\/\",\"url\":\"https:\\\/\\\/www.immobilienbusiness.ch\\\/it\\\/ib\\\/2020-12-28\\\/genf-ruckbau-von-kaserne-les-vernets-beginnt\\\/\",\"name\":\"Genf: R\u00fcckbau von Kaserne Les Vernets beginnt - IMMOBILIEN Business\",\"isPartOf\":{\"@id\":\"https:\\\/\\\/www.immobilienbusiness.ch\\\/#website\"},\"datePublished\":\"2020-12-28T18:05:39+00:00\",\"dateModified\":\"2023-07-06T13:08:59+00:00\",\"description\":\"In Genf erfolgte Anfang November mit dem Beginn des R\u00fcckbaus der Kaserne Les Vernets ein grosser Schritt in Richtung Kreislaufwirtschaft:Das Projekt zur F\u00f6rderung der Kreislaufwirtschaft wurde von Losinger Marazzi und Mat\u00e9riuum mit Unterstu\u0308tzung des Kantons Genf und des Teams Ensemble lanciert und bezweckt die Wiederverwendung von Bauelementen und Mobiliar der ehemaligen Kaserne Les Vernets.\",\"breadcrumb\":{\"@id\":\"https:\\\/\\\/www.immobilienbusiness.ch\\\/it\\\/ib\\\/2020-12-28\\\/genf-ruckbau-von-kaserne-les-vernets-beginnt\\\/#breadcrumb\"},\"inLanguage\":\"fr-FR\",\"potentialAction\":[{\"@type\":\"ReadAction\",\"target\":[\"https:\\\/\\\/www.immobilienbusiness.ch\\\/it\\\/ib\\\/2020-12-28\\\/genf-ruckbau-von-kaserne-les-vernets-beginnt\\\/\"]}]},{\"@type\":\"BreadcrumbList\",\"@id\":\"https:\\\/\\\/www.immobilienbusiness.ch\\\/it\\\/ib\\\/2020-12-28\\\/genf-ruckbau-von-kaserne-les-vernets-beginnt\\\/#breadcrumb\",\"itemListElement\":[{\"@type\":\"ListItem\",\"position\":1,\"name\":\"Home\",\"item\":\"https:\\\/\\\/www.immobilienbusiness.ch\\\/\"},{\"@type\":\"ListItem\",\"position\":2,\"name\":\"Genf: R\u00fcckbau von Kaserne Les Vernets beginnt\"}]},{\"@type\":\"WebSite\",\"@id\":\"https:\\\/\\\/www.immobilienbusiness.ch\\\/#website\",\"url\":\"https:\\\/\\\/www.immobilienbusiness.ch\\\/\",\"name\":\"IMMOBILIEN Business\",\"description\":\"Unabh\u00e4ngiges Schweizer Wirtschaftsmagazin mit Fokus auf Immobilien, Architektur- und Bau sowie Investment- und Finanzierung.\",\"publisher\":{\"@id\":\"https:\\\/\\\/www.immobilienbusiness.ch\\\/#organization\"},\"potentialAction\":[{\"@type\":\"SearchAction\",\"target\":{\"@type\":\"EntryPoint\",\"urlTemplate\":\"https:\\\/\\\/www.immobilienbusiness.ch\\\/?s={search_term_string}\"},\"query-input\":{\"@type\":\"PropertyValueSpecification\",\"valueRequired\":true,\"valueName\":\"search_term_string\"}}],\"inLanguage\":\"fr-FR\"},{\"@type\":\"Organization\",\"@id\":\"https:\\\/\\\/www.immobilienbusiness.ch\\\/#organization\",\"name\":\"IMMOBILIEN Business\",\"url\":\"https:\\\/\\\/www.immobilienbusiness.ch\\\/\",\"logo\":{\"@type\":\"ImageObject\",\"inLanguage\":\"fr-FR\",\"@id\":\"https:\\\/\\\/www.immobilienbusiness.ch\\\/#\\\/schema\\\/logo\\\/image\\\/\",\"url\":\"https:\\\/\\\/www.immobilienbusiness.ch\\\/wp-content\\\/uploads\\\/2021\\\/07\\\/logo_ib.png\",\"contentUrl\":\"https:\\\/\\\/www.immobilienbusiness.ch\\\/wp-content\\\/uploads\\\/2021\\\/07\\\/logo_ib.png\",\"width\":800,\"height\":181,\"caption\":\"IMMOBILIEN Business\"},\"image\":{\"@id\":\"https:\\\/\\\/www.immobilienbusiness.ch\\\/#\\\/schema\\\/logo\\\/image\\\/\"},\"sameAs\":[\"https:\\\/\\\/www.facebook.com\\\/immobilienbusiness\\\/\"]},{\"@type\":\"Person\",\"@id\":\"https:\\\/\\\/www.immobilienbusiness.ch\\\/#\\\/schema\\\/person\\\/9071de3b430793052e78768378adb039\",\"name\":\"birgitt.wuest\",\"image\":{\"@type\":\"ImageObject\",\"inLanguage\":\"fr-FR\",\"@id\":\"https:\\\/\\\/secure.gravatar.com\\\/avatar\\\/938f7e46a2aa35420af239a36e5ed08a1034598c7d4a6d4dccff5f20b49eefca?s=96&d=mm&r=g\",\"url\":\"https:\\\/\\\/secure.gravatar.com\\\/avatar\\\/938f7e46a2aa35420af239a36e5ed08a1034598c7d4a6d4dccff5f20b49eefca?s=96&d=mm&r=g\",\"contentUrl\":\"https:\\\/\\\/secure.gravatar.com\\\/avatar\\\/938f7e46a2aa35420af239a36e5ed08a1034598c7d4a6d4dccff5f20b49eefca?s=96&d=mm&r=g\",\"caption\":\"birgitt.wuest\"},\"url\":\"https:\\\/\\\/www.immobilienbusiness.ch\\\/fr\\\/author\\\/birgitt-wuest\\\/\"}]}<\/script>\n<!-- \/ Yoast SEO plugin. -->","yoast_head_json":{"title":"Gen\u00e8ve : le d\u00e9mant\u00e8lement de la caserne des Vernets commence - IMMOBILIER Business","description":"A Gen\u00e8ve, un grand pas vers l'\u00e9conomie circulaire a \u00e9t\u00e9 franchi d\u00e9but novembre avec le d\u00e9but de la d\u00e9construction de la caserne des Vernets:Le projet de promotion de l'\u00e9conomie circulaire, lanc\u00e9 par Losinger Marazzi et Mat\u00e9riuum avec le soutien du canton de Gen\u00e8ve et de l'\u00e9quipe Ensemble, vise \u00e0 r\u00e9utiliser les \u00e9l\u00e9ments de construction et le mobilier de l'ancienne caserne des Vernets.","robots":{"index":"index","follow":"follow","max-snippet":"max-snippet:-1","max-image-preview":"max-image-preview:large","max-video-preview":"max-video-preview:-1"},"canonical":"https:\/\/www.immobilienbusiness.ch\/fr\/ib\/2020-12-28\/genf-ruckbau-von-kaserne-les-vernets-beginnt\/","og_locale":"fr_FR","og_type":"article","og_title":"Genf: R\u00fcckbau von Kaserne Les Vernets beginnt - IMMOBILIEN Business","og_description":"In Genf erfolgte Anfang November mit dem Beginn des R\u00fcckbaus der Kaserne Les Vernets ein grosser Schritt in Richtung Kreislaufwirtschaft:Das Projekt zur F\u00f6rderung der Kreislaufwirtschaft wurde von Losinger Marazzi und Mat\u00e9riuum mit Unterstu\u0308tzung des Kantons Genf und des Teams Ensemble lanciert und bezweckt die Wiederverwendung von Bauelementen und Mobiliar der ehemaligen Kaserne Les Vernets.","og_url":"https:\/\/www.immobilienbusiness.ch\/fr\/ib\/2020-12-28\/genf-ruckbau-von-kaserne-les-vernets-beginnt\/","og_site_name":"IMMOBILIEN Business","article_publisher":"https:\/\/www.facebook.com\/immobilienbusiness\/","article_published_time":"2020-12-28T18:05:39+00:00","article_modified_time":"2023-07-06T13:08:59+00:00","author":"birgitt.wuest","twitter_card":"summary_large_image","schema":{"@context":"https:\/\/schema.org","@graph":[{"@type":"Article","@id":"https:\/\/www.immobilienbusiness.ch\/it\/ib\/2020-12-28\/genf-ruckbau-von-kaserne-les-vernets-beginnt\/#article","isPartOf":{"@id":"https:\/\/www.immobilienbusiness.ch\/it\/ib\/2020-12-28\/genf-ruckbau-von-kaserne-les-vernets-beginnt\/"},"author":{"name":"birgitt.wuest","@id":"https:\/\/www.immobilienbusiness.ch\/#\/schema\/person\/9071de3b430793052e78768378adb039"},"headline":"Genf: R\u00fcckbau von Kaserne Les Vernets beginnt","datePublished":"2020-12-28T18:05:39+00:00","dateModified":"2023-07-06T13:08:59+00:00","mainEntityOfPage":{"@id":"https:\/\/www.immobilienbusiness.ch\/it\/ib\/2020-12-28\/genf-ruckbau-von-kaserne-les-vernets-beginnt\/"},"wordCount":269,"publisher":{"@id":"https:\/\/www.immobilienbusiness.ch\/#organization"},"keywords":["GE","in Bau","Mehrfamilienhaus Miete","Nachhaltigkeit"],"articleSection":["IB+"],"inLanguage":"fr-FR"},{"@type":"WebPage","@id":"https:\/\/www.immobilienbusiness.ch\/it\/ib\/2020-12-28\/genf-ruckbau-von-kaserne-les-vernets-beginnt\/","url":"https:\/\/www.immobilienbusiness.ch\/it\/ib\/2020-12-28\/genf-ruckbau-von-kaserne-les-vernets-beginnt\/","name":"Gen\u00e8ve : le d\u00e9mant\u00e8lement de la caserne des Vernets commence - IMMOBILIER Business","isPartOf":{"@id":"https:\/\/www.immobilienbusiness.ch\/#website"},"datePublished":"2020-12-28T18:05:39+00:00","dateModified":"2023-07-06T13:08:59+00:00","description":"A Gen\u00e8ve, un grand pas vers l'\u00e9conomie circulaire a \u00e9t\u00e9 franchi d\u00e9but novembre avec le d\u00e9but de la d\u00e9construction de la caserne des Vernets:Le projet de promotion de l'\u00e9conomie circulaire, lanc\u00e9 par Losinger Marazzi et Mat\u00e9riuum avec le soutien du canton de Gen\u00e8ve et de l'\u00e9quipe Ensemble, vise \u00e0 r\u00e9utiliser les \u00e9l\u00e9ments de construction et le mobilier de l'ancienne caserne des Vernets.","breadcrumb":{"@id":"https:\/\/www.immobilienbusiness.ch\/it\/ib\/2020-12-28\/genf-ruckbau-von-kaserne-les-vernets-beginnt\/#breadcrumb"},"inLanguage":"fr-FR","potentialAction":[{"@type":"ReadAction","target":["https:\/\/www.immobilienbusiness.ch\/it\/ib\/2020-12-28\/genf-ruckbau-von-kaserne-les-vernets-beginnt\/"]}]},{"@type":"BreadcrumbList","@id":"https:\/\/www.immobilienbusiness.ch\/it\/ib\/2020-12-28\/genf-ruckbau-von-kaserne-les-vernets-beginnt\/#breadcrumb","itemListElement":[{"@type":"ListItem","position":1,"name":"Home","item":"https:\/\/www.immobilienbusiness.ch\/"},{"@type":"ListItem","position":2,"name":"Genf: R\u00fcckbau von Kaserne Les Vernets beginnt"}]},{"@type":"WebSite","@id":"https:\/\/www.immobilienbusiness.ch\/#website","url":"https:\/\/www.immobilienbusiness.ch\/","name":"IMMOBILIER Business","description":"Magazine \u00e9conomique suisse ind\u00e9pendant ax\u00e9 sur l'immobilier, l'architecture et la construction ainsi que sur les investissements et le financement.","publisher":{"@id":"https:\/\/www.immobilienbusiness.ch\/#organization"},"potentialAction":[{"@type":"SearchAction","target":{"@type":"EntryPoint","urlTemplate":"https:\/\/www.immobilienbusiness.ch\/?s={search_term_string}"},"query-input":{"@type":"PropertyValueSpecification","valueRequired":true,"valueName":"search_term_string"}}],"inLanguage":"fr-FR"},{"@type":"Organization","@id":"https:\/\/www.immobilienbusiness.ch\/#organization","name":"IMMOBILIER Business","url":"https:\/\/www.immobilienbusiness.ch\/","logo":{"@type":"ImageObject","inLanguage":"fr-FR","@id":"https:\/\/www.immobilienbusiness.ch\/#\/schema\/logo\/image\/","url":"https:\/\/www.immobilienbusiness.ch\/wp-content\/uploads\/2021\/07\/logo_ib.png","contentUrl":"https:\/\/www.immobilienbusiness.ch\/wp-content\/uploads\/2021\/07\/logo_ib.png","width":800,"height":181,"caption":"IMMOBILIEN Business"},"image":{"@id":"https:\/\/www.immobilienbusiness.ch\/#\/schema\/logo\/image\/"},"sameAs":["https:\/\/www.facebook.com\/immobilienbusiness\/"]},{"@type":"Person","@id":"https:\/\/www.immobilienbusiness.ch\/#\/schema\/person\/9071de3b430793052e78768378adb039","name":"birgitt.wuest","image":{"@type":"ImageObject","inLanguage":"fr-FR","@id":"https:\/\/secure.gravatar.com\/avatar\/938f7e46a2aa35420af239a36e5ed08a1034598c7d4a6d4dccff5f20b49eefca?s=96&d=mm&r=g","url":"https:\/\/secure.gravatar.com\/avatar\/938f7e46a2aa35420af239a36e5ed08a1034598c7d4a6d4dccff5f20b49eefca?s=96&d=mm&r=g","contentUrl":"https:\/\/secure.gravatar.com\/avatar\/938f7e46a2aa35420af239a36e5ed08a1034598c7d4a6d4dccff5f20b49eefca?s=96&d=mm&r=g","caption":"birgitt.wuest"},"url":"https:\/\/www.immobilienbusiness.ch\/fr\/author\/birgitt-wuest\/"}]}},"_links":{"self":[{"href":"https:\/\/www.immobilienbusiness.ch\/fr\/wp-json\/wp\/v2\/posts\/1105","targetHints":{"allow":["GET"]}}],"collection":[{"href":"https:\/\/www.immobilienbusiness.ch\/fr\/wp-json\/wp\/v2\/posts"}],"about":[{"href":"https:\/\/www.immobilienbusiness.ch\/fr\/wp-json\/wp\/v2\/types\/post"}],"author":[{"embeddable":true,"href":"https:\/\/www.immobilienbusiness.ch\/fr\/wp-json\/wp\/v2\/users\/8"}],"replies":[{"embeddable":true,"href":"https:\/\/www.immobilienbusiness.ch\/fr\/wp-json\/wp\/v2\/comments?post=1105"}],"version-history":[{"count":1,"href":"https:\/\/www.immobilienbusiness.ch\/fr\/wp-json\/wp\/v2\/posts\/1105\/revisions"}],"predecessor-version":[{"id":49972,"href":"https:\/\/www.immobilienbusiness.ch\/fr\/wp-json\/wp\/v2\/posts\/1105\/revisions\/49972"}],"wp:attachment":[{"href":"https:\/\/www.immobilienbusiness.ch\/fr\/wp-json\/wp\/v2\/media?parent=1105"}],"wp:term":[{"taxonomy":"category","embeddable":true,"href":"https:\/\/www.immobilienbusiness.ch\/fr\/wp-json\/wp\/v2\/categories?post=1105"},{"taxonomy":"post_tag","embeddable":true,"href":"https:\/\/www.immobilienbusiness.ch\/fr\/wp-json\/wp\/v2\/tags?post=1105"}],"curies":[{"name":"wp","href":"https:\/\/api.w.org\/{rel}","templated":true}]}}