{"id":1099,"date":"2016-11-09T08:44:35","date_gmt":"2016-11-09T07:44:35","guid":{"rendered":"http:\/\/dev.immobilienbusiness.ch\/?p=1099"},"modified":"2016-11-09T08:44:35","modified_gmt":"2016-11-09T07:44:35","slug":"flughafen-zuerich-lukas-brosi-wird-neuer-cfo","status":"publish","type":"post","link":"https:\/\/www.immobilienbusiness.ch\/fr\/allgemein\/2016-11-09\/flughafen-zuerich-lukas-brosi-wird-neuer-cfo\/","title":{"rendered":"A\u00e9roport de Zurich : Lukas Brosi devient le nouveau directeur financier"},"content":{"rendered":"<figure id=\"attachment_5150\" aria-describedby=\"caption-attachment-5150\" style=\"width: 680px\" class=\"wp-caption alignnone\"><img loading=\"lazy\" decoding=\"async\" class=\"wp-image-5150 size-medium\" src=\"https:\/\/immobilienbusiness.ch\/wp-content\/uploads\/2016\/11\/Flughafen-Z\u00fcrich-Lukas-Brosi-wird-neuer-CFO-immobilien-business.jpg\" width=\"680\" height=\"430\" \/><figcaption id=\"caption-attachment-5150\" class=\"wp-caption-text\">L'a\u00e9roport de Zurich a un nouveau CFO en la personne de Lukas Brosi (Photo : Andreas Faessler - Own work, CC-BY-SA 4.0, Wikimedia Commons)<\/figcaption><\/figure>\n<p>Au d\u00e9but du mois d'octobre 2016, Flughafen Z\u00fcrich AG a annonc\u00e9 que le directeur financier de longue date, Daniel Schmucki, allait quitter ses fonctions. Maintenant, un successeur interne a \u00e9t\u00e9 pr\u00e9sent\u00e9 avec la nomination de Lukas Brosi, 37 ans. Brosi prendra ses fonctions de directeur financier le 1er f\u00e9vrier 2017, tandis que Schmucki quittera l'entreprise \u00e0 la fin du mois de janvier 2017.<\/p>\n<p>Brosi a rejoint Flughafen Z\u00fcrich AG en 2009 en tant que tr\u00e9sorier du groupe. Un an plus tard, il a \u00e9t\u00e9 nomm\u00e9 responsable de la tr\u00e9sorerie et de la gestion des risques. Il a occup\u00e9 ce poste pendant pr\u00e8s de trois ans. En 2013, Brosi a pris le poste de chef des services financiers et de directeur financier adjoint. Avant de rejoindre Flughafen Z\u00fcrich AG, Lukas Brosi a travaill\u00e9 chez UBS AG Basel et Opfikon. (ah)<\/p>","protected":false},"excerpt":{"rendered":"<p>Flughafen Z\u00fcrich AG a organis\u00e9 la succession du directeur financier Daniel Schmucki, qui prend sa retraite. Lukas Brosi, actuel adjoint de Schmucki, sera nomm\u00e9 nouveau directeur financier (CFO) de l'op\u00e9rateur a\u00e9roportuaire \u00e0 compter du 1er f\u00e9vrier 2017.<\/p>","protected":false},"author":1,"featured_media":5150,"comment_status":"open","ping_status":"open","sticky":false,"template":"","format":"standard","meta":{"_acf_changed":false,"_yoast_wpseo_focuskw":"Flughafen Z\u00fcrich: Lukas Brosi wird neuer CFO","_yoast_wpseo_title":"","_yoast_wpseo_metadesc":"Lukas Brosi wird per 1.2.2017 zum neuen CFO der Flughafenbetreiberin ernannt.","_yoast_wpseo_linkdex":46,"pgc_sgb_lightbox_settings":"","footnotes":""},"categories":[1],"tags":[1564],"class_list":["post-1099","post","type-post","status-publish","format-standard","has-post-thumbnail","hentry","category-allgemein","tag-personalien"],"acf":[],"yoast_head":"<!-- This site is optimized with the Yoast SEO plugin v27.4 - https:\/\/yoast.com\/product\/yoast-seo-wordpress\/ -->\n<title>Flughafen Z\u00fcrich: Lukas Brosi wird neuer CFO - IMMOBILIEN Business<\/title>\n<meta name=\"description\" content=\"Lukas Brosi wird per 1.2.2017 zum neuen CFO der Flughafenbetreiberin ernannt.\" \/>\n<meta name=\"robots\" content=\"index, follow, max-snippet:-1, max-image-preview:large, max-video-preview:-1\" \/>\n<link rel=\"canonical\" href=\"https:\/\/www.immobilienbusiness.ch\/fr\/allgemein\/2016-11-09\/flughafen-zuerich-lukas-brosi-wird-neuer-cfo\/\" \/>\n<meta property=\"og:locale\" content=\"fr_FR\" \/>\n<meta property=\"og:type\" content=\"article\" \/>\n<meta property=\"og:title\" content=\"Flughafen Z\u00fcrich: Lukas Brosi wird neuer CFO\" \/>\n<meta property=\"og:description\" content=\"Die Flughafen Z\u00fcrich AG hat die Nachfolge des ausscheidenden Finanzchefs Daniel Schmucki geregelt. Lukas Brosi, bisheriger Stellvertreter von Schmucki, wird per 1. Februar 2017 zum neuen Chief Financial Officer (CFO) der Flughafenbetreiberin ernannt.\" \/>\n<meta property=\"og:url\" content=\"https:\/\/www.immobilienbusiness.ch\/fr\/allgemein\/2016-11-09\/flughafen-zuerich-lukas-brosi-wird-neuer-cfo\/\" \/>\n<meta property=\"og:site_name\" content=\"IMMOBILIEN Business\" \/>\n<meta property=\"article:publisher\" content=\"https:\/\/www.facebook.com\/immobilienbusiness\/\" \/>\n<meta property=\"article:published_time\" content=\"2016-11-09T07:44:35+00:00\" \/>\n<meta name=\"author\" content=\"Redaktion\" \/>\n<meta name=\"twitter:card\" content=\"summary_large_image\" \/>\n<meta name=\"twitter:image\" content=\"https:\/\/www.immobilienbusiness.ch\/wp-content\/uploads\/2016\/11\/Flughafen-Zuerich-Lukas-Brosi-wird-neuer-CFO-immobilien-business.jpg\" \/>\n<script type=\"application\/ld+json\" class=\"yoast-schema-graph\">{\"@context\":\"https:\\\/\\\/schema.org\",\"@graph\":[{\"@type\":\"Article\",\"@id\":\"https:\\\/\\\/www.immobilienbusiness.ch\\\/allgemein\\\/2016-11-09\\\/flughafen-zuerich-lukas-brosi-wird-neuer-cfo\\\/#article\",\"isPartOf\":{\"@id\":\"https:\\\/\\\/www.immobilienbusiness.ch\\\/allgemein\\\/2016-11-09\\\/flughafen-zuerich-lukas-brosi-wird-neuer-cfo\\\/\"},\"author\":{\"name\":\"Redaktion\",\"@id\":\"https:\\\/\\\/www.immobilienbusiness.ch\\\/#\\\/schema\\\/person\\\/aa2bace6c5c5aad60102004a50c4eb1c\"},\"headline\":\"Flughafen Z\u00fcrich: Lukas Brosi wird neuer CFO\",\"datePublished\":\"2016-11-09T07:44:35+00:00\",\"mainEntityOfPage\":{\"@id\":\"https:\\\/\\\/www.immobilienbusiness.ch\\\/allgemein\\\/2016-11-09\\\/flughafen-zuerich-lukas-brosi-wird-neuer-cfo\\\/\"},\"wordCount\":153,\"commentCount\":0,\"publisher\":{\"@id\":\"https:\\\/\\\/www.immobilienbusiness.ch\\\/#organization\"},\"image\":{\"@id\":\"https:\\\/\\\/www.immobilienbusiness.ch\\\/allgemein\\\/2016-11-09\\\/flughafen-zuerich-lukas-brosi-wird-neuer-cfo\\\/#primaryimage\"},\"thumbnailUrl\":\"https:\\\/\\\/www.immobilienbusiness.ch\\\/wp-content\\\/uploads\\\/2016\\\/11\\\/Flughafen-Zuerich-Lukas-Brosi-wird-neuer-CFO-immobilien-business.jpg\",\"keywords\":[\"Personalien\"],\"articleSection\":[\"Allgemein\"],\"inLanguage\":\"fr-FR\"},{\"@type\":\"WebPage\",\"@id\":\"https:\\\/\\\/www.immobilienbusiness.ch\\\/allgemein\\\/2016-11-09\\\/flughafen-zuerich-lukas-brosi-wird-neuer-cfo\\\/\",\"url\":\"https:\\\/\\\/www.immobilienbusiness.ch\\\/allgemein\\\/2016-11-09\\\/flughafen-zuerich-lukas-brosi-wird-neuer-cfo\\\/\",\"name\":\"Flughafen Z\u00fcrich: Lukas Brosi wird neuer CFO - IMMOBILIEN Business\",\"isPartOf\":{\"@id\":\"https:\\\/\\\/www.immobilienbusiness.ch\\\/#website\"},\"primaryImageOfPage\":{\"@id\":\"https:\\\/\\\/www.immobilienbusiness.ch\\\/allgemein\\\/2016-11-09\\\/flughafen-zuerich-lukas-brosi-wird-neuer-cfo\\\/#primaryimage\"},\"image\":{\"@id\":\"https:\\\/\\\/www.immobilienbusiness.ch\\\/allgemein\\\/2016-11-09\\\/flughafen-zuerich-lukas-brosi-wird-neuer-cfo\\\/#primaryimage\"},\"thumbnailUrl\":\"https:\\\/\\\/www.immobilienbusiness.ch\\\/wp-content\\\/uploads\\\/2016\\\/11\\\/Flughafen-Zuerich-Lukas-Brosi-wird-neuer-CFO-immobilien-business.jpg\",\"datePublished\":\"2016-11-09T07:44:35+00:00\",\"description\":\"Lukas Brosi wird per 1.2.2017 zum neuen CFO der Flughafenbetreiberin ernannt.\",\"breadcrumb\":{\"@id\":\"https:\\\/\\\/www.immobilienbusiness.ch\\\/allgemein\\\/2016-11-09\\\/flughafen-zuerich-lukas-brosi-wird-neuer-cfo\\\/#breadcrumb\"},\"inLanguage\":\"fr-FR\",\"potentialAction\":[{\"@type\":\"ReadAction\",\"target\":[\"https:\\\/\\\/www.immobilienbusiness.ch\\\/allgemein\\\/2016-11-09\\\/flughafen-zuerich-lukas-brosi-wird-neuer-cfo\\\/\"]}]},{\"@type\":\"ImageObject\",\"inLanguage\":\"fr-FR\",\"@id\":\"https:\\\/\\\/www.immobilienbusiness.ch\\\/allgemein\\\/2016-11-09\\\/flughafen-zuerich-lukas-brosi-wird-neuer-cfo\\\/#primaryimage\",\"url\":\"https:\\\/\\\/www.immobilienbusiness.ch\\\/wp-content\\\/uploads\\\/2016\\\/11\\\/Flughafen-Zuerich-Lukas-Brosi-wird-neuer-CFO-immobilien-business.jpg\",\"contentUrl\":\"https:\\\/\\\/www.immobilienbusiness.ch\\\/wp-content\\\/uploads\\\/2016\\\/11\\\/Flughafen-Zuerich-Lukas-Brosi-wird-neuer-CFO-immobilien-business.jpg\",\"width\":1266,\"height\":800,\"caption\":\"Der Flughafen Z\u00fcrich bekommt mit Lukas Brosi einen neuen CFO (Foto: Andreas Faessler - Eigenes Werk, CC-BY-SA 4.0, Wikimedia Commons)\"},{\"@type\":\"BreadcrumbList\",\"@id\":\"https:\\\/\\\/www.immobilienbusiness.ch\\\/allgemein\\\/2016-11-09\\\/flughafen-zuerich-lukas-brosi-wird-neuer-cfo\\\/#breadcrumb\",\"itemListElement\":[{\"@type\":\"ListItem\",\"position\":1,\"name\":\"Home\",\"item\":\"https:\\\/\\\/www.immobilienbusiness.ch\\\/\"},{\"@type\":\"ListItem\",\"position\":2,\"name\":\"Flughafen Z\u00fcrich: Lukas Brosi wird neuer CFO\"}]},{\"@type\":\"WebSite\",\"@id\":\"https:\\\/\\\/www.immobilienbusiness.ch\\\/#website\",\"url\":\"https:\\\/\\\/www.immobilienbusiness.ch\\\/\",\"name\":\"IMMOBILIEN Business\",\"description\":\"Unabh\u00e4ngiges Schweizer Wirtschaftsmagazin mit Fokus auf Immobilien, Architektur- und Bau sowie Investment- und Finanzierung.\",\"publisher\":{\"@id\":\"https:\\\/\\\/www.immobilienbusiness.ch\\\/#organization\"},\"potentialAction\":[{\"@type\":\"SearchAction\",\"target\":{\"@type\":\"EntryPoint\",\"urlTemplate\":\"https:\\\/\\\/www.immobilienbusiness.ch\\\/?s={search_term_string}\"},\"query-input\":{\"@type\":\"PropertyValueSpecification\",\"valueRequired\":true,\"valueName\":\"search_term_string\"}}],\"inLanguage\":\"fr-FR\"},{\"@type\":\"Organization\",\"@id\":\"https:\\\/\\\/www.immobilienbusiness.ch\\\/#organization\",\"name\":\"IMMOBILIEN Business\",\"url\":\"https:\\\/\\\/www.immobilienbusiness.ch\\\/\",\"logo\":{\"@type\":\"ImageObject\",\"inLanguage\":\"fr-FR\",\"@id\":\"https:\\\/\\\/www.immobilienbusiness.ch\\\/#\\\/schema\\\/logo\\\/image\\\/\",\"url\":\"https:\\\/\\\/www.immobilienbusiness.ch\\\/wp-content\\\/uploads\\\/2021\\\/07\\\/logo_ib.png\",\"contentUrl\":\"https:\\\/\\\/www.immobilienbusiness.ch\\\/wp-content\\\/uploads\\\/2021\\\/07\\\/logo_ib.png\",\"width\":800,\"height\":181,\"caption\":\"IMMOBILIEN Business\"},\"image\":{\"@id\":\"https:\\\/\\\/www.immobilienbusiness.ch\\\/#\\\/schema\\\/logo\\\/image\\\/\"},\"sameAs\":[\"https:\\\/\\\/www.facebook.com\\\/immobilienbusiness\\\/\"]},{\"@type\":\"Person\",\"@id\":\"https:\\\/\\\/www.immobilienbusiness.ch\\\/#\\\/schema\\\/person\\\/aa2bace6c5c5aad60102004a50c4eb1c\",\"name\":\"Redaktion\",\"image\":{\"@type\":\"ImageObject\",\"inLanguage\":\"fr-FR\",\"@id\":\"https:\\\/\\\/secure.gravatar.com\\\/avatar\\\/ae2f4d718e6c49043e314ce431e7e645d646302a24a5ef5a8bc8e3f5a032e319?s=96&d=mm&r=g\",\"url\":\"https:\\\/\\\/secure.gravatar.com\\\/avatar\\\/ae2f4d718e6c49043e314ce431e7e645d646302a24a5ef5a8bc8e3f5a032e319?s=96&d=mm&r=g\",\"contentUrl\":\"https:\\\/\\\/secure.gravatar.com\\\/avatar\\\/ae2f4d718e6c49043e314ce431e7e645d646302a24a5ef5a8bc8e3f5a032e319?s=96&d=mm&r=g\",\"caption\":\"Redaktion\"},\"sameAs\":[\"http:\\\/\\\/develop.organisator.galledia.ch\"],\"url\":\"https:\\\/\\\/www.immobilienbusiness.ch\\\/fr\\\/author\\\/admin\\\/\"}]}<\/script>\n<!-- \/ Yoast SEO plugin. -->","yoast_head_json":{"title":"Flughafen Z\u00fcrich: Lukas Brosi wird neuer CFO - IMMOBILIEN Business","description":"Lukas Brosi wird per 1.2.2017 zum neuen CFO der Flughafenbetreiberin ernannt.","robots":{"index":"index","follow":"follow","max-snippet":"max-snippet:-1","max-image-preview":"max-image-preview:large","max-video-preview":"max-video-preview:-1"},"canonical":"https:\/\/www.immobilienbusiness.ch\/fr\/allgemein\/2016-11-09\/flughafen-zuerich-lukas-brosi-wird-neuer-cfo\/","og_locale":"fr_FR","og_type":"article","og_title":"Flughafen Z\u00fcrich: Lukas Brosi wird neuer CFO","og_description":"Die Flughafen Z\u00fcrich AG hat die Nachfolge des ausscheidenden Finanzchefs Daniel Schmucki geregelt. Lukas Brosi, bisheriger Stellvertreter von Schmucki, wird per 1. Februar 2017 zum neuen Chief Financial Officer (CFO) der Flughafenbetreiberin ernannt.","og_url":"https:\/\/www.immobilienbusiness.ch\/fr\/allgemein\/2016-11-09\/flughafen-zuerich-lukas-brosi-wird-neuer-cfo\/","og_site_name":"IMMOBILIEN Business","article_publisher":"https:\/\/www.facebook.com\/immobilienbusiness\/","article_published_time":"2016-11-09T07:44:35+00:00","author":"Redaktion","twitter_card":"summary_large_image","twitter_image":"https:\/\/www.immobilienbusiness.ch\/wp-content\/uploads\/2016\/11\/Flughafen-Zuerich-Lukas-Brosi-wird-neuer-CFO-immobilien-business.jpg","schema":{"@context":"https:\/\/schema.org","@graph":[{"@type":"Article","@id":"https:\/\/www.immobilienbusiness.ch\/allgemein\/2016-11-09\/flughafen-zuerich-lukas-brosi-wird-neuer-cfo\/#article","isPartOf":{"@id":"https:\/\/www.immobilienbusiness.ch\/allgemein\/2016-11-09\/flughafen-zuerich-lukas-brosi-wird-neuer-cfo\/"},"author":{"name":"Redaktion","@id":"https:\/\/www.immobilienbusiness.ch\/#\/schema\/person\/aa2bace6c5c5aad60102004a50c4eb1c"},"headline":"Flughafen Z\u00fcrich: Lukas Brosi wird neuer CFO","datePublished":"2016-11-09T07:44:35+00:00","mainEntityOfPage":{"@id":"https:\/\/www.immobilienbusiness.ch\/allgemein\/2016-11-09\/flughafen-zuerich-lukas-brosi-wird-neuer-cfo\/"},"wordCount":153,"commentCount":0,"publisher":{"@id":"https:\/\/www.immobilienbusiness.ch\/#organization"},"image":{"@id":"https:\/\/www.immobilienbusiness.ch\/allgemein\/2016-11-09\/flughafen-zuerich-lukas-brosi-wird-neuer-cfo\/#primaryimage"},"thumbnailUrl":"https:\/\/www.immobilienbusiness.ch\/wp-content\/uploads\/2016\/11\/Flughafen-Zuerich-Lukas-Brosi-wird-neuer-CFO-immobilien-business.jpg","keywords":["Personalien"],"articleSection":["Allgemein"],"inLanguage":"fr-FR"},{"@type":"WebPage","@id":"https:\/\/www.immobilienbusiness.ch\/allgemein\/2016-11-09\/flughafen-zuerich-lukas-brosi-wird-neuer-cfo\/","url":"https:\/\/www.immobilienbusiness.ch\/allgemein\/2016-11-09\/flughafen-zuerich-lukas-brosi-wird-neuer-cfo\/","name":"Flughafen Z\u00fcrich: Lukas Brosi wird neuer CFO - IMMOBILIEN Business","isPartOf":{"@id":"https:\/\/www.immobilienbusiness.ch\/#website"},"primaryImageOfPage":{"@id":"https:\/\/www.immobilienbusiness.ch\/allgemein\/2016-11-09\/flughafen-zuerich-lukas-brosi-wird-neuer-cfo\/#primaryimage"},"image":{"@id":"https:\/\/www.immobilienbusiness.ch\/allgemein\/2016-11-09\/flughafen-zuerich-lukas-brosi-wird-neuer-cfo\/#primaryimage"},"thumbnailUrl":"https:\/\/www.immobilienbusiness.ch\/wp-content\/uploads\/2016\/11\/Flughafen-Zuerich-Lukas-Brosi-wird-neuer-CFO-immobilien-business.jpg","datePublished":"2016-11-09T07:44:35+00:00","description":"Lukas Brosi wird per 1.2.2017 zum neuen CFO der Flughafenbetreiberin ernannt.","breadcrumb":{"@id":"https:\/\/www.immobilienbusiness.ch\/allgemein\/2016-11-09\/flughafen-zuerich-lukas-brosi-wird-neuer-cfo\/#breadcrumb"},"inLanguage":"fr-FR","potentialAction":[{"@type":"ReadAction","target":["https:\/\/www.immobilienbusiness.ch\/allgemein\/2016-11-09\/flughafen-zuerich-lukas-brosi-wird-neuer-cfo\/"]}]},{"@type":"ImageObject","inLanguage":"fr-FR","@id":"https:\/\/www.immobilienbusiness.ch\/allgemein\/2016-11-09\/flughafen-zuerich-lukas-brosi-wird-neuer-cfo\/#primaryimage","url":"https:\/\/www.immobilienbusiness.ch\/wp-content\/uploads\/2016\/11\/Flughafen-Zuerich-Lukas-Brosi-wird-neuer-CFO-immobilien-business.jpg","contentUrl":"https:\/\/www.immobilienbusiness.ch\/wp-content\/uploads\/2016\/11\/Flughafen-Zuerich-Lukas-Brosi-wird-neuer-CFO-immobilien-business.jpg","width":1266,"height":800,"caption":"Der Flughafen Z\u00fcrich bekommt mit Lukas Brosi einen neuen CFO (Foto: Andreas Faessler - Eigenes Werk, CC-BY-SA 4.0, Wikimedia Commons)"},{"@type":"BreadcrumbList","@id":"https:\/\/www.immobilienbusiness.ch\/allgemein\/2016-11-09\/flughafen-zuerich-lukas-brosi-wird-neuer-cfo\/#breadcrumb","itemListElement":[{"@type":"ListItem","position":1,"name":"Home","item":"https:\/\/www.immobilienbusiness.ch\/"},{"@type":"ListItem","position":2,"name":"Flughafen Z\u00fcrich: Lukas Brosi wird neuer CFO"}]},{"@type":"WebSite","@id":"https:\/\/www.immobilienbusiness.ch\/#website","url":"https:\/\/www.immobilienbusiness.ch\/","name":"IMMOBILIER Business","description":"Magazine \u00e9conomique suisse ind\u00e9pendant ax\u00e9 sur l'immobilier, l'architecture et la construction ainsi que sur les investissements et le financement.","publisher":{"@id":"https:\/\/www.immobilienbusiness.ch\/#organization"},"potentialAction":[{"@type":"SearchAction","target":{"@type":"EntryPoint","urlTemplate":"https:\/\/www.immobilienbusiness.ch\/?s={search_term_string}"},"query-input":{"@type":"PropertyValueSpecification","valueRequired":true,"valueName":"search_term_string"}}],"inLanguage":"fr-FR"},{"@type":"Organization","@id":"https:\/\/www.immobilienbusiness.ch\/#organization","name":"IMMOBILIER Business","url":"https:\/\/www.immobilienbusiness.ch\/","logo":{"@type":"ImageObject","inLanguage":"fr-FR","@id":"https:\/\/www.immobilienbusiness.ch\/#\/schema\/logo\/image\/","url":"https:\/\/www.immobilienbusiness.ch\/wp-content\/uploads\/2021\/07\/logo_ib.png","contentUrl":"https:\/\/www.immobilienbusiness.ch\/wp-content\/uploads\/2021\/07\/logo_ib.png","width":800,"height":181,"caption":"IMMOBILIEN Business"},"image":{"@id":"https:\/\/www.immobilienbusiness.ch\/#\/schema\/logo\/image\/"},"sameAs":["https:\/\/www.facebook.com\/immobilienbusiness\/"]},{"@type":"Person","@id":"https:\/\/www.immobilienbusiness.ch\/#\/schema\/person\/aa2bace6c5c5aad60102004a50c4eb1c","name":"Editorial","image":{"@type":"ImageObject","inLanguage":"fr-FR","@id":"https:\/\/secure.gravatar.com\/avatar\/ae2f4d718e6c49043e314ce431e7e645d646302a24a5ef5a8bc8e3f5a032e319?s=96&d=mm&r=g","url":"https:\/\/secure.gravatar.com\/avatar\/ae2f4d718e6c49043e314ce431e7e645d646302a24a5ef5a8bc8e3f5a032e319?s=96&d=mm&r=g","contentUrl":"https:\/\/secure.gravatar.com\/avatar\/ae2f4d718e6c49043e314ce431e7e645d646302a24a5ef5a8bc8e3f5a032e319?s=96&d=mm&r=g","caption":"Redaktion"},"sameAs":["http:\/\/develop.organisator.galledia.ch"],"url":"https:\/\/www.immobilienbusiness.ch\/fr\/author\/admin\/"}]}},"_links":{"self":[{"href":"https:\/\/www.immobilienbusiness.ch\/fr\/wp-json\/wp\/v2\/posts\/1099","targetHints":{"allow":["GET"]}}],"collection":[{"href":"https:\/\/www.immobilienbusiness.ch\/fr\/wp-json\/wp\/v2\/posts"}],"about":[{"href":"https:\/\/www.immobilienbusiness.ch\/fr\/wp-json\/wp\/v2\/types\/post"}],"author":[{"embeddable":true,"href":"https:\/\/www.immobilienbusiness.ch\/fr\/wp-json\/wp\/v2\/users\/1"}],"replies":[{"embeddable":true,"href":"https:\/\/www.immobilienbusiness.ch\/fr\/wp-json\/wp\/v2\/comments?post=1099"}],"version-history":[{"count":0,"href":"https:\/\/www.immobilienbusiness.ch\/fr\/wp-json\/wp\/v2\/posts\/1099\/revisions"}],"wp:featuredmedia":[{"embeddable":true,"href":"https:\/\/www.immobilienbusiness.ch\/fr\/wp-json\/wp\/v2\/media\/5150"}],"wp:attachment":[{"href":"https:\/\/www.immobilienbusiness.ch\/fr\/wp-json\/wp\/v2\/media?parent=1099"}],"wp:term":[{"taxonomy":"category","embeddable":true,"href":"https:\/\/www.immobilienbusiness.ch\/fr\/wp-json\/wp\/v2\/categories?post=1099"},{"taxonomy":"post_tag","embeddable":true,"href":"https:\/\/www.immobilienbusiness.ch\/fr\/wp-json\/wp\/v2\/tags?post=1099"}],"curies":[{"name":"wp","href":"https:\/\/api.w.org\/{rel}","templated":true}]}}