{"id":10969,"date":"2018-01-17T08:37:29","date_gmt":"2018-01-17T07:37:29","guid":{"rendered":"https:\/\/www.immobilienbusiness.ch\/?p=10969"},"modified":"2018-01-17T08:37:29","modified_gmt":"2018-01-17T07:37:29","slug":"acron-verkauft-projekt-in-wien-an-real-i-s","status":"publish","type":"post","link":"https:\/\/www.immobilienbusiness.ch\/fr\/unternehmen\/2018-01-17\/acron-verkauft-projekt-in-wien-an-real-i-s\/","title":{"rendered":"Acron vend un bien \u00e0 Vienne \u00e0 Real I.S."},"content":{"rendered":"<figure id=\"attachment_10971\" aria-describedby=\"caption-attachment-10971\" style=\"width: 680px\" class=\"wp-caption alignnone\"><img loading=\"lazy\" decoding=\"async\" class=\"wp-image-10971 size-medium\" src=\"https:\/\/www.immobilienbusiness.ch\/wp-content\/uploads\/2018\/01\/Acron.jpg\" alt=\"\" width=\"680\" height=\"402\" srcset=\"https:\/\/www.immobilienbusiness.ch\/wp-content\/uploads\/2018\/01\/Acron.jpg 945w, https:\/\/www.immobilienbusiness.ch\/wp-content\/uploads\/2018\/01\/Acron-300x177.jpg 300w, https:\/\/www.immobilienbusiness.ch\/wp-content\/uploads\/2018\/01\/Acron-768x454.jpg 768w, https:\/\/www.immobilienbusiness.ch\/wp-content\/uploads\/2018\/01\/Acron-16x9.jpg 16w, https:\/\/www.immobilienbusiness.ch\/wp-content\/uploads\/2018\/01\/Acron-296x175.jpg 296w, https:\/\/www.immobilienbusiness.ch\/wp-content\/uploads\/2018\/01\/Acron-592x350.jpg 592w, https:\/\/www.immobilienbusiness.ch\/wp-content\/uploads\/2018\/01\/Acron-920x544.jpg 920w\" sizes=\"auto, (max-width: 680px) 100vw, 680px\" \/><figcaption id=\"caption-attachment-10971\" class=\"wp-caption-text\">Acron vend l'immeuble de la gare de l'ouest \u00e0 Vienne \u00e0 Real I.S. (\u00a9 \u00d6BB\/Robert Deopito)<\/figcaption><\/figure>\n<p>La valeur de l'immeuble dans la capitale autrichienne, sur laquelle se base le prix d'achat, s'\u00e9l\u00e8ve \u00e0 environ 110 millions d'euros (environ 130 millions de CHF), indique Acron.<\/p>\n<p>Le bien vendu est un immeuble de bureaux, un h\u00f4tel Motel One et un centre commercial, achev\u00e9 en 2011 et situ\u00e9 directement \u00e0 la gare de l'Ouest \u00e0 Vienne. Le bien immobilier est enti\u00e8rement lou\u00e9 au moment de la vente et est g\u00e9r\u00e9 par ECE Projektmanagement Austria.<\/p>\n<p>A l'\u00e9poque, l'investissement avait \u00e9t\u00e9 plac\u00e9 dans une soci\u00e9t\u00e9 anonyme luxembourgeoise \u00e0 objet unique, Acron Wien West A3 S.A.. Selon l'entreprise, les investisseurs ont pu r\u00e9aliser une croissance du patrimoine d'environ 89 pour cent de leur capital propre apport\u00e9.<\/p>\n<p>Acron a \u00e9t\u00e9 conseill\u00e9 dans cette transaction par le cabinet d'avocats d'affaires Arendt &amp; Medernach ainsi que par Eastdill Secured. L'acqu\u00e9reur, Real I.S. AG, est un fournisseur allemand bien connu d'investissements immobiliers pour les investisseurs priv\u00e9s et institutionnels.<\/p>\n<p>&nbsp;<\/p>\n<p>&nbsp;<\/p>","protected":false},"excerpt":{"rendered":"<p>Le groupe Acron a vendu l'immeuble commercial \u00e0 usage mixte Wien Westbahnhof A3, situ\u00e9 dans le quartier BahnhofCity Wien West, \u00e0 un fonds de Real I.S. sous forme de share deal.\u00a0<\/p>","protected":false},"author":3,"featured_media":10971,"comment_status":"open","ping_status":"open","sticky":false,"template":"","format":"standard","meta":{"_acf_changed":false,"_yoast_wpseo_focuskw":"Acron","_yoast_wpseo_title":"","_yoast_wpseo_metadesc":"Die Acron Gruppe hat die gemischt genutzte Gewerbeimmobilie Wien Westbahnhof A3 in der BahnhofCity Wien West als Share Deal an einen Fonds der Real I.S. AG ver\u00e4ussert.\u00a0","_yoast_wpseo_linkdex":44,"pgc_sgb_lightbox_settings":"","footnotes":""},"categories":[988],"tags":[1052,1119,1313,1344,1697,1807,1830],"class_list":["post-10969","post","type-post","status-publish","format-standard","has-post-thumbnail","hentry","category-unternehmen","tag-ausland","tag-bueroimmobilien","tag-hotel","tag-immobilienfonds","tag-shopping-center","tag-unternehmen","tag-verkauf"],"acf":[],"yoast_head":"<!-- This site is optimized with the Yoast SEO plugin v27.4 - https:\/\/yoast.com\/product\/yoast-seo-wordpress\/ -->\n<title>Acron verkauft Objekt in Wien an Real I.S. - IMMOBILIEN Business<\/title>\n<meta name=\"description\" content=\"Die Acron Gruppe hat die gemischt genutzte Gewerbeimmobilie Wien Westbahnhof A3 in der BahnhofCity Wien West als Share Deal an einen Fonds der Real I.S. AG ver\u00e4ussert.\u00a0\" \/>\n<meta name=\"robots\" content=\"index, follow, max-snippet:-1, max-image-preview:large, max-video-preview:-1\" \/>\n<link rel=\"canonical\" href=\"https:\/\/www.immobilienbusiness.ch\/fr\/unternehmen\/2018-01-17\/acron-verkauft-projekt-in-wien-an-real-i-s\/\" \/>\n<meta property=\"og:locale\" content=\"fr_FR\" \/>\n<meta property=\"og:type\" content=\"article\" \/>\n<meta property=\"og:title\" content=\"Acron verkauft Objekt in Wien an Real I.S.\" \/>\n<meta property=\"og:description\" content=\"Die Acron Gruppe hat die gemischt genutzte Gewerbeimmobilie Wien Westbahnhof A3 in der BahnhofCity Wien West als Share Deal an einen Fonds der Real I.S. AG ver\u00e4ussert.\u00a0\" \/>\n<meta property=\"og:url\" content=\"https:\/\/www.immobilienbusiness.ch\/fr\/unternehmen\/2018-01-17\/acron-verkauft-projekt-in-wien-an-real-i-s\/\" \/>\n<meta property=\"og:site_name\" content=\"IMMOBILIEN Business\" \/>\n<meta property=\"article:publisher\" content=\"https:\/\/www.facebook.com\/immobilienbusiness\/\" \/>\n<meta property=\"article:published_time\" content=\"2018-01-17T07:37:29+00:00\" \/>\n<meta property=\"og:image\" content=\"https:\/\/www.immobilienbusiness.ch\/wp-content\/uploads\/2018\/01\/Acron.jpg\" \/>\n\t<meta property=\"og:image:width\" content=\"945\" \/>\n\t<meta property=\"og:image:height\" content=\"559\" \/>\n\t<meta property=\"og:image:type\" content=\"image\/jpeg\" \/>\n<meta name=\"author\" content=\"anja.hall\" \/>\n<meta name=\"twitter:card\" content=\"summary_large_image\" \/>\n<meta name=\"twitter:title\" content=\"Acron verkauft Objekt in Wien an Real I.S.\" \/>\n<meta name=\"twitter:description\" content=\"Die Acron Gruppe hat die gemischt genutzte Gewerbeimmobilie Wien Westbahnhof A3 in der BahnhofCity Wien West als Share Deal an einen Fonds der Real I.S. AG ver\u00e4ussert.\u00a0\" \/>\n<meta name=\"twitter:image\" content=\"https:\/\/www.immobilienbusiness.ch\/wp-content\/uploads\/2018\/01\/Acron.jpg\" \/>\n<script type=\"application\/ld+json\" class=\"yoast-schema-graph\">{\"@context\":\"https:\\\/\\\/schema.org\",\"@graph\":[{\"@type\":\"Article\",\"@id\":\"https:\\\/\\\/www.immobilienbusiness.ch\\\/unternehmen\\\/2018-01-17\\\/acron-verkauft-projekt-in-wien-an-real-i-s\\\/#article\",\"isPartOf\":{\"@id\":\"https:\\\/\\\/www.immobilienbusiness.ch\\\/unternehmen\\\/2018-01-17\\\/acron-verkauft-projekt-in-wien-an-real-i-s\\\/\"},\"author\":{\"name\":\"anja.hall\",\"@id\":\"https:\\\/\\\/www.immobilienbusiness.ch\\\/#\\\/schema\\\/person\\\/3fc036297b10b9f42d6db5ee932af8c8\"},\"headline\":\"Acron verkauft Objekt in Wien an Real I.S.\",\"datePublished\":\"2018-01-17T07:37:29+00:00\",\"mainEntityOfPage\":{\"@id\":\"https:\\\/\\\/www.immobilienbusiness.ch\\\/unternehmen\\\/2018-01-17\\\/acron-verkauft-projekt-in-wien-an-real-i-s\\\/\"},\"wordCount\":168,\"commentCount\":0,\"publisher\":{\"@id\":\"https:\\\/\\\/www.immobilienbusiness.ch\\\/#organization\"},\"image\":{\"@id\":\"https:\\\/\\\/www.immobilienbusiness.ch\\\/unternehmen\\\/2018-01-17\\\/acron-verkauft-projekt-in-wien-an-real-i-s\\\/#primaryimage\"},\"thumbnailUrl\":\"https:\\\/\\\/www.immobilienbusiness.ch\\\/wp-content\\\/uploads\\\/2018\\\/01\\\/Acron.jpg\",\"keywords\":[\"Ausland\",\"B\u00fcroimmobilien\",\"Hotel\",\"Immobilienfonds\",\"Shopping Center\",\"Unternehmen\",\"Verkauf\"],\"articleSection\":[\"UNTERNEHMEN\"],\"inLanguage\":\"fr-FR\"},{\"@type\":\"WebPage\",\"@id\":\"https:\\\/\\\/www.immobilienbusiness.ch\\\/unternehmen\\\/2018-01-17\\\/acron-verkauft-projekt-in-wien-an-real-i-s\\\/\",\"url\":\"https:\\\/\\\/www.immobilienbusiness.ch\\\/unternehmen\\\/2018-01-17\\\/acron-verkauft-projekt-in-wien-an-real-i-s\\\/\",\"name\":\"Acron verkauft Objekt in Wien an Real I.S. - IMMOBILIEN Business\",\"isPartOf\":{\"@id\":\"https:\\\/\\\/www.immobilienbusiness.ch\\\/#website\"},\"primaryImageOfPage\":{\"@id\":\"https:\\\/\\\/www.immobilienbusiness.ch\\\/unternehmen\\\/2018-01-17\\\/acron-verkauft-projekt-in-wien-an-real-i-s\\\/#primaryimage\"},\"image\":{\"@id\":\"https:\\\/\\\/www.immobilienbusiness.ch\\\/unternehmen\\\/2018-01-17\\\/acron-verkauft-projekt-in-wien-an-real-i-s\\\/#primaryimage\"},\"thumbnailUrl\":\"https:\\\/\\\/www.immobilienbusiness.ch\\\/wp-content\\\/uploads\\\/2018\\\/01\\\/Acron.jpg\",\"datePublished\":\"2018-01-17T07:37:29+00:00\",\"description\":\"Die Acron Gruppe hat die gemischt genutzte Gewerbeimmobilie Wien Westbahnhof A3 in der BahnhofCity Wien West als Share Deal an einen Fonds der Real I.S. AG ver\u00e4ussert.\u00a0\",\"breadcrumb\":{\"@id\":\"https:\\\/\\\/www.immobilienbusiness.ch\\\/unternehmen\\\/2018-01-17\\\/acron-verkauft-projekt-in-wien-an-real-i-s\\\/#breadcrumb\"},\"inLanguage\":\"fr-FR\",\"potentialAction\":[{\"@type\":\"ReadAction\",\"target\":[\"https:\\\/\\\/www.immobilienbusiness.ch\\\/unternehmen\\\/2018-01-17\\\/acron-verkauft-projekt-in-wien-an-real-i-s\\\/\"]}]},{\"@type\":\"ImageObject\",\"inLanguage\":\"fr-FR\",\"@id\":\"https:\\\/\\\/www.immobilienbusiness.ch\\\/unternehmen\\\/2018-01-17\\\/acron-verkauft-projekt-in-wien-an-real-i-s\\\/#primaryimage\",\"url\":\"https:\\\/\\\/www.immobilienbusiness.ch\\\/wp-content\\\/uploads\\\/2018\\\/01\\\/Acron.jpg\",\"contentUrl\":\"https:\\\/\\\/www.immobilienbusiness.ch\\\/wp-content\\\/uploads\\\/2018\\\/01\\\/Acron.jpg\",\"width\":945,\"height\":559},{\"@type\":\"BreadcrumbList\",\"@id\":\"https:\\\/\\\/www.immobilienbusiness.ch\\\/unternehmen\\\/2018-01-17\\\/acron-verkauft-projekt-in-wien-an-real-i-s\\\/#breadcrumb\",\"itemListElement\":[{\"@type\":\"ListItem\",\"position\":1,\"name\":\"Home\",\"item\":\"https:\\\/\\\/www.immobilienbusiness.ch\\\/\"},{\"@type\":\"ListItem\",\"position\":2,\"name\":\"Acron verkauft Objekt in Wien an Real I.S.\"}]},{\"@type\":\"WebSite\",\"@id\":\"https:\\\/\\\/www.immobilienbusiness.ch\\\/#website\",\"url\":\"https:\\\/\\\/www.immobilienbusiness.ch\\\/\",\"name\":\"IMMOBILIEN Business\",\"description\":\"Unabh\u00e4ngiges Schweizer Wirtschaftsmagazin mit Fokus auf Immobilien, Architektur- und Bau sowie Investment- und Finanzierung.\",\"publisher\":{\"@id\":\"https:\\\/\\\/www.immobilienbusiness.ch\\\/#organization\"},\"potentialAction\":[{\"@type\":\"SearchAction\",\"target\":{\"@type\":\"EntryPoint\",\"urlTemplate\":\"https:\\\/\\\/www.immobilienbusiness.ch\\\/?s={search_term_string}\"},\"query-input\":{\"@type\":\"PropertyValueSpecification\",\"valueRequired\":true,\"valueName\":\"search_term_string\"}}],\"inLanguage\":\"fr-FR\"},{\"@type\":\"Organization\",\"@id\":\"https:\\\/\\\/www.immobilienbusiness.ch\\\/#organization\",\"name\":\"IMMOBILIEN Business\",\"url\":\"https:\\\/\\\/www.immobilienbusiness.ch\\\/\",\"logo\":{\"@type\":\"ImageObject\",\"inLanguage\":\"fr-FR\",\"@id\":\"https:\\\/\\\/www.immobilienbusiness.ch\\\/#\\\/schema\\\/logo\\\/image\\\/\",\"url\":\"https:\\\/\\\/www.immobilienbusiness.ch\\\/wp-content\\\/uploads\\\/2021\\\/07\\\/logo_ib.png\",\"contentUrl\":\"https:\\\/\\\/www.immobilienbusiness.ch\\\/wp-content\\\/uploads\\\/2021\\\/07\\\/logo_ib.png\",\"width\":800,\"height\":181,\"caption\":\"IMMOBILIEN Business\"},\"image\":{\"@id\":\"https:\\\/\\\/www.immobilienbusiness.ch\\\/#\\\/schema\\\/logo\\\/image\\\/\"},\"sameAs\":[\"https:\\\/\\\/www.facebook.com\\\/immobilienbusiness\\\/\"]},{\"@type\":\"Person\",\"@id\":\"https:\\\/\\\/www.immobilienbusiness.ch\\\/#\\\/schema\\\/person\\\/3fc036297b10b9f42d6db5ee932af8c8\",\"name\":\"anja.hall\",\"image\":{\"@type\":\"ImageObject\",\"inLanguage\":\"fr-FR\",\"@id\":\"https:\\\/\\\/secure.gravatar.com\\\/avatar\\\/066b5a0d447013502c71a5782f4f3469f03cfe595cc2329fb94652fe47511bfb?s=96&d=mm&r=g\",\"url\":\"https:\\\/\\\/secure.gravatar.com\\\/avatar\\\/066b5a0d447013502c71a5782f4f3469f03cfe595cc2329fb94652fe47511bfb?s=96&d=mm&r=g\",\"contentUrl\":\"https:\\\/\\\/secure.gravatar.com\\\/avatar\\\/066b5a0d447013502c71a5782f4f3469f03cfe595cc2329fb94652fe47511bfb?s=96&d=mm&r=g\",\"caption\":\"anja.hall\"},\"url\":\"https:\\\/\\\/www.immobilienbusiness.ch\\\/fr\\\/author\\\/anja-hall\\\/\"}]}<\/script>\n<!-- \/ Yoast SEO plugin. -->","yoast_head_json":{"title":"Acron vend un bien \u00e0 Vienne \u00e0 Real I.S. - IMMOBILIER Business","description":"Le groupe Acron a vendu l'immeuble commercial \u00e0 usage mixte Wien Westbahnhof A3, situ\u00e9 dans le quartier BahnhofCity Wien West, sous forme de share deal \u00e0 un fonds de Real I.S. AG.\u00a0","robots":{"index":"index","follow":"follow","max-snippet":"max-snippet:-1","max-image-preview":"max-image-preview:large","max-video-preview":"max-video-preview:-1"},"canonical":"https:\/\/www.immobilienbusiness.ch\/fr\/unternehmen\/2018-01-17\/acron-verkauft-projekt-in-wien-an-real-i-s\/","og_locale":"fr_FR","og_type":"article","og_title":"Acron verkauft Objekt in Wien an Real I.S.","og_description":"Die Acron Gruppe hat die gemischt genutzte Gewerbeimmobilie Wien Westbahnhof A3 in der BahnhofCity Wien West als Share Deal an einen Fonds der Real I.S. AG ver\u00e4ussert.\u00a0","og_url":"https:\/\/www.immobilienbusiness.ch\/fr\/unternehmen\/2018-01-17\/acron-verkauft-projekt-in-wien-an-real-i-s\/","og_site_name":"IMMOBILIEN Business","article_publisher":"https:\/\/www.facebook.com\/immobilienbusiness\/","article_published_time":"2018-01-17T07:37:29+00:00","og_image":[{"width":945,"height":559,"url":"https:\/\/www.immobilienbusiness.ch\/wp-content\/uploads\/2018\/01\/Acron.jpg","type":"image\/jpeg"}],"author":"anja.hall","twitter_card":"summary_large_image","twitter_title":"Acron verkauft Objekt in Wien an Real I.S.","twitter_description":"Die Acron Gruppe hat die gemischt genutzte Gewerbeimmobilie Wien Westbahnhof A3 in der BahnhofCity Wien West als Share Deal an einen Fonds der Real I.S. AG ver\u00e4ussert.\u00a0","twitter_image":"https:\/\/www.immobilienbusiness.ch\/wp-content\/uploads\/2018\/01\/Acron.jpg","schema":{"@context":"https:\/\/schema.org","@graph":[{"@type":"Article","@id":"https:\/\/www.immobilienbusiness.ch\/unternehmen\/2018-01-17\/acron-verkauft-projekt-in-wien-an-real-i-s\/#article","isPartOf":{"@id":"https:\/\/www.immobilienbusiness.ch\/unternehmen\/2018-01-17\/acron-verkauft-projekt-in-wien-an-real-i-s\/"},"author":{"name":"anja.hall","@id":"https:\/\/www.immobilienbusiness.ch\/#\/schema\/person\/3fc036297b10b9f42d6db5ee932af8c8"},"headline":"Acron verkauft Objekt in Wien an Real I.S.","datePublished":"2018-01-17T07:37:29+00:00","mainEntityOfPage":{"@id":"https:\/\/www.immobilienbusiness.ch\/unternehmen\/2018-01-17\/acron-verkauft-projekt-in-wien-an-real-i-s\/"},"wordCount":168,"commentCount":0,"publisher":{"@id":"https:\/\/www.immobilienbusiness.ch\/#organization"},"image":{"@id":"https:\/\/www.immobilienbusiness.ch\/unternehmen\/2018-01-17\/acron-verkauft-projekt-in-wien-an-real-i-s\/#primaryimage"},"thumbnailUrl":"https:\/\/www.immobilienbusiness.ch\/wp-content\/uploads\/2018\/01\/Acron.jpg","keywords":["Ausland","B\u00fcroimmobilien","Hotel","Immobilienfonds","Shopping Center","Unternehmen","Verkauf"],"articleSection":["UNTERNEHMEN"],"inLanguage":"fr-FR"},{"@type":"WebPage","@id":"https:\/\/www.immobilienbusiness.ch\/unternehmen\/2018-01-17\/acron-verkauft-projekt-in-wien-an-real-i-s\/","url":"https:\/\/www.immobilienbusiness.ch\/unternehmen\/2018-01-17\/acron-verkauft-projekt-in-wien-an-real-i-s\/","name":"Acron vend un bien \u00e0 Vienne \u00e0 Real I.S. - IMMOBILIER Business","isPartOf":{"@id":"https:\/\/www.immobilienbusiness.ch\/#website"},"primaryImageOfPage":{"@id":"https:\/\/www.immobilienbusiness.ch\/unternehmen\/2018-01-17\/acron-verkauft-projekt-in-wien-an-real-i-s\/#primaryimage"},"image":{"@id":"https:\/\/www.immobilienbusiness.ch\/unternehmen\/2018-01-17\/acron-verkauft-projekt-in-wien-an-real-i-s\/#primaryimage"},"thumbnailUrl":"https:\/\/www.immobilienbusiness.ch\/wp-content\/uploads\/2018\/01\/Acron.jpg","datePublished":"2018-01-17T07:37:29+00:00","description":"Le groupe Acron a vendu l'immeuble commercial \u00e0 usage mixte Wien Westbahnhof A3, situ\u00e9 dans le quartier BahnhofCity Wien West, sous forme de share deal \u00e0 un fonds de Real I.S. AG.\u00a0","breadcrumb":{"@id":"https:\/\/www.immobilienbusiness.ch\/unternehmen\/2018-01-17\/acron-verkauft-projekt-in-wien-an-real-i-s\/#breadcrumb"},"inLanguage":"fr-FR","potentialAction":[{"@type":"ReadAction","target":["https:\/\/www.immobilienbusiness.ch\/unternehmen\/2018-01-17\/acron-verkauft-projekt-in-wien-an-real-i-s\/"]}]},{"@type":"ImageObject","inLanguage":"fr-FR","@id":"https:\/\/www.immobilienbusiness.ch\/unternehmen\/2018-01-17\/acron-verkauft-projekt-in-wien-an-real-i-s\/#primaryimage","url":"https:\/\/www.immobilienbusiness.ch\/wp-content\/uploads\/2018\/01\/Acron.jpg","contentUrl":"https:\/\/www.immobilienbusiness.ch\/wp-content\/uploads\/2018\/01\/Acron.jpg","width":945,"height":559},{"@type":"BreadcrumbList","@id":"https:\/\/www.immobilienbusiness.ch\/unternehmen\/2018-01-17\/acron-verkauft-projekt-in-wien-an-real-i-s\/#breadcrumb","itemListElement":[{"@type":"ListItem","position":1,"name":"Home","item":"https:\/\/www.immobilienbusiness.ch\/"},{"@type":"ListItem","position":2,"name":"Acron verkauft Objekt in Wien an Real I.S."}]},{"@type":"WebSite","@id":"https:\/\/www.immobilienbusiness.ch\/#website","url":"https:\/\/www.immobilienbusiness.ch\/","name":"IMMOBILIER Business","description":"Magazine \u00e9conomique suisse ind\u00e9pendant ax\u00e9 sur l'immobilier, l'architecture et la construction ainsi que sur les investissements et le financement.","publisher":{"@id":"https:\/\/www.immobilienbusiness.ch\/#organization"},"potentialAction":[{"@type":"SearchAction","target":{"@type":"EntryPoint","urlTemplate":"https:\/\/www.immobilienbusiness.ch\/?s={search_term_string}"},"query-input":{"@type":"PropertyValueSpecification","valueRequired":true,"valueName":"search_term_string"}}],"inLanguage":"fr-FR"},{"@type":"Organization","@id":"https:\/\/www.immobilienbusiness.ch\/#organization","name":"IMMOBILIER Business","url":"https:\/\/www.immobilienbusiness.ch\/","logo":{"@type":"ImageObject","inLanguage":"fr-FR","@id":"https:\/\/www.immobilienbusiness.ch\/#\/schema\/logo\/image\/","url":"https:\/\/www.immobilienbusiness.ch\/wp-content\/uploads\/2021\/07\/logo_ib.png","contentUrl":"https:\/\/www.immobilienbusiness.ch\/wp-content\/uploads\/2021\/07\/logo_ib.png","width":800,"height":181,"caption":"IMMOBILIEN Business"},"image":{"@id":"https:\/\/www.immobilienbusiness.ch\/#\/schema\/logo\/image\/"},"sameAs":["https:\/\/www.facebook.com\/immobilienbusiness\/"]},{"@type":"Person","@id":"https:\/\/www.immobilienbusiness.ch\/#\/schema\/person\/3fc036297b10b9f42d6db5ee932af8c8","name":"anja.hall","image":{"@type":"ImageObject","inLanguage":"fr-FR","@id":"https:\/\/secure.gravatar.com\/avatar\/066b5a0d447013502c71a5782f4f3469f03cfe595cc2329fb94652fe47511bfb?s=96&d=mm&r=g","url":"https:\/\/secure.gravatar.com\/avatar\/066b5a0d447013502c71a5782f4f3469f03cfe595cc2329fb94652fe47511bfb?s=96&d=mm&r=g","contentUrl":"https:\/\/secure.gravatar.com\/avatar\/066b5a0d447013502c71a5782f4f3469f03cfe595cc2329fb94652fe47511bfb?s=96&d=mm&r=g","caption":"anja.hall"},"url":"https:\/\/www.immobilienbusiness.ch\/fr\/author\/anja-hall\/"}]}},"_links":{"self":[{"href":"https:\/\/www.immobilienbusiness.ch\/fr\/wp-json\/wp\/v2\/posts\/10969","targetHints":{"allow":["GET"]}}],"collection":[{"href":"https:\/\/www.immobilienbusiness.ch\/fr\/wp-json\/wp\/v2\/posts"}],"about":[{"href":"https:\/\/www.immobilienbusiness.ch\/fr\/wp-json\/wp\/v2\/types\/post"}],"author":[{"embeddable":true,"href":"https:\/\/www.immobilienbusiness.ch\/fr\/wp-json\/wp\/v2\/users\/3"}],"replies":[{"embeddable":true,"href":"https:\/\/www.immobilienbusiness.ch\/fr\/wp-json\/wp\/v2\/comments?post=10969"}],"version-history":[{"count":0,"href":"https:\/\/www.immobilienbusiness.ch\/fr\/wp-json\/wp\/v2\/posts\/10969\/revisions"}],"wp:featuredmedia":[{"embeddable":true,"href":"https:\/\/www.immobilienbusiness.ch\/fr\/wp-json\/wp\/v2\/media\/10971"}],"wp:attachment":[{"href":"https:\/\/www.immobilienbusiness.ch\/fr\/wp-json\/wp\/v2\/media?parent=10969"}],"wp:term":[{"taxonomy":"category","embeddable":true,"href":"https:\/\/www.immobilienbusiness.ch\/fr\/wp-json\/wp\/v2\/categories?post=10969"},{"taxonomy":"post_tag","embeddable":true,"href":"https:\/\/www.immobilienbusiness.ch\/fr\/wp-json\/wp\/v2\/tags?post=10969"}],"curies":[{"name":"wp","href":"https:\/\/api.w.org\/{rel}","templated":true}]}}