{"id":10870,"date":"2018-01-11T08:43:17","date_gmt":"2018-01-11T07:43:17","guid":{"rendered":"https:\/\/www.immobilienbusiness.ch\/?p=10870"},"modified":"2018-01-11T08:43:17","modified_gmt":"2018-01-11T07:43:17","slug":"schroder-immoplus-erwirbt-geschaeftsimmobilie-in-winterthur","status":"publish","type":"post","link":"https:\/\/www.immobilienbusiness.ch\/fr\/unternehmen\/2018-01-11\/schroder-immoplus-erwirbt-geschaeftsimmobilie-in-winterthur\/","title":{"rendered":"Schroder ImmoPlus fait un achat \u00e0 Winterthur"},"content":{"rendered":"<figure id=\"attachment_10881\" aria-describedby=\"caption-attachment-10881\" style=\"width: 680px\" class=\"wp-caption alignnone\"><img loading=\"lazy\" decoding=\"async\" class=\"size-medium wp-image-10881\" src=\"https:\/\/www.immobilienbusiness.ch\/wp-content\/uploads\/2018\/01\/image001.png\" alt=\"\" width=\"680\" height=\"334\" srcset=\"https:\/\/www.immobilienbusiness.ch\/wp-content\/uploads\/2018\/01\/image001.png 795w, https:\/\/www.immobilienbusiness.ch\/wp-content\/uploads\/2018\/01\/image001-300x148.png 300w, https:\/\/www.immobilienbusiness.ch\/wp-content\/uploads\/2018\/01\/image001-768x378.png 768w, https:\/\/www.immobilienbusiness.ch\/wp-content\/uploads\/2018\/01\/image001-16x8.png 16w, https:\/\/www.immobilienbusiness.ch\/wp-content\/uploads\/2018\/01\/image001-356x175.png 356w, https:\/\/www.immobilienbusiness.ch\/wp-content\/uploads\/2018\/01\/image001-712x350.png 712w\" sizes=\"auto, (max-width: 680px) 100vw, 680px\" \/><figcaption id=\"caption-attachment-10881\" class=\"wp-caption-text\">Le fonds Schroder ImmoPlus investit dans un immeuble commercial \u00e0 Winterthur (source : CBRE)<\/figcaption><\/figure>\n<p>Le vendeur de cet immeuble commercial enti\u00e8rement lou\u00e9 est un groupe d'investisseurs international, conseill\u00e9 exclusivement par CBRE pour cette transaction.<\/p>\n<p>Le locataire de l'immeuble est la filiale suisse de la soci\u00e9t\u00e9 cot\u00e9e en bourse Zimmer Biomet Holdings, un fournisseur mondial d'implants orthop\u00e9diques. La dur\u00e9e restante du contrat de location pour l'ensemble de l'immeuble est d'un peu moins de dix ans, et le revenu locatif annuel (net) de l'immeuble s'\u00e9l\u00e8ve \u00e0 trois millions de CHF, selon Schroders.<\/p>\n<p>Le prix d'achat s'est \u00e9lev\u00e9 \u00e0 65,1, millions de CHF et le rendement net attendu est estim\u00e9 \u00e0 environ 4,6 pour cent.<\/p>\n<p>Avec cette acquisition, qui a eu lieu avec effet r\u00e9troactif au 1er janvier, la valeur totale du portefeuille immobilier passera \u00e0 1,6 milliard de CHF, indique Schroders. Pour financer l'acquisition \u00e0 long terme, la soci\u00e9t\u00e9 de gestion de fonds \u00e9tudie une augmentation de capital d'un volume compris entre 100 et 135 millions de CHF.<\/p>","protected":false},"excerpt":{"rendered":"<p>Le fonds immobilier Schroder ImmoPlus a achet\u00e9 un immeuble commercial \u00e0 Winterthur pour 65,1 millions de CHF.<\/p>","protected":false},"author":3,"featured_media":10881,"comment_status":"open","ping_status":"open","sticky":false,"template":"","format":"standard","meta":{"_acf_changed":false,"_yoast_wpseo_focuskw":"Winterthur","_yoast_wpseo_title":"","_yoast_wpseo_metadesc":"Der Immobilienfonds Schroder ImmoPLUS hat eine Gesch\u00e4ftsimmobilie in Winterthur f\u00fcr 65,1 Millionen CHF gekauft.","_yoast_wpseo_linkdex":58,"pgc_sgb_lightbox_settings":"","footnotes":""},"categories":[988],"tags":[1344,1348,1807,1858],"class_list":["post-10870","post","type-post","status-publish","format-standard","has-post-thumbnail","hentry","category-unternehmen","tag-immobilienfonds","tag-immobilienkauf","tag-unternehmen","tag-winterthur"],"acf":[],"yoast_head":"<!-- This site is optimized with the Yoast SEO plugin v27.4 - https:\/\/yoast.com\/product\/yoast-seo-wordpress\/ -->\n<title>Schroder ImmoPlus kauft in Winterthur zu - IMMOBILIEN Business<\/title>\n<meta name=\"description\" content=\"Der Immobilienfonds Schroder ImmoPLUS hat eine Gesch\u00e4ftsimmobilie in Winterthur f\u00fcr 65,1 Millionen CHF gekauft.\" \/>\n<meta name=\"robots\" content=\"index, follow, max-snippet:-1, max-image-preview:large, max-video-preview:-1\" \/>\n<link rel=\"canonical\" href=\"https:\/\/www.immobilienbusiness.ch\/fr\/unternehmen\/2018-01-11\/schroder-immoplus-erwirbt-geschaeftsimmobilie-in-winterthur\/\" \/>\n<meta property=\"og:locale\" content=\"fr_FR\" \/>\n<meta property=\"og:type\" content=\"article\" \/>\n<meta property=\"og:title\" content=\"Schroder ImmoPLUS kauft in Winterthur zu\" \/>\n<meta property=\"og:description\" content=\"Der Immobilienfonds Schroder ImmoPLUS hat eine Gesch\u00e4ftsimmobilie in Winterthur f\u00fcr 65,1 Millionen CHF gekauft.\" \/>\n<meta property=\"og:url\" content=\"https:\/\/www.immobilienbusiness.ch\/fr\/unternehmen\/2018-01-11\/schroder-immoplus-erwirbt-geschaeftsimmobilie-in-winterthur\/\" \/>\n<meta property=\"og:site_name\" content=\"IMMOBILIEN Business\" \/>\n<meta property=\"article:publisher\" content=\"https:\/\/www.facebook.com\/immobilienbusiness\/\" \/>\n<meta property=\"article:published_time\" content=\"2018-01-11T07:43:17+00:00\" \/>\n<meta property=\"og:image\" content=\"https:\/\/www.immobilienbusiness.ch\/wp-content\/uploads\/2015\/09\/Gemeinderat-von-Winterthur-fordert-restriktive-Landvergabe-immobilien-business.jpg\" \/>\n\t<meta property=\"og:image:width\" content=\"1024\" \/>\n\t<meta property=\"og:image:height\" content=\"768\" \/>\n\t<meta property=\"og:image:type\" content=\"image\/jpeg\" \/>\n<meta name=\"author\" content=\"anja.hall\" \/>\n<meta name=\"twitter:card\" content=\"summary_large_image\" \/>\n<meta name=\"twitter:title\" content=\"Schroder ImmoPLUS kauft in Winterthur zu\" \/>\n<meta name=\"twitter:description\" content=\"Der Immobilienfonds Schroder ImmoPLUS hat eine Gesch\u00e4ftsimmobilie in Winterthur f\u00fcr 65,1 Millionen CHF gekauft.\" \/>\n<meta name=\"twitter:image\" content=\"https:\/\/www.immobilienbusiness.ch\/wp-content\/uploads\/2015\/09\/Gemeinderat-von-Winterthur-fordert-restriktive-Landvergabe-immobilien-business.jpg\" \/>\n<script type=\"application\/ld+json\" class=\"yoast-schema-graph\">{\"@context\":\"https:\\\/\\\/schema.org\",\"@graph\":[{\"@type\":\"Article\",\"@id\":\"https:\\\/\\\/www.immobilienbusiness.ch\\\/unternehmen\\\/2018-01-11\\\/schroder-immoplus-erwirbt-geschaeftsimmobilie-in-winterthur\\\/#article\",\"isPartOf\":{\"@id\":\"https:\\\/\\\/www.immobilienbusiness.ch\\\/unternehmen\\\/2018-01-11\\\/schroder-immoplus-erwirbt-geschaeftsimmobilie-in-winterthur\\\/\"},\"author\":{\"name\":\"anja.hall\",\"@id\":\"https:\\\/\\\/www.immobilienbusiness.ch\\\/#\\\/schema\\\/person\\\/3fc036297b10b9f42d6db5ee932af8c8\"},\"headline\":\"Schroder ImmoPlus kauft in Winterthur zu\",\"datePublished\":\"2018-01-11T07:43:17+00:00\",\"mainEntityOfPage\":{\"@id\":\"https:\\\/\\\/www.immobilienbusiness.ch\\\/unternehmen\\\/2018-01-11\\\/schroder-immoplus-erwirbt-geschaeftsimmobilie-in-winterthur\\\/\"},\"wordCount\":155,\"commentCount\":0,\"publisher\":{\"@id\":\"https:\\\/\\\/www.immobilienbusiness.ch\\\/#organization\"},\"image\":{\"@id\":\"https:\\\/\\\/www.immobilienbusiness.ch\\\/unternehmen\\\/2018-01-11\\\/schroder-immoplus-erwirbt-geschaeftsimmobilie-in-winterthur\\\/#primaryimage\"},\"thumbnailUrl\":\"https:\\\/\\\/www.immobilienbusiness.ch\\\/wp-content\\\/uploads\\\/2018\\\/01\\\/image001.png\",\"keywords\":[\"Immobilienfonds\",\"Immobilienkauf\",\"Unternehmen\",\"Winterthur\"],\"articleSection\":[\"UNTERNEHMEN\"],\"inLanguage\":\"fr-FR\"},{\"@type\":\"WebPage\",\"@id\":\"https:\\\/\\\/www.immobilienbusiness.ch\\\/unternehmen\\\/2018-01-11\\\/schroder-immoplus-erwirbt-geschaeftsimmobilie-in-winterthur\\\/\",\"url\":\"https:\\\/\\\/www.immobilienbusiness.ch\\\/unternehmen\\\/2018-01-11\\\/schroder-immoplus-erwirbt-geschaeftsimmobilie-in-winterthur\\\/\",\"name\":\"Schroder ImmoPlus kauft in Winterthur zu - IMMOBILIEN Business\",\"isPartOf\":{\"@id\":\"https:\\\/\\\/www.immobilienbusiness.ch\\\/#website\"},\"primaryImageOfPage\":{\"@id\":\"https:\\\/\\\/www.immobilienbusiness.ch\\\/unternehmen\\\/2018-01-11\\\/schroder-immoplus-erwirbt-geschaeftsimmobilie-in-winterthur\\\/#primaryimage\"},\"image\":{\"@id\":\"https:\\\/\\\/www.immobilienbusiness.ch\\\/unternehmen\\\/2018-01-11\\\/schroder-immoplus-erwirbt-geschaeftsimmobilie-in-winterthur\\\/#primaryimage\"},\"thumbnailUrl\":\"https:\\\/\\\/www.immobilienbusiness.ch\\\/wp-content\\\/uploads\\\/2018\\\/01\\\/image001.png\",\"datePublished\":\"2018-01-11T07:43:17+00:00\",\"description\":\"Der Immobilienfonds Schroder ImmoPLUS hat eine Gesch\u00e4ftsimmobilie in Winterthur f\u00fcr 65,1 Millionen CHF gekauft.\",\"breadcrumb\":{\"@id\":\"https:\\\/\\\/www.immobilienbusiness.ch\\\/unternehmen\\\/2018-01-11\\\/schroder-immoplus-erwirbt-geschaeftsimmobilie-in-winterthur\\\/#breadcrumb\"},\"inLanguage\":\"fr-FR\",\"potentialAction\":[{\"@type\":\"ReadAction\",\"target\":[\"https:\\\/\\\/www.immobilienbusiness.ch\\\/unternehmen\\\/2018-01-11\\\/schroder-immoplus-erwirbt-geschaeftsimmobilie-in-winterthur\\\/\"]}]},{\"@type\":\"ImageObject\",\"inLanguage\":\"fr-FR\",\"@id\":\"https:\\\/\\\/www.immobilienbusiness.ch\\\/unternehmen\\\/2018-01-11\\\/schroder-immoplus-erwirbt-geschaeftsimmobilie-in-winterthur\\\/#primaryimage\",\"url\":\"https:\\\/\\\/www.immobilienbusiness.ch\\\/wp-content\\\/uploads\\\/2018\\\/01\\\/image001.png\",\"contentUrl\":\"https:\\\/\\\/www.immobilienbusiness.ch\\\/wp-content\\\/uploads\\\/2018\\\/01\\\/image001.png\",\"width\":795,\"height\":391,\"caption\":\"Der Fonds Schroder ImmoPlus investiert in Winterthur (Quelle: CBRE)\"},{\"@type\":\"BreadcrumbList\",\"@id\":\"https:\\\/\\\/www.immobilienbusiness.ch\\\/unternehmen\\\/2018-01-11\\\/schroder-immoplus-erwirbt-geschaeftsimmobilie-in-winterthur\\\/#breadcrumb\",\"itemListElement\":[{\"@type\":\"ListItem\",\"position\":1,\"name\":\"Home\",\"item\":\"https:\\\/\\\/www.immobilienbusiness.ch\\\/\"},{\"@type\":\"ListItem\",\"position\":2,\"name\":\"Schroder ImmoPlus kauft in Winterthur zu\"}]},{\"@type\":\"WebSite\",\"@id\":\"https:\\\/\\\/www.immobilienbusiness.ch\\\/#website\",\"url\":\"https:\\\/\\\/www.immobilienbusiness.ch\\\/\",\"name\":\"IMMOBILIEN Business\",\"description\":\"Unabh\u00e4ngiges Schweizer Wirtschaftsmagazin mit Fokus auf Immobilien, Architektur- und Bau sowie Investment- und Finanzierung.\",\"publisher\":{\"@id\":\"https:\\\/\\\/www.immobilienbusiness.ch\\\/#organization\"},\"potentialAction\":[{\"@type\":\"SearchAction\",\"target\":{\"@type\":\"EntryPoint\",\"urlTemplate\":\"https:\\\/\\\/www.immobilienbusiness.ch\\\/?s={search_term_string}\"},\"query-input\":{\"@type\":\"PropertyValueSpecification\",\"valueRequired\":true,\"valueName\":\"search_term_string\"}}],\"inLanguage\":\"fr-FR\"},{\"@type\":\"Organization\",\"@id\":\"https:\\\/\\\/www.immobilienbusiness.ch\\\/#organization\",\"name\":\"IMMOBILIEN Business\",\"url\":\"https:\\\/\\\/www.immobilienbusiness.ch\\\/\",\"logo\":{\"@type\":\"ImageObject\",\"inLanguage\":\"fr-FR\",\"@id\":\"https:\\\/\\\/www.immobilienbusiness.ch\\\/#\\\/schema\\\/logo\\\/image\\\/\",\"url\":\"https:\\\/\\\/www.immobilienbusiness.ch\\\/wp-content\\\/uploads\\\/2021\\\/07\\\/logo_ib.png\",\"contentUrl\":\"https:\\\/\\\/www.immobilienbusiness.ch\\\/wp-content\\\/uploads\\\/2021\\\/07\\\/logo_ib.png\",\"width\":800,\"height\":181,\"caption\":\"IMMOBILIEN Business\"},\"image\":{\"@id\":\"https:\\\/\\\/www.immobilienbusiness.ch\\\/#\\\/schema\\\/logo\\\/image\\\/\"},\"sameAs\":[\"https:\\\/\\\/www.facebook.com\\\/immobilienbusiness\\\/\"]},{\"@type\":\"Person\",\"@id\":\"https:\\\/\\\/www.immobilienbusiness.ch\\\/#\\\/schema\\\/person\\\/3fc036297b10b9f42d6db5ee932af8c8\",\"name\":\"anja.hall\",\"image\":{\"@type\":\"ImageObject\",\"inLanguage\":\"fr-FR\",\"@id\":\"https:\\\/\\\/secure.gravatar.com\\\/avatar\\\/066b5a0d447013502c71a5782f4f3469f03cfe595cc2329fb94652fe47511bfb?s=96&d=mm&r=g\",\"url\":\"https:\\\/\\\/secure.gravatar.com\\\/avatar\\\/066b5a0d447013502c71a5782f4f3469f03cfe595cc2329fb94652fe47511bfb?s=96&d=mm&r=g\",\"contentUrl\":\"https:\\\/\\\/secure.gravatar.com\\\/avatar\\\/066b5a0d447013502c71a5782f4f3469f03cfe595cc2329fb94652fe47511bfb?s=96&d=mm&r=g\",\"caption\":\"anja.hall\"},\"url\":\"https:\\\/\\\/www.immobilienbusiness.ch\\\/fr\\\/author\\\/anja-hall\\\/\"}]}<\/script>\n<!-- \/ Yoast SEO plugin. -->","yoast_head_json":{"title":"Schroder ImmoPlus kauft in Winterthur zu - IMMOBILIEN Business","description":"Der Immobilienfonds Schroder ImmoPLUS hat eine Gesch\u00e4ftsimmobilie in Winterthur f\u00fcr 65,1 Millionen CHF gekauft.","robots":{"index":"index","follow":"follow","max-snippet":"max-snippet:-1","max-image-preview":"max-image-preview:large","max-video-preview":"max-video-preview:-1"},"canonical":"https:\/\/www.immobilienbusiness.ch\/fr\/unternehmen\/2018-01-11\/schroder-immoplus-erwirbt-geschaeftsimmobilie-in-winterthur\/","og_locale":"fr_FR","og_type":"article","og_title":"Schroder ImmoPLUS kauft in Winterthur zu","og_description":"Der Immobilienfonds Schroder ImmoPLUS hat eine Gesch\u00e4ftsimmobilie in Winterthur f\u00fcr 65,1 Millionen CHF gekauft.","og_url":"https:\/\/www.immobilienbusiness.ch\/fr\/unternehmen\/2018-01-11\/schroder-immoplus-erwirbt-geschaeftsimmobilie-in-winterthur\/","og_site_name":"IMMOBILIEN Business","article_publisher":"https:\/\/www.facebook.com\/immobilienbusiness\/","article_published_time":"2018-01-11T07:43:17+00:00","og_image":[{"width":1024,"height":768,"url":"https:\/\/www.immobilienbusiness.ch\/wp-content\/uploads\/2015\/09\/Gemeinderat-von-Winterthur-fordert-restriktive-Landvergabe-immobilien-business.jpg","type":"image\/jpeg"}],"author":"anja.hall","twitter_card":"summary_large_image","twitter_title":"Schroder ImmoPLUS kauft in Winterthur zu","twitter_description":"Der Immobilienfonds Schroder ImmoPLUS hat eine Gesch\u00e4ftsimmobilie in Winterthur f\u00fcr 65,1 Millionen CHF gekauft.","twitter_image":"https:\/\/www.immobilienbusiness.ch\/wp-content\/uploads\/2015\/09\/Gemeinderat-von-Winterthur-fordert-restriktive-Landvergabe-immobilien-business.jpg","schema":{"@context":"https:\/\/schema.org","@graph":[{"@type":"Article","@id":"https:\/\/www.immobilienbusiness.ch\/unternehmen\/2018-01-11\/schroder-immoplus-erwirbt-geschaeftsimmobilie-in-winterthur\/#article","isPartOf":{"@id":"https:\/\/www.immobilienbusiness.ch\/unternehmen\/2018-01-11\/schroder-immoplus-erwirbt-geschaeftsimmobilie-in-winterthur\/"},"author":{"name":"anja.hall","@id":"https:\/\/www.immobilienbusiness.ch\/#\/schema\/person\/3fc036297b10b9f42d6db5ee932af8c8"},"headline":"Schroder ImmoPlus kauft in Winterthur zu","datePublished":"2018-01-11T07:43:17+00:00","mainEntityOfPage":{"@id":"https:\/\/www.immobilienbusiness.ch\/unternehmen\/2018-01-11\/schroder-immoplus-erwirbt-geschaeftsimmobilie-in-winterthur\/"},"wordCount":155,"commentCount":0,"publisher":{"@id":"https:\/\/www.immobilienbusiness.ch\/#organization"},"image":{"@id":"https:\/\/www.immobilienbusiness.ch\/unternehmen\/2018-01-11\/schroder-immoplus-erwirbt-geschaeftsimmobilie-in-winterthur\/#primaryimage"},"thumbnailUrl":"https:\/\/www.immobilienbusiness.ch\/wp-content\/uploads\/2018\/01\/image001.png","keywords":["Immobilienfonds","Immobilienkauf","Unternehmen","Winterthur"],"articleSection":["UNTERNEHMEN"],"inLanguage":"fr-FR"},{"@type":"WebPage","@id":"https:\/\/www.immobilienbusiness.ch\/unternehmen\/2018-01-11\/schroder-immoplus-erwirbt-geschaeftsimmobilie-in-winterthur\/","url":"https:\/\/www.immobilienbusiness.ch\/unternehmen\/2018-01-11\/schroder-immoplus-erwirbt-geschaeftsimmobilie-in-winterthur\/","name":"Schroder ImmoPlus kauft in Winterthur zu - IMMOBILIEN Business","isPartOf":{"@id":"https:\/\/www.immobilienbusiness.ch\/#website"},"primaryImageOfPage":{"@id":"https:\/\/www.immobilienbusiness.ch\/unternehmen\/2018-01-11\/schroder-immoplus-erwirbt-geschaeftsimmobilie-in-winterthur\/#primaryimage"},"image":{"@id":"https:\/\/www.immobilienbusiness.ch\/unternehmen\/2018-01-11\/schroder-immoplus-erwirbt-geschaeftsimmobilie-in-winterthur\/#primaryimage"},"thumbnailUrl":"https:\/\/www.immobilienbusiness.ch\/wp-content\/uploads\/2018\/01\/image001.png","datePublished":"2018-01-11T07:43:17+00:00","description":"Der Immobilienfonds Schroder ImmoPLUS hat eine Gesch\u00e4ftsimmobilie in Winterthur f\u00fcr 65,1 Millionen CHF gekauft.","breadcrumb":{"@id":"https:\/\/www.immobilienbusiness.ch\/unternehmen\/2018-01-11\/schroder-immoplus-erwirbt-geschaeftsimmobilie-in-winterthur\/#breadcrumb"},"inLanguage":"fr-FR","potentialAction":[{"@type":"ReadAction","target":["https:\/\/www.immobilienbusiness.ch\/unternehmen\/2018-01-11\/schroder-immoplus-erwirbt-geschaeftsimmobilie-in-winterthur\/"]}]},{"@type":"ImageObject","inLanguage":"fr-FR","@id":"https:\/\/www.immobilienbusiness.ch\/unternehmen\/2018-01-11\/schroder-immoplus-erwirbt-geschaeftsimmobilie-in-winterthur\/#primaryimage","url":"https:\/\/www.immobilienbusiness.ch\/wp-content\/uploads\/2018\/01\/image001.png","contentUrl":"https:\/\/www.immobilienbusiness.ch\/wp-content\/uploads\/2018\/01\/image001.png","width":795,"height":391,"caption":"Der Fonds Schroder ImmoPlus investiert in Winterthur (Quelle: CBRE)"},{"@type":"BreadcrumbList","@id":"https:\/\/www.immobilienbusiness.ch\/unternehmen\/2018-01-11\/schroder-immoplus-erwirbt-geschaeftsimmobilie-in-winterthur\/#breadcrumb","itemListElement":[{"@type":"ListItem","position":1,"name":"Home","item":"https:\/\/www.immobilienbusiness.ch\/"},{"@type":"ListItem","position":2,"name":"Schroder ImmoPlus kauft in Winterthur zu"}]},{"@type":"WebSite","@id":"https:\/\/www.immobilienbusiness.ch\/#website","url":"https:\/\/www.immobilienbusiness.ch\/","name":"IMMOBILIER Business","description":"Magazine \u00e9conomique suisse ind\u00e9pendant ax\u00e9 sur l'immobilier, l'architecture et la construction ainsi que sur les investissements et le financement.","publisher":{"@id":"https:\/\/www.immobilienbusiness.ch\/#organization"},"potentialAction":[{"@type":"SearchAction","target":{"@type":"EntryPoint","urlTemplate":"https:\/\/www.immobilienbusiness.ch\/?s={search_term_string}"},"query-input":{"@type":"PropertyValueSpecification","valueRequired":true,"valueName":"search_term_string"}}],"inLanguage":"fr-FR"},{"@type":"Organization","@id":"https:\/\/www.immobilienbusiness.ch\/#organization","name":"IMMOBILIER Business","url":"https:\/\/www.immobilienbusiness.ch\/","logo":{"@type":"ImageObject","inLanguage":"fr-FR","@id":"https:\/\/www.immobilienbusiness.ch\/#\/schema\/logo\/image\/","url":"https:\/\/www.immobilienbusiness.ch\/wp-content\/uploads\/2021\/07\/logo_ib.png","contentUrl":"https:\/\/www.immobilienbusiness.ch\/wp-content\/uploads\/2021\/07\/logo_ib.png","width":800,"height":181,"caption":"IMMOBILIEN Business"},"image":{"@id":"https:\/\/www.immobilienbusiness.ch\/#\/schema\/logo\/image\/"},"sameAs":["https:\/\/www.facebook.com\/immobilienbusiness\/"]},{"@type":"Person","@id":"https:\/\/www.immobilienbusiness.ch\/#\/schema\/person\/3fc036297b10b9f42d6db5ee932af8c8","name":"anja.hall","image":{"@type":"ImageObject","inLanguage":"fr-FR","@id":"https:\/\/secure.gravatar.com\/avatar\/066b5a0d447013502c71a5782f4f3469f03cfe595cc2329fb94652fe47511bfb?s=96&d=mm&r=g","url":"https:\/\/secure.gravatar.com\/avatar\/066b5a0d447013502c71a5782f4f3469f03cfe595cc2329fb94652fe47511bfb?s=96&d=mm&r=g","contentUrl":"https:\/\/secure.gravatar.com\/avatar\/066b5a0d447013502c71a5782f4f3469f03cfe595cc2329fb94652fe47511bfb?s=96&d=mm&r=g","caption":"anja.hall"},"url":"https:\/\/www.immobilienbusiness.ch\/fr\/author\/anja-hall\/"}]}},"_links":{"self":[{"href":"https:\/\/www.immobilienbusiness.ch\/fr\/wp-json\/wp\/v2\/posts\/10870","targetHints":{"allow":["GET"]}}],"collection":[{"href":"https:\/\/www.immobilienbusiness.ch\/fr\/wp-json\/wp\/v2\/posts"}],"about":[{"href":"https:\/\/www.immobilienbusiness.ch\/fr\/wp-json\/wp\/v2\/types\/post"}],"author":[{"embeddable":true,"href":"https:\/\/www.immobilienbusiness.ch\/fr\/wp-json\/wp\/v2\/users\/3"}],"replies":[{"embeddable":true,"href":"https:\/\/www.immobilienbusiness.ch\/fr\/wp-json\/wp\/v2\/comments?post=10870"}],"version-history":[{"count":0,"href":"https:\/\/www.immobilienbusiness.ch\/fr\/wp-json\/wp\/v2\/posts\/10870\/revisions"}],"wp:featuredmedia":[{"embeddable":true,"href":"https:\/\/www.immobilienbusiness.ch\/fr\/wp-json\/wp\/v2\/media\/10881"}],"wp:attachment":[{"href":"https:\/\/www.immobilienbusiness.ch\/fr\/wp-json\/wp\/v2\/media?parent=10870"}],"wp:term":[{"taxonomy":"category","embeddable":true,"href":"https:\/\/www.immobilienbusiness.ch\/fr\/wp-json\/wp\/v2\/categories?post=10870"},{"taxonomy":"post_tag","embeddable":true,"href":"https:\/\/www.immobilienbusiness.ch\/fr\/wp-json\/wp\/v2\/tags?post=10870"}],"curies":[{"name":"wp","href":"https:\/\/api.w.org\/{rel}","templated":true}]}}