{"id":10852,"date":"2018-01-10T08:47:18","date_gmt":"2018-01-10T07:47:18","guid":{"rendered":"https:\/\/www.immobilienbusiness.ch\/?p=10852"},"modified":"2018-01-10T08:47:18","modified_gmt":"2018-01-10T07:47:18","slug":"thurgau-uttwil-luxusresidenz","status":"publish","type":"post","link":"https:\/\/www.immobilienbusiness.ch\/fr\/residential\/2018-01-10\/thurgau-uttwil-luxusresidenz\/","title":{"rendered":"R\u00e9sidence de luxe pr\u00e9vue \u00e0 Uttwil"},"content":{"rendered":"<figure id=\"attachment_10860\" aria-describedby=\"caption-attachment-10860\" style=\"width: 680px\" class=\"wp-caption alignnone\"><img loading=\"lazy\" decoding=\"async\" class=\"size-medium wp-image-10860\" src=\"https:\/\/www.immobilienbusiness.ch\/wp-content\/uploads\/2018\/01\/2015-11-08-Uttwil_Foto_Dietrich_Michael_Weidmann_38.jpg\" alt=\"\" width=\"680\" height=\"452\" srcset=\"https:\/\/www.immobilienbusiness.ch\/wp-content\/uploads\/2018\/01\/2015-11-08-Uttwil_Foto_Dietrich_Michael_Weidmann_38.jpg 2560w, https:\/\/www.immobilienbusiness.ch\/wp-content\/uploads\/2018\/01\/2015-11-08-Uttwil_Foto_Dietrich_Michael_Weidmann_38-300x199.jpg 300w, https:\/\/www.immobilienbusiness.ch\/wp-content\/uploads\/2018\/01\/2015-11-08-Uttwil_Foto_Dietrich_Michael_Weidmann_38-1024x681.jpg 1024w, https:\/\/www.immobilienbusiness.ch\/wp-content\/uploads\/2018\/01\/2015-11-08-Uttwil_Foto_Dietrich_Michael_Weidmann_38-768x511.jpg 768w, https:\/\/www.immobilienbusiness.ch\/wp-content\/uploads\/2018\/01\/2015-11-08-Uttwil_Foto_Dietrich_Michael_Weidmann_38-1536x1021.jpg 1536w, https:\/\/www.immobilienbusiness.ch\/wp-content\/uploads\/2018\/01\/2015-11-08-Uttwil_Foto_Dietrich_Michael_Weidmann_38-2048x1362.jpg 2048w, https:\/\/www.immobilienbusiness.ch\/wp-content\/uploads\/2018\/01\/2015-11-08-Uttwil_Foto_Dietrich_Michael_Weidmann_38-16x12.jpg 16w, https:\/\/www.immobilienbusiness.ch\/wp-content\/uploads\/2018\/01\/2015-11-08-Uttwil_Foto_Dietrich_Michael_Weidmann_38-263x175.jpg 263w, https:\/\/www.immobilienbusiness.ch\/wp-content\/uploads\/2018\/01\/2015-11-08-Uttwil_Foto_Dietrich_Michael_Weidmann_38-526x350.jpg 526w, https:\/\/www.immobilienbusiness.ch\/wp-content\/uploads\/2018\/01\/2015-11-08-Uttwil_Foto_Dietrich_Michael_Weidmann_38-1203x800.jpg 1203w, https:\/\/www.immobilienbusiness.ch\/wp-content\/uploads\/2018\/01\/2015-11-08-Uttwil_Foto_Dietrich_Michael_Weidmann_38-920x612.jpg 920w, https:\/\/www.immobilienbusiness.ch\/wp-content\/uploads\/2018\/01\/2015-11-08-Uttwil_Foto_Dietrich_Michael_Weidmann_38-1400x931.jpg 1400w\" sizes=\"auto, (max-width: 680px) 100vw, 680px\" \/><figcaption id=\"caption-attachment-10860\" class=\"wp-caption-text\">Le b\u00e2timent de bureaux sur le site de l'ancienne compagnie maritime \u00e0 Uttwil (Photo : Dietrich Michael Weidmann - Own work, CC BY-SA 3.0, Wikimedia Commons)<\/figcaption><\/figure>\n<p>Comment le <em>St. Galler Tagblatt<\/em> Selon des informations, la construction de la r\u00e9sidence de luxe \"Le Port du Navire\" \u00e0 Uttwil (TG) doit commencer en f\u00e9vrier.<\/p>\n<p>Le projet est construit sur l'ancien site de la compagnie maritime Hanseatic Lloyd, au nord-ouest d'Uttwil, directement sur le lac de Constance. Il y a d\u00e9j\u00e0 un immeuble de bureaux de trois \u00e9tages en forme de navire avec un parking souterrain. Mettler2Invest avait red\u00e9fini le plan de conception existant. En plus de l'immeuble de bureaux, deux nouvelles structures, \u00e9galement de trois \u00e9tages, sont pr\u00e9vues sur le site, qui seront directement rattach\u00e9es au parking souterrain existant.<\/p>\n<p>Selon Mettler2Invest, la propri\u00e9t\u00e9 avec le projet approuv\u00e9 a \u00e9t\u00e9 vendue en 2017 \u00e0 LN Immo AG, qui a poursuivi son d\u00e9veloppement. Le Port du Navire\" cr\u00e9era 17 r\u00e9sidences de luxe avec services. Les r\u00e9sidences auront entre 180 et 600 m\u00e8tres carr\u00e9s de surface habitable, un acc\u00e8s direct au lac et certaines auront leur propre piscine. Il est \u00e9galement pr\u00e9vu de construire une piscine int\u00e9rieure avec un espace de bien-\u00eatre et de remise en forme, ainsi qu'un service de conciergerie et de chauffeur. Le garage souterrain dispose de 51 places de stationnement et d'un centre pour voitures classiques s\u00e9par\u00e9 et climatis\u00e9, qui peut accueillir onze autres v\u00e9hicules.<\/p>\n<p>Selon le rapport de la <em>St. Galler Tagblatt<\/em> le lotissement de luxe sera une communaut\u00e9 ferm\u00e9e o\u00f9 les personnes non autoris\u00e9es ne seront pas autoris\u00e9es \u00e0 entrer. Un portier surveillera le site \u00e0 l'aide de cam\u00e9ras vid\u00e9o et effectuera des patrouilles la nuit, indique le rapport du journal.<\/p>\n<p>&nbsp;<\/p>","protected":false},"excerpt":{"rendered":"<p>Un ensemble d'appartements de luxe est en cours de construction \u00e0 Uttwil, directement sur le lac de Constance. Il s'agit d'une communaut\u00e9 ferm\u00e9e.<\/p>","protected":false},"author":3,"featured_media":10860,"comment_status":"open","ping_status":"open","sticky":false,"template":"","format":"standard","meta":{"_acf_changed":false,"_yoast_wpseo_focuskw":"Uttwil","_yoast_wpseo_title":"","_yoast_wpseo_metadesc":"In Uttwil entsteht, direkt am Bodensee gelegen, eine \u00dcberbauung mit Luxuswohnungen. Es soll eine sogenannte Gated Community werden.","_yoast_wpseo_linkdex":82,"pgc_sgb_lightbox_settings":"","footnotes":""},"categories":[986],"tags":[1549,1600,1629,1639,1863],"class_list":["post-10852","post","type-post","status-publish","format-standard","has-post-thumbnail","hentry","category-residential","tag-ostschweiz","tag-projekt-in-planung","tag-regionen","tag-residential","tag-wohnimmobilien"],"acf":[],"yoast_head":"<!-- This site is optimized with the Yoast SEO plugin v27.5 - https:\/\/yoast.com\/product\/yoast-seo-wordpress\/ -->\n<title>Luxusresidenz in Uttwil geplant - IMMOBILIEN Business<\/title>\n<meta name=\"description\" content=\"In Uttwil entsteht, direkt am Bodensee gelegen, eine \u00dcberbauung mit Luxuswohnungen. Es soll eine sogenannte Gated Community werden.\" \/>\n<meta name=\"robots\" content=\"index, follow, max-snippet:-1, max-image-preview:large, max-video-preview:-1\" \/>\n<link rel=\"canonical\" href=\"https:\/\/www.immobilienbusiness.ch\/fr\/residential\/2018-01-10\/thurgau-uttwil-luxusresidenz\/\" \/>\n<meta property=\"og:locale\" content=\"fr_FR\" \/>\n<meta property=\"og:type\" content=\"article\" \/>\n<meta property=\"og:title\" content=\"Luxusresidenz in Uttwil geplant\" \/>\n<meta property=\"og:description\" content=\"In Uttwil entsteht, direkt am Bodensee gelegen, eine \u00dcberbauung mit Luxuswohnungen. Es soll eine sogenannte Gated Community werden.\" \/>\n<meta property=\"og:url\" content=\"https:\/\/www.immobilienbusiness.ch\/fr\/residential\/2018-01-10\/thurgau-uttwil-luxusresidenz\/\" \/>\n<meta property=\"og:site_name\" content=\"IMMOBILIEN Business\" \/>\n<meta property=\"article:publisher\" content=\"https:\/\/www.facebook.com\/immobilienbusiness\/\" \/>\n<meta property=\"article:published_time\" content=\"2018-01-10T07:47:18+00:00\" \/>\n<meta property=\"og:image\" content=\"https:\/\/www.immobilienbusiness.ch\/wp-content\/uploads\/2018\/01\/2015-11-08-Uttwil_Foto_Dietrich_Michael_Weidmann_38-1024x681.jpg\" \/>\n\t<meta property=\"og:image:width\" content=\"1024\" \/>\n\t<meta property=\"og:image:height\" content=\"681\" \/>\n\t<meta property=\"og:image:type\" content=\"image\/jpeg\" \/>\n<meta name=\"author\" content=\"anja.hall\" \/>\n<meta name=\"twitter:card\" content=\"summary_large_image\" \/>\n<meta name=\"twitter:title\" content=\"Luxusresidenz in Uttwil geplant\" \/>\n<meta name=\"twitter:description\" content=\"In Uttwil entsteht, direkt am Bodensee gelegen, eine \u00dcberbauung mit Luxuswohnungen. Es soll eine sogenannte Gated Community werden.\" \/>\n<meta name=\"twitter:image\" content=\"https:\/\/www.immobilienbusiness.ch\/wp-content\/uploads\/2018\/01\/2015-11-08-Uttwil_Foto_Dietrich_Michael_Weidmann_38.jpg\" \/>\n<script type=\"application\/ld+json\" class=\"yoast-schema-graph\">{\"@context\":\"https:\\\/\\\/schema.org\",\"@graph\":[{\"@type\":\"Article\",\"@id\":\"https:\\\/\\\/www.immobilienbusiness.ch\\\/en\\\/residential\\\/2018-01-10\\\/thurgau-uttwil-luxusresidenz\\\/#article\",\"isPartOf\":{\"@id\":\"https:\\\/\\\/www.immobilienbusiness.ch\\\/en\\\/residential\\\/2018-01-10\\\/thurgau-uttwil-luxusresidenz\\\/\"},\"author\":{\"name\":\"anja.hall\",\"@id\":\"https:\\\/\\\/www.immobilienbusiness.ch\\\/#\\\/schema\\\/person\\\/3fc036297b10b9f42d6db5ee932af8c8\"},\"headline\":\"Luxusresidenz in Uttwil geplant\",\"datePublished\":\"2018-01-10T07:47:18+00:00\",\"mainEntityOfPage\":{\"@id\":\"https:\\\/\\\/www.immobilienbusiness.ch\\\/en\\\/residential\\\/2018-01-10\\\/thurgau-uttwil-luxusresidenz\\\/\"},\"wordCount\":259,\"commentCount\":0,\"publisher\":{\"@id\":\"https:\\\/\\\/www.immobilienbusiness.ch\\\/#organization\"},\"image\":{\"@id\":\"https:\\\/\\\/www.immobilienbusiness.ch\\\/en\\\/residential\\\/2018-01-10\\\/thurgau-uttwil-luxusresidenz\\\/#primaryimage\"},\"thumbnailUrl\":\"https:\\\/\\\/www.immobilienbusiness.ch\\\/wp-content\\\/uploads\\\/2018\\\/01\\\/2015-11-08-Uttwil_Foto_Dietrich_Michael_Weidmann_38.jpg\",\"keywords\":[\"Ostschweiz\",\"Projekt in Planung\",\"Regionen\",\"Residential\",\"Wohnimmobilien\"],\"articleSection\":[\"RESIDENTIAL\"],\"inLanguage\":\"fr-FR\"},{\"@type\":\"WebPage\",\"@id\":\"https:\\\/\\\/www.immobilienbusiness.ch\\\/en\\\/residential\\\/2018-01-10\\\/thurgau-uttwil-luxusresidenz\\\/\",\"url\":\"https:\\\/\\\/www.immobilienbusiness.ch\\\/en\\\/residential\\\/2018-01-10\\\/thurgau-uttwil-luxusresidenz\\\/\",\"name\":\"Luxusresidenz in Uttwil geplant - IMMOBILIEN Business\",\"isPartOf\":{\"@id\":\"https:\\\/\\\/www.immobilienbusiness.ch\\\/#website\"},\"primaryImageOfPage\":{\"@id\":\"https:\\\/\\\/www.immobilienbusiness.ch\\\/en\\\/residential\\\/2018-01-10\\\/thurgau-uttwil-luxusresidenz\\\/#primaryimage\"},\"image\":{\"@id\":\"https:\\\/\\\/www.immobilienbusiness.ch\\\/en\\\/residential\\\/2018-01-10\\\/thurgau-uttwil-luxusresidenz\\\/#primaryimage\"},\"thumbnailUrl\":\"https:\\\/\\\/www.immobilienbusiness.ch\\\/wp-content\\\/uploads\\\/2018\\\/01\\\/2015-11-08-Uttwil_Foto_Dietrich_Michael_Weidmann_38.jpg\",\"datePublished\":\"2018-01-10T07:47:18+00:00\",\"description\":\"In Uttwil entsteht, direkt am Bodensee gelegen, eine \u00dcberbauung mit Luxuswohnungen. Es soll eine sogenannte Gated Community werden.\",\"breadcrumb\":{\"@id\":\"https:\\\/\\\/www.immobilienbusiness.ch\\\/en\\\/residential\\\/2018-01-10\\\/thurgau-uttwil-luxusresidenz\\\/#breadcrumb\"},\"inLanguage\":\"fr-FR\",\"potentialAction\":[{\"@type\":\"ReadAction\",\"target\":[\"https:\\\/\\\/www.immobilienbusiness.ch\\\/en\\\/residential\\\/2018-01-10\\\/thurgau-uttwil-luxusresidenz\\\/\"]}]},{\"@type\":\"ImageObject\",\"inLanguage\":\"fr-FR\",\"@id\":\"https:\\\/\\\/www.immobilienbusiness.ch\\\/en\\\/residential\\\/2018-01-10\\\/thurgau-uttwil-luxusresidenz\\\/#primaryimage\",\"url\":\"https:\\\/\\\/www.immobilienbusiness.ch\\\/wp-content\\\/uploads\\\/2018\\\/01\\\/2015-11-08-Uttwil_Foto_Dietrich_Michael_Weidmann_38.jpg\",\"contentUrl\":\"https:\\\/\\\/www.immobilienbusiness.ch\\\/wp-content\\\/uploads\\\/2018\\\/01\\\/2015-11-08-Uttwil_Foto_Dietrich_Michael_Weidmann_38.jpg\",\"width\":2560,\"height\":1702,\"caption\":\"Die B\u00fcroimmobilie der Reederei in Uttwil (Foto: Dietrich Michael Weidmann - Eigenes Werk, CC BY-SA 3.0, Wikimedia Commons)\"},{\"@type\":\"BreadcrumbList\",\"@id\":\"https:\\\/\\\/www.immobilienbusiness.ch\\\/en\\\/residential\\\/2018-01-10\\\/thurgau-uttwil-luxusresidenz\\\/#breadcrumb\",\"itemListElement\":[{\"@type\":\"ListItem\",\"position\":1,\"name\":\"Home\",\"item\":\"https:\\\/\\\/www.immobilienbusiness.ch\\\/\"},{\"@type\":\"ListItem\",\"position\":2,\"name\":\"Luxusresidenz in Uttwil geplant\"}]},{\"@type\":\"WebSite\",\"@id\":\"https:\\\/\\\/www.immobilienbusiness.ch\\\/#website\",\"url\":\"https:\\\/\\\/www.immobilienbusiness.ch\\\/\",\"name\":\"IMMOBILIEN Business\",\"description\":\"Unabh\u00e4ngiges Schweizer Wirtschaftsmagazin mit Fokus auf Immobilien, Architektur- und Bau sowie Investment- und Finanzierung.\",\"publisher\":{\"@id\":\"https:\\\/\\\/www.immobilienbusiness.ch\\\/#organization\"},\"potentialAction\":[{\"@type\":\"SearchAction\",\"target\":{\"@type\":\"EntryPoint\",\"urlTemplate\":\"https:\\\/\\\/www.immobilienbusiness.ch\\\/?s={search_term_string}\"},\"query-input\":{\"@type\":\"PropertyValueSpecification\",\"valueRequired\":true,\"valueName\":\"search_term_string\"}}],\"inLanguage\":\"fr-FR\"},{\"@type\":\"Organization\",\"@id\":\"https:\\\/\\\/www.immobilienbusiness.ch\\\/#organization\",\"name\":\"IMMOBILIEN Business\",\"url\":\"https:\\\/\\\/www.immobilienbusiness.ch\\\/\",\"logo\":{\"@type\":\"ImageObject\",\"inLanguage\":\"fr-FR\",\"@id\":\"https:\\\/\\\/www.immobilienbusiness.ch\\\/#\\\/schema\\\/logo\\\/image\\\/\",\"url\":\"https:\\\/\\\/www.immobilienbusiness.ch\\\/wp-content\\\/uploads\\\/2021\\\/07\\\/logo_ib.png\",\"contentUrl\":\"https:\\\/\\\/www.immobilienbusiness.ch\\\/wp-content\\\/uploads\\\/2021\\\/07\\\/logo_ib.png\",\"width\":800,\"height\":181,\"caption\":\"IMMOBILIEN Business\"},\"image\":{\"@id\":\"https:\\\/\\\/www.immobilienbusiness.ch\\\/#\\\/schema\\\/logo\\\/image\\\/\"},\"sameAs\":[\"https:\\\/\\\/www.facebook.com\\\/immobilienbusiness\\\/\"]},{\"@type\":\"Person\",\"@id\":\"https:\\\/\\\/www.immobilienbusiness.ch\\\/#\\\/schema\\\/person\\\/3fc036297b10b9f42d6db5ee932af8c8\",\"name\":\"anja.hall\",\"image\":{\"@type\":\"ImageObject\",\"inLanguage\":\"fr-FR\",\"@id\":\"https:\\\/\\\/secure.gravatar.com\\\/avatar\\\/066b5a0d447013502c71a5782f4f3469f03cfe595cc2329fb94652fe47511bfb?s=96&d=mm&r=g\",\"url\":\"https:\\\/\\\/secure.gravatar.com\\\/avatar\\\/066b5a0d447013502c71a5782f4f3469f03cfe595cc2329fb94652fe47511bfb?s=96&d=mm&r=g\",\"contentUrl\":\"https:\\\/\\\/secure.gravatar.com\\\/avatar\\\/066b5a0d447013502c71a5782f4f3469f03cfe595cc2329fb94652fe47511bfb?s=96&d=mm&r=g\",\"caption\":\"anja.hall\"},\"url\":\"https:\\\/\\\/www.immobilienbusiness.ch\\\/fr\\\/author\\\/anja-hall\\\/\"}]}<\/script>\n<!-- \/ Yoast SEO plugin. -->","yoast_head_json":{"title":"R\u00e9sidence de luxe pr\u00e9vue \u00e0 Uttwil - IMMOBILIER Business","description":"Un ensemble d'appartements de luxe est en cours de construction \u00e0 Uttwil, directement sur le lac de Constance. Il s'agit d'une communaut\u00e9 ferm\u00e9e.","robots":{"index":"index","follow":"follow","max-snippet":"max-snippet:-1","max-image-preview":"max-image-preview:large","max-video-preview":"max-video-preview:-1"},"canonical":"https:\/\/www.immobilienbusiness.ch\/fr\/residential\/2018-01-10\/thurgau-uttwil-luxusresidenz\/","og_locale":"fr_FR","og_type":"article","og_title":"Luxusresidenz in Uttwil geplant","og_description":"In Uttwil entsteht, direkt am Bodensee gelegen, eine \u00dcberbauung mit Luxuswohnungen. Es soll eine sogenannte Gated Community werden.","og_url":"https:\/\/www.immobilienbusiness.ch\/fr\/residential\/2018-01-10\/thurgau-uttwil-luxusresidenz\/","og_site_name":"IMMOBILIEN Business","article_publisher":"https:\/\/www.facebook.com\/immobilienbusiness\/","article_published_time":"2018-01-10T07:47:18+00:00","og_image":[{"width":1024,"height":681,"url":"https:\/\/www.immobilienbusiness.ch\/wp-content\/uploads\/2018\/01\/2015-11-08-Uttwil_Foto_Dietrich_Michael_Weidmann_38-1024x681.jpg","type":"image\/jpeg"}],"author":"anja.hall","twitter_card":"summary_large_image","twitter_title":"Luxusresidenz in Uttwil geplant","twitter_description":"In Uttwil entsteht, direkt am Bodensee gelegen, eine \u00dcberbauung mit Luxuswohnungen. Es soll eine sogenannte Gated Community werden.","twitter_image":"https:\/\/www.immobilienbusiness.ch\/wp-content\/uploads\/2018\/01\/2015-11-08-Uttwil_Foto_Dietrich_Michael_Weidmann_38.jpg","schema":{"@context":"https:\/\/schema.org","@graph":[{"@type":"Article","@id":"https:\/\/www.immobilienbusiness.ch\/en\/residential\/2018-01-10\/thurgau-uttwil-luxusresidenz\/#article","isPartOf":{"@id":"https:\/\/www.immobilienbusiness.ch\/en\/residential\/2018-01-10\/thurgau-uttwil-luxusresidenz\/"},"author":{"name":"anja.hall","@id":"https:\/\/www.immobilienbusiness.ch\/#\/schema\/person\/3fc036297b10b9f42d6db5ee932af8c8"},"headline":"Luxusresidenz in Uttwil geplant","datePublished":"2018-01-10T07:47:18+00:00","mainEntityOfPage":{"@id":"https:\/\/www.immobilienbusiness.ch\/en\/residential\/2018-01-10\/thurgau-uttwil-luxusresidenz\/"},"wordCount":259,"commentCount":0,"publisher":{"@id":"https:\/\/www.immobilienbusiness.ch\/#organization"},"image":{"@id":"https:\/\/www.immobilienbusiness.ch\/en\/residential\/2018-01-10\/thurgau-uttwil-luxusresidenz\/#primaryimage"},"thumbnailUrl":"https:\/\/www.immobilienbusiness.ch\/wp-content\/uploads\/2018\/01\/2015-11-08-Uttwil_Foto_Dietrich_Michael_Weidmann_38.jpg","keywords":["Ostschweiz","Projekt in Planung","Regionen","Residential","Wohnimmobilien"],"articleSection":["RESIDENTIAL"],"inLanguage":"fr-FR"},{"@type":"WebPage","@id":"https:\/\/www.immobilienbusiness.ch\/en\/residential\/2018-01-10\/thurgau-uttwil-luxusresidenz\/","url":"https:\/\/www.immobilienbusiness.ch\/en\/residential\/2018-01-10\/thurgau-uttwil-luxusresidenz\/","name":"R\u00e9sidence de luxe pr\u00e9vue \u00e0 Uttwil - IMMOBILIER Business","isPartOf":{"@id":"https:\/\/www.immobilienbusiness.ch\/#website"},"primaryImageOfPage":{"@id":"https:\/\/www.immobilienbusiness.ch\/en\/residential\/2018-01-10\/thurgau-uttwil-luxusresidenz\/#primaryimage"},"image":{"@id":"https:\/\/www.immobilienbusiness.ch\/en\/residential\/2018-01-10\/thurgau-uttwil-luxusresidenz\/#primaryimage"},"thumbnailUrl":"https:\/\/www.immobilienbusiness.ch\/wp-content\/uploads\/2018\/01\/2015-11-08-Uttwil_Foto_Dietrich_Michael_Weidmann_38.jpg","datePublished":"2018-01-10T07:47:18+00:00","description":"Un ensemble d'appartements de luxe est en cours de construction \u00e0 Uttwil, directement sur le lac de Constance. Il s'agit d'une communaut\u00e9 ferm\u00e9e.","breadcrumb":{"@id":"https:\/\/www.immobilienbusiness.ch\/en\/residential\/2018-01-10\/thurgau-uttwil-luxusresidenz\/#breadcrumb"},"inLanguage":"fr-FR","potentialAction":[{"@type":"ReadAction","target":["https:\/\/www.immobilienbusiness.ch\/en\/residential\/2018-01-10\/thurgau-uttwil-luxusresidenz\/"]}]},{"@type":"ImageObject","inLanguage":"fr-FR","@id":"https:\/\/www.immobilienbusiness.ch\/en\/residential\/2018-01-10\/thurgau-uttwil-luxusresidenz\/#primaryimage","url":"https:\/\/www.immobilienbusiness.ch\/wp-content\/uploads\/2018\/01\/2015-11-08-Uttwil_Foto_Dietrich_Michael_Weidmann_38.jpg","contentUrl":"https:\/\/www.immobilienbusiness.ch\/wp-content\/uploads\/2018\/01\/2015-11-08-Uttwil_Foto_Dietrich_Michael_Weidmann_38.jpg","width":2560,"height":1702,"caption":"Die B\u00fcroimmobilie der Reederei in Uttwil (Foto: Dietrich Michael Weidmann - Eigenes Werk, CC BY-SA 3.0, Wikimedia Commons)"},{"@type":"BreadcrumbList","@id":"https:\/\/www.immobilienbusiness.ch\/en\/residential\/2018-01-10\/thurgau-uttwil-luxusresidenz\/#breadcrumb","itemListElement":[{"@type":"ListItem","position":1,"name":"Home","item":"https:\/\/www.immobilienbusiness.ch\/"},{"@type":"ListItem","position":2,"name":"Luxusresidenz in Uttwil geplant"}]},{"@type":"WebSite","@id":"https:\/\/www.immobilienbusiness.ch\/#website","url":"https:\/\/www.immobilienbusiness.ch\/","name":"IMMOBILIER Business","description":"Magazine \u00e9conomique suisse ind\u00e9pendant ax\u00e9 sur l'immobilier, l'architecture et la construction ainsi que sur les investissements et le financement.","publisher":{"@id":"https:\/\/www.immobilienbusiness.ch\/#organization"},"potentialAction":[{"@type":"SearchAction","target":{"@type":"EntryPoint","urlTemplate":"https:\/\/www.immobilienbusiness.ch\/?s={search_term_string}"},"query-input":{"@type":"PropertyValueSpecification","valueRequired":true,"valueName":"search_term_string"}}],"inLanguage":"fr-FR"},{"@type":"Organization","@id":"https:\/\/www.immobilienbusiness.ch\/#organization","name":"IMMOBILIER Business","url":"https:\/\/www.immobilienbusiness.ch\/","logo":{"@type":"ImageObject","inLanguage":"fr-FR","@id":"https:\/\/www.immobilienbusiness.ch\/#\/schema\/logo\/image\/","url":"https:\/\/www.immobilienbusiness.ch\/wp-content\/uploads\/2021\/07\/logo_ib.png","contentUrl":"https:\/\/www.immobilienbusiness.ch\/wp-content\/uploads\/2021\/07\/logo_ib.png","width":800,"height":181,"caption":"IMMOBILIEN Business"},"image":{"@id":"https:\/\/www.immobilienbusiness.ch\/#\/schema\/logo\/image\/"},"sameAs":["https:\/\/www.facebook.com\/immobilienbusiness\/"]},{"@type":"Person","@id":"https:\/\/www.immobilienbusiness.ch\/#\/schema\/person\/3fc036297b10b9f42d6db5ee932af8c8","name":"anja.hall","image":{"@type":"ImageObject","inLanguage":"fr-FR","@id":"https:\/\/secure.gravatar.com\/avatar\/066b5a0d447013502c71a5782f4f3469f03cfe595cc2329fb94652fe47511bfb?s=96&d=mm&r=g","url":"https:\/\/secure.gravatar.com\/avatar\/066b5a0d447013502c71a5782f4f3469f03cfe595cc2329fb94652fe47511bfb?s=96&d=mm&r=g","contentUrl":"https:\/\/secure.gravatar.com\/avatar\/066b5a0d447013502c71a5782f4f3469f03cfe595cc2329fb94652fe47511bfb?s=96&d=mm&r=g","caption":"anja.hall"},"url":"https:\/\/www.immobilienbusiness.ch\/fr\/author\/anja-hall\/"}]}},"_links":{"self":[{"href":"https:\/\/www.immobilienbusiness.ch\/fr\/wp-json\/wp\/v2\/posts\/10852","targetHints":{"allow":["GET"]}}],"collection":[{"href":"https:\/\/www.immobilienbusiness.ch\/fr\/wp-json\/wp\/v2\/posts"}],"about":[{"href":"https:\/\/www.immobilienbusiness.ch\/fr\/wp-json\/wp\/v2\/types\/post"}],"author":[{"embeddable":true,"href":"https:\/\/www.immobilienbusiness.ch\/fr\/wp-json\/wp\/v2\/users\/3"}],"replies":[{"embeddable":true,"href":"https:\/\/www.immobilienbusiness.ch\/fr\/wp-json\/wp\/v2\/comments?post=10852"}],"version-history":[{"count":0,"href":"https:\/\/www.immobilienbusiness.ch\/fr\/wp-json\/wp\/v2\/posts\/10852\/revisions"}],"wp:featuredmedia":[{"embeddable":true,"href":"https:\/\/www.immobilienbusiness.ch\/fr\/wp-json\/wp\/v2\/media\/10860"}],"wp:attachment":[{"href":"https:\/\/www.immobilienbusiness.ch\/fr\/wp-json\/wp\/v2\/media?parent=10852"}],"wp:term":[{"taxonomy":"category","embeddable":true,"href":"https:\/\/www.immobilienbusiness.ch\/fr\/wp-json\/wp\/v2\/categories?post=10852"},{"taxonomy":"post_tag","embeddable":true,"href":"https:\/\/www.immobilienbusiness.ch\/fr\/wp-json\/wp\/v2\/tags?post=10852"}],"curies":[{"name":"wp","href":"https:\/\/api.w.org\/{rel}","templated":true}]}}