{"id":10799,"date":"2018-01-05T09:32:09","date_gmt":"2018-01-05T08:32:09","guid":{"rendered":"https:\/\/www.immobilienbusiness.ch\/?p=10799"},"modified":"2018-01-05T09:32:09","modified_gmt":"2018-01-05T08:32:09","slug":"hergiswil-ehemaliges-gfk-gebaeude-wird-zum-wohnhaus","status":"publish","type":"post","link":"https:\/\/www.immobilienbusiness.ch\/fr\/regionen\/2018-01-05\/hergiswil-ehemaliges-gfk-gebaeude-wird-zum-wohnhaus\/","title":{"rendered":"Hergiswil : l'ancien b\u00e2timent de GfK devient un immeuble d'habitation"},"content":{"rendered":"<figure id=\"attachment_10801\" aria-describedby=\"caption-attachment-10801\" style=\"width: 680px\" class=\"wp-caption alignnone\"><img loading=\"lazy\" decoding=\"async\" class=\"size-medium wp-image-10801\" src=\"https:\/\/www.immobilienbusiness.ch\/wp-content\/uploads\/2018\/01\/image2-1.jpeg\" alt=\"\" width=\"680\" height=\"453\" srcset=\"https:\/\/www.immobilienbusiness.ch\/wp-content\/uploads\/2018\/01\/image2-1.jpeg 1600w, https:\/\/www.immobilienbusiness.ch\/wp-content\/uploads\/2018\/01\/image2-1-300x200.jpeg 300w, https:\/\/www.immobilienbusiness.ch\/wp-content\/uploads\/2018\/01\/image2-1-1024x682.jpeg 1024w, https:\/\/www.immobilienbusiness.ch\/wp-content\/uploads\/2018\/01\/image2-1-768x512.jpeg 768w, https:\/\/www.immobilienbusiness.ch\/wp-content\/uploads\/2018\/01\/image2-1-1536x1023.jpeg 1536w, https:\/\/www.immobilienbusiness.ch\/wp-content\/uploads\/2018\/01\/image2-1-16x12.jpeg 16w, https:\/\/www.immobilienbusiness.ch\/wp-content\/uploads\/2018\/01\/image2-1-263x175.jpeg 263w, https:\/\/www.immobilienbusiness.ch\/wp-content\/uploads\/2018\/01\/image2-1-525x350.jpeg 525w, https:\/\/www.immobilienbusiness.ch\/wp-content\/uploads\/2018\/01\/image2-1-1201x800.jpeg 1201w, https:\/\/www.immobilienbusiness.ch\/wp-content\/uploads\/2018\/01\/image2-1-920x613.jpeg 920w, https:\/\/www.immobilienbusiness.ch\/wp-content\/uploads\/2018\/01\/image2-1-1400x933.jpeg 1400w\" sizes=\"auto, (max-width: 680px) 100vw, 680px\" \/><figcaption id=\"caption-attachment-10801\" class=\"wp-caption-text\">L'ancien immeuble de bureaux GfK \u00e0 Hergiswil se transforme en projet r\u00e9sidentiel (source : Universe 9 )<\/figcaption><\/figure>\n<p>L'ancien immeuble de bureaux situ\u00e9 \u00e0 l'Obermattweg 9 \u00e0 Hergiswil fait actuellement l'objet d'une transformation en profondeur. Il devrait \u00eatre mis en service mi-f\u00e9vrier 2018 en tant que nouveau \"foyer pour \u00e9tudiants\". D'ici l\u00e0, les anciens bureaux seront transform\u00e9s en chambres, des installations sanitaires et des cuisines communes seront install\u00e9es et des espaces communs seront am\u00e9nag\u00e9s. L'ouverture officielle est pr\u00e9vue pour le 3 mars 2018 avec une journ\u00e9e portes ouvertes.<\/p>\n<p>L'\"Universe 9\" comprendra 95 chambres, ainsi que de nombreuses installations communes : un salon d'\u00e9tude, des salles de danse ou de yoga, un atelier de couture, un atelier de r\u00e9paration de v\u00e9los et un jardin \u00e0 g\u00e9rer soi-m\u00eame, ainsi qu'un caf\u00e9 et une petite boutique.<\/p>\n<p>Les initiateurs, Cornelius et Amanda J\u00e4ger, visent comme locataires des \u00e9tudiants, des apprentis, des travailleurs \u00e0 faible salaire et des seniors. Ils esp\u00e8rent qu'un projet interg\u00e9n\u00e9rationnel se d\u00e9veloppera et que les habitants participeront activement \u00e0 l'am\u00e9nagement de leur logement. Fin 2017, 40 pour cent des chambres \u00e9taient d\u00e9j\u00e0 r\u00e9serv\u00e9es.<\/p>","protected":false},"excerpt":{"rendered":"<p>Un projet de r\u00e9affectation inhabituel est actuellement en cours de r\u00e9alisation \u00e0 Hergiswil. L'immeuble de bureaux autrefois utilis\u00e9 par l'entreprise d'\u00e9tudes de march\u00e9 GfK devient, sous le nom d'\"Universe 9\", un espace d'habitation et de travail pour les jeunes.<\/p>","protected":false},"author":3,"featured_media":10801,"comment_status":"open","ping_status":"open","sticky":false,"template":"","format":"standard","meta":{"_acf_changed":false,"_yoast_wpseo_focuskw":"Hergiswil","_yoast_wpseo_title":"","_yoast_wpseo_metadesc":"Ein ungew\u00f6hnliches Umnutzungsprojekt entsteht derzeit in Hergiswil. Aus dem ehemaligen GfK-B\u00fcrogeb\u00e4ude wird Wohn- und Arbeitsraum f\u00fcr junge Menschen.","_yoast_wpseo_linkdex":66,"pgc_sgb_lightbox_settings":"","footnotes":""},"categories":[985],"tags":[1459,1629,1800,1863],"class_list":["post-10799","post","type-post","status-publish","format-standard","has-post-thumbnail","hentry","category-regionen","tag-luzern","tag-regionen","tag-umnutzung","tag-wohnimmobilien"],"acf":[],"yoast_head":"<!-- This site is optimized with the Yoast SEO plugin v27.4 - https:\/\/yoast.com\/product\/yoast-seo-wordpress\/ -->\n<title>Hergiswil: Ehemaliges GfK-Geb\u00e4ude wird zum Wohnhaus - IMMOBILIEN Business<\/title>\n<meta name=\"description\" content=\"Ein ungew\u00f6hnliches Umnutzungsprojekt entsteht derzeit in Hergiswil. Aus dem ehemaligen GfK-B\u00fcrogeb\u00e4ude wird Wohn- und Arbeitsraum f\u00fcr junge Menschen.\" \/>\n<meta name=\"robots\" content=\"index, follow, max-snippet:-1, max-image-preview:large, max-video-preview:-1\" \/>\n<link rel=\"canonical\" href=\"https:\/\/www.immobilienbusiness.ch\/fr\/regionen\/2018-01-05\/hergiswil-ehemaliges-gfk-gebaeude-wird-zum-wohnhaus\/\" \/>\n<meta property=\"og:locale\" content=\"fr_FR\" \/>\n<meta property=\"og:type\" content=\"article\" \/>\n<meta property=\"og:title\" content=\"Hergiswil: Ehemaliges GfK-Geb\u00e4ude wird zum Wohnhaus\" \/>\n<meta property=\"og:description\" content=\"Ein ungew\u00f6hnliches Umnutzungsprojekt entsteht derzeit in Hergiswil. Aus dem ehemaligen GfK-B\u00fcrogeb\u00e4ude wird Wohn- und Arbeitsraum f\u00fcr junge Menschen.\" \/>\n<meta property=\"og:url\" content=\"https:\/\/www.immobilienbusiness.ch\/fr\/regionen\/2018-01-05\/hergiswil-ehemaliges-gfk-gebaeude-wird-zum-wohnhaus\/\" \/>\n<meta property=\"og:site_name\" content=\"IMMOBILIEN Business\" \/>\n<meta property=\"article:publisher\" content=\"https:\/\/www.facebook.com\/immobilienbusiness\/\" \/>\n<meta property=\"article:published_time\" content=\"2018-01-05T08:32:09+00:00\" \/>\n<meta property=\"og:image\" content=\"https:\/\/www.immobilienbusiness.ch\/wp-content\/uploads\/2018\/01\/image2-1.jpeg\" \/>\n\t<meta property=\"og:image:width\" content=\"1600\" \/>\n\t<meta property=\"og:image:height\" content=\"1066\" \/>\n\t<meta property=\"og:image:type\" content=\"image\/jpeg\" \/>\n<meta name=\"author\" content=\"anja.hall\" \/>\n<meta name=\"twitter:card\" content=\"summary_large_image\" \/>\n<meta name=\"twitter:title\" content=\"Hergiswil: Ehemaliges GfK-Geb\u00e4ude wird zum Wohnhaus\" \/>\n<meta name=\"twitter:description\" content=\"Ein ungew\u00f6hnliches Umnutzungsprojekt entsteht derzeit in Hergiswil. Aus dem ehemaligen GfK-B\u00fcrogeb\u00e4ude wird Wohn- und Arbeitsraum f\u00fcr junge Menschen.\" \/>\n<meta name=\"twitter:image\" content=\"https:\/\/www.immobilienbusiness.ch\/wp-content\/uploads\/2018\/01\/image2-1.jpeg\" \/>\n<script type=\"application\/ld+json\" class=\"yoast-schema-graph\">{\"@context\":\"https:\\\/\\\/schema.org\",\"@graph\":[{\"@type\":\"Article\",\"@id\":\"https:\\\/\\\/www.immobilienbusiness.ch\\\/regionen\\\/2018-01-05\\\/hergiswil-ehemaliges-gfk-gebaeude-wird-zum-wohnhaus\\\/#article\",\"isPartOf\":{\"@id\":\"https:\\\/\\\/www.immobilienbusiness.ch\\\/regionen\\\/2018-01-05\\\/hergiswil-ehemaliges-gfk-gebaeude-wird-zum-wohnhaus\\\/\"},\"author\":{\"name\":\"anja.hall\",\"@id\":\"https:\\\/\\\/www.immobilienbusiness.ch\\\/#\\\/schema\\\/person\\\/3fc036297b10b9f42d6db5ee932af8c8\"},\"headline\":\"Hergiswil: Ehemaliges GfK-Geb\u00e4ude wird zum Wohnhaus\",\"datePublished\":\"2018-01-05T08:32:09+00:00\",\"mainEntityOfPage\":{\"@id\":\"https:\\\/\\\/www.immobilienbusiness.ch\\\/regionen\\\/2018-01-05\\\/hergiswil-ehemaliges-gfk-gebaeude-wird-zum-wohnhaus\\\/\"},\"wordCount\":163,\"commentCount\":0,\"publisher\":{\"@id\":\"https:\\\/\\\/www.immobilienbusiness.ch\\\/#organization\"},\"image\":{\"@id\":\"https:\\\/\\\/www.immobilienbusiness.ch\\\/regionen\\\/2018-01-05\\\/hergiswil-ehemaliges-gfk-gebaeude-wird-zum-wohnhaus\\\/#primaryimage\"},\"thumbnailUrl\":\"https:\\\/\\\/www.immobilienbusiness.ch\\\/wp-content\\\/uploads\\\/2018\\\/01\\\/image2-1.jpeg\",\"keywords\":[\"Luzern\",\"Regionen\",\"Umnutzung\",\"Wohnimmobilien\"],\"articleSection\":[\"REGIONEN\"],\"inLanguage\":\"fr-FR\"},{\"@type\":\"WebPage\",\"@id\":\"https:\\\/\\\/www.immobilienbusiness.ch\\\/regionen\\\/2018-01-05\\\/hergiswil-ehemaliges-gfk-gebaeude-wird-zum-wohnhaus\\\/\",\"url\":\"https:\\\/\\\/www.immobilienbusiness.ch\\\/regionen\\\/2018-01-05\\\/hergiswil-ehemaliges-gfk-gebaeude-wird-zum-wohnhaus\\\/\",\"name\":\"Hergiswil: Ehemaliges GfK-Geb\u00e4ude wird zum Wohnhaus - IMMOBILIEN Business\",\"isPartOf\":{\"@id\":\"https:\\\/\\\/www.immobilienbusiness.ch\\\/#website\"},\"primaryImageOfPage\":{\"@id\":\"https:\\\/\\\/www.immobilienbusiness.ch\\\/regionen\\\/2018-01-05\\\/hergiswil-ehemaliges-gfk-gebaeude-wird-zum-wohnhaus\\\/#primaryimage\"},\"image\":{\"@id\":\"https:\\\/\\\/www.immobilienbusiness.ch\\\/regionen\\\/2018-01-05\\\/hergiswil-ehemaliges-gfk-gebaeude-wird-zum-wohnhaus\\\/#primaryimage\"},\"thumbnailUrl\":\"https:\\\/\\\/www.immobilienbusiness.ch\\\/wp-content\\\/uploads\\\/2018\\\/01\\\/image2-1.jpeg\",\"datePublished\":\"2018-01-05T08:32:09+00:00\",\"description\":\"Ein ungew\u00f6hnliches Umnutzungsprojekt entsteht derzeit in Hergiswil. Aus dem ehemaligen GfK-B\u00fcrogeb\u00e4ude wird Wohn- und Arbeitsraum f\u00fcr junge Menschen.\",\"breadcrumb\":{\"@id\":\"https:\\\/\\\/www.immobilienbusiness.ch\\\/regionen\\\/2018-01-05\\\/hergiswil-ehemaliges-gfk-gebaeude-wird-zum-wohnhaus\\\/#breadcrumb\"},\"inLanguage\":\"fr-FR\",\"potentialAction\":[{\"@type\":\"ReadAction\",\"target\":[\"https:\\\/\\\/www.immobilienbusiness.ch\\\/regionen\\\/2018-01-05\\\/hergiswil-ehemaliges-gfk-gebaeude-wird-zum-wohnhaus\\\/\"]}]},{\"@type\":\"ImageObject\",\"inLanguage\":\"fr-FR\",\"@id\":\"https:\\\/\\\/www.immobilienbusiness.ch\\\/regionen\\\/2018-01-05\\\/hergiswil-ehemaliges-gfk-gebaeude-wird-zum-wohnhaus\\\/#primaryimage\",\"url\":\"https:\\\/\\\/www.immobilienbusiness.ch\\\/wp-content\\\/uploads\\\/2018\\\/01\\\/image2-1.jpeg\",\"contentUrl\":\"https:\\\/\\\/www.immobilienbusiness.ch\\\/wp-content\\\/uploads\\\/2018\\\/01\\\/image2-1.jpeg\",\"width\":1600,\"height\":1066,\"caption\":\"(Quelle: Universe 9 )\"},{\"@type\":\"BreadcrumbList\",\"@id\":\"https:\\\/\\\/www.immobilienbusiness.ch\\\/regionen\\\/2018-01-05\\\/hergiswil-ehemaliges-gfk-gebaeude-wird-zum-wohnhaus\\\/#breadcrumb\",\"itemListElement\":[{\"@type\":\"ListItem\",\"position\":1,\"name\":\"Home\",\"item\":\"https:\\\/\\\/www.immobilienbusiness.ch\\\/\"},{\"@type\":\"ListItem\",\"position\":2,\"name\":\"Hergiswil: Ehemaliges GfK-Geb\u00e4ude wird zum Wohnhaus\"}]},{\"@type\":\"WebSite\",\"@id\":\"https:\\\/\\\/www.immobilienbusiness.ch\\\/#website\",\"url\":\"https:\\\/\\\/www.immobilienbusiness.ch\\\/\",\"name\":\"IMMOBILIEN Business\",\"description\":\"Unabh\u00e4ngiges Schweizer Wirtschaftsmagazin mit Fokus auf Immobilien, Architektur- und Bau sowie Investment- und Finanzierung.\",\"publisher\":{\"@id\":\"https:\\\/\\\/www.immobilienbusiness.ch\\\/#organization\"},\"potentialAction\":[{\"@type\":\"SearchAction\",\"target\":{\"@type\":\"EntryPoint\",\"urlTemplate\":\"https:\\\/\\\/www.immobilienbusiness.ch\\\/?s={search_term_string}\"},\"query-input\":{\"@type\":\"PropertyValueSpecification\",\"valueRequired\":true,\"valueName\":\"search_term_string\"}}],\"inLanguage\":\"fr-FR\"},{\"@type\":\"Organization\",\"@id\":\"https:\\\/\\\/www.immobilienbusiness.ch\\\/#organization\",\"name\":\"IMMOBILIEN Business\",\"url\":\"https:\\\/\\\/www.immobilienbusiness.ch\\\/\",\"logo\":{\"@type\":\"ImageObject\",\"inLanguage\":\"fr-FR\",\"@id\":\"https:\\\/\\\/www.immobilienbusiness.ch\\\/#\\\/schema\\\/logo\\\/image\\\/\",\"url\":\"https:\\\/\\\/www.immobilienbusiness.ch\\\/wp-content\\\/uploads\\\/2021\\\/07\\\/logo_ib.png\",\"contentUrl\":\"https:\\\/\\\/www.immobilienbusiness.ch\\\/wp-content\\\/uploads\\\/2021\\\/07\\\/logo_ib.png\",\"width\":800,\"height\":181,\"caption\":\"IMMOBILIEN Business\"},\"image\":{\"@id\":\"https:\\\/\\\/www.immobilienbusiness.ch\\\/#\\\/schema\\\/logo\\\/image\\\/\"},\"sameAs\":[\"https:\\\/\\\/www.facebook.com\\\/immobilienbusiness\\\/\"]},{\"@type\":\"Person\",\"@id\":\"https:\\\/\\\/www.immobilienbusiness.ch\\\/#\\\/schema\\\/person\\\/3fc036297b10b9f42d6db5ee932af8c8\",\"name\":\"anja.hall\",\"image\":{\"@type\":\"ImageObject\",\"inLanguage\":\"fr-FR\",\"@id\":\"https:\\\/\\\/secure.gravatar.com\\\/avatar\\\/066b5a0d447013502c71a5782f4f3469f03cfe595cc2329fb94652fe47511bfb?s=96&d=mm&r=g\",\"url\":\"https:\\\/\\\/secure.gravatar.com\\\/avatar\\\/066b5a0d447013502c71a5782f4f3469f03cfe595cc2329fb94652fe47511bfb?s=96&d=mm&r=g\",\"contentUrl\":\"https:\\\/\\\/secure.gravatar.com\\\/avatar\\\/066b5a0d447013502c71a5782f4f3469f03cfe595cc2329fb94652fe47511bfb?s=96&d=mm&r=g\",\"caption\":\"anja.hall\"},\"url\":\"https:\\\/\\\/www.immobilienbusiness.ch\\\/fr\\\/author\\\/anja-hall\\\/\"}]}<\/script>\n<!-- \/ Yoast SEO plugin. -->","yoast_head_json":{"title":"Hergiswil: Ehemaliges GfK-Geb\u00e4ude wird zum Wohnhaus - IMMOBILIEN Business","description":"Ein ungew\u00f6hnliches Umnutzungsprojekt entsteht derzeit in Hergiswil. Aus dem ehemaligen GfK-B\u00fcrogeb\u00e4ude wird Wohn- und Arbeitsraum f\u00fcr junge Menschen.","robots":{"index":"index","follow":"follow","max-snippet":"max-snippet:-1","max-image-preview":"max-image-preview:large","max-video-preview":"max-video-preview:-1"},"canonical":"https:\/\/www.immobilienbusiness.ch\/fr\/regionen\/2018-01-05\/hergiswil-ehemaliges-gfk-gebaeude-wird-zum-wohnhaus\/","og_locale":"fr_FR","og_type":"article","og_title":"Hergiswil: Ehemaliges GfK-Geb\u00e4ude wird zum Wohnhaus","og_description":"Ein ungew\u00f6hnliches Umnutzungsprojekt entsteht derzeit in Hergiswil. Aus dem ehemaligen GfK-B\u00fcrogeb\u00e4ude wird Wohn- und Arbeitsraum f\u00fcr junge Menschen.","og_url":"https:\/\/www.immobilienbusiness.ch\/fr\/regionen\/2018-01-05\/hergiswil-ehemaliges-gfk-gebaeude-wird-zum-wohnhaus\/","og_site_name":"IMMOBILIEN Business","article_publisher":"https:\/\/www.facebook.com\/immobilienbusiness\/","article_published_time":"2018-01-05T08:32:09+00:00","og_image":[{"width":1600,"height":1066,"url":"https:\/\/www.immobilienbusiness.ch\/wp-content\/uploads\/2018\/01\/image2-1.jpeg","type":"image\/jpeg"}],"author":"anja.hall","twitter_card":"summary_large_image","twitter_title":"Hergiswil: Ehemaliges GfK-Geb\u00e4ude wird zum Wohnhaus","twitter_description":"Ein ungew\u00f6hnliches Umnutzungsprojekt entsteht derzeit in Hergiswil. Aus dem ehemaligen GfK-B\u00fcrogeb\u00e4ude wird Wohn- und Arbeitsraum f\u00fcr junge Menschen.","twitter_image":"https:\/\/www.immobilienbusiness.ch\/wp-content\/uploads\/2018\/01\/image2-1.jpeg","schema":{"@context":"https:\/\/schema.org","@graph":[{"@type":"Article","@id":"https:\/\/www.immobilienbusiness.ch\/regionen\/2018-01-05\/hergiswil-ehemaliges-gfk-gebaeude-wird-zum-wohnhaus\/#article","isPartOf":{"@id":"https:\/\/www.immobilienbusiness.ch\/regionen\/2018-01-05\/hergiswil-ehemaliges-gfk-gebaeude-wird-zum-wohnhaus\/"},"author":{"name":"anja.hall","@id":"https:\/\/www.immobilienbusiness.ch\/#\/schema\/person\/3fc036297b10b9f42d6db5ee932af8c8"},"headline":"Hergiswil: Ehemaliges GfK-Geb\u00e4ude wird zum Wohnhaus","datePublished":"2018-01-05T08:32:09+00:00","mainEntityOfPage":{"@id":"https:\/\/www.immobilienbusiness.ch\/regionen\/2018-01-05\/hergiswil-ehemaliges-gfk-gebaeude-wird-zum-wohnhaus\/"},"wordCount":163,"commentCount":0,"publisher":{"@id":"https:\/\/www.immobilienbusiness.ch\/#organization"},"image":{"@id":"https:\/\/www.immobilienbusiness.ch\/regionen\/2018-01-05\/hergiswil-ehemaliges-gfk-gebaeude-wird-zum-wohnhaus\/#primaryimage"},"thumbnailUrl":"https:\/\/www.immobilienbusiness.ch\/wp-content\/uploads\/2018\/01\/image2-1.jpeg","keywords":["Luzern","Regionen","Umnutzung","Wohnimmobilien"],"articleSection":["REGIONEN"],"inLanguage":"fr-FR"},{"@type":"WebPage","@id":"https:\/\/www.immobilienbusiness.ch\/regionen\/2018-01-05\/hergiswil-ehemaliges-gfk-gebaeude-wird-zum-wohnhaus\/","url":"https:\/\/www.immobilienbusiness.ch\/regionen\/2018-01-05\/hergiswil-ehemaliges-gfk-gebaeude-wird-zum-wohnhaus\/","name":"Hergiswil: Ehemaliges GfK-Geb\u00e4ude wird zum Wohnhaus - IMMOBILIEN Business","isPartOf":{"@id":"https:\/\/www.immobilienbusiness.ch\/#website"},"primaryImageOfPage":{"@id":"https:\/\/www.immobilienbusiness.ch\/regionen\/2018-01-05\/hergiswil-ehemaliges-gfk-gebaeude-wird-zum-wohnhaus\/#primaryimage"},"image":{"@id":"https:\/\/www.immobilienbusiness.ch\/regionen\/2018-01-05\/hergiswil-ehemaliges-gfk-gebaeude-wird-zum-wohnhaus\/#primaryimage"},"thumbnailUrl":"https:\/\/www.immobilienbusiness.ch\/wp-content\/uploads\/2018\/01\/image2-1.jpeg","datePublished":"2018-01-05T08:32:09+00:00","description":"Ein ungew\u00f6hnliches Umnutzungsprojekt entsteht derzeit in Hergiswil. Aus dem ehemaligen GfK-B\u00fcrogeb\u00e4ude wird Wohn- und Arbeitsraum f\u00fcr junge Menschen.","breadcrumb":{"@id":"https:\/\/www.immobilienbusiness.ch\/regionen\/2018-01-05\/hergiswil-ehemaliges-gfk-gebaeude-wird-zum-wohnhaus\/#breadcrumb"},"inLanguage":"fr-FR","potentialAction":[{"@type":"ReadAction","target":["https:\/\/www.immobilienbusiness.ch\/regionen\/2018-01-05\/hergiswil-ehemaliges-gfk-gebaeude-wird-zum-wohnhaus\/"]}]},{"@type":"ImageObject","inLanguage":"fr-FR","@id":"https:\/\/www.immobilienbusiness.ch\/regionen\/2018-01-05\/hergiswil-ehemaliges-gfk-gebaeude-wird-zum-wohnhaus\/#primaryimage","url":"https:\/\/www.immobilienbusiness.ch\/wp-content\/uploads\/2018\/01\/image2-1.jpeg","contentUrl":"https:\/\/www.immobilienbusiness.ch\/wp-content\/uploads\/2018\/01\/image2-1.jpeg","width":1600,"height":1066,"caption":"(Quelle: Universe 9 )"},{"@type":"BreadcrumbList","@id":"https:\/\/www.immobilienbusiness.ch\/regionen\/2018-01-05\/hergiswil-ehemaliges-gfk-gebaeude-wird-zum-wohnhaus\/#breadcrumb","itemListElement":[{"@type":"ListItem","position":1,"name":"Home","item":"https:\/\/www.immobilienbusiness.ch\/"},{"@type":"ListItem","position":2,"name":"Hergiswil: Ehemaliges GfK-Geb\u00e4ude wird zum Wohnhaus"}]},{"@type":"WebSite","@id":"https:\/\/www.immobilienbusiness.ch\/#website","url":"https:\/\/www.immobilienbusiness.ch\/","name":"IMMOBILIER Business","description":"Magazine \u00e9conomique suisse ind\u00e9pendant ax\u00e9 sur l'immobilier, l'architecture et la construction ainsi que sur les investissements et le financement.","publisher":{"@id":"https:\/\/www.immobilienbusiness.ch\/#organization"},"potentialAction":[{"@type":"SearchAction","target":{"@type":"EntryPoint","urlTemplate":"https:\/\/www.immobilienbusiness.ch\/?s={search_term_string}"},"query-input":{"@type":"PropertyValueSpecification","valueRequired":true,"valueName":"search_term_string"}}],"inLanguage":"fr-FR"},{"@type":"Organization","@id":"https:\/\/www.immobilienbusiness.ch\/#organization","name":"IMMOBILIER Business","url":"https:\/\/www.immobilienbusiness.ch\/","logo":{"@type":"ImageObject","inLanguage":"fr-FR","@id":"https:\/\/www.immobilienbusiness.ch\/#\/schema\/logo\/image\/","url":"https:\/\/www.immobilienbusiness.ch\/wp-content\/uploads\/2021\/07\/logo_ib.png","contentUrl":"https:\/\/www.immobilienbusiness.ch\/wp-content\/uploads\/2021\/07\/logo_ib.png","width":800,"height":181,"caption":"IMMOBILIEN Business"},"image":{"@id":"https:\/\/www.immobilienbusiness.ch\/#\/schema\/logo\/image\/"},"sameAs":["https:\/\/www.facebook.com\/immobilienbusiness\/"]},{"@type":"Person","@id":"https:\/\/www.immobilienbusiness.ch\/#\/schema\/person\/3fc036297b10b9f42d6db5ee932af8c8","name":"anja.hall","image":{"@type":"ImageObject","inLanguage":"fr-FR","@id":"https:\/\/secure.gravatar.com\/avatar\/066b5a0d447013502c71a5782f4f3469f03cfe595cc2329fb94652fe47511bfb?s=96&d=mm&r=g","url":"https:\/\/secure.gravatar.com\/avatar\/066b5a0d447013502c71a5782f4f3469f03cfe595cc2329fb94652fe47511bfb?s=96&d=mm&r=g","contentUrl":"https:\/\/secure.gravatar.com\/avatar\/066b5a0d447013502c71a5782f4f3469f03cfe595cc2329fb94652fe47511bfb?s=96&d=mm&r=g","caption":"anja.hall"},"url":"https:\/\/www.immobilienbusiness.ch\/fr\/author\/anja-hall\/"}]}},"_links":{"self":[{"href":"https:\/\/www.immobilienbusiness.ch\/fr\/wp-json\/wp\/v2\/posts\/10799","targetHints":{"allow":["GET"]}}],"collection":[{"href":"https:\/\/www.immobilienbusiness.ch\/fr\/wp-json\/wp\/v2\/posts"}],"about":[{"href":"https:\/\/www.immobilienbusiness.ch\/fr\/wp-json\/wp\/v2\/types\/post"}],"author":[{"embeddable":true,"href":"https:\/\/www.immobilienbusiness.ch\/fr\/wp-json\/wp\/v2\/users\/3"}],"replies":[{"embeddable":true,"href":"https:\/\/www.immobilienbusiness.ch\/fr\/wp-json\/wp\/v2\/comments?post=10799"}],"version-history":[{"count":0,"href":"https:\/\/www.immobilienbusiness.ch\/fr\/wp-json\/wp\/v2\/posts\/10799\/revisions"}],"wp:featuredmedia":[{"embeddable":true,"href":"https:\/\/www.immobilienbusiness.ch\/fr\/wp-json\/wp\/v2\/media\/10801"}],"wp:attachment":[{"href":"https:\/\/www.immobilienbusiness.ch\/fr\/wp-json\/wp\/v2\/media?parent=10799"}],"wp:term":[{"taxonomy":"category","embeddable":true,"href":"https:\/\/www.immobilienbusiness.ch\/fr\/wp-json\/wp\/v2\/categories?post=10799"},{"taxonomy":"post_tag","embeddable":true,"href":"https:\/\/www.immobilienbusiness.ch\/fr\/wp-json\/wp\/v2\/tags?post=10799"}],"curies":[{"name":"wp","href":"https:\/\/api.w.org\/{rel}","templated":true}]}}