{"id":10689,"date":"2017-12-21T09:41:39","date_gmt":"2017-12-21T08:41:39","guid":{"rendered":"https:\/\/www.immobilienbusiness.ch\/?p=10689"},"modified":"2017-12-21T09:41:39","modified_gmt":"2017-12-21T08:41:39","slug":"helvetica-swiss-commercial-65-mio-eingenommen","status":"publish","type":"post","link":"https:\/\/www.immobilienbusiness.ch\/fr\/unternehmen\/2017-12-21\/helvetica-swiss-commercial-65-mio-eingenommen\/","title":{"rendered":"Helvetica Swiss Commercial : pr\u00e8s de 65 millions de recettes"},"content":{"rendered":"<figure id=\"attachment_10690\" aria-describedby=\"caption-attachment-10690\" style=\"width: 1200px\" class=\"wp-caption alignnone\"><img loading=\"lazy\" decoding=\"async\" class=\"size-full wp-image-10690\" src=\"https:\/\/www.immobilienbusiness.ch\/wp-content\/uploads\/2017\/12\/IB-News-20171221-Helvetica-Swiss-Commercial-Fonds-erfolgreiche-Kapitalerh\u00f6hung-c-Pixabay.png\" alt=\"\" width=\"1200\" height=\"800\" \/><figcaption id=\"caption-attachment-10690\" class=\"wp-caption-text\">Le fonds Helvetica Swiss Commercial a pu r\u00e9colter 64,92 millions de CHF gr\u00e2ce \u00e0 l'augmentation de capital (Image : Pixabay)<\/figcaption><\/figure>\n<p>L'augmentation de capital r\u00e9alis\u00e9e du 20 novembre au 15 d\u00e9cembre 2017 pour le fonds HSC, qui a \u00e9t\u00e9 effectu\u00e9e \u00e0 la commission (\"best effort basis\") dans le cadre d'une offre de souscription en Suisse, a \u00e9t\u00e9 \"nettement sursouscrite\", selon la direction du fonds Helvetica Property Investors AG.<\/p>\n<p>Aucun n\u00e9goce officiel de droits de souscription n'a eu lieu pendant le d\u00e9lai de souscription. Avec un rapport de souscription de deux pour un (deux droits de souscription donnaient droit \u00e0 l'achat d'une nouvelle part), 617 650 parts ont \u00e9t\u00e9 \u00e9mises pendant le d\u00e9lai de souscription \u00e0 un prix d'\u00e9mission de 105,11 CHF par part. Il s'agissait de la deuxi\u00e8me augmentation de capital pour le Fonds HSC, lanc\u00e9 et lib\u00e9r\u00e9 il y a onze mois.<\/p>\n<p>Un dividende de 3,50 CHF sera vers\u00e9 aux porteurs de parts d\u00e8s le 5 janvier 2018, indique la direction du fonds. Le versement est donc plus rapide et plus \u00e9lev\u00e9 que ce qui \u00e9tait indiqu\u00e9 jusqu'\u00e0 pr\u00e9sent. Le rendement de la distribution s'\u00e9l\u00e8ve ainsi \u00e0 environ 3,2 pour cent, explique Marcel Hug, CFO et Head Corporate Services chez Helvetica.<\/p>\n<p>La lib\u00e9ration des nouvelles parts aura lieu le 10 janvier 2018. Il y aura alors 1.852.950 parts n\u00e9goci\u00e9es hors bourse en circulation. Le produit de l'\u00e9mission sera investi \"dans des valeurs immobili\u00e8res attrayantes en Suisse\" afin de poursuivre la diversification du portefeuille, ajoute le communiqu\u00e9.<\/p>","protected":false},"excerpt":{"rendered":"<p>La derni\u00e8re augmentation de capital du Helvetica Swiss Commercial Fonds (HSC) s'est achev\u00e9e avec succ\u00e8s. Le fonds HSC b\u00e9n\u00e9ficie d'un apport suppl\u00e9mentaire de 64,92 millions de CHF.<\/p>","protected":false},"author":4,"featured_media":10690,"comment_status":"open","ping_status":"open","sticky":false,"template":"","format":"standard","meta":{"_acf_changed":false,"_yoast_wpseo_focuskw":"Helvetica Swiss Commercial","_yoast_wpseo_title":"","_yoast_wpseo_metadesc":"Dem Fonds Helvetica Swiss Commercial fliessen durch die j\u00fcngste Kapitalerh\u00f6hung weitere Mittel in H\u00f6he von 64,92 Millionen CHF zu.","_yoast_wpseo_linkdex":58,"pgc_sgb_lightbox_settings":"","footnotes":""},"categories":[988],"tags":[1171,1298,1299,1344,1412],"class_list":["post-10689","post","type-post","status-publish","format-standard","has-post-thumbnail","hentry","category-unternehmen","tag-dividende","tag-helvetica-property-investors","tag-helvetica-swiss-commercial","tag-immobilienfonds","tag-kapitalerhoehung"],"acf":[],"yoast_head":"<!-- This site is optimized with the Yoast SEO plugin v27.4 - https:\/\/yoast.com\/product\/yoast-seo-wordpress\/ -->\n<title>Helvetica Swiss Commercial: Knapp 65 Millionen eingenommen - IMMOBILIEN Business<\/title>\n<meta name=\"description\" content=\"Dem Fonds Helvetica Swiss Commercial fliessen durch die j\u00fcngste Kapitalerh\u00f6hung weitere Mittel in H\u00f6he von 64,92 Millionen CHF zu.\" \/>\n<meta name=\"robots\" content=\"index, follow, max-snippet:-1, max-image-preview:large, max-video-preview:-1\" \/>\n<link rel=\"canonical\" href=\"https:\/\/www.immobilienbusiness.ch\/fr\/unternehmen\/2017-12-21\/helvetica-swiss-commercial-65-mio-eingenommen\/\" \/>\n<meta property=\"og:locale\" content=\"fr_FR\" \/>\n<meta property=\"og:type\" content=\"article\" \/>\n<meta property=\"og:title\" content=\"Helvetica Swiss Commercial: Knapp 65 Millionen eingenommen\" \/>\n<meta property=\"og:description\" content=\"Dem Fonds Helvetica Swiss Commercial fliessen durch die j\u00fcngste Kapitalerh\u00f6hung weitere Mittel in H\u00f6he von 64,92 Millionen CHF zu.\" \/>\n<meta property=\"og:url\" content=\"https:\/\/www.immobilienbusiness.ch\/fr\/unternehmen\/2017-12-21\/helvetica-swiss-commercial-65-mio-eingenommen\/\" \/>\n<meta property=\"og:site_name\" content=\"IMMOBILIEN Business\" \/>\n<meta property=\"article:publisher\" content=\"https:\/\/www.facebook.com\/immobilienbusiness\/\" \/>\n<meta property=\"article:published_time\" content=\"2017-12-21T08:41:39+00:00\" \/>\n<meta property=\"og:image\" content=\"https:\/\/www.immobilienbusiness.ch\/wp-content\/uploads\/2017\/12\/IB-News-20171221-Helvetica-Swiss-Commercial-Fonds-erfolgreiche-Kapitalerhoehung-c-Pixabay-1024x683.png\" \/>\n\t<meta property=\"og:image:width\" content=\"1024\" \/>\n\t<meta property=\"og:image:height\" content=\"683\" \/>\n\t<meta property=\"og:image:type\" content=\"image\/png\" \/>\n<meta name=\"author\" content=\"mathias.rinka\" \/>\n<meta name=\"twitter:card\" content=\"summary_large_image\" \/>\n<meta name=\"twitter:title\" content=\"Helvetica Swiss Commercial: Knapp 65 Millionen eingenommen\" \/>\n<meta name=\"twitter:description\" content=\"Dem Fonds Helvetica Swiss Commercial fliessen durch die j\u00fcngste Kapitalerh\u00f6hung weitere Mittel in H\u00f6he von 64,92 Millionen CHF zu.\" \/>\n<script type=\"application\/ld+json\" class=\"yoast-schema-graph\">{\"@context\":\"https:\\\/\\\/schema.org\",\"@graph\":[{\"@type\":\"Article\",\"@id\":\"https:\\\/\\\/www.immobilienbusiness.ch\\\/de\\\/unternehmen\\\/2017-12-21\\\/helvetica-swiss-commercial-65-mio-eingenommen\\\/#article\",\"isPartOf\":{\"@id\":\"https:\\\/\\\/www.immobilienbusiness.ch\\\/de\\\/unternehmen\\\/2017-12-21\\\/helvetica-swiss-commercial-65-mio-eingenommen\\\/\"},\"author\":{\"name\":\"mathias.rinka\",\"@id\":\"https:\\\/\\\/www.immobilienbusiness.ch\\\/#\\\/schema\\\/person\\\/31be7383261ea656cfe52cad71fdc211\"},\"headline\":\"Helvetica Swiss Commercial: Knapp 65 Millionen eingenommen\",\"datePublished\":\"2017-12-21T08:41:39+00:00\",\"mainEntityOfPage\":{\"@id\":\"https:\\\/\\\/www.immobilienbusiness.ch\\\/de\\\/unternehmen\\\/2017-12-21\\\/helvetica-swiss-commercial-65-mio-eingenommen\\\/\"},\"wordCount\":205,\"commentCount\":0,\"publisher\":{\"@id\":\"https:\\\/\\\/www.immobilienbusiness.ch\\\/#organization\"},\"image\":{\"@id\":\"https:\\\/\\\/www.immobilienbusiness.ch\\\/de\\\/unternehmen\\\/2017-12-21\\\/helvetica-swiss-commercial-65-mio-eingenommen\\\/#primaryimage\"},\"thumbnailUrl\":\"https:\\\/\\\/www.immobilienbusiness.ch\\\/wp-content\\\/uploads\\\/2017\\\/12\\\/IB-News-20171221-Helvetica-Swiss-Commercial-Fonds-erfolgreiche-Kapitalerhoehung-c-Pixabay.png\",\"keywords\":[\"Dividende\",\"Helvetica Property Investors\",\"Helvetica Swiss Commercial\",\"Immobilienfonds\",\"Kapitalerh\u00f6hung\"],\"articleSection\":[\"UNTERNEHMEN\"],\"inLanguage\":\"fr-FR\"},{\"@type\":\"WebPage\",\"@id\":\"https:\\\/\\\/www.immobilienbusiness.ch\\\/de\\\/unternehmen\\\/2017-12-21\\\/helvetica-swiss-commercial-65-mio-eingenommen\\\/\",\"url\":\"https:\\\/\\\/www.immobilienbusiness.ch\\\/de\\\/unternehmen\\\/2017-12-21\\\/helvetica-swiss-commercial-65-mio-eingenommen\\\/\",\"name\":\"Helvetica Swiss Commercial: Knapp 65 Millionen eingenommen - IMMOBILIEN Business\",\"isPartOf\":{\"@id\":\"https:\\\/\\\/www.immobilienbusiness.ch\\\/#website\"},\"primaryImageOfPage\":{\"@id\":\"https:\\\/\\\/www.immobilienbusiness.ch\\\/de\\\/unternehmen\\\/2017-12-21\\\/helvetica-swiss-commercial-65-mio-eingenommen\\\/#primaryimage\"},\"image\":{\"@id\":\"https:\\\/\\\/www.immobilienbusiness.ch\\\/de\\\/unternehmen\\\/2017-12-21\\\/helvetica-swiss-commercial-65-mio-eingenommen\\\/#primaryimage\"},\"thumbnailUrl\":\"https:\\\/\\\/www.immobilienbusiness.ch\\\/wp-content\\\/uploads\\\/2017\\\/12\\\/IB-News-20171221-Helvetica-Swiss-Commercial-Fonds-erfolgreiche-Kapitalerhoehung-c-Pixabay.png\",\"datePublished\":\"2017-12-21T08:41:39+00:00\",\"description\":\"Dem Fonds Helvetica Swiss Commercial fliessen durch die j\u00fcngste Kapitalerh\u00f6hung weitere Mittel in H\u00f6he von 64,92 Millionen CHF zu.\",\"breadcrumb\":{\"@id\":\"https:\\\/\\\/www.immobilienbusiness.ch\\\/de\\\/unternehmen\\\/2017-12-21\\\/helvetica-swiss-commercial-65-mio-eingenommen\\\/#breadcrumb\"},\"inLanguage\":\"fr-FR\",\"potentialAction\":[{\"@type\":\"ReadAction\",\"target\":[\"https:\\\/\\\/www.immobilienbusiness.ch\\\/de\\\/unternehmen\\\/2017-12-21\\\/helvetica-swiss-commercial-65-mio-eingenommen\\\/\"]}]},{\"@type\":\"ImageObject\",\"inLanguage\":\"fr-FR\",\"@id\":\"https:\\\/\\\/www.immobilienbusiness.ch\\\/de\\\/unternehmen\\\/2017-12-21\\\/helvetica-swiss-commercial-65-mio-eingenommen\\\/#primaryimage\",\"url\":\"https:\\\/\\\/www.immobilienbusiness.ch\\\/wp-content\\\/uploads\\\/2017\\\/12\\\/IB-News-20171221-Helvetica-Swiss-Commercial-Fonds-erfolgreiche-Kapitalerhoehung-c-Pixabay.png\",\"contentUrl\":\"https:\\\/\\\/www.immobilienbusiness.ch\\\/wp-content\\\/uploads\\\/2017\\\/12\\\/IB-News-20171221-Helvetica-Swiss-Commercial-Fonds-erfolgreiche-Kapitalerhoehung-c-Pixabay.png\",\"width\":1200,\"height\":800,\"caption\":\"Der Commercial-Fonds von Helvetica hat seinen Gesch\u00e4ftsbericht vorgelegt (Bild: SFP AST)\"},{\"@type\":\"BreadcrumbList\",\"@id\":\"https:\\\/\\\/www.immobilienbusiness.ch\\\/de\\\/unternehmen\\\/2017-12-21\\\/helvetica-swiss-commercial-65-mio-eingenommen\\\/#breadcrumb\",\"itemListElement\":[{\"@type\":\"ListItem\",\"position\":1,\"name\":\"Home\",\"item\":\"https:\\\/\\\/www.immobilienbusiness.ch\\\/\"},{\"@type\":\"ListItem\",\"position\":2,\"name\":\"Helvetica Swiss Commercial: Knapp 65 Millionen eingenommen\"}]},{\"@type\":\"WebSite\",\"@id\":\"https:\\\/\\\/www.immobilienbusiness.ch\\\/#website\",\"url\":\"https:\\\/\\\/www.immobilienbusiness.ch\\\/\",\"name\":\"IMMOBILIEN Business\",\"description\":\"Unabh\u00e4ngiges Schweizer Wirtschaftsmagazin mit Fokus auf Immobilien, Architektur- und Bau sowie Investment- und Finanzierung.\",\"publisher\":{\"@id\":\"https:\\\/\\\/www.immobilienbusiness.ch\\\/#organization\"},\"potentialAction\":[{\"@type\":\"SearchAction\",\"target\":{\"@type\":\"EntryPoint\",\"urlTemplate\":\"https:\\\/\\\/www.immobilienbusiness.ch\\\/?s={search_term_string}\"},\"query-input\":{\"@type\":\"PropertyValueSpecification\",\"valueRequired\":true,\"valueName\":\"search_term_string\"}}],\"inLanguage\":\"fr-FR\"},{\"@type\":\"Organization\",\"@id\":\"https:\\\/\\\/www.immobilienbusiness.ch\\\/#organization\",\"name\":\"IMMOBILIEN Business\",\"url\":\"https:\\\/\\\/www.immobilienbusiness.ch\\\/\",\"logo\":{\"@type\":\"ImageObject\",\"inLanguage\":\"fr-FR\",\"@id\":\"https:\\\/\\\/www.immobilienbusiness.ch\\\/#\\\/schema\\\/logo\\\/image\\\/\",\"url\":\"https:\\\/\\\/www.immobilienbusiness.ch\\\/wp-content\\\/uploads\\\/2021\\\/07\\\/logo_ib.png\",\"contentUrl\":\"https:\\\/\\\/www.immobilienbusiness.ch\\\/wp-content\\\/uploads\\\/2021\\\/07\\\/logo_ib.png\",\"width\":800,\"height\":181,\"caption\":\"IMMOBILIEN Business\"},\"image\":{\"@id\":\"https:\\\/\\\/www.immobilienbusiness.ch\\\/#\\\/schema\\\/logo\\\/image\\\/\"},\"sameAs\":[\"https:\\\/\\\/www.facebook.com\\\/immobilienbusiness\\\/\"]},{\"@type\":\"Person\",\"@id\":\"https:\\\/\\\/www.immobilienbusiness.ch\\\/#\\\/schema\\\/person\\\/31be7383261ea656cfe52cad71fdc211\",\"name\":\"mathias.rinka\",\"image\":{\"@type\":\"ImageObject\",\"inLanguage\":\"fr-FR\",\"@id\":\"https:\\\/\\\/secure.gravatar.com\\\/avatar\\\/?s=96&d=mm&r=g\",\"url\":\"https:\\\/\\\/secure.gravatar.com\\\/avatar\\\/?s=96&d=mm&r=g\",\"contentUrl\":\"https:\\\/\\\/secure.gravatar.com\\\/avatar\\\/?s=96&d=mm&r=g\",\"caption\":\"mathias.rinka\"},\"url\":\"https:\\\/\\\/www.immobilienbusiness.ch\\\/fr\\\/author\\\/mathias-rinka\\\/\"}]}<\/script>\n<!-- \/ Yoast SEO plugin. -->","yoast_head_json":{"title":"Helvetica Swiss Commercial: Knapp 65 Millionen eingenommen - IMMOBILIEN Business","description":"Dem Fonds Helvetica Swiss Commercial fliessen durch die j\u00fcngste Kapitalerh\u00f6hung weitere Mittel in H\u00f6he von 64,92 Millionen CHF zu.","robots":{"index":"index","follow":"follow","max-snippet":"max-snippet:-1","max-image-preview":"max-image-preview:large","max-video-preview":"max-video-preview:-1"},"canonical":"https:\/\/www.immobilienbusiness.ch\/fr\/unternehmen\/2017-12-21\/helvetica-swiss-commercial-65-mio-eingenommen\/","og_locale":"fr_FR","og_type":"article","og_title":"Helvetica Swiss Commercial: Knapp 65 Millionen eingenommen","og_description":"Dem Fonds Helvetica Swiss Commercial fliessen durch die j\u00fcngste Kapitalerh\u00f6hung weitere Mittel in H\u00f6he von 64,92 Millionen CHF zu.","og_url":"https:\/\/www.immobilienbusiness.ch\/fr\/unternehmen\/2017-12-21\/helvetica-swiss-commercial-65-mio-eingenommen\/","og_site_name":"IMMOBILIEN Business","article_publisher":"https:\/\/www.facebook.com\/immobilienbusiness\/","article_published_time":"2017-12-21T08:41:39+00:00","og_image":[{"width":1024,"height":683,"url":"https:\/\/www.immobilienbusiness.ch\/wp-content\/uploads\/2017\/12\/IB-News-20171221-Helvetica-Swiss-Commercial-Fonds-erfolgreiche-Kapitalerhoehung-c-Pixabay-1024x683.png","type":"image\/png"}],"author":"mathias.rinka","twitter_card":"summary_large_image","twitter_title":"Helvetica Swiss Commercial: Knapp 65 Millionen eingenommen","twitter_description":"Dem Fonds Helvetica Swiss Commercial fliessen durch die j\u00fcngste Kapitalerh\u00f6hung weitere Mittel in H\u00f6he von 64,92 Millionen CHF zu.","schema":{"@context":"https:\/\/schema.org","@graph":[{"@type":"Article","@id":"https:\/\/www.immobilienbusiness.ch\/de\/unternehmen\/2017-12-21\/helvetica-swiss-commercial-65-mio-eingenommen\/#article","isPartOf":{"@id":"https:\/\/www.immobilienbusiness.ch\/de\/unternehmen\/2017-12-21\/helvetica-swiss-commercial-65-mio-eingenommen\/"},"author":{"name":"mathias.rinka","@id":"https:\/\/www.immobilienbusiness.ch\/#\/schema\/person\/31be7383261ea656cfe52cad71fdc211"},"headline":"Helvetica Swiss Commercial: Knapp 65 Millionen eingenommen","datePublished":"2017-12-21T08:41:39+00:00","mainEntityOfPage":{"@id":"https:\/\/www.immobilienbusiness.ch\/de\/unternehmen\/2017-12-21\/helvetica-swiss-commercial-65-mio-eingenommen\/"},"wordCount":205,"commentCount":0,"publisher":{"@id":"https:\/\/www.immobilienbusiness.ch\/#organization"},"image":{"@id":"https:\/\/www.immobilienbusiness.ch\/de\/unternehmen\/2017-12-21\/helvetica-swiss-commercial-65-mio-eingenommen\/#primaryimage"},"thumbnailUrl":"https:\/\/www.immobilienbusiness.ch\/wp-content\/uploads\/2017\/12\/IB-News-20171221-Helvetica-Swiss-Commercial-Fonds-erfolgreiche-Kapitalerhoehung-c-Pixabay.png","keywords":["Dividende","Helvetica Property Investors","Helvetica Swiss Commercial","Immobilienfonds","Kapitalerh\u00f6hung"],"articleSection":["UNTERNEHMEN"],"inLanguage":"fr-FR"},{"@type":"WebPage","@id":"https:\/\/www.immobilienbusiness.ch\/de\/unternehmen\/2017-12-21\/helvetica-swiss-commercial-65-mio-eingenommen\/","url":"https:\/\/www.immobilienbusiness.ch\/de\/unternehmen\/2017-12-21\/helvetica-swiss-commercial-65-mio-eingenommen\/","name":"Helvetica Swiss Commercial: Knapp 65 Millionen eingenommen - IMMOBILIEN Business","isPartOf":{"@id":"https:\/\/www.immobilienbusiness.ch\/#website"},"primaryImageOfPage":{"@id":"https:\/\/www.immobilienbusiness.ch\/de\/unternehmen\/2017-12-21\/helvetica-swiss-commercial-65-mio-eingenommen\/#primaryimage"},"image":{"@id":"https:\/\/www.immobilienbusiness.ch\/de\/unternehmen\/2017-12-21\/helvetica-swiss-commercial-65-mio-eingenommen\/#primaryimage"},"thumbnailUrl":"https:\/\/www.immobilienbusiness.ch\/wp-content\/uploads\/2017\/12\/IB-News-20171221-Helvetica-Swiss-Commercial-Fonds-erfolgreiche-Kapitalerhoehung-c-Pixabay.png","datePublished":"2017-12-21T08:41:39+00:00","description":"Dem Fonds Helvetica Swiss Commercial fliessen durch die j\u00fcngste Kapitalerh\u00f6hung weitere Mittel in H\u00f6he von 64,92 Millionen CHF zu.","breadcrumb":{"@id":"https:\/\/www.immobilienbusiness.ch\/de\/unternehmen\/2017-12-21\/helvetica-swiss-commercial-65-mio-eingenommen\/#breadcrumb"},"inLanguage":"fr-FR","potentialAction":[{"@type":"ReadAction","target":["https:\/\/www.immobilienbusiness.ch\/de\/unternehmen\/2017-12-21\/helvetica-swiss-commercial-65-mio-eingenommen\/"]}]},{"@type":"ImageObject","inLanguage":"fr-FR","@id":"https:\/\/www.immobilienbusiness.ch\/de\/unternehmen\/2017-12-21\/helvetica-swiss-commercial-65-mio-eingenommen\/#primaryimage","url":"https:\/\/www.immobilienbusiness.ch\/wp-content\/uploads\/2017\/12\/IB-News-20171221-Helvetica-Swiss-Commercial-Fonds-erfolgreiche-Kapitalerhoehung-c-Pixabay.png","contentUrl":"https:\/\/www.immobilienbusiness.ch\/wp-content\/uploads\/2017\/12\/IB-News-20171221-Helvetica-Swiss-Commercial-Fonds-erfolgreiche-Kapitalerhoehung-c-Pixabay.png","width":1200,"height":800,"caption":"Der Commercial-Fonds von Helvetica hat seinen Gesch\u00e4ftsbericht vorgelegt (Bild: SFP AST)"},{"@type":"BreadcrumbList","@id":"https:\/\/www.immobilienbusiness.ch\/de\/unternehmen\/2017-12-21\/helvetica-swiss-commercial-65-mio-eingenommen\/#breadcrumb","itemListElement":[{"@type":"ListItem","position":1,"name":"Home","item":"https:\/\/www.immobilienbusiness.ch\/"},{"@type":"ListItem","position":2,"name":"Helvetica Swiss Commercial: Knapp 65 Millionen eingenommen"}]},{"@type":"WebSite","@id":"https:\/\/www.immobilienbusiness.ch\/#website","url":"https:\/\/www.immobilienbusiness.ch\/","name":"IMMOBILIER Business","description":"Magazine \u00e9conomique suisse ind\u00e9pendant ax\u00e9 sur l'immobilier, l'architecture et la construction ainsi que sur les investissements et le financement.","publisher":{"@id":"https:\/\/www.immobilienbusiness.ch\/#organization"},"potentialAction":[{"@type":"SearchAction","target":{"@type":"EntryPoint","urlTemplate":"https:\/\/www.immobilienbusiness.ch\/?s={search_term_string}"},"query-input":{"@type":"PropertyValueSpecification","valueRequired":true,"valueName":"search_term_string"}}],"inLanguage":"fr-FR"},{"@type":"Organization","@id":"https:\/\/www.immobilienbusiness.ch\/#organization","name":"IMMOBILIER Business","url":"https:\/\/www.immobilienbusiness.ch\/","logo":{"@type":"ImageObject","inLanguage":"fr-FR","@id":"https:\/\/www.immobilienbusiness.ch\/#\/schema\/logo\/image\/","url":"https:\/\/www.immobilienbusiness.ch\/wp-content\/uploads\/2021\/07\/logo_ib.png","contentUrl":"https:\/\/www.immobilienbusiness.ch\/wp-content\/uploads\/2021\/07\/logo_ib.png","width":800,"height":181,"caption":"IMMOBILIEN Business"},"image":{"@id":"https:\/\/www.immobilienbusiness.ch\/#\/schema\/logo\/image\/"},"sameAs":["https:\/\/www.facebook.com\/immobilienbusiness\/"]},{"@type":"Person","@id":"https:\/\/www.immobilienbusiness.ch\/#\/schema\/person\/31be7383261ea656cfe52cad71fdc211","name":"mathias.rinka","image":{"@type":"ImageObject","inLanguage":"fr-FR","@id":"https:\/\/secure.gravatar.com\/avatar\/?s=96&d=mm&r=g","url":"https:\/\/secure.gravatar.com\/avatar\/?s=96&d=mm&r=g","contentUrl":"https:\/\/secure.gravatar.com\/avatar\/?s=96&d=mm&r=g","caption":"mathias.rinka"},"url":"https:\/\/www.immobilienbusiness.ch\/fr\/author\/mathias-rinka\/"}]}},"_links":{"self":[{"href":"https:\/\/www.immobilienbusiness.ch\/fr\/wp-json\/wp\/v2\/posts\/10689","targetHints":{"allow":["GET"]}}],"collection":[{"href":"https:\/\/www.immobilienbusiness.ch\/fr\/wp-json\/wp\/v2\/posts"}],"about":[{"href":"https:\/\/www.immobilienbusiness.ch\/fr\/wp-json\/wp\/v2\/types\/post"}],"author":[{"embeddable":true,"href":"https:\/\/www.immobilienbusiness.ch\/fr\/wp-json\/wp\/v2\/users\/4"}],"replies":[{"embeddable":true,"href":"https:\/\/www.immobilienbusiness.ch\/fr\/wp-json\/wp\/v2\/comments?post=10689"}],"version-history":[{"count":0,"href":"https:\/\/www.immobilienbusiness.ch\/fr\/wp-json\/wp\/v2\/posts\/10689\/revisions"}],"wp:featuredmedia":[{"embeddable":true,"href":"https:\/\/www.immobilienbusiness.ch\/fr\/wp-json\/wp\/v2\/media\/10690"}],"wp:attachment":[{"href":"https:\/\/www.immobilienbusiness.ch\/fr\/wp-json\/wp\/v2\/media?parent=10689"}],"wp:term":[{"taxonomy":"category","embeddable":true,"href":"https:\/\/www.immobilienbusiness.ch\/fr\/wp-json\/wp\/v2\/categories?post=10689"},{"taxonomy":"post_tag","embeddable":true,"href":"https:\/\/www.immobilienbusiness.ch\/fr\/wp-json\/wp\/v2\/tags?post=10689"}],"curies":[{"name":"wp","href":"https:\/\/api.w.org\/{rel}","templated":true}]}}