{"id":10549,"date":"2017-12-13T09:43:06","date_gmt":"2017-12-13T08:43:06","guid":{"rendered":"https:\/\/www.immobilienbusiness.ch\/?p=10549"},"modified":"2017-12-13T09:43:06","modified_gmt":"2017-12-13T08:43:06","slug":"stabuebergabe-bei-espace-real-estate","status":"publish","type":"post","link":"https:\/\/www.immobilienbusiness.ch\/fr\/unternehmen\/2017-12-13\/stabuebergabe-bei-espace-real-estate\/","title":{"rendered":"Remise des cl\u00e9s \u00e0 Espace Real Estate"},"content":{"rendered":"<figure id=\"attachment_10550\" aria-describedby=\"caption-attachment-10550\" style=\"width: 489px\" class=\"wp-caption alignnone\"><img loading=\"lazy\" decoding=\"async\" class=\"size-full wp-image-10550\" src=\"https:\/\/www.immobilienbusiness.ch\/wp-content\/uploads\/2017\/12\/IB-News-20171213-Espace-Real-Estate-Theodor-Kocher-tritt-ab-Lars-Egger-kommt.png\" alt=\"\" width=\"489\" height=\"328\" srcset=\"https:\/\/www.immobilienbusiness.ch\/wp-content\/uploads\/2017\/12\/IB-News-20171213-Espace-Real-Estate-Theodor-Kocher-tritt-ab-Lars-Egger-kommt.png 489w, https:\/\/www.immobilienbusiness.ch\/wp-content\/uploads\/2017\/12\/IB-News-20171213-Espace-Real-Estate-Theodor-Kocher-tritt-ab-Lars-Egger-kommt-300x201.png 300w, https:\/\/www.immobilienbusiness.ch\/wp-content\/uploads\/2017\/12\/IB-News-20171213-Espace-Real-Estate-Theodor-Kocher-tritt-ab-Lars-Egger-kommt-16x12.png 16w, https:\/\/www.immobilienbusiness.ch\/wp-content\/uploads\/2017\/12\/IB-News-20171213-Espace-Real-Estate-Theodor-Kocher-tritt-ab-Lars-Egger-kommt-261x175.png 261w\" sizes=\"auto, (max-width: 489px) 100vw, 489px\" \/><figcaption id=\"caption-attachment-10550\" class=\"wp-caption-text\">Theodor F. Kocher (\u00e0 gauche) transmettra la pr\u00e9sidence de la direction \u00e0 Lars Egger (\u00e0 droite) au 1er janvier 2018 (photo : Espace Real Estate)<\/figcaption><\/figure>\n<p>\"Apr\u00e8s treize ans d'activit\u00e9 couronn\u00e9e de succ\u00e8s, Theodor F. Kocher transmettra la pr\u00e9sidence de la direction \u00e0 Lars Egger au 1er janvier 2018\", \u00e9crit Espace Real Estate dans un communiqu\u00e9 de presse. Egger est responsable depuis le 15 f\u00e9vrier 2015 de la direction des projets de d\u00e9veloppement et de construction au sein de l'entreprise.<\/p>\n<p>Le conseil d'administration d'Espace proposera l'\u00e9lection de Theodor F. Kocher au conseil d'administration lors de l'assembl\u00e9e g\u00e9n\u00e9rale du 17 mai 2018, ajoute le communiqu\u00e9.<\/p>\n<p>Espace Real Estate Holding AG est une soci\u00e9t\u00e9 de placement immobilier dont le si\u00e8ge est \u00e0 Bienne. La soci\u00e9t\u00e9 investit dans des biens immobiliers dans les cantons de Berne, Soleure, Argovie, Lucerne et Schaffhouse. Au 30 juin 2017, la valeur du portefeuille immobilier s'\u00e9levait \u00e0 635,5 millions de CHF. Les actions de l'entreprise sont n\u00e9goci\u00e9es sur les plates-formes de n\u00e9goce \u00e9lectroniques de la Banque cantonale de Berne (OTC-X) et de la Banque cantonale de Zurich (eKMU-X).<\/p>\n<p>&nbsp;<\/p>","protected":false},"excerpt":{"rendered":"<p>Changement de g\u00e9n\u00e9ration chez Espace Real Estate : Theodor F. Kocher, pr\u00e9sident de la direction depuis de nombreuses ann\u00e9es, remettra son mandat entre de nouvelles mains \u00e0 la fin de l'ann\u00e9e.<\/p>","protected":false},"author":4,"featured_media":10550,"comment_status":"open","ping_status":"open","sticky":false,"template":"","format":"standard","meta":{"_acf_changed":false,"_yoast_wpseo_focuskw":"Espace Real Estate","_yoast_wpseo_title":"","_yoast_wpseo_metadesc":"Generationenwechsel bei Espace Real Estate: Der langj\u00e4hrige GL-Vorsitzende Theodor F. Kocher \u00fcbergibt sein Amt zum Jahreswechsel 2017\/2018 an Lars Egger.","_yoast_wpseo_linkdex":69,"pgc_sgb_lightbox_settings":"","footnotes":""},"categories":[988],"tags":[993,1091,1097,1266,1329,1459,1563,1668,1709],"class_list":["post-10549","post","type-post","status-publish","format-standard","has-post-thumbnail","hentry","category-unternehmen","tag-aargau","tag-bern","tag-biel","tag-geschaeftszahlen","tag-immobilien-ag","tag-luzern","tag-personalia","tag-schaffhausen","tag-solothurn"],"acf":[],"yoast_head":"<!-- This site is optimized with the Yoast SEO plugin v27.4 - https:\/\/yoast.com\/product\/yoast-seo-wordpress\/ -->\n<title>Stab\u00fcbergabe bei Espace Real Estate - IMMOBILIEN Business<\/title>\n<meta name=\"description\" content=\"Generationenwechsel bei Espace Real Estate: Der langj\u00e4hrige GL-Vorsitzende Theodor F. Kocher \u00fcbergibt sein Amt zum Jahreswechsel 2017\/2018 an Lars Egger.\" \/>\n<meta name=\"robots\" content=\"index, follow, max-snippet:-1, max-image-preview:large, max-video-preview:-1\" \/>\n<link rel=\"canonical\" href=\"https:\/\/www.immobilienbusiness.ch\/fr\/unternehmen\/2017-12-13\/stabuebergabe-bei-espace-real-estate\/\" \/>\n<meta property=\"og:locale\" content=\"fr_FR\" \/>\n<meta property=\"og:type\" content=\"article\" \/>\n<meta property=\"og:title\" content=\"Stab\u00fcbergabe bei Espace Real Estate\" \/>\n<meta property=\"og:description\" content=\"Generationenwechsel bei Espace Real Estate: Der langj\u00e4hrige GL-Vorsitzende Theodor F. Kocher \u00fcbergibt sein Amt zum Jahreswechsel 2017\/2018 an Lars Egger.\" \/>\n<meta property=\"og:url\" content=\"https:\/\/www.immobilienbusiness.ch\/fr\/unternehmen\/2017-12-13\/stabuebergabe-bei-espace-real-estate\/\" \/>\n<meta property=\"og:site_name\" content=\"IMMOBILIEN Business\" \/>\n<meta property=\"article:publisher\" content=\"https:\/\/www.facebook.com\/immobilienbusiness\/\" \/>\n<meta property=\"article:published_time\" content=\"2017-12-13T08:43:06+00:00\" \/>\n<meta property=\"og:image\" content=\"https:\/\/www.immobilienbusiness.ch\/wp-content\/uploads\/2017\/12\/IB-News-20171213-Espace-Real-Estate-Theodor-Kocher-tritt-ab-Lars-Egger-kommt.png\" \/>\n\t<meta property=\"og:image:width\" content=\"489\" \/>\n\t<meta property=\"og:image:height\" content=\"328\" \/>\n\t<meta property=\"og:image:type\" content=\"image\/png\" \/>\n<meta name=\"author\" content=\"mathias.rinka\" \/>\n<meta name=\"twitter:card\" content=\"summary_large_image\" \/>\n<meta name=\"twitter:title\" content=\"Stab\u00fcbergabe bei Espace Real Estate\" \/>\n<meta name=\"twitter:description\" content=\"Generationenwechsel bei Espace Real Estate: Der langj\u00e4hrige GL-Vorsitzende Theodor F. Kocher \u00fcbergibt sein Amt zum Jahreswechsel 2017\/2018 an Lars Egger.\" \/>\n<script type=\"application\/ld+json\" class=\"yoast-schema-graph\">{\"@context\":\"https:\\\/\\\/schema.org\",\"@graph\":[{\"@type\":\"Article\",\"@id\":\"https:\\\/\\\/www.immobilienbusiness.ch\\\/unternehmen\\\/2017-12-13\\\/stabuebergabe-bei-espace-real-estate\\\/#article\",\"isPartOf\":{\"@id\":\"https:\\\/\\\/www.immobilienbusiness.ch\\\/unternehmen\\\/2017-12-13\\\/stabuebergabe-bei-espace-real-estate\\\/\"},\"author\":{\"name\":\"mathias.rinka\",\"@id\":\"https:\\\/\\\/www.immobilienbusiness.ch\\\/#\\\/schema\\\/person\\\/31be7383261ea656cfe52cad71fdc211\"},\"headline\":\"Stab\u00fcbergabe bei Espace Real Estate\",\"datePublished\":\"2017-12-13T08:43:06+00:00\",\"mainEntityOfPage\":{\"@id\":\"https:\\\/\\\/www.immobilienbusiness.ch\\\/unternehmen\\\/2017-12-13\\\/stabuebergabe-bei-espace-real-estate\\\/\"},\"wordCount\":150,\"commentCount\":0,\"publisher\":{\"@id\":\"https:\\\/\\\/www.immobilienbusiness.ch\\\/#organization\"},\"image\":{\"@id\":\"https:\\\/\\\/www.immobilienbusiness.ch\\\/unternehmen\\\/2017-12-13\\\/stabuebergabe-bei-espace-real-estate\\\/#primaryimage\"},\"thumbnailUrl\":\"https:\\\/\\\/www.immobilienbusiness.ch\\\/wp-content\\\/uploads\\\/2017\\\/12\\\/IB-News-20171213-Espace-Real-Estate-Theodor-Kocher-tritt-ab-Lars-Egger-kommt.png\",\"keywords\":[\"Aargau\",\"Bern\",\"Biel\",\"Gesch\u00e4ftszahlen\",\"Immobilien-AG\",\"Luzern\",\"Personalia\",\"Schaffhausen\",\"Solothurn\"],\"articleSection\":[\"UNTERNEHMEN\"],\"inLanguage\":\"fr-FR\"},{\"@type\":\"WebPage\",\"@id\":\"https:\\\/\\\/www.immobilienbusiness.ch\\\/unternehmen\\\/2017-12-13\\\/stabuebergabe-bei-espace-real-estate\\\/\",\"url\":\"https:\\\/\\\/www.immobilienbusiness.ch\\\/unternehmen\\\/2017-12-13\\\/stabuebergabe-bei-espace-real-estate\\\/\",\"name\":\"Stab\u00fcbergabe bei Espace Real Estate - IMMOBILIEN Business\",\"isPartOf\":{\"@id\":\"https:\\\/\\\/www.immobilienbusiness.ch\\\/#website\"},\"primaryImageOfPage\":{\"@id\":\"https:\\\/\\\/www.immobilienbusiness.ch\\\/unternehmen\\\/2017-12-13\\\/stabuebergabe-bei-espace-real-estate\\\/#primaryimage\"},\"image\":{\"@id\":\"https:\\\/\\\/www.immobilienbusiness.ch\\\/unternehmen\\\/2017-12-13\\\/stabuebergabe-bei-espace-real-estate\\\/#primaryimage\"},\"thumbnailUrl\":\"https:\\\/\\\/www.immobilienbusiness.ch\\\/wp-content\\\/uploads\\\/2017\\\/12\\\/IB-News-20171213-Espace-Real-Estate-Theodor-Kocher-tritt-ab-Lars-Egger-kommt.png\",\"datePublished\":\"2017-12-13T08:43:06+00:00\",\"description\":\"Generationenwechsel bei Espace Real Estate: Der langj\u00e4hrige GL-Vorsitzende Theodor F. Kocher \u00fcbergibt sein Amt zum Jahreswechsel 2017\\\/2018 an Lars Egger.\",\"breadcrumb\":{\"@id\":\"https:\\\/\\\/www.immobilienbusiness.ch\\\/unternehmen\\\/2017-12-13\\\/stabuebergabe-bei-espace-real-estate\\\/#breadcrumb\"},\"inLanguage\":\"fr-FR\",\"potentialAction\":[{\"@type\":\"ReadAction\",\"target\":[\"https:\\\/\\\/www.immobilienbusiness.ch\\\/unternehmen\\\/2017-12-13\\\/stabuebergabe-bei-espace-real-estate\\\/\"]}]},{\"@type\":\"ImageObject\",\"inLanguage\":\"fr-FR\",\"@id\":\"https:\\\/\\\/www.immobilienbusiness.ch\\\/unternehmen\\\/2017-12-13\\\/stabuebergabe-bei-espace-real-estate\\\/#primaryimage\",\"url\":\"https:\\\/\\\/www.immobilienbusiness.ch\\\/wp-content\\\/uploads\\\/2017\\\/12\\\/IB-News-20171213-Espace-Real-Estate-Theodor-Kocher-tritt-ab-Lars-Egger-kommt.png\",\"contentUrl\":\"https:\\\/\\\/www.immobilienbusiness.ch\\\/wp-content\\\/uploads\\\/2017\\\/12\\\/IB-News-20171213-Espace-Real-Estate-Theodor-Kocher-tritt-ab-Lars-Egger-kommt.png\",\"width\":489,\"height\":328,\"caption\":\"Theodor F. Kocher (links) \u00fcbergibt die Gesch\u00e4ftsleitung per 1. Januar 2018 an Lars Egger (rechts) (Bild: Espace Real Estate)\"},{\"@type\":\"BreadcrumbList\",\"@id\":\"https:\\\/\\\/www.immobilienbusiness.ch\\\/unternehmen\\\/2017-12-13\\\/stabuebergabe-bei-espace-real-estate\\\/#breadcrumb\",\"itemListElement\":[{\"@type\":\"ListItem\",\"position\":1,\"name\":\"Home\",\"item\":\"https:\\\/\\\/www.immobilienbusiness.ch\\\/\"},{\"@type\":\"ListItem\",\"position\":2,\"name\":\"Stab\u00fcbergabe bei Espace Real Estate\"}]},{\"@type\":\"WebSite\",\"@id\":\"https:\\\/\\\/www.immobilienbusiness.ch\\\/#website\",\"url\":\"https:\\\/\\\/www.immobilienbusiness.ch\\\/\",\"name\":\"IMMOBILIEN Business\",\"description\":\"Unabh\u00e4ngiges Schweizer Wirtschaftsmagazin mit Fokus auf Immobilien, Architektur- und Bau sowie Investment- und Finanzierung.\",\"publisher\":{\"@id\":\"https:\\\/\\\/www.immobilienbusiness.ch\\\/#organization\"},\"potentialAction\":[{\"@type\":\"SearchAction\",\"target\":{\"@type\":\"EntryPoint\",\"urlTemplate\":\"https:\\\/\\\/www.immobilienbusiness.ch\\\/?s={search_term_string}\"},\"query-input\":{\"@type\":\"PropertyValueSpecification\",\"valueRequired\":true,\"valueName\":\"search_term_string\"}}],\"inLanguage\":\"fr-FR\"},{\"@type\":\"Organization\",\"@id\":\"https:\\\/\\\/www.immobilienbusiness.ch\\\/#organization\",\"name\":\"IMMOBILIEN Business\",\"url\":\"https:\\\/\\\/www.immobilienbusiness.ch\\\/\",\"logo\":{\"@type\":\"ImageObject\",\"inLanguage\":\"fr-FR\",\"@id\":\"https:\\\/\\\/www.immobilienbusiness.ch\\\/#\\\/schema\\\/logo\\\/image\\\/\",\"url\":\"https:\\\/\\\/www.immobilienbusiness.ch\\\/wp-content\\\/uploads\\\/2021\\\/07\\\/logo_ib.png\",\"contentUrl\":\"https:\\\/\\\/www.immobilienbusiness.ch\\\/wp-content\\\/uploads\\\/2021\\\/07\\\/logo_ib.png\",\"width\":800,\"height\":181,\"caption\":\"IMMOBILIEN Business\"},\"image\":{\"@id\":\"https:\\\/\\\/www.immobilienbusiness.ch\\\/#\\\/schema\\\/logo\\\/image\\\/\"},\"sameAs\":[\"https:\\\/\\\/www.facebook.com\\\/immobilienbusiness\\\/\"]},{\"@type\":\"Person\",\"@id\":\"https:\\\/\\\/www.immobilienbusiness.ch\\\/#\\\/schema\\\/person\\\/31be7383261ea656cfe52cad71fdc211\",\"name\":\"mathias.rinka\",\"image\":{\"@type\":\"ImageObject\",\"inLanguage\":\"fr-FR\",\"@id\":\"https:\\\/\\\/secure.gravatar.com\\\/avatar\\\/?s=96&d=mm&r=g\",\"url\":\"https:\\\/\\\/secure.gravatar.com\\\/avatar\\\/?s=96&d=mm&r=g\",\"contentUrl\":\"https:\\\/\\\/secure.gravatar.com\\\/avatar\\\/?s=96&d=mm&r=g\",\"caption\":\"mathias.rinka\"},\"url\":\"https:\\\/\\\/www.immobilienbusiness.ch\\\/fr\\\/author\\\/mathias-rinka\\\/\"}]}<\/script>\n<!-- \/ Yoast SEO plugin. -->","yoast_head_json":{"title":"Stab\u00fcbergabe bei Espace Real Estate - IMMOBILIEN Business","description":"Generationenwechsel bei Espace Real Estate: Der langj\u00e4hrige GL-Vorsitzende Theodor F. Kocher \u00fcbergibt sein Amt zum Jahreswechsel 2017\/2018 an Lars Egger.","robots":{"index":"index","follow":"follow","max-snippet":"max-snippet:-1","max-image-preview":"max-image-preview:large","max-video-preview":"max-video-preview:-1"},"canonical":"https:\/\/www.immobilienbusiness.ch\/fr\/unternehmen\/2017-12-13\/stabuebergabe-bei-espace-real-estate\/","og_locale":"fr_FR","og_type":"article","og_title":"Stab\u00fcbergabe bei Espace Real Estate","og_description":"Generationenwechsel bei Espace Real Estate: Der langj\u00e4hrige GL-Vorsitzende Theodor F. Kocher \u00fcbergibt sein Amt zum Jahreswechsel 2017\/2018 an Lars Egger.","og_url":"https:\/\/www.immobilienbusiness.ch\/fr\/unternehmen\/2017-12-13\/stabuebergabe-bei-espace-real-estate\/","og_site_name":"IMMOBILIEN Business","article_publisher":"https:\/\/www.facebook.com\/immobilienbusiness\/","article_published_time":"2017-12-13T08:43:06+00:00","og_image":[{"width":489,"height":328,"url":"https:\/\/www.immobilienbusiness.ch\/wp-content\/uploads\/2017\/12\/IB-News-20171213-Espace-Real-Estate-Theodor-Kocher-tritt-ab-Lars-Egger-kommt.png","type":"image\/png"}],"author":"mathias.rinka","twitter_card":"summary_large_image","twitter_title":"Stab\u00fcbergabe bei Espace Real Estate","twitter_description":"Generationenwechsel bei Espace Real Estate: Der langj\u00e4hrige GL-Vorsitzende Theodor F. Kocher \u00fcbergibt sein Amt zum Jahreswechsel 2017\/2018 an Lars Egger.","schema":{"@context":"https:\/\/schema.org","@graph":[{"@type":"Article","@id":"https:\/\/www.immobilienbusiness.ch\/unternehmen\/2017-12-13\/stabuebergabe-bei-espace-real-estate\/#article","isPartOf":{"@id":"https:\/\/www.immobilienbusiness.ch\/unternehmen\/2017-12-13\/stabuebergabe-bei-espace-real-estate\/"},"author":{"name":"mathias.rinka","@id":"https:\/\/www.immobilienbusiness.ch\/#\/schema\/person\/31be7383261ea656cfe52cad71fdc211"},"headline":"Stab\u00fcbergabe bei Espace Real Estate","datePublished":"2017-12-13T08:43:06+00:00","mainEntityOfPage":{"@id":"https:\/\/www.immobilienbusiness.ch\/unternehmen\/2017-12-13\/stabuebergabe-bei-espace-real-estate\/"},"wordCount":150,"commentCount":0,"publisher":{"@id":"https:\/\/www.immobilienbusiness.ch\/#organization"},"image":{"@id":"https:\/\/www.immobilienbusiness.ch\/unternehmen\/2017-12-13\/stabuebergabe-bei-espace-real-estate\/#primaryimage"},"thumbnailUrl":"https:\/\/www.immobilienbusiness.ch\/wp-content\/uploads\/2017\/12\/IB-News-20171213-Espace-Real-Estate-Theodor-Kocher-tritt-ab-Lars-Egger-kommt.png","keywords":["Aargau","Bern","Biel","Gesch\u00e4ftszahlen","Immobilien-AG","Luzern","Personalia","Schaffhausen","Solothurn"],"articleSection":["UNTERNEHMEN"],"inLanguage":"fr-FR"},{"@type":"WebPage","@id":"https:\/\/www.immobilienbusiness.ch\/unternehmen\/2017-12-13\/stabuebergabe-bei-espace-real-estate\/","url":"https:\/\/www.immobilienbusiness.ch\/unternehmen\/2017-12-13\/stabuebergabe-bei-espace-real-estate\/","name":"Stab\u00fcbergabe bei Espace Real Estate - IMMOBILIEN Business","isPartOf":{"@id":"https:\/\/www.immobilienbusiness.ch\/#website"},"primaryImageOfPage":{"@id":"https:\/\/www.immobilienbusiness.ch\/unternehmen\/2017-12-13\/stabuebergabe-bei-espace-real-estate\/#primaryimage"},"image":{"@id":"https:\/\/www.immobilienbusiness.ch\/unternehmen\/2017-12-13\/stabuebergabe-bei-espace-real-estate\/#primaryimage"},"thumbnailUrl":"https:\/\/www.immobilienbusiness.ch\/wp-content\/uploads\/2017\/12\/IB-News-20171213-Espace-Real-Estate-Theodor-Kocher-tritt-ab-Lars-Egger-kommt.png","datePublished":"2017-12-13T08:43:06+00:00","description":"Generationenwechsel bei Espace Real Estate: Der langj\u00e4hrige GL-Vorsitzende Theodor F. Kocher \u00fcbergibt sein Amt zum Jahreswechsel 2017\/2018 an Lars Egger.","breadcrumb":{"@id":"https:\/\/www.immobilienbusiness.ch\/unternehmen\/2017-12-13\/stabuebergabe-bei-espace-real-estate\/#breadcrumb"},"inLanguage":"fr-FR","potentialAction":[{"@type":"ReadAction","target":["https:\/\/www.immobilienbusiness.ch\/unternehmen\/2017-12-13\/stabuebergabe-bei-espace-real-estate\/"]}]},{"@type":"ImageObject","inLanguage":"fr-FR","@id":"https:\/\/www.immobilienbusiness.ch\/unternehmen\/2017-12-13\/stabuebergabe-bei-espace-real-estate\/#primaryimage","url":"https:\/\/www.immobilienbusiness.ch\/wp-content\/uploads\/2017\/12\/IB-News-20171213-Espace-Real-Estate-Theodor-Kocher-tritt-ab-Lars-Egger-kommt.png","contentUrl":"https:\/\/www.immobilienbusiness.ch\/wp-content\/uploads\/2017\/12\/IB-News-20171213-Espace-Real-Estate-Theodor-Kocher-tritt-ab-Lars-Egger-kommt.png","width":489,"height":328,"caption":"Theodor F. Kocher (links) \u00fcbergibt die Gesch\u00e4ftsleitung per 1. Januar 2018 an Lars Egger (rechts) (Bild: Espace Real Estate)"},{"@type":"BreadcrumbList","@id":"https:\/\/www.immobilienbusiness.ch\/unternehmen\/2017-12-13\/stabuebergabe-bei-espace-real-estate\/#breadcrumb","itemListElement":[{"@type":"ListItem","position":1,"name":"Home","item":"https:\/\/www.immobilienbusiness.ch\/"},{"@type":"ListItem","position":2,"name":"Stab\u00fcbergabe bei Espace Real Estate"}]},{"@type":"WebSite","@id":"https:\/\/www.immobilienbusiness.ch\/#website","url":"https:\/\/www.immobilienbusiness.ch\/","name":"IMMOBILIER Business","description":"Magazine \u00e9conomique suisse ind\u00e9pendant ax\u00e9 sur l'immobilier, l'architecture et la construction ainsi que sur les investissements et le financement.","publisher":{"@id":"https:\/\/www.immobilienbusiness.ch\/#organization"},"potentialAction":[{"@type":"SearchAction","target":{"@type":"EntryPoint","urlTemplate":"https:\/\/www.immobilienbusiness.ch\/?s={search_term_string}"},"query-input":{"@type":"PropertyValueSpecification","valueRequired":true,"valueName":"search_term_string"}}],"inLanguage":"fr-FR"},{"@type":"Organization","@id":"https:\/\/www.immobilienbusiness.ch\/#organization","name":"IMMOBILIER Business","url":"https:\/\/www.immobilienbusiness.ch\/","logo":{"@type":"ImageObject","inLanguage":"fr-FR","@id":"https:\/\/www.immobilienbusiness.ch\/#\/schema\/logo\/image\/","url":"https:\/\/www.immobilienbusiness.ch\/wp-content\/uploads\/2021\/07\/logo_ib.png","contentUrl":"https:\/\/www.immobilienbusiness.ch\/wp-content\/uploads\/2021\/07\/logo_ib.png","width":800,"height":181,"caption":"IMMOBILIEN Business"},"image":{"@id":"https:\/\/www.immobilienbusiness.ch\/#\/schema\/logo\/image\/"},"sameAs":["https:\/\/www.facebook.com\/immobilienbusiness\/"]},{"@type":"Person","@id":"https:\/\/www.immobilienbusiness.ch\/#\/schema\/person\/31be7383261ea656cfe52cad71fdc211","name":"mathias.rinka","image":{"@type":"ImageObject","inLanguage":"fr-FR","@id":"https:\/\/secure.gravatar.com\/avatar\/?s=96&d=mm&r=g","url":"https:\/\/secure.gravatar.com\/avatar\/?s=96&d=mm&r=g","contentUrl":"https:\/\/secure.gravatar.com\/avatar\/?s=96&d=mm&r=g","caption":"mathias.rinka"},"url":"https:\/\/www.immobilienbusiness.ch\/fr\/author\/mathias-rinka\/"}]}},"_links":{"self":[{"href":"https:\/\/www.immobilienbusiness.ch\/fr\/wp-json\/wp\/v2\/posts\/10549","targetHints":{"allow":["GET"]}}],"collection":[{"href":"https:\/\/www.immobilienbusiness.ch\/fr\/wp-json\/wp\/v2\/posts"}],"about":[{"href":"https:\/\/www.immobilienbusiness.ch\/fr\/wp-json\/wp\/v2\/types\/post"}],"author":[{"embeddable":true,"href":"https:\/\/www.immobilienbusiness.ch\/fr\/wp-json\/wp\/v2\/users\/4"}],"replies":[{"embeddable":true,"href":"https:\/\/www.immobilienbusiness.ch\/fr\/wp-json\/wp\/v2\/comments?post=10549"}],"version-history":[{"count":0,"href":"https:\/\/www.immobilienbusiness.ch\/fr\/wp-json\/wp\/v2\/posts\/10549\/revisions"}],"wp:featuredmedia":[{"embeddable":true,"href":"https:\/\/www.immobilienbusiness.ch\/fr\/wp-json\/wp\/v2\/media\/10550"}],"wp:attachment":[{"href":"https:\/\/www.immobilienbusiness.ch\/fr\/wp-json\/wp\/v2\/media?parent=10549"}],"wp:term":[{"taxonomy":"category","embeddable":true,"href":"https:\/\/www.immobilienbusiness.ch\/fr\/wp-json\/wp\/v2\/categories?post=10549"},{"taxonomy":"post_tag","embeddable":true,"href":"https:\/\/www.immobilienbusiness.ch\/fr\/wp-json\/wp\/v2\/tags?post=10549"}],"curies":[{"name":"wp","href":"https:\/\/api.w.org\/{rel}","templated":true}]}}