{"id":1053,"date":"2020-12-11T11:11:18","date_gmt":"2020-12-11T10:11:18","guid":{"rendered":"https:\/\/develop.immobilienbusiness.ch\/de\/allgemein\/2020-12-11\/zurich-kunsthaus-erweiterung-ist-fertiggestellt\/"},"modified":"2023-07-06T15:38:26","modified_gmt":"2023-07-06T13:38:26","slug":"zurich-kunsthaus-erweiterung-ist-fertiggestellt","status":"publish","type":"post","link":"https:\/\/www.immobilienbusiness.ch\/fr\/ib\/2020-12-11\/zurich-kunsthaus-erweiterung-ist-fertiggestellt\/","title":{"rendered":"Zurich : l'extension du Kunsthaus est termin\u00e9e"},"content":{"rendered":"<div class=\"swpm-post-not-logged-in-msg\">Vous devez \u00eatre connect\u00e9 pour voir ce contenu. Veuillez consulter <a class=\"swpm-login-link\" href=\"https:\/\/www.immobilienbusiness.ch\/fr\/login\/?swpm_redirect_to=https%3A%2F%2Fwww.immobilienbusiness.ch%2Ffr%2Fwp-json%2Fwp%2Fv2%2Fposts%2F1053\">Connexion<\/a>. Vous n'\u00eates pas membre ? <a href=\"https:\/\/www.immobilienbusiness.ch\/fr\/registrieren\/\">Nous Rejoindre<\/a><\/div>","protected":false},"excerpt":{"rendered":"<p><span><span>La remise des cl\u00e9s de l'extension du Kunsthaus a eu lieu le 11 d\u00e9cembre 2020 : Apr\u00e8s environ douze ans de planification et de construction, le b\u00e2timent devient la propri\u00e9t\u00e9 de la fondation Z\u00fcrcher Kunsthaus. Avec l'extension de David Chipperfield Architects, le plus grand mus\u00e9e d'art de Suisse voit le jour ; l'ouverture en pleine activit\u00e9 est pr\u00e9vue pour octobre 2021. <\/span><\/span><\/p>\n<p>\u00a0<\/p>","protected":false},"author":8,"featured_media":0,"comment_status":"closed","ping_status":"closed","sticky":false,"template":"","format":"standard","meta":{"_acf_changed":false,"_yoast_wpseo_focuskw":"Kunsthaus-Erweiterung","_yoast_wpseo_title":"","_yoast_wpseo_metadesc":"Am 11. Dezember 2020 fand die Schl\u00fcssel\u00fcbergabe der Kunsthaus-Erweiterung statt: Nach rund zw\u00f6lf Jahren Planungs- und Bauzeit geht das Geb\u00e4ude ins Eigentum der Stiftung Z\u00fcrcher Kunsthaus \u00fcber. Mit dem Erweiterungsbau von David Chipperfield Architects entsteht das gr\u00f6sste Kunstmuseum der Schweiz; die Er\u00f6ffnung im Vollbetrieb ist f\u00fcr Oktober 2021 geplant.","_yoast_wpseo_linkdex":65,"pgc_sgb_lightbox_settings":"","footnotes":""},"categories":[1951],"tags":[1365,1978],"class_list":["post-1053","post","type-post","status-publish","format-standard","hentry","category-ib","tag-infrastruktur","tag-zh"],"acf":[],"yoast_head":"<!-- This site is optimized with the Yoast SEO plugin v27.4 - https:\/\/yoast.com\/product\/yoast-seo-wordpress\/ -->\n<title>Z\u00fcrich: Kunsthaus-Erweiterung ist fertiggestellt - IMMOBILIEN Business<\/title>\n<meta name=\"description\" content=\"Am 11. Dezember 2020 fand die Schl\u00fcssel\u00fcbergabe der Kunsthaus-Erweiterung statt: Nach rund zw\u00f6lf Jahren Planungs- und Bauzeit geht das Geb\u00e4ude ins Eigentum der Stiftung Z\u00fcrcher Kunsthaus \u00fcber. Mit dem Erweiterungsbau von David Chipperfield Architects entsteht das gr\u00f6sste Kunstmuseum der Schweiz; die Er\u00f6ffnung im Vollbetrieb ist f\u00fcr Oktober 2021 geplant.\" \/>\n<meta name=\"robots\" content=\"index, follow, max-snippet:-1, max-image-preview:large, max-video-preview:-1\" \/>\n<link rel=\"canonical\" href=\"https:\/\/www.immobilienbusiness.ch\/fr\/ib\/2020-12-11\/zurich-kunsthaus-erweiterung-ist-fertiggestellt\/\" \/>\n<meta property=\"og:locale\" content=\"fr_FR\" \/>\n<meta property=\"og:type\" content=\"article\" \/>\n<meta property=\"og:title\" content=\"Z\u00fcrich: Kunsthaus-Erweiterung ist fertiggestellt - IMMOBILIEN Business\" \/>\n<meta property=\"og:description\" content=\"Am 11. Dezember 2020 fand die Schl\u00fcssel\u00fcbergabe der Kunsthaus-Erweiterung statt: Nach rund zw\u00f6lf Jahren Planungs- und Bauzeit geht das Geb\u00e4ude ins Eigentum der Stiftung Z\u00fcrcher Kunsthaus \u00fcber. Mit dem Erweiterungsbau von David Chipperfield Architects entsteht das gr\u00f6sste Kunstmuseum der Schweiz; die Er\u00f6ffnung im Vollbetrieb ist f\u00fcr Oktober 2021 geplant.\" \/>\n<meta property=\"og:url\" content=\"https:\/\/www.immobilienbusiness.ch\/fr\/ib\/2020-12-11\/zurich-kunsthaus-erweiterung-ist-fertiggestellt\/\" \/>\n<meta property=\"og:site_name\" content=\"IMMOBILIEN Business\" \/>\n<meta property=\"article:publisher\" content=\"https:\/\/www.facebook.com\/immobilienbusiness\/\" \/>\n<meta property=\"article:published_time\" content=\"2020-12-11T10:11:18+00:00\" \/>\n<meta property=\"article:modified_time\" content=\"2023-07-06T13:38:26+00:00\" \/>\n<meta name=\"author\" content=\"birgitt.wuest\" \/>\n<meta name=\"twitter:card\" content=\"summary_large_image\" \/>\n<script type=\"application\/ld+json\" class=\"yoast-schema-graph\">{\"@context\":\"https:\\\/\\\/schema.org\",\"@graph\":[{\"@type\":\"Article\",\"@id\":\"https:\\\/\\\/www.immobilienbusiness.ch\\\/en\\\/ib\\\/2020-12-11\\\/zurich-kunsthaus-erweiterung-ist-fertiggestellt\\\/#article\",\"isPartOf\":{\"@id\":\"https:\\\/\\\/www.immobilienbusiness.ch\\\/en\\\/ib\\\/2020-12-11\\\/zurich-kunsthaus-erweiterung-ist-fertiggestellt\\\/\"},\"author\":{\"name\":\"birgitt.wuest\",\"@id\":\"https:\\\/\\\/www.immobilienbusiness.ch\\\/#\\\/schema\\\/person\\\/9071de3b430793052e78768378adb039\"},\"headline\":\"Z\u00fcrich: Kunsthaus-Erweiterung ist fertiggestellt\",\"datePublished\":\"2020-12-11T10:11:18+00:00\",\"dateModified\":\"2023-07-06T13:38:26+00:00\",\"mainEntityOfPage\":{\"@id\":\"https:\\\/\\\/www.immobilienbusiness.ch\\\/en\\\/ib\\\/2020-12-11\\\/zurich-kunsthaus-erweiterung-ist-fertiggestellt\\\/\"},\"wordCount\":370,\"publisher\":{\"@id\":\"https:\\\/\\\/www.immobilienbusiness.ch\\\/#organization\"},\"keywords\":[\"Infrastruktur\",\"ZH\"],\"articleSection\":[\"IB+\"],\"inLanguage\":\"fr-FR\"},{\"@type\":\"WebPage\",\"@id\":\"https:\\\/\\\/www.immobilienbusiness.ch\\\/en\\\/ib\\\/2020-12-11\\\/zurich-kunsthaus-erweiterung-ist-fertiggestellt\\\/\",\"url\":\"https:\\\/\\\/www.immobilienbusiness.ch\\\/en\\\/ib\\\/2020-12-11\\\/zurich-kunsthaus-erweiterung-ist-fertiggestellt\\\/\",\"name\":\"Z\u00fcrich: Kunsthaus-Erweiterung ist fertiggestellt - IMMOBILIEN Business\",\"isPartOf\":{\"@id\":\"https:\\\/\\\/www.immobilienbusiness.ch\\\/#website\"},\"datePublished\":\"2020-12-11T10:11:18+00:00\",\"dateModified\":\"2023-07-06T13:38:26+00:00\",\"description\":\"Am 11. Dezember 2020 fand die Schl\u00fcssel\u00fcbergabe der Kunsthaus-Erweiterung statt: Nach rund zw\u00f6lf Jahren Planungs- und Bauzeit geht das Geb\u00e4ude ins Eigentum der Stiftung Z\u00fcrcher Kunsthaus \u00fcber. Mit dem Erweiterungsbau von David Chipperfield Architects entsteht das gr\u00f6sste Kunstmuseum der Schweiz; die Er\u00f6ffnung im Vollbetrieb ist f\u00fcr Oktober 2021 geplant.\",\"breadcrumb\":{\"@id\":\"https:\\\/\\\/www.immobilienbusiness.ch\\\/en\\\/ib\\\/2020-12-11\\\/zurich-kunsthaus-erweiterung-ist-fertiggestellt\\\/#breadcrumb\"},\"inLanguage\":\"fr-FR\",\"potentialAction\":[{\"@type\":\"ReadAction\",\"target\":[\"https:\\\/\\\/www.immobilienbusiness.ch\\\/en\\\/ib\\\/2020-12-11\\\/zurich-kunsthaus-erweiterung-ist-fertiggestellt\\\/\"]}]},{\"@type\":\"BreadcrumbList\",\"@id\":\"https:\\\/\\\/www.immobilienbusiness.ch\\\/en\\\/ib\\\/2020-12-11\\\/zurich-kunsthaus-erweiterung-ist-fertiggestellt\\\/#breadcrumb\",\"itemListElement\":[{\"@type\":\"ListItem\",\"position\":1,\"name\":\"Home\",\"item\":\"https:\\\/\\\/www.immobilienbusiness.ch\\\/\"},{\"@type\":\"ListItem\",\"position\":2,\"name\":\"Z\u00fcrich: Kunsthaus-Erweiterung ist fertiggestellt\"}]},{\"@type\":\"WebSite\",\"@id\":\"https:\\\/\\\/www.immobilienbusiness.ch\\\/#website\",\"url\":\"https:\\\/\\\/www.immobilienbusiness.ch\\\/\",\"name\":\"IMMOBILIEN Business\",\"description\":\"Unabh\u00e4ngiges Schweizer Wirtschaftsmagazin mit Fokus auf Immobilien, Architektur- und Bau sowie Investment- und Finanzierung.\",\"publisher\":{\"@id\":\"https:\\\/\\\/www.immobilienbusiness.ch\\\/#organization\"},\"potentialAction\":[{\"@type\":\"SearchAction\",\"target\":{\"@type\":\"EntryPoint\",\"urlTemplate\":\"https:\\\/\\\/www.immobilienbusiness.ch\\\/?s={search_term_string}\"},\"query-input\":{\"@type\":\"PropertyValueSpecification\",\"valueRequired\":true,\"valueName\":\"search_term_string\"}}],\"inLanguage\":\"fr-FR\"},{\"@type\":\"Organization\",\"@id\":\"https:\\\/\\\/www.immobilienbusiness.ch\\\/#organization\",\"name\":\"IMMOBILIEN Business\",\"url\":\"https:\\\/\\\/www.immobilienbusiness.ch\\\/\",\"logo\":{\"@type\":\"ImageObject\",\"inLanguage\":\"fr-FR\",\"@id\":\"https:\\\/\\\/www.immobilienbusiness.ch\\\/#\\\/schema\\\/logo\\\/image\\\/\",\"url\":\"https:\\\/\\\/www.immobilienbusiness.ch\\\/wp-content\\\/uploads\\\/2021\\\/07\\\/logo_ib.png\",\"contentUrl\":\"https:\\\/\\\/www.immobilienbusiness.ch\\\/wp-content\\\/uploads\\\/2021\\\/07\\\/logo_ib.png\",\"width\":800,\"height\":181,\"caption\":\"IMMOBILIEN Business\"},\"image\":{\"@id\":\"https:\\\/\\\/www.immobilienbusiness.ch\\\/#\\\/schema\\\/logo\\\/image\\\/\"},\"sameAs\":[\"https:\\\/\\\/www.facebook.com\\\/immobilienbusiness\\\/\"]},{\"@type\":\"Person\",\"@id\":\"https:\\\/\\\/www.immobilienbusiness.ch\\\/#\\\/schema\\\/person\\\/9071de3b430793052e78768378adb039\",\"name\":\"birgitt.wuest\",\"image\":{\"@type\":\"ImageObject\",\"inLanguage\":\"fr-FR\",\"@id\":\"https:\\\/\\\/secure.gravatar.com\\\/avatar\\\/938f7e46a2aa35420af239a36e5ed08a1034598c7d4a6d4dccff5f20b49eefca?s=96&d=mm&r=g\",\"url\":\"https:\\\/\\\/secure.gravatar.com\\\/avatar\\\/938f7e46a2aa35420af239a36e5ed08a1034598c7d4a6d4dccff5f20b49eefca?s=96&d=mm&r=g\",\"contentUrl\":\"https:\\\/\\\/secure.gravatar.com\\\/avatar\\\/938f7e46a2aa35420af239a36e5ed08a1034598c7d4a6d4dccff5f20b49eefca?s=96&d=mm&r=g\",\"caption\":\"birgitt.wuest\"},\"url\":\"https:\\\/\\\/www.immobilienbusiness.ch\\\/fr\\\/author\\\/birgitt-wuest\\\/\"}]}<\/script>\n<!-- \/ Yoast SEO plugin. -->","yoast_head_json":{"title":"Zurich : l'extension du Kunsthaus est termin\u00e9e - IMMOBILIER Business","description":"La remise des cl\u00e9s de l'extension du Kunsthaus a eu lieu le 11 d\u00e9cembre 2020 : Apr\u00e8s environ douze ans de planification et de construction, le b\u00e2timent devient la propri\u00e9t\u00e9 de la fondation Z\u00fcrcher Kunsthaus. Avec l'extension de David Chipperfield Architects, le plus grand mus\u00e9e d'art de Suisse voit le jour ; l'ouverture en pleine activit\u00e9 est pr\u00e9vue pour octobre 2021.","robots":{"index":"index","follow":"follow","max-snippet":"max-snippet:-1","max-image-preview":"max-image-preview:large","max-video-preview":"max-video-preview:-1"},"canonical":"https:\/\/www.immobilienbusiness.ch\/fr\/ib\/2020-12-11\/zurich-kunsthaus-erweiterung-ist-fertiggestellt\/","og_locale":"fr_FR","og_type":"article","og_title":"Z\u00fcrich: Kunsthaus-Erweiterung ist fertiggestellt - IMMOBILIEN Business","og_description":"Am 11. Dezember 2020 fand die Schl\u00fcssel\u00fcbergabe der Kunsthaus-Erweiterung statt: Nach rund zw\u00f6lf Jahren Planungs- und Bauzeit geht das Geb\u00e4ude ins Eigentum der Stiftung Z\u00fcrcher Kunsthaus \u00fcber. Mit dem Erweiterungsbau von David Chipperfield Architects entsteht das gr\u00f6sste Kunstmuseum der Schweiz; die Er\u00f6ffnung im Vollbetrieb ist f\u00fcr Oktober 2021 geplant.","og_url":"https:\/\/www.immobilienbusiness.ch\/fr\/ib\/2020-12-11\/zurich-kunsthaus-erweiterung-ist-fertiggestellt\/","og_site_name":"IMMOBILIEN Business","article_publisher":"https:\/\/www.facebook.com\/immobilienbusiness\/","article_published_time":"2020-12-11T10:11:18+00:00","article_modified_time":"2023-07-06T13:38:26+00:00","author":"birgitt.wuest","twitter_card":"summary_large_image","schema":{"@context":"https:\/\/schema.org","@graph":[{"@type":"Article","@id":"https:\/\/www.immobilienbusiness.ch\/en\/ib\/2020-12-11\/zurich-kunsthaus-erweiterung-ist-fertiggestellt\/#article","isPartOf":{"@id":"https:\/\/www.immobilienbusiness.ch\/en\/ib\/2020-12-11\/zurich-kunsthaus-erweiterung-ist-fertiggestellt\/"},"author":{"name":"birgitt.wuest","@id":"https:\/\/www.immobilienbusiness.ch\/#\/schema\/person\/9071de3b430793052e78768378adb039"},"headline":"Z\u00fcrich: Kunsthaus-Erweiterung ist fertiggestellt","datePublished":"2020-12-11T10:11:18+00:00","dateModified":"2023-07-06T13:38:26+00:00","mainEntityOfPage":{"@id":"https:\/\/www.immobilienbusiness.ch\/en\/ib\/2020-12-11\/zurich-kunsthaus-erweiterung-ist-fertiggestellt\/"},"wordCount":370,"publisher":{"@id":"https:\/\/www.immobilienbusiness.ch\/#organization"},"keywords":["Infrastruktur","ZH"],"articleSection":["IB+"],"inLanguage":"fr-FR"},{"@type":"WebPage","@id":"https:\/\/www.immobilienbusiness.ch\/en\/ib\/2020-12-11\/zurich-kunsthaus-erweiterung-ist-fertiggestellt\/","url":"https:\/\/www.immobilienbusiness.ch\/en\/ib\/2020-12-11\/zurich-kunsthaus-erweiterung-ist-fertiggestellt\/","name":"Zurich : l'extension du Kunsthaus est termin\u00e9e - IMMOBILIER Business","isPartOf":{"@id":"https:\/\/www.immobilienbusiness.ch\/#website"},"datePublished":"2020-12-11T10:11:18+00:00","dateModified":"2023-07-06T13:38:26+00:00","description":"La remise des cl\u00e9s de l'extension du Kunsthaus a eu lieu le 11 d\u00e9cembre 2020 : Apr\u00e8s environ douze ans de planification et de construction, le b\u00e2timent devient la propri\u00e9t\u00e9 de la fondation Z\u00fcrcher Kunsthaus. Avec l'extension de David Chipperfield Architects, le plus grand mus\u00e9e d'art de Suisse voit le jour ; l'ouverture en pleine activit\u00e9 est pr\u00e9vue pour octobre 2021.","breadcrumb":{"@id":"https:\/\/www.immobilienbusiness.ch\/en\/ib\/2020-12-11\/zurich-kunsthaus-erweiterung-ist-fertiggestellt\/#breadcrumb"},"inLanguage":"fr-FR","potentialAction":[{"@type":"ReadAction","target":["https:\/\/www.immobilienbusiness.ch\/en\/ib\/2020-12-11\/zurich-kunsthaus-erweiterung-ist-fertiggestellt\/"]}]},{"@type":"BreadcrumbList","@id":"https:\/\/www.immobilienbusiness.ch\/en\/ib\/2020-12-11\/zurich-kunsthaus-erweiterung-ist-fertiggestellt\/#breadcrumb","itemListElement":[{"@type":"ListItem","position":1,"name":"Home","item":"https:\/\/www.immobilienbusiness.ch\/"},{"@type":"ListItem","position":2,"name":"Z\u00fcrich: Kunsthaus-Erweiterung ist fertiggestellt"}]},{"@type":"WebSite","@id":"https:\/\/www.immobilienbusiness.ch\/#website","url":"https:\/\/www.immobilienbusiness.ch\/","name":"IMMOBILIER Business","description":"Magazine \u00e9conomique suisse ind\u00e9pendant ax\u00e9 sur l'immobilier, l'architecture et la construction ainsi que sur les investissements et le financement.","publisher":{"@id":"https:\/\/www.immobilienbusiness.ch\/#organization"},"potentialAction":[{"@type":"SearchAction","target":{"@type":"EntryPoint","urlTemplate":"https:\/\/www.immobilienbusiness.ch\/?s={search_term_string}"},"query-input":{"@type":"PropertyValueSpecification","valueRequired":true,"valueName":"search_term_string"}}],"inLanguage":"fr-FR"},{"@type":"Organization","@id":"https:\/\/www.immobilienbusiness.ch\/#organization","name":"IMMOBILIER Business","url":"https:\/\/www.immobilienbusiness.ch\/","logo":{"@type":"ImageObject","inLanguage":"fr-FR","@id":"https:\/\/www.immobilienbusiness.ch\/#\/schema\/logo\/image\/","url":"https:\/\/www.immobilienbusiness.ch\/wp-content\/uploads\/2021\/07\/logo_ib.png","contentUrl":"https:\/\/www.immobilienbusiness.ch\/wp-content\/uploads\/2021\/07\/logo_ib.png","width":800,"height":181,"caption":"IMMOBILIEN Business"},"image":{"@id":"https:\/\/www.immobilienbusiness.ch\/#\/schema\/logo\/image\/"},"sameAs":["https:\/\/www.facebook.com\/immobilienbusiness\/"]},{"@type":"Person","@id":"https:\/\/www.immobilienbusiness.ch\/#\/schema\/person\/9071de3b430793052e78768378adb039","name":"birgitt.wuest","image":{"@type":"ImageObject","inLanguage":"fr-FR","@id":"https:\/\/secure.gravatar.com\/avatar\/938f7e46a2aa35420af239a36e5ed08a1034598c7d4a6d4dccff5f20b49eefca?s=96&d=mm&r=g","url":"https:\/\/secure.gravatar.com\/avatar\/938f7e46a2aa35420af239a36e5ed08a1034598c7d4a6d4dccff5f20b49eefca?s=96&d=mm&r=g","contentUrl":"https:\/\/secure.gravatar.com\/avatar\/938f7e46a2aa35420af239a36e5ed08a1034598c7d4a6d4dccff5f20b49eefca?s=96&d=mm&r=g","caption":"birgitt.wuest"},"url":"https:\/\/www.immobilienbusiness.ch\/fr\/author\/birgitt-wuest\/"}]}},"_links":{"self":[{"href":"https:\/\/www.immobilienbusiness.ch\/fr\/wp-json\/wp\/v2\/posts\/1053","targetHints":{"allow":["GET"]}}],"collection":[{"href":"https:\/\/www.immobilienbusiness.ch\/fr\/wp-json\/wp\/v2\/posts"}],"about":[{"href":"https:\/\/www.immobilienbusiness.ch\/fr\/wp-json\/wp\/v2\/types\/post"}],"author":[{"embeddable":true,"href":"https:\/\/www.immobilienbusiness.ch\/fr\/wp-json\/wp\/v2\/users\/8"}],"replies":[{"embeddable":true,"href":"https:\/\/www.immobilienbusiness.ch\/fr\/wp-json\/wp\/v2\/comments?post=1053"}],"version-history":[{"count":1,"href":"https:\/\/www.immobilienbusiness.ch\/fr\/wp-json\/wp\/v2\/posts\/1053\/revisions"}],"predecessor-version":[{"id":50022,"href":"https:\/\/www.immobilienbusiness.ch\/fr\/wp-json\/wp\/v2\/posts\/1053\/revisions\/50022"}],"wp:attachment":[{"href":"https:\/\/www.immobilienbusiness.ch\/fr\/wp-json\/wp\/v2\/media?parent=1053"}],"wp:term":[{"taxonomy":"category","embeddable":true,"href":"https:\/\/www.immobilienbusiness.ch\/fr\/wp-json\/wp\/v2\/categories?post=1053"},{"taxonomy":"post_tag","embeddable":true,"href":"https:\/\/www.immobilienbusiness.ch\/fr\/wp-json\/wp\/v2\/tags?post=1053"}],"curies":[{"name":"wp","href":"https:\/\/api.w.org\/{rel}","templated":true}]}}