{"id":10467,"date":"2017-12-08T08:56:53","date_gmt":"2017-12-08T07:56:53","guid":{"rendered":"https:\/\/www.immobilienbusiness.ch\/?p=10467"},"modified":"2017-12-08T08:56:53","modified_gmt":"2017-12-08T07:56:53","slug":"sia-joris-van-wezemael-wird-neuer-geschaeftsfuehrer","status":"publish","type":"post","link":"https:\/\/www.immobilienbusiness.ch\/fr\/unternehmen\/2017-12-08\/sia-joris-van-wezemael-wird-neuer-geschaeftsfuehrer\/","title":{"rendered":"La SIA \u00e9lit un nouveau directeur g\u00e9n\u00e9ral"},"content":{"rendered":"<figure id=\"attachment_10470\" aria-describedby=\"caption-attachment-10470\" style=\"width: 515px\" class=\"wp-caption alignnone\"><img loading=\"lazy\" decoding=\"async\" class=\"size-full wp-image-10470\" src=\"https:\/\/www.immobilienbusiness.ch\/wp-content\/uploads\/2017\/12\/SIA.png\" alt=\"\" width=\"515\" height=\"290\" srcset=\"https:\/\/www.immobilienbusiness.ch\/wp-content\/uploads\/2017\/12\/SIA.png 515w, https:\/\/www.immobilienbusiness.ch\/wp-content\/uploads\/2017\/12\/SIA-300x169.png 300w, https:\/\/www.immobilienbusiness.ch\/wp-content\/uploads\/2017\/12\/SIA-16x9.png 16w, https:\/\/www.immobilienbusiness.ch\/wp-content\/uploads\/2017\/12\/SIA-311x175.png 311w\" sizes=\"auto, (max-width: 515px) 100vw, 515px\" \/><figcaption id=\"caption-attachment-10470\" class=\"wp-caption-text\">PD Dr. Joris Van Wezemael (Photo : SIA)<\/figcaption><\/figure>\n<p>Joris Van Wezemael est titulaire d'un doctorat en g\u00e9ographie \u00e9conomique de l'Universit\u00e9 de Zurich et d'une habilitation en sociologie de l'architecture de l'EPFZ. Apr\u00e8s un s\u00e9jour de recherche au Royaume-Uni, il a dirig\u00e9 le Forum du logement de l'EPFZ et a \u00e9t\u00e9 professeur de g\u00e9ographie de l'habitat et du d\u00e9veloppement territorial \u00e0 l'Universit\u00e9 de Fribourg. Il dirige actuellement une fondation de placement immobilier du groupe Pensimo et enseigne en tant que privat-docent \u00e0 l'EPF de Zurich.<\/p>\n<p>Le comit\u00e9 de la SIA a \u00e9lu Van Wezemael lors de sa s\u00e9ance du 5 d\u00e9cembre 2017. Son pr\u00e9d\u00e9cesseur, Hans-Georg B\u00e4chtold, prendra sa retraite le 30 juin 2018. Il dirigeait la SIA depuis 2009.<\/p>","protected":false},"excerpt":{"rendered":"<p>Joris Van Wezemael est le nouveau directeur de la Soci\u00e9t\u00e9 suisse des ing\u00e9nieurs et des architectes (SIA). Il succ\u00e8de \u00e0 Hans-Georg B\u00e4chtold, qui prendra sa retraite le 30 juin 2018 apr\u00e8s neuf ans de service.<\/p>","protected":false},"author":3,"featured_media":10470,"comment_status":"open","ping_status":"open","sticky":false,"template":"","format":"standard","meta":{"_acf_changed":false,"_yoast_wpseo_focuskw":"SIA","_yoast_wpseo_title":"","_yoast_wpseo_metadesc":"Joris Van Wezemael wird neuer Gesch\u00e4ftsf\u00fchrer des Schweizerischen Ingenieur- und Architektenvereins (SIA). Er folgt auf Hans-Georg B\u00e4chtold.","_yoast_wpseo_linkdex":56,"pgc_sgb_lightbox_settings":"","footnotes":""},"categories":[988],"tags":[1563,1823],"class_list":["post-10467","post","type-post","status-publish","format-standard","has-post-thumbnail","hentry","category-unternehmen","tag-personalia","tag-verbaende"],"acf":[],"yoast_head":"<!-- This site is optimized with the Yoast SEO plugin v27.4 - https:\/\/yoast.com\/product\/yoast-seo-wordpress\/ -->\n<title>SIA w\u00e4hlt neuen Gesch\u00e4ftsf\u00fchrer - IMMOBILIEN Business<\/title>\n<meta name=\"description\" content=\"Joris Van Wezemael wird neuer Gesch\u00e4ftsf\u00fchrer des Schweizerischen Ingenieur- und Architektenvereins (SIA). Er folgt auf Hans-Georg B\u00e4chtold.\" \/>\n<meta name=\"robots\" content=\"index, follow, max-snippet:-1, max-image-preview:large, max-video-preview:-1\" \/>\n<link rel=\"canonical\" href=\"https:\/\/www.immobilienbusiness.ch\/fr\/unternehmen\/2017-12-08\/sia-joris-van-wezemael-wird-neuer-geschaeftsfuehrer\/\" \/>\n<meta property=\"og:locale\" content=\"fr_FR\" \/>\n<meta property=\"og:type\" content=\"article\" \/>\n<meta property=\"og:title\" content=\"SIA w\u00e4hlt neuen Gesch\u00e4ftsf\u00fchrer\" \/>\n<meta property=\"og:description\" content=\"Joris Van Wezemael wird neuer Gesch\u00e4ftsf\u00fchrer des Schweizerischen Ingenieur- und Architektenvereins (SIA). Er folgt auf Hans-Georg B\u00e4chtold.\" \/>\n<meta property=\"og:url\" content=\"https:\/\/www.immobilienbusiness.ch\/fr\/unternehmen\/2017-12-08\/sia-joris-van-wezemael-wird-neuer-geschaeftsfuehrer\/\" \/>\n<meta property=\"og:site_name\" content=\"IMMOBILIEN Business\" \/>\n<meta property=\"article:publisher\" content=\"https:\/\/www.facebook.com\/immobilienbusiness\/\" \/>\n<meta property=\"article:published_time\" content=\"2017-12-08T07:56:53+00:00\" \/>\n<meta property=\"og:image\" content=\"https:\/\/www.immobilienbusiness.ch\/wp-content\/uploads\/2017\/12\/SIA.png\" \/>\n\t<meta property=\"og:image:width\" content=\"515\" \/>\n\t<meta property=\"og:image:height\" content=\"290\" \/>\n\t<meta property=\"og:image:type\" content=\"image\/png\" \/>\n<meta name=\"author\" content=\"anja.hall\" \/>\n<meta name=\"twitter:card\" content=\"summary_large_image\" \/>\n<meta name=\"twitter:title\" content=\"SIA w\u00e4hlt neuen Gesch\u00e4ftsf\u00fchrer\" \/>\n<meta name=\"twitter:description\" content=\"Joris Van Wezemael wird neuer Gesch\u00e4ftsf\u00fchrer des Schweizerischen Ingenieur- und Architektenvereins (SIA). Er folgt auf Hans-Georg B\u00e4chtold.\" \/>\n<meta name=\"twitter:image\" content=\"https:\/\/www.immobilienbusiness.ch\/wp-content\/uploads\/2017\/12\/SIA.png\" \/>\n<script type=\"application\/ld+json\" class=\"yoast-schema-graph\">{\"@context\":\"https:\\\/\\\/schema.org\",\"@graph\":[{\"@type\":\"Article\",\"@id\":\"https:\\\/\\\/www.immobilienbusiness.ch\\\/en\\\/unternehmen\\\/2017-12-08\\\/sia-joris-van-wezemael-wird-neuer-geschaeftsfuehrer\\\/#article\",\"isPartOf\":{\"@id\":\"https:\\\/\\\/www.immobilienbusiness.ch\\\/en\\\/unternehmen\\\/2017-12-08\\\/sia-joris-van-wezemael-wird-neuer-geschaeftsfuehrer\\\/\"},\"author\":{\"name\":\"anja.hall\",\"@id\":\"https:\\\/\\\/www.immobilienbusiness.ch\\\/#\\\/schema\\\/person\\\/3fc036297b10b9f42d6db5ee932af8c8\"},\"headline\":\"SIA w\u00e4hlt neuen Gesch\u00e4ftsf\u00fchrer\",\"datePublished\":\"2017-12-08T07:56:53+00:00\",\"mainEntityOfPage\":{\"@id\":\"https:\\\/\\\/www.immobilienbusiness.ch\\\/en\\\/unternehmen\\\/2017-12-08\\\/sia-joris-van-wezemael-wird-neuer-geschaeftsfuehrer\\\/\"},\"wordCount\":109,\"commentCount\":0,\"publisher\":{\"@id\":\"https:\\\/\\\/www.immobilienbusiness.ch\\\/#organization\"},\"image\":{\"@id\":\"https:\\\/\\\/www.immobilienbusiness.ch\\\/en\\\/unternehmen\\\/2017-12-08\\\/sia-joris-van-wezemael-wird-neuer-geschaeftsfuehrer\\\/#primaryimage\"},\"thumbnailUrl\":\"https:\\\/\\\/www.immobilienbusiness.ch\\\/wp-content\\\/uploads\\\/2017\\\/12\\\/SIA.png\",\"keywords\":[\"Personalia\",\"Verb\u00e4nde\"],\"articleSection\":[\"UNTERNEHMEN\"],\"inLanguage\":\"fr-FR\"},{\"@type\":\"WebPage\",\"@id\":\"https:\\\/\\\/www.immobilienbusiness.ch\\\/en\\\/unternehmen\\\/2017-12-08\\\/sia-joris-van-wezemael-wird-neuer-geschaeftsfuehrer\\\/\",\"url\":\"https:\\\/\\\/www.immobilienbusiness.ch\\\/en\\\/unternehmen\\\/2017-12-08\\\/sia-joris-van-wezemael-wird-neuer-geschaeftsfuehrer\\\/\",\"name\":\"SIA w\u00e4hlt neuen Gesch\u00e4ftsf\u00fchrer - IMMOBILIEN Business\",\"isPartOf\":{\"@id\":\"https:\\\/\\\/www.immobilienbusiness.ch\\\/#website\"},\"primaryImageOfPage\":{\"@id\":\"https:\\\/\\\/www.immobilienbusiness.ch\\\/en\\\/unternehmen\\\/2017-12-08\\\/sia-joris-van-wezemael-wird-neuer-geschaeftsfuehrer\\\/#primaryimage\"},\"image\":{\"@id\":\"https:\\\/\\\/www.immobilienbusiness.ch\\\/en\\\/unternehmen\\\/2017-12-08\\\/sia-joris-van-wezemael-wird-neuer-geschaeftsfuehrer\\\/#primaryimage\"},\"thumbnailUrl\":\"https:\\\/\\\/www.immobilienbusiness.ch\\\/wp-content\\\/uploads\\\/2017\\\/12\\\/SIA.png\",\"datePublished\":\"2017-12-08T07:56:53+00:00\",\"description\":\"Joris Van Wezemael wird neuer Gesch\u00e4ftsf\u00fchrer des Schweizerischen Ingenieur- und Architektenvereins (SIA). Er folgt auf Hans-Georg B\u00e4chtold.\",\"breadcrumb\":{\"@id\":\"https:\\\/\\\/www.immobilienbusiness.ch\\\/en\\\/unternehmen\\\/2017-12-08\\\/sia-joris-van-wezemael-wird-neuer-geschaeftsfuehrer\\\/#breadcrumb\"},\"inLanguage\":\"fr-FR\",\"potentialAction\":[{\"@type\":\"ReadAction\",\"target\":[\"https:\\\/\\\/www.immobilienbusiness.ch\\\/en\\\/unternehmen\\\/2017-12-08\\\/sia-joris-van-wezemael-wird-neuer-geschaeftsfuehrer\\\/\"]}]},{\"@type\":\"ImageObject\",\"inLanguage\":\"fr-FR\",\"@id\":\"https:\\\/\\\/www.immobilienbusiness.ch\\\/en\\\/unternehmen\\\/2017-12-08\\\/sia-joris-van-wezemael-wird-neuer-geschaeftsfuehrer\\\/#primaryimage\",\"url\":\"https:\\\/\\\/www.immobilienbusiness.ch\\\/wp-content\\\/uploads\\\/2017\\\/12\\\/SIA.png\",\"contentUrl\":\"https:\\\/\\\/www.immobilienbusiness.ch\\\/wp-content\\\/uploads\\\/2017\\\/12\\\/SIA.png\",\"width\":515,\"height\":290,\"caption\":\"PD Dr. Joris Van Wazamael (Foto: SIA)\"},{\"@type\":\"BreadcrumbList\",\"@id\":\"https:\\\/\\\/www.immobilienbusiness.ch\\\/en\\\/unternehmen\\\/2017-12-08\\\/sia-joris-van-wezemael-wird-neuer-geschaeftsfuehrer\\\/#breadcrumb\",\"itemListElement\":[{\"@type\":\"ListItem\",\"position\":1,\"name\":\"Home\",\"item\":\"https:\\\/\\\/www.immobilienbusiness.ch\\\/\"},{\"@type\":\"ListItem\",\"position\":2,\"name\":\"SIA w\u00e4hlt neuen Gesch\u00e4ftsf\u00fchrer\"}]},{\"@type\":\"WebSite\",\"@id\":\"https:\\\/\\\/www.immobilienbusiness.ch\\\/#website\",\"url\":\"https:\\\/\\\/www.immobilienbusiness.ch\\\/\",\"name\":\"IMMOBILIEN Business\",\"description\":\"Unabh\u00e4ngiges Schweizer Wirtschaftsmagazin mit Fokus auf Immobilien, Architektur- und Bau sowie Investment- und Finanzierung.\",\"publisher\":{\"@id\":\"https:\\\/\\\/www.immobilienbusiness.ch\\\/#organization\"},\"potentialAction\":[{\"@type\":\"SearchAction\",\"target\":{\"@type\":\"EntryPoint\",\"urlTemplate\":\"https:\\\/\\\/www.immobilienbusiness.ch\\\/?s={search_term_string}\"},\"query-input\":{\"@type\":\"PropertyValueSpecification\",\"valueRequired\":true,\"valueName\":\"search_term_string\"}}],\"inLanguage\":\"fr-FR\"},{\"@type\":\"Organization\",\"@id\":\"https:\\\/\\\/www.immobilienbusiness.ch\\\/#organization\",\"name\":\"IMMOBILIEN Business\",\"url\":\"https:\\\/\\\/www.immobilienbusiness.ch\\\/\",\"logo\":{\"@type\":\"ImageObject\",\"inLanguage\":\"fr-FR\",\"@id\":\"https:\\\/\\\/www.immobilienbusiness.ch\\\/#\\\/schema\\\/logo\\\/image\\\/\",\"url\":\"https:\\\/\\\/www.immobilienbusiness.ch\\\/wp-content\\\/uploads\\\/2021\\\/07\\\/logo_ib.png\",\"contentUrl\":\"https:\\\/\\\/www.immobilienbusiness.ch\\\/wp-content\\\/uploads\\\/2021\\\/07\\\/logo_ib.png\",\"width\":800,\"height\":181,\"caption\":\"IMMOBILIEN Business\"},\"image\":{\"@id\":\"https:\\\/\\\/www.immobilienbusiness.ch\\\/#\\\/schema\\\/logo\\\/image\\\/\"},\"sameAs\":[\"https:\\\/\\\/www.facebook.com\\\/immobilienbusiness\\\/\"]},{\"@type\":\"Person\",\"@id\":\"https:\\\/\\\/www.immobilienbusiness.ch\\\/#\\\/schema\\\/person\\\/3fc036297b10b9f42d6db5ee932af8c8\",\"name\":\"anja.hall\",\"image\":{\"@type\":\"ImageObject\",\"inLanguage\":\"fr-FR\",\"@id\":\"https:\\\/\\\/secure.gravatar.com\\\/avatar\\\/066b5a0d447013502c71a5782f4f3469f03cfe595cc2329fb94652fe47511bfb?s=96&d=mm&r=g\",\"url\":\"https:\\\/\\\/secure.gravatar.com\\\/avatar\\\/066b5a0d447013502c71a5782f4f3469f03cfe595cc2329fb94652fe47511bfb?s=96&d=mm&r=g\",\"contentUrl\":\"https:\\\/\\\/secure.gravatar.com\\\/avatar\\\/066b5a0d447013502c71a5782f4f3469f03cfe595cc2329fb94652fe47511bfb?s=96&d=mm&r=g\",\"caption\":\"anja.hall\"},\"url\":\"https:\\\/\\\/www.immobilienbusiness.ch\\\/fr\\\/author\\\/anja-hall\\\/\"}]}<\/script>\n<!-- \/ Yoast SEO plugin. -->","yoast_head_json":{"title":"SIA w\u00e4hlt neuen Gesch\u00e4ftsf\u00fchrer - IMMOBILIEN Business","description":"Joris Van Wezemael wird neuer Gesch\u00e4ftsf\u00fchrer des Schweizerischen Ingenieur- und Architektenvereins (SIA). Er folgt auf Hans-Georg B\u00e4chtold.","robots":{"index":"index","follow":"follow","max-snippet":"max-snippet:-1","max-image-preview":"max-image-preview:large","max-video-preview":"max-video-preview:-1"},"canonical":"https:\/\/www.immobilienbusiness.ch\/fr\/unternehmen\/2017-12-08\/sia-joris-van-wezemael-wird-neuer-geschaeftsfuehrer\/","og_locale":"fr_FR","og_type":"article","og_title":"SIA w\u00e4hlt neuen Gesch\u00e4ftsf\u00fchrer","og_description":"Joris Van Wezemael wird neuer Gesch\u00e4ftsf\u00fchrer des Schweizerischen Ingenieur- und Architektenvereins (SIA). Er folgt auf Hans-Georg B\u00e4chtold.","og_url":"https:\/\/www.immobilienbusiness.ch\/fr\/unternehmen\/2017-12-08\/sia-joris-van-wezemael-wird-neuer-geschaeftsfuehrer\/","og_site_name":"IMMOBILIEN Business","article_publisher":"https:\/\/www.facebook.com\/immobilienbusiness\/","article_published_time":"2017-12-08T07:56:53+00:00","og_image":[{"width":515,"height":290,"url":"https:\/\/www.immobilienbusiness.ch\/wp-content\/uploads\/2017\/12\/SIA.png","type":"image\/png"}],"author":"anja.hall","twitter_card":"summary_large_image","twitter_title":"SIA w\u00e4hlt neuen Gesch\u00e4ftsf\u00fchrer","twitter_description":"Joris Van Wezemael wird neuer Gesch\u00e4ftsf\u00fchrer des Schweizerischen Ingenieur- und Architektenvereins (SIA). Er folgt auf Hans-Georg B\u00e4chtold.","twitter_image":"https:\/\/www.immobilienbusiness.ch\/wp-content\/uploads\/2017\/12\/SIA.png","schema":{"@context":"https:\/\/schema.org","@graph":[{"@type":"Article","@id":"https:\/\/www.immobilienbusiness.ch\/en\/unternehmen\/2017-12-08\/sia-joris-van-wezemael-wird-neuer-geschaeftsfuehrer\/#article","isPartOf":{"@id":"https:\/\/www.immobilienbusiness.ch\/en\/unternehmen\/2017-12-08\/sia-joris-van-wezemael-wird-neuer-geschaeftsfuehrer\/"},"author":{"name":"anja.hall","@id":"https:\/\/www.immobilienbusiness.ch\/#\/schema\/person\/3fc036297b10b9f42d6db5ee932af8c8"},"headline":"SIA w\u00e4hlt neuen Gesch\u00e4ftsf\u00fchrer","datePublished":"2017-12-08T07:56:53+00:00","mainEntityOfPage":{"@id":"https:\/\/www.immobilienbusiness.ch\/en\/unternehmen\/2017-12-08\/sia-joris-van-wezemael-wird-neuer-geschaeftsfuehrer\/"},"wordCount":109,"commentCount":0,"publisher":{"@id":"https:\/\/www.immobilienbusiness.ch\/#organization"},"image":{"@id":"https:\/\/www.immobilienbusiness.ch\/en\/unternehmen\/2017-12-08\/sia-joris-van-wezemael-wird-neuer-geschaeftsfuehrer\/#primaryimage"},"thumbnailUrl":"https:\/\/www.immobilienbusiness.ch\/wp-content\/uploads\/2017\/12\/SIA.png","keywords":["Personalia","Verb\u00e4nde"],"articleSection":["UNTERNEHMEN"],"inLanguage":"fr-FR"},{"@type":"WebPage","@id":"https:\/\/www.immobilienbusiness.ch\/en\/unternehmen\/2017-12-08\/sia-joris-van-wezemael-wird-neuer-geschaeftsfuehrer\/","url":"https:\/\/www.immobilienbusiness.ch\/en\/unternehmen\/2017-12-08\/sia-joris-van-wezemael-wird-neuer-geschaeftsfuehrer\/","name":"SIA w\u00e4hlt neuen Gesch\u00e4ftsf\u00fchrer - IMMOBILIEN Business","isPartOf":{"@id":"https:\/\/www.immobilienbusiness.ch\/#website"},"primaryImageOfPage":{"@id":"https:\/\/www.immobilienbusiness.ch\/en\/unternehmen\/2017-12-08\/sia-joris-van-wezemael-wird-neuer-geschaeftsfuehrer\/#primaryimage"},"image":{"@id":"https:\/\/www.immobilienbusiness.ch\/en\/unternehmen\/2017-12-08\/sia-joris-van-wezemael-wird-neuer-geschaeftsfuehrer\/#primaryimage"},"thumbnailUrl":"https:\/\/www.immobilienbusiness.ch\/wp-content\/uploads\/2017\/12\/SIA.png","datePublished":"2017-12-08T07:56:53+00:00","description":"Joris Van Wezemael wird neuer Gesch\u00e4ftsf\u00fchrer des Schweizerischen Ingenieur- und Architektenvereins (SIA). Er folgt auf Hans-Georg B\u00e4chtold.","breadcrumb":{"@id":"https:\/\/www.immobilienbusiness.ch\/en\/unternehmen\/2017-12-08\/sia-joris-van-wezemael-wird-neuer-geschaeftsfuehrer\/#breadcrumb"},"inLanguage":"fr-FR","potentialAction":[{"@type":"ReadAction","target":["https:\/\/www.immobilienbusiness.ch\/en\/unternehmen\/2017-12-08\/sia-joris-van-wezemael-wird-neuer-geschaeftsfuehrer\/"]}]},{"@type":"ImageObject","inLanguage":"fr-FR","@id":"https:\/\/www.immobilienbusiness.ch\/en\/unternehmen\/2017-12-08\/sia-joris-van-wezemael-wird-neuer-geschaeftsfuehrer\/#primaryimage","url":"https:\/\/www.immobilienbusiness.ch\/wp-content\/uploads\/2017\/12\/SIA.png","contentUrl":"https:\/\/www.immobilienbusiness.ch\/wp-content\/uploads\/2017\/12\/SIA.png","width":515,"height":290,"caption":"PD Dr. Joris Van Wazamael (Foto: SIA)"},{"@type":"BreadcrumbList","@id":"https:\/\/www.immobilienbusiness.ch\/en\/unternehmen\/2017-12-08\/sia-joris-van-wezemael-wird-neuer-geschaeftsfuehrer\/#breadcrumb","itemListElement":[{"@type":"ListItem","position":1,"name":"Home","item":"https:\/\/www.immobilienbusiness.ch\/"},{"@type":"ListItem","position":2,"name":"SIA w\u00e4hlt neuen Gesch\u00e4ftsf\u00fchrer"}]},{"@type":"WebSite","@id":"https:\/\/www.immobilienbusiness.ch\/#website","url":"https:\/\/www.immobilienbusiness.ch\/","name":"IMMOBILIER Business","description":"Magazine \u00e9conomique suisse ind\u00e9pendant ax\u00e9 sur l'immobilier, l'architecture et la construction ainsi que sur les investissements et le financement.","publisher":{"@id":"https:\/\/www.immobilienbusiness.ch\/#organization"},"potentialAction":[{"@type":"SearchAction","target":{"@type":"EntryPoint","urlTemplate":"https:\/\/www.immobilienbusiness.ch\/?s={search_term_string}"},"query-input":{"@type":"PropertyValueSpecification","valueRequired":true,"valueName":"search_term_string"}}],"inLanguage":"fr-FR"},{"@type":"Organization","@id":"https:\/\/www.immobilienbusiness.ch\/#organization","name":"IMMOBILIER Business","url":"https:\/\/www.immobilienbusiness.ch\/","logo":{"@type":"ImageObject","inLanguage":"fr-FR","@id":"https:\/\/www.immobilienbusiness.ch\/#\/schema\/logo\/image\/","url":"https:\/\/www.immobilienbusiness.ch\/wp-content\/uploads\/2021\/07\/logo_ib.png","contentUrl":"https:\/\/www.immobilienbusiness.ch\/wp-content\/uploads\/2021\/07\/logo_ib.png","width":800,"height":181,"caption":"IMMOBILIEN Business"},"image":{"@id":"https:\/\/www.immobilienbusiness.ch\/#\/schema\/logo\/image\/"},"sameAs":["https:\/\/www.facebook.com\/immobilienbusiness\/"]},{"@type":"Person","@id":"https:\/\/www.immobilienbusiness.ch\/#\/schema\/person\/3fc036297b10b9f42d6db5ee932af8c8","name":"anja.hall","image":{"@type":"ImageObject","inLanguage":"fr-FR","@id":"https:\/\/secure.gravatar.com\/avatar\/066b5a0d447013502c71a5782f4f3469f03cfe595cc2329fb94652fe47511bfb?s=96&d=mm&r=g","url":"https:\/\/secure.gravatar.com\/avatar\/066b5a0d447013502c71a5782f4f3469f03cfe595cc2329fb94652fe47511bfb?s=96&d=mm&r=g","contentUrl":"https:\/\/secure.gravatar.com\/avatar\/066b5a0d447013502c71a5782f4f3469f03cfe595cc2329fb94652fe47511bfb?s=96&d=mm&r=g","caption":"anja.hall"},"url":"https:\/\/www.immobilienbusiness.ch\/fr\/author\/anja-hall\/"}]}},"_links":{"self":[{"href":"https:\/\/www.immobilienbusiness.ch\/fr\/wp-json\/wp\/v2\/posts\/10467","targetHints":{"allow":["GET"]}}],"collection":[{"href":"https:\/\/www.immobilienbusiness.ch\/fr\/wp-json\/wp\/v2\/posts"}],"about":[{"href":"https:\/\/www.immobilienbusiness.ch\/fr\/wp-json\/wp\/v2\/types\/post"}],"author":[{"embeddable":true,"href":"https:\/\/www.immobilienbusiness.ch\/fr\/wp-json\/wp\/v2\/users\/3"}],"replies":[{"embeddable":true,"href":"https:\/\/www.immobilienbusiness.ch\/fr\/wp-json\/wp\/v2\/comments?post=10467"}],"version-history":[{"count":0,"href":"https:\/\/www.immobilienbusiness.ch\/fr\/wp-json\/wp\/v2\/posts\/10467\/revisions"}],"wp:featuredmedia":[{"embeddable":true,"href":"https:\/\/www.immobilienbusiness.ch\/fr\/wp-json\/wp\/v2\/media\/10470"}],"wp:attachment":[{"href":"https:\/\/www.immobilienbusiness.ch\/fr\/wp-json\/wp\/v2\/media?parent=10467"}],"wp:term":[{"taxonomy":"category","embeddable":true,"href":"https:\/\/www.immobilienbusiness.ch\/fr\/wp-json\/wp\/v2\/categories?post=10467"},{"taxonomy":"post_tag","embeddable":true,"href":"https:\/\/www.immobilienbusiness.ch\/fr\/wp-json\/wp\/v2\/tags?post=10467"}],"curies":[{"name":"wp","href":"https:\/\/api.w.org\/{rel}","templated":true}]}}