{"id":10355,"date":"2017-12-01T09:30:34","date_gmt":"2017-12-01T08:30:34","guid":{"rendered":"https:\/\/www.immobilienbusiness.ch\/?p=10355"},"modified":"2017-12-01T09:30:34","modified_gmt":"2017-12-01T08:30:34","slug":"cham-architekturverfahren-papieri-areal","status":"publish","type":"post","link":"https:\/\/www.immobilienbusiness.ch\/fr\/regionen\/2017-12-01\/cham-architekturverfahren-papieri-areal\/","title":{"rendered":"Cham : D\u00e9but de la proc\u00e9dure architecturale pour le site Papieri"},"content":{"rendered":"<figure id=\"attachment_10356\" aria-describedby=\"caption-attachment-10356\" style=\"width: 975px\" class=\"wp-caption alignnone\"><img loading=\"lazy\" decoding=\"async\" class=\"size-full wp-image-10356\" src=\"https:\/\/www.immobilienbusiness.ch\/wp-content\/uploads\/2017\/12\/IB-News-20171201-Cham-Paper-Group-Papieri-Areal-Visualisierung-Kesselhaus.png\" alt=\"\" width=\"975\" height=\"650\" srcset=\"https:\/\/www.immobilienbusiness.ch\/wp-content\/uploads\/2017\/12\/IB-News-20171201-Cham-Paper-Group-Papieri-Areal-Visualisierung-Kesselhaus.png 975w, https:\/\/www.immobilienbusiness.ch\/wp-content\/uploads\/2017\/12\/IB-News-20171201-Cham-Paper-Group-Papieri-Areal-Visualisierung-Kesselhaus-300x200.png 300w, https:\/\/www.immobilienbusiness.ch\/wp-content\/uploads\/2017\/12\/IB-News-20171201-Cham-Paper-Group-Papieri-Areal-Visualisierung-Kesselhaus-768x512.png 768w, https:\/\/www.immobilienbusiness.ch\/wp-content\/uploads\/2017\/12\/IB-News-20171201-Cham-Paper-Group-Papieri-Areal-Visualisierung-Kesselhaus-16x12.png 16w, https:\/\/www.immobilienbusiness.ch\/wp-content\/uploads\/2017\/12\/IB-News-20171201-Cham-Paper-Group-Papieri-Areal-Visualisierung-Kesselhaus-263x175.png 263w, https:\/\/www.immobilienbusiness.ch\/wp-content\/uploads\/2017\/12\/IB-News-20171201-Cham-Paper-Group-Papieri-Areal-Visualisierung-Kesselhaus-525x350.png 525w, https:\/\/www.immobilienbusiness.ch\/wp-content\/uploads\/2017\/12\/IB-News-20171201-Cham-Paper-Group-Papieri-Areal-Visualisierung-Kesselhaus-920x613.png 920w\" sizes=\"auto, (max-width: 975px) 100vw, 975px\" \/><figcaption id=\"caption-attachment-10356\" class=\"wp-caption-text\">Les plans pour le site Papieri \u00e0 Cham deviennent plus concrets (Visualisation : Cham Paper Group AG)<\/figcaption><\/figure>\n<p>La concentration sur les activit\u00e9s de d\u00e9veloppement et de vente et le retrait de la production de papier en Suisse ont permis de cr\u00e9er un nouvel espace sur le site de l'usine au centre de Cham (ZG). Le groupe Cham Paper est en train de d\u00e9velopper un district de onze hectares dans cette r\u00e9gion. <a href=\"http:\/\/papieri-cham.ch\/\">Papieri-Areal<\/a>.<\/p>\n<p><strong>Des zones r\u00e9sidentielles, commerciales et de services sont cr\u00e9\u00e9es<\/strong><\/p>\n<p>Au cours des deux premi\u00e8res \u00e9tapes du d\u00e9veloppement, un total d'environ 80 appartements occup\u00e9s par leur propri\u00e9taire et 130 appartements lou\u00e9s, ainsi que 30 unit\u00e9s de logement abordables, seront construits. Avec environ 9 000 m\u00b2 d'espace commercial et de services, ils devraient \u00eatre pr\u00eats \u00e0 \u00eatre occup\u00e9s \u00e0 partir de 2021.<\/p>\n<p>Pour chacune des deux \u00e9tapes, cinq cabinets d'architectes invit\u00e9s \u00e9laboreront des propositions de projet concr\u00e8tes. Apr\u00e8s les vacances d'\u00e9t\u00e9 2018, les meilleures contributions seront s\u00e9lectionn\u00e9es afin que les demandes de construction correspondantes puissent ensuite \u00eatre pr\u00e9par\u00e9es et soumises aux autorit\u00e9s.<\/p>\n<p><strong>Cr\u00e9ation de sa propre soci\u00e9t\u00e9 immobili\u00e8re<\/strong><\/p>\n<p>La condition pr\u00e9alable \u00e0 cette nouvelle \u00e9tape du d\u00e9veloppement du site a \u00e9t\u00e9 cr\u00e9\u00e9e par l'approbation du plan de d\u00e9veloppement et du rezonage du site Papieri par le gouvernement cantonal de Zoug en octobre 2017. <a href=\"https:\/\/www.immobilienbusiness.ch\/fr\/cham-gruenes-licht-fuer-entwicklung-des-papieri-areals\/\">L'\u00e9lectorat a donn\u00e9 son feu vert en septembre 2016.<\/a><\/p>\n<p>Cham Paper Group Schweiz AG a \u00e9galement annonc\u00e9 avoir transf\u00e9r\u00e9 l'ensemble de la division Real Estate \u00e0 sa filiale Cham Immobilien AG, Cham, par le biais d'un contrat de transfert d'actifs au d\u00e9but du mois d'octobre 2017.<\/p>","protected":false},"excerpt":{"rendered":"<p>En janvier 2018, le groupe cot\u00e9 Cham Paper lancera deux proc\u00e9dures de commission d'\u00e9tude architecturale pour les deux premi\u00e8res \u00e9tapes de l'am\u00e9nagement du site Papieri.<\/p>","protected":false},"author":4,"featured_media":10356,"comment_status":"open","ping_status":"open","sticky":false,"template":"","format":"standard","meta":{"_acf_changed":false,"_yoast_wpseo_focuskw":"Papieri-Areal","_yoast_wpseo_title":"","_yoast_wpseo_metadesc":"Die Cham Paper Group startet in K\u00fcrze die Architektur-Studienauftragsverfahren f\u00fcr die ersten beiden Teiletappen der Entwicklung Papieri-Areal in Cham.","_yoast_wpseo_linkdex":78,"pgc_sgb_lightbox_settings":"","footnotes":""},"categories":[985],"tags":[1118,1127,1272,1329,1600,1601,1643,1800,1862,1884],"class_list":["post-10355","post","type-post","status-publish","format-standard","has-post-thumbnail","hentry","category-regionen","tag-buero","tag-cham","tag-gewerbeimmobilien","tag-immobilien-ag","tag-projekt-in-planung","tag-projektentwicklung","tag-retail","tag-umnutzung","tag-wohnen","tag-zug"],"acf":[],"yoast_head":"<!-- This site is optimized with the Yoast SEO plugin v27.5 - https:\/\/yoast.com\/product\/yoast-seo-wordpress\/ -->\n<title>Cham: Architekturverfahren f\u00fcr Papieri-Areal beginnt - IMMOBILIEN Business<\/title>\n<meta name=\"description\" content=\"Die Cham Paper Group startet in K\u00fcrze die Architektur-Studienauftragsverfahren f\u00fcr die ersten beiden Teiletappen der Entwicklung Papieri-Areal in Cham.\" \/>\n<meta name=\"robots\" content=\"index, follow, max-snippet:-1, max-image-preview:large, max-video-preview:-1\" \/>\n<link rel=\"canonical\" href=\"https:\/\/www.immobilienbusiness.ch\/fr\/regionen\/2017-12-01\/cham-architekturverfahren-papieri-areal\/\" \/>\n<meta property=\"og:locale\" content=\"fr_FR\" \/>\n<meta property=\"og:type\" content=\"article\" \/>\n<meta property=\"og:title\" content=\"Cham: Architekturverfahren f\u00fcr Papieri-Areal beginnt\" \/>\n<meta property=\"og:description\" content=\"Die Cham Paper Group startet in K\u00fcrze die Architektur-Studienauftragsverfahren f\u00fcr die ersten beiden Teiletappen der Entwicklung Papieri-Areal in Cham.\" \/>\n<meta property=\"og:url\" content=\"https:\/\/www.immobilienbusiness.ch\/fr\/regionen\/2017-12-01\/cham-architekturverfahren-papieri-areal\/\" \/>\n<meta property=\"og:site_name\" content=\"IMMOBILIEN Business\" \/>\n<meta property=\"article:publisher\" content=\"https:\/\/www.facebook.com\/immobilienbusiness\/\" \/>\n<meta property=\"article:published_time\" content=\"2017-12-01T08:30:34+00:00\" \/>\n<meta property=\"og:image\" content=\"https:\/\/www.immobilienbusiness.ch\/wp-content\/uploads\/2017\/12\/IB-News-20171201-Cham-Paper-Group-Papieri-Areal-Visualisierung-Kesselhaus.png\" \/>\n\t<meta property=\"og:image:width\" content=\"975\" \/>\n\t<meta property=\"og:image:height\" content=\"650\" \/>\n\t<meta property=\"og:image:type\" content=\"image\/png\" \/>\n<meta name=\"author\" content=\"mathias.rinka\" \/>\n<meta name=\"twitter:card\" content=\"summary_large_image\" \/>\n<meta name=\"twitter:title\" content=\"Cham: Architekturverfahren f\u00fcr Papieri-Areal beginnt\" \/>\n<meta name=\"twitter:description\" content=\"Die Cham Paper Group startet in K\u00fcrze die Architektur-Studienauftragsverfahren f\u00fcr die ersten beiden Teiletappen der Entwicklung Papieri-Areal in Cham.\" \/>\n<script type=\"application\/ld+json\" class=\"yoast-schema-graph\">{\"@context\":\"https:\\\/\\\/schema.org\",\"@graph\":[{\"@type\":\"Article\",\"@id\":\"https:\\\/\\\/www.immobilienbusiness.ch\\\/regionen\\\/2017-12-01\\\/cham-architekturverfahren-papieri-areal\\\/#article\",\"isPartOf\":{\"@id\":\"https:\\\/\\\/www.immobilienbusiness.ch\\\/regionen\\\/2017-12-01\\\/cham-architekturverfahren-papieri-areal\\\/\"},\"author\":{\"name\":\"mathias.rinka\",\"@id\":\"https:\\\/\\\/www.immobilienbusiness.ch\\\/#\\\/schema\\\/person\\\/31be7383261ea656cfe52cad71fdc211\"},\"headline\":\"Cham: Architekturverfahren f\u00fcr Papieri-Areal beginnt\",\"datePublished\":\"2017-12-01T08:30:34+00:00\",\"mainEntityOfPage\":{\"@id\":\"https:\\\/\\\/www.immobilienbusiness.ch\\\/regionen\\\/2017-12-01\\\/cham-architekturverfahren-papieri-areal\\\/\"},\"wordCount\":231,\"commentCount\":0,\"publisher\":{\"@id\":\"https:\\\/\\\/www.immobilienbusiness.ch\\\/#organization\"},\"image\":{\"@id\":\"https:\\\/\\\/www.immobilienbusiness.ch\\\/regionen\\\/2017-12-01\\\/cham-architekturverfahren-papieri-areal\\\/#primaryimage\"},\"thumbnailUrl\":\"https:\\\/\\\/www.immobilienbusiness.ch\\\/wp-content\\\/uploads\\\/2017\\\/12\\\/IB-News-20171201-Cham-Paper-Group-Papieri-Areal-Visualisierung-Kesselhaus.png\",\"keywords\":[\"B\u00fcro\",\"Cham\",\"Gewerbeimmobilien\",\"Immobilien-AG\",\"Projekt in Planung\",\"Projektentwicklung\",\"Retail\",\"Umnutzung\",\"Wohnen\",\"Zug\"],\"articleSection\":[\"REGIONEN\"],\"inLanguage\":\"fr-FR\"},{\"@type\":\"WebPage\",\"@id\":\"https:\\\/\\\/www.immobilienbusiness.ch\\\/regionen\\\/2017-12-01\\\/cham-architekturverfahren-papieri-areal\\\/\",\"url\":\"https:\\\/\\\/www.immobilienbusiness.ch\\\/regionen\\\/2017-12-01\\\/cham-architekturverfahren-papieri-areal\\\/\",\"name\":\"Cham: Architekturverfahren f\u00fcr Papieri-Areal beginnt - IMMOBILIEN Business\",\"isPartOf\":{\"@id\":\"https:\\\/\\\/www.immobilienbusiness.ch\\\/#website\"},\"primaryImageOfPage\":{\"@id\":\"https:\\\/\\\/www.immobilienbusiness.ch\\\/regionen\\\/2017-12-01\\\/cham-architekturverfahren-papieri-areal\\\/#primaryimage\"},\"image\":{\"@id\":\"https:\\\/\\\/www.immobilienbusiness.ch\\\/regionen\\\/2017-12-01\\\/cham-architekturverfahren-papieri-areal\\\/#primaryimage\"},\"thumbnailUrl\":\"https:\\\/\\\/www.immobilienbusiness.ch\\\/wp-content\\\/uploads\\\/2017\\\/12\\\/IB-News-20171201-Cham-Paper-Group-Papieri-Areal-Visualisierung-Kesselhaus.png\",\"datePublished\":\"2017-12-01T08:30:34+00:00\",\"description\":\"Die Cham Paper Group startet in K\u00fcrze die Architektur-Studienauftragsverfahren f\u00fcr die ersten beiden Teiletappen der Entwicklung Papieri-Areal in Cham.\",\"breadcrumb\":{\"@id\":\"https:\\\/\\\/www.immobilienbusiness.ch\\\/regionen\\\/2017-12-01\\\/cham-architekturverfahren-papieri-areal\\\/#breadcrumb\"},\"inLanguage\":\"fr-FR\",\"potentialAction\":[{\"@type\":\"ReadAction\",\"target\":[\"https:\\\/\\\/www.immobilienbusiness.ch\\\/regionen\\\/2017-12-01\\\/cham-architekturverfahren-papieri-areal\\\/\"]}]},{\"@type\":\"ImageObject\",\"inLanguage\":\"fr-FR\",\"@id\":\"https:\\\/\\\/www.immobilienbusiness.ch\\\/regionen\\\/2017-12-01\\\/cham-architekturverfahren-papieri-areal\\\/#primaryimage\",\"url\":\"https:\\\/\\\/www.immobilienbusiness.ch\\\/wp-content\\\/uploads\\\/2017\\\/12\\\/IB-News-20171201-Cham-Paper-Group-Papieri-Areal-Visualisierung-Kesselhaus.png\",\"contentUrl\":\"https:\\\/\\\/www.immobilienbusiness.ch\\\/wp-content\\\/uploads\\\/2017\\\/12\\\/IB-News-20171201-Cham-Paper-Group-Papieri-Areal-Visualisierung-Kesselhaus.png\",\"width\":975,\"height\":650,\"caption\":\"Die Pl\u00e4ne f\u00fcr das Papieri-Areal in Cham werden konkreter (Visualisierung: Cham Paper Group AG)\"},{\"@type\":\"BreadcrumbList\",\"@id\":\"https:\\\/\\\/www.immobilienbusiness.ch\\\/regionen\\\/2017-12-01\\\/cham-architekturverfahren-papieri-areal\\\/#breadcrumb\",\"itemListElement\":[{\"@type\":\"ListItem\",\"position\":1,\"name\":\"Home\",\"item\":\"https:\\\/\\\/www.immobilienbusiness.ch\\\/\"},{\"@type\":\"ListItem\",\"position\":2,\"name\":\"Cham: Architekturverfahren f\u00fcr Papieri-Areal beginnt\"}]},{\"@type\":\"WebSite\",\"@id\":\"https:\\\/\\\/www.immobilienbusiness.ch\\\/#website\",\"url\":\"https:\\\/\\\/www.immobilienbusiness.ch\\\/\",\"name\":\"IMMOBILIEN Business\",\"description\":\"Unabh\u00e4ngiges Schweizer Wirtschaftsmagazin mit Fokus auf Immobilien, Architektur- und Bau sowie Investment- und Finanzierung.\",\"publisher\":{\"@id\":\"https:\\\/\\\/www.immobilienbusiness.ch\\\/#organization\"},\"potentialAction\":[{\"@type\":\"SearchAction\",\"target\":{\"@type\":\"EntryPoint\",\"urlTemplate\":\"https:\\\/\\\/www.immobilienbusiness.ch\\\/?s={search_term_string}\"},\"query-input\":{\"@type\":\"PropertyValueSpecification\",\"valueRequired\":true,\"valueName\":\"search_term_string\"}}],\"inLanguage\":\"fr-FR\"},{\"@type\":\"Organization\",\"@id\":\"https:\\\/\\\/www.immobilienbusiness.ch\\\/#organization\",\"name\":\"IMMOBILIEN Business\",\"url\":\"https:\\\/\\\/www.immobilienbusiness.ch\\\/\",\"logo\":{\"@type\":\"ImageObject\",\"inLanguage\":\"fr-FR\",\"@id\":\"https:\\\/\\\/www.immobilienbusiness.ch\\\/#\\\/schema\\\/logo\\\/image\\\/\",\"url\":\"https:\\\/\\\/www.immobilienbusiness.ch\\\/wp-content\\\/uploads\\\/2021\\\/07\\\/logo_ib.png\",\"contentUrl\":\"https:\\\/\\\/www.immobilienbusiness.ch\\\/wp-content\\\/uploads\\\/2021\\\/07\\\/logo_ib.png\",\"width\":800,\"height\":181,\"caption\":\"IMMOBILIEN Business\"},\"image\":{\"@id\":\"https:\\\/\\\/www.immobilienbusiness.ch\\\/#\\\/schema\\\/logo\\\/image\\\/\"},\"sameAs\":[\"https:\\\/\\\/www.facebook.com\\\/immobilienbusiness\\\/\"]},{\"@type\":\"Person\",\"@id\":\"https:\\\/\\\/www.immobilienbusiness.ch\\\/#\\\/schema\\\/person\\\/31be7383261ea656cfe52cad71fdc211\",\"name\":\"mathias.rinka\",\"image\":{\"@type\":\"ImageObject\",\"inLanguage\":\"fr-FR\",\"@id\":\"https:\\\/\\\/secure.gravatar.com\\\/avatar\\\/?s=96&d=mm&r=g\",\"url\":\"https:\\\/\\\/secure.gravatar.com\\\/avatar\\\/?s=96&d=mm&r=g\",\"contentUrl\":\"https:\\\/\\\/secure.gravatar.com\\\/avatar\\\/?s=96&d=mm&r=g\",\"caption\":\"mathias.rinka\"},\"url\":\"https:\\\/\\\/www.immobilienbusiness.ch\\\/fr\\\/author\\\/mathias-rinka\\\/\"}]}<\/script>\n<!-- \/ Yoast SEO plugin. -->","yoast_head_json":{"title":"Cham : d\u00e9but de la proc\u00e9dure architecturale pour le Papieri-Areal - IMMOBILIEN Business","description":"Le Cham Paper Group lancera prochainement la proc\u00e9dure de commande d'\u00e9tudes d'architecture pour les deux premi\u00e8res \u00e9tapes partielles du d\u00e9veloppement du Papieri-Areal \u00e0 Cham.","robots":{"index":"index","follow":"follow","max-snippet":"max-snippet:-1","max-image-preview":"max-image-preview:large","max-video-preview":"max-video-preview:-1"},"canonical":"https:\/\/www.immobilienbusiness.ch\/fr\/regionen\/2017-12-01\/cham-architekturverfahren-papieri-areal\/","og_locale":"fr_FR","og_type":"article","og_title":"Cham: Architekturverfahren f\u00fcr Papieri-Areal beginnt","og_description":"Die Cham Paper Group startet in K\u00fcrze die Architektur-Studienauftragsverfahren f\u00fcr die ersten beiden Teiletappen der Entwicklung Papieri-Areal in Cham.","og_url":"https:\/\/www.immobilienbusiness.ch\/fr\/regionen\/2017-12-01\/cham-architekturverfahren-papieri-areal\/","og_site_name":"IMMOBILIEN Business","article_publisher":"https:\/\/www.facebook.com\/immobilienbusiness\/","article_published_time":"2017-12-01T08:30:34+00:00","og_image":[{"width":975,"height":650,"url":"https:\/\/www.immobilienbusiness.ch\/wp-content\/uploads\/2017\/12\/IB-News-20171201-Cham-Paper-Group-Papieri-Areal-Visualisierung-Kesselhaus.png","type":"image\/png"}],"author":"mathias.rinka","twitter_card":"summary_large_image","twitter_title":"Cham: Architekturverfahren f\u00fcr Papieri-Areal beginnt","twitter_description":"Die Cham Paper Group startet in K\u00fcrze die Architektur-Studienauftragsverfahren f\u00fcr die ersten beiden Teiletappen der Entwicklung Papieri-Areal in Cham.","schema":{"@context":"https:\/\/schema.org","@graph":[{"@type":"Article","@id":"https:\/\/www.immobilienbusiness.ch\/regionen\/2017-12-01\/cham-architekturverfahren-papieri-areal\/#article","isPartOf":{"@id":"https:\/\/www.immobilienbusiness.ch\/regionen\/2017-12-01\/cham-architekturverfahren-papieri-areal\/"},"author":{"name":"mathias.rinka","@id":"https:\/\/www.immobilienbusiness.ch\/#\/schema\/person\/31be7383261ea656cfe52cad71fdc211"},"headline":"Cham: Architekturverfahren f\u00fcr Papieri-Areal beginnt","datePublished":"2017-12-01T08:30:34+00:00","mainEntityOfPage":{"@id":"https:\/\/www.immobilienbusiness.ch\/regionen\/2017-12-01\/cham-architekturverfahren-papieri-areal\/"},"wordCount":231,"commentCount":0,"publisher":{"@id":"https:\/\/www.immobilienbusiness.ch\/#organization"},"image":{"@id":"https:\/\/www.immobilienbusiness.ch\/regionen\/2017-12-01\/cham-architekturverfahren-papieri-areal\/#primaryimage"},"thumbnailUrl":"https:\/\/www.immobilienbusiness.ch\/wp-content\/uploads\/2017\/12\/IB-News-20171201-Cham-Paper-Group-Papieri-Areal-Visualisierung-Kesselhaus.png","keywords":["B\u00fcro","Cham","Gewerbeimmobilien","Immobilien-AG","Projekt in Planung","Projektentwicklung","Retail","Umnutzung","Wohnen","Zug"],"articleSection":["REGIONEN"],"inLanguage":"fr-FR"},{"@type":"WebPage","@id":"https:\/\/www.immobilienbusiness.ch\/regionen\/2017-12-01\/cham-architekturverfahren-papieri-areal\/","url":"https:\/\/www.immobilienbusiness.ch\/regionen\/2017-12-01\/cham-architekturverfahren-papieri-areal\/","name":"Cham : d\u00e9but de la proc\u00e9dure architecturale pour le Papieri-Areal - IMMOBILIEN Business","isPartOf":{"@id":"https:\/\/www.immobilienbusiness.ch\/#website"},"primaryImageOfPage":{"@id":"https:\/\/www.immobilienbusiness.ch\/regionen\/2017-12-01\/cham-architekturverfahren-papieri-areal\/#primaryimage"},"image":{"@id":"https:\/\/www.immobilienbusiness.ch\/regionen\/2017-12-01\/cham-architekturverfahren-papieri-areal\/#primaryimage"},"thumbnailUrl":"https:\/\/www.immobilienbusiness.ch\/wp-content\/uploads\/2017\/12\/IB-News-20171201-Cham-Paper-Group-Papieri-Areal-Visualisierung-Kesselhaus.png","datePublished":"2017-12-01T08:30:34+00:00","description":"Le Cham Paper Group lancera prochainement la proc\u00e9dure de commande d'\u00e9tudes d'architecture pour les deux premi\u00e8res \u00e9tapes partielles du d\u00e9veloppement du Papieri-Areal \u00e0 Cham.","breadcrumb":{"@id":"https:\/\/www.immobilienbusiness.ch\/regionen\/2017-12-01\/cham-architekturverfahren-papieri-areal\/#breadcrumb"},"inLanguage":"fr-FR","potentialAction":[{"@type":"ReadAction","target":["https:\/\/www.immobilienbusiness.ch\/regionen\/2017-12-01\/cham-architekturverfahren-papieri-areal\/"]}]},{"@type":"ImageObject","inLanguage":"fr-FR","@id":"https:\/\/www.immobilienbusiness.ch\/regionen\/2017-12-01\/cham-architekturverfahren-papieri-areal\/#primaryimage","url":"https:\/\/www.immobilienbusiness.ch\/wp-content\/uploads\/2017\/12\/IB-News-20171201-Cham-Paper-Group-Papieri-Areal-Visualisierung-Kesselhaus.png","contentUrl":"https:\/\/www.immobilienbusiness.ch\/wp-content\/uploads\/2017\/12\/IB-News-20171201-Cham-Paper-Group-Papieri-Areal-Visualisierung-Kesselhaus.png","width":975,"height":650,"caption":"Die Pl\u00e4ne f\u00fcr das Papieri-Areal in Cham werden konkreter (Visualisierung: Cham Paper Group AG)"},{"@type":"BreadcrumbList","@id":"https:\/\/www.immobilienbusiness.ch\/regionen\/2017-12-01\/cham-architekturverfahren-papieri-areal\/#breadcrumb","itemListElement":[{"@type":"ListItem","position":1,"name":"Home","item":"https:\/\/www.immobilienbusiness.ch\/"},{"@type":"ListItem","position":2,"name":"Cham: Architekturverfahren f\u00fcr Papieri-Areal beginnt"}]},{"@type":"WebSite","@id":"https:\/\/www.immobilienbusiness.ch\/#website","url":"https:\/\/www.immobilienbusiness.ch\/","name":"IMMOBILIER Business","description":"Magazine \u00e9conomique suisse ind\u00e9pendant ax\u00e9 sur l'immobilier, l'architecture et la construction ainsi que sur les investissements et le financement.","publisher":{"@id":"https:\/\/www.immobilienbusiness.ch\/#organization"},"potentialAction":[{"@type":"SearchAction","target":{"@type":"EntryPoint","urlTemplate":"https:\/\/www.immobilienbusiness.ch\/?s={search_term_string}"},"query-input":{"@type":"PropertyValueSpecification","valueRequired":true,"valueName":"search_term_string"}}],"inLanguage":"fr-FR"},{"@type":"Organization","@id":"https:\/\/www.immobilienbusiness.ch\/#organization","name":"IMMOBILIER Business","url":"https:\/\/www.immobilienbusiness.ch\/","logo":{"@type":"ImageObject","inLanguage":"fr-FR","@id":"https:\/\/www.immobilienbusiness.ch\/#\/schema\/logo\/image\/","url":"https:\/\/www.immobilienbusiness.ch\/wp-content\/uploads\/2021\/07\/logo_ib.png","contentUrl":"https:\/\/www.immobilienbusiness.ch\/wp-content\/uploads\/2021\/07\/logo_ib.png","width":800,"height":181,"caption":"IMMOBILIEN Business"},"image":{"@id":"https:\/\/www.immobilienbusiness.ch\/#\/schema\/logo\/image\/"},"sameAs":["https:\/\/www.facebook.com\/immobilienbusiness\/"]},{"@type":"Person","@id":"https:\/\/www.immobilienbusiness.ch\/#\/schema\/person\/31be7383261ea656cfe52cad71fdc211","name":"mathias.rinka","image":{"@type":"ImageObject","inLanguage":"fr-FR","@id":"https:\/\/secure.gravatar.com\/avatar\/?s=96&d=mm&r=g","url":"https:\/\/secure.gravatar.com\/avatar\/?s=96&d=mm&r=g","contentUrl":"https:\/\/secure.gravatar.com\/avatar\/?s=96&d=mm&r=g","caption":"mathias.rinka"},"url":"https:\/\/www.immobilienbusiness.ch\/fr\/author\/mathias-rinka\/"}]}},"_links":{"self":[{"href":"https:\/\/www.immobilienbusiness.ch\/fr\/wp-json\/wp\/v2\/posts\/10355","targetHints":{"allow":["GET"]}}],"collection":[{"href":"https:\/\/www.immobilienbusiness.ch\/fr\/wp-json\/wp\/v2\/posts"}],"about":[{"href":"https:\/\/www.immobilienbusiness.ch\/fr\/wp-json\/wp\/v2\/types\/post"}],"author":[{"embeddable":true,"href":"https:\/\/www.immobilienbusiness.ch\/fr\/wp-json\/wp\/v2\/users\/4"}],"replies":[{"embeddable":true,"href":"https:\/\/www.immobilienbusiness.ch\/fr\/wp-json\/wp\/v2\/comments?post=10355"}],"version-history":[{"count":0,"href":"https:\/\/www.immobilienbusiness.ch\/fr\/wp-json\/wp\/v2\/posts\/10355\/revisions"}],"wp:featuredmedia":[{"embeddable":true,"href":"https:\/\/www.immobilienbusiness.ch\/fr\/wp-json\/wp\/v2\/media\/10356"}],"wp:attachment":[{"href":"https:\/\/www.immobilienbusiness.ch\/fr\/wp-json\/wp\/v2\/media?parent=10355"}],"wp:term":[{"taxonomy":"category","embeddable":true,"href":"https:\/\/www.immobilienbusiness.ch\/fr\/wp-json\/wp\/v2\/categories?post=10355"},{"taxonomy":"post_tag","embeddable":true,"href":"https:\/\/www.immobilienbusiness.ch\/fr\/wp-json\/wp\/v2\/tags?post=10355"}],"curies":[{"name":"wp","href":"https:\/\/api.w.org\/{rel}","templated":true}]}}