{"id":10286,"date":"2017-11-27T08:38:13","date_gmt":"2017-11-27T07:38:13","guid":{"rendered":"https:\/\/www.immobilienbusiness.ch\/?p=10286"},"modified":"2017-11-27T08:38:13","modified_gmt":"2017-11-27T07:38:13","slug":"investis-wird-mehrheitsaktionaer-bei-la-fonciere-de-la-dixence","status":"publish","type":"post","link":"https:\/\/www.immobilienbusiness.ch\/fr\/unternehmen\/2017-11-27\/investis-wird-mehrheitsaktionaer-bei-la-fonciere-de-la-dixence\/","title":{"rendered":"Investis devient actionnaire majoritaire de La Fonci\u00e8re de la Dixence"},"content":{"rendered":"<figure id=\"attachment_8199\" aria-describedby=\"caption-attachment-8199\" style=\"width: 624px\" class=\"wp-caption alignnone\"><img loading=\"lazy\" decoding=\"async\" class=\"size-full wp-image-8199\" src=\"https:\/\/www.immobilienbusiness.ch\/wp-content\/uploads\/2017\/07\/Immobilien-Business-News-Corestate-\u00fcbernimmt-Helvetic-Financial-Services-c-depositedhar-\u2013-depositphotos.jpg\" alt=\"\" width=\"624\" height=\"378\" \/><figcaption id=\"caption-attachment-8199\" class=\"wp-caption-text\">Investis augmente sa participation dans la soci\u00e9t\u00e9 de projet La Fonci\u00e8re de la Dixence (Image : depositedhar - depositphotos)<\/figcaption><\/figure>\n<p>L'augmentation du taux de participation est la cons\u00e9quence d'une augmentation de capital au sein de la soci\u00e9t\u00e9 de projet, afin de financer la prochaine \u00e9tape de construction, communique la soci\u00e9t\u00e9 anonyme immobili\u00e8re. En raison de la majorit\u00e9 du capital ainsi acquise, Investis consolidera \u00e0 l'avenir enti\u00e8rement le projet de d\u00e9veloppement \"Dixence Resort\" \u00e0 H\u00e9r\u00e9mence.<\/p>\n<p>La Fonci\u00e8re de la Dixence SA a \u00e9t\u00e9 cr\u00e9\u00e9e fin 2009 pour la planification et le financement du \"Dixence Resort\", qui doit \u00eatre r\u00e9alis\u00e9 par \u00e9tapes jusqu'\u00e0 fin 2026. Le projet global s'\u00e9tend sur une surface de 25 088 m2 et comprend un h\u00f4tel de 60 chambres, un espace thermal, cinq chalets ainsi que sept immeubles d'habitation.<\/p>\n<p>Le portefeuille du groupe Investis se compose presque exclusivement d'immeubles d'habitation dans la r\u00e9gion l\u00e9manique et \u00e9tait \u00e9valu\u00e9 \u00e0 un peu plus d'un milliard de CHF au 30 juin 2017. Par le biais de la division Real Estate Services, des services immobiliers sont propos\u00e9s sous des marques locales dans toute la Suisse.<\/p>","protected":false},"excerpt":{"rendered":"<p>Investis augmente sa participation dans la soci\u00e9t\u00e9 La Fonci\u00e8re de la Dixence SA de 50 \u00e0 75% et devient ainsi son actionnaire majoritaire. La soci\u00e9t\u00e9 de projet r\u00e9alise la planification et le financement du projet touristique \"Dixence Resort\" \u00e0 H\u00e9r\u00e9mence (VS). <\/p>","protected":false},"author":3,"featured_media":8199,"comment_status":"open","ping_status":"open","sticky":false,"template":"","format":"standard","meta":{"_acf_changed":false,"_yoast_wpseo_focuskw":"Investis","_yoast_wpseo_title":"","_yoast_wpseo_metadesc":"Investis stockt ihre Beteiligung an der Gesellschaft La Fonci\u00e8re de la Dixence SA von bisher 50 auf 75 Prozent auf und wird damit deren Mehrheitsaktion\u00e4rin.","_yoast_wpseo_linkdex":58,"pgc_sgb_lightbox_settings":"","footnotes":""},"categories":[988],"tags":[1261,1313,1329,1379,1431,1599,1788,1807],"class_list":["post-10286","post","type-post","status-publish","format-standard","has-post-thumbnail","hentry","category-unternehmen","tag-genferseeregion","tag-hotel","tag-immobilien-ag","tag-investis","tag-la-fonciere","tag-projekt-in-bau","tag-tourismus","tag-unternehmen"],"acf":[],"yoast_head":"<!-- This site is optimized with the Yoast SEO plugin v27.4 - https:\/\/yoast.com\/product\/yoast-seo-wordpress\/ -->\n<title>Investis wird Mehrheitsaktion\u00e4r bei La Fonci\u00e8re de la Dixence - IMMOBILIEN Business<\/title>\n<meta name=\"description\" content=\"Investis stockt ihre Beteiligung an der Gesellschaft La Fonci\u00e8re de la Dixence SA von bisher 50 auf 75 Prozent auf und wird damit deren Mehrheitsaktion\u00e4rin.\" \/>\n<meta name=\"robots\" content=\"index, follow, max-snippet:-1, max-image-preview:large, max-video-preview:-1\" \/>\n<link rel=\"canonical\" href=\"https:\/\/www.immobilienbusiness.ch\/fr\/unternehmen\/2017-11-27\/investis-wird-mehrheitsaktionaer-bei-la-fonciere-de-la-dixence\/\" \/>\n<meta property=\"og:locale\" content=\"fr_FR\" \/>\n<meta property=\"og:type\" content=\"article\" \/>\n<meta property=\"og:title\" content=\"Investis wird Mehrheitsaktion\u00e4rin bei La Fonci\u00e8re de la Dixence\" \/>\n<meta property=\"og:description\" content=\"Investis stockt ihre Beteiligung an der Gesellschaft La Fonci\u00e8re de la Dixence SA von bisher 50 auf 75 Prozent auf und wird damit deren Mehrheitsaktion\u00e4rin.\" \/>\n<meta property=\"og:url\" content=\"https:\/\/www.immobilienbusiness.ch\/fr\/unternehmen\/2017-11-27\/investis-wird-mehrheitsaktionaer-bei-la-fonciere-de-la-dixence\/\" \/>\n<meta property=\"og:site_name\" content=\"IMMOBILIEN Business\" \/>\n<meta property=\"article:publisher\" content=\"https:\/\/www.facebook.com\/immobilienbusiness\/\" \/>\n<meta property=\"article:published_time\" content=\"2017-11-27T07:38:13+00:00\" \/>\n<meta property=\"og:image\" content=\"https:\/\/www.immobilienbusiness.ch\/wp-content\/uploads\/2017\/07\/Immobilien-Business-News-Corestate-uebernimmt-Helvetic-Financial-Services-c-depositedhar-\u2013-depositphotos.jpg\" \/>\n\t<meta property=\"og:image:width\" content=\"624\" \/>\n\t<meta property=\"og:image:height\" content=\"378\" \/>\n\t<meta property=\"og:image:type\" content=\"image\/jpeg\" \/>\n<meta name=\"author\" content=\"anja.hall\" \/>\n<meta name=\"twitter:card\" content=\"summary_large_image\" \/>\n<meta name=\"twitter:title\" content=\"Investis wird Mehrheitsaktion\u00e4rin bei La Fonci\u00e8re de la Dixence\" \/>\n<meta name=\"twitter:description\" content=\"Investis stockt ihre Beteiligung an der Gesellschaft La Fonci\u00e8re de la Dixence SA von bisher 50 auf 75 Prozent auf und wird damit deren Mehrheitsaktion\u00e4rin.\" \/>\n<meta name=\"twitter:image\" content=\"https:\/\/www.immobilienbusiness.ch\/wp-content\/uploads\/2017\/07\/Immobilien-Business-News-Corestate-\u00fcbernimmt-Helvetic-Financial-Services-c-depositedhar-\u2013-depositphotos.jpg\" \/>\n<script type=\"application\/ld+json\" class=\"yoast-schema-graph\">{\"@context\":\"https:\\\/\\\/schema.org\",\"@graph\":[{\"@type\":\"Article\",\"@id\":\"https:\\\/\\\/www.immobilienbusiness.ch\\\/en\\\/unternehmen\\\/2017-11-27\\\/investis-wird-mehrheitsaktionaer-bei-la-fonciere-de-la-dixence\\\/#article\",\"isPartOf\":{\"@id\":\"https:\\\/\\\/www.immobilienbusiness.ch\\\/en\\\/unternehmen\\\/2017-11-27\\\/investis-wird-mehrheitsaktionaer-bei-la-fonciere-de-la-dixence\\\/\"},\"author\":{\"name\":\"anja.hall\",\"@id\":\"https:\\\/\\\/www.immobilienbusiness.ch\\\/#\\\/schema\\\/person\\\/3fc036297b10b9f42d6db5ee932af8c8\"},\"headline\":\"Investis wird Mehrheitsaktion\u00e4r bei La Fonci\u00e8re de la Dixence\",\"datePublished\":\"2017-11-27T07:38:13+00:00\",\"mainEntityOfPage\":{\"@id\":\"https:\\\/\\\/www.immobilienbusiness.ch\\\/en\\\/unternehmen\\\/2017-11-27\\\/investis-wird-mehrheitsaktionaer-bei-la-fonciere-de-la-dixence\\\/\"},\"wordCount\":173,\"commentCount\":0,\"publisher\":{\"@id\":\"https:\\\/\\\/www.immobilienbusiness.ch\\\/#organization\"},\"image\":{\"@id\":\"https:\\\/\\\/www.immobilienbusiness.ch\\\/en\\\/unternehmen\\\/2017-11-27\\\/investis-wird-mehrheitsaktionaer-bei-la-fonciere-de-la-dixence\\\/#primaryimage\"},\"thumbnailUrl\":\"https:\\\/\\\/www.immobilienbusiness.ch\\\/wp-content\\\/uploads\\\/2017\\\/07\\\/Immobilien-Business-News-Corestate-uebernimmt-Helvetic-Financial-Services-c-depositedhar-\u2013-depositphotos.jpg\",\"keywords\":[\"Genferseeregion\",\"Hotel\",\"Immobilien-AG\",\"Investis\",\"La Fonci\u00e8re\",\"Projekt in Bau\",\"Tourismus\",\"Unternehmen\"],\"articleSection\":[\"UNTERNEHMEN\"],\"inLanguage\":\"fr-FR\"},{\"@type\":\"WebPage\",\"@id\":\"https:\\\/\\\/www.immobilienbusiness.ch\\\/en\\\/unternehmen\\\/2017-11-27\\\/investis-wird-mehrheitsaktionaer-bei-la-fonciere-de-la-dixence\\\/\",\"url\":\"https:\\\/\\\/www.immobilienbusiness.ch\\\/en\\\/unternehmen\\\/2017-11-27\\\/investis-wird-mehrheitsaktionaer-bei-la-fonciere-de-la-dixence\\\/\",\"name\":\"Investis wird Mehrheitsaktion\u00e4r bei La Fonci\u00e8re de la Dixence - IMMOBILIEN Business\",\"isPartOf\":{\"@id\":\"https:\\\/\\\/www.immobilienbusiness.ch\\\/#website\"},\"primaryImageOfPage\":{\"@id\":\"https:\\\/\\\/www.immobilienbusiness.ch\\\/en\\\/unternehmen\\\/2017-11-27\\\/investis-wird-mehrheitsaktionaer-bei-la-fonciere-de-la-dixence\\\/#primaryimage\"},\"image\":{\"@id\":\"https:\\\/\\\/www.immobilienbusiness.ch\\\/en\\\/unternehmen\\\/2017-11-27\\\/investis-wird-mehrheitsaktionaer-bei-la-fonciere-de-la-dixence\\\/#primaryimage\"},\"thumbnailUrl\":\"https:\\\/\\\/www.immobilienbusiness.ch\\\/wp-content\\\/uploads\\\/2017\\\/07\\\/Immobilien-Business-News-Corestate-uebernimmt-Helvetic-Financial-Services-c-depositedhar-\u2013-depositphotos.jpg\",\"datePublished\":\"2017-11-27T07:38:13+00:00\",\"description\":\"Investis stockt ihre Beteiligung an der Gesellschaft La Fonci\u00e8re de la Dixence SA von bisher 50 auf 75 Prozent auf und wird damit deren Mehrheitsaktion\u00e4rin.\",\"breadcrumb\":{\"@id\":\"https:\\\/\\\/www.immobilienbusiness.ch\\\/en\\\/unternehmen\\\/2017-11-27\\\/investis-wird-mehrheitsaktionaer-bei-la-fonciere-de-la-dixence\\\/#breadcrumb\"},\"inLanguage\":\"fr-FR\",\"potentialAction\":[{\"@type\":\"ReadAction\",\"target\":[\"https:\\\/\\\/www.immobilienbusiness.ch\\\/en\\\/unternehmen\\\/2017-11-27\\\/investis-wird-mehrheitsaktionaer-bei-la-fonciere-de-la-dixence\\\/\"]}]},{\"@type\":\"ImageObject\",\"inLanguage\":\"fr-FR\",\"@id\":\"https:\\\/\\\/www.immobilienbusiness.ch\\\/en\\\/unternehmen\\\/2017-11-27\\\/investis-wird-mehrheitsaktionaer-bei-la-fonciere-de-la-dixence\\\/#primaryimage\",\"url\":\"https:\\\/\\\/www.immobilienbusiness.ch\\\/wp-content\\\/uploads\\\/2017\\\/07\\\/Immobilien-Business-News-Corestate-uebernimmt-Helvetic-Financial-Services-c-depositedhar-\u2013-depositphotos.jpg\",\"contentUrl\":\"https:\\\/\\\/www.immobilienbusiness.ch\\\/wp-content\\\/uploads\\\/2017\\\/07\\\/Immobilien-Business-News-Corestate-uebernimmt-Helvetic-Financial-Services-c-depositedhar-\u2013-depositphotos.jpg\",\"width\":624,\"height\":378,\"caption\":\"Corestate erwirbt die HFS Helvetic Financial Services AG in Wollerau (Bild: depositedhar - depositphotos)\"},{\"@type\":\"BreadcrumbList\",\"@id\":\"https:\\\/\\\/www.immobilienbusiness.ch\\\/en\\\/unternehmen\\\/2017-11-27\\\/investis-wird-mehrheitsaktionaer-bei-la-fonciere-de-la-dixence\\\/#breadcrumb\",\"itemListElement\":[{\"@type\":\"ListItem\",\"position\":1,\"name\":\"Home\",\"item\":\"https:\\\/\\\/www.immobilienbusiness.ch\\\/\"},{\"@type\":\"ListItem\",\"position\":2,\"name\":\"Investis wird Mehrheitsaktion\u00e4r bei La Fonci\u00e8re de la Dixence\"}]},{\"@type\":\"WebSite\",\"@id\":\"https:\\\/\\\/www.immobilienbusiness.ch\\\/#website\",\"url\":\"https:\\\/\\\/www.immobilienbusiness.ch\\\/\",\"name\":\"IMMOBILIEN Business\",\"description\":\"Unabh\u00e4ngiges Schweizer Wirtschaftsmagazin mit Fokus auf Immobilien, Architektur- und Bau sowie Investment- und Finanzierung.\",\"publisher\":{\"@id\":\"https:\\\/\\\/www.immobilienbusiness.ch\\\/#organization\"},\"potentialAction\":[{\"@type\":\"SearchAction\",\"target\":{\"@type\":\"EntryPoint\",\"urlTemplate\":\"https:\\\/\\\/www.immobilienbusiness.ch\\\/?s={search_term_string}\"},\"query-input\":{\"@type\":\"PropertyValueSpecification\",\"valueRequired\":true,\"valueName\":\"search_term_string\"}}],\"inLanguage\":\"fr-FR\"},{\"@type\":\"Organization\",\"@id\":\"https:\\\/\\\/www.immobilienbusiness.ch\\\/#organization\",\"name\":\"IMMOBILIEN Business\",\"url\":\"https:\\\/\\\/www.immobilienbusiness.ch\\\/\",\"logo\":{\"@type\":\"ImageObject\",\"inLanguage\":\"fr-FR\",\"@id\":\"https:\\\/\\\/www.immobilienbusiness.ch\\\/#\\\/schema\\\/logo\\\/image\\\/\",\"url\":\"https:\\\/\\\/www.immobilienbusiness.ch\\\/wp-content\\\/uploads\\\/2021\\\/07\\\/logo_ib.png\",\"contentUrl\":\"https:\\\/\\\/www.immobilienbusiness.ch\\\/wp-content\\\/uploads\\\/2021\\\/07\\\/logo_ib.png\",\"width\":800,\"height\":181,\"caption\":\"IMMOBILIEN Business\"},\"image\":{\"@id\":\"https:\\\/\\\/www.immobilienbusiness.ch\\\/#\\\/schema\\\/logo\\\/image\\\/\"},\"sameAs\":[\"https:\\\/\\\/www.facebook.com\\\/immobilienbusiness\\\/\"]},{\"@type\":\"Person\",\"@id\":\"https:\\\/\\\/www.immobilienbusiness.ch\\\/#\\\/schema\\\/person\\\/3fc036297b10b9f42d6db5ee932af8c8\",\"name\":\"anja.hall\",\"image\":{\"@type\":\"ImageObject\",\"inLanguage\":\"fr-FR\",\"@id\":\"https:\\\/\\\/secure.gravatar.com\\\/avatar\\\/066b5a0d447013502c71a5782f4f3469f03cfe595cc2329fb94652fe47511bfb?s=96&d=mm&r=g\",\"url\":\"https:\\\/\\\/secure.gravatar.com\\\/avatar\\\/066b5a0d447013502c71a5782f4f3469f03cfe595cc2329fb94652fe47511bfb?s=96&d=mm&r=g\",\"contentUrl\":\"https:\\\/\\\/secure.gravatar.com\\\/avatar\\\/066b5a0d447013502c71a5782f4f3469f03cfe595cc2329fb94652fe47511bfb?s=96&d=mm&r=g\",\"caption\":\"anja.hall\"},\"url\":\"https:\\\/\\\/www.immobilienbusiness.ch\\\/fr\\\/author\\\/anja-hall\\\/\"}]}<\/script>\n<!-- \/ Yoast SEO plugin. -->","yoast_head_json":{"title":"Investis devient actionnaire majoritaire de La Fonci\u00e8re de la Dixence - IMMOBILIER Business","description":"Investis augmente sa participation dans la soci\u00e9t\u00e9 La Fonci\u00e8re de la Dixence SA de 50 \u00e0 75% et devient ainsi son actionnaire majoritaire.","robots":{"index":"index","follow":"follow","max-snippet":"max-snippet:-1","max-image-preview":"max-image-preview:large","max-video-preview":"max-video-preview:-1"},"canonical":"https:\/\/www.immobilienbusiness.ch\/fr\/unternehmen\/2017-11-27\/investis-wird-mehrheitsaktionaer-bei-la-fonciere-de-la-dixence\/","og_locale":"fr_FR","og_type":"article","og_title":"Investis wird Mehrheitsaktion\u00e4rin bei La Fonci\u00e8re de la Dixence","og_description":"Investis stockt ihre Beteiligung an der Gesellschaft La Fonci\u00e8re de la Dixence SA von bisher 50 auf 75 Prozent auf und wird damit deren Mehrheitsaktion\u00e4rin.","og_url":"https:\/\/www.immobilienbusiness.ch\/fr\/unternehmen\/2017-11-27\/investis-wird-mehrheitsaktionaer-bei-la-fonciere-de-la-dixence\/","og_site_name":"IMMOBILIEN Business","article_publisher":"https:\/\/www.facebook.com\/immobilienbusiness\/","article_published_time":"2017-11-27T07:38:13+00:00","og_image":[{"width":624,"height":378,"url":"https:\/\/www.immobilienbusiness.ch\/wp-content\/uploads\/2017\/07\/Immobilien-Business-News-Corestate-uebernimmt-Helvetic-Financial-Services-c-depositedhar-\u2013-depositphotos.jpg","type":"image\/jpeg"}],"author":"anja.hall","twitter_card":"summary_large_image","twitter_title":"Investis wird Mehrheitsaktion\u00e4rin bei La Fonci\u00e8re de la Dixence","twitter_description":"Investis stockt ihre Beteiligung an der Gesellschaft La Fonci\u00e8re de la Dixence SA von bisher 50 auf 75 Prozent auf und wird damit deren Mehrheitsaktion\u00e4rin.","twitter_image":"https:\/\/www.immobilienbusiness.ch\/wp-content\/uploads\/2017\/07\/Immobilien-Business-News-Corestate-\u00fcbernimmt-Helvetic-Financial-Services-c-depositedhar-\u2013-depositphotos.jpg","schema":{"@context":"https:\/\/schema.org","@graph":[{"@type":"Article","@id":"https:\/\/www.immobilienbusiness.ch\/en\/unternehmen\/2017-11-27\/investis-wird-mehrheitsaktionaer-bei-la-fonciere-de-la-dixence\/#article","isPartOf":{"@id":"https:\/\/www.immobilienbusiness.ch\/en\/unternehmen\/2017-11-27\/investis-wird-mehrheitsaktionaer-bei-la-fonciere-de-la-dixence\/"},"author":{"name":"anja.hall","@id":"https:\/\/www.immobilienbusiness.ch\/#\/schema\/person\/3fc036297b10b9f42d6db5ee932af8c8"},"headline":"Investis wird Mehrheitsaktion\u00e4r bei La Fonci\u00e8re de la Dixence","datePublished":"2017-11-27T07:38:13+00:00","mainEntityOfPage":{"@id":"https:\/\/www.immobilienbusiness.ch\/en\/unternehmen\/2017-11-27\/investis-wird-mehrheitsaktionaer-bei-la-fonciere-de-la-dixence\/"},"wordCount":173,"commentCount":0,"publisher":{"@id":"https:\/\/www.immobilienbusiness.ch\/#organization"},"image":{"@id":"https:\/\/www.immobilienbusiness.ch\/en\/unternehmen\/2017-11-27\/investis-wird-mehrheitsaktionaer-bei-la-fonciere-de-la-dixence\/#primaryimage"},"thumbnailUrl":"https:\/\/www.immobilienbusiness.ch\/wp-content\/uploads\/2017\/07\/Immobilien-Business-News-Corestate-uebernimmt-Helvetic-Financial-Services-c-depositedhar-\u2013-depositphotos.jpg","keywords":["Genferseeregion","Hotel","Immobilien-AG","Investis","La Fonci\u00e8re","Projekt in Bau","Tourismus","Unternehmen"],"articleSection":["UNTERNEHMEN"],"inLanguage":"fr-FR"},{"@type":"WebPage","@id":"https:\/\/www.immobilienbusiness.ch\/en\/unternehmen\/2017-11-27\/investis-wird-mehrheitsaktionaer-bei-la-fonciere-de-la-dixence\/","url":"https:\/\/www.immobilienbusiness.ch\/en\/unternehmen\/2017-11-27\/investis-wird-mehrheitsaktionaer-bei-la-fonciere-de-la-dixence\/","name":"Investis devient actionnaire majoritaire de La Fonci\u00e8re de la Dixence - IMMOBILIER Business","isPartOf":{"@id":"https:\/\/www.immobilienbusiness.ch\/#website"},"primaryImageOfPage":{"@id":"https:\/\/www.immobilienbusiness.ch\/en\/unternehmen\/2017-11-27\/investis-wird-mehrheitsaktionaer-bei-la-fonciere-de-la-dixence\/#primaryimage"},"image":{"@id":"https:\/\/www.immobilienbusiness.ch\/en\/unternehmen\/2017-11-27\/investis-wird-mehrheitsaktionaer-bei-la-fonciere-de-la-dixence\/#primaryimage"},"thumbnailUrl":"https:\/\/www.immobilienbusiness.ch\/wp-content\/uploads\/2017\/07\/Immobilien-Business-News-Corestate-uebernimmt-Helvetic-Financial-Services-c-depositedhar-\u2013-depositphotos.jpg","datePublished":"2017-11-27T07:38:13+00:00","description":"Investis augmente sa participation dans la soci\u00e9t\u00e9 La Fonci\u00e8re de la Dixence SA de 50 \u00e0 75% et devient ainsi son actionnaire majoritaire.","breadcrumb":{"@id":"https:\/\/www.immobilienbusiness.ch\/en\/unternehmen\/2017-11-27\/investis-wird-mehrheitsaktionaer-bei-la-fonciere-de-la-dixence\/#breadcrumb"},"inLanguage":"fr-FR","potentialAction":[{"@type":"ReadAction","target":["https:\/\/www.immobilienbusiness.ch\/en\/unternehmen\/2017-11-27\/investis-wird-mehrheitsaktionaer-bei-la-fonciere-de-la-dixence\/"]}]},{"@type":"ImageObject","inLanguage":"fr-FR","@id":"https:\/\/www.immobilienbusiness.ch\/en\/unternehmen\/2017-11-27\/investis-wird-mehrheitsaktionaer-bei-la-fonciere-de-la-dixence\/#primaryimage","url":"https:\/\/www.immobilienbusiness.ch\/wp-content\/uploads\/2017\/07\/Immobilien-Business-News-Corestate-uebernimmt-Helvetic-Financial-Services-c-depositedhar-\u2013-depositphotos.jpg","contentUrl":"https:\/\/www.immobilienbusiness.ch\/wp-content\/uploads\/2017\/07\/Immobilien-Business-News-Corestate-uebernimmt-Helvetic-Financial-Services-c-depositedhar-\u2013-depositphotos.jpg","width":624,"height":378,"caption":"Corestate erwirbt die HFS Helvetic Financial Services AG in Wollerau (Bild: depositedhar - depositphotos)"},{"@type":"BreadcrumbList","@id":"https:\/\/www.immobilienbusiness.ch\/en\/unternehmen\/2017-11-27\/investis-wird-mehrheitsaktionaer-bei-la-fonciere-de-la-dixence\/#breadcrumb","itemListElement":[{"@type":"ListItem","position":1,"name":"Home","item":"https:\/\/www.immobilienbusiness.ch\/"},{"@type":"ListItem","position":2,"name":"Investis wird Mehrheitsaktion\u00e4r bei La Fonci\u00e8re de la Dixence"}]},{"@type":"WebSite","@id":"https:\/\/www.immobilienbusiness.ch\/#website","url":"https:\/\/www.immobilienbusiness.ch\/","name":"IMMOBILIER Business","description":"Magazine \u00e9conomique suisse ind\u00e9pendant ax\u00e9 sur l'immobilier, l'architecture et la construction ainsi que sur les investissements et le financement.","publisher":{"@id":"https:\/\/www.immobilienbusiness.ch\/#organization"},"potentialAction":[{"@type":"SearchAction","target":{"@type":"EntryPoint","urlTemplate":"https:\/\/www.immobilienbusiness.ch\/?s={search_term_string}"},"query-input":{"@type":"PropertyValueSpecification","valueRequired":true,"valueName":"search_term_string"}}],"inLanguage":"fr-FR"},{"@type":"Organization","@id":"https:\/\/www.immobilienbusiness.ch\/#organization","name":"IMMOBILIER Business","url":"https:\/\/www.immobilienbusiness.ch\/","logo":{"@type":"ImageObject","inLanguage":"fr-FR","@id":"https:\/\/www.immobilienbusiness.ch\/#\/schema\/logo\/image\/","url":"https:\/\/www.immobilienbusiness.ch\/wp-content\/uploads\/2021\/07\/logo_ib.png","contentUrl":"https:\/\/www.immobilienbusiness.ch\/wp-content\/uploads\/2021\/07\/logo_ib.png","width":800,"height":181,"caption":"IMMOBILIEN Business"},"image":{"@id":"https:\/\/www.immobilienbusiness.ch\/#\/schema\/logo\/image\/"},"sameAs":["https:\/\/www.facebook.com\/immobilienbusiness\/"]},{"@type":"Person","@id":"https:\/\/www.immobilienbusiness.ch\/#\/schema\/person\/3fc036297b10b9f42d6db5ee932af8c8","name":"anja.hall","image":{"@type":"ImageObject","inLanguage":"fr-FR","@id":"https:\/\/secure.gravatar.com\/avatar\/066b5a0d447013502c71a5782f4f3469f03cfe595cc2329fb94652fe47511bfb?s=96&d=mm&r=g","url":"https:\/\/secure.gravatar.com\/avatar\/066b5a0d447013502c71a5782f4f3469f03cfe595cc2329fb94652fe47511bfb?s=96&d=mm&r=g","contentUrl":"https:\/\/secure.gravatar.com\/avatar\/066b5a0d447013502c71a5782f4f3469f03cfe595cc2329fb94652fe47511bfb?s=96&d=mm&r=g","caption":"anja.hall"},"url":"https:\/\/www.immobilienbusiness.ch\/fr\/author\/anja-hall\/"}]}},"_links":{"self":[{"href":"https:\/\/www.immobilienbusiness.ch\/fr\/wp-json\/wp\/v2\/posts\/10286","targetHints":{"allow":["GET"]}}],"collection":[{"href":"https:\/\/www.immobilienbusiness.ch\/fr\/wp-json\/wp\/v2\/posts"}],"about":[{"href":"https:\/\/www.immobilienbusiness.ch\/fr\/wp-json\/wp\/v2\/types\/post"}],"author":[{"embeddable":true,"href":"https:\/\/www.immobilienbusiness.ch\/fr\/wp-json\/wp\/v2\/users\/3"}],"replies":[{"embeddable":true,"href":"https:\/\/www.immobilienbusiness.ch\/fr\/wp-json\/wp\/v2\/comments?post=10286"}],"version-history":[{"count":0,"href":"https:\/\/www.immobilienbusiness.ch\/fr\/wp-json\/wp\/v2\/posts\/10286\/revisions"}],"wp:featuredmedia":[{"embeddable":true,"href":"https:\/\/www.immobilienbusiness.ch\/fr\/wp-json\/wp\/v2\/media\/8199"}],"wp:attachment":[{"href":"https:\/\/www.immobilienbusiness.ch\/fr\/wp-json\/wp\/v2\/media?parent=10286"}],"wp:term":[{"taxonomy":"category","embeddable":true,"href":"https:\/\/www.immobilienbusiness.ch\/fr\/wp-json\/wp\/v2\/categories?post=10286"},{"taxonomy":"post_tag","embeddable":true,"href":"https:\/\/www.immobilienbusiness.ch\/fr\/wp-json\/wp\/v2\/tags?post=10286"}],"curies":[{"name":"wp","href":"https:\/\/api.w.org\/{rel}","templated":true}]}}