{"id":10189,"date":"2017-11-21T08:38:49","date_gmt":"2017-11-21T07:38:49","guid":{"rendered":"https:\/\/www.immobilienbusiness.ch\/?p=10189"},"modified":"2017-11-21T08:38:49","modified_gmt":"2017-11-21T07:38:49","slug":"valres-swiss-residential-fund-vsrf-kapitalerhoehung","status":"publish","type":"post","link":"https:\/\/www.immobilienbusiness.ch\/fr\/unternehmen\/2017-11-21\/valres-swiss-residential-fund-vsrf-kapitalerhoehung\/","title":{"rendered":"VSRF : Augmentation de capital nettement sursouscrite"},"content":{"rendered":"<div class=\"page\" title=\"Page 1\">\n<div class=\"layoutArea\">\n<div class=\"column\">\n<figure id=\"attachment_9635\" aria-describedby=\"caption-attachment-9635\" style=\"width: 680px\" class=\"wp-caption alignnone\"><img loading=\"lazy\" decoding=\"async\" class=\"size-medium wp-image-9635\" src=\"https:\/\/www.immobilienbusiness.ch\/wp-content\/uploads\/2017\/10\/IB-News-20171019-Kapitalerh\u00f6hung-Swiss-Commercial-Properties-Fund.jpg\" alt=\"\" width=\"680\" height=\"492\" \/><figcaption id=\"caption-attachment-9635\" class=\"wp-caption-text\">L'augmentation de capital de la VSRF a \u00e9t\u00e9 largement sursouscrite (Image : Rangizzz - depositphotos)<\/figcaption><\/figure>\n<p>Comme on peut le lire, des parts du VSRF ont \u00e9t\u00e9 souscrites \u00e0 hauteur de 323 millions de CHF, soit nettement plus que le montant maximal de l'augmentation de capital de 157 millions.<\/p>\n<p>La lib\u00e9ration des nouvelles parts aura lieu le 22 novembre 2017, portant le nombre de parts en circulation \u00e0 environ 2,68 millions.<\/p>\n<p>Le produit de l'\u00e9mission doit d'une part permettre de d\u00e9velopper et de diversifier le portefeuille immobilier. D'autre part, la direction du fonds veut r\u00e9duire le taux d'endettement en amont de la <a href=\"https:\/\/www.immobilienbusiness.ch\/fr\/valres-fonds-strebt-an-die-boerse\/\">cotation \u00e0 la SIX Swiss Exchange pr\u00e9vue pour la mi-d\u00e9cembre<\/a> baisser.<\/p>\n<\/div>\n<\/div>\n<div class=\"layoutArea\"><\/div>\n<div class=\"layoutArea\"><\/div>\n<\/div>","protected":false},"excerpt":{"rendered":"<p>Le fonds immobilier Valres Swiss Residential Fund (VSRF) a r\u00e9colt\u00e9 157 millions de CHF gr\u00e2ce \u00e0 son augmentation de capital. La demande a nettement d\u00e9pass\u00e9 l'offre, indique la direction du fonds.<\/p>","protected":false},"author":3,"featured_media":9635,"comment_status":"open","ping_status":"open","sticky":false,"template":"","format":"standard","meta":{"_acf_changed":false,"_yoast_wpseo_focuskw":"VSRF","_yoast_wpseo_title":"","_yoast_wpseo_metadesc":"Der Immobilienfonds Valres Swiss Residential Fund (VSRF) hat mit seiner Kapitalerh\u00f6hung 157 Millionen CHF eingenommen.","_yoast_wpseo_linkdex":49,"pgc_sgb_lightbox_settings":"","footnotes":""},"categories":[988],"tags":[1344,1412,1807,1816],"class_list":["post-10189","post","type-post","status-publish","format-standard","has-post-thumbnail","hentry","category-unternehmen","tag-immobilienfonds","tag-kapitalerhoehung","tag-unternehmen","tag-valres"],"acf":[],"yoast_head":"<!-- This site is optimized with the Yoast SEO plugin v27.4 - https:\/\/yoast.com\/product\/yoast-seo-wordpress\/ -->\n<title>VSRF: Kapitalerh\u00f6hung deutlich \u00fcberzeichnet - IMMOBILIEN Business<\/title>\n<meta name=\"description\" content=\"Der Immobilienfonds Valres Swiss Residential Fund (VSRF) hat mit seiner Kapitalerh\u00f6hung 157 Millionen CHF eingenommen.\" \/>\n<meta name=\"robots\" content=\"index, follow, max-snippet:-1, max-image-preview:large, max-video-preview:-1\" \/>\n<link rel=\"canonical\" href=\"https:\/\/www.immobilienbusiness.ch\/fr\/unternehmen\/2017-11-21\/valres-swiss-residential-fund-vsrf-kapitalerhoehung\/\" \/>\n<meta property=\"og:locale\" content=\"fr_FR\" \/>\n<meta property=\"og:type\" content=\"article\" \/>\n<meta property=\"og:title\" content=\"VSRF: Kapitalerh\u00f6hung deutlich \u00fcberzeichnet\" \/>\n<meta property=\"og:description\" content=\"Der Immobilienfonds Valres Swiss Residential Fund (VSRF) hat mit seiner Kapitalerh\u00f6hung 157 Millionen CHF eingenommen.\" \/>\n<meta property=\"og:url\" content=\"https:\/\/www.immobilienbusiness.ch\/fr\/unternehmen\/2017-11-21\/valres-swiss-residential-fund-vsrf-kapitalerhoehung\/\" \/>\n<meta property=\"og:site_name\" content=\"IMMOBILIEN Business\" \/>\n<meta property=\"article:publisher\" content=\"https:\/\/www.facebook.com\/immobilienbusiness\/\" \/>\n<meta property=\"article:published_time\" content=\"2017-11-21T07:38:49+00:00\" \/>\n<meta property=\"og:image\" content=\"https:\/\/www.immobilienbusiness.ch\/wp-content\/uploads\/2017\/10\/IB-News-20171019-Kapitalerhoehung-Swiss-Commercial-Properties-Fund-e1637933228234.jpg\" \/>\n\t<meta property=\"og:image:width\" content=\"680\" \/>\n\t<meta property=\"og:image:height\" content=\"450\" \/>\n\t<meta property=\"og:image:type\" content=\"image\/jpeg\" \/>\n<meta name=\"author\" content=\"anja.hall\" \/>\n<meta name=\"twitter:card\" content=\"summary_large_image\" \/>\n<meta name=\"twitter:title\" content=\"VSRF: Kapitalerh\u00f6hung deutlich \u00fcberzeichnet\" \/>\n<meta name=\"twitter:description\" content=\"Der Immobilienfonds Valres Swiss Residential Fund (VSRF) hat mit seiner Kapitalerh\u00f6hung 157 Millionen CHF eingenommen.\" \/>\n<meta name=\"twitter:image\" content=\"https:\/\/www.immobilienbusiness.ch\/wp-content\/uploads\/2017\/02\/Depositphotos_22148409_l-2015.jpg\" \/>\n<script type=\"application\/ld+json\" class=\"yoast-schema-graph\">{\"@context\":\"https:\\\/\\\/schema.org\",\"@graph\":[{\"@type\":\"Article\",\"@id\":\"https:\\\/\\\/www.immobilienbusiness.ch\\\/unternehmen\\\/2017-11-21\\\/valres-swiss-residential-fund-vsrf-kapitalerhoehung\\\/#article\",\"isPartOf\":{\"@id\":\"https:\\\/\\\/www.immobilienbusiness.ch\\\/unternehmen\\\/2017-11-21\\\/valres-swiss-residential-fund-vsrf-kapitalerhoehung\\\/\"},\"author\":{\"name\":\"anja.hall\",\"@id\":\"https:\\\/\\\/www.immobilienbusiness.ch\\\/#\\\/schema\\\/person\\\/3fc036297b10b9f42d6db5ee932af8c8\"},\"headline\":\"VSRF: Kapitalerh\u00f6hung deutlich \u00fcberzeichnet\",\"datePublished\":\"2017-11-21T07:38:49+00:00\",\"mainEntityOfPage\":{\"@id\":\"https:\\\/\\\/www.immobilienbusiness.ch\\\/unternehmen\\\/2017-11-21\\\/valres-swiss-residential-fund-vsrf-kapitalerhoehung\\\/\"},\"wordCount\":101,\"commentCount\":0,\"publisher\":{\"@id\":\"https:\\\/\\\/www.immobilienbusiness.ch\\\/#organization\"},\"image\":{\"@id\":\"https:\\\/\\\/www.immobilienbusiness.ch\\\/unternehmen\\\/2017-11-21\\\/valres-swiss-residential-fund-vsrf-kapitalerhoehung\\\/#primaryimage\"},\"thumbnailUrl\":\"https:\\\/\\\/www.immobilienbusiness.ch\\\/wp-content\\\/uploads\\\/2017\\\/10\\\/IB-News-20171019-Kapitalerhoehung-Swiss-Commercial-Properties-Fund-e1637933228234.jpg\",\"keywords\":[\"Immobilienfonds\",\"Kapitalerh\u00f6hung\",\"Unternehmen\",\"Valres\"],\"articleSection\":[\"UNTERNEHMEN\"],\"inLanguage\":\"fr-FR\"},{\"@type\":\"WebPage\",\"@id\":\"https:\\\/\\\/www.immobilienbusiness.ch\\\/unternehmen\\\/2017-11-21\\\/valres-swiss-residential-fund-vsrf-kapitalerhoehung\\\/\",\"url\":\"https:\\\/\\\/www.immobilienbusiness.ch\\\/unternehmen\\\/2017-11-21\\\/valres-swiss-residential-fund-vsrf-kapitalerhoehung\\\/\",\"name\":\"VSRF: Kapitalerh\u00f6hung deutlich \u00fcberzeichnet - IMMOBILIEN Business\",\"isPartOf\":{\"@id\":\"https:\\\/\\\/www.immobilienbusiness.ch\\\/#website\"},\"primaryImageOfPage\":{\"@id\":\"https:\\\/\\\/www.immobilienbusiness.ch\\\/unternehmen\\\/2017-11-21\\\/valres-swiss-residential-fund-vsrf-kapitalerhoehung\\\/#primaryimage\"},\"image\":{\"@id\":\"https:\\\/\\\/www.immobilienbusiness.ch\\\/unternehmen\\\/2017-11-21\\\/valres-swiss-residential-fund-vsrf-kapitalerhoehung\\\/#primaryimage\"},\"thumbnailUrl\":\"https:\\\/\\\/www.immobilienbusiness.ch\\\/wp-content\\\/uploads\\\/2017\\\/10\\\/IB-News-20171019-Kapitalerhoehung-Swiss-Commercial-Properties-Fund-e1637933228234.jpg\",\"datePublished\":\"2017-11-21T07:38:49+00:00\",\"description\":\"Der Immobilienfonds Valres Swiss Residential Fund (VSRF) hat mit seiner Kapitalerh\u00f6hung 157 Millionen CHF eingenommen.\",\"breadcrumb\":{\"@id\":\"https:\\\/\\\/www.immobilienbusiness.ch\\\/unternehmen\\\/2017-11-21\\\/valres-swiss-residential-fund-vsrf-kapitalerhoehung\\\/#breadcrumb\"},\"inLanguage\":\"fr-FR\",\"potentialAction\":[{\"@type\":\"ReadAction\",\"target\":[\"https:\\\/\\\/www.immobilienbusiness.ch\\\/unternehmen\\\/2017-11-21\\\/valres-swiss-residential-fund-vsrf-kapitalerhoehung\\\/\"]}]},{\"@type\":\"ImageObject\",\"inLanguage\":\"fr-FR\",\"@id\":\"https:\\\/\\\/www.immobilienbusiness.ch\\\/unternehmen\\\/2017-11-21\\\/valres-swiss-residential-fund-vsrf-kapitalerhoehung\\\/#primaryimage\",\"url\":\"https:\\\/\\\/www.immobilienbusiness.ch\\\/wp-content\\\/uploads\\\/2017\\\/10\\\/IB-News-20171019-Kapitalerhoehung-Swiss-Commercial-Properties-Fund-e1637933228234.jpg\",\"contentUrl\":\"https:\\\/\\\/www.immobilienbusiness.ch\\\/wp-content\\\/uploads\\\/2017\\\/10\\\/IB-News-20171019-Kapitalerhoehung-Swiss-Commercial-Properties-Fund-e1637933228234.jpg\",\"width\":680,\"height\":450,\"caption\":\"Frisches Kapital (Bild: Rangizzz \u2013 depositphotos)\"},{\"@type\":\"BreadcrumbList\",\"@id\":\"https:\\\/\\\/www.immobilienbusiness.ch\\\/unternehmen\\\/2017-11-21\\\/valres-swiss-residential-fund-vsrf-kapitalerhoehung\\\/#breadcrumb\",\"itemListElement\":[{\"@type\":\"ListItem\",\"position\":1,\"name\":\"Home\",\"item\":\"https:\\\/\\\/www.immobilienbusiness.ch\\\/\"},{\"@type\":\"ListItem\",\"position\":2,\"name\":\"VSRF: Kapitalerh\u00f6hung deutlich \u00fcberzeichnet\"}]},{\"@type\":\"WebSite\",\"@id\":\"https:\\\/\\\/www.immobilienbusiness.ch\\\/#website\",\"url\":\"https:\\\/\\\/www.immobilienbusiness.ch\\\/\",\"name\":\"IMMOBILIEN Business\",\"description\":\"Unabh\u00e4ngiges Schweizer Wirtschaftsmagazin mit Fokus auf Immobilien, Architektur- und Bau sowie Investment- und Finanzierung.\",\"publisher\":{\"@id\":\"https:\\\/\\\/www.immobilienbusiness.ch\\\/#organization\"},\"potentialAction\":[{\"@type\":\"SearchAction\",\"target\":{\"@type\":\"EntryPoint\",\"urlTemplate\":\"https:\\\/\\\/www.immobilienbusiness.ch\\\/?s={search_term_string}\"},\"query-input\":{\"@type\":\"PropertyValueSpecification\",\"valueRequired\":true,\"valueName\":\"search_term_string\"}}],\"inLanguage\":\"fr-FR\"},{\"@type\":\"Organization\",\"@id\":\"https:\\\/\\\/www.immobilienbusiness.ch\\\/#organization\",\"name\":\"IMMOBILIEN Business\",\"url\":\"https:\\\/\\\/www.immobilienbusiness.ch\\\/\",\"logo\":{\"@type\":\"ImageObject\",\"inLanguage\":\"fr-FR\",\"@id\":\"https:\\\/\\\/www.immobilienbusiness.ch\\\/#\\\/schema\\\/logo\\\/image\\\/\",\"url\":\"https:\\\/\\\/www.immobilienbusiness.ch\\\/wp-content\\\/uploads\\\/2021\\\/07\\\/logo_ib.png\",\"contentUrl\":\"https:\\\/\\\/www.immobilienbusiness.ch\\\/wp-content\\\/uploads\\\/2021\\\/07\\\/logo_ib.png\",\"width\":800,\"height\":181,\"caption\":\"IMMOBILIEN Business\"},\"image\":{\"@id\":\"https:\\\/\\\/www.immobilienbusiness.ch\\\/#\\\/schema\\\/logo\\\/image\\\/\"},\"sameAs\":[\"https:\\\/\\\/www.facebook.com\\\/immobilienbusiness\\\/\"]},{\"@type\":\"Person\",\"@id\":\"https:\\\/\\\/www.immobilienbusiness.ch\\\/#\\\/schema\\\/person\\\/3fc036297b10b9f42d6db5ee932af8c8\",\"name\":\"anja.hall\",\"image\":{\"@type\":\"ImageObject\",\"inLanguage\":\"fr-FR\",\"@id\":\"https:\\\/\\\/secure.gravatar.com\\\/avatar\\\/066b5a0d447013502c71a5782f4f3469f03cfe595cc2329fb94652fe47511bfb?s=96&d=mm&r=g\",\"url\":\"https:\\\/\\\/secure.gravatar.com\\\/avatar\\\/066b5a0d447013502c71a5782f4f3469f03cfe595cc2329fb94652fe47511bfb?s=96&d=mm&r=g\",\"contentUrl\":\"https:\\\/\\\/secure.gravatar.com\\\/avatar\\\/066b5a0d447013502c71a5782f4f3469f03cfe595cc2329fb94652fe47511bfb?s=96&d=mm&r=g\",\"caption\":\"anja.hall\"},\"url\":\"https:\\\/\\\/www.immobilienbusiness.ch\\\/fr\\\/author\\\/anja-hall\\\/\"}]}<\/script>\n<!-- \/ Yoast SEO plugin. -->","yoast_head_json":{"title":"VSRF: Kapitalerh\u00f6hung deutlich \u00fcberzeichnet - IMMOBILIEN Business","description":"Der Immobilienfonds Valres Swiss Residential Fund (VSRF) hat mit seiner Kapitalerh\u00f6hung 157 Millionen CHF eingenommen.","robots":{"index":"index","follow":"follow","max-snippet":"max-snippet:-1","max-image-preview":"max-image-preview:large","max-video-preview":"max-video-preview:-1"},"canonical":"https:\/\/www.immobilienbusiness.ch\/fr\/unternehmen\/2017-11-21\/valres-swiss-residential-fund-vsrf-kapitalerhoehung\/","og_locale":"fr_FR","og_type":"article","og_title":"VSRF: Kapitalerh\u00f6hung deutlich \u00fcberzeichnet","og_description":"Der Immobilienfonds Valres Swiss Residential Fund (VSRF) hat mit seiner Kapitalerh\u00f6hung 157 Millionen CHF eingenommen.","og_url":"https:\/\/www.immobilienbusiness.ch\/fr\/unternehmen\/2017-11-21\/valres-swiss-residential-fund-vsrf-kapitalerhoehung\/","og_site_name":"IMMOBILIEN Business","article_publisher":"https:\/\/www.facebook.com\/immobilienbusiness\/","article_published_time":"2017-11-21T07:38:49+00:00","og_image":[{"width":680,"height":450,"url":"https:\/\/www.immobilienbusiness.ch\/wp-content\/uploads\/2017\/10\/IB-News-20171019-Kapitalerhoehung-Swiss-Commercial-Properties-Fund-e1637933228234.jpg","type":"image\/jpeg"}],"author":"anja.hall","twitter_card":"summary_large_image","twitter_title":"VSRF: Kapitalerh\u00f6hung deutlich \u00fcberzeichnet","twitter_description":"Der Immobilienfonds Valres Swiss Residential Fund (VSRF) hat mit seiner Kapitalerh\u00f6hung 157 Millionen CHF eingenommen.","twitter_image":"https:\/\/www.immobilienbusiness.ch\/wp-content\/uploads\/2017\/02\/Depositphotos_22148409_l-2015.jpg","schema":{"@context":"https:\/\/schema.org","@graph":[{"@type":"Article","@id":"https:\/\/www.immobilienbusiness.ch\/unternehmen\/2017-11-21\/valres-swiss-residential-fund-vsrf-kapitalerhoehung\/#article","isPartOf":{"@id":"https:\/\/www.immobilienbusiness.ch\/unternehmen\/2017-11-21\/valres-swiss-residential-fund-vsrf-kapitalerhoehung\/"},"author":{"name":"anja.hall","@id":"https:\/\/www.immobilienbusiness.ch\/#\/schema\/person\/3fc036297b10b9f42d6db5ee932af8c8"},"headline":"VSRF: Kapitalerh\u00f6hung deutlich \u00fcberzeichnet","datePublished":"2017-11-21T07:38:49+00:00","mainEntityOfPage":{"@id":"https:\/\/www.immobilienbusiness.ch\/unternehmen\/2017-11-21\/valres-swiss-residential-fund-vsrf-kapitalerhoehung\/"},"wordCount":101,"commentCount":0,"publisher":{"@id":"https:\/\/www.immobilienbusiness.ch\/#organization"},"image":{"@id":"https:\/\/www.immobilienbusiness.ch\/unternehmen\/2017-11-21\/valres-swiss-residential-fund-vsrf-kapitalerhoehung\/#primaryimage"},"thumbnailUrl":"https:\/\/www.immobilienbusiness.ch\/wp-content\/uploads\/2017\/10\/IB-News-20171019-Kapitalerhoehung-Swiss-Commercial-Properties-Fund-e1637933228234.jpg","keywords":["Immobilienfonds","Kapitalerh\u00f6hung","Unternehmen","Valres"],"articleSection":["UNTERNEHMEN"],"inLanguage":"fr-FR"},{"@type":"WebPage","@id":"https:\/\/www.immobilienbusiness.ch\/unternehmen\/2017-11-21\/valres-swiss-residential-fund-vsrf-kapitalerhoehung\/","url":"https:\/\/www.immobilienbusiness.ch\/unternehmen\/2017-11-21\/valres-swiss-residential-fund-vsrf-kapitalerhoehung\/","name":"VSRF: Kapitalerh\u00f6hung deutlich \u00fcberzeichnet - IMMOBILIEN Business","isPartOf":{"@id":"https:\/\/www.immobilienbusiness.ch\/#website"},"primaryImageOfPage":{"@id":"https:\/\/www.immobilienbusiness.ch\/unternehmen\/2017-11-21\/valres-swiss-residential-fund-vsrf-kapitalerhoehung\/#primaryimage"},"image":{"@id":"https:\/\/www.immobilienbusiness.ch\/unternehmen\/2017-11-21\/valres-swiss-residential-fund-vsrf-kapitalerhoehung\/#primaryimage"},"thumbnailUrl":"https:\/\/www.immobilienbusiness.ch\/wp-content\/uploads\/2017\/10\/IB-News-20171019-Kapitalerhoehung-Swiss-Commercial-Properties-Fund-e1637933228234.jpg","datePublished":"2017-11-21T07:38:49+00:00","description":"Der Immobilienfonds Valres Swiss Residential Fund (VSRF) hat mit seiner Kapitalerh\u00f6hung 157 Millionen CHF eingenommen.","breadcrumb":{"@id":"https:\/\/www.immobilienbusiness.ch\/unternehmen\/2017-11-21\/valres-swiss-residential-fund-vsrf-kapitalerhoehung\/#breadcrumb"},"inLanguage":"fr-FR","potentialAction":[{"@type":"ReadAction","target":["https:\/\/www.immobilienbusiness.ch\/unternehmen\/2017-11-21\/valres-swiss-residential-fund-vsrf-kapitalerhoehung\/"]}]},{"@type":"ImageObject","inLanguage":"fr-FR","@id":"https:\/\/www.immobilienbusiness.ch\/unternehmen\/2017-11-21\/valres-swiss-residential-fund-vsrf-kapitalerhoehung\/#primaryimage","url":"https:\/\/www.immobilienbusiness.ch\/wp-content\/uploads\/2017\/10\/IB-News-20171019-Kapitalerhoehung-Swiss-Commercial-Properties-Fund-e1637933228234.jpg","contentUrl":"https:\/\/www.immobilienbusiness.ch\/wp-content\/uploads\/2017\/10\/IB-News-20171019-Kapitalerhoehung-Swiss-Commercial-Properties-Fund-e1637933228234.jpg","width":680,"height":450,"caption":"Frisches Kapital (Bild: Rangizzz \u2013 depositphotos)"},{"@type":"BreadcrumbList","@id":"https:\/\/www.immobilienbusiness.ch\/unternehmen\/2017-11-21\/valres-swiss-residential-fund-vsrf-kapitalerhoehung\/#breadcrumb","itemListElement":[{"@type":"ListItem","position":1,"name":"Home","item":"https:\/\/www.immobilienbusiness.ch\/"},{"@type":"ListItem","position":2,"name":"VSRF: Kapitalerh\u00f6hung deutlich \u00fcberzeichnet"}]},{"@type":"WebSite","@id":"https:\/\/www.immobilienbusiness.ch\/#website","url":"https:\/\/www.immobilienbusiness.ch\/","name":"IMMOBILIER Business","description":"Magazine \u00e9conomique suisse ind\u00e9pendant ax\u00e9 sur l'immobilier, l'architecture et la construction ainsi que sur les investissements et le financement.","publisher":{"@id":"https:\/\/www.immobilienbusiness.ch\/#organization"},"potentialAction":[{"@type":"SearchAction","target":{"@type":"EntryPoint","urlTemplate":"https:\/\/www.immobilienbusiness.ch\/?s={search_term_string}"},"query-input":{"@type":"PropertyValueSpecification","valueRequired":true,"valueName":"search_term_string"}}],"inLanguage":"fr-FR"},{"@type":"Organization","@id":"https:\/\/www.immobilienbusiness.ch\/#organization","name":"IMMOBILIER Business","url":"https:\/\/www.immobilienbusiness.ch\/","logo":{"@type":"ImageObject","inLanguage":"fr-FR","@id":"https:\/\/www.immobilienbusiness.ch\/#\/schema\/logo\/image\/","url":"https:\/\/www.immobilienbusiness.ch\/wp-content\/uploads\/2021\/07\/logo_ib.png","contentUrl":"https:\/\/www.immobilienbusiness.ch\/wp-content\/uploads\/2021\/07\/logo_ib.png","width":800,"height":181,"caption":"IMMOBILIEN Business"},"image":{"@id":"https:\/\/www.immobilienbusiness.ch\/#\/schema\/logo\/image\/"},"sameAs":["https:\/\/www.facebook.com\/immobilienbusiness\/"]},{"@type":"Person","@id":"https:\/\/www.immobilienbusiness.ch\/#\/schema\/person\/3fc036297b10b9f42d6db5ee932af8c8","name":"anja.hall","image":{"@type":"ImageObject","inLanguage":"fr-FR","@id":"https:\/\/secure.gravatar.com\/avatar\/066b5a0d447013502c71a5782f4f3469f03cfe595cc2329fb94652fe47511bfb?s=96&d=mm&r=g","url":"https:\/\/secure.gravatar.com\/avatar\/066b5a0d447013502c71a5782f4f3469f03cfe595cc2329fb94652fe47511bfb?s=96&d=mm&r=g","contentUrl":"https:\/\/secure.gravatar.com\/avatar\/066b5a0d447013502c71a5782f4f3469f03cfe595cc2329fb94652fe47511bfb?s=96&d=mm&r=g","caption":"anja.hall"},"url":"https:\/\/www.immobilienbusiness.ch\/fr\/author\/anja-hall\/"}]}},"_links":{"self":[{"href":"https:\/\/www.immobilienbusiness.ch\/fr\/wp-json\/wp\/v2\/posts\/10189","targetHints":{"allow":["GET"]}}],"collection":[{"href":"https:\/\/www.immobilienbusiness.ch\/fr\/wp-json\/wp\/v2\/posts"}],"about":[{"href":"https:\/\/www.immobilienbusiness.ch\/fr\/wp-json\/wp\/v2\/types\/post"}],"author":[{"embeddable":true,"href":"https:\/\/www.immobilienbusiness.ch\/fr\/wp-json\/wp\/v2\/users\/3"}],"replies":[{"embeddable":true,"href":"https:\/\/www.immobilienbusiness.ch\/fr\/wp-json\/wp\/v2\/comments?post=10189"}],"version-history":[{"count":0,"href":"https:\/\/www.immobilienbusiness.ch\/fr\/wp-json\/wp\/v2\/posts\/10189\/revisions"}],"wp:featuredmedia":[{"embeddable":true,"href":"https:\/\/www.immobilienbusiness.ch\/fr\/wp-json\/wp\/v2\/media\/9635"}],"wp:attachment":[{"href":"https:\/\/www.immobilienbusiness.ch\/fr\/wp-json\/wp\/v2\/media?parent=10189"}],"wp:term":[{"taxonomy":"category","embeddable":true,"href":"https:\/\/www.immobilienbusiness.ch\/fr\/wp-json\/wp\/v2\/categories?post=10189"},{"taxonomy":"post_tag","embeddable":true,"href":"https:\/\/www.immobilienbusiness.ch\/fr\/wp-json\/wp\/v2\/tags?post=10189"}],"curies":[{"name":"wp","href":"https:\/\/api.w.org\/{rel}","templated":true}]}}