{"id":1010,"date":"2020-12-07T10:22:23","date_gmt":"2020-12-07T09:22:23","guid":{"rendered":"https:\/\/develop.immobilienbusiness.ch\/de\/allgemein\/2020-12-07\/retailimmobilien-stationarer-detailhandel-bleibt-weiterhin-unter-druck\/"},"modified":"2023-07-06T18:36:49","modified_gmt":"2023-07-06T16:36:49","slug":"retailimmobilien-stationarer-detailhandel-bleibt-weiterhin-unter-druck","status":"publish","type":"post","link":"https:\/\/www.immobilienbusiness.ch\/fr\/ib\/2020-12-07\/retailimmobilien-stationarer-detailhandel-bleibt-weiterhin-unter-druck\/","title":{"rendered":"Immobilier de d\u00e9tail : le commerce de d\u00e9tail stationnaire reste sous pression"},"content":{"rendered":"<div class=\"swpm-post-not-logged-in-msg\">Vous devez \u00eatre connect\u00e9 pour voir ce contenu. Veuillez consulter <a class=\"swpm-login-link\" href=\"https:\/\/www.immobilienbusiness.ch\/fr\/login\/?swpm_redirect_to=https%3A%2F%2Fwww.immobilienbusiness.ch%2Ffr%2Fwp-json%2Fwp%2Fv2%2Fposts%2F1010\">Connexion<\/a>. Vous n'\u00eates pas membre ? <a href=\"https:\/\/www.immobilienbusiness.ch\/fr\/registrieren\/\">Nous Rejoindre<\/a><\/div>","protected":false},"excerpt":{"rendered":"<p><span><span>Selon la m\u00e9ta-analyse immobili\u00e8re recens\u00e9e par FPRE Fahrl\u00e4nder Partner et comment\u00e9e par PwC Suisse, les chiffres d'affaires du commerce de d\u00e9tail suisse ont augment\u00e9 au troisi\u00e8me trimestre 2020, mais principalement dans le commerce en ligne. <\/span><\/span><\/p>","protected":false},"author":8,"featured_media":0,"comment_status":"closed","ping_status":"closed","sticky":false,"template":"","format":"standard","meta":{"_acf_changed":false,"_yoast_wpseo_focuskw":"Retailimmobilien","_yoast_wpseo_title":"","_yoast_wpseo_metadesc":"Gem\u00e4ss der von FPRE Fahrl\u00e4nder Partner erhobenen und von PwC Schweiz kommentierten Metaanalyse Immobilien sind die Ums\u00e4tze des Schweizer Detailhandels im dritten Quartal 2020 gestiegen \u2013 allerdings haupts\u00e4chlich im Onlinehandel.","_yoast_wpseo_linkdex":49,"pgc_sgb_lightbox_settings":"","footnotes":""},"categories":[1951],"tags":[2005],"class_list":["post-1010","post","type-post","status-publish","format-standard","hentry","category-ib","tag-studie-detailhandel"],"acf":[],"yoast_head":"<!-- This site is optimized with the Yoast SEO plugin v27.5 - https:\/\/yoast.com\/product\/yoast-seo-wordpress\/ -->\n<title>Retailimmobilien: Station\u00e4rer Detailhandel bleibt weiterhin unter Druck - IMMOBILIEN Business<\/title>\n<meta name=\"description\" content=\"Gem\u00e4ss der von FPRE Fahrl\u00e4nder Partner erhobenen und von PwC Schweiz kommentierten Metaanalyse Immobilien sind die Ums\u00e4tze des Schweizer Detailhandels im dritten Quartal 2020 gestiegen \u2013 allerdings haupts\u00e4chlich im Onlinehandel.\" \/>\n<meta name=\"robots\" content=\"index, follow, max-snippet:-1, max-image-preview:large, max-video-preview:-1\" \/>\n<link rel=\"canonical\" href=\"https:\/\/www.immobilienbusiness.ch\/fr\/ib\/2020-12-07\/retailimmobilien-stationarer-detailhandel-bleibt-weiterhin-unter-druck\/\" \/>\n<meta property=\"og:locale\" content=\"fr_FR\" \/>\n<meta property=\"og:type\" content=\"article\" \/>\n<meta property=\"og:title\" content=\"Retailimmobilien: Station\u00e4rer Detailhandel bleibt weiterhin unter Druck - IMMOBILIEN Business\" \/>\n<meta property=\"og:description\" content=\"Gem\u00e4ss der von FPRE Fahrl\u00e4nder Partner erhobenen und von PwC Schweiz kommentierten Metaanalyse Immobilien sind die Ums\u00e4tze des Schweizer Detailhandels im dritten Quartal 2020 gestiegen \u2013 allerdings haupts\u00e4chlich im Onlinehandel.\" \/>\n<meta property=\"og:url\" content=\"https:\/\/www.immobilienbusiness.ch\/fr\/ib\/2020-12-07\/retailimmobilien-stationarer-detailhandel-bleibt-weiterhin-unter-druck\/\" \/>\n<meta property=\"og:site_name\" content=\"IMMOBILIEN Business\" \/>\n<meta property=\"article:publisher\" content=\"https:\/\/www.facebook.com\/immobilienbusiness\/\" \/>\n<meta property=\"article:published_time\" content=\"2020-12-07T09:22:23+00:00\" \/>\n<meta property=\"article:modified_time\" content=\"2023-07-06T16:36:49+00:00\" \/>\n<meta name=\"author\" content=\"birgitt.wuest\" \/>\n<meta name=\"twitter:card\" content=\"summary_large_image\" \/>\n<script type=\"application\/ld+json\" class=\"yoast-schema-graph\">{\"@context\":\"https:\\\/\\\/schema.org\",\"@graph\":[{\"@type\":\"Article\",\"@id\":\"https:\\\/\\\/www.immobilienbusiness.ch\\\/ib\\\/2020-12-07\\\/retailimmobilien-stationarer-detailhandel-bleibt-weiterhin-unter-druck\\\/#article\",\"isPartOf\":{\"@id\":\"https:\\\/\\\/www.immobilienbusiness.ch\\\/ib\\\/2020-12-07\\\/retailimmobilien-stationarer-detailhandel-bleibt-weiterhin-unter-druck\\\/\"},\"author\":{\"name\":\"birgitt.wuest\",\"@id\":\"https:\\\/\\\/www.immobilienbusiness.ch\\\/#\\\/schema\\\/person\\\/9071de3b430793052e78768378adb039\"},\"headline\":\"Retailimmobilien: Station\u00e4rer Detailhandel bleibt weiterhin unter Druck\",\"datePublished\":\"2020-12-07T09:22:23+00:00\",\"dateModified\":\"2023-07-06T16:36:49+00:00\",\"mainEntityOfPage\":{\"@id\":\"https:\\\/\\\/www.immobilienbusiness.ch\\\/ib\\\/2020-12-07\\\/retailimmobilien-stationarer-detailhandel-bleibt-weiterhin-unter-druck\\\/\"},\"wordCount\":319,\"publisher\":{\"@id\":\"https:\\\/\\\/www.immobilienbusiness.ch\\\/#organization\"},\"keywords\":[\"Studie Detailhandel\"],\"articleSection\":[\"IB+\"],\"inLanguage\":\"fr-FR\"},{\"@type\":\"WebPage\",\"@id\":\"https:\\\/\\\/www.immobilienbusiness.ch\\\/ib\\\/2020-12-07\\\/retailimmobilien-stationarer-detailhandel-bleibt-weiterhin-unter-druck\\\/\",\"url\":\"https:\\\/\\\/www.immobilienbusiness.ch\\\/ib\\\/2020-12-07\\\/retailimmobilien-stationarer-detailhandel-bleibt-weiterhin-unter-druck\\\/\",\"name\":\"Retailimmobilien: Station\u00e4rer Detailhandel bleibt weiterhin unter Druck - IMMOBILIEN Business\",\"isPartOf\":{\"@id\":\"https:\\\/\\\/www.immobilienbusiness.ch\\\/#website\"},\"datePublished\":\"2020-12-07T09:22:23+00:00\",\"dateModified\":\"2023-07-06T16:36:49+00:00\",\"description\":\"Gem\u00e4ss der von FPRE Fahrl\u00e4nder Partner erhobenen und von PwC Schweiz kommentierten Metaanalyse Immobilien sind die Ums\u00e4tze des Schweizer Detailhandels im dritten Quartal 2020 gestiegen \u2013 allerdings haupts\u00e4chlich im Onlinehandel.\",\"breadcrumb\":{\"@id\":\"https:\\\/\\\/www.immobilienbusiness.ch\\\/ib\\\/2020-12-07\\\/retailimmobilien-stationarer-detailhandel-bleibt-weiterhin-unter-druck\\\/#breadcrumb\"},\"inLanguage\":\"fr-FR\",\"potentialAction\":[{\"@type\":\"ReadAction\",\"target\":[\"https:\\\/\\\/www.immobilienbusiness.ch\\\/ib\\\/2020-12-07\\\/retailimmobilien-stationarer-detailhandel-bleibt-weiterhin-unter-druck\\\/\"]}]},{\"@type\":\"BreadcrumbList\",\"@id\":\"https:\\\/\\\/www.immobilienbusiness.ch\\\/ib\\\/2020-12-07\\\/retailimmobilien-stationarer-detailhandel-bleibt-weiterhin-unter-druck\\\/#breadcrumb\",\"itemListElement\":[{\"@type\":\"ListItem\",\"position\":1,\"name\":\"Home\",\"item\":\"https:\\\/\\\/www.immobilienbusiness.ch\\\/\"},{\"@type\":\"ListItem\",\"position\":2,\"name\":\"Retailimmobilien: Station\u00e4rer Detailhandel bleibt weiterhin unter Druck\"}]},{\"@type\":\"WebSite\",\"@id\":\"https:\\\/\\\/www.immobilienbusiness.ch\\\/#website\",\"url\":\"https:\\\/\\\/www.immobilienbusiness.ch\\\/\",\"name\":\"IMMOBILIEN Business\",\"description\":\"Unabh\u00e4ngiges Schweizer Wirtschaftsmagazin mit Fokus auf Immobilien, Architektur- und Bau sowie Investment- und Finanzierung.\",\"publisher\":{\"@id\":\"https:\\\/\\\/www.immobilienbusiness.ch\\\/#organization\"},\"potentialAction\":[{\"@type\":\"SearchAction\",\"target\":{\"@type\":\"EntryPoint\",\"urlTemplate\":\"https:\\\/\\\/www.immobilienbusiness.ch\\\/?s={search_term_string}\"},\"query-input\":{\"@type\":\"PropertyValueSpecification\",\"valueRequired\":true,\"valueName\":\"search_term_string\"}}],\"inLanguage\":\"fr-FR\"},{\"@type\":\"Organization\",\"@id\":\"https:\\\/\\\/www.immobilienbusiness.ch\\\/#organization\",\"name\":\"IMMOBILIEN Business\",\"url\":\"https:\\\/\\\/www.immobilienbusiness.ch\\\/\",\"logo\":{\"@type\":\"ImageObject\",\"inLanguage\":\"fr-FR\",\"@id\":\"https:\\\/\\\/www.immobilienbusiness.ch\\\/#\\\/schema\\\/logo\\\/image\\\/\",\"url\":\"https:\\\/\\\/www.immobilienbusiness.ch\\\/wp-content\\\/uploads\\\/2021\\\/07\\\/logo_ib.png\",\"contentUrl\":\"https:\\\/\\\/www.immobilienbusiness.ch\\\/wp-content\\\/uploads\\\/2021\\\/07\\\/logo_ib.png\",\"width\":800,\"height\":181,\"caption\":\"IMMOBILIEN Business\"},\"image\":{\"@id\":\"https:\\\/\\\/www.immobilienbusiness.ch\\\/#\\\/schema\\\/logo\\\/image\\\/\"},\"sameAs\":[\"https:\\\/\\\/www.facebook.com\\\/immobilienbusiness\\\/\"]},{\"@type\":\"Person\",\"@id\":\"https:\\\/\\\/www.immobilienbusiness.ch\\\/#\\\/schema\\\/person\\\/9071de3b430793052e78768378adb039\",\"name\":\"birgitt.wuest\",\"image\":{\"@type\":\"ImageObject\",\"inLanguage\":\"fr-FR\",\"@id\":\"https:\\\/\\\/secure.gravatar.com\\\/avatar\\\/938f7e46a2aa35420af239a36e5ed08a1034598c7d4a6d4dccff5f20b49eefca?s=96&d=mm&r=g\",\"url\":\"https:\\\/\\\/secure.gravatar.com\\\/avatar\\\/938f7e46a2aa35420af239a36e5ed08a1034598c7d4a6d4dccff5f20b49eefca?s=96&d=mm&r=g\",\"contentUrl\":\"https:\\\/\\\/secure.gravatar.com\\\/avatar\\\/938f7e46a2aa35420af239a36e5ed08a1034598c7d4a6d4dccff5f20b49eefca?s=96&d=mm&r=g\",\"caption\":\"birgitt.wuest\"},\"url\":\"https:\\\/\\\/www.immobilienbusiness.ch\\\/fr\\\/author\\\/birgitt-wuest\\\/\"}]}<\/script>\n<!-- \/ Yoast SEO plugin. -->","yoast_head_json":{"title":"Retailimmobilien: Station\u00e4rer Detailhandel bleibt weiterhin unter Druck - IMMOBILIEN Business","description":"Selon la m\u00e9ta-analyse immobili\u00e8re recens\u00e9e par FPRE Fahrl\u00e4nder Partner et comment\u00e9e par PwC Suisse, les chiffres d'affaires du commerce de d\u00e9tail suisse ont augment\u00e9 au troisi\u00e8me trimestre 2020, mais principalement dans le commerce en ligne.","robots":{"index":"index","follow":"follow","max-snippet":"max-snippet:-1","max-image-preview":"max-image-preview:large","max-video-preview":"max-video-preview:-1"},"canonical":"https:\/\/www.immobilienbusiness.ch\/fr\/ib\/2020-12-07\/retailimmobilien-stationarer-detailhandel-bleibt-weiterhin-unter-druck\/","og_locale":"fr_FR","og_type":"article","og_title":"Retailimmobilien: Station\u00e4rer Detailhandel bleibt weiterhin unter Druck - IMMOBILIEN Business","og_description":"Gem\u00e4ss der von FPRE Fahrl\u00e4nder Partner erhobenen und von PwC Schweiz kommentierten Metaanalyse Immobilien sind die Ums\u00e4tze des Schweizer Detailhandels im dritten Quartal 2020 gestiegen \u2013 allerdings haupts\u00e4chlich im Onlinehandel.","og_url":"https:\/\/www.immobilienbusiness.ch\/fr\/ib\/2020-12-07\/retailimmobilien-stationarer-detailhandel-bleibt-weiterhin-unter-druck\/","og_site_name":"IMMOBILIEN Business","article_publisher":"https:\/\/www.facebook.com\/immobilienbusiness\/","article_published_time":"2020-12-07T09:22:23+00:00","article_modified_time":"2023-07-06T16:36:49+00:00","author":"birgitt.wuest","twitter_card":"summary_large_image","schema":{"@context":"https:\/\/schema.org","@graph":[{"@type":"Article","@id":"https:\/\/www.immobilienbusiness.ch\/ib\/2020-12-07\/retailimmobilien-stationarer-detailhandel-bleibt-weiterhin-unter-druck\/#article","isPartOf":{"@id":"https:\/\/www.immobilienbusiness.ch\/ib\/2020-12-07\/retailimmobilien-stationarer-detailhandel-bleibt-weiterhin-unter-druck\/"},"author":{"name":"birgitt.wuest","@id":"https:\/\/www.immobilienbusiness.ch\/#\/schema\/person\/9071de3b430793052e78768378adb039"},"headline":"Retailimmobilien: Station\u00e4rer Detailhandel bleibt weiterhin unter Druck","datePublished":"2020-12-07T09:22:23+00:00","dateModified":"2023-07-06T16:36:49+00:00","mainEntityOfPage":{"@id":"https:\/\/www.immobilienbusiness.ch\/ib\/2020-12-07\/retailimmobilien-stationarer-detailhandel-bleibt-weiterhin-unter-druck\/"},"wordCount":319,"publisher":{"@id":"https:\/\/www.immobilienbusiness.ch\/#organization"},"keywords":["Studie Detailhandel"],"articleSection":["IB+"],"inLanguage":"fr-FR"},{"@type":"WebPage","@id":"https:\/\/www.immobilienbusiness.ch\/ib\/2020-12-07\/retailimmobilien-stationarer-detailhandel-bleibt-weiterhin-unter-druck\/","url":"https:\/\/www.immobilienbusiness.ch\/ib\/2020-12-07\/retailimmobilien-stationarer-detailhandel-bleibt-weiterhin-unter-druck\/","name":"Retailimmobilien: Station\u00e4rer Detailhandel bleibt weiterhin unter Druck - IMMOBILIEN Business","isPartOf":{"@id":"https:\/\/www.immobilienbusiness.ch\/#website"},"datePublished":"2020-12-07T09:22:23+00:00","dateModified":"2023-07-06T16:36:49+00:00","description":"Selon la m\u00e9ta-analyse immobili\u00e8re recens\u00e9e par FPRE Fahrl\u00e4nder Partner et comment\u00e9e par PwC Suisse, les chiffres d'affaires du commerce de d\u00e9tail suisse ont augment\u00e9 au troisi\u00e8me trimestre 2020, mais principalement dans le commerce en ligne.","breadcrumb":{"@id":"https:\/\/www.immobilienbusiness.ch\/ib\/2020-12-07\/retailimmobilien-stationarer-detailhandel-bleibt-weiterhin-unter-druck\/#breadcrumb"},"inLanguage":"fr-FR","potentialAction":[{"@type":"ReadAction","target":["https:\/\/www.immobilienbusiness.ch\/ib\/2020-12-07\/retailimmobilien-stationarer-detailhandel-bleibt-weiterhin-unter-druck\/"]}]},{"@type":"BreadcrumbList","@id":"https:\/\/www.immobilienbusiness.ch\/ib\/2020-12-07\/retailimmobilien-stationarer-detailhandel-bleibt-weiterhin-unter-druck\/#breadcrumb","itemListElement":[{"@type":"ListItem","position":1,"name":"Home","item":"https:\/\/www.immobilienbusiness.ch\/"},{"@type":"ListItem","position":2,"name":"Retailimmobilien: Station\u00e4rer Detailhandel bleibt weiterhin unter Druck"}]},{"@type":"WebSite","@id":"https:\/\/www.immobilienbusiness.ch\/#website","url":"https:\/\/www.immobilienbusiness.ch\/","name":"IMMOBILIER Business","description":"Magazine \u00e9conomique suisse ind\u00e9pendant ax\u00e9 sur l'immobilier, l'architecture et la construction ainsi que sur les investissements et le financement.","publisher":{"@id":"https:\/\/www.immobilienbusiness.ch\/#organization"},"potentialAction":[{"@type":"SearchAction","target":{"@type":"EntryPoint","urlTemplate":"https:\/\/www.immobilienbusiness.ch\/?s={search_term_string}"},"query-input":{"@type":"PropertyValueSpecification","valueRequired":true,"valueName":"search_term_string"}}],"inLanguage":"fr-FR"},{"@type":"Organization","@id":"https:\/\/www.immobilienbusiness.ch\/#organization","name":"IMMOBILIER Business","url":"https:\/\/www.immobilienbusiness.ch\/","logo":{"@type":"ImageObject","inLanguage":"fr-FR","@id":"https:\/\/www.immobilienbusiness.ch\/#\/schema\/logo\/image\/","url":"https:\/\/www.immobilienbusiness.ch\/wp-content\/uploads\/2021\/07\/logo_ib.png","contentUrl":"https:\/\/www.immobilienbusiness.ch\/wp-content\/uploads\/2021\/07\/logo_ib.png","width":800,"height":181,"caption":"IMMOBILIEN Business"},"image":{"@id":"https:\/\/www.immobilienbusiness.ch\/#\/schema\/logo\/image\/"},"sameAs":["https:\/\/www.facebook.com\/immobilienbusiness\/"]},{"@type":"Person","@id":"https:\/\/www.immobilienbusiness.ch\/#\/schema\/person\/9071de3b430793052e78768378adb039","name":"birgitt.wuest","image":{"@type":"ImageObject","inLanguage":"fr-FR","@id":"https:\/\/secure.gravatar.com\/avatar\/938f7e46a2aa35420af239a36e5ed08a1034598c7d4a6d4dccff5f20b49eefca?s=96&d=mm&r=g","url":"https:\/\/secure.gravatar.com\/avatar\/938f7e46a2aa35420af239a36e5ed08a1034598c7d4a6d4dccff5f20b49eefca?s=96&d=mm&r=g","contentUrl":"https:\/\/secure.gravatar.com\/avatar\/938f7e46a2aa35420af239a36e5ed08a1034598c7d4a6d4dccff5f20b49eefca?s=96&d=mm&r=g","caption":"birgitt.wuest"},"url":"https:\/\/www.immobilienbusiness.ch\/fr\/author\/birgitt-wuest\/"}]}},"_links":{"self":[{"href":"https:\/\/www.immobilienbusiness.ch\/fr\/wp-json\/wp\/v2\/posts\/1010","targetHints":{"allow":["GET"]}}],"collection":[{"href":"https:\/\/www.immobilienbusiness.ch\/fr\/wp-json\/wp\/v2\/posts"}],"about":[{"href":"https:\/\/www.immobilienbusiness.ch\/fr\/wp-json\/wp\/v2\/types\/post"}],"author":[{"embeddable":true,"href":"https:\/\/www.immobilienbusiness.ch\/fr\/wp-json\/wp\/v2\/users\/8"}],"replies":[{"embeddable":true,"href":"https:\/\/www.immobilienbusiness.ch\/fr\/wp-json\/wp\/v2\/comments?post=1010"}],"version-history":[{"count":1,"href":"https:\/\/www.immobilienbusiness.ch\/fr\/wp-json\/wp\/v2\/posts\/1010\/revisions"}],"predecessor-version":[{"id":50069,"href":"https:\/\/www.immobilienbusiness.ch\/fr\/wp-json\/wp\/v2\/posts\/1010\/revisions\/50069"}],"wp:attachment":[{"href":"https:\/\/www.immobilienbusiness.ch\/fr\/wp-json\/wp\/v2\/media?parent=1010"}],"wp:term":[{"taxonomy":"category","embeddable":true,"href":"https:\/\/www.immobilienbusiness.ch\/fr\/wp-json\/wp\/v2\/categories?post=1010"},{"taxonomy":"post_tag","embeddable":true,"href":"https:\/\/www.immobilienbusiness.ch\/fr\/wp-json\/wp\/v2\/tags?post=1010"}],"curies":[{"name":"wp","href":"https:\/\/api.w.org\/{rel}","templated":true}]}}