{"id":9691,"date":"2017-10-23T09:00:29","date_gmt":"2017-10-23T07:00:29","guid":{"rendered":"https:\/\/www.immobilienbusiness.ch\/?p=9691"},"modified":"2017-10-23T09:00:29","modified_gmt":"2017-10-23T07:00:29","slug":"gebaeudetechniker-poenina-bereitet-boersengang-vor","status":"publish","type":"post","link":"https:\/\/www.immobilienbusiness.ch\/en\/unternehmen\/2017-10-23\/gebaeudetechniker-poenina-bereitet-boersengang-vor\/","title":{"rendered":"Building technology company Poenina prepares IPO"},"content":{"rendered":"<figure id=\"attachment_9692\" aria-describedby=\"caption-attachment-9692\" style=\"width: 6016px\" class=\"wp-caption alignnone\"><img loading=\"lazy\" decoding=\"async\" class=\"size-full wp-image-9692\" src=\"https:\/\/www.immobilienbusiness.ch\/wp-content\/uploads\/2017\/10\/IB-News_20171023-Poenina-plant-B\u00f6rsengang-Bregy_Jean_Claude.jpg\" alt=\"\" width=\"6016\" height=\"4016\" \/><figcaption id=\"caption-attachment-9692\" class=\"wp-caption-text\">Jean Claude Bregy, founder, member of the Board of Directors and CEO of the building technology company, has big plans (Photo: Poenina Holding AG)<\/figcaption><\/figure>\n<p>As a service provider in the fields of building technology and building envelopes, Poenina generated operating income of CHF 114.4 million and EBIT of 7.8 million in the 2016 financial year. The planned IPO is intended to broaden the shareholder base by placing new and existing shares and to raise funds for further acquisitions, the company writes in a media release.<\/p>\n<p>The Poenina Group, headquartered in Glattpark in Opfikon, consists of nine companies and is present at ten locations in German-speaking Switzerland with currently around 450 employees. Since its founding by Valais-based entrepreneur Jean Claude Bregy in 2010, Poenina has grown through several acquisitions and plans to make \"further acquisitions of solid, traditional companies\" in the future, mainly in the building technology sector, according to the company. \"We intend to acquire more companies with strong local roots and increase our market share in a fragmented market,\" says founder, board member and CEO Bregy.<\/p>\n<p>Poenina is a provider of services in the business areas of sanitary engineering, heating engineering and ventilation engineering (building services) as well as roofing and plumbing (building envelope) for public buildings as well as for residential, commercial and hotel buildings in German-speaking Switzerland. The group includes, among others, the companies Sada, Demuth, Banz and Hans Ziegler. The planned IPO is accompanied by Z\u00fcrcher Kantonalbank as Sole Lead Manager.<\/p>","protected":false},"excerpt":{"rendered":"<p>The building technology company Poenina Holding AG (Opfikon) intends to list its shares on the SIX Swiss Exchange in Zurich and grow through acquisitions in the future.<\/p>","protected":false},"author":4,"featured_media":9692,"comment_status":"open","ping_status":"open","sticky":false,"template":"","format":"standard","meta":{"_acf_changed":false,"_yoast_wpseo_focuskw":"Poenina","_yoast_wpseo_title":"","_yoast_wpseo_metadesc":"Die Geb\u00e4udetechnikfirma Poenina Holding AG (Opfikon) will ihre Aktien an der SIX Swiss Exchange in Z\u00fcrich kotieren und in Zukunft durch Zuk\u00e4ufe wachsen.","_yoast_wpseo_linkdex":78,"pgc_sgb_lightbox_settings":"","footnotes":""},"categories":[988],"tags":[1108,1255,1602,1888],"class_list":["post-9691","post","type-post","status-publish","format-standard","has-post-thumbnail","hentry","category-unternehmen","tag-boersengang","tag-gebaeudetechnik","tag-projektentwicklungen","tag-zuerich"],"acf":[],"yoast_head":"<!-- This site is optimized with the Yoast SEO plugin v27.4 - https:\/\/yoast.com\/product\/yoast-seo-wordpress\/ -->\n<title>Geb\u00e4udetechniker Poenina bereitet B\u00f6rsengang vor - IMMOBILIEN Business<\/title>\n<meta name=\"description\" content=\"Die Geb\u00e4udetechnikfirma Poenina Holding AG (Opfikon) will ihre Aktien an der SIX Swiss Exchange in Z\u00fcrich kotieren und in Zukunft durch Zuk\u00e4ufe wachsen.\" \/>\n<meta name=\"robots\" content=\"index, follow, max-snippet:-1, max-image-preview:large, max-video-preview:-1\" \/>\n<link rel=\"canonical\" href=\"https:\/\/www.immobilienbusiness.ch\/en\/unternehmen\/2017-10-23\/gebaeudetechniker-poenina-bereitet-boersengang-vor\/\" \/>\n<meta property=\"og:locale\" content=\"en_US\" \/>\n<meta property=\"og:type\" content=\"article\" \/>\n<meta property=\"og:title\" content=\"Geb\u00e4udetechniker Poenina plant B\u00f6rsengang\" \/>\n<meta property=\"og:description\" content=\"Die Geb\u00e4udetechnikfirma Poenina Holding AG (Opfikon) will ihre Aktien an der SIX Swiss Exchange in Z\u00fcrich kotieren und in Zukunft durch Zuk\u00e4ufe wachsen.\" \/>\n<meta property=\"og:url\" content=\"https:\/\/www.immobilienbusiness.ch\/en\/unternehmen\/2017-10-23\/gebaeudetechniker-poenina-bereitet-boersengang-vor\/\" \/>\n<meta property=\"og:site_name\" content=\"IMMOBILIEN Business\" \/>\n<meta property=\"article:publisher\" content=\"https:\/\/www.facebook.com\/immobilienbusiness\/\" \/>\n<meta property=\"article:published_time\" content=\"2017-10-23T07:00:29+00:00\" \/>\n<meta property=\"og:image\" content=\"https:\/\/www.immobilienbusiness.ch\/wp-content\/uploads\/2017\/10\/IB-News_20171023-Poenina-plant-Boersengang-Bregy_Jean_Claude.jpg\" \/>\n\t<meta property=\"og:image:width\" content=\"2560\" \/>\n\t<meta property=\"og:image:height\" content=\"1709\" \/>\n\t<meta property=\"og:image:type\" content=\"image\/jpeg\" \/>\n<meta name=\"author\" content=\"mathias.rinka\" \/>\n<meta name=\"twitter:card\" content=\"summary_large_image\" \/>\n<meta name=\"twitter:title\" content=\"Geb\u00e4udetechniker Poenina plant B\u00f6rsengang\" \/>\n<meta name=\"twitter:description\" content=\"Die Geb\u00e4udetechnikfirma Poenina Holding AG (Opfikon) will ihre Aktien an der SIX Swiss Exchange in Z\u00fcrich kotieren und in Zukunft durch Zuk\u00e4ufe wachsen.\" \/>\n<script type=\"application\/ld+json\" class=\"yoast-schema-graph\">{\"@context\":\"https:\\\/\\\/schema.org\",\"@graph\":[{\"@type\":\"Article\",\"@id\":\"https:\\\/\\\/www.immobilienbusiness.ch\\\/en\\\/unternehmen\\\/2017-10-23\\\/gebaeudetechniker-poenina-bereitet-boersengang-vor\\\/#article\",\"isPartOf\":{\"@id\":\"https:\\\/\\\/www.immobilienbusiness.ch\\\/en\\\/unternehmen\\\/2017-10-23\\\/gebaeudetechniker-poenina-bereitet-boersengang-vor\\\/\"},\"author\":{\"name\":\"mathias.rinka\",\"@id\":\"https:\\\/\\\/www.immobilienbusiness.ch\\\/#\\\/schema\\\/person\\\/31be7383261ea656cfe52cad71fdc211\"},\"headline\":\"Geb\u00e4udetechniker Poenina bereitet B\u00f6rsengang vor\",\"datePublished\":\"2017-10-23T07:00:29+00:00\",\"mainEntityOfPage\":{\"@id\":\"https:\\\/\\\/www.immobilienbusiness.ch\\\/en\\\/unternehmen\\\/2017-10-23\\\/gebaeudetechniker-poenina-bereitet-boersengang-vor\\\/\"},\"wordCount\":251,\"commentCount\":0,\"publisher\":{\"@id\":\"https:\\\/\\\/www.immobilienbusiness.ch\\\/#organization\"},\"image\":{\"@id\":\"https:\\\/\\\/www.immobilienbusiness.ch\\\/en\\\/unternehmen\\\/2017-10-23\\\/gebaeudetechniker-poenina-bereitet-boersengang-vor\\\/#primaryimage\"},\"thumbnailUrl\":\"https:\\\/\\\/www.immobilienbusiness.ch\\\/wp-content\\\/uploads\\\/2017\\\/10\\\/IB-News_20171023-Poenina-plant-Boersengang-Bregy_Jean_Claude.jpg\",\"keywords\":[\"B\u00f6rsengang\",\"Geb\u00e4udetechnik\",\"Projektentwicklungen\",\"Z\u00fcrich\"],\"articleSection\":[\"UNTERNEHMEN\"],\"inLanguage\":\"en-US\"},{\"@type\":\"WebPage\",\"@id\":\"https:\\\/\\\/www.immobilienbusiness.ch\\\/en\\\/unternehmen\\\/2017-10-23\\\/gebaeudetechniker-poenina-bereitet-boersengang-vor\\\/\",\"url\":\"https:\\\/\\\/www.immobilienbusiness.ch\\\/en\\\/unternehmen\\\/2017-10-23\\\/gebaeudetechniker-poenina-bereitet-boersengang-vor\\\/\",\"name\":\"Geb\u00e4udetechniker Poenina bereitet B\u00f6rsengang vor - IMMOBILIEN Business\",\"isPartOf\":{\"@id\":\"https:\\\/\\\/www.immobilienbusiness.ch\\\/#website\"},\"primaryImageOfPage\":{\"@id\":\"https:\\\/\\\/www.immobilienbusiness.ch\\\/en\\\/unternehmen\\\/2017-10-23\\\/gebaeudetechniker-poenina-bereitet-boersengang-vor\\\/#primaryimage\"},\"image\":{\"@id\":\"https:\\\/\\\/www.immobilienbusiness.ch\\\/en\\\/unternehmen\\\/2017-10-23\\\/gebaeudetechniker-poenina-bereitet-boersengang-vor\\\/#primaryimage\"},\"thumbnailUrl\":\"https:\\\/\\\/www.immobilienbusiness.ch\\\/wp-content\\\/uploads\\\/2017\\\/10\\\/IB-News_20171023-Poenina-plant-Boersengang-Bregy_Jean_Claude.jpg\",\"datePublished\":\"2017-10-23T07:00:29+00:00\",\"description\":\"Die Geb\u00e4udetechnikfirma Poenina Holding AG (Opfikon) will ihre Aktien an der SIX Swiss Exchange in Z\u00fcrich kotieren und in Zukunft durch Zuk\u00e4ufe wachsen.\",\"breadcrumb\":{\"@id\":\"https:\\\/\\\/www.immobilienbusiness.ch\\\/en\\\/unternehmen\\\/2017-10-23\\\/gebaeudetechniker-poenina-bereitet-boersengang-vor\\\/#breadcrumb\"},\"inLanguage\":\"en-US\",\"potentialAction\":[{\"@type\":\"ReadAction\",\"target\":[\"https:\\\/\\\/www.immobilienbusiness.ch\\\/en\\\/unternehmen\\\/2017-10-23\\\/gebaeudetechniker-poenina-bereitet-boersengang-vor\\\/\"]}]},{\"@type\":\"ImageObject\",\"inLanguage\":\"en-US\",\"@id\":\"https:\\\/\\\/www.immobilienbusiness.ch\\\/en\\\/unternehmen\\\/2017-10-23\\\/gebaeudetechniker-poenina-bereitet-boersengang-vor\\\/#primaryimage\",\"url\":\"https:\\\/\\\/www.immobilienbusiness.ch\\\/wp-content\\\/uploads\\\/2017\\\/10\\\/IB-News_20171023-Poenina-plant-Boersengang-Bregy_Jean_Claude.jpg\",\"contentUrl\":\"https:\\\/\\\/www.immobilienbusiness.ch\\\/wp-content\\\/uploads\\\/2017\\\/10\\\/IB-News_20171023-Poenina-plant-Boersengang-Bregy_Jean_Claude.jpg\",\"width\":2560,\"height\":1709,\"caption\":\"Jean Claude Bregy, Gr\u00fcnder, VR-Mitglied und CEO der Geb\u00e4udetechnikfirma hat Grosses vor (Bild: Poenina Holding AG)\"},{\"@type\":\"BreadcrumbList\",\"@id\":\"https:\\\/\\\/www.immobilienbusiness.ch\\\/en\\\/unternehmen\\\/2017-10-23\\\/gebaeudetechniker-poenina-bereitet-boersengang-vor\\\/#breadcrumb\",\"itemListElement\":[{\"@type\":\"ListItem\",\"position\":1,\"name\":\"Home\",\"item\":\"https:\\\/\\\/www.immobilienbusiness.ch\\\/\"},{\"@type\":\"ListItem\",\"position\":2,\"name\":\"Geb\u00e4udetechniker Poenina bereitet B\u00f6rsengang vor\"}]},{\"@type\":\"WebSite\",\"@id\":\"https:\\\/\\\/www.immobilienbusiness.ch\\\/#website\",\"url\":\"https:\\\/\\\/www.immobilienbusiness.ch\\\/\",\"name\":\"IMMOBILIEN Business\",\"description\":\"Unabh\u00e4ngiges Schweizer Wirtschaftsmagazin mit Fokus auf Immobilien, Architektur- und Bau sowie Investment- und Finanzierung.\",\"publisher\":{\"@id\":\"https:\\\/\\\/www.immobilienbusiness.ch\\\/#organization\"},\"potentialAction\":[{\"@type\":\"SearchAction\",\"target\":{\"@type\":\"EntryPoint\",\"urlTemplate\":\"https:\\\/\\\/www.immobilienbusiness.ch\\\/?s={search_term_string}\"},\"query-input\":{\"@type\":\"PropertyValueSpecification\",\"valueRequired\":true,\"valueName\":\"search_term_string\"}}],\"inLanguage\":\"en-US\"},{\"@type\":\"Organization\",\"@id\":\"https:\\\/\\\/www.immobilienbusiness.ch\\\/#organization\",\"name\":\"IMMOBILIEN Business\",\"url\":\"https:\\\/\\\/www.immobilienbusiness.ch\\\/\",\"logo\":{\"@type\":\"ImageObject\",\"inLanguage\":\"en-US\",\"@id\":\"https:\\\/\\\/www.immobilienbusiness.ch\\\/#\\\/schema\\\/logo\\\/image\\\/\",\"url\":\"https:\\\/\\\/www.immobilienbusiness.ch\\\/wp-content\\\/uploads\\\/2021\\\/07\\\/logo_ib.png\",\"contentUrl\":\"https:\\\/\\\/www.immobilienbusiness.ch\\\/wp-content\\\/uploads\\\/2021\\\/07\\\/logo_ib.png\",\"width\":800,\"height\":181,\"caption\":\"IMMOBILIEN Business\"},\"image\":{\"@id\":\"https:\\\/\\\/www.immobilienbusiness.ch\\\/#\\\/schema\\\/logo\\\/image\\\/\"},\"sameAs\":[\"https:\\\/\\\/www.facebook.com\\\/immobilienbusiness\\\/\"]},{\"@type\":\"Person\",\"@id\":\"https:\\\/\\\/www.immobilienbusiness.ch\\\/#\\\/schema\\\/person\\\/31be7383261ea656cfe52cad71fdc211\",\"name\":\"mathias.rinka\",\"image\":{\"@type\":\"ImageObject\",\"inLanguage\":\"en-US\",\"@id\":\"https:\\\/\\\/secure.gravatar.com\\\/avatar\\\/?s=96&d=mm&r=g\",\"url\":\"https:\\\/\\\/secure.gravatar.com\\\/avatar\\\/?s=96&d=mm&r=g\",\"contentUrl\":\"https:\\\/\\\/secure.gravatar.com\\\/avatar\\\/?s=96&d=mm&r=g\",\"caption\":\"mathias.rinka\"},\"url\":\"https:\\\/\\\/www.immobilienbusiness.ch\\\/en\\\/author\\\/mathias-rinka\\\/\"}]}<\/script>\n<!-- \/ Yoast SEO plugin. -->","yoast_head_json":{"title":"Geb\u00e4udetechniker Poenina bereitet B\u00f6rsengang vor - IMMOBILIEN Business","description":"The building technology company Poenina Holding AG (Opfikon) intends to list its shares on the SIX Swiss Exchange in Zurich and grow through acquisitions in the future.","robots":{"index":"index","follow":"follow","max-snippet":"max-snippet:-1","max-image-preview":"max-image-preview:large","max-video-preview":"max-video-preview:-1"},"canonical":"https:\/\/www.immobilienbusiness.ch\/en\/unternehmen\/2017-10-23\/gebaeudetechniker-poenina-bereitet-boersengang-vor\/","og_locale":"en_US","og_type":"article","og_title":"Geb\u00e4udetechniker Poenina plant B\u00f6rsengang","og_description":"Die Geb\u00e4udetechnikfirma Poenina Holding AG (Opfikon) will ihre Aktien an der SIX Swiss Exchange in Z\u00fcrich kotieren und in Zukunft durch Zuk\u00e4ufe wachsen.","og_url":"https:\/\/www.immobilienbusiness.ch\/en\/unternehmen\/2017-10-23\/gebaeudetechniker-poenina-bereitet-boersengang-vor\/","og_site_name":"IMMOBILIEN Business","article_publisher":"https:\/\/www.facebook.com\/immobilienbusiness\/","article_published_time":"2017-10-23T07:00:29+00:00","og_image":[{"width":2560,"height":1709,"url":"https:\/\/www.immobilienbusiness.ch\/wp-content\/uploads\/2017\/10\/IB-News_20171023-Poenina-plant-Boersengang-Bregy_Jean_Claude.jpg","type":"image\/jpeg"}],"author":"mathias.rinka","twitter_card":"summary_large_image","twitter_title":"Geb\u00e4udetechniker Poenina plant B\u00f6rsengang","twitter_description":"Die Geb\u00e4udetechnikfirma Poenina Holding AG (Opfikon) will ihre Aktien an der SIX Swiss Exchange in Z\u00fcrich kotieren und in Zukunft durch Zuk\u00e4ufe wachsen.","schema":{"@context":"https:\/\/schema.org","@graph":[{"@type":"Article","@id":"https:\/\/www.immobilienbusiness.ch\/en\/unternehmen\/2017-10-23\/gebaeudetechniker-poenina-bereitet-boersengang-vor\/#article","isPartOf":{"@id":"https:\/\/www.immobilienbusiness.ch\/en\/unternehmen\/2017-10-23\/gebaeudetechniker-poenina-bereitet-boersengang-vor\/"},"author":{"name":"mathias.rinka","@id":"https:\/\/www.immobilienbusiness.ch\/#\/schema\/person\/31be7383261ea656cfe52cad71fdc211"},"headline":"Geb\u00e4udetechniker Poenina bereitet B\u00f6rsengang vor","datePublished":"2017-10-23T07:00:29+00:00","mainEntityOfPage":{"@id":"https:\/\/www.immobilienbusiness.ch\/en\/unternehmen\/2017-10-23\/gebaeudetechniker-poenina-bereitet-boersengang-vor\/"},"wordCount":251,"commentCount":0,"publisher":{"@id":"https:\/\/www.immobilienbusiness.ch\/#organization"},"image":{"@id":"https:\/\/www.immobilienbusiness.ch\/en\/unternehmen\/2017-10-23\/gebaeudetechniker-poenina-bereitet-boersengang-vor\/#primaryimage"},"thumbnailUrl":"https:\/\/www.immobilienbusiness.ch\/wp-content\/uploads\/2017\/10\/IB-News_20171023-Poenina-plant-Boersengang-Bregy_Jean_Claude.jpg","keywords":["B\u00f6rsengang","Geb\u00e4udetechnik","Projektentwicklungen","Z\u00fcrich"],"articleSection":["UNTERNEHMEN"],"inLanguage":"en-US"},{"@type":"WebPage","@id":"https:\/\/www.immobilienbusiness.ch\/en\/unternehmen\/2017-10-23\/gebaeudetechniker-poenina-bereitet-boersengang-vor\/","url":"https:\/\/www.immobilienbusiness.ch\/en\/unternehmen\/2017-10-23\/gebaeudetechniker-poenina-bereitet-boersengang-vor\/","name":"Geb\u00e4udetechniker Poenina bereitet B\u00f6rsengang vor - IMMOBILIEN Business","isPartOf":{"@id":"https:\/\/www.immobilienbusiness.ch\/#website"},"primaryImageOfPage":{"@id":"https:\/\/www.immobilienbusiness.ch\/en\/unternehmen\/2017-10-23\/gebaeudetechniker-poenina-bereitet-boersengang-vor\/#primaryimage"},"image":{"@id":"https:\/\/www.immobilienbusiness.ch\/en\/unternehmen\/2017-10-23\/gebaeudetechniker-poenina-bereitet-boersengang-vor\/#primaryimage"},"thumbnailUrl":"https:\/\/www.immobilienbusiness.ch\/wp-content\/uploads\/2017\/10\/IB-News_20171023-Poenina-plant-Boersengang-Bregy_Jean_Claude.jpg","datePublished":"2017-10-23T07:00:29+00:00","description":"The building technology company Poenina Holding AG (Opfikon) intends to list its shares on the SIX Swiss Exchange in Zurich and grow through acquisitions in the future.","breadcrumb":{"@id":"https:\/\/www.immobilienbusiness.ch\/en\/unternehmen\/2017-10-23\/gebaeudetechniker-poenina-bereitet-boersengang-vor\/#breadcrumb"},"inLanguage":"en-US","potentialAction":[{"@type":"ReadAction","target":["https:\/\/www.immobilienbusiness.ch\/en\/unternehmen\/2017-10-23\/gebaeudetechniker-poenina-bereitet-boersengang-vor\/"]}]},{"@type":"ImageObject","inLanguage":"en-US","@id":"https:\/\/www.immobilienbusiness.ch\/en\/unternehmen\/2017-10-23\/gebaeudetechniker-poenina-bereitet-boersengang-vor\/#primaryimage","url":"https:\/\/www.immobilienbusiness.ch\/wp-content\/uploads\/2017\/10\/IB-News_20171023-Poenina-plant-Boersengang-Bregy_Jean_Claude.jpg","contentUrl":"https:\/\/www.immobilienbusiness.ch\/wp-content\/uploads\/2017\/10\/IB-News_20171023-Poenina-plant-Boersengang-Bregy_Jean_Claude.jpg","width":2560,"height":1709,"caption":"Jean Claude Bregy, Gr\u00fcnder, VR-Mitglied und CEO der Geb\u00e4udetechnikfirma hat Grosses vor (Bild: Poenina Holding AG)"},{"@type":"BreadcrumbList","@id":"https:\/\/www.immobilienbusiness.ch\/en\/unternehmen\/2017-10-23\/gebaeudetechniker-poenina-bereitet-boersengang-vor\/#breadcrumb","itemListElement":[{"@type":"ListItem","position":1,"name":"Home","item":"https:\/\/www.immobilienbusiness.ch\/"},{"@type":"ListItem","position":2,"name":"Geb\u00e4udetechniker Poenina bereitet B\u00f6rsengang vor"}]},{"@type":"WebSite","@id":"https:\/\/www.immobilienbusiness.ch\/#website","url":"https:\/\/www.immobilienbusiness.ch\/","name":"REAL ESTATE Business","description":"Independent Swiss business magazine focusing on real estate, architecture and construction as well as investment and financing.","publisher":{"@id":"https:\/\/www.immobilienbusiness.ch\/#organization"},"potentialAction":[{"@type":"SearchAction","target":{"@type":"EntryPoint","urlTemplate":"https:\/\/www.immobilienbusiness.ch\/?s={search_term_string}"},"query-input":{"@type":"PropertyValueSpecification","valueRequired":true,"valueName":"search_term_string"}}],"inLanguage":"en-US"},{"@type":"Organization","@id":"https:\/\/www.immobilienbusiness.ch\/#organization","name":"REAL ESTATE Business","url":"https:\/\/www.immobilienbusiness.ch\/","logo":{"@type":"ImageObject","inLanguage":"en-US","@id":"https:\/\/www.immobilienbusiness.ch\/#\/schema\/logo\/image\/","url":"https:\/\/www.immobilienbusiness.ch\/wp-content\/uploads\/2021\/07\/logo_ib.png","contentUrl":"https:\/\/www.immobilienbusiness.ch\/wp-content\/uploads\/2021\/07\/logo_ib.png","width":800,"height":181,"caption":"IMMOBILIEN Business"},"image":{"@id":"https:\/\/www.immobilienbusiness.ch\/#\/schema\/logo\/image\/"},"sameAs":["https:\/\/www.facebook.com\/immobilienbusiness\/"]},{"@type":"Person","@id":"https:\/\/www.immobilienbusiness.ch\/#\/schema\/person\/31be7383261ea656cfe52cad71fdc211","name":"mathias.rinka","image":{"@type":"ImageObject","inLanguage":"en-US","@id":"https:\/\/secure.gravatar.com\/avatar\/?s=96&d=mm&r=g","url":"https:\/\/secure.gravatar.com\/avatar\/?s=96&d=mm&r=g","contentUrl":"https:\/\/secure.gravatar.com\/avatar\/?s=96&d=mm&r=g","caption":"mathias.rinka"},"url":"https:\/\/www.immobilienbusiness.ch\/en\/author\/mathias-rinka\/"}]}},"_links":{"self":[{"href":"https:\/\/www.immobilienbusiness.ch\/en\/wp-json\/wp\/v2\/posts\/9691","targetHints":{"allow":["GET"]}}],"collection":[{"href":"https:\/\/www.immobilienbusiness.ch\/en\/wp-json\/wp\/v2\/posts"}],"about":[{"href":"https:\/\/www.immobilienbusiness.ch\/en\/wp-json\/wp\/v2\/types\/post"}],"author":[{"embeddable":true,"href":"https:\/\/www.immobilienbusiness.ch\/en\/wp-json\/wp\/v2\/users\/4"}],"replies":[{"embeddable":true,"href":"https:\/\/www.immobilienbusiness.ch\/en\/wp-json\/wp\/v2\/comments?post=9691"}],"version-history":[{"count":0,"href":"https:\/\/www.immobilienbusiness.ch\/en\/wp-json\/wp\/v2\/posts\/9691\/revisions"}],"wp:featuredmedia":[{"embeddable":true,"href":"https:\/\/www.immobilienbusiness.ch\/en\/wp-json\/wp\/v2\/media\/9692"}],"wp:attachment":[{"href":"https:\/\/www.immobilienbusiness.ch\/en\/wp-json\/wp\/v2\/media?parent=9691"}],"wp:term":[{"taxonomy":"category","embeddable":true,"href":"https:\/\/www.immobilienbusiness.ch\/en\/wp-json\/wp\/v2\/categories?post=9691"},{"taxonomy":"post_tag","embeddable":true,"href":"https:\/\/www.immobilienbusiness.ch\/en\/wp-json\/wp\/v2\/tags?post=9691"}],"curies":[{"name":"wp","href":"https:\/\/api.w.org\/{rel}","templated":true}]}}