{"id":9374,"date":"2017-09-29T10:42:20","date_gmt":"2017-09-29T08:42:20","guid":{"rendered":"https:\/\/www.immobilienbusiness.ch\/?p=9374"},"modified":"2017-09-29T10:42:20","modified_gmt":"2017-09-29T08:42:20","slug":"rics-switzerland-neuer-praesident","status":"publish","type":"post","link":"https:\/\/www.immobilienbusiness.ch\/en\/unternehmen\/2017-09-29\/rics-switzerland-neuer-praesident\/","title":{"rendered":"RICS Switzerland: New President"},"content":{"rendered":"<figure id=\"attachment_9376\" aria-describedby=\"caption-attachment-9376\" style=\"width: 601px\" class=\"wp-caption alignnone\"><img loading=\"lazy\" decoding=\"async\" class=\"size-full wp-image-9376\" src=\"https:\/\/www.immobilienbusiness.ch\/wp-content\/uploads\/2017\/09\/IB-News-20170929-Neuer-RICS-Switzerland-Praesident-Pierre-Staempfli-JLL-Schweiz.png\" alt=\"\" width=\"601\" height=\"401\" srcset=\"https:\/\/www.immobilienbusiness.ch\/wp-content\/uploads\/2017\/09\/IB-News-20170929-Neuer-RICS-Switzerland-Praesident-Pierre-Staempfli-JLL-Schweiz.png 601w, https:\/\/www.immobilienbusiness.ch\/wp-content\/uploads\/2017\/09\/IB-News-20170929-Neuer-RICS-Switzerland-Praesident-Pierre-Staempfli-JLL-Schweiz-300x200.png 300w, https:\/\/www.immobilienbusiness.ch\/wp-content\/uploads\/2017\/09\/IB-News-20170929-Neuer-RICS-Switzerland-Praesident-Pierre-Staempfli-JLL-Schweiz-16x12.png 16w, https:\/\/www.immobilienbusiness.ch\/wp-content\/uploads\/2017\/09\/IB-News-20170929-Neuer-RICS-Switzerland-Praesident-Pierre-Staempfli-JLL-Schweiz-262x175.png 262w, https:\/\/www.immobilienbusiness.ch\/wp-content\/uploads\/2017\/09\/IB-News-20170929-Neuer-RICS-Switzerland-Praesident-Pierre-Staempfli-JLL-Schweiz-525x350.png 525w\" sizes=\"auto, (max-width: 601px) 100vw, 601px\" \/><figcaption id=\"caption-attachment-9376\" class=\"wp-caption-text\">Pierre St\u00e4mpfli, Head of Romandie at JLL Switzerland, is the new President of the RICS Switzerland association (Image: JLL)<\/figcaption><\/figure>\n<p>RICS as a large international professional association of the real estate industry has about 400 members in Switzerland. The new Switzerland President Pierre St\u00e4mpfli, a graduate architect (ETH) with MAS in Real Estate (CUREM), has been an active Chartered Surveyor since 2009 and has been on the Board of Directors of RICS Switzerland since 2013.<\/p>\n<p>\"We are very pleased that RICS Switzerland has elected Pierre St\u00e4mpfli as its new president. The election underlines the high professional and personal esteem Pierre enjoys within the industry and - of course - also at JLL Switzerland,\" comments Jan Eckert, CEO of JLL Switzerland, on the election on September 27, 2017.<\/p>\n<p>The other board members of the association in Switzerland are Stefan Roost (CBRE), Simon Baumgartner (Brun AG), Patrick Brenninkmeijer (Redevco Switzerland Asset Management Services AG), Andreas Deuber (HTW Chur), Yves Jeanrenaud (Schellenberg Wittmer SA), C\u00e9dric Murillo-Buscarini (Real estate Asset &amp; Investment Management - ReAIM SA), Marie Seiler (PwC), Benjamin Zemann (Cadura Knuchel Zemann) and Omar Zoppi (UBS AG).<\/p>","protected":false},"excerpt":{"rendered":"<p>The Royal Institution of Chartered Surveyors (RICS) has elected Pierre St\u00e4mpfli, Head of Romandie at JLL Switzerland, as the new President of the Swiss country organization.<\/p>","protected":false},"author":4,"featured_media":9376,"comment_status":"open","ping_status":"open","sticky":false,"template":"","format":"standard","meta":{"_acf_changed":false,"_yoast_wpseo_focuskw":"RICS Switzerland","_yoast_wpseo_title":"","_yoast_wpseo_metadesc":"Die Royal Institution of Chartered Surveyors (RICS) Schweiz hat Pierre St\u00e4mpfli, Leiter Romandie bei JLL Schweiz, zu ihrem neuen Pr\u00e4sidenten gew\u00e4hlt.","_yoast_wpseo_linkdex":60,"pgc_sgb_lightbox_settings":"","footnotes":""},"categories":[988],"tags":[1391,1564,1650,1654,1677],"class_list":["post-9374","post","type-post","status-publish","format-standard","has-post-thumbnail","hentry","category-unternehmen","tag-jll","tag-personalien","tag-rics","tag-romandie","tag-schweiz"],"acf":[],"yoast_head":"<!-- This site is optimized with the Yoast SEO plugin v27.4 - https:\/\/yoast.com\/product\/yoast-seo-wordpress\/ -->\n<title>RICS Switzerland: Neuer Pr\u00e4sident - IMMOBILIEN Business<\/title>\n<meta name=\"description\" content=\"Die Royal Institution of Chartered Surveyors (RICS) Schweiz hat Pierre St\u00e4mpfli, Leiter Romandie bei JLL Schweiz, zu ihrem neuen Pr\u00e4sidenten gew\u00e4hlt.\" \/>\n<meta name=\"robots\" content=\"index, follow, max-snippet:-1, max-image-preview:large, max-video-preview:-1\" \/>\n<link rel=\"canonical\" href=\"https:\/\/www.immobilienbusiness.ch\/en\/unternehmen\/2017-09-29\/rics-switzerland-neuer-praesident\/\" \/>\n<meta property=\"og:locale\" content=\"en_US\" \/>\n<meta property=\"og:type\" content=\"article\" \/>\n<meta property=\"og:title\" content=\"RICS Switzerland: Neuer Pr\u00e4sident gew\u00e4hlt\" \/>\n<meta property=\"og:description\" content=\"Die Royal Institution of Chartered Surveyors (RICS) Schweiz hat Pierre St\u00e4mpfli, Leiter Romandie bei JLL Schweiz, zu ihrem neuen Pr\u00e4sidenten gew\u00e4hlt.\" \/>\n<meta property=\"og:url\" content=\"https:\/\/www.immobilienbusiness.ch\/en\/unternehmen\/2017-09-29\/rics-switzerland-neuer-praesident\/\" \/>\n<meta property=\"og:site_name\" content=\"IMMOBILIEN Business\" \/>\n<meta property=\"article:publisher\" content=\"https:\/\/www.facebook.com\/immobilienbusiness\/\" \/>\n<meta property=\"article:published_time\" content=\"2017-09-29T08:42:20+00:00\" \/>\n<meta property=\"og:image\" content=\"https:\/\/www.immobilienbusiness.ch\/wp-content\/uploads\/2017\/09\/IB-News-20170929-Neuer-RICS-Switzerland-Praesident-Pierre-Staempfli-JLL-Schweiz.png\" \/>\n\t<meta property=\"og:image:width\" content=\"601\" \/>\n\t<meta property=\"og:image:height\" content=\"401\" \/>\n\t<meta property=\"og:image:type\" content=\"image\/png\" \/>\n<meta name=\"author\" content=\"mathias.rinka\" \/>\n<meta name=\"twitter:card\" content=\"summary_large_image\" \/>\n<meta name=\"twitter:title\" content=\"RICS Switzerland: Neuer Pr\u00e4sident gew\u00e4hlt\" \/>\n<meta name=\"twitter:description\" content=\"Die Royal Institution of Chartered Surveyors (RICS) Schweiz hat Pierre St\u00e4mpfli, Leiter Romandie bei JLL Schweiz, zu ihrem neuen Pr\u00e4sidenten gew\u00e4hlt.\" \/>\n<script type=\"application\/ld+json\" class=\"yoast-schema-graph\">{\"@context\":\"https:\\\/\\\/schema.org\",\"@graph\":[{\"@type\":\"Article\",\"@id\":\"https:\\\/\\\/www.immobilienbusiness.ch\\\/de\\\/unternehmen\\\/2017-09-29\\\/rics-switzerland-neuer-praesident\\\/#article\",\"isPartOf\":{\"@id\":\"https:\\\/\\\/www.immobilienbusiness.ch\\\/de\\\/unternehmen\\\/2017-09-29\\\/rics-switzerland-neuer-praesident\\\/\"},\"author\":{\"name\":\"mathias.rinka\",\"@id\":\"https:\\\/\\\/www.immobilienbusiness.ch\\\/#\\\/schema\\\/person\\\/31be7383261ea656cfe52cad71fdc211\"},\"headline\":\"RICS Switzerland: Neuer Pr\u00e4sident\",\"datePublished\":\"2017-09-29T08:42:20+00:00\",\"mainEntityOfPage\":{\"@id\":\"https:\\\/\\\/www.immobilienbusiness.ch\\\/de\\\/unternehmen\\\/2017-09-29\\\/rics-switzerland-neuer-praesident\\\/\"},\"wordCount\":183,\"commentCount\":0,\"publisher\":{\"@id\":\"https:\\\/\\\/www.immobilienbusiness.ch\\\/#organization\"},\"image\":{\"@id\":\"https:\\\/\\\/www.immobilienbusiness.ch\\\/de\\\/unternehmen\\\/2017-09-29\\\/rics-switzerland-neuer-praesident\\\/#primaryimage\"},\"thumbnailUrl\":\"https:\\\/\\\/www.immobilienbusiness.ch\\\/wp-content\\\/uploads\\\/2017\\\/09\\\/IB-News-20170929-Neuer-RICS-Switzerland-Praesident-Pierre-Staempfli-JLL-Schweiz.png\",\"keywords\":[\"JLL\",\"Personalien\",\"RICS\",\"Romandie\",\"Schweiz\"],\"articleSection\":[\"UNTERNEHMEN\"],\"inLanguage\":\"en-US\"},{\"@type\":\"WebPage\",\"@id\":\"https:\\\/\\\/www.immobilienbusiness.ch\\\/de\\\/unternehmen\\\/2017-09-29\\\/rics-switzerland-neuer-praesident\\\/\",\"url\":\"https:\\\/\\\/www.immobilienbusiness.ch\\\/de\\\/unternehmen\\\/2017-09-29\\\/rics-switzerland-neuer-praesident\\\/\",\"name\":\"RICS Switzerland: Neuer Pr\u00e4sident - IMMOBILIEN Business\",\"isPartOf\":{\"@id\":\"https:\\\/\\\/www.immobilienbusiness.ch\\\/#website\"},\"primaryImageOfPage\":{\"@id\":\"https:\\\/\\\/www.immobilienbusiness.ch\\\/de\\\/unternehmen\\\/2017-09-29\\\/rics-switzerland-neuer-praesident\\\/#primaryimage\"},\"image\":{\"@id\":\"https:\\\/\\\/www.immobilienbusiness.ch\\\/de\\\/unternehmen\\\/2017-09-29\\\/rics-switzerland-neuer-praesident\\\/#primaryimage\"},\"thumbnailUrl\":\"https:\\\/\\\/www.immobilienbusiness.ch\\\/wp-content\\\/uploads\\\/2017\\\/09\\\/IB-News-20170929-Neuer-RICS-Switzerland-Praesident-Pierre-Staempfli-JLL-Schweiz.png\",\"datePublished\":\"2017-09-29T08:42:20+00:00\",\"description\":\"Die Royal Institution of Chartered Surveyors (RICS) Schweiz hat Pierre St\u00e4mpfli, Leiter Romandie bei JLL Schweiz, zu ihrem neuen Pr\u00e4sidenten gew\u00e4hlt.\",\"breadcrumb\":{\"@id\":\"https:\\\/\\\/www.immobilienbusiness.ch\\\/de\\\/unternehmen\\\/2017-09-29\\\/rics-switzerland-neuer-praesident\\\/#breadcrumb\"},\"inLanguage\":\"en-US\",\"potentialAction\":[{\"@type\":\"ReadAction\",\"target\":[\"https:\\\/\\\/www.immobilienbusiness.ch\\\/de\\\/unternehmen\\\/2017-09-29\\\/rics-switzerland-neuer-praesident\\\/\"]}]},{\"@type\":\"ImageObject\",\"inLanguage\":\"en-US\",\"@id\":\"https:\\\/\\\/www.immobilienbusiness.ch\\\/de\\\/unternehmen\\\/2017-09-29\\\/rics-switzerland-neuer-praesident\\\/#primaryimage\",\"url\":\"https:\\\/\\\/www.immobilienbusiness.ch\\\/wp-content\\\/uploads\\\/2017\\\/09\\\/IB-News-20170929-Neuer-RICS-Switzerland-Praesident-Pierre-Staempfli-JLL-Schweiz.png\",\"contentUrl\":\"https:\\\/\\\/www.immobilienbusiness.ch\\\/wp-content\\\/uploads\\\/2017\\\/09\\\/IB-News-20170929-Neuer-RICS-Switzerland-Praesident-Pierre-Staempfli-JLL-Schweiz.png\",\"width\":601,\"height\":401,\"caption\":\"Pierre St\u00e4mpfli, Leiter Romandie bei JLL Schweiz, ist neuer Pr\u00e4sident des Verbands RICS Switzerland (Bild: JLL)\"},{\"@type\":\"BreadcrumbList\",\"@id\":\"https:\\\/\\\/www.immobilienbusiness.ch\\\/de\\\/unternehmen\\\/2017-09-29\\\/rics-switzerland-neuer-praesident\\\/#breadcrumb\",\"itemListElement\":[{\"@type\":\"ListItem\",\"position\":1,\"name\":\"Home\",\"item\":\"https:\\\/\\\/www.immobilienbusiness.ch\\\/\"},{\"@type\":\"ListItem\",\"position\":2,\"name\":\"RICS Switzerland: Neuer Pr\u00e4sident\"}]},{\"@type\":\"WebSite\",\"@id\":\"https:\\\/\\\/www.immobilienbusiness.ch\\\/#website\",\"url\":\"https:\\\/\\\/www.immobilienbusiness.ch\\\/\",\"name\":\"IMMOBILIEN Business\",\"description\":\"Unabh\u00e4ngiges Schweizer Wirtschaftsmagazin mit Fokus auf Immobilien, Architektur- und Bau sowie Investment- und Finanzierung.\",\"publisher\":{\"@id\":\"https:\\\/\\\/www.immobilienbusiness.ch\\\/#organization\"},\"potentialAction\":[{\"@type\":\"SearchAction\",\"target\":{\"@type\":\"EntryPoint\",\"urlTemplate\":\"https:\\\/\\\/www.immobilienbusiness.ch\\\/?s={search_term_string}\"},\"query-input\":{\"@type\":\"PropertyValueSpecification\",\"valueRequired\":true,\"valueName\":\"search_term_string\"}}],\"inLanguage\":\"en-US\"},{\"@type\":\"Organization\",\"@id\":\"https:\\\/\\\/www.immobilienbusiness.ch\\\/#organization\",\"name\":\"IMMOBILIEN Business\",\"url\":\"https:\\\/\\\/www.immobilienbusiness.ch\\\/\",\"logo\":{\"@type\":\"ImageObject\",\"inLanguage\":\"en-US\",\"@id\":\"https:\\\/\\\/www.immobilienbusiness.ch\\\/#\\\/schema\\\/logo\\\/image\\\/\",\"url\":\"https:\\\/\\\/www.immobilienbusiness.ch\\\/wp-content\\\/uploads\\\/2021\\\/07\\\/logo_ib.png\",\"contentUrl\":\"https:\\\/\\\/www.immobilienbusiness.ch\\\/wp-content\\\/uploads\\\/2021\\\/07\\\/logo_ib.png\",\"width\":800,\"height\":181,\"caption\":\"IMMOBILIEN Business\"},\"image\":{\"@id\":\"https:\\\/\\\/www.immobilienbusiness.ch\\\/#\\\/schema\\\/logo\\\/image\\\/\"},\"sameAs\":[\"https:\\\/\\\/www.facebook.com\\\/immobilienbusiness\\\/\"]},{\"@type\":\"Person\",\"@id\":\"https:\\\/\\\/www.immobilienbusiness.ch\\\/#\\\/schema\\\/person\\\/31be7383261ea656cfe52cad71fdc211\",\"name\":\"mathias.rinka\",\"image\":{\"@type\":\"ImageObject\",\"inLanguage\":\"en-US\",\"@id\":\"https:\\\/\\\/secure.gravatar.com\\\/avatar\\\/?s=96&d=mm&r=g\",\"url\":\"https:\\\/\\\/secure.gravatar.com\\\/avatar\\\/?s=96&d=mm&r=g\",\"contentUrl\":\"https:\\\/\\\/secure.gravatar.com\\\/avatar\\\/?s=96&d=mm&r=g\",\"caption\":\"mathias.rinka\"},\"url\":\"https:\\\/\\\/www.immobilienbusiness.ch\\\/en\\\/author\\\/mathias-rinka\\\/\"}]}<\/script>\n<!-- \/ Yoast SEO plugin. -->","yoast_head_json":{"title":"RICS Switzerland: New president - IMMOBILIEN Business","description":"The Royal Institution of Chartered Surveyors (RICS) Switzerland has elected Pierre St\u00e4mpfli, Head of French-speaking Switzerland at JLL Switzerland, as its new President.","robots":{"index":"index","follow":"follow","max-snippet":"max-snippet:-1","max-image-preview":"max-image-preview:large","max-video-preview":"max-video-preview:-1"},"canonical":"https:\/\/www.immobilienbusiness.ch\/en\/unternehmen\/2017-09-29\/rics-switzerland-neuer-praesident\/","og_locale":"en_US","og_type":"article","og_title":"RICS Switzerland: Neuer Pr\u00e4sident gew\u00e4hlt","og_description":"Die Royal Institution of Chartered Surveyors (RICS) Schweiz hat Pierre St\u00e4mpfli, Leiter Romandie bei JLL Schweiz, zu ihrem neuen Pr\u00e4sidenten gew\u00e4hlt.","og_url":"https:\/\/www.immobilienbusiness.ch\/en\/unternehmen\/2017-09-29\/rics-switzerland-neuer-praesident\/","og_site_name":"IMMOBILIEN Business","article_publisher":"https:\/\/www.facebook.com\/immobilienbusiness\/","article_published_time":"2017-09-29T08:42:20+00:00","og_image":[{"width":601,"height":401,"url":"https:\/\/www.immobilienbusiness.ch\/wp-content\/uploads\/2017\/09\/IB-News-20170929-Neuer-RICS-Switzerland-Praesident-Pierre-Staempfli-JLL-Schweiz.png","type":"image\/png"}],"author":"mathias.rinka","twitter_card":"summary_large_image","twitter_title":"RICS Switzerland: Neuer Pr\u00e4sident gew\u00e4hlt","twitter_description":"Die Royal Institution of Chartered Surveyors (RICS) Schweiz hat Pierre St\u00e4mpfli, Leiter Romandie bei JLL Schweiz, zu ihrem neuen Pr\u00e4sidenten gew\u00e4hlt.","schema":{"@context":"https:\/\/schema.org","@graph":[{"@type":"Article","@id":"https:\/\/www.immobilienbusiness.ch\/de\/unternehmen\/2017-09-29\/rics-switzerland-neuer-praesident\/#article","isPartOf":{"@id":"https:\/\/www.immobilienbusiness.ch\/de\/unternehmen\/2017-09-29\/rics-switzerland-neuer-praesident\/"},"author":{"name":"mathias.rinka","@id":"https:\/\/www.immobilienbusiness.ch\/#\/schema\/person\/31be7383261ea656cfe52cad71fdc211"},"headline":"RICS Switzerland: Neuer Pr\u00e4sident","datePublished":"2017-09-29T08:42:20+00:00","mainEntityOfPage":{"@id":"https:\/\/www.immobilienbusiness.ch\/de\/unternehmen\/2017-09-29\/rics-switzerland-neuer-praesident\/"},"wordCount":183,"commentCount":0,"publisher":{"@id":"https:\/\/www.immobilienbusiness.ch\/#organization"},"image":{"@id":"https:\/\/www.immobilienbusiness.ch\/de\/unternehmen\/2017-09-29\/rics-switzerland-neuer-praesident\/#primaryimage"},"thumbnailUrl":"https:\/\/www.immobilienbusiness.ch\/wp-content\/uploads\/2017\/09\/IB-News-20170929-Neuer-RICS-Switzerland-Praesident-Pierre-Staempfli-JLL-Schweiz.png","keywords":["JLL","Personalien","RICS","Romandie","Schweiz"],"articleSection":["UNTERNEHMEN"],"inLanguage":"en-US"},{"@type":"WebPage","@id":"https:\/\/www.immobilienbusiness.ch\/de\/unternehmen\/2017-09-29\/rics-switzerland-neuer-praesident\/","url":"https:\/\/www.immobilienbusiness.ch\/de\/unternehmen\/2017-09-29\/rics-switzerland-neuer-praesident\/","name":"RICS Switzerland: New president - IMMOBILIEN Business","isPartOf":{"@id":"https:\/\/www.immobilienbusiness.ch\/#website"},"primaryImageOfPage":{"@id":"https:\/\/www.immobilienbusiness.ch\/de\/unternehmen\/2017-09-29\/rics-switzerland-neuer-praesident\/#primaryimage"},"image":{"@id":"https:\/\/www.immobilienbusiness.ch\/de\/unternehmen\/2017-09-29\/rics-switzerland-neuer-praesident\/#primaryimage"},"thumbnailUrl":"https:\/\/www.immobilienbusiness.ch\/wp-content\/uploads\/2017\/09\/IB-News-20170929-Neuer-RICS-Switzerland-Praesident-Pierre-Staempfli-JLL-Schweiz.png","datePublished":"2017-09-29T08:42:20+00:00","description":"The Royal Institution of Chartered Surveyors (RICS) Switzerland has elected Pierre St\u00e4mpfli, Head of French-speaking Switzerland at JLL Switzerland, as its new President.","breadcrumb":{"@id":"https:\/\/www.immobilienbusiness.ch\/de\/unternehmen\/2017-09-29\/rics-switzerland-neuer-praesident\/#breadcrumb"},"inLanguage":"en-US","potentialAction":[{"@type":"ReadAction","target":["https:\/\/www.immobilienbusiness.ch\/de\/unternehmen\/2017-09-29\/rics-switzerland-neuer-praesident\/"]}]},{"@type":"ImageObject","inLanguage":"en-US","@id":"https:\/\/www.immobilienbusiness.ch\/de\/unternehmen\/2017-09-29\/rics-switzerland-neuer-praesident\/#primaryimage","url":"https:\/\/www.immobilienbusiness.ch\/wp-content\/uploads\/2017\/09\/IB-News-20170929-Neuer-RICS-Switzerland-Praesident-Pierre-Staempfli-JLL-Schweiz.png","contentUrl":"https:\/\/www.immobilienbusiness.ch\/wp-content\/uploads\/2017\/09\/IB-News-20170929-Neuer-RICS-Switzerland-Praesident-Pierre-Staempfli-JLL-Schweiz.png","width":601,"height":401,"caption":"Pierre St\u00e4mpfli, Leiter Romandie bei JLL Schweiz, ist neuer Pr\u00e4sident des Verbands RICS Switzerland (Bild: JLL)"},{"@type":"BreadcrumbList","@id":"https:\/\/www.immobilienbusiness.ch\/de\/unternehmen\/2017-09-29\/rics-switzerland-neuer-praesident\/#breadcrumb","itemListElement":[{"@type":"ListItem","position":1,"name":"Home","item":"https:\/\/www.immobilienbusiness.ch\/"},{"@type":"ListItem","position":2,"name":"RICS Switzerland: Neuer Pr\u00e4sident"}]},{"@type":"WebSite","@id":"https:\/\/www.immobilienbusiness.ch\/#website","url":"https:\/\/www.immobilienbusiness.ch\/","name":"REAL ESTATE Business","description":"Independent Swiss business magazine focusing on real estate, architecture and construction as well as investment and financing.","publisher":{"@id":"https:\/\/www.immobilienbusiness.ch\/#organization"},"potentialAction":[{"@type":"SearchAction","target":{"@type":"EntryPoint","urlTemplate":"https:\/\/www.immobilienbusiness.ch\/?s={search_term_string}"},"query-input":{"@type":"PropertyValueSpecification","valueRequired":true,"valueName":"search_term_string"}}],"inLanguage":"en-US"},{"@type":"Organization","@id":"https:\/\/www.immobilienbusiness.ch\/#organization","name":"REAL ESTATE Business","url":"https:\/\/www.immobilienbusiness.ch\/","logo":{"@type":"ImageObject","inLanguage":"en-US","@id":"https:\/\/www.immobilienbusiness.ch\/#\/schema\/logo\/image\/","url":"https:\/\/www.immobilienbusiness.ch\/wp-content\/uploads\/2021\/07\/logo_ib.png","contentUrl":"https:\/\/www.immobilienbusiness.ch\/wp-content\/uploads\/2021\/07\/logo_ib.png","width":800,"height":181,"caption":"IMMOBILIEN Business"},"image":{"@id":"https:\/\/www.immobilienbusiness.ch\/#\/schema\/logo\/image\/"},"sameAs":["https:\/\/www.facebook.com\/immobilienbusiness\/"]},{"@type":"Person","@id":"https:\/\/www.immobilienbusiness.ch\/#\/schema\/person\/31be7383261ea656cfe52cad71fdc211","name":"mathias.rinka","image":{"@type":"ImageObject","inLanguage":"en-US","@id":"https:\/\/secure.gravatar.com\/avatar\/?s=96&d=mm&r=g","url":"https:\/\/secure.gravatar.com\/avatar\/?s=96&d=mm&r=g","contentUrl":"https:\/\/secure.gravatar.com\/avatar\/?s=96&d=mm&r=g","caption":"mathias.rinka"},"url":"https:\/\/www.immobilienbusiness.ch\/en\/author\/mathias-rinka\/"}]}},"_links":{"self":[{"href":"https:\/\/www.immobilienbusiness.ch\/en\/wp-json\/wp\/v2\/posts\/9374","targetHints":{"allow":["GET"]}}],"collection":[{"href":"https:\/\/www.immobilienbusiness.ch\/en\/wp-json\/wp\/v2\/posts"}],"about":[{"href":"https:\/\/www.immobilienbusiness.ch\/en\/wp-json\/wp\/v2\/types\/post"}],"author":[{"embeddable":true,"href":"https:\/\/www.immobilienbusiness.ch\/en\/wp-json\/wp\/v2\/users\/4"}],"replies":[{"embeddable":true,"href":"https:\/\/www.immobilienbusiness.ch\/en\/wp-json\/wp\/v2\/comments?post=9374"}],"version-history":[{"count":0,"href":"https:\/\/www.immobilienbusiness.ch\/en\/wp-json\/wp\/v2\/posts\/9374\/revisions"}],"wp:featuredmedia":[{"embeddable":true,"href":"https:\/\/www.immobilienbusiness.ch\/en\/wp-json\/wp\/v2\/media\/9376"}],"wp:attachment":[{"href":"https:\/\/www.immobilienbusiness.ch\/en\/wp-json\/wp\/v2\/media?parent=9374"}],"wp:term":[{"taxonomy":"category","embeddable":true,"href":"https:\/\/www.immobilienbusiness.ch\/en\/wp-json\/wp\/v2\/categories?post=9374"},{"taxonomy":"post_tag","embeddable":true,"href":"https:\/\/www.immobilienbusiness.ch\/en\/wp-json\/wp\/v2\/tags?post=9374"}],"curies":[{"name":"wp","href":"https:\/\/api.w.org\/{rel}","templated":true}]}}