{"id":9017,"date":"2017-09-08T08:41:50","date_gmt":"2017-09-08T06:41:50","guid":{"rendered":"https:\/\/www.immobilienbusiness.ch\/?p=9017"},"modified":"2017-09-08T08:41:50","modified_gmt":"2017-09-08T06:41:50","slug":"helvetica-swiss-commercial-kapitalerhoehung-und-boersengang","status":"publish","type":"post","link":"https:\/\/www.immobilienbusiness.ch\/en\/unternehmen\/2017-09-08\/helvetica-swiss-commercial-kapitalerhoehung-und-boersengang\/","title":{"rendered":"Helvetica Swiss Commercial: Capital increase and IPO"},"content":{"rendered":"<figure id=\"attachment_8753\" aria-describedby=\"caption-attachment-8753\" style=\"width: 680px\" class=\"wp-caption alignnone\"><img loading=\"lazy\" decoding=\"async\" class=\"size-medium wp-image-8753\" src=\"https:\/\/www.immobilienbusiness.ch\/wp-content\/uploads\/2017\/08\/IB-News-18082017-PSP-Swiss-Property-Gesch\u00e4ftszahlen-H1-2017.jpg\" alt=\"\" width=\"680\" height=\"453\" \/><figcaption id=\"caption-attachment-8753\" class=\"wp-caption-text\">The Helvetica Swiss Commercial fund is planning a capital increase and aims to go public (Image: Pixabay)<\/figcaption><\/figure>\n<p>According to the fund management company Helvetica Property Investors, there is a \"high quality acquisition pipeline\", which is why the company is considering a capital increase in the fourth quarter of 2017. The issue proceeds are to be used to further expand the real estate portfolio and improve the diversification of Helvetica Swiss Commercial.<\/p>\n<p>In addition, the fund is scheduled to go public by mid-2019 at the latest.<\/p>\n<p>The HSC was launched in 2016 and is a contractual investment fund under Swiss law for qualified investors. The fund's assets are invested in properties with appreciation potential in the main economic areas of Switzerland. According to the fund management, the core of the investments are properties that offer an attractive operating return and are potentially undervalued.<\/p>","protected":false},"excerpt":{"rendered":"<p>Helvetica Property Investors intends to carry out a capital increase for the Helvetica Swiss Commercial real estate fund in the fourth quarter of this year. An IPO is also planned.<\/p>","protected":false},"author":3,"featured_media":8753,"comment_status":"open","ping_status":"open","sticky":false,"template":"","format":"standard","meta":{"_acf_changed":false,"_yoast_wpseo_focuskw":"Helvetica Swiss Commercial","_yoast_wpseo_title":"","_yoast_wpseo_metadesc":"F\u00fcr den Immobilienfonds Helvetica Swiss Commercial ist im vierten Quartal dieses Jahres eine Kapitalerh\u00f6hung geplant. Zudem soll der Fonds an die B\u00f6rse.","_yoast_wpseo_linkdex":58,"pgc_sgb_lightbox_settings":"","footnotes":""},"categories":[988],"tags":[1108,1344,1412,1807],"class_list":["post-9017","post","type-post","status-publish","format-standard","has-post-thumbnail","hentry","category-unternehmen","tag-boersengang","tag-immobilienfonds","tag-kapitalerhoehung","tag-unternehmen"],"acf":[],"yoast_head":"<!-- This site is optimized with the Yoast SEO plugin v27.4 - https:\/\/yoast.com\/product\/yoast-seo-wordpress\/ -->\n<title>Helvetica Swiss Commercial: Kapitalerh\u00f6hung und B\u00f6rsengang - IMMOBILIEN Business<\/title>\n<meta name=\"description\" content=\"F\u00fcr den Immobilienfonds Helvetica Swiss Commercial ist im vierten Quartal dieses Jahres eine Kapitalerh\u00f6hung geplant. Zudem soll der Fonds an die B\u00f6rse.\" \/>\n<meta name=\"robots\" content=\"index, follow, max-snippet:-1, max-image-preview:large, max-video-preview:-1\" \/>\n<link rel=\"canonical\" href=\"https:\/\/www.immobilienbusiness.ch\/en\/unternehmen\/2017-09-08\/helvetica-swiss-commercial-kapitalerhoehung-und-boersengang\/\" \/>\n<meta property=\"og:locale\" content=\"en_US\" \/>\n<meta property=\"og:type\" content=\"article\" \/>\n<meta property=\"og:title\" content=\"Helvetica Swiss Commercial: Kapitalerh\u00f6hung und B\u00f6rsengang\" \/>\n<meta property=\"og:description\" content=\"F\u00fcr den Immobilienfonds Helvetica Swiss Commercial ist im vierten Quartal dieses Jahres eine Kapitalerh\u00f6hung geplant. Zudem soll der Fonds an die B\u00f6rse.\" \/>\n<meta property=\"og:url\" content=\"https:\/\/www.immobilienbusiness.ch\/en\/unternehmen\/2017-09-08\/helvetica-swiss-commercial-kapitalerhoehung-und-boersengang\/\" \/>\n<meta property=\"og:site_name\" content=\"IMMOBILIEN Business\" \/>\n<meta property=\"article:publisher\" content=\"https:\/\/www.facebook.com\/immobilienbusiness\/\" \/>\n<meta property=\"article:published_time\" content=\"2017-09-08T06:41:50+00:00\" \/>\n<meta property=\"og:image\" content=\"https:\/\/www.immobilienbusiness.ch\/wp-content\/uploads\/2017\/08\/IB-News-18082017-PSP-Swiss-Property-Geschaeftszahlen-H1-2017.jpg\" \/>\n\t<meta property=\"og:image:width\" content=\"680\" \/>\n\t<meta property=\"og:image:height\" content=\"453\" \/>\n\t<meta property=\"og:image:type\" content=\"image\/jpeg\" \/>\n<meta name=\"author\" content=\"anja.hall\" \/>\n<meta name=\"twitter:card\" content=\"summary_large_image\" \/>\n<meta name=\"twitter:title\" content=\"Helvetica Swiss Commercial: Kapitalerh\u00f6hung und B\u00f6rsengang\" \/>\n<meta name=\"twitter:description\" content=\"F\u00fcr den Immobilienfonds Helvetica Swiss Commercial ist im vierten Quartal dieses Jahres eine Kapitalerh\u00f6hung geplant. Zudem soll der Fonds an die B\u00f6rse.\" \/>\n<meta name=\"twitter:image\" content=\"https:\/\/www.immobilienbusiness.ch\/wp-content\/uploads\/2017\/08\/IB-News-18082017-PSP-Swiss-Property-Gesch\u00e4ftszahlen-H1-2017.jpg\" \/>\n<script type=\"application\/ld+json\" class=\"yoast-schema-graph\">{\"@context\":\"https:\\\/\\\/schema.org\",\"@graph\":[{\"@type\":\"Article\",\"@id\":\"https:\\\/\\\/www.immobilienbusiness.ch\\\/unternehmen\\\/2017-09-08\\\/helvetica-swiss-commercial-kapitalerhoehung-und-boersengang\\\/#article\",\"isPartOf\":{\"@id\":\"https:\\\/\\\/www.immobilienbusiness.ch\\\/unternehmen\\\/2017-09-08\\\/helvetica-swiss-commercial-kapitalerhoehung-und-boersengang\\\/\"},\"author\":{\"name\":\"anja.hall\",\"@id\":\"https:\\\/\\\/www.immobilienbusiness.ch\\\/#\\\/schema\\\/person\\\/3fc036297b10b9f42d6db5ee932af8c8\"},\"headline\":\"Helvetica Swiss Commercial: Kapitalerh\u00f6hung und B\u00f6rsengang\",\"datePublished\":\"2017-09-08T06:41:50+00:00\",\"mainEntityOfPage\":{\"@id\":\"https:\\\/\\\/www.immobilienbusiness.ch\\\/unternehmen\\\/2017-09-08\\\/helvetica-swiss-commercial-kapitalerhoehung-und-boersengang\\\/\"},\"wordCount\":140,\"commentCount\":0,\"publisher\":{\"@id\":\"https:\\\/\\\/www.immobilienbusiness.ch\\\/#organization\"},\"image\":{\"@id\":\"https:\\\/\\\/www.immobilienbusiness.ch\\\/unternehmen\\\/2017-09-08\\\/helvetica-swiss-commercial-kapitalerhoehung-und-boersengang\\\/#primaryimage\"},\"thumbnailUrl\":\"https:\\\/\\\/www.immobilienbusiness.ch\\\/wp-content\\\/uploads\\\/2017\\\/08\\\/IB-News-18082017-PSP-Swiss-Property-Geschaeftszahlen-H1-2017.jpg\",\"keywords\":[\"B\u00f6rsengang\",\"Immobilienfonds\",\"Kapitalerh\u00f6hung\",\"Unternehmen\"],\"articleSection\":[\"UNTERNEHMEN\"],\"inLanguage\":\"en-US\"},{\"@type\":\"WebPage\",\"@id\":\"https:\\\/\\\/www.immobilienbusiness.ch\\\/unternehmen\\\/2017-09-08\\\/helvetica-swiss-commercial-kapitalerhoehung-und-boersengang\\\/\",\"url\":\"https:\\\/\\\/www.immobilienbusiness.ch\\\/unternehmen\\\/2017-09-08\\\/helvetica-swiss-commercial-kapitalerhoehung-und-boersengang\\\/\",\"name\":\"Helvetica Swiss Commercial: Kapitalerh\u00f6hung und B\u00f6rsengang - IMMOBILIEN Business\",\"isPartOf\":{\"@id\":\"https:\\\/\\\/www.immobilienbusiness.ch\\\/#website\"},\"primaryImageOfPage\":{\"@id\":\"https:\\\/\\\/www.immobilienbusiness.ch\\\/unternehmen\\\/2017-09-08\\\/helvetica-swiss-commercial-kapitalerhoehung-und-boersengang\\\/#primaryimage\"},\"image\":{\"@id\":\"https:\\\/\\\/www.immobilienbusiness.ch\\\/unternehmen\\\/2017-09-08\\\/helvetica-swiss-commercial-kapitalerhoehung-und-boersengang\\\/#primaryimage\"},\"thumbnailUrl\":\"https:\\\/\\\/www.immobilienbusiness.ch\\\/wp-content\\\/uploads\\\/2017\\\/08\\\/IB-News-18082017-PSP-Swiss-Property-Geschaeftszahlen-H1-2017.jpg\",\"datePublished\":\"2017-09-08T06:41:50+00:00\",\"description\":\"F\u00fcr den Immobilienfonds Helvetica Swiss Commercial ist im vierten Quartal dieses Jahres eine Kapitalerh\u00f6hung geplant. Zudem soll der Fonds an die B\u00f6rse.\",\"breadcrumb\":{\"@id\":\"https:\\\/\\\/www.immobilienbusiness.ch\\\/unternehmen\\\/2017-09-08\\\/helvetica-swiss-commercial-kapitalerhoehung-und-boersengang\\\/#breadcrumb\"},\"inLanguage\":\"en-US\",\"potentialAction\":[{\"@type\":\"ReadAction\",\"target\":[\"https:\\\/\\\/www.immobilienbusiness.ch\\\/unternehmen\\\/2017-09-08\\\/helvetica-swiss-commercial-kapitalerhoehung-und-boersengang\\\/\"]}]},{\"@type\":\"ImageObject\",\"inLanguage\":\"en-US\",\"@id\":\"https:\\\/\\\/www.immobilienbusiness.ch\\\/unternehmen\\\/2017-09-08\\\/helvetica-swiss-commercial-kapitalerhoehung-und-boersengang\\\/#primaryimage\",\"url\":\"https:\\\/\\\/www.immobilienbusiness.ch\\\/wp-content\\\/uploads\\\/2017\\\/08\\\/IB-News-18082017-PSP-Swiss-Property-Geschaeftszahlen-H1-2017.jpg\",\"contentUrl\":\"https:\\\/\\\/www.immobilienbusiness.ch\\\/wp-content\\\/uploads\\\/2017\\\/08\\\/IB-News-18082017-PSP-Swiss-Property-Geschaeftszahlen-H1-2017.jpg\",\"width\":680,\"height\":453,\"caption\":\"Ein neuer Immobilienfonds ist mit betr\u00e4chtlichem Startkapital an den Markt gegangen (Bild: Pixabay)\"},{\"@type\":\"BreadcrumbList\",\"@id\":\"https:\\\/\\\/www.immobilienbusiness.ch\\\/unternehmen\\\/2017-09-08\\\/helvetica-swiss-commercial-kapitalerhoehung-und-boersengang\\\/#breadcrumb\",\"itemListElement\":[{\"@type\":\"ListItem\",\"position\":1,\"name\":\"Home\",\"item\":\"https:\\\/\\\/www.immobilienbusiness.ch\\\/\"},{\"@type\":\"ListItem\",\"position\":2,\"name\":\"Helvetica Swiss Commercial: Kapitalerh\u00f6hung und B\u00f6rsengang\"}]},{\"@type\":\"WebSite\",\"@id\":\"https:\\\/\\\/www.immobilienbusiness.ch\\\/#website\",\"url\":\"https:\\\/\\\/www.immobilienbusiness.ch\\\/\",\"name\":\"IMMOBILIEN Business\",\"description\":\"Unabh\u00e4ngiges Schweizer Wirtschaftsmagazin mit Fokus auf Immobilien, Architektur- und Bau sowie Investment- und Finanzierung.\",\"publisher\":{\"@id\":\"https:\\\/\\\/www.immobilienbusiness.ch\\\/#organization\"},\"potentialAction\":[{\"@type\":\"SearchAction\",\"target\":{\"@type\":\"EntryPoint\",\"urlTemplate\":\"https:\\\/\\\/www.immobilienbusiness.ch\\\/?s={search_term_string}\"},\"query-input\":{\"@type\":\"PropertyValueSpecification\",\"valueRequired\":true,\"valueName\":\"search_term_string\"}}],\"inLanguage\":\"en-US\"},{\"@type\":\"Organization\",\"@id\":\"https:\\\/\\\/www.immobilienbusiness.ch\\\/#organization\",\"name\":\"IMMOBILIEN Business\",\"url\":\"https:\\\/\\\/www.immobilienbusiness.ch\\\/\",\"logo\":{\"@type\":\"ImageObject\",\"inLanguage\":\"en-US\",\"@id\":\"https:\\\/\\\/www.immobilienbusiness.ch\\\/#\\\/schema\\\/logo\\\/image\\\/\",\"url\":\"https:\\\/\\\/www.immobilienbusiness.ch\\\/wp-content\\\/uploads\\\/2021\\\/07\\\/logo_ib.png\",\"contentUrl\":\"https:\\\/\\\/www.immobilienbusiness.ch\\\/wp-content\\\/uploads\\\/2021\\\/07\\\/logo_ib.png\",\"width\":800,\"height\":181,\"caption\":\"IMMOBILIEN Business\"},\"image\":{\"@id\":\"https:\\\/\\\/www.immobilienbusiness.ch\\\/#\\\/schema\\\/logo\\\/image\\\/\"},\"sameAs\":[\"https:\\\/\\\/www.facebook.com\\\/immobilienbusiness\\\/\"]},{\"@type\":\"Person\",\"@id\":\"https:\\\/\\\/www.immobilienbusiness.ch\\\/#\\\/schema\\\/person\\\/3fc036297b10b9f42d6db5ee932af8c8\",\"name\":\"anja.hall\",\"image\":{\"@type\":\"ImageObject\",\"inLanguage\":\"en-US\",\"@id\":\"https:\\\/\\\/secure.gravatar.com\\\/avatar\\\/066b5a0d447013502c71a5782f4f3469f03cfe595cc2329fb94652fe47511bfb?s=96&d=mm&r=g\",\"url\":\"https:\\\/\\\/secure.gravatar.com\\\/avatar\\\/066b5a0d447013502c71a5782f4f3469f03cfe595cc2329fb94652fe47511bfb?s=96&d=mm&r=g\",\"contentUrl\":\"https:\\\/\\\/secure.gravatar.com\\\/avatar\\\/066b5a0d447013502c71a5782f4f3469f03cfe595cc2329fb94652fe47511bfb?s=96&d=mm&r=g\",\"caption\":\"anja.hall\"},\"url\":\"https:\\\/\\\/www.immobilienbusiness.ch\\\/en\\\/author\\\/anja-hall\\\/\"}]}<\/script>\n<!-- \/ Yoast SEO plugin. -->","yoast_head_json":{"title":"Helvetica Swiss Commercial: Kapitalerh\u00f6hung und B\u00f6rsengang - IMMOBILIEN Business","description":"F\u00fcr den Immobilienfonds Helvetica Swiss Commercial ist im vierten Quartal dieses Jahres eine Kapitalerh\u00f6hung geplant. Zudem soll der Fonds an die B\u00f6rse.","robots":{"index":"index","follow":"follow","max-snippet":"max-snippet:-1","max-image-preview":"max-image-preview:large","max-video-preview":"max-video-preview:-1"},"canonical":"https:\/\/www.immobilienbusiness.ch\/en\/unternehmen\/2017-09-08\/helvetica-swiss-commercial-kapitalerhoehung-und-boersengang\/","og_locale":"en_US","og_type":"article","og_title":"Helvetica Swiss Commercial: Kapitalerh\u00f6hung und B\u00f6rsengang","og_description":"F\u00fcr den Immobilienfonds Helvetica Swiss Commercial ist im vierten Quartal dieses Jahres eine Kapitalerh\u00f6hung geplant. Zudem soll der Fonds an die B\u00f6rse.","og_url":"https:\/\/www.immobilienbusiness.ch\/en\/unternehmen\/2017-09-08\/helvetica-swiss-commercial-kapitalerhoehung-und-boersengang\/","og_site_name":"IMMOBILIEN Business","article_publisher":"https:\/\/www.facebook.com\/immobilienbusiness\/","article_published_time":"2017-09-08T06:41:50+00:00","og_image":[{"width":680,"height":453,"url":"https:\/\/www.immobilienbusiness.ch\/wp-content\/uploads\/2017\/08\/IB-News-18082017-PSP-Swiss-Property-Geschaeftszahlen-H1-2017.jpg","type":"image\/jpeg"}],"author":"anja.hall","twitter_card":"summary_large_image","twitter_title":"Helvetica Swiss Commercial: Kapitalerh\u00f6hung und B\u00f6rsengang","twitter_description":"F\u00fcr den Immobilienfonds Helvetica Swiss Commercial ist im vierten Quartal dieses Jahres eine Kapitalerh\u00f6hung geplant. Zudem soll der Fonds an die B\u00f6rse.","twitter_image":"https:\/\/www.immobilienbusiness.ch\/wp-content\/uploads\/2017\/08\/IB-News-18082017-PSP-Swiss-Property-Gesch\u00e4ftszahlen-H1-2017.jpg","schema":{"@context":"https:\/\/schema.org","@graph":[{"@type":"Article","@id":"https:\/\/www.immobilienbusiness.ch\/unternehmen\/2017-09-08\/helvetica-swiss-commercial-kapitalerhoehung-und-boersengang\/#article","isPartOf":{"@id":"https:\/\/www.immobilienbusiness.ch\/unternehmen\/2017-09-08\/helvetica-swiss-commercial-kapitalerhoehung-und-boersengang\/"},"author":{"name":"anja.hall","@id":"https:\/\/www.immobilienbusiness.ch\/#\/schema\/person\/3fc036297b10b9f42d6db5ee932af8c8"},"headline":"Helvetica Swiss Commercial: Kapitalerh\u00f6hung und B\u00f6rsengang","datePublished":"2017-09-08T06:41:50+00:00","mainEntityOfPage":{"@id":"https:\/\/www.immobilienbusiness.ch\/unternehmen\/2017-09-08\/helvetica-swiss-commercial-kapitalerhoehung-und-boersengang\/"},"wordCount":140,"commentCount":0,"publisher":{"@id":"https:\/\/www.immobilienbusiness.ch\/#organization"},"image":{"@id":"https:\/\/www.immobilienbusiness.ch\/unternehmen\/2017-09-08\/helvetica-swiss-commercial-kapitalerhoehung-und-boersengang\/#primaryimage"},"thumbnailUrl":"https:\/\/www.immobilienbusiness.ch\/wp-content\/uploads\/2017\/08\/IB-News-18082017-PSP-Swiss-Property-Geschaeftszahlen-H1-2017.jpg","keywords":["B\u00f6rsengang","Immobilienfonds","Kapitalerh\u00f6hung","Unternehmen"],"articleSection":["UNTERNEHMEN"],"inLanguage":"en-US"},{"@type":"WebPage","@id":"https:\/\/www.immobilienbusiness.ch\/unternehmen\/2017-09-08\/helvetica-swiss-commercial-kapitalerhoehung-und-boersengang\/","url":"https:\/\/www.immobilienbusiness.ch\/unternehmen\/2017-09-08\/helvetica-swiss-commercial-kapitalerhoehung-und-boersengang\/","name":"Helvetica Swiss Commercial: Kapitalerh\u00f6hung und B\u00f6rsengang - IMMOBILIEN Business","isPartOf":{"@id":"https:\/\/www.immobilienbusiness.ch\/#website"},"primaryImageOfPage":{"@id":"https:\/\/www.immobilienbusiness.ch\/unternehmen\/2017-09-08\/helvetica-swiss-commercial-kapitalerhoehung-und-boersengang\/#primaryimage"},"image":{"@id":"https:\/\/www.immobilienbusiness.ch\/unternehmen\/2017-09-08\/helvetica-swiss-commercial-kapitalerhoehung-und-boersengang\/#primaryimage"},"thumbnailUrl":"https:\/\/www.immobilienbusiness.ch\/wp-content\/uploads\/2017\/08\/IB-News-18082017-PSP-Swiss-Property-Geschaeftszahlen-H1-2017.jpg","datePublished":"2017-09-08T06:41:50+00:00","description":"F\u00fcr den Immobilienfonds Helvetica Swiss Commercial ist im vierten Quartal dieses Jahres eine Kapitalerh\u00f6hung geplant. Zudem soll der Fonds an die B\u00f6rse.","breadcrumb":{"@id":"https:\/\/www.immobilienbusiness.ch\/unternehmen\/2017-09-08\/helvetica-swiss-commercial-kapitalerhoehung-und-boersengang\/#breadcrumb"},"inLanguage":"en-US","potentialAction":[{"@type":"ReadAction","target":["https:\/\/www.immobilienbusiness.ch\/unternehmen\/2017-09-08\/helvetica-swiss-commercial-kapitalerhoehung-und-boersengang\/"]}]},{"@type":"ImageObject","inLanguage":"en-US","@id":"https:\/\/www.immobilienbusiness.ch\/unternehmen\/2017-09-08\/helvetica-swiss-commercial-kapitalerhoehung-und-boersengang\/#primaryimage","url":"https:\/\/www.immobilienbusiness.ch\/wp-content\/uploads\/2017\/08\/IB-News-18082017-PSP-Swiss-Property-Geschaeftszahlen-H1-2017.jpg","contentUrl":"https:\/\/www.immobilienbusiness.ch\/wp-content\/uploads\/2017\/08\/IB-News-18082017-PSP-Swiss-Property-Geschaeftszahlen-H1-2017.jpg","width":680,"height":453,"caption":"Ein neuer Immobilienfonds ist mit betr\u00e4chtlichem Startkapital an den Markt gegangen (Bild: Pixabay)"},{"@type":"BreadcrumbList","@id":"https:\/\/www.immobilienbusiness.ch\/unternehmen\/2017-09-08\/helvetica-swiss-commercial-kapitalerhoehung-und-boersengang\/#breadcrumb","itemListElement":[{"@type":"ListItem","position":1,"name":"Home","item":"https:\/\/www.immobilienbusiness.ch\/"},{"@type":"ListItem","position":2,"name":"Helvetica Swiss Commercial: Kapitalerh\u00f6hung und B\u00f6rsengang"}]},{"@type":"WebSite","@id":"https:\/\/www.immobilienbusiness.ch\/#website","url":"https:\/\/www.immobilienbusiness.ch\/","name":"REAL ESTATE Business","description":"Independent Swiss business magazine focusing on real estate, architecture and construction as well as investment and financing.","publisher":{"@id":"https:\/\/www.immobilienbusiness.ch\/#organization"},"potentialAction":[{"@type":"SearchAction","target":{"@type":"EntryPoint","urlTemplate":"https:\/\/www.immobilienbusiness.ch\/?s={search_term_string}"},"query-input":{"@type":"PropertyValueSpecification","valueRequired":true,"valueName":"search_term_string"}}],"inLanguage":"en-US"},{"@type":"Organization","@id":"https:\/\/www.immobilienbusiness.ch\/#organization","name":"REAL ESTATE Business","url":"https:\/\/www.immobilienbusiness.ch\/","logo":{"@type":"ImageObject","inLanguage":"en-US","@id":"https:\/\/www.immobilienbusiness.ch\/#\/schema\/logo\/image\/","url":"https:\/\/www.immobilienbusiness.ch\/wp-content\/uploads\/2021\/07\/logo_ib.png","contentUrl":"https:\/\/www.immobilienbusiness.ch\/wp-content\/uploads\/2021\/07\/logo_ib.png","width":800,"height":181,"caption":"IMMOBILIEN Business"},"image":{"@id":"https:\/\/www.immobilienbusiness.ch\/#\/schema\/logo\/image\/"},"sameAs":["https:\/\/www.facebook.com\/immobilienbusiness\/"]},{"@type":"Person","@id":"https:\/\/www.immobilienbusiness.ch\/#\/schema\/person\/3fc036297b10b9f42d6db5ee932af8c8","name":"anja.hall","image":{"@type":"ImageObject","inLanguage":"en-US","@id":"https:\/\/secure.gravatar.com\/avatar\/066b5a0d447013502c71a5782f4f3469f03cfe595cc2329fb94652fe47511bfb?s=96&d=mm&r=g","url":"https:\/\/secure.gravatar.com\/avatar\/066b5a0d447013502c71a5782f4f3469f03cfe595cc2329fb94652fe47511bfb?s=96&d=mm&r=g","contentUrl":"https:\/\/secure.gravatar.com\/avatar\/066b5a0d447013502c71a5782f4f3469f03cfe595cc2329fb94652fe47511bfb?s=96&d=mm&r=g","caption":"anja.hall"},"url":"https:\/\/www.immobilienbusiness.ch\/en\/author\/anja-hall\/"}]}},"_links":{"self":[{"href":"https:\/\/www.immobilienbusiness.ch\/en\/wp-json\/wp\/v2\/posts\/9017","targetHints":{"allow":["GET"]}}],"collection":[{"href":"https:\/\/www.immobilienbusiness.ch\/en\/wp-json\/wp\/v2\/posts"}],"about":[{"href":"https:\/\/www.immobilienbusiness.ch\/en\/wp-json\/wp\/v2\/types\/post"}],"author":[{"embeddable":true,"href":"https:\/\/www.immobilienbusiness.ch\/en\/wp-json\/wp\/v2\/users\/3"}],"replies":[{"embeddable":true,"href":"https:\/\/www.immobilienbusiness.ch\/en\/wp-json\/wp\/v2\/comments?post=9017"}],"version-history":[{"count":0,"href":"https:\/\/www.immobilienbusiness.ch\/en\/wp-json\/wp\/v2\/posts\/9017\/revisions"}],"wp:featuredmedia":[{"embeddable":true,"href":"https:\/\/www.immobilienbusiness.ch\/en\/wp-json\/wp\/v2\/media\/8753"}],"wp:attachment":[{"href":"https:\/\/www.immobilienbusiness.ch\/en\/wp-json\/wp\/v2\/media?parent=9017"}],"wp:term":[{"taxonomy":"category","embeddable":true,"href":"https:\/\/www.immobilienbusiness.ch\/en\/wp-json\/wp\/v2\/categories?post=9017"},{"taxonomy":"post_tag","embeddable":true,"href":"https:\/\/www.immobilienbusiness.ch\/en\/wp-json\/wp\/v2\/tags?post=9017"}],"curies":[{"name":"wp","href":"https:\/\/api.w.org\/{rel}","templated":true}]}}